{"id":10019,"date":"2018-05-08T08:38:50","date_gmt":"2018-05-08T08:38:50","guid":{"rendered":"https:\/\/www.vegaintro-projekti.com\/pilar-stari\/?p=10019"},"modified":"2019-08-22T13:50:44","modified_gmt":"2019-08-22T13:50:44","slug":"kliofest-2018-predstavljanje-projekta-stradanje-roma-u-hrvatskoj-u-drugom-svjetskom-ratu","status":"publish","type":"post","link":"https:\/\/www.vegaintro-projekti.com\/pilar-stari\/2018\/05\/kliofest-2018-predstavljanje-projekta-stradanje-roma-u-hrvatskoj-u-drugom-svjetskom-ratu\/","title":{"rendered":"KLIOFEST 2018.: Predstavljanje projekta &#8220;Stradanje Roma u Hrvatskoj u Drugom svjetskom ratu&#8221;"},"content":{"rendered":"<p><strong>U skopu Festivala povijesti KLIOFEST 2018. u \u010detvrtak, 10. svibnja 2018. u Nacionalnoj i sveu\u010dili\u0161noj knji\u017enici od 10:15 do 11:00 odr\u017eat \u0107e se predstavljanje projekta Stradanje Roma u Hrvatskoj u Drugom svjetskom ratu: dokumenti, sje\u0107anja, obrazovanje. Na predstavljanju \u0107e sudjelovati Neven Kova\u010dev, Goran Lapat, Ivo Pejakovi\u0107 i Danijel Vojak (voditelj projekta).<\/strong> &#8211; Pozivnica<\/p>\n<p><a href=\"https:\/\/www.vegaintro-projekti.com\/pilar-stari\/wp-content\/uploads\/2018\/05\/Kliofest_2018_Pozivnica.jpg\"><img decoding=\"async\" loading=\"lazy\" class=\"alignnone wp-image-10016 size-full\" src=\"https:\/\/www.vegaintro-projekti.com\/pilar-stari\/wp-content\/uploads\/2018\/05\/Kliofest_2018_Pozivnica.jpg\" alt=\"\" width=\"640\" height=\"301\" srcset=\"https:\/\/www.vegaintro-projekti.com\/pilar-stari\/wp-content\/uploads\/2018\/05\/Kliofest_2018_Pozivnica.jpg 640w, https:\/\/www.vegaintro-projekti.com\/pilar-stari\/wp-content\/uploads\/2018\/05\/Kliofest_2018_Pozivnica-300x141.jpg 300w\" sizes=\"(max-width: 640px) 100vw, 640px\" \/><\/a><\/p>\n<p>&#8211; <a href=\"https:\/\/www.vegaintro-projekti.com\/pilar-stari\/wp-content\/uploads\/2018\/05\/Kliofest_2018_Pozivnica.jpg\">Pozivnica za predstavljanje projekta &#8220;Stradanje Roma u Hrvatskoj u Drugom svjetskom ratu&#8221;; Zagreb, 10. svibnja 2018.<\/a><\/p>\n<blockquote><p><a href=\"https:\/\/www.vegaintro-projekti.com\/pilar-stari\/wp-content\/uploads\/2018\/05\/Kliofest_2018_Deplijan.pdf\">Kliofest 2018. &#8211; Deplijan<\/a><br \/>\n<a href=\"https:\/\/www.vegaintro-projekti.com\/pilar-stari\/wp-content\/uploads\/2018\/05\/Kliofest_2018_Programska_knji\u017eica.pdf\">Kliofest 2018. &#8211; Programska knji\u017eica<\/a><\/p>\n<p><a href=\"https:\/\/www.vegaintro-projekti.com\/pilar-stari\/2015\/02\/stradanje-roma-na-podrucju-nezavisne-drzave-hrvatske-za-vrijeme-drugog-svjetskog-rata\/\">Projekt Stradanje Roma u Hrvatskoj u Drugom svjetskom ratu<\/a><\/p><\/blockquote>\n","protected":false},"excerpt":{"rendered":"<p>U skopu Festivala povijesti KLIOFEST 2018. u \u010detvrtak, 10. svibnja 2018. u Nacionalnoj i sveu\u010dili\u0161noj knji\u017enici od 10:15 do 11:00 odr\u017eat \u0107e se predstavljanje projekta Stradanje Roma u Hrvatskoj u Drugom svjetskom ratu: dokumenti, sje\u0107anja, obrazovanje. Na predstavljanju \u0107e sudjelovati Neven Kova\u010dev, Goran Lapat, Ivo Pejakovi\u0107 i Danijel Vojak (voditelj projekta). &#8211; Pozivnica &#8211; Pozivnica&hellip; <a class=\"continue\" href=\"https:\/\/www.vegaintro-projekti.com\/pilar-stari\/2018\/05\/kliofest-2018-predstavljanje-projekta-stradanje-roma-u-hrvatskoj-u-drugom-svjetskom-ratu\/\">Pro\u010ditaj vi\u0161e o<span> KLIOFEST 2018.: Predstavljanje projekta &#8220;Stradanje Roma u Hrvatskoj u Drugom svjetskom ratu&#8221;<\/span><\/a><\/p>\n","protected":false},"author":7,"featured_media":10016,"comment_status":"closed","ping_status":"closed","sticky":false,"template":"","format":"standard","meta":{"inline_featured_image":false,"ngg_post_thumbnail":0,"footnotes":""},"categories":[11],"tags":[],"yoast_head":"<!-- This site is optimized with the Yoast SEO plugin v21.2 - https:\/\/yoast.com\/wordpress\/plugins\/seo\/ -->\n<title>KLIOFEST 2018.: Predstavljanje projekta &quot;Stradanje Roma u Hrvatskoj u Drugom svjetskom ratu&quot; - Institut dru&scaron;tvenih znanosti Ivo Pilar<\/title>\n<meta name=\"robots\" content=\"noindex, follow, max-snippet:-1, max-image-preview:large, max-video-preview:-1\" \/>\n<meta property=\"og:locale\" content=\"hr_HR\" \/>\n<meta property=\"og:type\" content=\"article\" \/>\n<meta property=\"og:title\" content=\"KLIOFEST 2018.: Predstavljanje projekta &quot;Stradanje Roma u Hrvatskoj u Drugom svjetskom ratu&quot; - Institut dru&scaron;tvenih znanosti Ivo Pilar\" \/>\n<meta property=\"og:description\" content=\"U skopu Festivala povijesti KLIOFEST 2018. u \u010detvrtak, 10. svibnja 2018. u Nacionalnoj i sveu\u010dili\u0161noj knji\u017enici od 10:15 do 11:00 odr\u017eat \u0107e se predstavljanje projekta Stradanje Roma u Hrvatskoj u Drugom svjetskom ratu: dokumenti, sje\u0107anja, obrazovanje. Na predstavljanju \u0107e sudjelovati Neven Kova\u010dev, Goran Lapat, Ivo Pejakovi\u0107 i Danijel Vojak (voditelj projekta). &#8211; Pozivnica &#8211; Pozivnica&hellip; Pro\u010ditaj vi\u0161e o KLIOFEST 2018.: Predstavljanje projekta &#8220;Stradanje Roma u Hrvatskoj u Drugom svjetskom ratu&#8221;\" \/>\n<meta property=\"og:url\" content=\"https:\/\/www.vegaintro-projekti.com\/pilar-stari\/2018\/05\/kliofest-2018-predstavljanje-projekta-stradanje-roma-u-hrvatskoj-u-drugom-svjetskom-ratu\/\" \/>\n<meta property=\"og:site_name\" content=\"Institut dru&scaron;tvenih znanosti Ivo Pilar\" \/>\n<meta property=\"article:published_time\" content=\"2018-05-08T08:38:50+00:00\" \/>\n<meta property=\"article:modified_time\" content=\"2019-08-22T13:50:44+00:00\" \/>\n<meta property=\"og:image\" content=\"https:\/\/www.vegaintro-projekti.com\/pilar-stari\/wp-content\/uploads\/2018\/05\/Kliofest_2018_Pozivnica.jpg\" \/>\n\t<meta property=\"og:image:width\" content=\"640\" \/>\n\t<meta property=\"og:image:height\" content=\"301\" \/>\n\t<meta property=\"og:image:type\" content=\"image\/jpeg\" \/>\n<meta name=\"author\" content=\"Boris\" \/>\n<meta name=\"twitter:card\" content=\"summary_large_image\" \/>\n<meta name=\"twitter:label1\" content=\"Napisao\/la\" \/>\n\t<meta name=\"twitter:data1\" content=\"Boris\" \/>\n<script type=\"application\/ld+json\" class=\"yoast-schema-graph\">{\"@context\":\"https:\/\/schema.org\",\"@graph\":[{\"@type\":\"WebPage\",\"@id\":\"https:\/\/www.vegaintro-projekti.com\/pilar-stari\/2018\/05\/kliofest-2018-predstavljanje-projekta-stradanje-roma-u-hrvatskoj-u-drugom-svjetskom-ratu\/\",\"url\":\"https:\/\/www.vegaintro-projekti.com\/pilar-stari\/2018\/05\/kliofest-2018-predstavljanje-projekta-stradanje-roma-u-hrvatskoj-u-drugom-svjetskom-ratu\/\",\"name\":\"KLIOFEST 2018.: Predstavljanje projekta \\\"Stradanje Roma u Hrvatskoj u Drugom svjetskom ratu\\\" - Institut dru&scaron;tvenih znanosti Ivo Pilar\",\"isPartOf\":{\"@id\":\"https:\/\/www.vegaintro-projekti.com\/pilar-stari\/#website\"},\"datePublished\":\"2018-05-08T08:38:50+00:00\",\"dateModified\":\"2019-08-22T13:50:44+00:00\",\"author\":{\"@id\":\"https:\/\/www.vegaintro-projekti.com\/pilar-stari\/#\/schema\/person\/ddd404c9f1e15e4ffef5986ac6a5d28b\"},\"breadcrumb\":{\"@id\":\"https:\/\/www.vegaintro-projekti.com\/pilar-stari\/2018\/05\/kliofest-2018-predstavljanje-projekta-stradanje-roma-u-hrvatskoj-u-drugom-svjetskom-ratu\/#breadcrumb\"},\"inLanguage\":\"hr\",\"potentialAction\":[{\"@type\":\"ReadAction\",\"target\":[\"https:\/\/www.vegaintro-projekti.com\/pilar-stari\/2018\/05\/kliofest-2018-predstavljanje-projekta-stradanje-roma-u-hrvatskoj-u-drugom-svjetskom-ratu\/\"]}]},{\"@type\":\"BreadcrumbList\",\"@id\":\"https:\/\/www.vegaintro-projekti.com\/pilar-stari\/2018\/05\/kliofest-2018-predstavljanje-projekta-stradanje-roma-u-hrvatskoj-u-drugom-svjetskom-ratu\/#breadcrumb\",\"itemListElement\":[{\"@type\":\"ListItem\",\"position\":1,\"name\":\"Home\",\"item\":\"https:\/\/www.vegaintro-projekti.com\/pilar-stari\/\"},{\"@type\":\"ListItem\",\"position\":2,\"name\":\"KLIOFEST 2018.: Predstavljanje projekta &#8220;Stradanje Roma u Hrvatskoj u Drugom svjetskom ratu&#8221;\"}]},{\"@type\":\"WebSite\",\"@id\":\"https:\/\/www.vegaintro-projekti.com\/pilar-stari\/#website\",\"url\":\"https:\/\/www.vegaintro-projekti.com\/pilar-stari\/\",\"name\":\"Institut dru&scaron;tvenih znanosti Ivo Pilar\",\"description\":\"Pilar\",\"potentialAction\":[{\"@type\":\"SearchAction\",\"target\":{\"@type\":\"EntryPoint\",\"urlTemplate\":\"https:\/\/www.vegaintro-projekti.com\/pilar-stari\/?s={search_term_string}\"},\"query-input\":\"required name=search_term_string\"}],\"inLanguage\":\"hr\"},{\"@type\":\"Person\",\"@id\":\"https:\/\/www.vegaintro-projekti.com\/pilar-stari\/#\/schema\/person\/ddd404c9f1e15e4ffef5986ac6a5d28b\",\"name\":\"Boris\",\"image\":{\"@type\":\"ImageObject\",\"inLanguage\":\"hr\",\"@id\":\"https:\/\/www.vegaintro-projekti.com\/pilar-stari\/#\/schema\/person\/image\/\",\"url\":\"https:\/\/secure.gravatar.com\/avatar\/29557b161a6ce6ab86ac1503164f1e90?s=96&d=mm&r=g\",\"contentUrl\":\"https:\/\/secure.gravatar.com\/avatar\/29557b161a6ce6ab86ac1503164f1e90?s=96&d=mm&r=g\",\"caption\":\"Boris\"},\"url\":\"https:\/\/www.vegaintro-projekti.com\/pilar-stari\/author\/boris\/\"}]}<\/script>\n<!-- \/ Yoast SEO plugin. -->","yoast_head_json":{"title":"KLIOFEST 2018.: Predstavljanje projekta \"Stradanje Roma u Hrvatskoj u Drugom svjetskom ratu\" - Institut dru&scaron;tvenih znanosti Ivo Pilar","robots":{"index":"noindex","follow":"follow","max-snippet":"max-snippet:-1","max-image-preview":"max-image-preview:large","max-video-preview":"max-video-preview:-1"},"og_locale":"hr_HR","og_type":"article","og_title":"KLIOFEST 2018.: Predstavljanje projekta \"Stradanje Roma u Hrvatskoj u Drugom svjetskom ratu\" - Institut dru&scaron;tvenih znanosti Ivo Pilar","og_description":"U skopu Festivala povijesti KLIOFEST 2018. u \u010detvrtak, 10. svibnja 2018. u Nacionalnoj i sveu\u010dili\u0161noj knji\u017enici od 10:15 do 11:00 odr\u017eat \u0107e se predstavljanje projekta Stradanje Roma u Hrvatskoj u Drugom svjetskom ratu: dokumenti, sje\u0107anja, obrazovanje. Na predstavljanju \u0107e sudjelovati Neven Kova\u010dev, Goran Lapat, Ivo Pejakovi\u0107 i Danijel Vojak (voditelj projekta). &#8211; Pozivnica &#8211; Pozivnica&hellip; Pro\u010ditaj vi\u0161e o KLIOFEST 2018.: Predstavljanje projekta &#8220;Stradanje Roma u Hrvatskoj u Drugom svjetskom ratu&#8221;","og_url":"https:\/\/www.vegaintro-projekti.com\/pilar-stari\/2018\/05\/kliofest-2018-predstavljanje-projekta-stradanje-roma-u-hrvatskoj-u-drugom-svjetskom-ratu\/","og_site_name":"Institut dru&scaron;tvenih znanosti Ivo Pilar","article_published_time":"2018-05-08T08:38:50+00:00","article_modified_time":"2019-08-22T13:50:44+00:00","og_image":[{"width":640,"height":301,"url":"https:\/\/www.vegaintro-projekti.com\/pilar-stari\/wp-content\/uploads\/2018\/05\/Kliofest_2018_Pozivnica.jpg","type":"image\/jpeg"}],"author":"Boris","twitter_card":"summary_large_image","twitter_misc":{"Napisao\/la":"Boris"},"schema":{"@context":"https:\/\/schema.org","@graph":[{"@type":"WebPage","@id":"https:\/\/www.vegaintro-projekti.com\/pilar-stari\/2018\/05\/kliofest-2018-predstavljanje-projekta-stradanje-roma-u-hrvatskoj-u-drugom-svjetskom-ratu\/","url":"https:\/\/www.vegaintro-projekti.com\/pilar-stari\/2018\/05\/kliofest-2018-predstavljanje-projekta-stradanje-roma-u-hrvatskoj-u-drugom-svjetskom-ratu\/","name":"KLIOFEST 2018.: Predstavljanje projekta \"Stradanje Roma u Hrvatskoj u Drugom svjetskom ratu\" - Institut dru&scaron;tvenih znanosti Ivo Pilar","isPartOf":{"@id":"https:\/\/www.vegaintro-projekti.com\/pilar-stari\/#website"},"datePublished":"2018-05-08T08:38:50+00:00","dateModified":"2019-08-22T13:50:44+00:00","author":{"@id":"https:\/\/www.vegaintro-projekti.com\/pilar-stari\/#\/schema\/person\/ddd404c9f1e15e4ffef5986ac6a5d28b"},"breadcrumb":{"@id":"https:\/\/www.vegaintro-projekti.com\/pilar-stari\/2018\/05\/kliofest-2018-predstavljanje-projekta-stradanje-roma-u-hrvatskoj-u-drugom-svjetskom-ratu\/#breadcrumb"},"inLanguage":"hr","potentialAction":[{"@type":"ReadAction","target":["https:\/\/www.vegaintro-projekti.com\/pilar-stari\/2018\/05\/kliofest-2018-predstavljanje-projekta-stradanje-roma-u-hrvatskoj-u-drugom-svjetskom-ratu\/"]}]},{"@type":"BreadcrumbList","@id":"https:\/\/www.vegaintro-projekti.com\/pilar-stari\/2018\/05\/kliofest-2018-predstavljanje-projekta-stradanje-roma-u-hrvatskoj-u-drugom-svjetskom-ratu\/#breadcrumb","itemListElement":[{"@type":"ListItem","position":1,"name":"Home","item":"https:\/\/www.vegaintro-projekti.com\/pilar-stari\/"},{"@type":"ListItem","position":2,"name":"KLIOFEST 2018.: Predstavljanje projekta &#8220;Stradanje Roma u Hrvatskoj u Drugom svjetskom ratu&#8221;"}]},{"@type":"WebSite","@id":"https:\/\/www.vegaintro-projekti.com\/pilar-stari\/#website","url":"https:\/\/www.vegaintro-projekti.com\/pilar-stari\/","name":"Institut dru&scaron;tvenih znanosti Ivo Pilar","description":"Pilar","potentialAction":[{"@type":"SearchAction","target":{"@type":"EntryPoint","urlTemplate":"https:\/\/www.vegaintro-projekti.com\/pilar-stari\/?s={search_term_string}"},"query-input":"required name=search_term_string"}],"inLanguage":"hr"},{"@type":"Person","@id":"https:\/\/www.vegaintro-projekti.com\/pilar-stari\/#\/schema\/person\/ddd404c9f1e15e4ffef5986ac6a5d28b","name":"Boris","image":{"@type":"ImageObject","inLanguage":"hr","@id":"https:\/\/www.vegaintro-projekti.com\/pilar-stari\/#\/schema\/person\/image\/","url":"https:\/\/secure.gravatar.com\/avatar\/29557b161a6ce6ab86ac1503164f1e90?s=96&d=mm&r=g","contentUrl":"https:\/\/secure.gravatar.com\/avatar\/29557b161a6ce6ab86ac1503164f1e90?s=96&d=mm&r=g","caption":"Boris"},"url":"https:\/\/www.vegaintro-projekti.com\/pilar-stari\/author\/boris\/"}]}},"_links":{"self":[{"href":"https:\/\/www.vegaintro-projekti.com\/pilar-stari\/wp-json\/wp\/v2\/posts\/10019"}],"collection":[{"href":"https:\/\/www.vegaintro-projekti.com\/pilar-stari\/wp-json\/wp\/v2\/posts"}],"about":[{"href":"https:\/\/www.vegaintro-projekti.com\/pilar-stari\/wp-json\/wp\/v2\/types\/post"}],"author":[{"embeddable":true,"href":"https:\/\/www.vegaintro-projekti.com\/pilar-stari\/wp-json\/wp\/v2\/users\/7"}],"replies":[{"embeddable":true,"href":"https:\/\/www.vegaintro-projekti.com\/pilar-stari\/wp-json\/wp\/v2\/comments?post=10019"}],"version-history":[{"count":2,"href":"https:\/\/www.vegaintro-projekti.com\/pilar-stari\/wp-json\/wp\/v2\/posts\/10019\/revisions"}],"predecessor-version":[{"id":10029,"href":"https:\/\/www.vegaintro-projekti.com\/pilar-stari\/wp-json\/wp\/v2\/posts\/10019\/revisions\/10029"}],"wp:featuredmedia":[{"embeddable":true,"href":"https:\/\/www.vegaintro-projekti.com\/pilar-stari\/wp-json\/wp\/v2\/media\/10016"}],"wp:attachment":[{"href":"https:\/\/www.vegaintro-projekti.com\/pilar-stari\/wp-json\/wp\/v2\/media?parent=10019"}],"wp:term":[{"taxonomy":"category","embeddable":true,"href":"https:\/\/www.vegaintro-projekti.com\/pilar-stari\/wp-json\/wp\/v2\/categories?post=10019"},{"taxonomy":"post_tag","embeddable":true,"href":"https:\/\/www.vegaintro-projekti.com\/pilar-stari\/wp-json\/wp\/v2\/tags?post=10019"}],"curies":[{"name":"wp","href":"https:\/\/api.w.org\/{rel}","templated":true}]}}