{"id":10045,"date":"2018-05-09T12:54:02","date_gmt":"2018-05-09T12:54:02","guid":{"rendered":"https:\/\/www.vegaintro-projekti.com\/pilar-stari\/?p=10045"},"modified":"2019-08-22T13:51:55","modified_gmt":"2019-08-22T13:51:55","slug":"predstavljanje-zbornika-hrvatsko-drustvo-25-godina-nakon-vukovara-91-15-5-2018","status":"publish","type":"post","link":"https:\/\/www.vegaintro-projekti.com\/pilar-stari\/2018\/05\/predstavljanje-zbornika-hrvatsko-drustvo-25-godina-nakon-vukovara-91-15-5-2018\/","title":{"rendered":"Predstavljanje zbornika HRVATSKO DRU\u0160TVO: 25 GODINA NAKON VUKOVARA &#8217;91.; 15. 5. 2018."},"content":{"rendered":"<p><strong>U zajedni\u010dkoj organizaciji Podru\u010dnoga centra Instituta Pilar u Vukovaru, Dr\u017eavnoga arhiva u Vukovaru i vukovarskog ogranka Matice hrvatske, u Vukovaru je 15. svibnja 2018. godine sve\u010dano predstavljen zbornik radova HRVATSKO DRU\u0160TVO: 25 GODINA NAKON VUKOVARA 91. Rije\u010d je o zborniku radova sa istoimenog 19. znanstveno-stru\u010dnog skupa &#8220;Vukovar 91. &#8211; dvadeset i pet godina poslije&#8221; koji je u Vukovaru odr\u017ean u studenom 2016. godine. Zbornik su predstavili dr. sc. Ivo D\u017eini\u0107, izvanredni profesor na Hrvatskim studijima Sveu\u010dili\u0161ta u Zagrebu, dr. sc. Vlasta Novinc, upraviteljica Zavoda za znanstvenoistra\u017eiva\u010dki i umjetni\u010dki rad HAZU u Vukovaru i dr. sc. Mateo \u017dani\u0107, znanstveni suradnik u Podru\u010dnom centru Instituta Pilar u Vukovaru, ujedno i jedan od urednika Zbornika. \u2212 <\/strong><a href=\"https:\/\/www.vegaintro-projekti.com\/pilar-stari\/2018\/05\/objavljen-zbornik-hrvatsko-drustvo-25-godina-nakon-vukovara-91\/\">O zborniku<\/a><\/p>\n<p><a href=\"https:\/\/www.vegaintro-projekti.com\/pilar-stari\/wp-content\/uploads\/2018\/05\/DSC_0012.jpg\"><img decoding=\"async\" loading=\"lazy\" class=\"alignnone wp-image-10096 size-full\" src=\"https:\/\/www.vegaintro-projekti.com\/pilar-stari\/wp-content\/uploads\/2018\/05\/DSC_0012_s.jpg\" alt=\"\" width=\"310\" height=\"174\" srcset=\"https:\/\/www.vegaintro-projekti.com\/pilar-stari\/wp-content\/uploads\/2018\/05\/DSC_0012_s.jpg 310w, https:\/\/www.vegaintro-projekti.com\/pilar-stari\/wp-content\/uploads\/2018\/05\/DSC_0012_s-300x168.jpg 300w\" sizes=\"(max-width: 310px) 100vw, 310px\" \/><\/a><a href=\"https:\/\/www.vegaintro-projekti.com\/pilar-stari\/wp-content\/uploads\/2018\/05\/DSC_0017.jpg\"><img decoding=\"async\" loading=\"lazy\" class=\"alignnone wp-image-10098 size-full\" src=\"https:\/\/www.vegaintro-projekti.com\/pilar-stari\/wp-content\/uploads\/2018\/05\/DSC_0017_s.jpg\" alt=\"\" width=\"310\" height=\"174\" srcset=\"https:\/\/www.vegaintro-projekti.com\/pilar-stari\/wp-content\/uploads\/2018\/05\/DSC_0017_s.jpg 310w, https:\/\/www.vegaintro-projekti.com\/pilar-stari\/wp-content\/uploads\/2018\/05\/DSC_0017_s-300x168.jpg 300w\" sizes=\"(max-width: 310px) 100vw, 310px\" \/><\/a><a href=\"https:\/\/www.vegaintro-projekti.com\/pilar-stari\/wp-content\/uploads\/2018\/05\/DSC_0021.jpg\"><img decoding=\"async\" loading=\"lazy\" class=\"alignnone wp-image-10100 size-full\" src=\"https:\/\/www.vegaintro-projekti.com\/pilar-stari\/wp-content\/uploads\/2018\/05\/DSC_0021_s.jpg\" alt=\"\" width=\"640\" height=\"360\" srcset=\"https:\/\/www.vegaintro-projekti.com\/pilar-stari\/wp-content\/uploads\/2018\/05\/DSC_0021_s.jpg 640w, https:\/\/www.vegaintro-projekti.com\/pilar-stari\/wp-content\/uploads\/2018\/05\/DSC_0021_s-300x169.jpg 300w\" sizes=\"(max-width: 640px) 100vw, 640px\" \/><\/a><\/p>\n<p><span style=\"font-size: 8pt;\"><strong>Predstavljanje zbornika HRVATSKO DRU\u0160TVO: 25 GODINA NAKON VUKOVARA &#8217;91.; Vukovar, 15. svibnja 2018.<\/strong><\/span><\/p>\n<p>U velikoj konferencijskoj dvorani Dr\u017eavnoga arhiva u Vukovaru okupio se lijepi broj zainteresiranih me\u0111u kojima su bili i Krunoslav \u0160eremet, izaslanik ministra hrvatskih branitelja i ravnatelj Memorijalnog centra Domovinskog rata Vukovar, Marko Mikola\u0161evi\u0107, izaslanik ministrice kulture i zamjenik pro\u010delnice Konzervatorskog odjela Ministarstva kulture u Vukovaru te fra Ivica Jagodi\u0107, gvardijan vukovarskog franjeva\u010dkog samostana. Pozdravnu rije\u010d nazo\u010dnima uputili su Petar Elez, ravnatelj Dr\u017eavnoga arhiva u Vukovaru i potpredsjednik Ogranka Matice hrvatske Vukovar i dr. sc. Dra\u017een \u017divi\u0107, voditelj Podru\u010dnoga centra Instituta Pilar u Vukovaru.<\/p>\n<p>&#8211; <a href=\"https:\/\/www.vegaintro-projekti.com\/pilar-stari\/wp-content\/uploads\/2018\/05\/Vu91zbornik-pro.pdf\">Pozivnica za predstavljanje zbornika HRVATSKO DRU\u0160TVO: 25 GODINA NAKON VUKOVARA &#8217;91.; 15. svibnja 2018.<\/a><\/p>\n<p><a href=\"https:\/\/www.vegaintro-projekti.com\/pilar-stari\/wp-content\/uploads\/2018\/05\/Vu91zbornik-pro.pdf\"><img decoding=\"async\" loading=\"lazy\" class=\"alignnone wp-image-10044 size-full\" src=\"https:\/\/www.vegaintro-projekti.com\/pilar-stari\/wp-content\/uploads\/2018\/05\/Vu91zbornik-pro1.jpg\" alt=\"\" width=\"640\" height=\"905\" srcset=\"https:\/\/www.vegaintro-projekti.com\/pilar-stari\/wp-content\/uploads\/2018\/05\/Vu91zbornik-pro1.jpg 640w, https:\/\/www.vegaintro-projekti.com\/pilar-stari\/wp-content\/uploads\/2018\/05\/Vu91zbornik-pro1-212x300.jpg 212w\" sizes=\"(max-width: 640px) 100vw, 640px\" \/><\/a><\/p>\n<blockquote><p><a href=\"https:\/\/www.vegaintro-projekti.com\/pilar-stari\/2018\/05\/objavljen-zbornik-hrvatsko-drustvo-25-godina-nakon-vukovara-91\/\">Objavljen zbornik HRVATSKO DRU\u0160TVO: 25 GODINA NAKON VUKOVARA \u201891.<\/a><\/p><\/blockquote>\n<blockquote><p><a href=\"https:\/\/www.vegaintro-projekti.com\/pilar-stari\/2018\/04\/podruni-centar-vukovar-2\/\">Podru\u010dni centar Vukovar<\/a><\/p><\/blockquote>\n","protected":false},"excerpt":{"rendered":"<p>U zajedni\u010dkoj organizaciji Podru\u010dnoga centra Instituta Pilar u Vukovaru, Dr\u017eavnoga arhiva u Vukovaru i vukovarskog ogranka Matice hrvatske, u Vukovaru je 15. svibnja 2018. godine sve\u010dano predstavljen zbornik radova HRVATSKO DRU\u0160TVO: 25 GODINA NAKON VUKOVARA 91. Rije\u010d je o zborniku radova sa istoimenog 19. znanstveno-stru\u010dnog skupa &#8220;Vukovar 91. &#8211; dvadeset i pet godina poslije&#8221; koji&hellip; <a class=\"continue\" href=\"https:\/\/www.vegaintro-projekti.com\/pilar-stari\/2018\/05\/predstavljanje-zbornika-hrvatsko-drustvo-25-godina-nakon-vukovara-91-15-5-2018\/\">Pro\u010ditaj vi\u0161e o<span> Predstavljanje zbornika HRVATSKO DRU\u0160TVO: 25 GODINA NAKON VUKOVARA &#8217;91.; 15. 5. 2018.<\/span><\/a><\/p>\n","protected":false},"author":7,"featured_media":10044,"comment_status":"closed","ping_status":"closed","sticky":false,"template":"","format":"standard","meta":{"inline_featured_image":false,"ngg_post_thumbnail":0,"footnotes":""},"categories":[11],"tags":[],"yoast_head":"<!-- This site is optimized with the Yoast SEO plugin v21.2 - https:\/\/yoast.com\/wordpress\/plugins\/seo\/ -->\n<title>Predstavljanje zbornika HRVATSKO DRU\u0160TVO: 25 GODINA NAKON VUKOVARA &#039;91.; 15. 5. 2018. - Institut dru&scaron;tvenih znanosti Ivo Pilar<\/title>\n<meta name=\"robots\" content=\"noindex, follow, max-snippet:-1, max-image-preview:large, max-video-preview:-1\" \/>\n<meta property=\"og:locale\" content=\"hr_HR\" \/>\n<meta property=\"og:type\" content=\"article\" \/>\n<meta property=\"og:title\" content=\"Predstavljanje zbornika HRVATSKO DRU\u0160TVO: 25 GODINA NAKON VUKOVARA &#039;91.; 15. 5. 2018. - Institut dru&scaron;tvenih znanosti Ivo Pilar\" \/>\n<meta property=\"og:description\" content=\"U zajedni\u010dkoj organizaciji Podru\u010dnoga centra Instituta Pilar u Vukovaru, Dr\u017eavnoga arhiva u Vukovaru i vukovarskog ogranka Matice hrvatske, u Vukovaru je 15. svibnja 2018. godine sve\u010dano predstavljen zbornik radova HRVATSKO DRU\u0160TVO: 25 GODINA NAKON VUKOVARA 91. Rije\u010d je o zborniku radova sa istoimenog 19. znanstveno-stru\u010dnog skupa &#8220;Vukovar 91. &#8211; dvadeset i pet godina poslije&#8221; koji&hellip; Pro\u010ditaj vi\u0161e o Predstavljanje zbornika HRVATSKO DRU\u0160TVO: 25 GODINA NAKON VUKOVARA &#8217;91.; 15. 5. 2018.\" \/>\n<meta property=\"og:url\" content=\"https:\/\/www.vegaintro-projekti.com\/pilar-stari\/2018\/05\/predstavljanje-zbornika-hrvatsko-drustvo-25-godina-nakon-vukovara-91-15-5-2018\/\" \/>\n<meta property=\"og:site_name\" content=\"Institut dru&scaron;tvenih znanosti Ivo Pilar\" \/>\n<meta property=\"article:published_time\" content=\"2018-05-09T12:54:02+00:00\" \/>\n<meta property=\"article:modified_time\" content=\"2019-08-22T13:51:55+00:00\" \/>\n<meta property=\"og:image\" content=\"https:\/\/www.vegaintro-projekti.com\/pilar-stari\/wp-content\/uploads\/2018\/05\/Vu91zbornik-pro1.jpg\" \/>\n\t<meta property=\"og:image:width\" content=\"640\" \/>\n\t<meta property=\"og:image:height\" content=\"905\" \/>\n\t<meta property=\"og:image:type\" content=\"image\/jpeg\" \/>\n<meta name=\"author\" content=\"Boris\" \/>\n<meta name=\"twitter:card\" content=\"summary_large_image\" \/>\n<meta name=\"twitter:label1\" content=\"Napisao\/la\" \/>\n\t<meta name=\"twitter:data1\" content=\"Boris\" \/>\n\t<meta name=\"twitter:label2\" content=\"Procijenjeno vrijeme \u010ditanja\" \/>\n\t<meta name=\"twitter:data2\" content=\"1 minuta\" \/>\n<script type=\"application\/ld+json\" class=\"yoast-schema-graph\">{\"@context\":\"https:\/\/schema.org\",\"@graph\":[{\"@type\":\"WebPage\",\"@id\":\"https:\/\/www.vegaintro-projekti.com\/pilar-stari\/2018\/05\/predstavljanje-zbornika-hrvatsko-drustvo-25-godina-nakon-vukovara-91-15-5-2018\/\",\"url\":\"https:\/\/www.vegaintro-projekti.com\/pilar-stari\/2018\/05\/predstavljanje-zbornika-hrvatsko-drustvo-25-godina-nakon-vukovara-91-15-5-2018\/\",\"name\":\"Predstavljanje zbornika HRVATSKO DRU\u0160TVO: 25 GODINA NAKON VUKOVARA '91.; 15. 5. 2018. - Institut dru&scaron;tvenih znanosti Ivo Pilar\",\"isPartOf\":{\"@id\":\"https:\/\/www.vegaintro-projekti.com\/pilar-stari\/#website\"},\"datePublished\":\"2018-05-09T12:54:02+00:00\",\"dateModified\":\"2019-08-22T13:51:55+00:00\",\"author\":{\"@id\":\"https:\/\/www.vegaintro-projekti.com\/pilar-stari\/#\/schema\/person\/ddd404c9f1e15e4ffef5986ac6a5d28b\"},\"breadcrumb\":{\"@id\":\"https:\/\/www.vegaintro-projekti.com\/pilar-stari\/2018\/05\/predstavljanje-zbornika-hrvatsko-drustvo-25-godina-nakon-vukovara-91-15-5-2018\/#breadcrumb\"},\"inLanguage\":\"hr\",\"potentialAction\":[{\"@type\":\"ReadAction\",\"target\":[\"https:\/\/www.vegaintro-projekti.com\/pilar-stari\/2018\/05\/predstavljanje-zbornika-hrvatsko-drustvo-25-godina-nakon-vukovara-91-15-5-2018\/\"]}]},{\"@type\":\"BreadcrumbList\",\"@id\":\"https:\/\/www.vegaintro-projekti.com\/pilar-stari\/2018\/05\/predstavljanje-zbornika-hrvatsko-drustvo-25-godina-nakon-vukovara-91-15-5-2018\/#breadcrumb\",\"itemListElement\":[{\"@type\":\"ListItem\",\"position\":1,\"name\":\"Home\",\"item\":\"https:\/\/www.vegaintro-projekti.com\/pilar-stari\/\"},{\"@type\":\"ListItem\",\"position\":2,\"name\":\"Predstavljanje zbornika HRVATSKO DRU\u0160TVO: 25 GODINA NAKON VUKOVARA &#8217;91.; 15. 5. 2018.\"}]},{\"@type\":\"WebSite\",\"@id\":\"https:\/\/www.vegaintro-projekti.com\/pilar-stari\/#website\",\"url\":\"https:\/\/www.vegaintro-projekti.com\/pilar-stari\/\",\"name\":\"Institut dru&scaron;tvenih znanosti Ivo Pilar\",\"description\":\"Pilar\",\"potentialAction\":[{\"@type\":\"SearchAction\",\"target\":{\"@type\":\"EntryPoint\",\"urlTemplate\":\"https:\/\/www.vegaintro-projekti.com\/pilar-stari\/?s={search_term_string}\"},\"query-input\":\"required name=search_term_string\"}],\"inLanguage\":\"hr\"},{\"@type\":\"Person\",\"@id\":\"https:\/\/www.vegaintro-projekti.com\/pilar-stari\/#\/schema\/person\/ddd404c9f1e15e4ffef5986ac6a5d28b\",\"name\":\"Boris\",\"image\":{\"@type\":\"ImageObject\",\"inLanguage\":\"hr\",\"@id\":\"https:\/\/www.vegaintro-projekti.com\/pilar-stari\/#\/schema\/person\/image\/\",\"url\":\"https:\/\/secure.gravatar.com\/avatar\/29557b161a6ce6ab86ac1503164f1e90?s=96&d=mm&r=g\",\"contentUrl\":\"https:\/\/secure.gravatar.com\/avatar\/29557b161a6ce6ab86ac1503164f1e90?s=96&d=mm&r=g\",\"caption\":\"Boris\"},\"url\":\"https:\/\/www.vegaintro-projekti.com\/pilar-stari\/author\/boris\/\"}]}<\/script>\n<!-- \/ Yoast SEO plugin. -->","yoast_head_json":{"title":"Predstavljanje zbornika HRVATSKO DRU\u0160TVO: 25 GODINA NAKON VUKOVARA '91.; 15. 5. 2018. - Institut dru&scaron;tvenih znanosti Ivo Pilar","robots":{"index":"noindex","follow":"follow","max-snippet":"max-snippet:-1","max-image-preview":"max-image-preview:large","max-video-preview":"max-video-preview:-1"},"og_locale":"hr_HR","og_type":"article","og_title":"Predstavljanje zbornika HRVATSKO DRU\u0160TVO: 25 GODINA NAKON VUKOVARA '91.; 15. 5. 2018. - Institut dru&scaron;tvenih znanosti Ivo Pilar","og_description":"U zajedni\u010dkoj organizaciji Podru\u010dnoga centra Instituta Pilar u Vukovaru, Dr\u017eavnoga arhiva u Vukovaru i vukovarskog ogranka Matice hrvatske, u Vukovaru je 15. svibnja 2018. godine sve\u010dano predstavljen zbornik radova HRVATSKO DRU\u0160TVO: 25 GODINA NAKON VUKOVARA 91. Rije\u010d je o zborniku radova sa istoimenog 19. znanstveno-stru\u010dnog skupa &#8220;Vukovar 91. &#8211; dvadeset i pet godina poslije&#8221; koji&hellip; Pro\u010ditaj vi\u0161e o Predstavljanje zbornika HRVATSKO DRU\u0160TVO: 25 GODINA NAKON VUKOVARA &#8217;91.; 15. 5. 2018.","og_url":"https:\/\/www.vegaintro-projekti.com\/pilar-stari\/2018\/05\/predstavljanje-zbornika-hrvatsko-drustvo-25-godina-nakon-vukovara-91-15-5-2018\/","og_site_name":"Institut dru&scaron;tvenih znanosti Ivo Pilar","article_published_time":"2018-05-09T12:54:02+00:00","article_modified_time":"2019-08-22T13:51:55+00:00","og_image":[{"width":640,"height":905,"url":"https:\/\/www.vegaintro-projekti.com\/pilar-stari\/wp-content\/uploads\/2018\/05\/Vu91zbornik-pro1.jpg","type":"image\/jpeg"}],"author":"Boris","twitter_card":"summary_large_image","twitter_misc":{"Napisao\/la":"Boris","Procijenjeno vrijeme \u010ditanja":"1 minuta"},"schema":{"@context":"https:\/\/schema.org","@graph":[{"@type":"WebPage","@id":"https:\/\/www.vegaintro-projekti.com\/pilar-stari\/2018\/05\/predstavljanje-zbornika-hrvatsko-drustvo-25-godina-nakon-vukovara-91-15-5-2018\/","url":"https:\/\/www.vegaintro-projekti.com\/pilar-stari\/2018\/05\/predstavljanje-zbornika-hrvatsko-drustvo-25-godina-nakon-vukovara-91-15-5-2018\/","name":"Predstavljanje zbornika HRVATSKO DRU\u0160TVO: 25 GODINA NAKON VUKOVARA '91.; 15. 5. 2018. - Institut dru&scaron;tvenih znanosti Ivo Pilar","isPartOf":{"@id":"https:\/\/www.vegaintro-projekti.com\/pilar-stari\/#website"},"datePublished":"2018-05-09T12:54:02+00:00","dateModified":"2019-08-22T13:51:55+00:00","author":{"@id":"https:\/\/www.vegaintro-projekti.com\/pilar-stari\/#\/schema\/person\/ddd404c9f1e15e4ffef5986ac6a5d28b"},"breadcrumb":{"@id":"https:\/\/www.vegaintro-projekti.com\/pilar-stari\/2018\/05\/predstavljanje-zbornika-hrvatsko-drustvo-25-godina-nakon-vukovara-91-15-5-2018\/#breadcrumb"},"inLanguage":"hr","potentialAction":[{"@type":"ReadAction","target":["https:\/\/www.vegaintro-projekti.com\/pilar-stari\/2018\/05\/predstavljanje-zbornika-hrvatsko-drustvo-25-godina-nakon-vukovara-91-15-5-2018\/"]}]},{"@type":"BreadcrumbList","@id":"https:\/\/www.vegaintro-projekti.com\/pilar-stari\/2018\/05\/predstavljanje-zbornika-hrvatsko-drustvo-25-godina-nakon-vukovara-91-15-5-2018\/#breadcrumb","itemListElement":[{"@type":"ListItem","position":1,"name":"Home","item":"https:\/\/www.vegaintro-projekti.com\/pilar-stari\/"},{"@type":"ListItem","position":2,"name":"Predstavljanje zbornika HRVATSKO DRU\u0160TVO: 25 GODINA NAKON VUKOVARA &#8217;91.; 15. 5. 2018."}]},{"@type":"WebSite","@id":"https:\/\/www.vegaintro-projekti.com\/pilar-stari\/#website","url":"https:\/\/www.vegaintro-projekti.com\/pilar-stari\/","name":"Institut dru&scaron;tvenih znanosti Ivo Pilar","description":"Pilar","potentialAction":[{"@type":"SearchAction","target":{"@type":"EntryPoint","urlTemplate":"https:\/\/www.vegaintro-projekti.com\/pilar-stari\/?s={search_term_string}"},"query-input":"required name=search_term_string"}],"inLanguage":"hr"},{"@type":"Person","@id":"https:\/\/www.vegaintro-projekti.com\/pilar-stari\/#\/schema\/person\/ddd404c9f1e15e4ffef5986ac6a5d28b","name":"Boris","image":{"@type":"ImageObject","inLanguage":"hr","@id":"https:\/\/www.vegaintro-projekti.com\/pilar-stari\/#\/schema\/person\/image\/","url":"https:\/\/secure.gravatar.com\/avatar\/29557b161a6ce6ab86ac1503164f1e90?s=96&d=mm&r=g","contentUrl":"https:\/\/secure.gravatar.com\/avatar\/29557b161a6ce6ab86ac1503164f1e90?s=96&d=mm&r=g","caption":"Boris"},"url":"https:\/\/www.vegaintro-projekti.com\/pilar-stari\/author\/boris\/"}]}},"_links":{"self":[{"href":"https:\/\/www.vegaintro-projekti.com\/pilar-stari\/wp-json\/wp\/v2\/posts\/10045"}],"collection":[{"href":"https:\/\/www.vegaintro-projekti.com\/pilar-stari\/wp-json\/wp\/v2\/posts"}],"about":[{"href":"https:\/\/www.vegaintro-projekti.com\/pilar-stari\/wp-json\/wp\/v2\/types\/post"}],"author":[{"embeddable":true,"href":"https:\/\/www.vegaintro-projekti.com\/pilar-stari\/wp-json\/wp\/v2\/users\/7"}],"replies":[{"embeddable":true,"href":"https:\/\/www.vegaintro-projekti.com\/pilar-stari\/wp-json\/wp\/v2\/comments?post=10045"}],"version-history":[{"count":7,"href":"https:\/\/www.vegaintro-projekti.com\/pilar-stari\/wp-json\/wp\/v2\/posts\/10045\/revisions"}],"predecessor-version":[{"id":11812,"href":"https:\/\/www.vegaintro-projekti.com\/pilar-stari\/wp-json\/wp\/v2\/posts\/10045\/revisions\/11812"}],"wp:featuredmedia":[{"embeddable":true,"href":"https:\/\/www.vegaintro-projekti.com\/pilar-stari\/wp-json\/wp\/v2\/media\/10044"}],"wp:attachment":[{"href":"https:\/\/www.vegaintro-projekti.com\/pilar-stari\/wp-json\/wp\/v2\/media?parent=10045"}],"wp:term":[{"taxonomy":"category","embeddable":true,"href":"https:\/\/www.vegaintro-projekti.com\/pilar-stari\/wp-json\/wp\/v2\/categories?post=10045"},{"taxonomy":"post_tag","embeddable":true,"href":"https:\/\/www.vegaintro-projekti.com\/pilar-stari\/wp-json\/wp\/v2\/tags?post=10045"}],"curies":[{"name":"wp","href":"https:\/\/api.w.org\/{rel}","templated":true}]}}