{"id":10271,"date":"2018-06-16T12:41:54","date_gmt":"2018-06-16T12:41:54","guid":{"rendered":"https:\/\/www.vegaintro-projekti.com\/pilar-stari\/?p=10271"},"modified":"2020-10-28T19:06:22","modified_gmt":"2020-10-28T19:06:22","slug":"prof-dr-andreja-brajsa-zganec-o-medugeneracijskoj-obiteljskoj-solidarnosti","status":"publish","type":"post","link":"https:\/\/www.vegaintro-projekti.com\/pilar-stari\/2018\/06\/prof-dr-andreja-brajsa-zganec-o-medugeneracijskoj-obiteljskoj-solidarnosti\/","title":{"rendered":"Prof. dr. Andreja Braj\u0161a-\u017dganec: O ME\u0110UGENERACIJSKOJ OBITELJSKOJ SOLIDARNOSTI"},"content":{"rendered":"<p><strong>Glas Koncila u 21. broju od 27. svibnja 2018. na str. 6.-7. objavljuje iz pera Ivana Ta\u0161eva razgovor s prof. dr. sc. Andrejom Braj\u0161a-\u017dganec pod naslovom &#8220;Obitelj je va\u017eno mjesto odrastanja i stvara osje\u0107aj pripadnosti&#8221;.<\/strong> \u2212 <a href=\"https:\/\/www.vegaintro-projekti.com\/pilar-stari\/wp-content\/uploads\/2018\/06\/Intervju-BrajsaZganec.pdf\">Razgovor u novinama<\/a> | <a href=\"https:\/\/www.glas-koncila.hr\/prof-dr-andreja-brajsa-zganec-o-medugeneracijskoj-obiteljskoj-solidarnosti-obitelj-je-vazno-mjesto-odrastanja-i-stvara-osjecaj-pripadnosti\/\">Razgovor na portalu<\/a><\/p>\n<p><a href=\"https:\/\/www.glas-koncila.hr\/prof-dr-andreja-brajsa-zganec-o-medugeneracijskoj-obiteljskoj-solidarnosti-obitelj-je-vazno-mjesto-odrastanja-i-stvara-osjecaj-pripadnosti\/\"><img decoding=\"async\" loading=\"lazy\" class=\"alignnone wp-image-10270 size-full\" src=\"https:\/\/www.vegaintro-projekti.com\/pilar-stari\/wp-content\/uploads\/2018\/06\/00423483_w.jpg\" alt=\"\" width=\"640\" height=\"427\" srcset=\"https:\/\/www.vegaintro-projekti.com\/pilar-stari\/wp-content\/uploads\/2018\/06\/00423483_w.jpg 640w, https:\/\/www.vegaintro-projekti.com\/pilar-stari\/wp-content\/uploads\/2018\/06\/00423483_w-300x200.jpg 300w\" sizes=\"(max-width: 640px) 100vw, 640px\" \/><\/a><\/p>\n<p><strong>&#8211; Glas Koncila (novine):<\/strong> <a href=\"https:\/\/www.vegaintro-projekti.com\/pilar-stari\/wp-content\/uploads\/2018\/06\/Intervju-BrajsaZganec.pdf\">PROF. DR. ANDREJA BRAJ\u0160A-\u017dGANEC O ME\u0110UGENERACIJSKOJ OBITELJSKOJ SOLIDARNOSTI: Obitelj je va\u017eno mjesto odrastanja i stvara osje\u0107aj pripadnosti, 27. svibnja 2018.<\/a><\/p>\n<p><strong>&#8211; Glas Koncila (portal):<\/strong> <a href=\"https:\/\/www.glas-koncila.hr\/prof-dr-andreja-brajsa-zganec-o-medugeneracijskoj-obiteljskoj-solidarnosti-obitelj-je-vazno-mjesto-odrastanja-i-stvara-osjecaj-pripadnosti\/\">PROF. DR. ANDREJA BRAJ\u0160A-\u017dGANEC O ME\u0110UGENERACIJSKOJ OBITELJSKOJ SOLIDARNOSTI: Obitelj je va\u017eno mjesto odrastanja i stvara osje\u0107aj pripadnosti, 31. svibnja 2018.<\/a><\/p>\n<p><span style=\"font-size: 14pt;\">Naglasci iz razgovora<\/span><\/p>\n<p><em>&#8220;Me\u0111ugeneracijska obiteljska solidarnost danas je va\u017ena posebice u Europi koja kao stari kontinent iz dana u dan jo\u0161 vi\u0161e stari jer se pove\u0107ava udio starih ljudi u op\u0107oj populaciji. Op\u0107enito se istra\u017eiva\u010di sla\u017eu da je obitelj univerzalna i nu\u017ena institucija ljudskoga pre\u017eivljavanja u svim dru\u0161tvima i va\u017ena u me\u0111ugeneracijskim odnosima.&#8221;<\/em><\/p>\n<p><em>&#8220;Obitelj je i dalje, bez obzira na liberalizaciju dru\u0161tva, krizu i neizvjesnost, jako va\u017ena. Ljudi kao dru\u0161tvena bi\u0107a imaju potrebu \u017eivjeti u zajednicama, a brak je tradicionalno naj\u010de\u0161\u0107i oblik zajednice izme\u0111u dvoje ljudi.&#8221;<\/em><\/p>\n<p><em>&#8220;Istra\u017eivanja pokazuju da su prihodi starijih osoba i iznos primljene skrbi va\u017eni za financijske tokove prema gore \u2013 prema starijem roditelju i prema dolje \u2013 od starijih roditelja. Naime, pru\u017eanje skrbi starijim roditeljima ili roditeljima partnera va\u017ean je dio me\u0111ugeneracijske solidarnosti unutar obitelji, osobito u zemljama u kojima se dugoro\u010dni sustav skrbi zasniva prete\u017eno na obiteljskoj skrbi. Me\u0111utim, u sustavima mje\u0161ovite skrbi potrebnu skrb zajedno pru\u017eaju \u010dlanovi obitelji i pru\u017eatelji formalne skrbi. Osim toga, odrasla \u0107e djeca mo\u017eda morati i financijski pomagati svojim roditeljima, posebno zbog financijskoga tereta \u0161to ga formalna skrb name\u0107e starijim osobama. Budu\u0107i da nisu poznati objavljeni rezultati nekih takvih istra\u017eivanja u Hrvatskoj, a i s obzirom na geografsku blizinu Slovenije, mo\u017eemo pretpostaviti da bismo nalaze u sli\u010dnom smjeru mogli dobiti i u Hrvatskoj. Naime, rezultati provedenoga istra\u017eivanja u Sloveniji pokazuju da postoji osjetna financijska razmjena izme\u0111u primatelja skrbi i obiteljskoga skrbnika. Nadalje, odrednice va\u017ene za financijske tokove prema gore odnosno prema starijem roditelju i prema dolje odnosno od starijega roditelja jesu prihod starijih osoba i iznos primljene skrbi.&#8221;<\/em><\/p>\n<p><em>&#8220;U sklopu Europskoga istra\u017eivanja o kvaliteti \u017eivota uspore\u0111ivali smo trendove u kvaliteti \u017eivota u Hrvatskoj u 2007. i 2012. godini te se pokazalo da je usporedba percipirane kvalitete javnih slu\u017eba, i to usluga za brigu o starima, pala u promatranom razdoblju. Prema rezultatima toga istra\u017eivanja indeks socijalne isklju\u010denosti u Hrvatskoj smanjio se izme\u0111u 2007. i 2012., no bio je ne\u0161to ve\u0107i od prosjeka u europskim zemljama obje te godine. Ovdje imamo puno prostora za djelovanje i provedbu politika socijalne uklju\u010denosti pobolj\u0161anjem pristupa\u010dnosti i kvalitete javnih slu\u017eba uzimaju\u0107i u obzir nejednakosti u pogledu pristupa javnom prijevozu u urbanim i ruralnim podru\u010djima, relativno nisku razinu pru\u017eanja usluga skrbi o djeci, nisku razinu javne percepcije o kvaliteti usluga dugotrajne skrbi i probleme u vezi s dr\u017eavnim mirovinskom sustavom. Dakle, to je podru\u010dje gdje bi se sigurno moglo djelovati, a posebnu bi pozornost trebalo obratiti na populaciju starih. Op\u0107enito nedostatne su obiteljske politike i mjere povezane s kasnom odraslom doblju.&#8221;<\/em><\/p>\n<p><span style=\"font-size: 14pt;\">| <a href=\"https:\/\/www.vegaintro-projekti.com\/pilar-stari\/2015\/09\/cro-well-hrvatsko-longitudialno-istrazivanje-dobrobiti\/\">Projekt CRO-WELL Hrvatsko longitudialno istra\u017eivanje dobrobiti<\/a><\/span><\/p>\n","protected":false},"excerpt":{"rendered":"<p>Glas Koncila u 21. broju od 27. svibnja 2018. na str. 6.-7. objavljuje iz pera Ivana Ta\u0161eva razgovor s prof. dr. sc. Andrejom Braj\u0161a-\u017dganec pod naslovom &#8220;Obitelj je va\u017eno mjesto odrastanja i stvara osje\u0107aj pripadnosti&#8221;. \u2212 Razgovor u novinama | Razgovor na portalu &#8211; Glas Koncila (novine): PROF. DR. ANDREJA BRAJ\u0160A-\u017dGANEC O ME\u0110UGENERACIJSKOJ OBITELJSKOJ SOLIDARNOSTI:&hellip; <a class=\"continue\" href=\"https:\/\/www.vegaintro-projekti.com\/pilar-stari\/2018\/06\/prof-dr-andreja-brajsa-zganec-o-medugeneracijskoj-obiteljskoj-solidarnosti\/\">Pro\u010ditaj vi\u0161e o<span> Prof. dr. Andreja Braj\u0161a-\u017dganec: O ME\u0110UGENERACIJSKOJ OBITELJSKOJ SOLIDARNOSTI<\/span><\/a><\/p>\n","protected":false},"author":7,"featured_media":10270,"comment_status":"closed","ping_status":"closed","sticky":false,"template":"","format":"standard","meta":{"inline_featured_image":false,"ngg_post_thumbnail":0,"footnotes":""},"categories":[48,12],"tags":[],"yoast_head":"<!-- This site is optimized with the Yoast SEO plugin v21.2 - https:\/\/yoast.com\/wordpress\/plugins\/seo\/ -->\n<title>Prof. dr. Andreja Braj\u0161a-\u017dganec: O ME\u0110UGENERACIJSKOJ OBITELJSKOJ SOLIDARNOSTI - Institut dru&scaron;tvenih znanosti Ivo Pilar<\/title>\n<meta name=\"robots\" content=\"noindex, follow, max-snippet:-1, max-image-preview:large, max-video-preview:-1\" \/>\n<meta property=\"og:locale\" content=\"hr_HR\" \/>\n<meta property=\"og:type\" content=\"article\" \/>\n<meta property=\"og:title\" content=\"Prof. dr. Andreja Braj\u0161a-\u017dganec: O ME\u0110UGENERACIJSKOJ OBITELJSKOJ SOLIDARNOSTI - Institut dru&scaron;tvenih znanosti Ivo Pilar\" \/>\n<meta property=\"og:description\" content=\"Glas Koncila u 21. broju od 27. svibnja 2018. na str. 6.-7. objavljuje iz pera Ivana Ta\u0161eva razgovor s prof. dr. sc. Andrejom Braj\u0161a-\u017dganec pod naslovom &#8220;Obitelj je va\u017eno mjesto odrastanja i stvara osje\u0107aj pripadnosti&#8221;. \u2212 Razgovor u novinama | Razgovor na portalu &#8211; Glas Koncila (novine): PROF. DR. ANDREJA BRAJ\u0160A-\u017dGANEC O ME\u0110UGENERACIJSKOJ OBITELJSKOJ SOLIDARNOSTI:&hellip; Pro\u010ditaj vi\u0161e o Prof. dr. Andreja Braj\u0161a-\u017dganec: O ME\u0110UGENERACIJSKOJ OBITELJSKOJ SOLIDARNOSTI\" \/>\n<meta property=\"og:url\" content=\"https:\/\/www.vegaintro-projekti.com\/pilar-stari\/2018\/06\/prof-dr-andreja-brajsa-zganec-o-medugeneracijskoj-obiteljskoj-solidarnosti\/\" \/>\n<meta property=\"og:site_name\" content=\"Institut dru&scaron;tvenih znanosti Ivo Pilar\" \/>\n<meta property=\"article:published_time\" content=\"2018-06-16T12:41:54+00:00\" \/>\n<meta property=\"article:modified_time\" content=\"2020-10-28T19:06:22+00:00\" \/>\n<meta property=\"og:image\" content=\"https:\/\/www.vegaintro-projekti.com\/pilar-stari\/wp-content\/uploads\/2018\/06\/00423483_w.jpg\" \/>\n\t<meta property=\"og:image:width\" content=\"640\" \/>\n\t<meta property=\"og:image:height\" content=\"427\" \/>\n\t<meta property=\"og:image:type\" content=\"image\/jpeg\" \/>\n<meta name=\"author\" content=\"Boris\" \/>\n<meta name=\"twitter:card\" content=\"summary_large_image\" \/>\n<meta name=\"twitter:label1\" content=\"Napisao\/la\" \/>\n\t<meta name=\"twitter:data1\" content=\"Boris\" \/>\n\t<meta name=\"twitter:label2\" content=\"Procijenjeno vrijeme \u010ditanja\" \/>\n\t<meta name=\"twitter:data2\" content=\"3 minute\" \/>\n<script type=\"application\/ld+json\" class=\"yoast-schema-graph\">{\"@context\":\"https:\/\/schema.org\",\"@graph\":[{\"@type\":\"WebPage\",\"@id\":\"https:\/\/www.vegaintro-projekti.com\/pilar-stari\/2018\/06\/prof-dr-andreja-brajsa-zganec-o-medugeneracijskoj-obiteljskoj-solidarnosti\/\",\"url\":\"https:\/\/www.vegaintro-projekti.com\/pilar-stari\/2018\/06\/prof-dr-andreja-brajsa-zganec-o-medugeneracijskoj-obiteljskoj-solidarnosti\/\",\"name\":\"Prof. dr. Andreja Braj\u0161a-\u017dganec: O ME\u0110UGENERACIJSKOJ OBITELJSKOJ SOLIDARNOSTI - Institut dru&scaron;tvenih znanosti Ivo Pilar\",\"isPartOf\":{\"@id\":\"https:\/\/www.vegaintro-projekti.com\/pilar-stari\/#website\"},\"datePublished\":\"2018-06-16T12:41:54+00:00\",\"dateModified\":\"2020-10-28T19:06:22+00:00\",\"author\":{\"@id\":\"https:\/\/www.vegaintro-projekti.com\/pilar-stari\/#\/schema\/person\/ddd404c9f1e15e4ffef5986ac6a5d28b\"},\"breadcrumb\":{\"@id\":\"https:\/\/www.vegaintro-projekti.com\/pilar-stari\/2018\/06\/prof-dr-andreja-brajsa-zganec-o-medugeneracijskoj-obiteljskoj-solidarnosti\/#breadcrumb\"},\"inLanguage\":\"hr\",\"potentialAction\":[{\"@type\":\"ReadAction\",\"target\":[\"https:\/\/www.vegaintro-projekti.com\/pilar-stari\/2018\/06\/prof-dr-andreja-brajsa-zganec-o-medugeneracijskoj-obiteljskoj-solidarnosti\/\"]}]},{\"@type\":\"BreadcrumbList\",\"@id\":\"https:\/\/www.vegaintro-projekti.com\/pilar-stari\/2018\/06\/prof-dr-andreja-brajsa-zganec-o-medugeneracijskoj-obiteljskoj-solidarnosti\/#breadcrumb\",\"itemListElement\":[{\"@type\":\"ListItem\",\"position\":1,\"name\":\"Home\",\"item\":\"https:\/\/www.vegaintro-projekti.com\/pilar-stari\/\"},{\"@type\":\"ListItem\",\"position\":2,\"name\":\"Prof. dr. Andreja Braj\u0161a-\u017dganec: O ME\u0110UGENERACIJSKOJ OBITELJSKOJ SOLIDARNOSTI\"}]},{\"@type\":\"WebSite\",\"@id\":\"https:\/\/www.vegaintro-projekti.com\/pilar-stari\/#website\",\"url\":\"https:\/\/www.vegaintro-projekti.com\/pilar-stari\/\",\"name\":\"Institut dru&scaron;tvenih znanosti Ivo Pilar\",\"description\":\"Pilar\",\"potentialAction\":[{\"@type\":\"SearchAction\",\"target\":{\"@type\":\"EntryPoint\",\"urlTemplate\":\"https:\/\/www.vegaintro-projekti.com\/pilar-stari\/?s={search_term_string}\"},\"query-input\":\"required name=search_term_string\"}],\"inLanguage\":\"hr\"},{\"@type\":\"Person\",\"@id\":\"https:\/\/www.vegaintro-projekti.com\/pilar-stari\/#\/schema\/person\/ddd404c9f1e15e4ffef5986ac6a5d28b\",\"name\":\"Boris\",\"image\":{\"@type\":\"ImageObject\",\"inLanguage\":\"hr\",\"@id\":\"https:\/\/www.vegaintro-projekti.com\/pilar-stari\/#\/schema\/person\/image\/\",\"url\":\"https:\/\/secure.gravatar.com\/avatar\/29557b161a6ce6ab86ac1503164f1e90?s=96&d=mm&r=g\",\"contentUrl\":\"https:\/\/secure.gravatar.com\/avatar\/29557b161a6ce6ab86ac1503164f1e90?s=96&d=mm&r=g\",\"caption\":\"Boris\"},\"url\":\"https:\/\/www.vegaintro-projekti.com\/pilar-stari\/author\/boris\/\"}]}<\/script>\n<!-- \/ Yoast SEO plugin. -->","yoast_head_json":{"title":"Prof. dr. Andreja Braj\u0161a-\u017dganec: O ME\u0110UGENERACIJSKOJ OBITELJSKOJ SOLIDARNOSTI - Institut dru&scaron;tvenih znanosti Ivo Pilar","robots":{"index":"noindex","follow":"follow","max-snippet":"max-snippet:-1","max-image-preview":"max-image-preview:large","max-video-preview":"max-video-preview:-1"},"og_locale":"hr_HR","og_type":"article","og_title":"Prof. dr. Andreja Braj\u0161a-\u017dganec: O ME\u0110UGENERACIJSKOJ OBITELJSKOJ SOLIDARNOSTI - Institut dru&scaron;tvenih znanosti Ivo Pilar","og_description":"Glas Koncila u 21. broju od 27. svibnja 2018. na str. 6.-7. objavljuje iz pera Ivana Ta\u0161eva razgovor s prof. dr. sc. Andrejom Braj\u0161a-\u017dganec pod naslovom &#8220;Obitelj je va\u017eno mjesto odrastanja i stvara osje\u0107aj pripadnosti&#8221;. \u2212 Razgovor u novinama | Razgovor na portalu &#8211; Glas Koncila (novine): PROF. DR. ANDREJA BRAJ\u0160A-\u017dGANEC O ME\u0110UGENERACIJSKOJ OBITELJSKOJ SOLIDARNOSTI:&hellip; Pro\u010ditaj vi\u0161e o Prof. dr. Andreja Braj\u0161a-\u017dganec: O ME\u0110UGENERACIJSKOJ OBITELJSKOJ SOLIDARNOSTI","og_url":"https:\/\/www.vegaintro-projekti.com\/pilar-stari\/2018\/06\/prof-dr-andreja-brajsa-zganec-o-medugeneracijskoj-obiteljskoj-solidarnosti\/","og_site_name":"Institut dru&scaron;tvenih znanosti Ivo Pilar","article_published_time":"2018-06-16T12:41:54+00:00","article_modified_time":"2020-10-28T19:06:22+00:00","og_image":[{"width":640,"height":427,"url":"https:\/\/www.vegaintro-projekti.com\/pilar-stari\/wp-content\/uploads\/2018\/06\/00423483_w.jpg","type":"image\/jpeg"}],"author":"Boris","twitter_card":"summary_large_image","twitter_misc":{"Napisao\/la":"Boris","Procijenjeno vrijeme \u010ditanja":"3 minute"},"schema":{"@context":"https:\/\/schema.org","@graph":[{"@type":"WebPage","@id":"https:\/\/www.vegaintro-projekti.com\/pilar-stari\/2018\/06\/prof-dr-andreja-brajsa-zganec-o-medugeneracijskoj-obiteljskoj-solidarnosti\/","url":"https:\/\/www.vegaintro-projekti.com\/pilar-stari\/2018\/06\/prof-dr-andreja-brajsa-zganec-o-medugeneracijskoj-obiteljskoj-solidarnosti\/","name":"Prof. dr. Andreja Braj\u0161a-\u017dganec: O ME\u0110UGENERACIJSKOJ OBITELJSKOJ SOLIDARNOSTI - Institut dru&scaron;tvenih znanosti Ivo Pilar","isPartOf":{"@id":"https:\/\/www.vegaintro-projekti.com\/pilar-stari\/#website"},"datePublished":"2018-06-16T12:41:54+00:00","dateModified":"2020-10-28T19:06:22+00:00","author":{"@id":"https:\/\/www.vegaintro-projekti.com\/pilar-stari\/#\/schema\/person\/ddd404c9f1e15e4ffef5986ac6a5d28b"},"breadcrumb":{"@id":"https:\/\/www.vegaintro-projekti.com\/pilar-stari\/2018\/06\/prof-dr-andreja-brajsa-zganec-o-medugeneracijskoj-obiteljskoj-solidarnosti\/#breadcrumb"},"inLanguage":"hr","potentialAction":[{"@type":"ReadAction","target":["https:\/\/www.vegaintro-projekti.com\/pilar-stari\/2018\/06\/prof-dr-andreja-brajsa-zganec-o-medugeneracijskoj-obiteljskoj-solidarnosti\/"]}]},{"@type":"BreadcrumbList","@id":"https:\/\/www.vegaintro-projekti.com\/pilar-stari\/2018\/06\/prof-dr-andreja-brajsa-zganec-o-medugeneracijskoj-obiteljskoj-solidarnosti\/#breadcrumb","itemListElement":[{"@type":"ListItem","position":1,"name":"Home","item":"https:\/\/www.vegaintro-projekti.com\/pilar-stari\/"},{"@type":"ListItem","position":2,"name":"Prof. dr. Andreja Braj\u0161a-\u017dganec: O ME\u0110UGENERACIJSKOJ OBITELJSKOJ SOLIDARNOSTI"}]},{"@type":"WebSite","@id":"https:\/\/www.vegaintro-projekti.com\/pilar-stari\/#website","url":"https:\/\/www.vegaintro-projekti.com\/pilar-stari\/","name":"Institut dru&scaron;tvenih znanosti Ivo Pilar","description":"Pilar","potentialAction":[{"@type":"SearchAction","target":{"@type":"EntryPoint","urlTemplate":"https:\/\/www.vegaintro-projekti.com\/pilar-stari\/?s={search_term_string}"},"query-input":"required name=search_term_string"}],"inLanguage":"hr"},{"@type":"Person","@id":"https:\/\/www.vegaintro-projekti.com\/pilar-stari\/#\/schema\/person\/ddd404c9f1e15e4ffef5986ac6a5d28b","name":"Boris","image":{"@type":"ImageObject","inLanguage":"hr","@id":"https:\/\/www.vegaintro-projekti.com\/pilar-stari\/#\/schema\/person\/image\/","url":"https:\/\/secure.gravatar.com\/avatar\/29557b161a6ce6ab86ac1503164f1e90?s=96&d=mm&r=g","contentUrl":"https:\/\/secure.gravatar.com\/avatar\/29557b161a6ce6ab86ac1503164f1e90?s=96&d=mm&r=g","caption":"Boris"},"url":"https:\/\/www.vegaintro-projekti.com\/pilar-stari\/author\/boris\/"}]}},"_links":{"self":[{"href":"https:\/\/www.vegaintro-projekti.com\/pilar-stari\/wp-json\/wp\/v2\/posts\/10271"}],"collection":[{"href":"https:\/\/www.vegaintro-projekti.com\/pilar-stari\/wp-json\/wp\/v2\/posts"}],"about":[{"href":"https:\/\/www.vegaintro-projekti.com\/pilar-stari\/wp-json\/wp\/v2\/types\/post"}],"author":[{"embeddable":true,"href":"https:\/\/www.vegaintro-projekti.com\/pilar-stari\/wp-json\/wp\/v2\/users\/7"}],"replies":[{"embeddable":true,"href":"https:\/\/www.vegaintro-projekti.com\/pilar-stari\/wp-json\/wp\/v2\/comments?post=10271"}],"version-history":[{"count":3,"href":"https:\/\/www.vegaintro-projekti.com\/pilar-stari\/wp-json\/wp\/v2\/posts\/10271\/revisions"}],"predecessor-version":[{"id":10275,"href":"https:\/\/www.vegaintro-projekti.com\/pilar-stari\/wp-json\/wp\/v2\/posts\/10271\/revisions\/10275"}],"wp:featuredmedia":[{"embeddable":true,"href":"https:\/\/www.vegaintro-projekti.com\/pilar-stari\/wp-json\/wp\/v2\/media\/10270"}],"wp:attachment":[{"href":"https:\/\/www.vegaintro-projekti.com\/pilar-stari\/wp-json\/wp\/v2\/media?parent=10271"}],"wp:term":[{"taxonomy":"category","embeddable":true,"href":"https:\/\/www.vegaintro-projekti.com\/pilar-stari\/wp-json\/wp\/v2\/categories?post=10271"},{"taxonomy":"post_tag","embeddable":true,"href":"https:\/\/www.vegaintro-projekti.com\/pilar-stari\/wp-json\/wp\/v2\/tags?post=10271"}],"curies":[{"name":"wp","href":"https:\/\/api.w.org\/{rel}","templated":true}]}}