{"id":10492,"date":"2018-08-17T19:16:38","date_gmt":"2018-08-17T19:16:38","guid":{"rendered":"https:\/\/www.vegaintro-projekti.com\/pilar-stari\/?p=10492"},"modified":"2020-10-28T19:19:26","modified_gmt":"2020-10-28T19:19:26","slug":"dr-sc-danijel-vojak-na-obiljezavanju-medunarodnog-dana-sjecanja-na-romske-zrtve-genocida-u-drugom-svjetskom-ratu","status":"publish","type":"post","link":"https:\/\/www.vegaintro-projekti.com\/pilar-stari\/2018\/08\/dr-sc-danijel-vojak-na-obiljezavanju-medunarodnog-dana-sjecanja-na-romske-zrtve-genocida-u-drugom-svjetskom-ratu\/","title":{"rendered":"Dr. sc. Danijel Vojak na obilje\u017eavanju Me\u0111unarodnog dana sje\u0107anja na romske \u017ertve genocida u Drugom svjetskom ratu"},"content":{"rendered":"<p><strong>Kao predstavnik Instituta dru\u0161tvenih znanosti Ivo Pilar dr. sc. Danijel Vojak sudjelovao je 2. kolovoza 2018. na obilje\u017eavanju Me\u0111unarodnog dana sje\u0107anja na romske \u017ertve genocida u Drugom svjetskom ratu na romskom groblju U\u0161tici pored Jasenovca. Komemoracija se odr\u017eava od kolovoza 2012. godine u spomen na stradanje oko tri tisu\u0107e Roma u nacisti\u010dkom koncentracijskom logoru Auschwitzu (2. kolovoza 1944.)<\/strong><\/p>\n<p><img decoding=\"async\" loading=\"lazy\" class=\"alignnone wp-image-10491 size-full\" src=\"https:\/\/www.vegaintro-projekti.com\/pilar-stari\/wp-content\/uploads\/2018\/08\/Samudaripen.jpg\" alt=\"\" width=\"634\" height=\"419\" srcset=\"https:\/\/www.vegaintro-projekti.com\/pilar-stari\/wp-content\/uploads\/2018\/08\/Samudaripen.jpg 634w, https:\/\/www.vegaintro-projekti.com\/pilar-stari\/wp-content\/uploads\/2018\/08\/Samudaripen-300x198.jpg 300w, https:\/\/www.vegaintro-projekti.com\/pilar-stari\/wp-content\/uploads\/2018\/08\/Samudaripen-310x205.jpg 310w\" sizes=\"(max-width: 634px) 100vw, 634px\" \/><img decoding=\"async\" loading=\"lazy\" class=\"alignnone wp-image-10490 size-full\" src=\"https:\/\/www.vegaintro-projekti.com\/pilar-stari\/wp-content\/uploads\/2018\/08\/Danijel_Vojak_Ustice.jpg\" alt=\"\" width=\"634\" height=\"420\" srcset=\"https:\/\/www.vegaintro-projekti.com\/pilar-stari\/wp-content\/uploads\/2018\/08\/Danijel_Vojak_Ustice.jpg 634w, https:\/\/www.vegaintro-projekti.com\/pilar-stari\/wp-content\/uploads\/2018\/08\/Danijel_Vojak_Ustice-300x199.jpg 300w, https:\/\/www.vegaintro-projekti.com\/pilar-stari\/wp-content\/uploads\/2018\/08\/Danijel_Vojak_Ustice-310x205.jpg 310w\" sizes=\"(max-width: 634px) 100vw, 634px\" \/><\/p>\n<p><span style=\"font-size: 8pt;\"><strong>Dr. sc. Danijel Vojak na obilje\u017eavanju Me\u0111unarodnog dana sje\u0107anja na romske \u017ertve genocida u Drugom svjetskom ratu; U\u0161tica (Jasenovac), 2. kolovoza 2018.<\/strong><\/span><\/p>\n<p><span style=\"font-size: 14pt;\">Iz medija<\/span><\/p>\n<p><strong>&#8211; Phralipen.hr:<\/strong> <a href=\"https:\/\/phralipen.hr\/2018\/08\/03\/obiljezen-medunarodni-dan-sjecanja-na-romske-zrtve-genocida-u-drugom-svjetskom-ratu\/\">Po sedmi put obilje\u017een Me\u0111unarodni dan sje\u0107anja na romske \u017ertve genocida u Drugom svjetskom ratu\/Samudaripen, 3. kolovoza 2018.<\/a><\/p>\n<p><em>Datum 2. kolovoz simboli\u010dno je izabran u sje\u0107anje na 2. kolovoz 1944. godine kada je u zloglasnom Auschwitzu od SS-a dovr\u0161en proces likvidacije svih preostalih Roma, njih 2898. Tako je i usta\u0161ki re\u017eim na U\u0161ticama izdvojio romske logora\u0161e od ostalih stradala\u010dkih naroda. U razdoblju od 1941. do 1945. godine ubijeno najmanje 16173 Roma, od toga 5608 djece i 4887 \u017eena<\/em><\/p>\n<blockquote><p><a href=\"https:\/\/www.vegaintro-projekti.com\/pilar-stari\/2016\/01\/objavljena-knjiga-stradanje-roma-u-nezavisnoj-drzavi-hrvatskoj\/\">Danijel Vojak, Bibijana Papo i Alen Tahiri: STRADANJE ROMA U NEZAVISNOJ DR\u017dAVI HRVATSKOJ 1941. \u2013 1945.; Zagreb, 2015.<\/a><\/p><\/blockquote>\n","protected":false},"excerpt":{"rendered":"<p>Kao predstavnik Instituta dru\u0161tvenih znanosti Ivo Pilar dr. sc. Danijel Vojak sudjelovao je 2. kolovoza 2018. na obilje\u017eavanju Me\u0111unarodnog dana sje\u0107anja na romske \u017ertve genocida u Drugom svjetskom ratu na romskom groblju U\u0161tici pored Jasenovca. Komemoracija se odr\u017eava od kolovoza 2012. godine u spomen na stradanje oko tri tisu\u0107e Roma u nacisti\u010dkom koncentracijskom logoru Auschwitzu&hellip; <a class=\"continue\" href=\"https:\/\/www.vegaintro-projekti.com\/pilar-stari\/2018\/08\/dr-sc-danijel-vojak-na-obiljezavanju-medunarodnog-dana-sjecanja-na-romske-zrtve-genocida-u-drugom-svjetskom-ratu\/\">Pro\u010ditaj vi\u0161e o<span> Dr. sc. Danijel Vojak na obilje\u017eavanju Me\u0111unarodnog dana sje\u0107anja na romske \u017ertve genocida u Drugom svjetskom ratu<\/span><\/a><\/p>\n","protected":false},"author":7,"featured_media":10490,"comment_status":"closed","ping_status":"closed","sticky":false,"template":"","format":"standard","meta":{"inline_featured_image":false,"ngg_post_thumbnail":0,"footnotes":""},"categories":[48,12],"tags":[],"yoast_head":"<!-- This site is optimized with the Yoast SEO plugin v21.2 - https:\/\/yoast.com\/wordpress\/plugins\/seo\/ -->\n<title>Dr. sc. Danijel Vojak na obilje\u017eavanju Me\u0111unarodnog dana sje\u0107anja na romske \u017ertve genocida u Drugom svjetskom ratu - Institut dru&scaron;tvenih znanosti Ivo Pilar<\/title>\n<meta name=\"robots\" content=\"noindex, follow, max-snippet:-1, max-image-preview:large, max-video-preview:-1\" \/>\n<meta property=\"og:locale\" content=\"hr_HR\" \/>\n<meta property=\"og:type\" content=\"article\" \/>\n<meta property=\"og:title\" content=\"Dr. sc. Danijel Vojak na obilje\u017eavanju Me\u0111unarodnog dana sje\u0107anja na romske \u017ertve genocida u Drugom svjetskom ratu - Institut dru&scaron;tvenih znanosti Ivo Pilar\" \/>\n<meta property=\"og:description\" content=\"Kao predstavnik Instituta dru\u0161tvenih znanosti Ivo Pilar dr. sc. Danijel Vojak sudjelovao je 2. kolovoza 2018. na obilje\u017eavanju Me\u0111unarodnog dana sje\u0107anja na romske \u017ertve genocida u Drugom svjetskom ratu na romskom groblju U\u0161tici pored Jasenovca. Komemoracija se odr\u017eava od kolovoza 2012. godine u spomen na stradanje oko tri tisu\u0107e Roma u nacisti\u010dkom koncentracijskom logoru Auschwitzu&hellip; Pro\u010ditaj vi\u0161e o Dr. sc. Danijel Vojak na obilje\u017eavanju Me\u0111unarodnog dana sje\u0107anja na romske \u017ertve genocida u Drugom svjetskom ratu\" \/>\n<meta property=\"og:url\" content=\"https:\/\/www.vegaintro-projekti.com\/pilar-stari\/2018\/08\/dr-sc-danijel-vojak-na-obiljezavanju-medunarodnog-dana-sjecanja-na-romske-zrtve-genocida-u-drugom-svjetskom-ratu\/\" \/>\n<meta property=\"og:site_name\" content=\"Institut dru&scaron;tvenih znanosti Ivo Pilar\" \/>\n<meta property=\"article:published_time\" content=\"2018-08-17T19:16:38+00:00\" \/>\n<meta property=\"article:modified_time\" content=\"2020-10-28T19:19:26+00:00\" \/>\n<meta property=\"og:image\" content=\"https:\/\/www.vegaintro-projekti.com\/pilar-stari\/wp-content\/uploads\/2018\/08\/Danijel_Vojak_Ustice.jpg\" \/>\n\t<meta property=\"og:image:width\" content=\"634\" \/>\n\t<meta property=\"og:image:height\" content=\"420\" \/>\n\t<meta property=\"og:image:type\" content=\"image\/jpeg\" \/>\n<meta name=\"author\" content=\"Boris\" \/>\n<meta name=\"twitter:card\" content=\"summary_large_image\" \/>\n<meta name=\"twitter:label1\" content=\"Napisao\/la\" \/>\n\t<meta name=\"twitter:data1\" content=\"Boris\" \/>\n\t<meta name=\"twitter:label2\" content=\"Procijenjeno vrijeme \u010ditanja\" \/>\n\t<meta name=\"twitter:data2\" content=\"1 minuta\" \/>\n<script type=\"application\/ld+json\" class=\"yoast-schema-graph\">{\"@context\":\"https:\/\/schema.org\",\"@graph\":[{\"@type\":\"WebPage\",\"@id\":\"https:\/\/www.vegaintro-projekti.com\/pilar-stari\/2018\/08\/dr-sc-danijel-vojak-na-obiljezavanju-medunarodnog-dana-sjecanja-na-romske-zrtve-genocida-u-drugom-svjetskom-ratu\/\",\"url\":\"https:\/\/www.vegaintro-projekti.com\/pilar-stari\/2018\/08\/dr-sc-danijel-vojak-na-obiljezavanju-medunarodnog-dana-sjecanja-na-romske-zrtve-genocida-u-drugom-svjetskom-ratu\/\",\"name\":\"Dr. sc. Danijel Vojak na obilje\u017eavanju Me\u0111unarodnog dana sje\u0107anja na romske \u017ertve genocida u Drugom svjetskom ratu - Institut dru&scaron;tvenih znanosti Ivo Pilar\",\"isPartOf\":{\"@id\":\"https:\/\/www.vegaintro-projekti.com\/pilar-stari\/#website\"},\"datePublished\":\"2018-08-17T19:16:38+00:00\",\"dateModified\":\"2020-10-28T19:19:26+00:00\",\"author\":{\"@id\":\"https:\/\/www.vegaintro-projekti.com\/pilar-stari\/#\/schema\/person\/ddd404c9f1e15e4ffef5986ac6a5d28b\"},\"breadcrumb\":{\"@id\":\"https:\/\/www.vegaintro-projekti.com\/pilar-stari\/2018\/08\/dr-sc-danijel-vojak-na-obiljezavanju-medunarodnog-dana-sjecanja-na-romske-zrtve-genocida-u-drugom-svjetskom-ratu\/#breadcrumb\"},\"inLanguage\":\"hr\",\"potentialAction\":[{\"@type\":\"ReadAction\",\"target\":[\"https:\/\/www.vegaintro-projekti.com\/pilar-stari\/2018\/08\/dr-sc-danijel-vojak-na-obiljezavanju-medunarodnog-dana-sjecanja-na-romske-zrtve-genocida-u-drugom-svjetskom-ratu\/\"]}]},{\"@type\":\"BreadcrumbList\",\"@id\":\"https:\/\/www.vegaintro-projekti.com\/pilar-stari\/2018\/08\/dr-sc-danijel-vojak-na-obiljezavanju-medunarodnog-dana-sjecanja-na-romske-zrtve-genocida-u-drugom-svjetskom-ratu\/#breadcrumb\",\"itemListElement\":[{\"@type\":\"ListItem\",\"position\":1,\"name\":\"Home\",\"item\":\"https:\/\/www.vegaintro-projekti.com\/pilar-stari\/\"},{\"@type\":\"ListItem\",\"position\":2,\"name\":\"Dr. sc. Danijel Vojak na obilje\u017eavanju Me\u0111unarodnog dana sje\u0107anja na romske \u017ertve genocida u Drugom svjetskom ratu\"}]},{\"@type\":\"WebSite\",\"@id\":\"https:\/\/www.vegaintro-projekti.com\/pilar-stari\/#website\",\"url\":\"https:\/\/www.vegaintro-projekti.com\/pilar-stari\/\",\"name\":\"Institut dru&scaron;tvenih znanosti Ivo Pilar\",\"description\":\"Pilar\",\"potentialAction\":[{\"@type\":\"SearchAction\",\"target\":{\"@type\":\"EntryPoint\",\"urlTemplate\":\"https:\/\/www.vegaintro-projekti.com\/pilar-stari\/?s={search_term_string}\"},\"query-input\":\"required name=search_term_string\"}],\"inLanguage\":\"hr\"},{\"@type\":\"Person\",\"@id\":\"https:\/\/www.vegaintro-projekti.com\/pilar-stari\/#\/schema\/person\/ddd404c9f1e15e4ffef5986ac6a5d28b\",\"name\":\"Boris\",\"image\":{\"@type\":\"ImageObject\",\"inLanguage\":\"hr\",\"@id\":\"https:\/\/www.vegaintro-projekti.com\/pilar-stari\/#\/schema\/person\/image\/\",\"url\":\"https:\/\/secure.gravatar.com\/avatar\/29557b161a6ce6ab86ac1503164f1e90?s=96&d=mm&r=g\",\"contentUrl\":\"https:\/\/secure.gravatar.com\/avatar\/29557b161a6ce6ab86ac1503164f1e90?s=96&d=mm&r=g\",\"caption\":\"Boris\"},\"url\":\"https:\/\/www.vegaintro-projekti.com\/pilar-stari\/author\/boris\/\"}]}<\/script>\n<!-- \/ Yoast SEO plugin. -->","yoast_head_json":{"title":"Dr. sc. Danijel Vojak na obilje\u017eavanju Me\u0111unarodnog dana sje\u0107anja na romske \u017ertve genocida u Drugom svjetskom ratu - Institut dru&scaron;tvenih znanosti Ivo Pilar","robots":{"index":"noindex","follow":"follow","max-snippet":"max-snippet:-1","max-image-preview":"max-image-preview:large","max-video-preview":"max-video-preview:-1"},"og_locale":"hr_HR","og_type":"article","og_title":"Dr. sc. Danijel Vojak na obilje\u017eavanju Me\u0111unarodnog dana sje\u0107anja na romske \u017ertve genocida u Drugom svjetskom ratu - Institut dru&scaron;tvenih znanosti Ivo Pilar","og_description":"Kao predstavnik Instituta dru\u0161tvenih znanosti Ivo Pilar dr. sc. Danijel Vojak sudjelovao je 2. kolovoza 2018. na obilje\u017eavanju Me\u0111unarodnog dana sje\u0107anja na romske \u017ertve genocida u Drugom svjetskom ratu na romskom groblju U\u0161tici pored Jasenovca. Komemoracija se odr\u017eava od kolovoza 2012. godine u spomen na stradanje oko tri tisu\u0107e Roma u nacisti\u010dkom koncentracijskom logoru Auschwitzu&hellip; Pro\u010ditaj vi\u0161e o Dr. sc. Danijel Vojak na obilje\u017eavanju Me\u0111unarodnog dana sje\u0107anja na romske \u017ertve genocida u Drugom svjetskom ratu","og_url":"https:\/\/www.vegaintro-projekti.com\/pilar-stari\/2018\/08\/dr-sc-danijel-vojak-na-obiljezavanju-medunarodnog-dana-sjecanja-na-romske-zrtve-genocida-u-drugom-svjetskom-ratu\/","og_site_name":"Institut dru&scaron;tvenih znanosti Ivo Pilar","article_published_time":"2018-08-17T19:16:38+00:00","article_modified_time":"2020-10-28T19:19:26+00:00","og_image":[{"width":634,"height":420,"url":"https:\/\/www.vegaintro-projekti.com\/pilar-stari\/wp-content\/uploads\/2018\/08\/Danijel_Vojak_Ustice.jpg","type":"image\/jpeg"}],"author":"Boris","twitter_card":"summary_large_image","twitter_misc":{"Napisao\/la":"Boris","Procijenjeno vrijeme \u010ditanja":"1 minuta"},"schema":{"@context":"https:\/\/schema.org","@graph":[{"@type":"WebPage","@id":"https:\/\/www.vegaintro-projekti.com\/pilar-stari\/2018\/08\/dr-sc-danijel-vojak-na-obiljezavanju-medunarodnog-dana-sjecanja-na-romske-zrtve-genocida-u-drugom-svjetskom-ratu\/","url":"https:\/\/www.vegaintro-projekti.com\/pilar-stari\/2018\/08\/dr-sc-danijel-vojak-na-obiljezavanju-medunarodnog-dana-sjecanja-na-romske-zrtve-genocida-u-drugom-svjetskom-ratu\/","name":"Dr. sc. Danijel Vojak na obilje\u017eavanju Me\u0111unarodnog dana sje\u0107anja na romske \u017ertve genocida u Drugom svjetskom ratu - Institut dru&scaron;tvenih znanosti Ivo Pilar","isPartOf":{"@id":"https:\/\/www.vegaintro-projekti.com\/pilar-stari\/#website"},"datePublished":"2018-08-17T19:16:38+00:00","dateModified":"2020-10-28T19:19:26+00:00","author":{"@id":"https:\/\/www.vegaintro-projekti.com\/pilar-stari\/#\/schema\/person\/ddd404c9f1e15e4ffef5986ac6a5d28b"},"breadcrumb":{"@id":"https:\/\/www.vegaintro-projekti.com\/pilar-stari\/2018\/08\/dr-sc-danijel-vojak-na-obiljezavanju-medunarodnog-dana-sjecanja-na-romske-zrtve-genocida-u-drugom-svjetskom-ratu\/#breadcrumb"},"inLanguage":"hr","potentialAction":[{"@type":"ReadAction","target":["https:\/\/www.vegaintro-projekti.com\/pilar-stari\/2018\/08\/dr-sc-danijel-vojak-na-obiljezavanju-medunarodnog-dana-sjecanja-na-romske-zrtve-genocida-u-drugom-svjetskom-ratu\/"]}]},{"@type":"BreadcrumbList","@id":"https:\/\/www.vegaintro-projekti.com\/pilar-stari\/2018\/08\/dr-sc-danijel-vojak-na-obiljezavanju-medunarodnog-dana-sjecanja-na-romske-zrtve-genocida-u-drugom-svjetskom-ratu\/#breadcrumb","itemListElement":[{"@type":"ListItem","position":1,"name":"Home","item":"https:\/\/www.vegaintro-projekti.com\/pilar-stari\/"},{"@type":"ListItem","position":2,"name":"Dr. sc. Danijel Vojak na obilje\u017eavanju Me\u0111unarodnog dana sje\u0107anja na romske \u017ertve genocida u Drugom svjetskom ratu"}]},{"@type":"WebSite","@id":"https:\/\/www.vegaintro-projekti.com\/pilar-stari\/#website","url":"https:\/\/www.vegaintro-projekti.com\/pilar-stari\/","name":"Institut dru&scaron;tvenih znanosti Ivo Pilar","description":"Pilar","potentialAction":[{"@type":"SearchAction","target":{"@type":"EntryPoint","urlTemplate":"https:\/\/www.vegaintro-projekti.com\/pilar-stari\/?s={search_term_string}"},"query-input":"required name=search_term_string"}],"inLanguage":"hr"},{"@type":"Person","@id":"https:\/\/www.vegaintro-projekti.com\/pilar-stari\/#\/schema\/person\/ddd404c9f1e15e4ffef5986ac6a5d28b","name":"Boris","image":{"@type":"ImageObject","inLanguage":"hr","@id":"https:\/\/www.vegaintro-projekti.com\/pilar-stari\/#\/schema\/person\/image\/","url":"https:\/\/secure.gravatar.com\/avatar\/29557b161a6ce6ab86ac1503164f1e90?s=96&d=mm&r=g","contentUrl":"https:\/\/secure.gravatar.com\/avatar\/29557b161a6ce6ab86ac1503164f1e90?s=96&d=mm&r=g","caption":"Boris"},"url":"https:\/\/www.vegaintro-projekti.com\/pilar-stari\/author\/boris\/"}]}},"_links":{"self":[{"href":"https:\/\/www.vegaintro-projekti.com\/pilar-stari\/wp-json\/wp\/v2\/posts\/10492"}],"collection":[{"href":"https:\/\/www.vegaintro-projekti.com\/pilar-stari\/wp-json\/wp\/v2\/posts"}],"about":[{"href":"https:\/\/www.vegaintro-projekti.com\/pilar-stari\/wp-json\/wp\/v2\/types\/post"}],"author":[{"embeddable":true,"href":"https:\/\/www.vegaintro-projekti.com\/pilar-stari\/wp-json\/wp\/v2\/users\/7"}],"replies":[{"embeddable":true,"href":"https:\/\/www.vegaintro-projekti.com\/pilar-stari\/wp-json\/wp\/v2\/comments?post=10492"}],"version-history":[{"count":4,"href":"https:\/\/www.vegaintro-projekti.com\/pilar-stari\/wp-json\/wp\/v2\/posts\/10492\/revisions"}],"predecessor-version":[{"id":10503,"href":"https:\/\/www.vegaintro-projekti.com\/pilar-stari\/wp-json\/wp\/v2\/posts\/10492\/revisions\/10503"}],"wp:featuredmedia":[{"embeddable":true,"href":"https:\/\/www.vegaintro-projekti.com\/pilar-stari\/wp-json\/wp\/v2\/media\/10490"}],"wp:attachment":[{"href":"https:\/\/www.vegaintro-projekti.com\/pilar-stari\/wp-json\/wp\/v2\/media?parent=10492"}],"wp:term":[{"taxonomy":"category","embeddable":true,"href":"https:\/\/www.vegaintro-projekti.com\/pilar-stari\/wp-json\/wp\/v2\/categories?post=10492"},{"taxonomy":"post_tag","embeddable":true,"href":"https:\/\/www.vegaintro-projekti.com\/pilar-stari\/wp-json\/wp\/v2\/tags?post=10492"}],"curies":[{"name":"wp","href":"https:\/\/api.w.org\/{rel}","templated":true}]}}