{"id":10635,"date":"2018-09-14T10:37:23","date_gmt":"2018-09-14T10:37:23","guid":{"rendered":"https:\/\/www.vegaintro-projekti.com\/pilar-stari\/?p=10635"},"modified":"2020-10-28T19:18:17","modified_gmt":"2020-10-28T19:18:17","slug":"konferencijsko-priopcenje-u-berlinu-u-okviru-projekta-genmod-4-7-9-2018","status":"publish","type":"post","link":"https:\/\/www.vegaintro-projekti.com\/pilar-stari\/2018\/09\/konferencijsko-priopcenje-u-berlinu-u-okviru-projekta-genmod-4-7-9-2018\/","title":{"rendered":"Konferencijsko priop\u0107enje u Berlinu u okviru projekta GENMOD, 5.-6. 9. 2018."},"content":{"rendered":"<p><strong>Rezultati kvantitativnog dijela istra\u017eivanja provedenog po\u010detkom 2018. godine u okviru projekta GENMOD, \u0161to ga financira Hrvatska zaklada za znanost, predstavljeni su na konferenciji istra\u017eiva\u010dke mre\u017ee Europske sociolo\u0161ke asocijacije za dru\u0161tvenu teoriju (Midterm Conference of the Research Network 29 \u201cSocial Theory\u201c of the European Sociological Association). Konferencija se odr\u017eala u Berlinu od 5. do 6. rujna 2018. na temu Refigurations of Society: Sociological Perspectives on Modernity in Transition (Refiguracije dru\u0161tva: sociolo\u0161ki pogledi na modernost u tranziciji).<\/strong> \u2212 <a href=\"http:\/\/socialtheory.eu\/Program_Sessions_Refigurations_of_Society.pdf\">Program konferencije<\/a><\/p>\n<p><a href=\"http:\/\/socialtheory.eu\/Program_Sessions_Refigurations_of_Society.pdf\"><img decoding=\"async\" loading=\"lazy\" class=\"alignnone wp-image-10634 size-full\" src=\"https:\/\/www.vegaintro-projekti.com\/pilar-stari\/wp-content\/uploads\/2018\/09\/TU_Refiguration_LayoutWEB_anim2.gif\" alt=\"\" width=\"625\" height=\"186\"><\/a><\/p>\n<p>&#8211; <a href=\"http:\/\/socialtheory.eu\/Program_Sessions_Refigurations_of_Society.pdf\">Program konferencije &#8220;Refigurations of Society: Sociological Perspectives on Modernity in Transition&#8221;; Berlin, 5.-6. rujna 2018.<\/a><\/p>\n<p>U izlaganju <strong>Inge Tomic-Koludrovi\u0107<\/strong>, <strong>Mirka Petri\u0107a<\/strong> i <strong>Ivana Puzeka<\/strong>, odr\u017eanom 6. rujna 2018., s naslovom <em>Disentangling a complicated modernity: The case of post-transitional Croatia<\/em> (Razmr\u0161avanje komplicirane modernosti: slucaj post-tranzicijske Hrvatske) razmatrani su stavovi o modernosti, razvoju i rodu, koji svjedo\u0107e o &#8220;djelomi\u010dnom usvajanju modernizacijskih vrijednosti\u201c u hrvatskom dru\u0161tvu.&nbsp;<\/p>\n<blockquote><p><a href=\"https:\/\/www.vegaintro-projekti.com\/pilar-stari\/2017\/05\/genmod-relational-gender-identities-in-croatia-modernization-and-development-perspectives\/\">Projekt GENMOD<\/a><\/p>\n<p><a href=\"https:\/\/www.vegaintro-projekti.com\/pilar-stari\/2010\/07\/podruni-centar-split-2\/\">Podru\u010dni centar Split<\/a><\/p><\/blockquote>\n","protected":false},"excerpt":{"rendered":"<p>Rezultati kvantitativnog dijela istra\u017eivanja provedenog po\u010detkom 2018. godine u okviru projekta GENMOD, \u0161to ga financira Hrvatska zaklada za znanost, predstavljeni su na konferenciji istra\u017eiva\u010dke mre\u017ee Europske sociolo\u0161ke asocijacije za dru\u0161tvenu teoriju (Midterm Conference of the Research Network 29 \u201cSocial Theory\u201c of the European Sociological Association). Konferencija se odr\u017eala u Berlinu od 5. do 6. rujna&hellip; <a class=\"continue\" href=\"https:\/\/www.vegaintro-projekti.com\/pilar-stari\/2018\/09\/konferencijsko-priopcenje-u-berlinu-u-okviru-projekta-genmod-4-7-9-2018\/\">Pro\u010ditaj vi\u0161e o<span> Konferencijsko priop\u0107enje u Berlinu u okviru projekta GENMOD, 5.-6. 9. 2018.<\/span><\/a><\/p>\n","protected":false},"author":7,"featured_media":10634,"comment_status":"closed","ping_status":"closed","sticky":false,"template":"","format":"standard","meta":{"inline_featured_image":false,"ngg_post_thumbnail":0,"footnotes":""},"categories":[11],"tags":[],"yoast_head":"<!-- This site is optimized with the Yoast SEO plugin v21.2 - https:\/\/yoast.com\/wordpress\/plugins\/seo\/ -->\n<title>Konferencijsko priop\u0107enje u Berlinu u okviru projekta GENMOD, 5.-6. 9. 2018. - Institut dru&scaron;tvenih znanosti Ivo Pilar<\/title>\n<meta name=\"robots\" content=\"noindex, follow, max-snippet:-1, max-image-preview:large, max-video-preview:-1\" \/>\n<meta property=\"og:locale\" content=\"hr_HR\" \/>\n<meta property=\"og:type\" content=\"article\" \/>\n<meta property=\"og:title\" content=\"Konferencijsko priop\u0107enje u Berlinu u okviru projekta GENMOD, 5.-6. 9. 2018. - Institut dru&scaron;tvenih znanosti Ivo Pilar\" \/>\n<meta property=\"og:description\" content=\"Rezultati kvantitativnog dijela istra\u017eivanja provedenog po\u010detkom 2018. godine u okviru projekta GENMOD, \u0161to ga financira Hrvatska zaklada za znanost, predstavljeni su na konferenciji istra\u017eiva\u010dke mre\u017ee Europske sociolo\u0161ke asocijacije za dru\u0161tvenu teoriju (Midterm Conference of the Research Network 29 \u201cSocial Theory\u201c of the European Sociological Association). Konferencija se odr\u017eala u Berlinu od 5. do 6. rujna&hellip; Pro\u010ditaj vi\u0161e o Konferencijsko priop\u0107enje u Berlinu u okviru projekta GENMOD, 5.-6. 9. 2018.\" \/>\n<meta property=\"og:url\" content=\"https:\/\/www.vegaintro-projekti.com\/pilar-stari\/2018\/09\/konferencijsko-priopcenje-u-berlinu-u-okviru-projekta-genmod-4-7-9-2018\/\" \/>\n<meta property=\"og:site_name\" content=\"Institut dru&scaron;tvenih znanosti Ivo Pilar\" \/>\n<meta property=\"article:published_time\" content=\"2018-09-14T10:37:23+00:00\" \/>\n<meta property=\"article:modified_time\" content=\"2020-10-28T19:18:17+00:00\" \/>\n<meta property=\"og:image\" content=\"https:\/\/www.vegaintro-projekti.com\/pilar-stari\/wp-content\/uploads\/2018\/09\/TU_Refiguration_LayoutWEB_anim2.gif\" \/>\n\t<meta property=\"og:image:width\" content=\"625\" \/>\n\t<meta property=\"og:image:height\" content=\"186\" \/>\n\t<meta property=\"og:image:type\" content=\"image\/gif\" \/>\n<meta name=\"author\" content=\"Boris\" \/>\n<meta name=\"twitter:card\" content=\"summary_large_image\" \/>\n<meta name=\"twitter:label1\" content=\"Napisao\/la\" \/>\n\t<meta name=\"twitter:data1\" content=\"Boris\" \/>\n\t<meta name=\"twitter:label2\" content=\"Procijenjeno vrijeme \u010ditanja\" \/>\n\t<meta name=\"twitter:data2\" content=\"1 minuta\" \/>\n<script type=\"application\/ld+json\" class=\"yoast-schema-graph\">{\"@context\":\"https:\/\/schema.org\",\"@graph\":[{\"@type\":\"WebPage\",\"@id\":\"https:\/\/www.vegaintro-projekti.com\/pilar-stari\/2018\/09\/konferencijsko-priopcenje-u-berlinu-u-okviru-projekta-genmod-4-7-9-2018\/\",\"url\":\"https:\/\/www.vegaintro-projekti.com\/pilar-stari\/2018\/09\/konferencijsko-priopcenje-u-berlinu-u-okviru-projekta-genmod-4-7-9-2018\/\",\"name\":\"Konferencijsko priop\u0107enje u Berlinu u okviru projekta GENMOD, 5.-6. 9. 2018. - Institut dru&scaron;tvenih znanosti Ivo Pilar\",\"isPartOf\":{\"@id\":\"https:\/\/www.vegaintro-projekti.com\/pilar-stari\/#website\"},\"datePublished\":\"2018-09-14T10:37:23+00:00\",\"dateModified\":\"2020-10-28T19:18:17+00:00\",\"author\":{\"@id\":\"https:\/\/www.vegaintro-projekti.com\/pilar-stari\/#\/schema\/person\/ddd404c9f1e15e4ffef5986ac6a5d28b\"},\"breadcrumb\":{\"@id\":\"https:\/\/www.vegaintro-projekti.com\/pilar-stari\/2018\/09\/konferencijsko-priopcenje-u-berlinu-u-okviru-projekta-genmod-4-7-9-2018\/#breadcrumb\"},\"inLanguage\":\"hr\",\"potentialAction\":[{\"@type\":\"ReadAction\",\"target\":[\"https:\/\/www.vegaintro-projekti.com\/pilar-stari\/2018\/09\/konferencijsko-priopcenje-u-berlinu-u-okviru-projekta-genmod-4-7-9-2018\/\"]}]},{\"@type\":\"BreadcrumbList\",\"@id\":\"https:\/\/www.vegaintro-projekti.com\/pilar-stari\/2018\/09\/konferencijsko-priopcenje-u-berlinu-u-okviru-projekta-genmod-4-7-9-2018\/#breadcrumb\",\"itemListElement\":[{\"@type\":\"ListItem\",\"position\":1,\"name\":\"Home\",\"item\":\"https:\/\/www.vegaintro-projekti.com\/pilar-stari\/\"},{\"@type\":\"ListItem\",\"position\":2,\"name\":\"Konferencijsko priop\u0107enje u Berlinu u okviru projekta GENMOD, 5.-6. 9. 2018.\"}]},{\"@type\":\"WebSite\",\"@id\":\"https:\/\/www.vegaintro-projekti.com\/pilar-stari\/#website\",\"url\":\"https:\/\/www.vegaintro-projekti.com\/pilar-stari\/\",\"name\":\"Institut dru&scaron;tvenih znanosti Ivo Pilar\",\"description\":\"Pilar\",\"potentialAction\":[{\"@type\":\"SearchAction\",\"target\":{\"@type\":\"EntryPoint\",\"urlTemplate\":\"https:\/\/www.vegaintro-projekti.com\/pilar-stari\/?s={search_term_string}\"},\"query-input\":\"required name=search_term_string\"}],\"inLanguage\":\"hr\"},{\"@type\":\"Person\",\"@id\":\"https:\/\/www.vegaintro-projekti.com\/pilar-stari\/#\/schema\/person\/ddd404c9f1e15e4ffef5986ac6a5d28b\",\"name\":\"Boris\",\"image\":{\"@type\":\"ImageObject\",\"inLanguage\":\"hr\",\"@id\":\"https:\/\/www.vegaintro-projekti.com\/pilar-stari\/#\/schema\/person\/image\/\",\"url\":\"https:\/\/secure.gravatar.com\/avatar\/29557b161a6ce6ab86ac1503164f1e90?s=96&d=mm&r=g\",\"contentUrl\":\"https:\/\/secure.gravatar.com\/avatar\/29557b161a6ce6ab86ac1503164f1e90?s=96&d=mm&r=g\",\"caption\":\"Boris\"},\"url\":\"https:\/\/www.vegaintro-projekti.com\/pilar-stari\/author\/boris\/\"}]}<\/script>\n<!-- \/ Yoast SEO plugin. -->","yoast_head_json":{"title":"Konferencijsko priop\u0107enje u Berlinu u okviru projekta GENMOD, 5.-6. 9. 2018. - Institut dru&scaron;tvenih znanosti Ivo Pilar","robots":{"index":"noindex","follow":"follow","max-snippet":"max-snippet:-1","max-image-preview":"max-image-preview:large","max-video-preview":"max-video-preview:-1"},"og_locale":"hr_HR","og_type":"article","og_title":"Konferencijsko priop\u0107enje u Berlinu u okviru projekta GENMOD, 5.-6. 9. 2018. - Institut dru&scaron;tvenih znanosti Ivo Pilar","og_description":"Rezultati kvantitativnog dijela istra\u017eivanja provedenog po\u010detkom 2018. godine u okviru projekta GENMOD, \u0161to ga financira Hrvatska zaklada za znanost, predstavljeni su na konferenciji istra\u017eiva\u010dke mre\u017ee Europske sociolo\u0161ke asocijacije za dru\u0161tvenu teoriju (Midterm Conference of the Research Network 29 \u201cSocial Theory\u201c of the European Sociological Association). Konferencija se odr\u017eala u Berlinu od 5. do 6. rujna&hellip; Pro\u010ditaj vi\u0161e o Konferencijsko priop\u0107enje u Berlinu u okviru projekta GENMOD, 5.-6. 9. 2018.","og_url":"https:\/\/www.vegaintro-projekti.com\/pilar-stari\/2018\/09\/konferencijsko-priopcenje-u-berlinu-u-okviru-projekta-genmod-4-7-9-2018\/","og_site_name":"Institut dru&scaron;tvenih znanosti Ivo Pilar","article_published_time":"2018-09-14T10:37:23+00:00","article_modified_time":"2020-10-28T19:18:17+00:00","og_image":[{"width":625,"height":186,"url":"https:\/\/www.vegaintro-projekti.com\/pilar-stari\/wp-content\/uploads\/2018\/09\/TU_Refiguration_LayoutWEB_anim2.gif","type":"image\/gif"}],"author":"Boris","twitter_card":"summary_large_image","twitter_misc":{"Napisao\/la":"Boris","Procijenjeno vrijeme \u010ditanja":"1 minuta"},"schema":{"@context":"https:\/\/schema.org","@graph":[{"@type":"WebPage","@id":"https:\/\/www.vegaintro-projekti.com\/pilar-stari\/2018\/09\/konferencijsko-priopcenje-u-berlinu-u-okviru-projekta-genmod-4-7-9-2018\/","url":"https:\/\/www.vegaintro-projekti.com\/pilar-stari\/2018\/09\/konferencijsko-priopcenje-u-berlinu-u-okviru-projekta-genmod-4-7-9-2018\/","name":"Konferencijsko priop\u0107enje u Berlinu u okviru projekta GENMOD, 5.-6. 9. 2018. - Institut dru&scaron;tvenih znanosti Ivo Pilar","isPartOf":{"@id":"https:\/\/www.vegaintro-projekti.com\/pilar-stari\/#website"},"datePublished":"2018-09-14T10:37:23+00:00","dateModified":"2020-10-28T19:18:17+00:00","author":{"@id":"https:\/\/www.vegaintro-projekti.com\/pilar-stari\/#\/schema\/person\/ddd404c9f1e15e4ffef5986ac6a5d28b"},"breadcrumb":{"@id":"https:\/\/www.vegaintro-projekti.com\/pilar-stari\/2018\/09\/konferencijsko-priopcenje-u-berlinu-u-okviru-projekta-genmod-4-7-9-2018\/#breadcrumb"},"inLanguage":"hr","potentialAction":[{"@type":"ReadAction","target":["https:\/\/www.vegaintro-projekti.com\/pilar-stari\/2018\/09\/konferencijsko-priopcenje-u-berlinu-u-okviru-projekta-genmod-4-7-9-2018\/"]}]},{"@type":"BreadcrumbList","@id":"https:\/\/www.vegaintro-projekti.com\/pilar-stari\/2018\/09\/konferencijsko-priopcenje-u-berlinu-u-okviru-projekta-genmod-4-7-9-2018\/#breadcrumb","itemListElement":[{"@type":"ListItem","position":1,"name":"Home","item":"https:\/\/www.vegaintro-projekti.com\/pilar-stari\/"},{"@type":"ListItem","position":2,"name":"Konferencijsko priop\u0107enje u Berlinu u okviru projekta GENMOD, 5.-6. 9. 2018."}]},{"@type":"WebSite","@id":"https:\/\/www.vegaintro-projekti.com\/pilar-stari\/#website","url":"https:\/\/www.vegaintro-projekti.com\/pilar-stari\/","name":"Institut dru&scaron;tvenih znanosti Ivo Pilar","description":"Pilar","potentialAction":[{"@type":"SearchAction","target":{"@type":"EntryPoint","urlTemplate":"https:\/\/www.vegaintro-projekti.com\/pilar-stari\/?s={search_term_string}"},"query-input":"required name=search_term_string"}],"inLanguage":"hr"},{"@type":"Person","@id":"https:\/\/www.vegaintro-projekti.com\/pilar-stari\/#\/schema\/person\/ddd404c9f1e15e4ffef5986ac6a5d28b","name":"Boris","image":{"@type":"ImageObject","inLanguage":"hr","@id":"https:\/\/www.vegaintro-projekti.com\/pilar-stari\/#\/schema\/person\/image\/","url":"https:\/\/secure.gravatar.com\/avatar\/29557b161a6ce6ab86ac1503164f1e90?s=96&d=mm&r=g","contentUrl":"https:\/\/secure.gravatar.com\/avatar\/29557b161a6ce6ab86ac1503164f1e90?s=96&d=mm&r=g","caption":"Boris"},"url":"https:\/\/www.vegaintro-projekti.com\/pilar-stari\/author\/boris\/"}]}},"_links":{"self":[{"href":"https:\/\/www.vegaintro-projekti.com\/pilar-stari\/wp-json\/wp\/v2\/posts\/10635"}],"collection":[{"href":"https:\/\/www.vegaintro-projekti.com\/pilar-stari\/wp-json\/wp\/v2\/posts"}],"about":[{"href":"https:\/\/www.vegaintro-projekti.com\/pilar-stari\/wp-json\/wp\/v2\/types\/post"}],"author":[{"embeddable":true,"href":"https:\/\/www.vegaintro-projekti.com\/pilar-stari\/wp-json\/wp\/v2\/users\/7"}],"replies":[{"embeddable":true,"href":"https:\/\/www.vegaintro-projekti.com\/pilar-stari\/wp-json\/wp\/v2\/comments?post=10635"}],"version-history":[{"count":6,"href":"https:\/\/www.vegaintro-projekti.com\/pilar-stari\/wp-json\/wp\/v2\/posts\/10635\/revisions"}],"predecessor-version":[{"id":10641,"href":"https:\/\/www.vegaintro-projekti.com\/pilar-stari\/wp-json\/wp\/v2\/posts\/10635\/revisions\/10641"}],"wp:featuredmedia":[{"embeddable":true,"href":"https:\/\/www.vegaintro-projekti.com\/pilar-stari\/wp-json\/wp\/v2\/media\/10634"}],"wp:attachment":[{"href":"https:\/\/www.vegaintro-projekti.com\/pilar-stari\/wp-json\/wp\/v2\/media?parent=10635"}],"wp:term":[{"taxonomy":"category","embeddable":true,"href":"https:\/\/www.vegaintro-projekti.com\/pilar-stari\/wp-json\/wp\/v2\/categories?post=10635"},{"taxonomy":"post_tag","embeddable":true,"href":"https:\/\/www.vegaintro-projekti.com\/pilar-stari\/wp-json\/wp\/v2\/tags?post=10635"}],"curies":[{"name":"wp","href":"https:\/\/api.w.org\/{rel}","templated":true}]}}