{"id":10716,"date":"2018-10-01T20:53:41","date_gmt":"2018-10-01T20:53:41","guid":{"rendered":"https:\/\/www.vegaintro-projekti.com\/pilar-stari\/?p=10716"},"modified":"2023-05-28T17:22:47","modified_gmt":"2023-05-28T17:22:47","slug":"institut-u-projektu-cultural-heritage-and-identities-of-europes-future-chief","status":"publish","type":"post","link":"https:\/\/www.vegaintro-projekti.com\/pilar-stari\/2018\/10\/institut-u-projektu-cultural-heritage-and-identities-of-europes-future-chief\/","title":{"rendered":"Institut Pilar u projektu Cultural Heritage and Identities of Europe&#8217;s Future \u2013 CHIEF"},"content":{"rendered":"<p><strong>U Splitu, u prostorijama Mediteranskog instituta za istra\u017eivanje \u017eivota, od 26. do 28. rujna 2018. odr\u017ean je kick-off meeting me\u0111unarodnog znanstvenog projekta <em>Cultural Heritage and Identities of Europe&#8217;s Future \u2013 CHIEF<\/em>. Projekt je odobren na natje\u010daju programa Europske unije za istra\u017eivanje i inovacije Horizon 2020 \u201eUnderstanding Europe &#8211; Promoting the European Public and Cultural Space\u201c:<\/strong> <a href=\"https:\/\/cordis.europa.eu\/project\/rcn\/216027_en.html\">H2020-SC6-CULT-COOP-2016-2017<\/a> &#8211; <a href=\"#novosti\">Novosti<\/a><\/p>\n<p><a href=\"https:\/\/www.vegaintro-projekti.com\/pilar-stari\/wp-content\/uploads\/2018\/10\/chief_3.jpg\"><img decoding=\"async\" loading=\"lazy\" class=\"alignnone wp-image-10712 \" src=\"https:\/\/www.vegaintro-projekti.com\/pilar-stari\/wp-content\/uploads\/2018\/10\/chief_3s.jpg\" alt=\"\" width=\"308\" height=\"231\" srcset=\"https:\/\/www.vegaintro-projekti.com\/pilar-stari\/wp-content\/uploads\/2018\/10\/chief_3s.jpg 320w, https:\/\/www.vegaintro-projekti.com\/pilar-stari\/wp-content\/uploads\/2018\/10\/chief_3s-300x225.jpg 300w\" sizes=\"(max-width: 308px) 100vw, 308px\" \/><\/a><a href=\"https:\/\/www.vegaintro-projekti.com\/pilar-stari\/wp-content\/uploads\/2018\/10\/chief_4.jpg\"><img decoding=\"async\" loading=\"lazy\" class=\"alignnone wp-image-10714 \" src=\"https:\/\/www.vegaintro-projekti.com\/pilar-stari\/wp-content\/uploads\/2018\/10\/chief_4s.jpg\" alt=\"\" width=\"308\" height=\"231\" srcset=\"https:\/\/www.vegaintro-projekti.com\/pilar-stari\/wp-content\/uploads\/2018\/10\/chief_4s.jpg 320w, https:\/\/www.vegaintro-projekti.com\/pilar-stari\/wp-content\/uploads\/2018\/10\/chief_4s-300x225.jpg 300w\" sizes=\"(max-width: 308px) 100vw, 308px\" \/><\/a><a href=\"https:\/\/www.vegaintro-projekti.com\/pilar-stari\/wp-content\/uploads\/2018\/10\/chief_2.jpg\"><img decoding=\"async\" loading=\"lazy\" class=\"alignnone wp-image-10710 \" src=\"https:\/\/www.vegaintro-projekti.com\/pilar-stari\/wp-content\/uploads\/2018\/10\/chief_2s.jpg\" alt=\"\" width=\"616\" height=\"462\" srcset=\"https:\/\/www.vegaintro-projekti.com\/pilar-stari\/wp-content\/uploads\/2018\/10\/chief_2s.jpg 640w, https:\/\/www.vegaintro-projekti.com\/pilar-stari\/wp-content\/uploads\/2018\/10\/chief_2s-300x225.jpg 300w\" sizes=\"(max-width: 616px) 100vw, 616px\" \/><\/a><\/p>\n<p><span style=\"font-size: 10pt;\"><strong>Kick-off meeting projekta Cultural Heritage and Identities of Europe&#8217;s Future \u2013 CHIEF; Split, 26.-28. rujna 2018.<\/strong><\/span><\/p>\n<p>Bud\u017eet projekta iznosi 4,58 milijuna eura i zapo\u010deo je s radom 1. svibnja 2018. godine. Koncipiran je u deset radnih paketa, teorijski i terenski vrlo izazovnih i zahtjevnih. Terenska istra\u017eivanja provodit \u0107e se na populaciji mladih od 14 do 25 godina. U Splitu su znanstvenici kroz rasprave usugla\u0161avali razli\u010dite teorijske, metodolo\u0161ke i operativne aspekte provedbe istra\u017eivanja u svakoj od zemalja uklju\u010denih u projekt. Sljede\u0107i susret timova uklju\u010denih u projekt odr\u017eat \u0107e se u prosincu 2018. godine u Latviji (Riga).<\/p>\n<p><img decoding=\"async\" loading=\"lazy\" class=\"size-full wp-image-10715 alignleft\" src=\"https:\/\/www.vegaintro-projekti.com\/pilar-stari\/wp-content\/uploads\/2018\/10\/chief_logo.jpg\" alt=\"\" width=\"110\" height=\"79\">Istra\u017eiva\u010dki tim Instituta Pilar partner je projekta, te \u010dini konzorcij uz jo\u0161 devet znanstvenih institucija: ASTON UNIVERSITY (Birmingham, UK); DAUGAVPILS UNIVERSITATE (Riga, Latvija), CRRC GEORGIA NON-ENTREPRENEURIAL (NON-COMMERCIAL (Tbilisi, Gruzija), MIMAR SINAN FINE ARTS UNIVERSITY (Istanbul, Turska), UNIVERSIDAD POMPEU FABRA (Barcelona, \u0160panjolska), CULTURE COVENTRY (Coventry, UK), UNIVERZITA KOMENSKEHO V BRATISLAVE (Bratislava, Slova\u010dka), THE SAVITRIBAI PHULE PUNE UNIVERSITY (Pune, Indija), HOCHSCHULE F\u00dcR ANGEWANDTE WISSENSCHAFTEN (Hamburg, Njema\u010dka). Koordinator projekta je Aston University iz Birminghama.<\/p>\n<p>Istra\u017eiva\u010dki tim Instituta Ivo Pilar vodit \u0107e Benjamin Perasovi\u0107, a u timu su Renata Franc, Goran Milas, Marko Mustapi\u0107, Ines Su\u010di\u0107, Ivan Hrsti\u0107, Vanja Dergi\u0107 i Dino Vuku\u0161i\u0107.<\/p>\n<p><span style=\"font-size: 14pt;\"><a id=\"novosti\"><\/a>Novosti<\/span><\/p>\n<p>&#8211; <a href=\"https:\/\/www.vegaintro-projekti.com\/pilar-stari\/2023\/05\/dr-sc-renata-franc-i-marina-maglic-klimatske-promjene-su-globalan-izazov-koji-zahtijeva-i-globalan-odgovor-24-5-2023\/\">Dr. sc. Renata Franc i Marina Magli\u0107: \u201eKlimatske promjene su globalan izazov koji zahtijeva i globalan odgovor\u201c, 24. 5. 2023.<\/a><br \/>\n&#8211; <a href=\"https:\/\/www.vegaintro-projekti.com\/pilar-stari\/2023\/04\/predstavljanje-znanstvenog-rada-kulturna-participacija-medu-hrvatskim-adolescentima-u-emisiji-kozmos-i-etos-27-4-2023\/\">Predstavljanje znanstvenog rada Kulturna participacija, kulturna socijalizacija i prijenos kulture me\u0111u hrvatskim adolescentima u emisiji \u201eKozmos i etos\u201c, 27. 4. 2023.<\/a><br \/>\n&#8211; <a href=\"https:\/\/www.vegaintro-projekti.com\/pilar-stari\/2023\/03\/projekt-chief-radovi-projekta-u-tematu-casopisa-sociologija-i-prostor-br-3-2022\/\">Projekt CHIEF: Radovi projekta u tematu \u010dasopisa Sociologija i prostor, br. 3\/2022.<\/a><br \/>\n&#8211; <a href=\"https:\/\/www.vegaintro-projekti.com\/pilar-stari\/2022\/09\/dr-sc-marko-mustapic-dr-sc-ben-perasovic-dino-vukusic-i-vanja-dergic-na-konferenciji-ordinary-cities-in-exceptional-times-u-ateni-24-26-6-2022\/\">Dr. sc. Marko Mustapi\u0107, dr. sc. Ben Perasovi\u0107, Dino Vuku\u0161i\u0107 i Vanja Dergi\u0107 na konferenciji &#8220;Ordinary Cities in Exceptional Times&#8221; u Ateni, 24.-26. 8. 2022.<\/a><br \/>\n&#8211; <a href=\"https:\/\/www.vegaintro-projekti.com\/pilar-stari\/2021\/11\/dr-sc-renata-franc-i-dr-sc-benjamin-perasovic-skola-ima-mali-utjecaj-na-poznavanje-povijesti-i-formiranje-stavova-kod-mladih-16-11-2021\/\">Dr. sc. Renata Franc i dr. sc. Benjamin Perasovi\u0107: \u201c\u0160kola ima mali utjecaj na poznavanje povijesti i formiranje stavova kod mladih\u201d, 16. 11. 2021.<\/a><br \/>\n&#8211; <a href=\"https:\/\/www.vegaintro-projekti.com\/pilar-stari\/2021\/11\/projekt-chief-mladi-hrvati-izmedu-europe-i-cajki-6-11-2021\/\">Projekt CHIEF: &#8220;Mladi Hrvati izme\u0111u Europe i cajki&#8221;, 6. 11. 2021.<\/a><br \/>\n&#8211; <a href=\"https:\/\/www.vegaintro-projekti.com\/pilar-stari\/2021\/10\/zavrsna-konferencija-projekta-chief-6-8-10-2021\/\">Zavr\u0161na konferencija projekta CHIEF, 6.-8. listopada 2021.<\/a><br \/>\n&#8211; <a href=\"https:\/\/www.vegaintro-projekti.com\/pilar-stari\/2021\/10\/odrzan-3-sastanak-savjeta-strucnjaka-partnera-projekta-chief-eu-obzor-2020-29-9-2021\/\">Odr\u017ean 3. sastanak Savjeta stru\u010dnjaka partnera projekta CHIEF (EU Obzor 2020), 29. 9. 2021.<\/a><br \/>\n&#8211; <a href=\"https:\/\/www.vegaintro-projekti.com\/pilar-stari\/2021\/09\/dino-vukusic-dobitnik-nagrade-za-mlade-istrazivace-na-medunarodnoj-znanstvenoj-konferenciji-u-opatiji-15-19-9-2021\/\">Dino Vuku\u0161i\u0107 dobitnik nagrade za mlade istra\u017eiva\u010de na Me\u0111unarodnoj znanstvenoj konferenciji u Opatiji, 15.-19. 9. 2021.<\/a><br \/>\n&#8211; <a href=\"https:\/\/www.vegaintro-projekti.com\/pilar-stari\/2021\/09\/istrazivacki-tim-projekta-chief-na-konferenciji-cesh-ishpes-2021-sport-and-politics-from-antiquity-to-the-modern-day-lisabon-14-16-9-2021\/\">Istra\u017eiva\u010dki tim projekta CHIEF na konferenciji CESH\/ISHPES 2021: Sport and Politics from Antiquity to the Modern Day, 14.-16. 9. 2021.<\/a><br \/>\n&#8211; <a href=\"https:\/\/www.vegaintro-projekti.com\/pilar-stari\/2021\/09\/istrazivacki-tim-projekta-chief-na-konferenciji-esa-e-sociological-knowledges-for-alternative-futures-barcelona-31-8-3-9-2021\/\">Istra\u017eiva\u010dki tim projekta CHIEF na konferenciji ESA-e &#8220;Sociological Knowledges for Alternative Futures&#8221;; Barcelona, 31. 8. &#8211; 3. 9. 2021.<\/a><br \/>\n&#8211; <a href=\"https:\/\/www.vegaintro-projekti.com\/pilar-stari\/2021\/08\/dr-sc-marko-mustapic-dr-sc-benjamin-perasovic-i-dino-vukusic-na-international-conference-on-sports-studies-18-7-2021\/\">Dr. sc. Marko Mustapi\u0107, dr. sc. Benjamin Perasovi\u0107 i Dino Vuku\u0161i\u0107 na \u201eInternational Conference on Sports Studies\u201c, 18. 7. 2021.<\/a><br \/>\n&#8211; <a href=\"https:\/\/www.vegaintro-projekti.com\/pilar-stari\/2021\/07\/tomislav-pavlovic-na-44-godisnjoj-konferenciji-medunarodnog-drustva-politicke-psihologije-ispp-11-13-7-2021\/\">Tomislav Pavlovi\u0107 na 44. godi\u0161njoj konferenciji Me\u0111unarodnog dru\u0161tva politi\u010dke psihologije (ISPP), 11.-13. 7. 2021.<\/a><br \/>\n&#8211; <a href=\"https:\/\/www.vegaintro-projekti.com\/pilar-stari\/2021\/07\/marina-maglic-i-tomislav-pavlovic-predstavili-nalaze-chief-projekta-na-26-svjetskom-kongresu-medunarodnog-udruzenja-politickih-znanosti-ipsa-10-15-7-2021\/\">Marina Magli\u0107 i Tomislav Pavlovi\u0107 predstavili nalaze CHIEF projekta na 26. Svjetskom kongresu Me\u0111unarodnog udru\u017eenja politi\u010dkih znanosti (IPSA), 10.-15. 7. 2021.<\/a><br \/>\n&#8211; <a href=\"https:\/\/www.vegaintro-projekti.com\/pilar-stari\/2021\/07\/znanstvenici-instituta-na-medunarodnoj-konferenciji-sport-granada-24-25-6-2021\/\">Znanstvenici Instituta na me\u0111unarodnoj konferenciji \u201eSport &amp; Society in Crisis\u201c; Granada, 24.-25. 6. 2021.<\/a><br \/>\n&#8211; <a href=\"https:\/\/www.vegaintro-projekti.com\/pilar-stari\/2021\/06\/dr-sc-marko-mustapic-i-dino-vukusic-na-konferenciji-youth-work-in-flux-an-academic-point-of-view-on-youth-work-training-and-education-16-6-2021\/\">Dr. sc. Marko Mustapi\u0107 i Dino Vuku\u0161i\u0107 na konferenciji \u201eYouth work in flux: an academic point of view on youth work training and education\u201c, 16. 6. 2021.<\/a><br \/>\n&#8211; <a href=\"https:\/\/www.vegaintro-projekti.com\/pilar-stari\/2021\/03\/odrzan-2-sastanak-savjet-strucnjaka-partnera-projekt-chief-eu-obzor2000-18-3-2021\/\">Odr\u017ean 2. sastanak Savjet stru\u010dnjaka partnera projekt CHIEF (EU Obzor2000), 18. 3. 2021.<\/a><br \/>\n&#8211; <a href=\"https:\/\/www.vegaintro-projekti.com\/pilar-stari\/2020\/12\/chief-projekt-eu-horizon-2020-odrzan-sastanak-konzorcija-projekta-25-27-11-2020\/\">CHIEF projekt (EU Horizon 2020): Odr\u017ean sastanak konzorcija projekta, 25.-27. 11. 2020.<\/a><br \/>\n&#8211; <a href=\"https:\/\/www.vegaintro-projekti.com\/pilar-stari\/2020\/07\/psiholozi-instituta-na-43-godisnjoj-konferenciji-medunarodnog-drustva-politicke-psihologije-ispp-14-16-7-2020\/\">Psiholozi Instituta Pilar na 43. godi\u0161njoj konferenciji Me\u0111unarodnog dru\u0161tva politi\u010dke psihologije (ISPP), 14.-16. 7. 2020.<\/a><br \/>\n&#8211; <a href=\"https:\/\/www.vegaintro-projekti.com\/pilar-stari\/2019\/07\/osnovan-savjet-strucnjaka-partnera-na-projektu-chief-11-srpnja-2019\/\">Osnovan Savjet stru\u010dnjaka partnera na projektu CHIEF, 11. srpnja 2019.<\/a><br \/>\n&#8211;&nbsp;<a href=\"https:\/\/www.vegaintro-projekti.com\/pilar-stari\/2019\/07\/radionica-snimanja-kratkih-filmova-u-sklopu-projekta-chief-11-12-lipanj-2019\/\">Radionica snimanja kratkih filmova u sklopu projekta CHIEF, 11.-12. lipnja 2019.<\/a><br \/>\n&#8211;&nbsp;<a href=\"https:\/\/www.vegaintro-projekti.com\/pilar-stari\/2019\/02\/aktivnosti-na-projektu-cultural-heritage-and-identities-of-europes-future-berlin-12-15-2-2019\/\">Aktivnosti na projektu Obzor 2020. CHIEF: Cultural Heritage and Identities of Europe\u2019s Future; Berlin, 12.-15. 2. 2019.<br \/>\n<\/a>&#8211; <a href=\"https:\/\/www.vegaintro-projekti.com\/pilar-stari\/2018\/11\/sudjelovanje-na-medunarodnoj-konferenciji-o-studijama-mladih-u-helsinkiju-5-6-11-2018\/\">Sudjelovanje na me\u0111unarodnoj konferenciji o studijama mladih u Helsinkiju, 5.-6. 11. 2018.<\/a><br \/>\n&#8211;&nbsp;<a href=\"https:\/\/www.vegaintro-projekti.com\/pilar-stari\/2018\/05\/natjecaj-za-asistenta-projekt-chief-hrvatska-zaklada-za-znanost-od-18-5-2018\/\">Natje\u010daj za asistenta \u2013 projekt CHIEF (Hrvatska zaklada za znanost) od 18. 5. 2018.<\/a><\/p>\n","protected":false},"excerpt":{"rendered":"<p>U Splitu, u prostorijama Mediteranskog instituta za istra\u017eivanje \u017eivota, od 26. do 28. rujna 2018. odr\u017ean je kick-off meeting me\u0111unarodnog znanstvenog projekta Cultural Heritage and Identities of Europe&#8217;s Future \u2013 CHIEF. Projekt je odobren na natje\u010daju programa Europske unije za istra\u017eivanje i inovacije Horizon 2020 \u201eUnderstanding Europe &#8211; Promoting the European Public and Cultural Space\u201c:&hellip; <a class=\"continue\" href=\"https:\/\/www.vegaintro-projekti.com\/pilar-stari\/2018\/10\/institut-u-projektu-cultural-heritage-and-identities-of-europes-future-chief\/\">Pro\u010ditaj vi\u0161e o<span> Institut Pilar u projektu Cultural Heritage and Identities of Europe&#8217;s Future \u2013 CHIEF<\/span><\/a><\/p>\n","protected":false},"author":7,"featured_media":10723,"comment_status":"closed","ping_status":"closed","sticky":false,"template":"","format":"standard","meta":{"inline_featured_image":false,"ngg_post_thumbnail":0,"footnotes":""},"categories":[48,29],"tags":[],"yoast_head":"<!-- This site is optimized with the Yoast SEO plugin v21.2 - https:\/\/yoast.com\/wordpress\/plugins\/seo\/ -->\n<title>Institut Pilar u projektu Cultural Heritage and Identities of Europe&#039;s Future \u2013 CHIEF - Institut dru&scaron;tvenih znanosti Ivo Pilar<\/title>\n<meta name=\"robots\" content=\"noindex, follow, max-snippet:-1, max-image-preview:large, max-video-preview:-1\" \/>\n<meta property=\"og:locale\" content=\"hr_HR\" \/>\n<meta property=\"og:type\" content=\"article\" \/>\n<meta property=\"og:title\" content=\"Institut Pilar u projektu Cultural Heritage and Identities of Europe&#039;s Future \u2013 CHIEF - Institut dru&scaron;tvenih znanosti Ivo Pilar\" \/>\n<meta property=\"og:description\" content=\"U Splitu, u prostorijama Mediteranskog instituta za istra\u017eivanje \u017eivota, od 26. do 28. rujna 2018. odr\u017ean je kick-off meeting me\u0111unarodnog znanstvenog projekta Cultural Heritage and Identities of Europe&#8217;s Future \u2013 CHIEF. Projekt je odobren na natje\u010daju programa Europske unije za istra\u017eivanje i inovacije Horizon 2020 \u201eUnderstanding Europe &#8211; Promoting the European Public and Cultural Space\u201c:&hellip; Pro\u010ditaj vi\u0161e o Institut Pilar u projektu Cultural Heritage and Identities of Europe&#8217;s Future \u2013 CHIEF\" \/>\n<meta property=\"og:url\" content=\"https:\/\/www.vegaintro-projekti.com\/pilar-stari\/2018\/10\/institut-u-projektu-cultural-heritage-and-identities-of-europes-future-chief\/\" \/>\n<meta property=\"og:site_name\" content=\"Institut dru&scaron;tvenih znanosti Ivo Pilar\" \/>\n<meta property=\"article:published_time\" content=\"2018-10-01T20:53:41+00:00\" \/>\n<meta property=\"article:modified_time\" content=\"2023-05-28T17:22:47+00:00\" \/>\n<meta property=\"og:image\" content=\"https:\/\/www.vegaintro-projekti.com\/pilar-stari\/wp-content\/uploads\/2018\/10\/chief_2g.jpg\" \/>\n\t<meta property=\"og:image:width\" content=\"640\" \/>\n\t<meta property=\"og:image:height\" content=\"298\" \/>\n\t<meta property=\"og:image:type\" content=\"image\/jpeg\" \/>\n<meta name=\"author\" content=\"Boris\" \/>\n<meta name=\"twitter:card\" content=\"summary_large_image\" \/>\n<meta name=\"twitter:label1\" content=\"Napisao\/la\" \/>\n\t<meta name=\"twitter:data1\" content=\"Boris\" \/>\n\t<meta name=\"twitter:label2\" content=\"Procijenjeno vrijeme \u010ditanja\" \/>\n\t<meta name=\"twitter:data2\" content=\"5 minuta\" \/>\n<script type=\"application\/ld+json\" class=\"yoast-schema-graph\">{\"@context\":\"https:\/\/schema.org\",\"@graph\":[{\"@type\":\"WebPage\",\"@id\":\"https:\/\/www.vegaintro-projekti.com\/pilar-stari\/2018\/10\/institut-u-projektu-cultural-heritage-and-identities-of-europes-future-chief\/\",\"url\":\"https:\/\/www.vegaintro-projekti.com\/pilar-stari\/2018\/10\/institut-u-projektu-cultural-heritage-and-identities-of-europes-future-chief\/\",\"name\":\"Institut Pilar u projektu Cultural Heritage and Identities of Europe's Future \u2013 CHIEF - Institut dru&scaron;tvenih znanosti Ivo Pilar\",\"isPartOf\":{\"@id\":\"https:\/\/www.vegaintro-projekti.com\/pilar-stari\/#website\"},\"datePublished\":\"2018-10-01T20:53:41+00:00\",\"dateModified\":\"2023-05-28T17:22:47+00:00\",\"author\":{\"@id\":\"https:\/\/www.vegaintro-projekti.com\/pilar-stari\/#\/schema\/person\/ddd404c9f1e15e4ffef5986ac6a5d28b\"},\"breadcrumb\":{\"@id\":\"https:\/\/www.vegaintro-projekti.com\/pilar-stari\/2018\/10\/institut-u-projektu-cultural-heritage-and-identities-of-europes-future-chief\/#breadcrumb\"},\"inLanguage\":\"hr\",\"potentialAction\":[{\"@type\":\"ReadAction\",\"target\":[\"https:\/\/www.vegaintro-projekti.com\/pilar-stari\/2018\/10\/institut-u-projektu-cultural-heritage-and-identities-of-europes-future-chief\/\"]}]},{\"@type\":\"BreadcrumbList\",\"@id\":\"https:\/\/www.vegaintro-projekti.com\/pilar-stari\/2018\/10\/institut-u-projektu-cultural-heritage-and-identities-of-europes-future-chief\/#breadcrumb\",\"itemListElement\":[{\"@type\":\"ListItem\",\"position\":1,\"name\":\"Home\",\"item\":\"https:\/\/www.vegaintro-projekti.com\/pilar-stari\/\"},{\"@type\":\"ListItem\",\"position\":2,\"name\":\"Institut Pilar u projektu Cultural Heritage and Identities of Europe&#8217;s Future \u2013 CHIEF\"}]},{\"@type\":\"WebSite\",\"@id\":\"https:\/\/www.vegaintro-projekti.com\/pilar-stari\/#website\",\"url\":\"https:\/\/www.vegaintro-projekti.com\/pilar-stari\/\",\"name\":\"Institut dru&scaron;tvenih znanosti Ivo Pilar\",\"description\":\"Pilar\",\"potentialAction\":[{\"@type\":\"SearchAction\",\"target\":{\"@type\":\"EntryPoint\",\"urlTemplate\":\"https:\/\/www.vegaintro-projekti.com\/pilar-stari\/?s={search_term_string}\"},\"query-input\":\"required name=search_term_string\"}],\"inLanguage\":\"hr\"},{\"@type\":\"Person\",\"@id\":\"https:\/\/www.vegaintro-projekti.com\/pilar-stari\/#\/schema\/person\/ddd404c9f1e15e4ffef5986ac6a5d28b\",\"name\":\"Boris\",\"image\":{\"@type\":\"ImageObject\",\"inLanguage\":\"hr\",\"@id\":\"https:\/\/www.vegaintro-projekti.com\/pilar-stari\/#\/schema\/person\/image\/\",\"url\":\"https:\/\/secure.gravatar.com\/avatar\/29557b161a6ce6ab86ac1503164f1e90?s=96&d=mm&r=g\",\"contentUrl\":\"https:\/\/secure.gravatar.com\/avatar\/29557b161a6ce6ab86ac1503164f1e90?s=96&d=mm&r=g\",\"caption\":\"Boris\"},\"url\":\"https:\/\/www.vegaintro-projekti.com\/pilar-stari\/author\/boris\/\"}]}<\/script>\n<!-- \/ Yoast SEO plugin. -->","yoast_head_json":{"title":"Institut Pilar u projektu Cultural Heritage and Identities of Europe's Future \u2013 CHIEF - Institut dru&scaron;tvenih znanosti Ivo Pilar","robots":{"index":"noindex","follow":"follow","max-snippet":"max-snippet:-1","max-image-preview":"max-image-preview:large","max-video-preview":"max-video-preview:-1"},"og_locale":"hr_HR","og_type":"article","og_title":"Institut Pilar u projektu Cultural Heritage and Identities of Europe's Future \u2013 CHIEF - Institut dru&scaron;tvenih znanosti Ivo Pilar","og_description":"U Splitu, u prostorijama Mediteranskog instituta za istra\u017eivanje \u017eivota, od 26. do 28. rujna 2018. odr\u017ean je kick-off meeting me\u0111unarodnog znanstvenog projekta Cultural Heritage and Identities of Europe&#8217;s Future \u2013 CHIEF. Projekt je odobren na natje\u010daju programa Europske unije za istra\u017eivanje i inovacije Horizon 2020 \u201eUnderstanding Europe &#8211; Promoting the European Public and Cultural Space\u201c:&hellip; Pro\u010ditaj vi\u0161e o Institut Pilar u projektu Cultural Heritage and Identities of Europe&#8217;s Future \u2013 CHIEF","og_url":"https:\/\/www.vegaintro-projekti.com\/pilar-stari\/2018\/10\/institut-u-projektu-cultural-heritage-and-identities-of-europes-future-chief\/","og_site_name":"Institut dru&scaron;tvenih znanosti Ivo Pilar","article_published_time":"2018-10-01T20:53:41+00:00","article_modified_time":"2023-05-28T17:22:47+00:00","og_image":[{"width":640,"height":298,"url":"https:\/\/www.vegaintro-projekti.com\/pilar-stari\/wp-content\/uploads\/2018\/10\/chief_2g.jpg","type":"image\/jpeg"}],"author":"Boris","twitter_card":"summary_large_image","twitter_misc":{"Napisao\/la":"Boris","Procijenjeno vrijeme \u010ditanja":"5 minuta"},"schema":{"@context":"https:\/\/schema.org","@graph":[{"@type":"WebPage","@id":"https:\/\/www.vegaintro-projekti.com\/pilar-stari\/2018\/10\/institut-u-projektu-cultural-heritage-and-identities-of-europes-future-chief\/","url":"https:\/\/www.vegaintro-projekti.com\/pilar-stari\/2018\/10\/institut-u-projektu-cultural-heritage-and-identities-of-europes-future-chief\/","name":"Institut Pilar u projektu Cultural Heritage and Identities of Europe's Future \u2013 CHIEF - Institut dru&scaron;tvenih znanosti Ivo Pilar","isPartOf":{"@id":"https:\/\/www.vegaintro-projekti.com\/pilar-stari\/#website"},"datePublished":"2018-10-01T20:53:41+00:00","dateModified":"2023-05-28T17:22:47+00:00","author":{"@id":"https:\/\/www.vegaintro-projekti.com\/pilar-stari\/#\/schema\/person\/ddd404c9f1e15e4ffef5986ac6a5d28b"},"breadcrumb":{"@id":"https:\/\/www.vegaintro-projekti.com\/pilar-stari\/2018\/10\/institut-u-projektu-cultural-heritage-and-identities-of-europes-future-chief\/#breadcrumb"},"inLanguage":"hr","potentialAction":[{"@type":"ReadAction","target":["https:\/\/www.vegaintro-projekti.com\/pilar-stari\/2018\/10\/institut-u-projektu-cultural-heritage-and-identities-of-europes-future-chief\/"]}]},{"@type":"BreadcrumbList","@id":"https:\/\/www.vegaintro-projekti.com\/pilar-stari\/2018\/10\/institut-u-projektu-cultural-heritage-and-identities-of-europes-future-chief\/#breadcrumb","itemListElement":[{"@type":"ListItem","position":1,"name":"Home","item":"https:\/\/www.vegaintro-projekti.com\/pilar-stari\/"},{"@type":"ListItem","position":2,"name":"Institut Pilar u projektu Cultural Heritage and Identities of Europe&#8217;s Future \u2013 CHIEF"}]},{"@type":"WebSite","@id":"https:\/\/www.vegaintro-projekti.com\/pilar-stari\/#website","url":"https:\/\/www.vegaintro-projekti.com\/pilar-stari\/","name":"Institut dru&scaron;tvenih znanosti Ivo Pilar","description":"Pilar","potentialAction":[{"@type":"SearchAction","target":{"@type":"EntryPoint","urlTemplate":"https:\/\/www.vegaintro-projekti.com\/pilar-stari\/?s={search_term_string}"},"query-input":"required name=search_term_string"}],"inLanguage":"hr"},{"@type":"Person","@id":"https:\/\/www.vegaintro-projekti.com\/pilar-stari\/#\/schema\/person\/ddd404c9f1e15e4ffef5986ac6a5d28b","name":"Boris","image":{"@type":"ImageObject","inLanguage":"hr","@id":"https:\/\/www.vegaintro-projekti.com\/pilar-stari\/#\/schema\/person\/image\/","url":"https:\/\/secure.gravatar.com\/avatar\/29557b161a6ce6ab86ac1503164f1e90?s=96&d=mm&r=g","contentUrl":"https:\/\/secure.gravatar.com\/avatar\/29557b161a6ce6ab86ac1503164f1e90?s=96&d=mm&r=g","caption":"Boris"},"url":"https:\/\/www.vegaintro-projekti.com\/pilar-stari\/author\/boris\/"}]}},"_links":{"self":[{"href":"https:\/\/www.vegaintro-projekti.com\/pilar-stari\/wp-json\/wp\/v2\/posts\/10716"}],"collection":[{"href":"https:\/\/www.vegaintro-projekti.com\/pilar-stari\/wp-json\/wp\/v2\/posts"}],"about":[{"href":"https:\/\/www.vegaintro-projekti.com\/pilar-stari\/wp-json\/wp\/v2\/types\/post"}],"author":[{"embeddable":true,"href":"https:\/\/www.vegaintro-projekti.com\/pilar-stari\/wp-json\/wp\/v2\/users\/7"}],"replies":[{"embeddable":true,"href":"https:\/\/www.vegaintro-projekti.com\/pilar-stari\/wp-json\/wp\/v2\/comments?post=10716"}],"version-history":[{"count":40,"href":"https:\/\/www.vegaintro-projekti.com\/pilar-stari\/wp-json\/wp\/v2\/posts\/10716\/revisions"}],"predecessor-version":[{"id":26139,"href":"https:\/\/www.vegaintro-projekti.com\/pilar-stari\/wp-json\/wp\/v2\/posts\/10716\/revisions\/26139"}],"wp:featuredmedia":[{"embeddable":true,"href":"https:\/\/www.vegaintro-projekti.com\/pilar-stari\/wp-json\/wp\/v2\/media\/10723"}],"wp:attachment":[{"href":"https:\/\/www.vegaintro-projekti.com\/pilar-stari\/wp-json\/wp\/v2\/media?parent=10716"}],"wp:term":[{"taxonomy":"category","embeddable":true,"href":"https:\/\/www.vegaintro-projekti.com\/pilar-stari\/wp-json\/wp\/v2\/categories?post=10716"},{"taxonomy":"post_tag","embeddable":true,"href":"https:\/\/www.vegaintro-projekti.com\/pilar-stari\/wp-json\/wp\/v2\/tags?post=10716"}],"curies":[{"name":"wp","href":"https:\/\/api.w.org\/{rel}","templated":true}]}}