{"id":10976,"date":"2018-10-30T13:50:52","date_gmt":"2018-10-30T13:50:52","guid":{"rendered":"https:\/\/www.vegaintro-projekti.com\/pilar-stari\/?p=10976"},"modified":"2020-10-28T18:53:49","modified_gmt":"2020-10-28T18:53:49","slug":"okrugli-stol-vukovarska-bitka-u-kontekstu-obrane-republike-hrvatske-vukovar-23-10-2018","status":"publish","type":"post","link":"https:\/\/www.vegaintro-projekti.com\/pilar-stari\/2018\/10\/okrugli-stol-vukovarska-bitka-u-kontekstu-obrane-republike-hrvatske-vukovar-23-10-2018\/","title":{"rendered":"OKRUGLI STOL: Vukovarska bitka u kontekstu obrane Republike Hrvatske; Vukovar, 23. 10. 2018."},"content":{"rendered":"<p><strong>Polaznici 21. nara\u0161taja Ratne \u0161kole &#8220;Ban Josip Jela\u010di\u0107&#8221; Hrvatskog vojnog u\u010dili\u0161ta &#8220;Dr. Franjo Tu\u0111man&#8221;, me\u0111u kojima su bili visoki vojni i policijski \u010dasnici iz Hrvatske, Bosne i Hercegovine, Crne Gore i Makedonije, u sklopu svojeg redovitog i tradicionalnog studijskog putovanja u Slavoniju i Baranju, posjetili su Podru\u010dni centar Instituta Pilar u Vukovaru, gdje su u programu imali sredi\u0161nju aktivnost ovogodi\u0161njeg posjeta hrvatskom istoku \u2212 okrugli stol na temu &#8220;Vukovarska bitka u kontekstu obrane Republike Hrvatske&#8221;. \u2212 <\/strong><a href=\"#mediji\">Iz medija<\/a><\/p>\n<p><a href=\"https:\/\/www.vegaintro-projekti.com\/pilar-stari\/wp-content\/uploads\/2018\/10\/WP_20181023.jpg\"><img decoding=\"async\" loading=\"lazy\" class=\"alignnone wp-image-10975 size-full\" src=\"https:\/\/www.vegaintro-projekti.com\/pilar-stari\/wp-content\/uploads\/2018\/10\/WP_20181023_s.jpg\" alt=\"\" width=\"310\" height=\"174\" srcset=\"https:\/\/www.vegaintro-projekti.com\/pilar-stari\/wp-content\/uploads\/2018\/10\/WP_20181023_s.jpg 310w, https:\/\/www.vegaintro-projekti.com\/pilar-stari\/wp-content\/uploads\/2018\/10\/WP_20181023_s-300x168.jpg 300w\" sizes=\"(max-width: 310px) 100vw, 310px\" \/><\/a><a href=\"https:\/\/www.vegaintro-projekti.com\/pilar-stari\/wp-content\/uploads\/2018\/10\/DSC_1339.jpg\"><img decoding=\"async\" loading=\"lazy\" class=\"alignnone wp-image-10973 size-full\" src=\"https:\/\/www.vegaintro-projekti.com\/pilar-stari\/wp-content\/uploads\/2018\/10\/DSC_1339_s.jpg\" alt=\"\" width=\"310\" height=\"174\" srcset=\"https:\/\/www.vegaintro-projekti.com\/pilar-stari\/wp-content\/uploads\/2018\/10\/DSC_1339_s.jpg 310w, https:\/\/www.vegaintro-projekti.com\/pilar-stari\/wp-content\/uploads\/2018\/10\/DSC_1339_s-300x168.jpg 300w\" sizes=\"(max-width: 310px) 100vw, 310px\" \/><\/a><\/p>\n<p><span style=\"font-size: 8pt;\"><strong>Polaznici Ratne \u0161kole na studijskom putovanju u Slavoniji, 23.-24. listopada 2018.<\/strong><\/span><\/p>\n<p>Na okruglom stolu su govorili dr. sc. Dra\u017een \u017divi\u0107 (Ratna i poslijeratna demografija Isto\u010dne Hrvatske i Vukovara) te dr. sc. Mateo \u017dani\u0107 i dr. sc. Ivana Bendra (Ratna razaranja, materijalna \u0161teta i kulturocid u Vukovaru 1991. godine). Uvodno slovo odr\u017eao je brigadir dr. sc. Marinko Lozan\u010di\u0107 koji je ujedno moderirao raspravu koja je uslijedila nakon uvodnih predavanja.<\/p>\n<p><a id=\"mediji\"><\/a><br \/>\n<span style=\"font-size: 14pt;\">Iz medija<\/span><\/p>\n<p><strong>\u2212 MORH:<\/strong> <a href=\"https:\/\/www.morh.hr\/hr\/hrvatsko-vojno-uciliste\/novosti-hvu\/18091-polaznici-ratne-skole-na-studijskom-putovanju-u-slavoniji.html\">Polaznici Ratne \u0161kole na studijskom putovanju u Slavoniji, 26. listopada 2018.<\/a><\/p>\n<blockquote><p><a href=\"https:\/\/www.vegaintro-projekti.com\/pilar-stari\/2018\/04\/podruni-centar-vukovar-2\/\">Podru\u010dni centar Vukovar<\/a><\/p><\/blockquote>\n","protected":false},"excerpt":{"rendered":"<p>Polaznici 21. nara\u0161taja Ratne \u0161kole &#8220;Ban Josip Jela\u010di\u0107&#8221; Hrvatskog vojnog u\u010dili\u0161ta &#8220;Dr. Franjo Tu\u0111man&#8221;, me\u0111u kojima su bili visoki vojni i policijski \u010dasnici iz Hrvatske, Bosne i Hercegovine, Crne Gore i Makedonije, u sklopu svojeg redovitog i tradicionalnog studijskog putovanja u Slavoniju i Baranju, posjetili su Podru\u010dni centar Instituta Pilar u Vukovaru, gdje su u&hellip; <a class=\"continue\" href=\"https:\/\/www.vegaintro-projekti.com\/pilar-stari\/2018\/10\/okrugli-stol-vukovarska-bitka-u-kontekstu-obrane-republike-hrvatske-vukovar-23-10-2018\/\">Pro\u010ditaj vi\u0161e o<span> OKRUGLI STOL: Vukovarska bitka u kontekstu obrane Republike Hrvatske; Vukovar, 23. 10. 2018.<\/span><\/a><\/p>\n","protected":false},"author":7,"featured_media":10974,"comment_status":"closed","ping_status":"closed","sticky":false,"template":"","format":"standard","meta":{"inline_featured_image":false,"ngg_post_thumbnail":0,"footnotes":""},"categories":[11],"tags":[],"yoast_head":"<!-- This site is optimized with the Yoast SEO plugin v21.2 - https:\/\/yoast.com\/wordpress\/plugins\/seo\/ -->\n<title>OKRUGLI STOL: Vukovarska bitka u kontekstu obrane Republike Hrvatske; Vukovar, 23. 10. 2018. - Institut dru&scaron;tvenih znanosti Ivo Pilar<\/title>\n<meta name=\"robots\" content=\"noindex, follow, max-snippet:-1, max-image-preview:large, max-video-preview:-1\" \/>\n<meta property=\"og:locale\" content=\"hr_HR\" \/>\n<meta property=\"og:type\" content=\"article\" \/>\n<meta property=\"og:title\" content=\"OKRUGLI STOL: Vukovarska bitka u kontekstu obrane Republike Hrvatske; Vukovar, 23. 10. 2018. - Institut dru&scaron;tvenih znanosti Ivo Pilar\" \/>\n<meta property=\"og:description\" content=\"Polaznici 21. nara\u0161taja Ratne \u0161kole &#8220;Ban Josip Jela\u010di\u0107&#8221; Hrvatskog vojnog u\u010dili\u0161ta &#8220;Dr. Franjo Tu\u0111man&#8221;, me\u0111u kojima su bili visoki vojni i policijski \u010dasnici iz Hrvatske, Bosne i Hercegovine, Crne Gore i Makedonije, u sklopu svojeg redovitog i tradicionalnog studijskog putovanja u Slavoniju i Baranju, posjetili su Podru\u010dni centar Instituta Pilar u Vukovaru, gdje su u&hellip; Pro\u010ditaj vi\u0161e o OKRUGLI STOL: Vukovarska bitka u kontekstu obrane Republike Hrvatske; Vukovar, 23. 10. 2018.\" \/>\n<meta property=\"og:url\" content=\"https:\/\/www.vegaintro-projekti.com\/pilar-stari\/2018\/10\/okrugli-stol-vukovarska-bitka-u-kontekstu-obrane-republike-hrvatske-vukovar-23-10-2018\/\" \/>\n<meta property=\"og:site_name\" content=\"Institut dru&scaron;tvenih znanosti Ivo Pilar\" \/>\n<meta property=\"article:published_time\" content=\"2018-10-30T13:50:52+00:00\" \/>\n<meta property=\"article:modified_time\" content=\"2020-10-28T18:53:49+00:00\" \/>\n<meta property=\"og:image\" content=\"https:\/\/www.vegaintro-projekti.com\/pilar-stari\/wp-content\/uploads\/2018\/10\/WP_20181023.jpg\" \/>\n\t<meta property=\"og:image:width\" content=\"1024\" \/>\n\t<meta property=\"og:image:height\" content=\"575\" \/>\n\t<meta property=\"og:image:type\" content=\"image\/jpeg\" \/>\n<meta name=\"author\" content=\"Boris\" \/>\n<meta name=\"twitter:card\" content=\"summary_large_image\" \/>\n<meta name=\"twitter:label1\" content=\"Napisao\/la\" \/>\n\t<meta name=\"twitter:data1\" content=\"Boris\" \/>\n\t<meta name=\"twitter:label2\" content=\"Procijenjeno vrijeme \u010ditanja\" \/>\n\t<meta name=\"twitter:data2\" content=\"1 minuta\" \/>\n<script type=\"application\/ld+json\" class=\"yoast-schema-graph\">{\"@context\":\"https:\/\/schema.org\",\"@graph\":[{\"@type\":\"WebPage\",\"@id\":\"https:\/\/www.vegaintro-projekti.com\/pilar-stari\/2018\/10\/okrugli-stol-vukovarska-bitka-u-kontekstu-obrane-republike-hrvatske-vukovar-23-10-2018\/\",\"url\":\"https:\/\/www.vegaintro-projekti.com\/pilar-stari\/2018\/10\/okrugli-stol-vukovarska-bitka-u-kontekstu-obrane-republike-hrvatske-vukovar-23-10-2018\/\",\"name\":\"OKRUGLI STOL: Vukovarska bitka u kontekstu obrane Republike Hrvatske; Vukovar, 23. 10. 2018. - Institut dru&scaron;tvenih znanosti Ivo Pilar\",\"isPartOf\":{\"@id\":\"https:\/\/www.vegaintro-projekti.com\/pilar-stari\/#website\"},\"datePublished\":\"2018-10-30T13:50:52+00:00\",\"dateModified\":\"2020-10-28T18:53:49+00:00\",\"author\":{\"@id\":\"https:\/\/www.vegaintro-projekti.com\/pilar-stari\/#\/schema\/person\/ddd404c9f1e15e4ffef5986ac6a5d28b\"},\"breadcrumb\":{\"@id\":\"https:\/\/www.vegaintro-projekti.com\/pilar-stari\/2018\/10\/okrugli-stol-vukovarska-bitka-u-kontekstu-obrane-republike-hrvatske-vukovar-23-10-2018\/#breadcrumb\"},\"inLanguage\":\"hr\",\"potentialAction\":[{\"@type\":\"ReadAction\",\"target\":[\"https:\/\/www.vegaintro-projekti.com\/pilar-stari\/2018\/10\/okrugli-stol-vukovarska-bitka-u-kontekstu-obrane-republike-hrvatske-vukovar-23-10-2018\/\"]}]},{\"@type\":\"BreadcrumbList\",\"@id\":\"https:\/\/www.vegaintro-projekti.com\/pilar-stari\/2018\/10\/okrugli-stol-vukovarska-bitka-u-kontekstu-obrane-republike-hrvatske-vukovar-23-10-2018\/#breadcrumb\",\"itemListElement\":[{\"@type\":\"ListItem\",\"position\":1,\"name\":\"Home\",\"item\":\"https:\/\/www.vegaintro-projekti.com\/pilar-stari\/\"},{\"@type\":\"ListItem\",\"position\":2,\"name\":\"OKRUGLI STOL: Vukovarska bitka u kontekstu obrane Republike Hrvatske; Vukovar, 23. 10. 2018.\"}]},{\"@type\":\"WebSite\",\"@id\":\"https:\/\/www.vegaintro-projekti.com\/pilar-stari\/#website\",\"url\":\"https:\/\/www.vegaintro-projekti.com\/pilar-stari\/\",\"name\":\"Institut dru&scaron;tvenih znanosti Ivo Pilar\",\"description\":\"Pilar\",\"potentialAction\":[{\"@type\":\"SearchAction\",\"target\":{\"@type\":\"EntryPoint\",\"urlTemplate\":\"https:\/\/www.vegaintro-projekti.com\/pilar-stari\/?s={search_term_string}\"},\"query-input\":\"required name=search_term_string\"}],\"inLanguage\":\"hr\"},{\"@type\":\"Person\",\"@id\":\"https:\/\/www.vegaintro-projekti.com\/pilar-stari\/#\/schema\/person\/ddd404c9f1e15e4ffef5986ac6a5d28b\",\"name\":\"Boris\",\"image\":{\"@type\":\"ImageObject\",\"inLanguage\":\"hr\",\"@id\":\"https:\/\/www.vegaintro-projekti.com\/pilar-stari\/#\/schema\/person\/image\/\",\"url\":\"https:\/\/secure.gravatar.com\/avatar\/29557b161a6ce6ab86ac1503164f1e90?s=96&d=mm&r=g\",\"contentUrl\":\"https:\/\/secure.gravatar.com\/avatar\/29557b161a6ce6ab86ac1503164f1e90?s=96&d=mm&r=g\",\"caption\":\"Boris\"},\"url\":\"https:\/\/www.vegaintro-projekti.com\/pilar-stari\/author\/boris\/\"}]}<\/script>\n<!-- \/ Yoast SEO plugin. -->","yoast_head_json":{"title":"OKRUGLI STOL: Vukovarska bitka u kontekstu obrane Republike Hrvatske; Vukovar, 23. 10. 2018. - Institut dru&scaron;tvenih znanosti Ivo Pilar","robots":{"index":"noindex","follow":"follow","max-snippet":"max-snippet:-1","max-image-preview":"max-image-preview:large","max-video-preview":"max-video-preview:-1"},"og_locale":"hr_HR","og_type":"article","og_title":"OKRUGLI STOL: Vukovarska bitka u kontekstu obrane Republike Hrvatske; Vukovar, 23. 10. 2018. - Institut dru&scaron;tvenih znanosti Ivo Pilar","og_description":"Polaznici 21. nara\u0161taja Ratne \u0161kole &#8220;Ban Josip Jela\u010di\u0107&#8221; Hrvatskog vojnog u\u010dili\u0161ta &#8220;Dr. Franjo Tu\u0111man&#8221;, me\u0111u kojima su bili visoki vojni i policijski \u010dasnici iz Hrvatske, Bosne i Hercegovine, Crne Gore i Makedonije, u sklopu svojeg redovitog i tradicionalnog studijskog putovanja u Slavoniju i Baranju, posjetili su Podru\u010dni centar Instituta Pilar u Vukovaru, gdje su u&hellip; Pro\u010ditaj vi\u0161e o OKRUGLI STOL: Vukovarska bitka u kontekstu obrane Republike Hrvatske; Vukovar, 23. 10. 2018.","og_url":"https:\/\/www.vegaintro-projekti.com\/pilar-stari\/2018\/10\/okrugli-stol-vukovarska-bitka-u-kontekstu-obrane-republike-hrvatske-vukovar-23-10-2018\/","og_site_name":"Institut dru&scaron;tvenih znanosti Ivo Pilar","article_published_time":"2018-10-30T13:50:52+00:00","article_modified_time":"2020-10-28T18:53:49+00:00","og_image":[{"width":1024,"height":575,"url":"https:\/\/www.vegaintro-projekti.com\/pilar-stari\/wp-content\/uploads\/2018\/10\/WP_20181023.jpg","type":"image\/jpeg"}],"author":"Boris","twitter_card":"summary_large_image","twitter_misc":{"Napisao\/la":"Boris","Procijenjeno vrijeme \u010ditanja":"1 minuta"},"schema":{"@context":"https:\/\/schema.org","@graph":[{"@type":"WebPage","@id":"https:\/\/www.vegaintro-projekti.com\/pilar-stari\/2018\/10\/okrugli-stol-vukovarska-bitka-u-kontekstu-obrane-republike-hrvatske-vukovar-23-10-2018\/","url":"https:\/\/www.vegaintro-projekti.com\/pilar-stari\/2018\/10\/okrugli-stol-vukovarska-bitka-u-kontekstu-obrane-republike-hrvatske-vukovar-23-10-2018\/","name":"OKRUGLI STOL: Vukovarska bitka u kontekstu obrane Republike Hrvatske; Vukovar, 23. 10. 2018. - Institut dru&scaron;tvenih znanosti Ivo Pilar","isPartOf":{"@id":"https:\/\/www.vegaintro-projekti.com\/pilar-stari\/#website"},"datePublished":"2018-10-30T13:50:52+00:00","dateModified":"2020-10-28T18:53:49+00:00","author":{"@id":"https:\/\/www.vegaintro-projekti.com\/pilar-stari\/#\/schema\/person\/ddd404c9f1e15e4ffef5986ac6a5d28b"},"breadcrumb":{"@id":"https:\/\/www.vegaintro-projekti.com\/pilar-stari\/2018\/10\/okrugli-stol-vukovarska-bitka-u-kontekstu-obrane-republike-hrvatske-vukovar-23-10-2018\/#breadcrumb"},"inLanguage":"hr","potentialAction":[{"@type":"ReadAction","target":["https:\/\/www.vegaintro-projekti.com\/pilar-stari\/2018\/10\/okrugli-stol-vukovarska-bitka-u-kontekstu-obrane-republike-hrvatske-vukovar-23-10-2018\/"]}]},{"@type":"BreadcrumbList","@id":"https:\/\/www.vegaintro-projekti.com\/pilar-stari\/2018\/10\/okrugli-stol-vukovarska-bitka-u-kontekstu-obrane-republike-hrvatske-vukovar-23-10-2018\/#breadcrumb","itemListElement":[{"@type":"ListItem","position":1,"name":"Home","item":"https:\/\/www.vegaintro-projekti.com\/pilar-stari\/"},{"@type":"ListItem","position":2,"name":"OKRUGLI STOL: Vukovarska bitka u kontekstu obrane Republike Hrvatske; Vukovar, 23. 10. 2018."}]},{"@type":"WebSite","@id":"https:\/\/www.vegaintro-projekti.com\/pilar-stari\/#website","url":"https:\/\/www.vegaintro-projekti.com\/pilar-stari\/","name":"Institut dru&scaron;tvenih znanosti Ivo Pilar","description":"Pilar","potentialAction":[{"@type":"SearchAction","target":{"@type":"EntryPoint","urlTemplate":"https:\/\/www.vegaintro-projekti.com\/pilar-stari\/?s={search_term_string}"},"query-input":"required name=search_term_string"}],"inLanguage":"hr"},{"@type":"Person","@id":"https:\/\/www.vegaintro-projekti.com\/pilar-stari\/#\/schema\/person\/ddd404c9f1e15e4ffef5986ac6a5d28b","name":"Boris","image":{"@type":"ImageObject","inLanguage":"hr","@id":"https:\/\/www.vegaintro-projekti.com\/pilar-stari\/#\/schema\/person\/image\/","url":"https:\/\/secure.gravatar.com\/avatar\/29557b161a6ce6ab86ac1503164f1e90?s=96&d=mm&r=g","contentUrl":"https:\/\/secure.gravatar.com\/avatar\/29557b161a6ce6ab86ac1503164f1e90?s=96&d=mm&r=g","caption":"Boris"},"url":"https:\/\/www.vegaintro-projekti.com\/pilar-stari\/author\/boris\/"}]}},"_links":{"self":[{"href":"https:\/\/www.vegaintro-projekti.com\/pilar-stari\/wp-json\/wp\/v2\/posts\/10976"}],"collection":[{"href":"https:\/\/www.vegaintro-projekti.com\/pilar-stari\/wp-json\/wp\/v2\/posts"}],"about":[{"href":"https:\/\/www.vegaintro-projekti.com\/pilar-stari\/wp-json\/wp\/v2\/types\/post"}],"author":[{"embeddable":true,"href":"https:\/\/www.vegaintro-projekti.com\/pilar-stari\/wp-json\/wp\/v2\/users\/7"}],"replies":[{"embeddable":true,"href":"https:\/\/www.vegaintro-projekti.com\/pilar-stari\/wp-json\/wp\/v2\/comments?post=10976"}],"version-history":[{"count":2,"href":"https:\/\/www.vegaintro-projekti.com\/pilar-stari\/wp-json\/wp\/v2\/posts\/10976\/revisions"}],"predecessor-version":[{"id":10978,"href":"https:\/\/www.vegaintro-projekti.com\/pilar-stari\/wp-json\/wp\/v2\/posts\/10976\/revisions\/10978"}],"wp:featuredmedia":[{"embeddable":true,"href":"https:\/\/www.vegaintro-projekti.com\/pilar-stari\/wp-json\/wp\/v2\/media\/10974"}],"wp:attachment":[{"href":"https:\/\/www.vegaintro-projekti.com\/pilar-stari\/wp-json\/wp\/v2\/media?parent=10976"}],"wp:term":[{"taxonomy":"category","embeddable":true,"href":"https:\/\/www.vegaintro-projekti.com\/pilar-stari\/wp-json\/wp\/v2\/categories?post=10976"},{"taxonomy":"post_tag","embeddable":true,"href":"https:\/\/www.vegaintro-projekti.com\/pilar-stari\/wp-json\/wp\/v2\/tags?post=10976"}],"curies":[{"name":"wp","href":"https:\/\/api.w.org\/{rel}","templated":true}]}}