{"id":10982,"date":"2018-10-30T17:50:21","date_gmt":"2018-10-30T17:50:21","guid":{"rendered":"https:\/\/www.vegaintro-projekti.com\/pilar-stari\/?p=10982"},"modified":"2018-10-30T17:53:37","modified_gmt":"2018-10-30T17:53:37","slug":"projekt-genmod-izlaganje-na-konferenciji-rising-inequalities-iii-pariz-3-4-10-2018","status":"publish","type":"post","link":"https:\/\/www.vegaintro-projekti.com\/pilar-stari\/2018\/10\/projekt-genmod-izlaganje-na-konferenciji-rising-inequalities-iii-pariz-3-4-10-2018\/","title":{"rendered":"Projekt GENMOD: Izlaganje na konferenciji \u201cRising Inequalities III\u201c; Pariz, 3.-4. 10. 2018."},"content":{"rendered":"<p><strong>U okviru aktivnosti projekta \u201eRelacijski rodni odnosi u Hrvatskoj: modernizacijske i razvojne perspektive\u201c (GENMOD, HRZZ-IP-2016-06-6010) suradnica na projektu dr. sc. \u017deljka Zdravkovi\u0107 odr\u017eala je izlaganje, u suautorstvu s konzultantom na projektu dr. sc. Predragom Cveti\u010daninom s naslovom \u201cThe Third Axis \u2013 habitus, mobility and cultural practices\u201c (Tre\u0107a os: habitus, mobilnost i kulturne prakse), na konferenciji \u201cRising Inequalities III\u201c (Rastu\u0107e nejednakosti III) Mre\u017ee za prou\u010davanje kulturnih distinkcija i dru\u0161tvene diferencijacije (SCUD), odr\u017eane u Parizu 4. i 5. listopada 2018.&nbsp;<\/strong><\/p>\n<p><img decoding=\"async\" loading=\"lazy\" class=\"alignnone wp-image-10980 size-full\" src=\"https:\/\/www.vegaintro-projekti.com\/pilar-stari\/wp-content\/uploads\/2018\/10\/Logo.jpg\" alt=\"\" width=\"348\" height=\"161\" srcset=\"https:\/\/www.vegaintro-projekti.com\/pilar-stari\/wp-content\/uploads\/2018\/10\/Logo.jpg 348w, https:\/\/www.vegaintro-projekti.com\/pilar-stari\/wp-content\/uploads\/2018\/10\/Logo-300x139.jpg 300w\" sizes=\"(max-width: 348px) 100vw, 348px\" \/><\/p>\n<p>&#8211; <a href=\"https:\/\/www.vegaintro-projekti.com\/pilar-stari\/wp-content\/uploads\/2018\/10\/Rising_Inequalities_Program.pdf\">Program konferencije \u201cRising Inequalities III\u201c <\/a><br \/>\n&#8211; <a href=\"https:\/\/www.scud.aau.dk\/\">Istra\u017eiva\u010dka mre\u017ea SCUD<\/a><\/p>\n<p>Dr. sc. \u017deljka Zdravkovi\u0107 prethodno je (3. listopada 2018.) tako\u0111er sudjelovala u radionici o novim mogu\u0107nostima u geometrijskoj analizi podataka, koje je na Sveu\u010dili\u0161tu Ren\u00e9 D\u00e9scartes odr\u017eala prof. Brigitte Le Roux.<\/p>\n<blockquote><p><a href=\"https:\/\/www.vegaintro-projekti.com\/pilar-stari\/2017\/05\/genmod-relational-gender-identities-in-croatia-modernization-and-development-perspectives\/\">Projekt GENMOD<\/a><\/p>\n<p><a href=\"https:\/\/www.vegaintro-projekti.com\/pilar-stari\/2010\/07\/podruni-centar-split-2\/\">Podru\u010dni centar Split<\/a><\/p><\/blockquote>\n","protected":false},"excerpt":{"rendered":"<p>U okviru aktivnosti projekta \u201eRelacijski rodni odnosi u Hrvatskoj: modernizacijske i razvojne perspektive\u201c (GENMOD, HRZZ-IP-2016-06-6010) suradnica na projektu dr. sc. \u017deljka Zdravkovi\u0107 odr\u017eala je izlaganje, u suautorstvu s konzultantom na projektu dr. sc. Predragom Cveti\u010daninom s naslovom \u201cThe Third Axis \u2013 habitus, mobility and cultural practices\u201c (Tre\u0107a os: habitus, mobilnost i kulturne prakse), na konferenciji&hellip; <a class=\"continue\" href=\"https:\/\/www.vegaintro-projekti.com\/pilar-stari\/2018\/10\/projekt-genmod-izlaganje-na-konferenciji-rising-inequalities-iii-pariz-3-4-10-2018\/\">Pro\u010ditaj vi\u0161e o<span> Projekt GENMOD: Izlaganje na konferenciji \u201cRising Inequalities III\u201c; Pariz, 3.-4. 10. 2018.<\/span><\/a><\/p>\n","protected":false},"author":7,"featured_media":10980,"comment_status":"closed","ping_status":"closed","sticky":false,"template":"","format":"standard","meta":{"inline_featured_image":false,"ngg_post_thumbnail":0,"footnotes":""},"categories":[29],"tags":[],"yoast_head":"<!-- This site is optimized with the Yoast SEO plugin v21.2 - https:\/\/yoast.com\/wordpress\/plugins\/seo\/ -->\n<title>Projekt GENMOD: Izlaganje na konferenciji \u201cRising Inequalities III\u201c; Pariz, 3.-4. 10. 2018. - Institut dru&scaron;tvenih znanosti Ivo Pilar<\/title>\n<meta name=\"robots\" content=\"noindex, follow, max-snippet:-1, max-image-preview:large, max-video-preview:-1\" \/>\n<meta property=\"og:locale\" content=\"hr_HR\" \/>\n<meta property=\"og:type\" content=\"article\" \/>\n<meta property=\"og:title\" content=\"Projekt GENMOD: Izlaganje na konferenciji \u201cRising Inequalities III\u201c; Pariz, 3.-4. 10. 2018. - Institut dru&scaron;tvenih znanosti Ivo Pilar\" \/>\n<meta property=\"og:description\" content=\"U okviru aktivnosti projekta \u201eRelacijski rodni odnosi u Hrvatskoj: modernizacijske i razvojne perspektive\u201c (GENMOD, HRZZ-IP-2016-06-6010) suradnica na projektu dr. sc. \u017deljka Zdravkovi\u0107 odr\u017eala je izlaganje, u suautorstvu s konzultantom na projektu dr. sc. Predragom Cveti\u010daninom s naslovom \u201cThe Third Axis \u2013 habitus, mobility and cultural practices\u201c (Tre\u0107a os: habitus, mobilnost i kulturne prakse), na konferenciji&hellip; Pro\u010ditaj vi\u0161e o Projekt GENMOD: Izlaganje na konferenciji \u201cRising Inequalities III\u201c; Pariz, 3.-4. 10. 2018.\" \/>\n<meta property=\"og:url\" content=\"https:\/\/www.vegaintro-projekti.com\/pilar-stari\/2018\/10\/projekt-genmod-izlaganje-na-konferenciji-rising-inequalities-iii-pariz-3-4-10-2018\/\" \/>\n<meta property=\"og:site_name\" content=\"Institut dru&scaron;tvenih znanosti Ivo Pilar\" \/>\n<meta property=\"article:published_time\" content=\"2018-10-30T17:50:21+00:00\" \/>\n<meta property=\"article:modified_time\" content=\"2018-10-30T17:53:37+00:00\" \/>\n<meta property=\"og:image\" content=\"https:\/\/www.vegaintro-projekti.com\/pilar-stari\/wp-content\/uploads\/2018\/10\/Logo.jpg\" \/>\n\t<meta property=\"og:image:width\" content=\"348\" \/>\n\t<meta property=\"og:image:height\" content=\"161\" \/>\n\t<meta property=\"og:image:type\" content=\"image\/jpeg\" \/>\n<meta name=\"author\" content=\"Boris\" \/>\n<meta name=\"twitter:card\" content=\"summary_large_image\" \/>\n<meta name=\"twitter:label1\" content=\"Napisao\/la\" \/>\n\t<meta name=\"twitter:data1\" content=\"Boris\" \/>\n\t<meta name=\"twitter:label2\" content=\"Procijenjeno vrijeme \u010ditanja\" \/>\n\t<meta name=\"twitter:data2\" content=\"1 minuta\" \/>\n<script type=\"application\/ld+json\" class=\"yoast-schema-graph\">{\"@context\":\"https:\/\/schema.org\",\"@graph\":[{\"@type\":\"WebPage\",\"@id\":\"https:\/\/www.vegaintro-projekti.com\/pilar-stari\/2018\/10\/projekt-genmod-izlaganje-na-konferenciji-rising-inequalities-iii-pariz-3-4-10-2018\/\",\"url\":\"https:\/\/www.vegaintro-projekti.com\/pilar-stari\/2018\/10\/projekt-genmod-izlaganje-na-konferenciji-rising-inequalities-iii-pariz-3-4-10-2018\/\",\"name\":\"Projekt GENMOD: Izlaganje na konferenciji \u201cRising Inequalities III\u201c; Pariz, 3.-4. 10. 2018. - Institut dru&scaron;tvenih znanosti Ivo Pilar\",\"isPartOf\":{\"@id\":\"https:\/\/www.vegaintro-projekti.com\/pilar-stari\/#website\"},\"datePublished\":\"2018-10-30T17:50:21+00:00\",\"dateModified\":\"2018-10-30T17:53:37+00:00\",\"author\":{\"@id\":\"https:\/\/www.vegaintro-projekti.com\/pilar-stari\/#\/schema\/person\/ddd404c9f1e15e4ffef5986ac6a5d28b\"},\"breadcrumb\":{\"@id\":\"https:\/\/www.vegaintro-projekti.com\/pilar-stari\/2018\/10\/projekt-genmod-izlaganje-na-konferenciji-rising-inequalities-iii-pariz-3-4-10-2018\/#breadcrumb\"},\"inLanguage\":\"hr\",\"potentialAction\":[{\"@type\":\"ReadAction\",\"target\":[\"https:\/\/www.vegaintro-projekti.com\/pilar-stari\/2018\/10\/projekt-genmod-izlaganje-na-konferenciji-rising-inequalities-iii-pariz-3-4-10-2018\/\"]}]},{\"@type\":\"BreadcrumbList\",\"@id\":\"https:\/\/www.vegaintro-projekti.com\/pilar-stari\/2018\/10\/projekt-genmod-izlaganje-na-konferenciji-rising-inequalities-iii-pariz-3-4-10-2018\/#breadcrumb\",\"itemListElement\":[{\"@type\":\"ListItem\",\"position\":1,\"name\":\"Home\",\"item\":\"https:\/\/www.vegaintro-projekti.com\/pilar-stari\/\"},{\"@type\":\"ListItem\",\"position\":2,\"name\":\"Projekt GENMOD: Izlaganje na konferenciji \u201cRising Inequalities III\u201c; Pariz, 3.-4. 10. 2018.\"}]},{\"@type\":\"WebSite\",\"@id\":\"https:\/\/www.vegaintro-projekti.com\/pilar-stari\/#website\",\"url\":\"https:\/\/www.vegaintro-projekti.com\/pilar-stari\/\",\"name\":\"Institut dru&scaron;tvenih znanosti Ivo Pilar\",\"description\":\"Pilar\",\"potentialAction\":[{\"@type\":\"SearchAction\",\"target\":{\"@type\":\"EntryPoint\",\"urlTemplate\":\"https:\/\/www.vegaintro-projekti.com\/pilar-stari\/?s={search_term_string}\"},\"query-input\":\"required name=search_term_string\"}],\"inLanguage\":\"hr\"},{\"@type\":\"Person\",\"@id\":\"https:\/\/www.vegaintro-projekti.com\/pilar-stari\/#\/schema\/person\/ddd404c9f1e15e4ffef5986ac6a5d28b\",\"name\":\"Boris\",\"image\":{\"@type\":\"ImageObject\",\"inLanguage\":\"hr\",\"@id\":\"https:\/\/www.vegaintro-projekti.com\/pilar-stari\/#\/schema\/person\/image\/\",\"url\":\"https:\/\/secure.gravatar.com\/avatar\/29557b161a6ce6ab86ac1503164f1e90?s=96&d=mm&r=g\",\"contentUrl\":\"https:\/\/secure.gravatar.com\/avatar\/29557b161a6ce6ab86ac1503164f1e90?s=96&d=mm&r=g\",\"caption\":\"Boris\"},\"url\":\"https:\/\/www.vegaintro-projekti.com\/pilar-stari\/author\/boris\/\"}]}<\/script>\n<!-- \/ Yoast SEO plugin. -->","yoast_head_json":{"title":"Projekt GENMOD: Izlaganje na konferenciji \u201cRising Inequalities III\u201c; Pariz, 3.-4. 10. 2018. - Institut dru&scaron;tvenih znanosti Ivo Pilar","robots":{"index":"noindex","follow":"follow","max-snippet":"max-snippet:-1","max-image-preview":"max-image-preview:large","max-video-preview":"max-video-preview:-1"},"og_locale":"hr_HR","og_type":"article","og_title":"Projekt GENMOD: Izlaganje na konferenciji \u201cRising Inequalities III\u201c; Pariz, 3.-4. 10. 2018. - Institut dru&scaron;tvenih znanosti Ivo Pilar","og_description":"U okviru aktivnosti projekta \u201eRelacijski rodni odnosi u Hrvatskoj: modernizacijske i razvojne perspektive\u201c (GENMOD, HRZZ-IP-2016-06-6010) suradnica na projektu dr. sc. \u017deljka Zdravkovi\u0107 odr\u017eala je izlaganje, u suautorstvu s konzultantom na projektu dr. sc. Predragom Cveti\u010daninom s naslovom \u201cThe Third Axis \u2013 habitus, mobility and cultural practices\u201c (Tre\u0107a os: habitus, mobilnost i kulturne prakse), na konferenciji&hellip; Pro\u010ditaj vi\u0161e o Projekt GENMOD: Izlaganje na konferenciji \u201cRising Inequalities III\u201c; Pariz, 3.-4. 10. 2018.","og_url":"https:\/\/www.vegaintro-projekti.com\/pilar-stari\/2018\/10\/projekt-genmod-izlaganje-na-konferenciji-rising-inequalities-iii-pariz-3-4-10-2018\/","og_site_name":"Institut dru&scaron;tvenih znanosti Ivo Pilar","article_published_time":"2018-10-30T17:50:21+00:00","article_modified_time":"2018-10-30T17:53:37+00:00","og_image":[{"width":348,"height":161,"url":"https:\/\/www.vegaintro-projekti.com\/pilar-stari\/wp-content\/uploads\/2018\/10\/Logo.jpg","type":"image\/jpeg"}],"author":"Boris","twitter_card":"summary_large_image","twitter_misc":{"Napisao\/la":"Boris","Procijenjeno vrijeme \u010ditanja":"1 minuta"},"schema":{"@context":"https:\/\/schema.org","@graph":[{"@type":"WebPage","@id":"https:\/\/www.vegaintro-projekti.com\/pilar-stari\/2018\/10\/projekt-genmod-izlaganje-na-konferenciji-rising-inequalities-iii-pariz-3-4-10-2018\/","url":"https:\/\/www.vegaintro-projekti.com\/pilar-stari\/2018\/10\/projekt-genmod-izlaganje-na-konferenciji-rising-inequalities-iii-pariz-3-4-10-2018\/","name":"Projekt GENMOD: Izlaganje na konferenciji \u201cRising Inequalities III\u201c; Pariz, 3.-4. 10. 2018. - Institut dru&scaron;tvenih znanosti Ivo Pilar","isPartOf":{"@id":"https:\/\/www.vegaintro-projekti.com\/pilar-stari\/#website"},"datePublished":"2018-10-30T17:50:21+00:00","dateModified":"2018-10-30T17:53:37+00:00","author":{"@id":"https:\/\/www.vegaintro-projekti.com\/pilar-stari\/#\/schema\/person\/ddd404c9f1e15e4ffef5986ac6a5d28b"},"breadcrumb":{"@id":"https:\/\/www.vegaintro-projekti.com\/pilar-stari\/2018\/10\/projekt-genmod-izlaganje-na-konferenciji-rising-inequalities-iii-pariz-3-4-10-2018\/#breadcrumb"},"inLanguage":"hr","potentialAction":[{"@type":"ReadAction","target":["https:\/\/www.vegaintro-projekti.com\/pilar-stari\/2018\/10\/projekt-genmod-izlaganje-na-konferenciji-rising-inequalities-iii-pariz-3-4-10-2018\/"]}]},{"@type":"BreadcrumbList","@id":"https:\/\/www.vegaintro-projekti.com\/pilar-stari\/2018\/10\/projekt-genmod-izlaganje-na-konferenciji-rising-inequalities-iii-pariz-3-4-10-2018\/#breadcrumb","itemListElement":[{"@type":"ListItem","position":1,"name":"Home","item":"https:\/\/www.vegaintro-projekti.com\/pilar-stari\/"},{"@type":"ListItem","position":2,"name":"Projekt GENMOD: Izlaganje na konferenciji \u201cRising Inequalities III\u201c; Pariz, 3.-4. 10. 2018."}]},{"@type":"WebSite","@id":"https:\/\/www.vegaintro-projekti.com\/pilar-stari\/#website","url":"https:\/\/www.vegaintro-projekti.com\/pilar-stari\/","name":"Institut dru&scaron;tvenih znanosti Ivo Pilar","description":"Pilar","potentialAction":[{"@type":"SearchAction","target":{"@type":"EntryPoint","urlTemplate":"https:\/\/www.vegaintro-projekti.com\/pilar-stari\/?s={search_term_string}"},"query-input":"required name=search_term_string"}],"inLanguage":"hr"},{"@type":"Person","@id":"https:\/\/www.vegaintro-projekti.com\/pilar-stari\/#\/schema\/person\/ddd404c9f1e15e4ffef5986ac6a5d28b","name":"Boris","image":{"@type":"ImageObject","inLanguage":"hr","@id":"https:\/\/www.vegaintro-projekti.com\/pilar-stari\/#\/schema\/person\/image\/","url":"https:\/\/secure.gravatar.com\/avatar\/29557b161a6ce6ab86ac1503164f1e90?s=96&d=mm&r=g","contentUrl":"https:\/\/secure.gravatar.com\/avatar\/29557b161a6ce6ab86ac1503164f1e90?s=96&d=mm&r=g","caption":"Boris"},"url":"https:\/\/www.vegaintro-projekti.com\/pilar-stari\/author\/boris\/"}]}},"_links":{"self":[{"href":"https:\/\/www.vegaintro-projekti.com\/pilar-stari\/wp-json\/wp\/v2\/posts\/10982"}],"collection":[{"href":"https:\/\/www.vegaintro-projekti.com\/pilar-stari\/wp-json\/wp\/v2\/posts"}],"about":[{"href":"https:\/\/www.vegaintro-projekti.com\/pilar-stari\/wp-json\/wp\/v2\/types\/post"}],"author":[{"embeddable":true,"href":"https:\/\/www.vegaintro-projekti.com\/pilar-stari\/wp-json\/wp\/v2\/users\/7"}],"replies":[{"embeddable":true,"href":"https:\/\/www.vegaintro-projekti.com\/pilar-stari\/wp-json\/wp\/v2\/comments?post=10982"}],"version-history":[{"count":3,"href":"https:\/\/www.vegaintro-projekti.com\/pilar-stari\/wp-json\/wp\/v2\/posts\/10982\/revisions"}],"predecessor-version":[{"id":10985,"href":"https:\/\/www.vegaintro-projekti.com\/pilar-stari\/wp-json\/wp\/v2\/posts\/10982\/revisions\/10985"}],"wp:featuredmedia":[{"embeddable":true,"href":"https:\/\/www.vegaintro-projekti.com\/pilar-stari\/wp-json\/wp\/v2\/media\/10980"}],"wp:attachment":[{"href":"https:\/\/www.vegaintro-projekti.com\/pilar-stari\/wp-json\/wp\/v2\/media?parent=10982"}],"wp:term":[{"taxonomy":"category","embeddable":true,"href":"https:\/\/www.vegaintro-projekti.com\/pilar-stari\/wp-json\/wp\/v2\/categories?post=10982"},{"taxonomy":"post_tag","embeddable":true,"href":"https:\/\/www.vegaintro-projekti.com\/pilar-stari\/wp-json\/wp\/v2\/tags?post=10982"}],"curies":[{"name":"wp","href":"https:\/\/api.w.org\/{rel}","templated":true}]}}