{"id":11006,"date":"2018-10-29T17:39:46","date_gmt":"2018-10-29T17:39:46","guid":{"rendered":"https:\/\/www.vegaintro-projekti.com\/pilar-stari\/?p=11006"},"modified":"2020-10-28T18:54:01","modified_gmt":"2020-10-28T18:54:01","slug":"znanstvenici-instituta-na-4-sastanku-konzorcija-eu-obzor2020-ecdp-projekta-u-barceloni-23-24-10-2018","status":"publish","type":"post","link":"https:\/\/www.vegaintro-projekti.com\/pilar-stari\/2018\/10\/znanstvenici-instituta-na-4-sastanku-konzorcija-eu-obzor2020-ecdp-projekta-u-barceloni-23-24-10-2018\/","title":{"rendered":"Znanstvenici Instituta na 4. sastanku konzorcija EU Obzor2020 ECDP projekta u Barceloni, 23.-24. 10. 2018."},"content":{"rendered":"<p><strong>Znanstvenici Instituta dr. sc. Toni Babarovi\u0107, prof. dr. sc. Andreja Braj\u0161a \u017dganec, prof. dr. sc. Renata Franc i prof. dr. sc. Ljiljana Kaliterna-Lipov\u010dan sudjelovali su na \u010detvrtkom sastanku konzorcija EU <em>Obzor2020 Projekta razvoja kohortnog istra\u017eivanja ECDP<\/em> <em>(The European Cohort Development Project &#8211; ECDP)<\/em> odr\u017eanom 23. i 24. listopada 2018. u Barceloni na Sveu\u010dili\u0161tu Pompeu Fabra.<\/strong> \u2212 <a href=\"https:\/\/www.eurocohort.eu\">ECDP<\/a><\/p>\n<p><a href=\"https:\/\/www.vegaintro-projekti.com\/pilar-stari\/wp-content\/uploads\/2018\/11\/ECDP_Barcelona_2.jpg\"><img decoding=\"async\" loading=\"lazy\" class=\"alignnone wp-image-11005 size-full\" src=\"https:\/\/www.vegaintro-projekti.com\/pilar-stari\/wp-content\/uploads\/2018\/11\/ECDP_Barcelona_2s.jpg\" alt=\"\" width=\"310\" height=\"233\" srcset=\"https:\/\/www.vegaintro-projekti.com\/pilar-stari\/wp-content\/uploads\/2018\/11\/ECDP_Barcelona_2s.jpg 310w, https:\/\/www.vegaintro-projekti.com\/pilar-stari\/wp-content\/uploads\/2018\/11\/ECDP_Barcelona_2s-300x225.jpg 300w\" sizes=\"(max-width: 310px) 100vw, 310px\" \/><\/a><a href=\"https:\/\/www.vegaintro-projekti.com\/pilar-stari\/wp-content\/uploads\/2018\/11\/ECDP_Barcelona_1.jpg\"><img decoding=\"async\" loading=\"lazy\" class=\"alignnone wp-image-11003 size-full\" src=\"https:\/\/www.vegaintro-projekti.com\/pilar-stari\/wp-content\/uploads\/2018\/11\/ECDP_Barcelona_1s.jpg\" alt=\"\" width=\"310\" height=\"233\" srcset=\"https:\/\/www.vegaintro-projekti.com\/pilar-stari\/wp-content\/uploads\/2018\/11\/ECDP_Barcelona_1s.jpg 310w, https:\/\/www.vegaintro-projekti.com\/pilar-stari\/wp-content\/uploads\/2018\/11\/ECDP_Barcelona_1s-300x225.jpg 300w\" sizes=\"(max-width: 310px) 100vw, 310px\" \/><\/a><a href=\"https:\/\/www.vegaintro-projekti.com\/pilar-stari\/wp-content\/uploads\/2018\/11\/ECDP_Barcelona_0_s.jpg\"><img decoding=\"async\" loading=\"lazy\" class=\"alignnone wp-image-11001 size-full\" src=\"https:\/\/www.vegaintro-projekti.com\/pilar-stari\/wp-content\/uploads\/2018\/11\/ECDP_Barcelona_0_ss.jpg\" alt=\"\" width=\"620\" height=\"362\" srcset=\"https:\/\/www.vegaintro-projekti.com\/pilar-stari\/wp-content\/uploads\/2018\/11\/ECDP_Barcelona_0_ss.jpg 620w, https:\/\/www.vegaintro-projekti.com\/pilar-stari\/wp-content\/uploads\/2018\/11\/ECDP_Barcelona_0_ss-300x175.jpg 300w\" sizes=\"(max-width: 620px) 100vw, 620px\" \/><\/a><\/p>\n<p><span style=\"font-size: 8pt;\"><strong>Znanstvenici Instituta na 4. sastanku konzorcija EU Obzor2020 ECDP projekta u Barceloni, 23.-24. listopada 2018. &#8211; Foto: Fl\u00f3ri\u00e1n Sipos<\/strong><\/span><\/p>\n<p>Osnovne teme sastanka bile su izazovi i ostvareni napredak u osiguranju politi\u010dke i financijske podr\u0161ke za provedbu budu\u0107eg <em>Europskog longitudinalnog istra\u017eivanja dobrobiti djece i mladih \u2212 <strong>EuroCohort<\/strong><\/em>, na\u010dini upravljanja europskim istra\u017eiva\u010dkim infrastrukturama, eti\u010dki problemi i pitanja pri provedbi anketnih istra\u017eivanja s djecom te metodolo\u0161ka pitanja budu\u0107eg longitudinalnog istra\u017eivanja te prate\u0107ih pilot istra\u017eivanja. Koordinator projekta prof. dr. Gary Pollock (Sveu\u010dili\u0161te Manchester Metropolitan, UK) u uvodnoj je prezentaciji naglasio mogu\u0107nosti i izazove povezane s uklju\u010divanjem <em><strong>EuroCohort<\/strong><\/em> istra\u017eivanja u <em>Plan za europski istra\u017eiva\u010dki prostor (European roadmap for research infrastructure)<\/em>.<\/p>\n<p>Prof. dr. sc. Andreja Braj\u0161a \u017dganec, su-voditeljica 6. dionice projekta, odr\u017eala je prezentaciju o rezultatima radionice s djecom i mladima odr\u017eane u Hrvatskoj na temu dje\u010djeg razumijevanja privatnosti i eti\u010dnosti u anketnim istra\u017eivanjima djece, a dr. sc. Toni Babarovi\u0107, su-voditelj 9. dionice projekta, o dizajnu i provedbi pilot istra\u017eivanja. Odr\u017eani su i sastanci Eti\u010dkog povjerenstva projekta u kojem sudjeluje znanstvenica Instituta prof. dr. sc. Andreja Braj\u0161a \u017dganec, te Upravnog odbora projekta u kojem sudjeluje voditeljica hrvatskog tima prof. dr. sc. Renata Franc.<\/p>\n<p>Doma\u0107ini sastanka bili su kolege iz Katalonske agencije za mlade (<em>Catalan Youth Agency<\/em>). Sljede\u0107i sastanak konzorcija ECDP projekta odr\u017eat \u0107e se u velja\u010di 2019. godine na Sveu\u010dili\u0161tu u Ateni.<\/p>\n<p><strong>ECDP<\/strong> projekt usmjeren je na razvoj modela nove Europske istra\u017eiva\u010dke infrastrukture (<em>European Research Infrastructure<\/em>) za koordinaciju i provedbu budu\u0107eg velikog europskog kohortnog 25 godi\u0161njeg longitudinalnog istra\u017eivanja o dobrobiti djece i mladih, pod nazivom <em><strong>EuroCohort<\/strong><\/em>.<\/p>\n<p><strong>ECDP<\/strong> projekt je jedan od \u010detiri europska projekta u okviru <strong>Obzor2020<\/strong> programa u kojem Institut Pilar trenutno sudjeluje kao partnerska institucija.<\/p>\n<blockquote><p><a href=\"https:\/\/www.vegaintro-projekti.com\/pilar-stari\/2018\/01\/institut-pilar-u-projektu-razvoja-kohortnog-istrazivanja-ecdp\/\">Institut Pilar u Projektu razvoja kohortnog istra\u017eivanja \u2013 ECDP<\/a><\/p><\/blockquote>\n","protected":false},"excerpt":{"rendered":"<p>Znanstvenici Instituta dr. sc. Toni Babarovi\u0107, prof. dr. sc. Andreja Braj\u0161a \u017dganec, prof. dr. sc. Renata Franc i prof. dr. sc. Ljiljana Kaliterna-Lipov\u010dan sudjelovali su na \u010detvrtkom sastanku konzorcija EU Obzor2020 Projekta razvoja kohortnog istra\u017eivanja ECDP (The European Cohort Development Project &#8211; ECDP) odr\u017eanom 23. i 24. listopada 2018. u Barceloni na Sveu\u010dili\u0161tu Pompeu Fabra.&hellip; <a class=\"continue\" href=\"https:\/\/www.vegaintro-projekti.com\/pilar-stari\/2018\/10\/znanstvenici-instituta-na-4-sastanku-konzorcija-eu-obzor2020-ecdp-projekta-u-barceloni-23-24-10-2018\/\">Pro\u010ditaj vi\u0161e o<span> Znanstvenici Instituta na 4. sastanku konzorcija EU Obzor2020 ECDP projekta u Barceloni, 23.-24. 10. 2018.<\/span><\/a><\/p>\n","protected":false},"author":7,"featured_media":11001,"comment_status":"closed","ping_status":"closed","sticky":false,"template":"","format":"standard","meta":{"inline_featured_image":false,"ngg_post_thumbnail":0,"footnotes":""},"categories":[48,29],"tags":[],"yoast_head":"<!-- This site is optimized with the Yoast SEO plugin v21.2 - https:\/\/yoast.com\/wordpress\/plugins\/seo\/ -->\n<title>Znanstvenici Instituta na 4. sastanku konzorcija EU Obzor2020 ECDP projekta u Barceloni, 23.-24. 10. 2018. - Institut dru&scaron;tvenih znanosti Ivo Pilar<\/title>\n<meta name=\"robots\" content=\"noindex, follow, max-snippet:-1, max-image-preview:large, max-video-preview:-1\" \/>\n<meta property=\"og:locale\" content=\"hr_HR\" \/>\n<meta property=\"og:type\" content=\"article\" \/>\n<meta property=\"og:title\" content=\"Znanstvenici Instituta na 4. sastanku konzorcija EU Obzor2020 ECDP projekta u Barceloni, 23.-24. 10. 2018. - Institut dru&scaron;tvenih znanosti Ivo Pilar\" \/>\n<meta property=\"og:description\" content=\"Znanstvenici Instituta dr. sc. Toni Babarovi\u0107, prof. dr. sc. Andreja Braj\u0161a \u017dganec, prof. dr. sc. Renata Franc i prof. dr. sc. Ljiljana Kaliterna-Lipov\u010dan sudjelovali su na \u010detvrtkom sastanku konzorcija EU Obzor2020 Projekta razvoja kohortnog istra\u017eivanja ECDP (The European Cohort Development Project &#8211; ECDP) odr\u017eanom 23. i 24. listopada 2018. u Barceloni na Sveu\u010dili\u0161tu Pompeu Fabra.&hellip; Pro\u010ditaj vi\u0161e o Znanstvenici Instituta na 4. sastanku konzorcija EU Obzor2020 ECDP projekta u Barceloni, 23.-24. 10. 2018.\" \/>\n<meta property=\"og:url\" content=\"https:\/\/www.vegaintro-projekti.com\/pilar-stari\/2018\/10\/znanstvenici-instituta-na-4-sastanku-konzorcija-eu-obzor2020-ecdp-projekta-u-barceloni-23-24-10-2018\/\" \/>\n<meta property=\"og:site_name\" content=\"Institut dru&scaron;tvenih znanosti Ivo Pilar\" \/>\n<meta property=\"article:published_time\" content=\"2018-10-29T17:39:46+00:00\" \/>\n<meta property=\"article:modified_time\" content=\"2020-10-28T18:54:01+00:00\" \/>\n<meta property=\"og:image\" content=\"https:\/\/www.vegaintro-projekti.com\/pilar-stari\/wp-content\/uploads\/2018\/11\/ECDP_Barcelona_0_ss.jpg\" \/>\n\t<meta property=\"og:image:width\" content=\"620\" \/>\n\t<meta property=\"og:image:height\" content=\"362\" \/>\n\t<meta property=\"og:image:type\" content=\"image\/jpeg\" \/>\n<meta name=\"author\" content=\"Boris\" \/>\n<meta name=\"twitter:card\" content=\"summary_large_image\" \/>\n<meta name=\"twitter:label1\" content=\"Napisao\/la\" \/>\n\t<meta name=\"twitter:data1\" content=\"Boris\" \/>\n\t<meta name=\"twitter:label2\" content=\"Procijenjeno vrijeme \u010ditanja\" \/>\n\t<meta name=\"twitter:data2\" content=\"2 minute\" \/>\n<script type=\"application\/ld+json\" class=\"yoast-schema-graph\">{\"@context\":\"https:\/\/schema.org\",\"@graph\":[{\"@type\":\"WebPage\",\"@id\":\"https:\/\/www.vegaintro-projekti.com\/pilar-stari\/2018\/10\/znanstvenici-instituta-na-4-sastanku-konzorcija-eu-obzor2020-ecdp-projekta-u-barceloni-23-24-10-2018\/\",\"url\":\"https:\/\/www.vegaintro-projekti.com\/pilar-stari\/2018\/10\/znanstvenici-instituta-na-4-sastanku-konzorcija-eu-obzor2020-ecdp-projekta-u-barceloni-23-24-10-2018\/\",\"name\":\"Znanstvenici Instituta na 4. sastanku konzorcija EU Obzor2020 ECDP projekta u Barceloni, 23.-24. 10. 2018. - Institut dru&scaron;tvenih znanosti Ivo Pilar\",\"isPartOf\":{\"@id\":\"https:\/\/www.vegaintro-projekti.com\/pilar-stari\/#website\"},\"datePublished\":\"2018-10-29T17:39:46+00:00\",\"dateModified\":\"2020-10-28T18:54:01+00:00\",\"author\":{\"@id\":\"https:\/\/www.vegaintro-projekti.com\/pilar-stari\/#\/schema\/person\/ddd404c9f1e15e4ffef5986ac6a5d28b\"},\"breadcrumb\":{\"@id\":\"https:\/\/www.vegaintro-projekti.com\/pilar-stari\/2018\/10\/znanstvenici-instituta-na-4-sastanku-konzorcija-eu-obzor2020-ecdp-projekta-u-barceloni-23-24-10-2018\/#breadcrumb\"},\"inLanguage\":\"hr\",\"potentialAction\":[{\"@type\":\"ReadAction\",\"target\":[\"https:\/\/www.vegaintro-projekti.com\/pilar-stari\/2018\/10\/znanstvenici-instituta-na-4-sastanku-konzorcija-eu-obzor2020-ecdp-projekta-u-barceloni-23-24-10-2018\/\"]}]},{\"@type\":\"BreadcrumbList\",\"@id\":\"https:\/\/www.vegaintro-projekti.com\/pilar-stari\/2018\/10\/znanstvenici-instituta-na-4-sastanku-konzorcija-eu-obzor2020-ecdp-projekta-u-barceloni-23-24-10-2018\/#breadcrumb\",\"itemListElement\":[{\"@type\":\"ListItem\",\"position\":1,\"name\":\"Home\",\"item\":\"https:\/\/www.vegaintro-projekti.com\/pilar-stari\/\"},{\"@type\":\"ListItem\",\"position\":2,\"name\":\"Znanstvenici Instituta na 4. sastanku konzorcija EU Obzor2020 ECDP projekta u Barceloni, 23.-24. 10. 2018.\"}]},{\"@type\":\"WebSite\",\"@id\":\"https:\/\/www.vegaintro-projekti.com\/pilar-stari\/#website\",\"url\":\"https:\/\/www.vegaintro-projekti.com\/pilar-stari\/\",\"name\":\"Institut dru&scaron;tvenih znanosti Ivo Pilar\",\"description\":\"Pilar\",\"potentialAction\":[{\"@type\":\"SearchAction\",\"target\":{\"@type\":\"EntryPoint\",\"urlTemplate\":\"https:\/\/www.vegaintro-projekti.com\/pilar-stari\/?s={search_term_string}\"},\"query-input\":\"required name=search_term_string\"}],\"inLanguage\":\"hr\"},{\"@type\":\"Person\",\"@id\":\"https:\/\/www.vegaintro-projekti.com\/pilar-stari\/#\/schema\/person\/ddd404c9f1e15e4ffef5986ac6a5d28b\",\"name\":\"Boris\",\"image\":{\"@type\":\"ImageObject\",\"inLanguage\":\"hr\",\"@id\":\"https:\/\/www.vegaintro-projekti.com\/pilar-stari\/#\/schema\/person\/image\/\",\"url\":\"https:\/\/secure.gravatar.com\/avatar\/29557b161a6ce6ab86ac1503164f1e90?s=96&d=mm&r=g\",\"contentUrl\":\"https:\/\/secure.gravatar.com\/avatar\/29557b161a6ce6ab86ac1503164f1e90?s=96&d=mm&r=g\",\"caption\":\"Boris\"},\"url\":\"https:\/\/www.vegaintro-projekti.com\/pilar-stari\/author\/boris\/\"}]}<\/script>\n<!-- \/ Yoast SEO plugin. -->","yoast_head_json":{"title":"Znanstvenici Instituta na 4. sastanku konzorcija EU Obzor2020 ECDP projekta u Barceloni, 23.-24. 10. 2018. - Institut dru&scaron;tvenih znanosti Ivo Pilar","robots":{"index":"noindex","follow":"follow","max-snippet":"max-snippet:-1","max-image-preview":"max-image-preview:large","max-video-preview":"max-video-preview:-1"},"og_locale":"hr_HR","og_type":"article","og_title":"Znanstvenici Instituta na 4. sastanku konzorcija EU Obzor2020 ECDP projekta u Barceloni, 23.-24. 10. 2018. - Institut dru&scaron;tvenih znanosti Ivo Pilar","og_description":"Znanstvenici Instituta dr. sc. Toni Babarovi\u0107, prof. dr. sc. Andreja Braj\u0161a \u017dganec, prof. dr. sc. Renata Franc i prof. dr. sc. Ljiljana Kaliterna-Lipov\u010dan sudjelovali su na \u010detvrtkom sastanku konzorcija EU Obzor2020 Projekta razvoja kohortnog istra\u017eivanja ECDP (The European Cohort Development Project &#8211; ECDP) odr\u017eanom 23. i 24. listopada 2018. u Barceloni na Sveu\u010dili\u0161tu Pompeu Fabra.&hellip; Pro\u010ditaj vi\u0161e o Znanstvenici Instituta na 4. sastanku konzorcija EU Obzor2020 ECDP projekta u Barceloni, 23.-24. 10. 2018.","og_url":"https:\/\/www.vegaintro-projekti.com\/pilar-stari\/2018\/10\/znanstvenici-instituta-na-4-sastanku-konzorcija-eu-obzor2020-ecdp-projekta-u-barceloni-23-24-10-2018\/","og_site_name":"Institut dru&scaron;tvenih znanosti Ivo Pilar","article_published_time":"2018-10-29T17:39:46+00:00","article_modified_time":"2020-10-28T18:54:01+00:00","og_image":[{"width":620,"height":362,"url":"https:\/\/www.vegaintro-projekti.com\/pilar-stari\/wp-content\/uploads\/2018\/11\/ECDP_Barcelona_0_ss.jpg","type":"image\/jpeg"}],"author":"Boris","twitter_card":"summary_large_image","twitter_misc":{"Napisao\/la":"Boris","Procijenjeno vrijeme \u010ditanja":"2 minute"},"schema":{"@context":"https:\/\/schema.org","@graph":[{"@type":"WebPage","@id":"https:\/\/www.vegaintro-projekti.com\/pilar-stari\/2018\/10\/znanstvenici-instituta-na-4-sastanku-konzorcija-eu-obzor2020-ecdp-projekta-u-barceloni-23-24-10-2018\/","url":"https:\/\/www.vegaintro-projekti.com\/pilar-stari\/2018\/10\/znanstvenici-instituta-na-4-sastanku-konzorcija-eu-obzor2020-ecdp-projekta-u-barceloni-23-24-10-2018\/","name":"Znanstvenici Instituta na 4. sastanku konzorcija EU Obzor2020 ECDP projekta u Barceloni, 23.-24. 10. 2018. - Institut dru&scaron;tvenih znanosti Ivo Pilar","isPartOf":{"@id":"https:\/\/www.vegaintro-projekti.com\/pilar-stari\/#website"},"datePublished":"2018-10-29T17:39:46+00:00","dateModified":"2020-10-28T18:54:01+00:00","author":{"@id":"https:\/\/www.vegaintro-projekti.com\/pilar-stari\/#\/schema\/person\/ddd404c9f1e15e4ffef5986ac6a5d28b"},"breadcrumb":{"@id":"https:\/\/www.vegaintro-projekti.com\/pilar-stari\/2018\/10\/znanstvenici-instituta-na-4-sastanku-konzorcija-eu-obzor2020-ecdp-projekta-u-barceloni-23-24-10-2018\/#breadcrumb"},"inLanguage":"hr","potentialAction":[{"@type":"ReadAction","target":["https:\/\/www.vegaintro-projekti.com\/pilar-stari\/2018\/10\/znanstvenici-instituta-na-4-sastanku-konzorcija-eu-obzor2020-ecdp-projekta-u-barceloni-23-24-10-2018\/"]}]},{"@type":"BreadcrumbList","@id":"https:\/\/www.vegaintro-projekti.com\/pilar-stari\/2018\/10\/znanstvenici-instituta-na-4-sastanku-konzorcija-eu-obzor2020-ecdp-projekta-u-barceloni-23-24-10-2018\/#breadcrumb","itemListElement":[{"@type":"ListItem","position":1,"name":"Home","item":"https:\/\/www.vegaintro-projekti.com\/pilar-stari\/"},{"@type":"ListItem","position":2,"name":"Znanstvenici Instituta na 4. sastanku konzorcija EU Obzor2020 ECDP projekta u Barceloni, 23.-24. 10. 2018."}]},{"@type":"WebSite","@id":"https:\/\/www.vegaintro-projekti.com\/pilar-stari\/#website","url":"https:\/\/www.vegaintro-projekti.com\/pilar-stari\/","name":"Institut dru&scaron;tvenih znanosti Ivo Pilar","description":"Pilar","potentialAction":[{"@type":"SearchAction","target":{"@type":"EntryPoint","urlTemplate":"https:\/\/www.vegaintro-projekti.com\/pilar-stari\/?s={search_term_string}"},"query-input":"required name=search_term_string"}],"inLanguage":"hr"},{"@type":"Person","@id":"https:\/\/www.vegaintro-projekti.com\/pilar-stari\/#\/schema\/person\/ddd404c9f1e15e4ffef5986ac6a5d28b","name":"Boris","image":{"@type":"ImageObject","inLanguage":"hr","@id":"https:\/\/www.vegaintro-projekti.com\/pilar-stari\/#\/schema\/person\/image\/","url":"https:\/\/secure.gravatar.com\/avatar\/29557b161a6ce6ab86ac1503164f1e90?s=96&d=mm&r=g","contentUrl":"https:\/\/secure.gravatar.com\/avatar\/29557b161a6ce6ab86ac1503164f1e90?s=96&d=mm&r=g","caption":"Boris"},"url":"https:\/\/www.vegaintro-projekti.com\/pilar-stari\/author\/boris\/"}]}},"_links":{"self":[{"href":"https:\/\/www.vegaintro-projekti.com\/pilar-stari\/wp-json\/wp\/v2\/posts\/11006"}],"collection":[{"href":"https:\/\/www.vegaintro-projekti.com\/pilar-stari\/wp-json\/wp\/v2\/posts"}],"about":[{"href":"https:\/\/www.vegaintro-projekti.com\/pilar-stari\/wp-json\/wp\/v2\/types\/post"}],"author":[{"embeddable":true,"href":"https:\/\/www.vegaintro-projekti.com\/pilar-stari\/wp-json\/wp\/v2\/users\/7"}],"replies":[{"embeddable":true,"href":"https:\/\/www.vegaintro-projekti.com\/pilar-stari\/wp-json\/wp\/v2\/comments?post=11006"}],"version-history":[{"count":4,"href":"https:\/\/www.vegaintro-projekti.com\/pilar-stari\/wp-json\/wp\/v2\/posts\/11006\/revisions"}],"predecessor-version":[{"id":11010,"href":"https:\/\/www.vegaintro-projekti.com\/pilar-stari\/wp-json\/wp\/v2\/posts\/11006\/revisions\/11010"}],"wp:featuredmedia":[{"embeddable":true,"href":"https:\/\/www.vegaintro-projekti.com\/pilar-stari\/wp-json\/wp\/v2\/media\/11001"}],"wp:attachment":[{"href":"https:\/\/www.vegaintro-projekti.com\/pilar-stari\/wp-json\/wp\/v2\/media?parent=11006"}],"wp:term":[{"taxonomy":"category","embeddable":true,"href":"https:\/\/www.vegaintro-projekti.com\/pilar-stari\/wp-json\/wp\/v2\/categories?post=11006"},{"taxonomy":"post_tag","embeddable":true,"href":"https:\/\/www.vegaintro-projekti.com\/pilar-stari\/wp-json\/wp\/v2\/tags?post=11006"}],"curies":[{"name":"wp","href":"https:\/\/api.w.org\/{rel}","templated":true}]}}