{"id":11100,"date":"2018-11-14T20:58:04","date_gmt":"2018-11-14T20:58:04","guid":{"rendered":"https:\/\/www.vegaintro-projekti.com\/pilar-stari\/?p=11100"},"modified":"2020-10-28T18:52:54","modified_gmt":"2020-10-28T18:52:54","slug":"dr-sc-jelka-vince-pallua-na-konferenciji-spaces-and-places-in-transition-prag-7-10-11-2018","status":"publish","type":"post","link":"https:\/\/www.vegaintro-projekti.com\/pilar-stari\/2018\/11\/dr-sc-jelka-vince-pallua-na-konferenciji-spaces-and-places-in-transition-prag-7-10-11-2018\/","title":{"rendered":"Dr. sc. Jelka Vince Pallua na konferenciji &#8220;Spaces and Places in Transition&#8221;, Prag, 7.-10. 11. 2018."},"content":{"rendered":"<p><strong>Dr. sc. Jelka Vince Pallua, kao co-chair radne grupe Space-lore and Place-lore SIEF-a (Soci\u00e9t\u00e9 Internationale d\u00b4Ethnologie et de Folklore), pozvana je na konferenciju Spaces and Places in Transition: Urban and Rural Transformations in Central and Eastern Europe odr\u017eanu u Pragu od 7. do 10. studenoga 2018. Skup su organizirali spomenuta radna grupa, Institut za etnologiju \u010ce\u0161ke akademije znanosti (IE CAS) i Centar za balti\u010dke i isto\u010dnoeuropske studije (CBEES) na Sveu\u010dili\u0161tu S\u00f6dert\u00f6rn u Stockholmu.<\/strong> \u2212 <a href=\"http:\/\/spaces2018.cz\/\">Program konferencije<\/a><\/p>\n<p><a href=\"http:\/\/spaces2018.cz\/\"><img decoding=\"async\" loading=\"lazy\" class=\"alignnone wp-image-11102 size-full\" src=\"https:\/\/www.vegaintro-projekti.com\/pilar-stari\/wp-content\/uploads\/2018\/11\/Prag_web.jpg\" alt=\"\" width=\"620\" height=\"175\" srcset=\"https:\/\/www.vegaintro-projekti.com\/pilar-stari\/wp-content\/uploads\/2018\/11\/Prag_web.jpg 620w, https:\/\/www.vegaintro-projekti.com\/pilar-stari\/wp-content\/uploads\/2018\/11\/Prag_web-300x85.jpg 300w\" sizes=\"(max-width: 620px) 100vw, 620px\" \/><\/a><a href=\"https:\/\/www.vegaintro-projekti.com\/pilar-stari\/wp-content\/uploads\/2018\/11\/Prag_1.jpg\"><img decoding=\"async\" loading=\"lazy\" class=\"alignnone wp-image-11097 size-full\" src=\"https:\/\/www.vegaintro-projekti.com\/pilar-stari\/wp-content\/uploads\/2018\/11\/Prag_1s.jpg\" alt=\"\" width=\"310\" height=\"430\" srcset=\"https:\/\/www.vegaintro-projekti.com\/pilar-stari\/wp-content\/uploads\/2018\/11\/Prag_1s.jpg 310w, https:\/\/www.vegaintro-projekti.com\/pilar-stari\/wp-content\/uploads\/2018\/11\/Prag_1s-216x300.jpg 216w\" sizes=\"(max-width: 310px) 100vw, 310px\" \/><\/a><a href=\"https:\/\/www.vegaintro-projekti.com\/pilar-stari\/wp-content\/uploads\/2018\/11\/Prag_2.jpg\"><img decoding=\"async\" loading=\"lazy\" class=\"alignnone wp-image-11099 size-full\" src=\"https:\/\/www.vegaintro-projekti.com\/pilar-stari\/wp-content\/uploads\/2018\/11\/Prag_2s.jpg\" alt=\"\" width=\"310\" height=\"430\" srcset=\"https:\/\/www.vegaintro-projekti.com\/pilar-stari\/wp-content\/uploads\/2018\/11\/Prag_2s.jpg 310w, https:\/\/www.vegaintro-projekti.com\/pilar-stari\/wp-content\/uploads\/2018\/11\/Prag_2s-216x300.jpg 216w\" sizes=\"(max-width: 310px) 100vw, 310px\" \/><\/a><a href=\"https:\/\/www.vegaintro-projekti.com\/pilar-stari\/wp-content\/uploads\/2018\/11\/Prag_0.jpg\"><img decoding=\"async\" loading=\"lazy\" class=\"alignnone wp-image-11095 size-full\" src=\"https:\/\/www.vegaintro-projekti.com\/pilar-stari\/wp-content\/uploads\/2018\/11\/Prag_0s.jpg\" alt=\"\" width=\"620\" height=\"355\" srcset=\"https:\/\/www.vegaintro-projekti.com\/pilar-stari\/wp-content\/uploads\/2018\/11\/Prag_0s.jpg 620w, https:\/\/www.vegaintro-projekti.com\/pilar-stari\/wp-content\/uploads\/2018\/11\/Prag_0s-300x172.jpg 300w\" sizes=\"(max-width: 620px) 100vw, 620px\" \/><\/a><\/p>\n<p><span style=\"font-size: 10pt;\"><strong>Konferencija &#8220;Spaces and Places in Transition: Urban and Rural Transformations in Central and Eastern Europe&#8221;, Prag, 7.-10. studenoga 2018.<\/strong><\/span><\/p>\n<blockquote><p><a href=\"https:\/\/www.vegaintro-projekti.com\/pilar-stari\/biografije\/user-bio\/?my_user_id=62\">Dr. sc. Jelka Vince Pallua<\/a><\/p><\/blockquote>\n","protected":false},"excerpt":{"rendered":"<p>Dr. sc. Jelka Vince Pallua, kao co-chair radne grupe Space-lore and Place-lore SIEF-a (Soci\u00e9t\u00e9 Internationale d\u00b4Ethnologie et de Folklore), pozvana je na konferenciju Spaces and Places in Transition: Urban and Rural Transformations in Central and Eastern Europe odr\u017eanu u Pragu od 7. do 10. studenoga 2018. Skup su organizirali spomenuta radna grupa, Institut za etnologiju&hellip; <a class=\"continue\" href=\"https:\/\/www.vegaintro-projekti.com\/pilar-stari\/2018\/11\/dr-sc-jelka-vince-pallua-na-konferenciji-spaces-and-places-in-transition-prag-7-10-11-2018\/\">Pro\u010ditaj vi\u0161e o<span> Dr. sc. Jelka Vince Pallua na konferenciji &#8220;Spaces and Places in Transition&#8221;, Prag, 7.-10. 11. 2018.<\/span><\/a><\/p>\n","protected":false},"author":7,"featured_media":11095,"comment_status":"closed","ping_status":"closed","sticky":false,"template":"","format":"standard","meta":{"inline_featured_image":false,"ngg_post_thumbnail":0,"footnotes":""},"categories":[48,11],"tags":[],"yoast_head":"<!-- This site is optimized with the Yoast SEO plugin v21.2 - https:\/\/yoast.com\/wordpress\/plugins\/seo\/ -->\n<title>Dr. sc. Jelka Vince Pallua na konferenciji &quot;Spaces and Places in Transition&quot;, Prag, 7.-10. 11. 2018. - Institut dru&scaron;tvenih znanosti Ivo Pilar<\/title>\n<meta name=\"robots\" content=\"noindex, follow, max-snippet:-1, max-image-preview:large, max-video-preview:-1\" \/>\n<meta property=\"og:locale\" content=\"hr_HR\" \/>\n<meta property=\"og:type\" content=\"article\" \/>\n<meta property=\"og:title\" content=\"Dr. sc. Jelka Vince Pallua na konferenciji &quot;Spaces and Places in Transition&quot;, Prag, 7.-10. 11. 2018. - Institut dru&scaron;tvenih znanosti Ivo Pilar\" \/>\n<meta property=\"og:description\" content=\"Dr. sc. Jelka Vince Pallua, kao co-chair radne grupe Space-lore and Place-lore SIEF-a (Soci\u00e9t\u00e9 Internationale d\u00b4Ethnologie et de Folklore), pozvana je na konferenciju Spaces and Places in Transition: Urban and Rural Transformations in Central and Eastern Europe odr\u017eanu u Pragu od 7. do 10. studenoga 2018. Skup su organizirali spomenuta radna grupa, Institut za etnologiju&hellip; Pro\u010ditaj vi\u0161e o Dr. sc. Jelka Vince Pallua na konferenciji &#8220;Spaces and Places in Transition&#8221;, Prag, 7.-10. 11. 2018.\" \/>\n<meta property=\"og:url\" content=\"https:\/\/www.vegaintro-projekti.com\/pilar-stari\/2018\/11\/dr-sc-jelka-vince-pallua-na-konferenciji-spaces-and-places-in-transition-prag-7-10-11-2018\/\" \/>\n<meta property=\"og:site_name\" content=\"Institut dru&scaron;tvenih znanosti Ivo Pilar\" \/>\n<meta property=\"article:published_time\" content=\"2018-11-14T20:58:04+00:00\" \/>\n<meta property=\"article:modified_time\" content=\"2020-10-28T18:52:54+00:00\" \/>\n<meta property=\"og:image\" content=\"https:\/\/www.vegaintro-projekti.com\/pilar-stari\/wp-content\/uploads\/2018\/11\/Prag_0s.jpg\" \/>\n\t<meta property=\"og:image:width\" content=\"620\" \/>\n\t<meta property=\"og:image:height\" content=\"355\" \/>\n\t<meta property=\"og:image:type\" content=\"image\/jpeg\" \/>\n<meta name=\"author\" content=\"Boris\" \/>\n<meta name=\"twitter:card\" content=\"summary_large_image\" \/>\n<meta name=\"twitter:label1\" content=\"Napisao\/la\" \/>\n\t<meta name=\"twitter:data1\" content=\"Boris\" \/>\n\t<meta name=\"twitter:label2\" content=\"Procijenjeno vrijeme \u010ditanja\" \/>\n\t<meta name=\"twitter:data2\" content=\"1 minuta\" \/>\n<script type=\"application\/ld+json\" class=\"yoast-schema-graph\">{\"@context\":\"https:\/\/schema.org\",\"@graph\":[{\"@type\":\"WebPage\",\"@id\":\"https:\/\/www.vegaintro-projekti.com\/pilar-stari\/2018\/11\/dr-sc-jelka-vince-pallua-na-konferenciji-spaces-and-places-in-transition-prag-7-10-11-2018\/\",\"url\":\"https:\/\/www.vegaintro-projekti.com\/pilar-stari\/2018\/11\/dr-sc-jelka-vince-pallua-na-konferenciji-spaces-and-places-in-transition-prag-7-10-11-2018\/\",\"name\":\"Dr. sc. Jelka Vince Pallua na konferenciji \\\"Spaces and Places in Transition\\\", Prag, 7.-10. 11. 2018. - Institut dru&scaron;tvenih znanosti Ivo Pilar\",\"isPartOf\":{\"@id\":\"https:\/\/www.vegaintro-projekti.com\/pilar-stari\/#website\"},\"datePublished\":\"2018-11-14T20:58:04+00:00\",\"dateModified\":\"2020-10-28T18:52:54+00:00\",\"author\":{\"@id\":\"https:\/\/www.vegaintro-projekti.com\/pilar-stari\/#\/schema\/person\/ddd404c9f1e15e4ffef5986ac6a5d28b\"},\"breadcrumb\":{\"@id\":\"https:\/\/www.vegaintro-projekti.com\/pilar-stari\/2018\/11\/dr-sc-jelka-vince-pallua-na-konferenciji-spaces-and-places-in-transition-prag-7-10-11-2018\/#breadcrumb\"},\"inLanguage\":\"hr\",\"potentialAction\":[{\"@type\":\"ReadAction\",\"target\":[\"https:\/\/www.vegaintro-projekti.com\/pilar-stari\/2018\/11\/dr-sc-jelka-vince-pallua-na-konferenciji-spaces-and-places-in-transition-prag-7-10-11-2018\/\"]}]},{\"@type\":\"BreadcrumbList\",\"@id\":\"https:\/\/www.vegaintro-projekti.com\/pilar-stari\/2018\/11\/dr-sc-jelka-vince-pallua-na-konferenciji-spaces-and-places-in-transition-prag-7-10-11-2018\/#breadcrumb\",\"itemListElement\":[{\"@type\":\"ListItem\",\"position\":1,\"name\":\"Home\",\"item\":\"https:\/\/www.vegaintro-projekti.com\/pilar-stari\/\"},{\"@type\":\"ListItem\",\"position\":2,\"name\":\"Dr. sc. Jelka Vince Pallua na konferenciji &#8220;Spaces and Places in Transition&#8221;, Prag, 7.-10. 11. 2018.\"}]},{\"@type\":\"WebSite\",\"@id\":\"https:\/\/www.vegaintro-projekti.com\/pilar-stari\/#website\",\"url\":\"https:\/\/www.vegaintro-projekti.com\/pilar-stari\/\",\"name\":\"Institut dru&scaron;tvenih znanosti Ivo Pilar\",\"description\":\"Pilar\",\"potentialAction\":[{\"@type\":\"SearchAction\",\"target\":{\"@type\":\"EntryPoint\",\"urlTemplate\":\"https:\/\/www.vegaintro-projekti.com\/pilar-stari\/?s={search_term_string}\"},\"query-input\":\"required name=search_term_string\"}],\"inLanguage\":\"hr\"},{\"@type\":\"Person\",\"@id\":\"https:\/\/www.vegaintro-projekti.com\/pilar-stari\/#\/schema\/person\/ddd404c9f1e15e4ffef5986ac6a5d28b\",\"name\":\"Boris\",\"image\":{\"@type\":\"ImageObject\",\"inLanguage\":\"hr\",\"@id\":\"https:\/\/www.vegaintro-projekti.com\/pilar-stari\/#\/schema\/person\/image\/\",\"url\":\"https:\/\/secure.gravatar.com\/avatar\/29557b161a6ce6ab86ac1503164f1e90?s=96&d=mm&r=g\",\"contentUrl\":\"https:\/\/secure.gravatar.com\/avatar\/29557b161a6ce6ab86ac1503164f1e90?s=96&d=mm&r=g\",\"caption\":\"Boris\"},\"url\":\"https:\/\/www.vegaintro-projekti.com\/pilar-stari\/author\/boris\/\"}]}<\/script>\n<!-- \/ Yoast SEO plugin. -->","yoast_head_json":{"title":"Dr. sc. Jelka Vince Pallua na konferenciji \"Spaces and Places in Transition\", Prag, 7.-10. 11. 2018. - Institut dru&scaron;tvenih znanosti Ivo Pilar","robots":{"index":"noindex","follow":"follow","max-snippet":"max-snippet:-1","max-image-preview":"max-image-preview:large","max-video-preview":"max-video-preview:-1"},"og_locale":"hr_HR","og_type":"article","og_title":"Dr. sc. Jelka Vince Pallua na konferenciji \"Spaces and Places in Transition\", Prag, 7.-10. 11. 2018. - Institut dru&scaron;tvenih znanosti Ivo Pilar","og_description":"Dr. sc. Jelka Vince Pallua, kao co-chair radne grupe Space-lore and Place-lore SIEF-a (Soci\u00e9t\u00e9 Internationale d\u00b4Ethnologie et de Folklore), pozvana je na konferenciju Spaces and Places in Transition: Urban and Rural Transformations in Central and Eastern Europe odr\u017eanu u Pragu od 7. do 10. studenoga 2018. Skup su organizirali spomenuta radna grupa, Institut za etnologiju&hellip; Pro\u010ditaj vi\u0161e o Dr. sc. Jelka Vince Pallua na konferenciji &#8220;Spaces and Places in Transition&#8221;, Prag, 7.-10. 11. 2018.","og_url":"https:\/\/www.vegaintro-projekti.com\/pilar-stari\/2018\/11\/dr-sc-jelka-vince-pallua-na-konferenciji-spaces-and-places-in-transition-prag-7-10-11-2018\/","og_site_name":"Institut dru&scaron;tvenih znanosti Ivo Pilar","article_published_time":"2018-11-14T20:58:04+00:00","article_modified_time":"2020-10-28T18:52:54+00:00","og_image":[{"width":620,"height":355,"url":"https:\/\/www.vegaintro-projekti.com\/pilar-stari\/wp-content\/uploads\/2018\/11\/Prag_0s.jpg","type":"image\/jpeg"}],"author":"Boris","twitter_card":"summary_large_image","twitter_misc":{"Napisao\/la":"Boris","Procijenjeno vrijeme \u010ditanja":"1 minuta"},"schema":{"@context":"https:\/\/schema.org","@graph":[{"@type":"WebPage","@id":"https:\/\/www.vegaintro-projekti.com\/pilar-stari\/2018\/11\/dr-sc-jelka-vince-pallua-na-konferenciji-spaces-and-places-in-transition-prag-7-10-11-2018\/","url":"https:\/\/www.vegaintro-projekti.com\/pilar-stari\/2018\/11\/dr-sc-jelka-vince-pallua-na-konferenciji-spaces-and-places-in-transition-prag-7-10-11-2018\/","name":"Dr. sc. Jelka Vince Pallua na konferenciji \"Spaces and Places in Transition\", Prag, 7.-10. 11. 2018. - Institut dru&scaron;tvenih znanosti Ivo Pilar","isPartOf":{"@id":"https:\/\/www.vegaintro-projekti.com\/pilar-stari\/#website"},"datePublished":"2018-11-14T20:58:04+00:00","dateModified":"2020-10-28T18:52:54+00:00","author":{"@id":"https:\/\/www.vegaintro-projekti.com\/pilar-stari\/#\/schema\/person\/ddd404c9f1e15e4ffef5986ac6a5d28b"},"breadcrumb":{"@id":"https:\/\/www.vegaintro-projekti.com\/pilar-stari\/2018\/11\/dr-sc-jelka-vince-pallua-na-konferenciji-spaces-and-places-in-transition-prag-7-10-11-2018\/#breadcrumb"},"inLanguage":"hr","potentialAction":[{"@type":"ReadAction","target":["https:\/\/www.vegaintro-projekti.com\/pilar-stari\/2018\/11\/dr-sc-jelka-vince-pallua-na-konferenciji-spaces-and-places-in-transition-prag-7-10-11-2018\/"]}]},{"@type":"BreadcrumbList","@id":"https:\/\/www.vegaintro-projekti.com\/pilar-stari\/2018\/11\/dr-sc-jelka-vince-pallua-na-konferenciji-spaces-and-places-in-transition-prag-7-10-11-2018\/#breadcrumb","itemListElement":[{"@type":"ListItem","position":1,"name":"Home","item":"https:\/\/www.vegaintro-projekti.com\/pilar-stari\/"},{"@type":"ListItem","position":2,"name":"Dr. sc. Jelka Vince Pallua na konferenciji &#8220;Spaces and Places in Transition&#8221;, Prag, 7.-10. 11. 2018."}]},{"@type":"WebSite","@id":"https:\/\/www.vegaintro-projekti.com\/pilar-stari\/#website","url":"https:\/\/www.vegaintro-projekti.com\/pilar-stari\/","name":"Institut dru&scaron;tvenih znanosti Ivo Pilar","description":"Pilar","potentialAction":[{"@type":"SearchAction","target":{"@type":"EntryPoint","urlTemplate":"https:\/\/www.vegaintro-projekti.com\/pilar-stari\/?s={search_term_string}"},"query-input":"required name=search_term_string"}],"inLanguage":"hr"},{"@type":"Person","@id":"https:\/\/www.vegaintro-projekti.com\/pilar-stari\/#\/schema\/person\/ddd404c9f1e15e4ffef5986ac6a5d28b","name":"Boris","image":{"@type":"ImageObject","inLanguage":"hr","@id":"https:\/\/www.vegaintro-projekti.com\/pilar-stari\/#\/schema\/person\/image\/","url":"https:\/\/secure.gravatar.com\/avatar\/29557b161a6ce6ab86ac1503164f1e90?s=96&d=mm&r=g","contentUrl":"https:\/\/secure.gravatar.com\/avatar\/29557b161a6ce6ab86ac1503164f1e90?s=96&d=mm&r=g","caption":"Boris"},"url":"https:\/\/www.vegaintro-projekti.com\/pilar-stari\/author\/boris\/"}]}},"_links":{"self":[{"href":"https:\/\/www.vegaintro-projekti.com\/pilar-stari\/wp-json\/wp\/v2\/posts\/11100"}],"collection":[{"href":"https:\/\/www.vegaintro-projekti.com\/pilar-stari\/wp-json\/wp\/v2\/posts"}],"about":[{"href":"https:\/\/www.vegaintro-projekti.com\/pilar-stari\/wp-json\/wp\/v2\/types\/post"}],"author":[{"embeddable":true,"href":"https:\/\/www.vegaintro-projekti.com\/pilar-stari\/wp-json\/wp\/v2\/users\/7"}],"replies":[{"embeddable":true,"href":"https:\/\/www.vegaintro-projekti.com\/pilar-stari\/wp-json\/wp\/v2\/comments?post=11100"}],"version-history":[{"count":3,"href":"https:\/\/www.vegaintro-projekti.com\/pilar-stari\/wp-json\/wp\/v2\/posts\/11100\/revisions"}],"predecessor-version":[{"id":11105,"href":"https:\/\/www.vegaintro-projekti.com\/pilar-stari\/wp-json\/wp\/v2\/posts\/11100\/revisions\/11105"}],"wp:featuredmedia":[{"embeddable":true,"href":"https:\/\/www.vegaintro-projekti.com\/pilar-stari\/wp-json\/wp\/v2\/media\/11095"}],"wp:attachment":[{"href":"https:\/\/www.vegaintro-projekti.com\/pilar-stari\/wp-json\/wp\/v2\/media?parent=11100"}],"wp:term":[{"taxonomy":"category","embeddable":true,"href":"https:\/\/www.vegaintro-projekti.com\/pilar-stari\/wp-json\/wp\/v2\/categories?post=11100"},{"taxonomy":"post_tag","embeddable":true,"href":"https:\/\/www.vegaintro-projekti.com\/pilar-stari\/wp-json\/wp\/v2\/tags?post=11100"}],"curies":[{"name":"wp","href":"https:\/\/api.w.org\/{rel}","templated":true}]}}