{"id":11575,"date":"2018-12-31T12:22:47","date_gmt":"2018-12-31T12:22:47","guid":{"rendered":"https:\/\/www.vegaintro-projekti.com\/pilar-stari\/?p=11575"},"modified":"2019-01-09T11:29:17","modified_gmt":"2019-01-09T11:29:17","slug":"ddr-sc-miljenko-brekalo-clanci-i-intervjui-2018","status":"publish","type":"post","link":"https:\/\/www.vegaintro-projekti.com\/pilar-stari\/2018\/12\/ddr-sc-miljenko-brekalo-clanci-i-intervjui-2018\/","title":{"rendered":"Ddr. sc. Miljenko Brekalo: \u010cLANCI I INTERVJUI, 2018."},"content":{"rendered":"<p><a href=\"https:\/\/www.vegaintro-projekti.com\/pilar-stari\/wp-content\/uploads\/2019\/01\/MB.jpg\"><img decoding=\"async\" loading=\"lazy\" class=\"alignnone wp-image-11578 size-full\" src=\"https:\/\/www.vegaintro-projekti.com\/pilar-stari\/wp-content\/uploads\/2019\/01\/MB_s.jpg\" alt=\"\" width=\"619\" height=\"210\" srcset=\"https:\/\/www.vegaintro-projekti.com\/pilar-stari\/wp-content\/uploads\/2019\/01\/MB_s.jpg 619w, https:\/\/www.vegaintro-projekti.com\/pilar-stari\/wp-content\/uploads\/2019\/01\/MB_s-300x102.jpg 300w\" sizes=\"(max-width: 619px) 100vw, 619px\" \/><\/a><\/p>\n<p><strong>\u010clanci i intervjui ddr. sc. Miljenka Brekala, voditelja Podru\u010dnog centra Osijek Instituta dru\u0161tvenih znanosti Ivo Pilar, objavljeni u Glasu Slavonije 2018. godini:<\/strong><\/p>\n<p>&#8211; <a href=\"http:\/\/www.glas-slavonije.hr\/384157\/11\/Sjecanje-na-povijesnu-akciju-Spasavanje-gladne-hercegovacke-djece-u-Slavoniji-Srijemu-i-Backoj\">HUMANOST U SJENI VELIKOG RATA: Sje\u0107anje na povijesnu akciju: Spa\u0161avanje gladne hercegova\u010dke djece u Slavoniji, Srijemu i Ba\u010dkoj, Glas Slavonije &#8211; Magazin, 8.-9. prosinca 2018.<\/a><\/p>\n<p><em>Vrlo su brojni slu\u010dajevi gdje su franjevci pru\u017eali pomo\u0107 i drugim etni\u010dkim i konfesionalnim skupinama, naro\u010dito pravoslavcima \/ Hercegova\u010dki su franjevci preseljenje djece organizirali prema svim dana\u0161njim pravilima i eti\u010dkim na\u010delima socijalnoga rada \/ Glavna kultura koja je osiguravala egzistenciju hercegova\u010dkih selja\u010dkih obitelji, bio je duhan, on je unaprijedio \u017eivot na hercegova\u010dkom selu<\/em><\/p>\n<p>&#8211; <a href=\"https:\/\/www.vegaintro-projekti.com\/pilar-stari\/wp-content\/uploads\/2019\/01\/GS_27-9-2018_ok.jpg\">MILJENKO BREKALO: Zakon nije postigao zna\u010dajnije efekte, Glas Slavonije, 27. listopada 2018.<\/a><\/p>\n<p><em>U Republici Hrvatskoj ste\u010daj je skup pravnih pravila materijalnopravne, procesnopravne i me\u0111unarodno-privatnopravne prirode kojima je svrha ure\u0111enje odnosa du\u017enika kod kojega postoji ste\u010dajni razlog s njegovim nenamirenim vjerovnicima<\/em><\/p>\n<p>&#8211; <a href=\"http:\/\/www.glas-slavonije.hr\/375768\/11\/Konacni-prekid-s-Jugoslavijom\/t\/Monetarni-suverenitet-%E2%80%93-kona%C4%8Dni-prekid-s-Jugoslavijom\">MONETARNI SUVERENITET (II.): Kona\u010dni prekid s Jugoslavijom, Glas Slavonije &#8211; Magazin, 15.-16. rujna 2018.<\/a><\/p>\n<p><em>Konverzijom jugoslavenskog dinara za hrvatsku kunu 15. rujna 1997. na podru\u010dju hrvatskoga Podunavlja uspostavljen je monetarni suverenitet Republike Hrvatske \/ Vlada RSK donijela je Uredbu o novom dinaru u \u010dijem \u010dlanku 1. stavku 1. stoji: &#8220;Uvodi se novi dinar kao sredstvo pla\u0107anja na teritoriju Republike Srpske Krajine&#8221; \/ Tijekom egzistiranja monetarne unije SRJ, RS i RSK i okupacije dijelova Republike Hrvatske izostala je na okupiranim podru\u010djima razvojna funkcija novca<\/em><\/p>\n<p>&#8211; <a href=\"http:\/\/www.glas-slavonije.hr\/375099\/11\/Likvidacija-dinara-uskrsnuce-kune\/t\/Monetarni-suverenitet-%E2%80%93-likvidacija-dinara-uskrsnu%C4%87e-kune\">MONETARNI SUVERENITET: Likvidacija dinara, uskrsnu\u0107e kune, Glas Slavonije &#8211; Magazin, 8.-9. rujna 2018.<\/a><\/p>\n<p><em>Od monetarne unije Savezne Republike Jugoslavije, Republike Srpske i Republike Srpske Krajine do hrvatske nov\u010dane samostalnosti \/ Krajinske su vlasti u RH na okupiranim podru\u010djima uvele svoj kvazimonetarni sustav, koji je predstavljao normativnu kompilaciju monetarnoga ustroja SRJ \/ Prve oblike ratnih monetarnih unija susre\u0107emo prije Krista, odnosno za vrijeme anti\u010dke Gr\u010dke i Rimskog Carstva&#8230; \/ Prije uvo\u0111enja krajinskoga kvazimonetarnoga sustava, odnosno dinara RSK, RH me\u0111unarodno je priznalo vi\u0161e od pedeset dr\u017eava svijeta i primljena je u Ujedinjene narode&#8230;<\/em><\/p>\n<p>&#8211; <a href=\"http:\/\/www.glas-slavonije.hr\/365276\/11\/Seksova-politicka-biografija-izvorni-je-i-autenticni-znanstveni-rad\">MILJENKO BREKALO: O KNJIZI IVICE MI\u0160KULINA: \u0160eksova politi\u010dka biografija izvorni je i autenti\u010dni znanstveni rad!, Glas Slavonije &#8211; Magazin, 2.-3. lipnja 2018.<\/a><\/p>\n<p><em>\u0160eks nije imao nikakvoga utjecaja na sadr\u017eaj i opseg knjige, ona je isklju\u010divo produkt autorovoga znanstveno-istra\u017eiva\u010dkoga rada. Svako poglavlje temeljeno je na kronolo\u0161koj argumentiranosti, \u0161to je jedan od osnovnih postulata prilikom pisanja ovakve gra\u0111e<\/em><\/p>\n<p>&#8211; <a href=\"https:\/\/www.vegaintro-projekti.com\/pilar-stari\/wp-content\/uploads\/2019\/01\/Movis_1-3.pdf\">INTERVJU S PROF. DR. SC. MILJENKOM BREKALOM: Neravnopravnost Hrvata u BiH vidljiva je na svim razinama, MOVIS Missionsblatt der katholischen Kroaten-Missionen in der Schweiz, o\u017eujka 2018.<\/a><\/p>\n<p><em>Neravnopravan polo\u017eaj Hrvata u BiH najjasnije se zrcali u radiotelevizijskim sredstvima javnoga priop\u0107avanja, koji se financiraju iz prora\u010dunskih sredstava. Dok na bo\u0161nja\u010dkom jeziku postoje dvije televizije: BHRT (Radio-televizija Bosne i Hercegovine) i FTV (Radiotelevizija Federacije BiH) i jedna televizija na srpskom jeziku RTRS (Radiotelevizija Republike Srpske), Hrvati nemaju nijedan elektroni\u010dki medij na svome jeziku \/ Ucjene vezane uz retrogradni prijedlog izbornog zakona moraju prestati!<\/em><\/p>\n<blockquote><p><a href=\"https:\/\/www.vegaintro-projekti.com\/pilar-stari\/2010\/07\/podruni-centar-osijek-2\/\">Podru\u010dni centar Osijek<\/a><\/p><\/blockquote>\n","protected":false},"excerpt":{"rendered":"<p>\u010clanci i intervjui ddr. sc. Miljenka Brekala, voditelja Podru\u010dnog centra Osijek Instituta dru\u0161tvenih znanosti Ivo Pilar, objavljeni u Glasu Slavonije 2018. godini: &#8211; HUMANOST U SJENI VELIKOG RATA: Sje\u0107anje na povijesnu akciju: Spa\u0161avanje gladne hercegova\u010dke djece u Slavoniji, Srijemu i Ba\u010dkoj, Glas Slavonije &#8211; Magazin, 8.-9. prosinca 2018. Vrlo su brojni slu\u010dajevi gdje su franjevci&hellip; <a class=\"continue\" href=\"https:\/\/www.vegaintro-projekti.com\/pilar-stari\/2018\/12\/ddr-sc-miljenko-brekalo-clanci-i-intervjui-2018\/\">Pro\u010ditaj vi\u0161e o<span> Ddr. sc. Miljenko Brekalo: \u010cLANCI I INTERVJUI, 2018.<\/span><\/a><\/p>\n","protected":false},"author":7,"featured_media":11578,"comment_status":"closed","ping_status":"closed","sticky":false,"template":"","format":"standard","meta":{"inline_featured_image":false,"ngg_post_thumbnail":0,"footnotes":""},"categories":[12],"tags":[],"yoast_head":"<!-- This site is optimized with the Yoast SEO plugin v21.2 - https:\/\/yoast.com\/wordpress\/plugins\/seo\/ -->\n<title>Ddr. sc. Miljenko Brekalo: \u010cLANCI I INTERVJUI, 2018. - Institut dru&scaron;tvenih znanosti Ivo Pilar<\/title>\n<meta name=\"robots\" content=\"noindex, follow, max-snippet:-1, max-image-preview:large, max-video-preview:-1\" \/>\n<meta property=\"og:locale\" content=\"hr_HR\" \/>\n<meta property=\"og:type\" content=\"article\" \/>\n<meta property=\"og:title\" content=\"Ddr. sc. Miljenko Brekalo: \u010cLANCI I INTERVJUI, 2018. - Institut dru&scaron;tvenih znanosti Ivo Pilar\" \/>\n<meta property=\"og:description\" content=\"\u010clanci i intervjui ddr. sc. Miljenka Brekala, voditelja Podru\u010dnog centra Osijek Instituta dru\u0161tvenih znanosti Ivo Pilar, objavljeni u Glasu Slavonije 2018. godini: &#8211; HUMANOST U SJENI VELIKOG RATA: Sje\u0107anje na povijesnu akciju: Spa\u0161avanje gladne hercegova\u010dke djece u Slavoniji, Srijemu i Ba\u010dkoj, Glas Slavonije &#8211; Magazin, 8.-9. prosinca 2018. Vrlo su brojni slu\u010dajevi gdje su franjevci&hellip; Pro\u010ditaj vi\u0161e o Ddr. sc. Miljenko Brekalo: \u010cLANCI I INTERVJUI, 2018.\" \/>\n<meta property=\"og:url\" content=\"https:\/\/www.vegaintro-projekti.com\/pilar-stari\/2018\/12\/ddr-sc-miljenko-brekalo-clanci-i-intervjui-2018\/\" \/>\n<meta property=\"og:site_name\" content=\"Institut dru&scaron;tvenih znanosti Ivo Pilar\" \/>\n<meta property=\"article:published_time\" content=\"2018-12-31T12:22:47+00:00\" \/>\n<meta property=\"article:modified_time\" content=\"2019-01-09T11:29:17+00:00\" \/>\n<meta property=\"og:image\" content=\"https:\/\/www.vegaintro-projekti.com\/pilar-stari\/wp-content\/uploads\/2019\/01\/MB_s.jpg\" \/>\n\t<meta property=\"og:image:width\" content=\"619\" \/>\n\t<meta property=\"og:image:height\" content=\"210\" \/>\n\t<meta property=\"og:image:type\" content=\"image\/jpeg\" \/>\n<meta name=\"author\" content=\"Boris\" \/>\n<meta name=\"twitter:card\" content=\"summary_large_image\" \/>\n<meta name=\"twitter:label1\" content=\"Napisao\/la\" \/>\n\t<meta name=\"twitter:data1\" content=\"Boris\" \/>\n\t<meta name=\"twitter:label2\" content=\"Procijenjeno vrijeme \u010ditanja\" \/>\n\t<meta name=\"twitter:data2\" content=\"3 minute\" \/>\n<script type=\"application\/ld+json\" class=\"yoast-schema-graph\">{\"@context\":\"https:\/\/schema.org\",\"@graph\":[{\"@type\":\"WebPage\",\"@id\":\"https:\/\/www.vegaintro-projekti.com\/pilar-stari\/2018\/12\/ddr-sc-miljenko-brekalo-clanci-i-intervjui-2018\/\",\"url\":\"https:\/\/www.vegaintro-projekti.com\/pilar-stari\/2018\/12\/ddr-sc-miljenko-brekalo-clanci-i-intervjui-2018\/\",\"name\":\"Ddr. sc. Miljenko Brekalo: \u010cLANCI I INTERVJUI, 2018. - Institut dru&scaron;tvenih znanosti Ivo Pilar\",\"isPartOf\":{\"@id\":\"https:\/\/www.vegaintro-projekti.com\/pilar-stari\/#website\"},\"datePublished\":\"2018-12-31T12:22:47+00:00\",\"dateModified\":\"2019-01-09T11:29:17+00:00\",\"author\":{\"@id\":\"https:\/\/www.vegaintro-projekti.com\/pilar-stari\/#\/schema\/person\/ddd404c9f1e15e4ffef5986ac6a5d28b\"},\"breadcrumb\":{\"@id\":\"https:\/\/www.vegaintro-projekti.com\/pilar-stari\/2018\/12\/ddr-sc-miljenko-brekalo-clanci-i-intervjui-2018\/#breadcrumb\"},\"inLanguage\":\"hr\",\"potentialAction\":[{\"@type\":\"ReadAction\",\"target\":[\"https:\/\/www.vegaintro-projekti.com\/pilar-stari\/2018\/12\/ddr-sc-miljenko-brekalo-clanci-i-intervjui-2018\/\"]}]},{\"@type\":\"BreadcrumbList\",\"@id\":\"https:\/\/www.vegaintro-projekti.com\/pilar-stari\/2018\/12\/ddr-sc-miljenko-brekalo-clanci-i-intervjui-2018\/#breadcrumb\",\"itemListElement\":[{\"@type\":\"ListItem\",\"position\":1,\"name\":\"Home\",\"item\":\"https:\/\/www.vegaintro-projekti.com\/pilar-stari\/\"},{\"@type\":\"ListItem\",\"position\":2,\"name\":\"Ddr. sc. Miljenko Brekalo: \u010cLANCI I INTERVJUI, 2018.\"}]},{\"@type\":\"WebSite\",\"@id\":\"https:\/\/www.vegaintro-projekti.com\/pilar-stari\/#website\",\"url\":\"https:\/\/www.vegaintro-projekti.com\/pilar-stari\/\",\"name\":\"Institut dru&scaron;tvenih znanosti Ivo Pilar\",\"description\":\"Pilar\",\"potentialAction\":[{\"@type\":\"SearchAction\",\"target\":{\"@type\":\"EntryPoint\",\"urlTemplate\":\"https:\/\/www.vegaintro-projekti.com\/pilar-stari\/?s={search_term_string}\"},\"query-input\":\"required name=search_term_string\"}],\"inLanguage\":\"hr\"},{\"@type\":\"Person\",\"@id\":\"https:\/\/www.vegaintro-projekti.com\/pilar-stari\/#\/schema\/person\/ddd404c9f1e15e4ffef5986ac6a5d28b\",\"name\":\"Boris\",\"image\":{\"@type\":\"ImageObject\",\"inLanguage\":\"hr\",\"@id\":\"https:\/\/www.vegaintro-projekti.com\/pilar-stari\/#\/schema\/person\/image\/\",\"url\":\"https:\/\/secure.gravatar.com\/avatar\/29557b161a6ce6ab86ac1503164f1e90?s=96&d=mm&r=g\",\"contentUrl\":\"https:\/\/secure.gravatar.com\/avatar\/29557b161a6ce6ab86ac1503164f1e90?s=96&d=mm&r=g\",\"caption\":\"Boris\"},\"url\":\"https:\/\/www.vegaintro-projekti.com\/pilar-stari\/author\/boris\/\"}]}<\/script>\n<!-- \/ Yoast SEO plugin. -->","yoast_head_json":{"title":"Ddr. sc. Miljenko Brekalo: \u010cLANCI I INTERVJUI, 2018. - Institut dru&scaron;tvenih znanosti Ivo Pilar","robots":{"index":"noindex","follow":"follow","max-snippet":"max-snippet:-1","max-image-preview":"max-image-preview:large","max-video-preview":"max-video-preview:-1"},"og_locale":"hr_HR","og_type":"article","og_title":"Ddr. sc. Miljenko Brekalo: \u010cLANCI I INTERVJUI, 2018. - Institut dru&scaron;tvenih znanosti Ivo Pilar","og_description":"\u010clanci i intervjui ddr. sc. Miljenka Brekala, voditelja Podru\u010dnog centra Osijek Instituta dru\u0161tvenih znanosti Ivo Pilar, objavljeni u Glasu Slavonije 2018. godini: &#8211; HUMANOST U SJENI VELIKOG RATA: Sje\u0107anje na povijesnu akciju: Spa\u0161avanje gladne hercegova\u010dke djece u Slavoniji, Srijemu i Ba\u010dkoj, Glas Slavonije &#8211; Magazin, 8.-9. prosinca 2018. Vrlo su brojni slu\u010dajevi gdje su franjevci&hellip; Pro\u010ditaj vi\u0161e o Ddr. sc. Miljenko Brekalo: \u010cLANCI I INTERVJUI, 2018.","og_url":"https:\/\/www.vegaintro-projekti.com\/pilar-stari\/2018\/12\/ddr-sc-miljenko-brekalo-clanci-i-intervjui-2018\/","og_site_name":"Institut dru&scaron;tvenih znanosti Ivo Pilar","article_published_time":"2018-12-31T12:22:47+00:00","article_modified_time":"2019-01-09T11:29:17+00:00","og_image":[{"width":619,"height":210,"url":"https:\/\/www.vegaintro-projekti.com\/pilar-stari\/wp-content\/uploads\/2019\/01\/MB_s.jpg","type":"image\/jpeg"}],"author":"Boris","twitter_card":"summary_large_image","twitter_misc":{"Napisao\/la":"Boris","Procijenjeno vrijeme \u010ditanja":"3 minute"},"schema":{"@context":"https:\/\/schema.org","@graph":[{"@type":"WebPage","@id":"https:\/\/www.vegaintro-projekti.com\/pilar-stari\/2018\/12\/ddr-sc-miljenko-brekalo-clanci-i-intervjui-2018\/","url":"https:\/\/www.vegaintro-projekti.com\/pilar-stari\/2018\/12\/ddr-sc-miljenko-brekalo-clanci-i-intervjui-2018\/","name":"Ddr. sc. Miljenko Brekalo: \u010cLANCI I INTERVJUI, 2018. - Institut dru&scaron;tvenih znanosti Ivo Pilar","isPartOf":{"@id":"https:\/\/www.vegaintro-projekti.com\/pilar-stari\/#website"},"datePublished":"2018-12-31T12:22:47+00:00","dateModified":"2019-01-09T11:29:17+00:00","author":{"@id":"https:\/\/www.vegaintro-projekti.com\/pilar-stari\/#\/schema\/person\/ddd404c9f1e15e4ffef5986ac6a5d28b"},"breadcrumb":{"@id":"https:\/\/www.vegaintro-projekti.com\/pilar-stari\/2018\/12\/ddr-sc-miljenko-brekalo-clanci-i-intervjui-2018\/#breadcrumb"},"inLanguage":"hr","potentialAction":[{"@type":"ReadAction","target":["https:\/\/www.vegaintro-projekti.com\/pilar-stari\/2018\/12\/ddr-sc-miljenko-brekalo-clanci-i-intervjui-2018\/"]}]},{"@type":"BreadcrumbList","@id":"https:\/\/www.vegaintro-projekti.com\/pilar-stari\/2018\/12\/ddr-sc-miljenko-brekalo-clanci-i-intervjui-2018\/#breadcrumb","itemListElement":[{"@type":"ListItem","position":1,"name":"Home","item":"https:\/\/www.vegaintro-projekti.com\/pilar-stari\/"},{"@type":"ListItem","position":2,"name":"Ddr. sc. Miljenko Brekalo: \u010cLANCI I INTERVJUI, 2018."}]},{"@type":"WebSite","@id":"https:\/\/www.vegaintro-projekti.com\/pilar-stari\/#website","url":"https:\/\/www.vegaintro-projekti.com\/pilar-stari\/","name":"Institut dru&scaron;tvenih znanosti Ivo Pilar","description":"Pilar","potentialAction":[{"@type":"SearchAction","target":{"@type":"EntryPoint","urlTemplate":"https:\/\/www.vegaintro-projekti.com\/pilar-stari\/?s={search_term_string}"},"query-input":"required name=search_term_string"}],"inLanguage":"hr"},{"@type":"Person","@id":"https:\/\/www.vegaintro-projekti.com\/pilar-stari\/#\/schema\/person\/ddd404c9f1e15e4ffef5986ac6a5d28b","name":"Boris","image":{"@type":"ImageObject","inLanguage":"hr","@id":"https:\/\/www.vegaintro-projekti.com\/pilar-stari\/#\/schema\/person\/image\/","url":"https:\/\/secure.gravatar.com\/avatar\/29557b161a6ce6ab86ac1503164f1e90?s=96&d=mm&r=g","contentUrl":"https:\/\/secure.gravatar.com\/avatar\/29557b161a6ce6ab86ac1503164f1e90?s=96&d=mm&r=g","caption":"Boris"},"url":"https:\/\/www.vegaintro-projekti.com\/pilar-stari\/author\/boris\/"}]}},"_links":{"self":[{"href":"https:\/\/www.vegaintro-projekti.com\/pilar-stari\/wp-json\/wp\/v2\/posts\/11575"}],"collection":[{"href":"https:\/\/www.vegaintro-projekti.com\/pilar-stari\/wp-json\/wp\/v2\/posts"}],"about":[{"href":"https:\/\/www.vegaintro-projekti.com\/pilar-stari\/wp-json\/wp\/v2\/types\/post"}],"author":[{"embeddable":true,"href":"https:\/\/www.vegaintro-projekti.com\/pilar-stari\/wp-json\/wp\/v2\/users\/7"}],"replies":[{"embeddable":true,"href":"https:\/\/www.vegaintro-projekti.com\/pilar-stari\/wp-json\/wp\/v2\/comments?post=11575"}],"version-history":[{"count":8,"href":"https:\/\/www.vegaintro-projekti.com\/pilar-stari\/wp-json\/wp\/v2\/posts\/11575\/revisions"}],"predecessor-version":[{"id":11588,"href":"https:\/\/www.vegaintro-projekti.com\/pilar-stari\/wp-json\/wp\/v2\/posts\/11575\/revisions\/11588"}],"wp:featuredmedia":[{"embeddable":true,"href":"https:\/\/www.vegaintro-projekti.com\/pilar-stari\/wp-json\/wp\/v2\/media\/11578"}],"wp:attachment":[{"href":"https:\/\/www.vegaintro-projekti.com\/pilar-stari\/wp-json\/wp\/v2\/media?parent=11575"}],"wp:term":[{"taxonomy":"category","embeddable":true,"href":"https:\/\/www.vegaintro-projekti.com\/pilar-stari\/wp-json\/wp\/v2\/categories?post=11575"},{"taxonomy":"post_tag","embeddable":true,"href":"https:\/\/www.vegaintro-projekti.com\/pilar-stari\/wp-json\/wp\/v2\/tags?post=11575"}],"curies":[{"name":"wp","href":"https:\/\/api.w.org\/{rel}","templated":true}]}}