{"id":12020,"date":"2019-02-23T19:29:05","date_gmt":"2019-02-23T19:29:05","guid":{"rendered":"https:\/\/www.vegaintro-projekti.com\/pilar-stari\/?p=12020"},"modified":"2019-02-23T19:49:12","modified_gmt":"2019-02-23T19:49:12","slug":"aktivnosti-na-projektu-cultural-heritage-and-identities-of-europes-future-berlin-12-15-2-2019","status":"publish","type":"post","link":"https:\/\/www.vegaintro-projekti.com\/pilar-stari\/2019\/02\/aktivnosti-na-projektu-cultural-heritage-and-identities-of-europes-future-berlin-12-15-2-2019\/","title":{"rendered":"Aktivnosti na projektu Cultural Heritage and Identities of Europe\u2019s Future; Berlin, 12.-15. 2. 2019."},"content":{"rendered":"<p><strong>U sklopu aktivnosti na projektu Obzor 2020. CHIEF: Cultural Heritage and Identities of Europe\u2019s Future u Berlinu su od 12. do 15. velja\u010de odr\u017eani sastanci i radionice kao dio radnog paketa osam (WP8). Cilj je radnoga paket uspostaviti i razviti uspje\u0161nu suradnju projektnih timova s lokalnom akademskom zajednicom, aktivistima, osobama s utjecajem na oblikovanje javnog mnijenja i javnih politika te mladim ljudima op\u0107enito.<\/strong> \u2212&nbsp;<a href=\"https:\/\/cordis.europa.eu\/project\/rcn\/216027\/factsheet\/en\">O projektu<\/a> | <a href=\"http:\/\/chiefproject.eu\/\">Web projekta<\/a><\/p>\n<p><a href=\"https:\/\/www.vegaintro-projekti.com\/pilar-stari\/wp-content\/uploads\/2019\/02\/berlin1.jpg\"><img decoding=\"async\" loading=\"lazy\" class=\"alignnone wp-image-12015 size-full\" src=\"https:\/\/www.vegaintro-projekti.com\/pilar-stari\/wp-content\/uploads\/2019\/02\/berlin1s.jpg\" alt=\"\" width=\"310\" height=\"233\" srcset=\"https:\/\/www.vegaintro-projekti.com\/pilar-stari\/wp-content\/uploads\/2019\/02\/berlin1s.jpg 310w, https:\/\/www.vegaintro-projekti.com\/pilar-stari\/wp-content\/uploads\/2019\/02\/berlin1s-300x225.jpg 300w\" sizes=\"(max-width: 310px) 100vw, 310px\" \/><\/a><a href=\"https:\/\/www.vegaintro-projekti.com\/pilar-stari\/wp-content\/uploads\/2019\/02\/berlin2.jpg\"><img decoding=\"async\" loading=\"lazy\" class=\"alignnone wp-image-12017 size-full\" src=\"https:\/\/www.vegaintro-projekti.com\/pilar-stari\/wp-content\/uploads\/2019\/02\/berlin2s.jpg\" alt=\"\" width=\"310\" height=\"233\" srcset=\"https:\/\/www.vegaintro-projekti.com\/pilar-stari\/wp-content\/uploads\/2019\/02\/berlin2s.jpg 310w, https:\/\/www.vegaintro-projekti.com\/pilar-stari\/wp-content\/uploads\/2019\/02\/berlin2s-300x225.jpg 300w\" sizes=\"(max-width: 310px) 100vw, 310px\" \/><\/a><img decoding=\"async\" loading=\"lazy\" class=\"alignnone wp-image-12019 size-full\" src=\"https:\/\/www.vegaintro-projekti.com\/pilar-stari\/wp-content\/uploads\/2019\/02\/chief.jpg\" alt=\"\" width=\"310\" height=\"139\" srcset=\"https:\/\/www.vegaintro-projekti.com\/pilar-stari\/wp-content\/uploads\/2019\/02\/chief.jpg 310w, https:\/\/www.vegaintro-projekti.com\/pilar-stari\/wp-content\/uploads\/2019\/02\/chief-300x135.jpg 300w\" sizes=\"(max-width: 310px) 100vw, 310px\" \/><img decoding=\"async\" loading=\"lazy\" class=\"alignnone wp-image-12018 size-full\" src=\"https:\/\/www.vegaintro-projekti.com\/pilar-stari\/wp-content\/uploads\/2019\/02\/cfe.jpg\" alt=\"\" width=\"310\" height=\"139\" srcset=\"https:\/\/www.vegaintro-projekti.com\/pilar-stari\/wp-content\/uploads\/2019\/02\/cfe.jpg 310w, https:\/\/www.vegaintro-projekti.com\/pilar-stari\/wp-content\/uploads\/2019\/02\/cfe-300x135.jpg 300w\" sizes=\"(max-width: 310px) 100vw, 310px\" \/><\/p>\n<p>U prostorijama Centra Marc Bloch pri Humboldtovu sveu\u010dili\u0161tu organiziran niz sastanaka i radionica. Organizirali su ih i vodili stru\u010dnjaci me\u0111unarodne nevladine udruge Citizens For Europe S\u00e9verine Lenglet i Martin Wilhelm, a fokus je bio na uspostavi i moderiranju rada lokalnih MSP (Multi-Stakeholders&#8217; Partnership) timova. Kao \u010dlanovi institutskog tima u Berlinu su boravili dr. sc. Benjamin Perasovi\u0107 i dr. sc. Marko Mustapi\u0107 te Gabrijela Marti\u0107 iz nevladine udruge Hrvatsko debatno dru\u0161tvo u Zagrebu, partnera u izgradnji lokalnog MSP tima.<\/p>\n<blockquote><p><a href=\"https:\/\/www.vegaintro-projekti.com\/pilar-stari\/2018\/10\/institut-u-projektu-cultural-heritage-and-identities-of-europes-future-chief\/\">Institut Pilar u projektu Cultural Heritage and Identities of Europe\u2019s Future \u2013 CHIEF<\/a><\/p><\/blockquote>\n","protected":false},"excerpt":{"rendered":"<p>U sklopu aktivnosti na projektu Obzor 2020. CHIEF: Cultural Heritage and Identities of Europe\u2019s Future u Berlinu su od 12. do 15. velja\u010de odr\u017eani sastanci i radionice kao dio radnog paketa osam (WP8). Cilj je radnoga paket uspostaviti i razviti uspje\u0161nu suradnju projektnih timova s lokalnom akademskom zajednicom, aktivistima, osobama s utjecajem na oblikovanje javnog&hellip; <a class=\"continue\" href=\"https:\/\/www.vegaintro-projekti.com\/pilar-stari\/2019\/02\/aktivnosti-na-projektu-cultural-heritage-and-identities-of-europes-future-berlin-12-15-2-2019\/\">Pro\u010ditaj vi\u0161e o<span> Aktivnosti na projektu Cultural Heritage and Identities of Europe\u2019s Future; Berlin, 12.-15. 2. 2019.<\/span><\/a><\/p>\n","protected":false},"author":7,"featured_media":12016,"comment_status":"closed","ping_status":"closed","sticky":false,"template":"","format":"standard","meta":{"inline_featured_image":false,"ngg_post_thumbnail":0,"footnotes":""},"categories":[48,29],"tags":[],"yoast_head":"<!-- This site is optimized with the Yoast SEO plugin v21.2 - https:\/\/yoast.com\/wordpress\/plugins\/seo\/ -->\n<title>Aktivnosti na projektu Cultural Heritage and Identities of Europe\u2019s Future; Berlin, 12.-15. 2. 2019. - Institut dru&scaron;tvenih znanosti Ivo Pilar<\/title>\n<meta name=\"robots\" content=\"noindex, follow, max-snippet:-1, max-image-preview:large, max-video-preview:-1\" \/>\n<meta property=\"og:locale\" content=\"hr_HR\" \/>\n<meta property=\"og:type\" content=\"article\" \/>\n<meta property=\"og:title\" content=\"Aktivnosti na projektu Cultural Heritage and Identities of Europe\u2019s Future; Berlin, 12.-15. 2. 2019. - Institut dru&scaron;tvenih znanosti Ivo Pilar\" \/>\n<meta property=\"og:description\" content=\"U sklopu aktivnosti na projektu Obzor 2020. CHIEF: Cultural Heritage and Identities of Europe\u2019s Future u Berlinu su od 12. do 15. velja\u010de odr\u017eani sastanci i radionice kao dio radnog paketa osam (WP8). Cilj je radnoga paket uspostaviti i razviti uspje\u0161nu suradnju projektnih timova s lokalnom akademskom zajednicom, aktivistima, osobama s utjecajem na oblikovanje javnog&hellip; Pro\u010ditaj vi\u0161e o Aktivnosti na projektu Cultural Heritage and Identities of Europe\u2019s Future; Berlin, 12.-15. 2. 2019.\" \/>\n<meta property=\"og:url\" content=\"https:\/\/www.vegaintro-projekti.com\/pilar-stari\/2019\/02\/aktivnosti-na-projektu-cultural-heritage-and-identities-of-europes-future-berlin-12-15-2-2019\/\" \/>\n<meta property=\"og:site_name\" content=\"Institut dru&scaron;tvenih znanosti Ivo Pilar\" \/>\n<meta property=\"article:published_time\" content=\"2019-02-23T19:29:05+00:00\" \/>\n<meta property=\"article:modified_time\" content=\"2019-02-23T19:49:12+00:00\" \/>\n<meta property=\"og:image\" content=\"https:\/\/www.vegaintro-projekti.com\/pilar-stari\/wp-content\/uploads\/2019\/02\/berlin2.jpg\" \/>\n\t<meta property=\"og:image:width\" content=\"1152\" \/>\n\t<meta property=\"og:image:height\" content=\"864\" \/>\n\t<meta property=\"og:image:type\" content=\"image\/jpeg\" \/>\n<meta name=\"author\" content=\"Boris\" \/>\n<meta name=\"twitter:card\" content=\"summary_large_image\" \/>\n<meta name=\"twitter:label1\" content=\"Napisao\/la\" \/>\n\t<meta name=\"twitter:data1\" content=\"Boris\" \/>\n\t<meta name=\"twitter:label2\" content=\"Procijenjeno vrijeme \u010ditanja\" \/>\n\t<meta name=\"twitter:data2\" content=\"1 minuta\" \/>\n<script type=\"application\/ld+json\" class=\"yoast-schema-graph\">{\"@context\":\"https:\/\/schema.org\",\"@graph\":[{\"@type\":\"WebPage\",\"@id\":\"https:\/\/www.vegaintro-projekti.com\/pilar-stari\/2019\/02\/aktivnosti-na-projektu-cultural-heritage-and-identities-of-europes-future-berlin-12-15-2-2019\/\",\"url\":\"https:\/\/www.vegaintro-projekti.com\/pilar-stari\/2019\/02\/aktivnosti-na-projektu-cultural-heritage-and-identities-of-europes-future-berlin-12-15-2-2019\/\",\"name\":\"Aktivnosti na projektu Cultural Heritage and Identities of Europe\u2019s Future; Berlin, 12.-15. 2. 2019. - Institut dru&scaron;tvenih znanosti Ivo Pilar\",\"isPartOf\":{\"@id\":\"https:\/\/www.vegaintro-projekti.com\/pilar-stari\/#website\"},\"datePublished\":\"2019-02-23T19:29:05+00:00\",\"dateModified\":\"2019-02-23T19:49:12+00:00\",\"author\":{\"@id\":\"https:\/\/www.vegaintro-projekti.com\/pilar-stari\/#\/schema\/person\/ddd404c9f1e15e4ffef5986ac6a5d28b\"},\"breadcrumb\":{\"@id\":\"https:\/\/www.vegaintro-projekti.com\/pilar-stari\/2019\/02\/aktivnosti-na-projektu-cultural-heritage-and-identities-of-europes-future-berlin-12-15-2-2019\/#breadcrumb\"},\"inLanguage\":\"hr\",\"potentialAction\":[{\"@type\":\"ReadAction\",\"target\":[\"https:\/\/www.vegaintro-projekti.com\/pilar-stari\/2019\/02\/aktivnosti-na-projektu-cultural-heritage-and-identities-of-europes-future-berlin-12-15-2-2019\/\"]}]},{\"@type\":\"BreadcrumbList\",\"@id\":\"https:\/\/www.vegaintro-projekti.com\/pilar-stari\/2019\/02\/aktivnosti-na-projektu-cultural-heritage-and-identities-of-europes-future-berlin-12-15-2-2019\/#breadcrumb\",\"itemListElement\":[{\"@type\":\"ListItem\",\"position\":1,\"name\":\"Home\",\"item\":\"https:\/\/www.vegaintro-projekti.com\/pilar-stari\/\"},{\"@type\":\"ListItem\",\"position\":2,\"name\":\"Aktivnosti na projektu Cultural Heritage and Identities of Europe\u2019s Future; Berlin, 12.-15. 2. 2019.\"}]},{\"@type\":\"WebSite\",\"@id\":\"https:\/\/www.vegaintro-projekti.com\/pilar-stari\/#website\",\"url\":\"https:\/\/www.vegaintro-projekti.com\/pilar-stari\/\",\"name\":\"Institut dru&scaron;tvenih znanosti Ivo Pilar\",\"description\":\"Pilar\",\"potentialAction\":[{\"@type\":\"SearchAction\",\"target\":{\"@type\":\"EntryPoint\",\"urlTemplate\":\"https:\/\/www.vegaintro-projekti.com\/pilar-stari\/?s={search_term_string}\"},\"query-input\":\"required name=search_term_string\"}],\"inLanguage\":\"hr\"},{\"@type\":\"Person\",\"@id\":\"https:\/\/www.vegaintro-projekti.com\/pilar-stari\/#\/schema\/person\/ddd404c9f1e15e4ffef5986ac6a5d28b\",\"name\":\"Boris\",\"image\":{\"@type\":\"ImageObject\",\"inLanguage\":\"hr\",\"@id\":\"https:\/\/www.vegaintro-projekti.com\/pilar-stari\/#\/schema\/person\/image\/\",\"url\":\"https:\/\/secure.gravatar.com\/avatar\/29557b161a6ce6ab86ac1503164f1e90?s=96&d=mm&r=g\",\"contentUrl\":\"https:\/\/secure.gravatar.com\/avatar\/29557b161a6ce6ab86ac1503164f1e90?s=96&d=mm&r=g\",\"caption\":\"Boris\"},\"url\":\"https:\/\/www.vegaintro-projekti.com\/pilar-stari\/author\/boris\/\"}]}<\/script>\n<!-- \/ Yoast SEO plugin. -->","yoast_head_json":{"title":"Aktivnosti na projektu Cultural Heritage and Identities of Europe\u2019s Future; Berlin, 12.-15. 2. 2019. - Institut dru&scaron;tvenih znanosti Ivo Pilar","robots":{"index":"noindex","follow":"follow","max-snippet":"max-snippet:-1","max-image-preview":"max-image-preview:large","max-video-preview":"max-video-preview:-1"},"og_locale":"hr_HR","og_type":"article","og_title":"Aktivnosti na projektu Cultural Heritage and Identities of Europe\u2019s Future; Berlin, 12.-15. 2. 2019. - Institut dru&scaron;tvenih znanosti Ivo Pilar","og_description":"U sklopu aktivnosti na projektu Obzor 2020. CHIEF: Cultural Heritage and Identities of Europe\u2019s Future u Berlinu su od 12. do 15. velja\u010de odr\u017eani sastanci i radionice kao dio radnog paketa osam (WP8). Cilj je radnoga paket uspostaviti i razviti uspje\u0161nu suradnju projektnih timova s lokalnom akademskom zajednicom, aktivistima, osobama s utjecajem na oblikovanje javnog&hellip; Pro\u010ditaj vi\u0161e o Aktivnosti na projektu Cultural Heritage and Identities of Europe\u2019s Future; Berlin, 12.-15. 2. 2019.","og_url":"https:\/\/www.vegaintro-projekti.com\/pilar-stari\/2019\/02\/aktivnosti-na-projektu-cultural-heritage-and-identities-of-europes-future-berlin-12-15-2-2019\/","og_site_name":"Institut dru&scaron;tvenih znanosti Ivo Pilar","article_published_time":"2019-02-23T19:29:05+00:00","article_modified_time":"2019-02-23T19:49:12+00:00","og_image":[{"width":1152,"height":864,"url":"https:\/\/www.vegaintro-projekti.com\/pilar-stari\/wp-content\/uploads\/2019\/02\/berlin2.jpg","type":"image\/jpeg"}],"author":"Boris","twitter_card":"summary_large_image","twitter_misc":{"Napisao\/la":"Boris","Procijenjeno vrijeme \u010ditanja":"1 minuta"},"schema":{"@context":"https:\/\/schema.org","@graph":[{"@type":"WebPage","@id":"https:\/\/www.vegaintro-projekti.com\/pilar-stari\/2019\/02\/aktivnosti-na-projektu-cultural-heritage-and-identities-of-europes-future-berlin-12-15-2-2019\/","url":"https:\/\/www.vegaintro-projekti.com\/pilar-stari\/2019\/02\/aktivnosti-na-projektu-cultural-heritage-and-identities-of-europes-future-berlin-12-15-2-2019\/","name":"Aktivnosti na projektu Cultural Heritage and Identities of Europe\u2019s Future; Berlin, 12.-15. 2. 2019. - Institut dru&scaron;tvenih znanosti Ivo Pilar","isPartOf":{"@id":"https:\/\/www.vegaintro-projekti.com\/pilar-stari\/#website"},"datePublished":"2019-02-23T19:29:05+00:00","dateModified":"2019-02-23T19:49:12+00:00","author":{"@id":"https:\/\/www.vegaintro-projekti.com\/pilar-stari\/#\/schema\/person\/ddd404c9f1e15e4ffef5986ac6a5d28b"},"breadcrumb":{"@id":"https:\/\/www.vegaintro-projekti.com\/pilar-stari\/2019\/02\/aktivnosti-na-projektu-cultural-heritage-and-identities-of-europes-future-berlin-12-15-2-2019\/#breadcrumb"},"inLanguage":"hr","potentialAction":[{"@type":"ReadAction","target":["https:\/\/www.vegaintro-projekti.com\/pilar-stari\/2019\/02\/aktivnosti-na-projektu-cultural-heritage-and-identities-of-europes-future-berlin-12-15-2-2019\/"]}]},{"@type":"BreadcrumbList","@id":"https:\/\/www.vegaintro-projekti.com\/pilar-stari\/2019\/02\/aktivnosti-na-projektu-cultural-heritage-and-identities-of-europes-future-berlin-12-15-2-2019\/#breadcrumb","itemListElement":[{"@type":"ListItem","position":1,"name":"Home","item":"https:\/\/www.vegaintro-projekti.com\/pilar-stari\/"},{"@type":"ListItem","position":2,"name":"Aktivnosti na projektu Cultural Heritage and Identities of Europe\u2019s Future; Berlin, 12.-15. 2. 2019."}]},{"@type":"WebSite","@id":"https:\/\/www.vegaintro-projekti.com\/pilar-stari\/#website","url":"https:\/\/www.vegaintro-projekti.com\/pilar-stari\/","name":"Institut dru&scaron;tvenih znanosti Ivo Pilar","description":"Pilar","potentialAction":[{"@type":"SearchAction","target":{"@type":"EntryPoint","urlTemplate":"https:\/\/www.vegaintro-projekti.com\/pilar-stari\/?s={search_term_string}"},"query-input":"required name=search_term_string"}],"inLanguage":"hr"},{"@type":"Person","@id":"https:\/\/www.vegaintro-projekti.com\/pilar-stari\/#\/schema\/person\/ddd404c9f1e15e4ffef5986ac6a5d28b","name":"Boris","image":{"@type":"ImageObject","inLanguage":"hr","@id":"https:\/\/www.vegaintro-projekti.com\/pilar-stari\/#\/schema\/person\/image\/","url":"https:\/\/secure.gravatar.com\/avatar\/29557b161a6ce6ab86ac1503164f1e90?s=96&d=mm&r=g","contentUrl":"https:\/\/secure.gravatar.com\/avatar\/29557b161a6ce6ab86ac1503164f1e90?s=96&d=mm&r=g","caption":"Boris"},"url":"https:\/\/www.vegaintro-projekti.com\/pilar-stari\/author\/boris\/"}]}},"_links":{"self":[{"href":"https:\/\/www.vegaintro-projekti.com\/pilar-stari\/wp-json\/wp\/v2\/posts\/12020"}],"collection":[{"href":"https:\/\/www.vegaintro-projekti.com\/pilar-stari\/wp-json\/wp\/v2\/posts"}],"about":[{"href":"https:\/\/www.vegaintro-projekti.com\/pilar-stari\/wp-json\/wp\/v2\/types\/post"}],"author":[{"embeddable":true,"href":"https:\/\/www.vegaintro-projekti.com\/pilar-stari\/wp-json\/wp\/v2\/users\/7"}],"replies":[{"embeddable":true,"href":"https:\/\/www.vegaintro-projekti.com\/pilar-stari\/wp-json\/wp\/v2\/comments?post=12020"}],"version-history":[{"count":5,"href":"https:\/\/www.vegaintro-projekti.com\/pilar-stari\/wp-json\/wp\/v2\/posts\/12020\/revisions"}],"predecessor-version":[{"id":12027,"href":"https:\/\/www.vegaintro-projekti.com\/pilar-stari\/wp-json\/wp\/v2\/posts\/12020\/revisions\/12027"}],"wp:featuredmedia":[{"embeddable":true,"href":"https:\/\/www.vegaintro-projekti.com\/pilar-stari\/wp-json\/wp\/v2\/media\/12016"}],"wp:attachment":[{"href":"https:\/\/www.vegaintro-projekti.com\/pilar-stari\/wp-json\/wp\/v2\/media?parent=12020"}],"wp:term":[{"taxonomy":"category","embeddable":true,"href":"https:\/\/www.vegaintro-projekti.com\/pilar-stari\/wp-json\/wp\/v2\/categories?post=12020"},{"taxonomy":"post_tag","embeddable":true,"href":"https:\/\/www.vegaintro-projekti.com\/pilar-stari\/wp-json\/wp\/v2\/tags?post=12020"}],"curies":[{"name":"wp","href":"https:\/\/api.w.org\/{rel}","templated":true}]}}