{"id":12143,"date":"2019-03-05T23:37:57","date_gmt":"2019-03-05T23:37:57","guid":{"rendered":"https:\/\/www.vegaintro-projekti.com\/pilar-stari\/?p=12143"},"modified":"2019-03-05T23:37:57","modified_gmt":"2019-03-05T23:37:57","slug":"dr-sc-ivan-markesic-o-reviziji-ugovora-sa-svetom-stolicom-23-2-2019","status":"publish","type":"post","link":"https:\/\/www.vegaintro-projekti.com\/pilar-stari\/2019\/03\/dr-sc-ivan-markesic-o-reviziji-ugovora-sa-svetom-stolicom-23-2-2019\/","title":{"rendered":"Dr. sc. Ivan Marke\u0161i\u0107 o reviziji ugovora sa Svetom Stolicom, 23. 2. 2019."},"content":{"rendered":"<p><strong>Glas Slavonije (Magazin) u broju od 23. velja\u010de 2019. objavljuje razgovor s dr. sc. Ivanom Marke\u0161i\u0107em pod naslovom &#8220;Revizija ugovora sa Svetom Stolicom bi zna\u010dila prilagodbu novim okolnostima&#8221;<\/strong>. \u2212 <a href=\"https:\/\/www.vegaintro-projekti.com\/pilar-stari\/wp-content\/uploads\/2019\/03\/GS_04-05-23-02-2019.pdf\">Tiskano izdanje<\/a> | <a href=\"http:\/\/www.glas-slavonije.hr\/391340\/11\/Revizija-ugovora-sa-Svetom-Stolicom-bi-znacila-prilagodbu-novim-okolnostima\">Online izdanje<\/a><\/p>\n<p><a href=\"http:\/\/www.glas-slavonije.hr\/391340\/11\/Revizija-ugovora-sa-Svetom-Stolicom-bi-znacila-prilagodbu-novim-okolnostima\"><img decoding=\"async\" loading=\"lazy\" class=\"alignnone wp-image-12142 \" src=\"https:\/\/www.vegaintro-projekti.com\/pilar-stari\/wp-content\/uploads\/2019\/03\/I_Markesic.jpg\" alt=\"\" width=\"620\" height=\"406\" srcset=\"https:\/\/www.vegaintro-projekti.com\/pilar-stari\/wp-content\/uploads\/2019\/03\/I_Markesic.jpg 652w, https:\/\/www.vegaintro-projekti.com\/pilar-stari\/wp-content\/uploads\/2019\/03\/I_Markesic-300x196.jpg 300w\" sizes=\"(max-width: 620px) 100vw, 620px\" \/><\/a><\/p>\n<p><strong>\u2212 Glas Slavonije (tiskano izdanje):<\/strong> <a href=\"https:\/\/www.vegaintro-projekti.com\/pilar-stari\/wp-content\/uploads\/2019\/03\/GS_04-05-23-02-2019.pdf\">INTERVJU: IVAN MARKE\u0160I\u0106 Revizija ugovora sa Svetom Stolicom bi zna\u010dila prilagodbu novim okolnostima, 23. velja\u010de 2019.<\/a><br \/>\n<strong>\u2212 Glas Slavonije (online izdanje):<\/strong> <a href=\"http:\/\/www.glas-slavonije.hr\/391340\/11\/Revizija-ugovora-sa-Svetom-Stolicom-bi-znacila-prilagodbu-novim-okolnostima\">INTERVJU: IVAN MARKE\u0160I\u0106 Revizija ugovora sa Svetom Stolicom bi zna\u010dila prilagodbu novim okolnostima, 23. velja\u010de 2019.<\/a><\/p>\n<blockquote><p><a href=\"https:\/\/www.vegaintro-projekti.com\/pilar-stari\/biografije\/user-bio\/?my_user_id=35\">Dr. sc. Ivan Marke\u0161i\u0107<\/a><\/p><\/blockquote>\n","protected":false},"excerpt":{"rendered":"<p>Glas Slavonije (Magazin) u broju od 23. velja\u010de 2019. objavljuje razgovor s dr. sc. Ivanom Marke\u0161i\u0107em pod naslovom &#8220;Revizija ugovora sa Svetom Stolicom bi zna\u010dila prilagodbu novim okolnostima&#8221;. \u2212 Tiskano izdanje | Online izdanje \u2212 Glas Slavonije (tiskano izdanje): INTERVJU: IVAN MARKE\u0160I\u0106 Revizija ugovora sa Svetom Stolicom bi zna\u010dila prilagodbu novim okolnostima, 23. velja\u010de 2019.&hellip; <a class=\"continue\" href=\"https:\/\/www.vegaintro-projekti.com\/pilar-stari\/2019\/03\/dr-sc-ivan-markesic-o-reviziji-ugovora-sa-svetom-stolicom-23-2-2019\/\">Pro\u010ditaj vi\u0161e o<span> Dr. sc. Ivan Marke\u0161i\u0107 o reviziji ugovora sa Svetom Stolicom, 23. 2. 2019.<\/span><\/a><\/p>\n","protected":false},"author":7,"featured_media":12142,"comment_status":"closed","ping_status":"closed","sticky":false,"template":"","format":"standard","meta":{"inline_featured_image":false,"ngg_post_thumbnail":0,"footnotes":""},"categories":[12],"tags":[],"yoast_head":"<!-- This site is optimized with the Yoast SEO plugin v21.2 - https:\/\/yoast.com\/wordpress\/plugins\/seo\/ -->\n<title>Dr. sc. Ivan Marke\u0161i\u0107 o reviziji ugovora sa Svetom Stolicom, 23. 2. 2019. - Institut dru&scaron;tvenih znanosti Ivo Pilar<\/title>\n<meta name=\"robots\" content=\"noindex, follow, max-snippet:-1, max-image-preview:large, max-video-preview:-1\" \/>\n<meta property=\"og:locale\" content=\"hr_HR\" \/>\n<meta property=\"og:type\" content=\"article\" \/>\n<meta property=\"og:title\" content=\"Dr. sc. Ivan Marke\u0161i\u0107 o reviziji ugovora sa Svetom Stolicom, 23. 2. 2019. - Institut dru&scaron;tvenih znanosti Ivo Pilar\" \/>\n<meta property=\"og:description\" content=\"Glas Slavonije (Magazin) u broju od 23. velja\u010de 2019. objavljuje razgovor s dr. sc. Ivanom Marke\u0161i\u0107em pod naslovom &#8220;Revizija ugovora sa Svetom Stolicom bi zna\u010dila prilagodbu novim okolnostima&#8221;. \u2212 Tiskano izdanje | Online izdanje \u2212 Glas Slavonije (tiskano izdanje): INTERVJU: IVAN MARKE\u0160I\u0106 Revizija ugovora sa Svetom Stolicom bi zna\u010dila prilagodbu novim okolnostima, 23. velja\u010de 2019.&hellip; Pro\u010ditaj vi\u0161e o Dr. sc. Ivan Marke\u0161i\u0107 o reviziji ugovora sa Svetom Stolicom, 23. 2. 2019.\" \/>\n<meta property=\"og:url\" content=\"https:\/\/www.vegaintro-projekti.com\/pilar-stari\/2019\/03\/dr-sc-ivan-markesic-o-reviziji-ugovora-sa-svetom-stolicom-23-2-2019\/\" \/>\n<meta property=\"og:site_name\" content=\"Institut dru&scaron;tvenih znanosti Ivo Pilar\" \/>\n<meta property=\"article:published_time\" content=\"2019-03-05T23:37:57+00:00\" \/>\n<meta property=\"og:image\" content=\"https:\/\/www.vegaintro-projekti.com\/pilar-stari\/wp-content\/uploads\/2019\/03\/I_Markesic.jpg\" \/>\n\t<meta property=\"og:image:width\" content=\"652\" \/>\n\t<meta property=\"og:image:height\" content=\"427\" \/>\n\t<meta property=\"og:image:type\" content=\"image\/jpeg\" \/>\n<meta name=\"author\" content=\"Boris\" \/>\n<meta name=\"twitter:card\" content=\"summary_large_image\" \/>\n<meta name=\"twitter:label1\" content=\"Napisao\/la\" \/>\n\t<meta name=\"twitter:data1\" content=\"Boris\" \/>\n<script type=\"application\/ld+json\" class=\"yoast-schema-graph\">{\"@context\":\"https:\/\/schema.org\",\"@graph\":[{\"@type\":\"WebPage\",\"@id\":\"https:\/\/www.vegaintro-projekti.com\/pilar-stari\/2019\/03\/dr-sc-ivan-markesic-o-reviziji-ugovora-sa-svetom-stolicom-23-2-2019\/\",\"url\":\"https:\/\/www.vegaintro-projekti.com\/pilar-stari\/2019\/03\/dr-sc-ivan-markesic-o-reviziji-ugovora-sa-svetom-stolicom-23-2-2019\/\",\"name\":\"Dr. sc. Ivan Marke\u0161i\u0107 o reviziji ugovora sa Svetom Stolicom, 23. 2. 2019. - Institut dru&scaron;tvenih znanosti Ivo Pilar\",\"isPartOf\":{\"@id\":\"https:\/\/www.vegaintro-projekti.com\/pilar-stari\/#website\"},\"datePublished\":\"2019-03-05T23:37:57+00:00\",\"dateModified\":\"2019-03-05T23:37:57+00:00\",\"author\":{\"@id\":\"https:\/\/www.vegaintro-projekti.com\/pilar-stari\/#\/schema\/person\/ddd404c9f1e15e4ffef5986ac6a5d28b\"},\"breadcrumb\":{\"@id\":\"https:\/\/www.vegaintro-projekti.com\/pilar-stari\/2019\/03\/dr-sc-ivan-markesic-o-reviziji-ugovora-sa-svetom-stolicom-23-2-2019\/#breadcrumb\"},\"inLanguage\":\"hr\",\"potentialAction\":[{\"@type\":\"ReadAction\",\"target\":[\"https:\/\/www.vegaintro-projekti.com\/pilar-stari\/2019\/03\/dr-sc-ivan-markesic-o-reviziji-ugovora-sa-svetom-stolicom-23-2-2019\/\"]}]},{\"@type\":\"BreadcrumbList\",\"@id\":\"https:\/\/www.vegaintro-projekti.com\/pilar-stari\/2019\/03\/dr-sc-ivan-markesic-o-reviziji-ugovora-sa-svetom-stolicom-23-2-2019\/#breadcrumb\",\"itemListElement\":[{\"@type\":\"ListItem\",\"position\":1,\"name\":\"Home\",\"item\":\"https:\/\/www.vegaintro-projekti.com\/pilar-stari\/\"},{\"@type\":\"ListItem\",\"position\":2,\"name\":\"Dr. sc. Ivan Marke\u0161i\u0107 o reviziji ugovora sa Svetom Stolicom, 23. 2. 2019.\"}]},{\"@type\":\"WebSite\",\"@id\":\"https:\/\/www.vegaintro-projekti.com\/pilar-stari\/#website\",\"url\":\"https:\/\/www.vegaintro-projekti.com\/pilar-stari\/\",\"name\":\"Institut dru&scaron;tvenih znanosti Ivo Pilar\",\"description\":\"Pilar\",\"potentialAction\":[{\"@type\":\"SearchAction\",\"target\":{\"@type\":\"EntryPoint\",\"urlTemplate\":\"https:\/\/www.vegaintro-projekti.com\/pilar-stari\/?s={search_term_string}\"},\"query-input\":\"required name=search_term_string\"}],\"inLanguage\":\"hr\"},{\"@type\":\"Person\",\"@id\":\"https:\/\/www.vegaintro-projekti.com\/pilar-stari\/#\/schema\/person\/ddd404c9f1e15e4ffef5986ac6a5d28b\",\"name\":\"Boris\",\"image\":{\"@type\":\"ImageObject\",\"inLanguage\":\"hr\",\"@id\":\"https:\/\/www.vegaintro-projekti.com\/pilar-stari\/#\/schema\/person\/image\/\",\"url\":\"https:\/\/secure.gravatar.com\/avatar\/29557b161a6ce6ab86ac1503164f1e90?s=96&d=mm&r=g\",\"contentUrl\":\"https:\/\/secure.gravatar.com\/avatar\/29557b161a6ce6ab86ac1503164f1e90?s=96&d=mm&r=g\",\"caption\":\"Boris\"},\"url\":\"https:\/\/www.vegaintro-projekti.com\/pilar-stari\/author\/boris\/\"}]}<\/script>\n<!-- \/ Yoast SEO plugin. -->","yoast_head_json":{"title":"Dr. sc. Ivan Marke\u0161i\u0107 o reviziji ugovora sa Svetom Stolicom, 23. 2. 2019. - Institut dru&scaron;tvenih znanosti Ivo Pilar","robots":{"index":"noindex","follow":"follow","max-snippet":"max-snippet:-1","max-image-preview":"max-image-preview:large","max-video-preview":"max-video-preview:-1"},"og_locale":"hr_HR","og_type":"article","og_title":"Dr. sc. Ivan Marke\u0161i\u0107 o reviziji ugovora sa Svetom Stolicom, 23. 2. 2019. - Institut dru&scaron;tvenih znanosti Ivo Pilar","og_description":"Glas Slavonije (Magazin) u broju od 23. velja\u010de 2019. objavljuje razgovor s dr. sc. Ivanom Marke\u0161i\u0107em pod naslovom &#8220;Revizija ugovora sa Svetom Stolicom bi zna\u010dila prilagodbu novim okolnostima&#8221;. \u2212 Tiskano izdanje | Online izdanje \u2212 Glas Slavonije (tiskano izdanje): INTERVJU: IVAN MARKE\u0160I\u0106 Revizija ugovora sa Svetom Stolicom bi zna\u010dila prilagodbu novim okolnostima, 23. velja\u010de 2019.&hellip; Pro\u010ditaj vi\u0161e o Dr. sc. Ivan Marke\u0161i\u0107 o reviziji ugovora sa Svetom Stolicom, 23. 2. 2019.","og_url":"https:\/\/www.vegaintro-projekti.com\/pilar-stari\/2019\/03\/dr-sc-ivan-markesic-o-reviziji-ugovora-sa-svetom-stolicom-23-2-2019\/","og_site_name":"Institut dru&scaron;tvenih znanosti Ivo Pilar","article_published_time":"2019-03-05T23:37:57+00:00","og_image":[{"width":652,"height":427,"url":"https:\/\/www.vegaintro-projekti.com\/pilar-stari\/wp-content\/uploads\/2019\/03\/I_Markesic.jpg","type":"image\/jpeg"}],"author":"Boris","twitter_card":"summary_large_image","twitter_misc":{"Napisao\/la":"Boris"},"schema":{"@context":"https:\/\/schema.org","@graph":[{"@type":"WebPage","@id":"https:\/\/www.vegaintro-projekti.com\/pilar-stari\/2019\/03\/dr-sc-ivan-markesic-o-reviziji-ugovora-sa-svetom-stolicom-23-2-2019\/","url":"https:\/\/www.vegaintro-projekti.com\/pilar-stari\/2019\/03\/dr-sc-ivan-markesic-o-reviziji-ugovora-sa-svetom-stolicom-23-2-2019\/","name":"Dr. sc. Ivan Marke\u0161i\u0107 o reviziji ugovora sa Svetom Stolicom, 23. 2. 2019. - Institut dru&scaron;tvenih znanosti Ivo Pilar","isPartOf":{"@id":"https:\/\/www.vegaintro-projekti.com\/pilar-stari\/#website"},"datePublished":"2019-03-05T23:37:57+00:00","dateModified":"2019-03-05T23:37:57+00:00","author":{"@id":"https:\/\/www.vegaintro-projekti.com\/pilar-stari\/#\/schema\/person\/ddd404c9f1e15e4ffef5986ac6a5d28b"},"breadcrumb":{"@id":"https:\/\/www.vegaintro-projekti.com\/pilar-stari\/2019\/03\/dr-sc-ivan-markesic-o-reviziji-ugovora-sa-svetom-stolicom-23-2-2019\/#breadcrumb"},"inLanguage":"hr","potentialAction":[{"@type":"ReadAction","target":["https:\/\/www.vegaintro-projekti.com\/pilar-stari\/2019\/03\/dr-sc-ivan-markesic-o-reviziji-ugovora-sa-svetom-stolicom-23-2-2019\/"]}]},{"@type":"BreadcrumbList","@id":"https:\/\/www.vegaintro-projekti.com\/pilar-stari\/2019\/03\/dr-sc-ivan-markesic-o-reviziji-ugovora-sa-svetom-stolicom-23-2-2019\/#breadcrumb","itemListElement":[{"@type":"ListItem","position":1,"name":"Home","item":"https:\/\/www.vegaintro-projekti.com\/pilar-stari\/"},{"@type":"ListItem","position":2,"name":"Dr. sc. Ivan Marke\u0161i\u0107 o reviziji ugovora sa Svetom Stolicom, 23. 2. 2019."}]},{"@type":"WebSite","@id":"https:\/\/www.vegaintro-projekti.com\/pilar-stari\/#website","url":"https:\/\/www.vegaintro-projekti.com\/pilar-stari\/","name":"Institut dru&scaron;tvenih znanosti Ivo Pilar","description":"Pilar","potentialAction":[{"@type":"SearchAction","target":{"@type":"EntryPoint","urlTemplate":"https:\/\/www.vegaintro-projekti.com\/pilar-stari\/?s={search_term_string}"},"query-input":"required name=search_term_string"}],"inLanguage":"hr"},{"@type":"Person","@id":"https:\/\/www.vegaintro-projekti.com\/pilar-stari\/#\/schema\/person\/ddd404c9f1e15e4ffef5986ac6a5d28b","name":"Boris","image":{"@type":"ImageObject","inLanguage":"hr","@id":"https:\/\/www.vegaintro-projekti.com\/pilar-stari\/#\/schema\/person\/image\/","url":"https:\/\/secure.gravatar.com\/avatar\/29557b161a6ce6ab86ac1503164f1e90?s=96&d=mm&r=g","contentUrl":"https:\/\/secure.gravatar.com\/avatar\/29557b161a6ce6ab86ac1503164f1e90?s=96&d=mm&r=g","caption":"Boris"},"url":"https:\/\/www.vegaintro-projekti.com\/pilar-stari\/author\/boris\/"}]}},"_links":{"self":[{"href":"https:\/\/www.vegaintro-projekti.com\/pilar-stari\/wp-json\/wp\/v2\/posts\/12143"}],"collection":[{"href":"https:\/\/www.vegaintro-projekti.com\/pilar-stari\/wp-json\/wp\/v2\/posts"}],"about":[{"href":"https:\/\/www.vegaintro-projekti.com\/pilar-stari\/wp-json\/wp\/v2\/types\/post"}],"author":[{"embeddable":true,"href":"https:\/\/www.vegaintro-projekti.com\/pilar-stari\/wp-json\/wp\/v2\/users\/7"}],"replies":[{"embeddable":true,"href":"https:\/\/www.vegaintro-projekti.com\/pilar-stari\/wp-json\/wp\/v2\/comments?post=12143"}],"version-history":[{"count":1,"href":"https:\/\/www.vegaintro-projekti.com\/pilar-stari\/wp-json\/wp\/v2\/posts\/12143\/revisions"}],"predecessor-version":[{"id":12144,"href":"https:\/\/www.vegaintro-projekti.com\/pilar-stari\/wp-json\/wp\/v2\/posts\/12143\/revisions\/12144"}],"wp:featuredmedia":[{"embeddable":true,"href":"https:\/\/www.vegaintro-projekti.com\/pilar-stari\/wp-json\/wp\/v2\/media\/12142"}],"wp:attachment":[{"href":"https:\/\/www.vegaintro-projekti.com\/pilar-stari\/wp-json\/wp\/v2\/media?parent=12143"}],"wp:term":[{"taxonomy":"category","embeddable":true,"href":"https:\/\/www.vegaintro-projekti.com\/pilar-stari\/wp-json\/wp\/v2\/categories?post=12143"},{"taxonomy":"post_tag","embeddable":true,"href":"https:\/\/www.vegaintro-projekti.com\/pilar-stari\/wp-json\/wp\/v2\/tags?post=12143"}],"curies":[{"name":"wp","href":"https:\/\/api.w.org\/{rel}","templated":true}]}}