{"id":12458,"date":"2019-04-14T11:15:55","date_gmt":"2019-04-14T11:15:55","guid":{"rendered":"https:\/\/www.vegaintro-projekti.com\/pilar-stari\/?p=12458"},"modified":"2019-04-17T10:20:38","modified_gmt":"2019-04-17T10:20:38","slug":"dr-sc-drazen-zivic-kada-skola-ode-iz-mjesta-gotovo-je-kao-i-posta-ili-trgovina-12-4-2019","status":"publish","type":"post","link":"https:\/\/www.vegaintro-projekti.com\/pilar-stari\/2019\/04\/dr-sc-drazen-zivic-kada-skola-ode-iz-mjesta-gotovo-je-kao-i-posta-ili-trgovina-12-4-2019\/","title":{"rendered":"Dr. sc. Dra\u017een \u017divi\u0107: Kada \u0161kola ode iz mjesta, gotovo je. Kao i po\u0161ta ili trgovina, 12. 4. 2019."},"content":{"rendered":"<p><strong>Glas Slavonije u broju od 12. travnja 2019. objavljuje prilog pod naslovom &#8220;SLAVONSKE \u0160KOLE NA UDARU: Upitan status 61 mati\u010dne osnovne \u0161kole, uskoro sastanak \u017eupana svih pet slavonskih \u017eupanija&#8221; u kojem dr. sc. Dra\u017een \u017divi\u0107 komentira najavu redefiniranje mre\u017ee \u0161kola.<\/strong> \u2212 <a href=\"http:\/\/www.glas-slavonije.hr\/396197\/1\/Upitan-status-61-maticne-osnovne-skole-uskoro-sastanak-zupana-svih-pet-slavonskih-zupanija\">Glas Slavonije<\/a><\/p>\n<p><a href=\"http:\/\/www.glas-slavonije.hr\/396197\/1\/Upitan-status-61-maticne-osnovne-skole-uskoro-sastanak-zupana-svih-pet-slavonskih-zupanija\"><img decoding=\"async\" loading=\"lazy\" class=\"alignnone wp-image-12456 size-full\" src=\"https:\/\/www.vegaintro-projekti.com\/pilar-stari\/wp-content\/uploads\/2019\/04\/0s_DSC_2680-e1555326628933.jpg\" alt=\"\" width=\"620\" height=\"279\"><\/a><\/p>\n<p><strong>\u2212 Glas Slavonije:<\/strong> <a href=\"http:\/\/www.glas-slavonije.hr\/396197\/1\/Upitan-status-61-maticne-osnovne-skole-uskoro-sastanak-zupana-svih-pet-slavonskih-zupanija\">SLAVONSKE \u0160KOLE NA UDARU: Upitan status 61 mati\u010dne osnovne \u0161kole, uskoro sastanak \u017eupana svih pet slavonskih \u017eupanija, 12. travnja 2018.<\/a><\/p>\n<p><span style=\"font-size: 14pt;\">Dr. sc. Dra\u017een \u017divi\u0107: Ne vidim da je sve ovo dobro promi\u0161ljen strate\u0161ki interes. Tako donositi arbitrarne odluke u na\u0161im uvjetima, kada je svaki \u010dovjek u svakom mjestu zlata vrijedan da ostane \u017eivjeti tamo, kakva se to poruka \u0161alje&#8230;<\/span><\/p>\n<p><strong>\u017delimo li prazne prostore?<\/strong><\/p>\n<p>Ugledni hrvatski demograf dr. sc. Dra\u017een \u017divi\u0107 s Instituta Ivo Pilar ka\u017ee nam kako nije protiv redefiniranja mre\u017ee \u0161kola, ali pla\u0161i se da je motiv u ekonomskom racionalizmu vo\u0111en krilaticom \u201csmanjimo tro\u0161kove\u201d, bez ozbiljnih demografskih projekcija.<\/p>\n<p>\u2212 Kada razmi\u0161ljate o tome da bi neka mati\u010dna \u0161kola mogla postati podru\u010dna nekoj \u0161koli s ve\u0107im brojem u\u010denika, a da se neke podru\u010dne \u0161kole ukinu, iza svake odluke trebala bi stajati vrlo duboka i detaljna analiza koja ne uklju\u010duje samo ekonomske parametre, nego i strate\u0161ku opredijeljenost u kontekstu \u017eelimo li da se na\u0161i prostori i dalje prazne. U trenutku kada se \u0161kola fizi\u010dki ugasi, nikada se ne\u0107e obnoviti. I ono malo demografskog potencijala na tom prostoru nestat \u0107e. Roditelji \u0107e s djecom seliti u mjesta gdje im mogu omogu\u0107iti \u0161kolovanje, i to od prvog razreda. Ovdje ne problematiziramo formalna pripajanja, a da se ni\u0161ta ne promijeni. To je samo paravan za ukidanje i zatvaranje. A ako je motiv racionalizacija tro\u0161kova, onda je prema mom sudu posve pogre\u0161an &#8211; ka\u017ee dr. sc. Dra\u017een \u017divi\u0107.<\/p>\n<blockquote><p><a href=\"https:\/\/www.vegaintro-projekti.com\/pilar-stari\/biografije\/user-bio\/?my_user_id=66\">Dr. sc. Dra\u017een \u017divi\u0107<\/a><\/p><\/blockquote>\n","protected":false},"excerpt":{"rendered":"<p>Glas Slavonije u broju od 12. travnja 2019. objavljuje prilog pod naslovom &#8220;SLAVONSKE \u0160KOLE NA UDARU: Upitan status 61 mati\u010dne osnovne \u0161kole, uskoro sastanak \u017eupana svih pet slavonskih \u017eupanija&#8221; u kojem dr. sc. Dra\u017een \u017divi\u0107 komentira najavu redefiniranje mre\u017ee \u0161kola. \u2212 Glas Slavonije \u2212 Glas Slavonije: SLAVONSKE \u0160KOLE NA UDARU: Upitan status 61 mati\u010dne osnovne&hellip; <a class=\"continue\" href=\"https:\/\/www.vegaintro-projekti.com\/pilar-stari\/2019\/04\/dr-sc-drazen-zivic-kada-skola-ode-iz-mjesta-gotovo-je-kao-i-posta-ili-trgovina-12-4-2019\/\">Pro\u010ditaj vi\u0161e o<span> Dr. sc. Dra\u017een \u017divi\u0107: Kada \u0161kola ode iz mjesta, gotovo je. Kao i po\u0161ta ili trgovina, 12. 4. 2019.<\/span><\/a><\/p>\n","protected":false},"author":7,"featured_media":12456,"comment_status":"closed","ping_status":"closed","sticky":false,"template":"","format":"standard","meta":{"inline_featured_image":false,"ngg_post_thumbnail":0,"footnotes":""},"categories":[12],"tags":[],"yoast_head":"<!-- This site is optimized with the Yoast SEO plugin v21.2 - https:\/\/yoast.com\/wordpress\/plugins\/seo\/ -->\n<title>Dr. sc. Dra\u017een \u017divi\u0107: Kada \u0161kola ode iz mjesta, gotovo je. Kao i po\u0161ta ili trgovina, 12. 4. 2019. - Institut dru&scaron;tvenih znanosti Ivo Pilar<\/title>\n<meta name=\"robots\" content=\"noindex, follow, max-snippet:-1, max-image-preview:large, max-video-preview:-1\" \/>\n<meta property=\"og:locale\" content=\"hr_HR\" \/>\n<meta property=\"og:type\" content=\"article\" \/>\n<meta property=\"og:title\" content=\"Dr. sc. Dra\u017een \u017divi\u0107: Kada \u0161kola ode iz mjesta, gotovo je. Kao i po\u0161ta ili trgovina, 12. 4. 2019. - Institut dru&scaron;tvenih znanosti Ivo Pilar\" \/>\n<meta property=\"og:description\" content=\"Glas Slavonije u broju od 12. travnja 2019. objavljuje prilog pod naslovom &#8220;SLAVONSKE \u0160KOLE NA UDARU: Upitan status 61 mati\u010dne osnovne \u0161kole, uskoro sastanak \u017eupana svih pet slavonskih \u017eupanija&#8221; u kojem dr. sc. Dra\u017een \u017divi\u0107 komentira najavu redefiniranje mre\u017ee \u0161kola. \u2212 Glas Slavonije \u2212 Glas Slavonije: SLAVONSKE \u0160KOLE NA UDARU: Upitan status 61 mati\u010dne osnovne&hellip; Pro\u010ditaj vi\u0161e o Dr. sc. Dra\u017een \u017divi\u0107: Kada \u0161kola ode iz mjesta, gotovo je. Kao i po\u0161ta ili trgovina, 12. 4. 2019.\" \/>\n<meta property=\"og:url\" content=\"https:\/\/www.vegaintro-projekti.com\/pilar-stari\/2019\/04\/dr-sc-drazen-zivic-kada-skola-ode-iz-mjesta-gotovo-je-kao-i-posta-ili-trgovina-12-4-2019\/\" \/>\n<meta property=\"og:site_name\" content=\"Institut dru&scaron;tvenih znanosti Ivo Pilar\" \/>\n<meta property=\"article:published_time\" content=\"2019-04-14T11:15:55+00:00\" \/>\n<meta property=\"article:modified_time\" content=\"2019-04-17T10:20:38+00:00\" \/>\n<meta property=\"og:image\" content=\"https:\/\/www.vegaintro-projekti.com\/pilar-stari\/wp-content\/uploads\/2019\/04\/0s_DSC_2680-e1555326628933.jpg\" \/>\n\t<meta property=\"og:image:width\" content=\"620\" \/>\n\t<meta property=\"og:image:height\" content=\"279\" \/>\n\t<meta property=\"og:image:type\" content=\"image\/jpeg\" \/>\n<meta name=\"author\" content=\"Boris\" \/>\n<meta name=\"twitter:card\" content=\"summary_large_image\" \/>\n<meta name=\"twitter:label1\" content=\"Napisao\/la\" \/>\n\t<meta name=\"twitter:data1\" content=\"Boris\" \/>\n\t<meta name=\"twitter:label2\" content=\"Procijenjeno vrijeme \u010ditanja\" \/>\n\t<meta name=\"twitter:data2\" content=\"2 minute\" \/>\n<script type=\"application\/ld+json\" class=\"yoast-schema-graph\">{\"@context\":\"https:\/\/schema.org\",\"@graph\":[{\"@type\":\"WebPage\",\"@id\":\"https:\/\/www.vegaintro-projekti.com\/pilar-stari\/2019\/04\/dr-sc-drazen-zivic-kada-skola-ode-iz-mjesta-gotovo-je-kao-i-posta-ili-trgovina-12-4-2019\/\",\"url\":\"https:\/\/www.vegaintro-projekti.com\/pilar-stari\/2019\/04\/dr-sc-drazen-zivic-kada-skola-ode-iz-mjesta-gotovo-je-kao-i-posta-ili-trgovina-12-4-2019\/\",\"name\":\"Dr. sc. Dra\u017een \u017divi\u0107: Kada \u0161kola ode iz mjesta, gotovo je. Kao i po\u0161ta ili trgovina, 12. 4. 2019. - Institut dru&scaron;tvenih znanosti Ivo Pilar\",\"isPartOf\":{\"@id\":\"https:\/\/www.vegaintro-projekti.com\/pilar-stari\/#website\"},\"datePublished\":\"2019-04-14T11:15:55+00:00\",\"dateModified\":\"2019-04-17T10:20:38+00:00\",\"author\":{\"@id\":\"https:\/\/www.vegaintro-projekti.com\/pilar-stari\/#\/schema\/person\/ddd404c9f1e15e4ffef5986ac6a5d28b\"},\"breadcrumb\":{\"@id\":\"https:\/\/www.vegaintro-projekti.com\/pilar-stari\/2019\/04\/dr-sc-drazen-zivic-kada-skola-ode-iz-mjesta-gotovo-je-kao-i-posta-ili-trgovina-12-4-2019\/#breadcrumb\"},\"inLanguage\":\"hr\",\"potentialAction\":[{\"@type\":\"ReadAction\",\"target\":[\"https:\/\/www.vegaintro-projekti.com\/pilar-stari\/2019\/04\/dr-sc-drazen-zivic-kada-skola-ode-iz-mjesta-gotovo-je-kao-i-posta-ili-trgovina-12-4-2019\/\"]}]},{\"@type\":\"BreadcrumbList\",\"@id\":\"https:\/\/www.vegaintro-projekti.com\/pilar-stari\/2019\/04\/dr-sc-drazen-zivic-kada-skola-ode-iz-mjesta-gotovo-je-kao-i-posta-ili-trgovina-12-4-2019\/#breadcrumb\",\"itemListElement\":[{\"@type\":\"ListItem\",\"position\":1,\"name\":\"Home\",\"item\":\"https:\/\/www.vegaintro-projekti.com\/pilar-stari\/\"},{\"@type\":\"ListItem\",\"position\":2,\"name\":\"Dr. sc. Dra\u017een \u017divi\u0107: Kada \u0161kola ode iz mjesta, gotovo je. Kao i po\u0161ta ili trgovina, 12. 4. 2019.\"}]},{\"@type\":\"WebSite\",\"@id\":\"https:\/\/www.vegaintro-projekti.com\/pilar-stari\/#website\",\"url\":\"https:\/\/www.vegaintro-projekti.com\/pilar-stari\/\",\"name\":\"Institut dru&scaron;tvenih znanosti Ivo Pilar\",\"description\":\"Pilar\",\"potentialAction\":[{\"@type\":\"SearchAction\",\"target\":{\"@type\":\"EntryPoint\",\"urlTemplate\":\"https:\/\/www.vegaintro-projekti.com\/pilar-stari\/?s={search_term_string}\"},\"query-input\":\"required name=search_term_string\"}],\"inLanguage\":\"hr\"},{\"@type\":\"Person\",\"@id\":\"https:\/\/www.vegaintro-projekti.com\/pilar-stari\/#\/schema\/person\/ddd404c9f1e15e4ffef5986ac6a5d28b\",\"name\":\"Boris\",\"image\":{\"@type\":\"ImageObject\",\"inLanguage\":\"hr\",\"@id\":\"https:\/\/www.vegaintro-projekti.com\/pilar-stari\/#\/schema\/person\/image\/\",\"url\":\"https:\/\/secure.gravatar.com\/avatar\/29557b161a6ce6ab86ac1503164f1e90?s=96&d=mm&r=g\",\"contentUrl\":\"https:\/\/secure.gravatar.com\/avatar\/29557b161a6ce6ab86ac1503164f1e90?s=96&d=mm&r=g\",\"caption\":\"Boris\"},\"url\":\"https:\/\/www.vegaintro-projekti.com\/pilar-stari\/author\/boris\/\"}]}<\/script>\n<!-- \/ Yoast SEO plugin. -->","yoast_head_json":{"title":"Dr. sc. Dra\u017een \u017divi\u0107: Kada \u0161kola ode iz mjesta, gotovo je. Kao i po\u0161ta ili trgovina, 12. 4. 2019. - Institut dru&scaron;tvenih znanosti Ivo Pilar","robots":{"index":"noindex","follow":"follow","max-snippet":"max-snippet:-1","max-image-preview":"max-image-preview:large","max-video-preview":"max-video-preview:-1"},"og_locale":"hr_HR","og_type":"article","og_title":"Dr. sc. Dra\u017een \u017divi\u0107: Kada \u0161kola ode iz mjesta, gotovo je. Kao i po\u0161ta ili trgovina, 12. 4. 2019. - Institut dru&scaron;tvenih znanosti Ivo Pilar","og_description":"Glas Slavonije u broju od 12. travnja 2019. objavljuje prilog pod naslovom &#8220;SLAVONSKE \u0160KOLE NA UDARU: Upitan status 61 mati\u010dne osnovne \u0161kole, uskoro sastanak \u017eupana svih pet slavonskih \u017eupanija&#8221; u kojem dr. sc. Dra\u017een \u017divi\u0107 komentira najavu redefiniranje mre\u017ee \u0161kola. \u2212 Glas Slavonije \u2212 Glas Slavonije: SLAVONSKE \u0160KOLE NA UDARU: Upitan status 61 mati\u010dne osnovne&hellip; Pro\u010ditaj vi\u0161e o Dr. sc. Dra\u017een \u017divi\u0107: Kada \u0161kola ode iz mjesta, gotovo je. Kao i po\u0161ta ili trgovina, 12. 4. 2019.","og_url":"https:\/\/www.vegaintro-projekti.com\/pilar-stari\/2019\/04\/dr-sc-drazen-zivic-kada-skola-ode-iz-mjesta-gotovo-je-kao-i-posta-ili-trgovina-12-4-2019\/","og_site_name":"Institut dru&scaron;tvenih znanosti Ivo Pilar","article_published_time":"2019-04-14T11:15:55+00:00","article_modified_time":"2019-04-17T10:20:38+00:00","og_image":[{"width":620,"height":279,"url":"https:\/\/www.vegaintro-projekti.com\/pilar-stari\/wp-content\/uploads\/2019\/04\/0s_DSC_2680-e1555326628933.jpg","type":"image\/jpeg"}],"author":"Boris","twitter_card":"summary_large_image","twitter_misc":{"Napisao\/la":"Boris","Procijenjeno vrijeme \u010ditanja":"2 minute"},"schema":{"@context":"https:\/\/schema.org","@graph":[{"@type":"WebPage","@id":"https:\/\/www.vegaintro-projekti.com\/pilar-stari\/2019\/04\/dr-sc-drazen-zivic-kada-skola-ode-iz-mjesta-gotovo-je-kao-i-posta-ili-trgovina-12-4-2019\/","url":"https:\/\/www.vegaintro-projekti.com\/pilar-stari\/2019\/04\/dr-sc-drazen-zivic-kada-skola-ode-iz-mjesta-gotovo-je-kao-i-posta-ili-trgovina-12-4-2019\/","name":"Dr. sc. Dra\u017een \u017divi\u0107: Kada \u0161kola ode iz mjesta, gotovo je. Kao i po\u0161ta ili trgovina, 12. 4. 2019. - Institut dru&scaron;tvenih znanosti Ivo Pilar","isPartOf":{"@id":"https:\/\/www.vegaintro-projekti.com\/pilar-stari\/#website"},"datePublished":"2019-04-14T11:15:55+00:00","dateModified":"2019-04-17T10:20:38+00:00","author":{"@id":"https:\/\/www.vegaintro-projekti.com\/pilar-stari\/#\/schema\/person\/ddd404c9f1e15e4ffef5986ac6a5d28b"},"breadcrumb":{"@id":"https:\/\/www.vegaintro-projekti.com\/pilar-stari\/2019\/04\/dr-sc-drazen-zivic-kada-skola-ode-iz-mjesta-gotovo-je-kao-i-posta-ili-trgovina-12-4-2019\/#breadcrumb"},"inLanguage":"hr","potentialAction":[{"@type":"ReadAction","target":["https:\/\/www.vegaintro-projekti.com\/pilar-stari\/2019\/04\/dr-sc-drazen-zivic-kada-skola-ode-iz-mjesta-gotovo-je-kao-i-posta-ili-trgovina-12-4-2019\/"]}]},{"@type":"BreadcrumbList","@id":"https:\/\/www.vegaintro-projekti.com\/pilar-stari\/2019\/04\/dr-sc-drazen-zivic-kada-skola-ode-iz-mjesta-gotovo-je-kao-i-posta-ili-trgovina-12-4-2019\/#breadcrumb","itemListElement":[{"@type":"ListItem","position":1,"name":"Home","item":"https:\/\/www.vegaintro-projekti.com\/pilar-stari\/"},{"@type":"ListItem","position":2,"name":"Dr. sc. Dra\u017een \u017divi\u0107: Kada \u0161kola ode iz mjesta, gotovo je. Kao i po\u0161ta ili trgovina, 12. 4. 2019."}]},{"@type":"WebSite","@id":"https:\/\/www.vegaintro-projekti.com\/pilar-stari\/#website","url":"https:\/\/www.vegaintro-projekti.com\/pilar-stari\/","name":"Institut dru&scaron;tvenih znanosti Ivo Pilar","description":"Pilar","potentialAction":[{"@type":"SearchAction","target":{"@type":"EntryPoint","urlTemplate":"https:\/\/www.vegaintro-projekti.com\/pilar-stari\/?s={search_term_string}"},"query-input":"required name=search_term_string"}],"inLanguage":"hr"},{"@type":"Person","@id":"https:\/\/www.vegaintro-projekti.com\/pilar-stari\/#\/schema\/person\/ddd404c9f1e15e4ffef5986ac6a5d28b","name":"Boris","image":{"@type":"ImageObject","inLanguage":"hr","@id":"https:\/\/www.vegaintro-projekti.com\/pilar-stari\/#\/schema\/person\/image\/","url":"https:\/\/secure.gravatar.com\/avatar\/29557b161a6ce6ab86ac1503164f1e90?s=96&d=mm&r=g","contentUrl":"https:\/\/secure.gravatar.com\/avatar\/29557b161a6ce6ab86ac1503164f1e90?s=96&d=mm&r=g","caption":"Boris"},"url":"https:\/\/www.vegaintro-projekti.com\/pilar-stari\/author\/boris\/"}]}},"_links":{"self":[{"href":"https:\/\/www.vegaintro-projekti.com\/pilar-stari\/wp-json\/wp\/v2\/posts\/12458"}],"collection":[{"href":"https:\/\/www.vegaintro-projekti.com\/pilar-stari\/wp-json\/wp\/v2\/posts"}],"about":[{"href":"https:\/\/www.vegaintro-projekti.com\/pilar-stari\/wp-json\/wp\/v2\/types\/post"}],"author":[{"embeddable":true,"href":"https:\/\/www.vegaintro-projekti.com\/pilar-stari\/wp-json\/wp\/v2\/users\/7"}],"replies":[{"embeddable":true,"href":"https:\/\/www.vegaintro-projekti.com\/pilar-stari\/wp-json\/wp\/v2\/comments?post=12458"}],"version-history":[{"count":1,"href":"https:\/\/www.vegaintro-projekti.com\/pilar-stari\/wp-json\/wp\/v2\/posts\/12458\/revisions"}],"predecessor-version":[{"id":12459,"href":"https:\/\/www.vegaintro-projekti.com\/pilar-stari\/wp-json\/wp\/v2\/posts\/12458\/revisions\/12459"}],"wp:featuredmedia":[{"embeddable":true,"href":"https:\/\/www.vegaintro-projekti.com\/pilar-stari\/wp-json\/wp\/v2\/media\/12456"}],"wp:attachment":[{"href":"https:\/\/www.vegaintro-projekti.com\/pilar-stari\/wp-json\/wp\/v2\/media?parent=12458"}],"wp:term":[{"taxonomy":"category","embeddable":true,"href":"https:\/\/www.vegaintro-projekti.com\/pilar-stari\/wp-json\/wp\/v2\/categories?post=12458"},{"taxonomy":"post_tag","embeddable":true,"href":"https:\/\/www.vegaintro-projekti.com\/pilar-stari\/wp-json\/wp\/v2\/tags?post=12458"}],"curies":[{"name":"wp","href":"https:\/\/api.w.org\/{rel}","templated":true}]}}