{"id":12470,"date":"2019-04-15T12:30:03","date_gmt":"2019-04-15T12:30:03","guid":{"rendered":"https:\/\/www.vegaintro-projekti.com\/pilar-stari\/?p=12470"},"modified":"2019-04-15T12:34:19","modified_gmt":"2019-04-15T12:34:19","slug":"dr-sc-ivan-markesic-izabran-u-clanstvo-akademije-nauka-i-umjetnosti-bosne-i-hercegovine","status":"publish","type":"post","link":"https:\/\/www.vegaintro-projekti.com\/pilar-stari\/2019\/04\/dr-sc-ivan-markesic-izabran-u-clanstvo-akademije-nauka-i-umjetnosti-bosne-i-hercegovine\/","title":{"rendered":"Dr. sc. Ivan Marke\u0161i\u0107 izabran u \u010dlanstvo Akademije nauka i umjetnosti Bosne i Hercegovine"},"content":{"rendered":"<p><strong>Na izbornoj Skup\u0161tini Akademije nauka i umjetnosti Bosne i Hercegovine 20. prosinca 2018. dr. sc. Ivan Marke\u0161i\u0107, znanstveni savjetnik u trajnom zvanju Instituta dru\u0161tvenih znanosti Ivo Pilar, izabran je za doma\u0107eg \u010dlana radi njegova &#8220;izuzetnog doprinosa razvoju nauke i posebnog doprinosa prosperitetu Bosne i Hercegovine&#8221;.<\/strong> \u2212 <a href=\"https:\/\/www.vegaintro-projekti.com\/pilar-stari\/wp-content\/uploads\/2019\/04\/Obavijest_o_izboru.pdf\">Obavijest o izboru<\/a><\/p>\n<p><a href=\"https:\/\/www.vegaintro-projekti.com\/pilar-stari\/wp-content\/uploads\/2019\/04\/ANUBiH.jpg\"><img decoding=\"async\" loading=\"lazy\" class=\"alignnone wp-image-12466 size-full\" src=\"https:\/\/www.vegaintro-projekti.com\/pilar-stari\/wp-content\/uploads\/2019\/04\/ANUBiH_s.jpg\" alt=\"\" width=\"620\" height=\"288\" srcset=\"https:\/\/www.vegaintro-projekti.com\/pilar-stari\/wp-content\/uploads\/2019\/04\/ANUBiH_s.jpg 620w, https:\/\/www.vegaintro-projekti.com\/pilar-stari\/wp-content\/uploads\/2019\/04\/ANUBiH_s-300x139.jpg 300w\" sizes=\"(max-width: 620px) 100vw, 620px\" \/><\/a><a href=\"https:\/\/www.vegaintro-projekti.com\/pilar-stari\/wp-content\/uploads\/2019\/04\/Ivan-Marke\u0161i\u0107_s.jpg\"><img decoding=\"async\" loading=\"lazy\" class=\"alignnone wp-image-12472 size-full\" src=\"https:\/\/www.vegaintro-projekti.com\/pilar-stari\/wp-content\/uploads\/2019\/04\/Ivan-Marke\u0161i\u0107_fi.jpg\" alt=\"\" width=\"620\" height=\"315\" srcset=\"https:\/\/www.vegaintro-projekti.com\/pilar-stari\/wp-content\/uploads\/2019\/04\/Ivan-Marke\u0161i\u0107_fi.jpg 620w, https:\/\/www.vegaintro-projekti.com\/pilar-stari\/wp-content\/uploads\/2019\/04\/Ivan-Marke\u0161i\u0107_fi-300x152.jpg 300w\" sizes=\"(max-width: 620px) 100vw, 620px\" \/><\/a><\/p>\n<p>\u2212 <a href=\"https:\/\/www.vegaintro-projekti.com\/pilar-stari\/wp-content\/uploads\/2019\/04\/Obavijest_o_izboru.pdf\">Obavijest o izboru dr. sc. Ivana Marke\u0161i\u0107a u \u010dlanstvo Akademije nauka i umjetnosti Bosne i Hercegovine<\/a><\/p>\n<blockquote><p><a href=\"http:\/\/www.anubih.ba\/index.php?option=com_content&amp;view=article&amp;id=714:informacija-o-odrzanoj-promociji-novoizabranih-clanova-akademije-nauka-i-umjetnosti-bosne-i-hercegovine&amp;catid=8:novosti1&amp;lang=ba&amp;Itemid=477\">ANUBiH: Informacija o odr\u017eanoj promociji novoizabranih \u010dlanova<\/a><\/p>\n<p><a href=\"https:\/\/www.vegaintro-projekti.com\/pilar-stari\/biografije\/user-bio\/?my_user_id=35\">Dr. sc. Ivan Marke\u0161i\u0107<\/a><\/p><\/blockquote>\n","protected":false},"excerpt":{"rendered":"<p>Na izbornoj Skup\u0161tini Akademije nauka i umjetnosti Bosne i Hercegovine 20. prosinca 2018. dr. sc. Ivan Marke\u0161i\u0107, znanstveni savjetnik u trajnom zvanju Instituta dru\u0161tvenih znanosti Ivo Pilar, izabran je za doma\u0107eg \u010dlana radi njegova &#8220;izuzetnog doprinosa razvoju nauke i posebnog doprinosa prosperitetu Bosne i Hercegovine&#8221;. \u2212 Obavijest o izboru \u2212 Obavijest o izboru dr. sc.&hellip; <a class=\"continue\" href=\"https:\/\/www.vegaintro-projekti.com\/pilar-stari\/2019\/04\/dr-sc-ivan-markesic-izabran-u-clanstvo-akademije-nauka-i-umjetnosti-bosne-i-hercegovine\/\">Pro\u010ditaj vi\u0161e o<span> Dr. sc. Ivan Marke\u0161i\u0107 izabran u \u010dlanstvo Akademije nauka i umjetnosti Bosne i Hercegovine<\/span><\/a><\/p>\n","protected":false},"author":7,"featured_media":12468,"comment_status":"closed","ping_status":"closed","sticky":false,"template":"","format":"standard","meta":{"inline_featured_image":false,"ngg_post_thumbnail":0,"footnotes":""},"categories":[12],"tags":[],"yoast_head":"<!-- This site is optimized with the Yoast SEO plugin v21.2 - https:\/\/yoast.com\/wordpress\/plugins\/seo\/ -->\n<title>Dr. sc. Ivan Marke\u0161i\u0107 izabran u \u010dlanstvo Akademije nauka i umjetnosti Bosne i Hercegovine - Institut dru&scaron;tvenih znanosti Ivo Pilar<\/title>\n<meta name=\"robots\" content=\"noindex, follow, max-snippet:-1, max-image-preview:large, max-video-preview:-1\" \/>\n<meta property=\"og:locale\" content=\"hr_HR\" \/>\n<meta property=\"og:type\" content=\"article\" \/>\n<meta property=\"og:title\" content=\"Dr. sc. Ivan Marke\u0161i\u0107 izabran u \u010dlanstvo Akademije nauka i umjetnosti Bosne i Hercegovine - Institut dru&scaron;tvenih znanosti Ivo Pilar\" \/>\n<meta property=\"og:description\" content=\"Na izbornoj Skup\u0161tini Akademije nauka i umjetnosti Bosne i Hercegovine 20. prosinca 2018. dr. sc. Ivan Marke\u0161i\u0107, znanstveni savjetnik u trajnom zvanju Instituta dru\u0161tvenih znanosti Ivo Pilar, izabran je za doma\u0107eg \u010dlana radi njegova &#8220;izuzetnog doprinosa razvoju nauke i posebnog doprinosa prosperitetu Bosne i Hercegovine&#8221;. \u2212 Obavijest o izboru \u2212 Obavijest o izboru dr. sc.&hellip; Pro\u010ditaj vi\u0161e o Dr. sc. Ivan Marke\u0161i\u0107 izabran u \u010dlanstvo Akademije nauka i umjetnosti Bosne i Hercegovine\" \/>\n<meta property=\"og:url\" content=\"https:\/\/www.vegaintro-projekti.com\/pilar-stari\/2019\/04\/dr-sc-ivan-markesic-izabran-u-clanstvo-akademije-nauka-i-umjetnosti-bosne-i-hercegovine\/\" \/>\n<meta property=\"og:site_name\" content=\"Institut dru&scaron;tvenih znanosti Ivo Pilar\" \/>\n<meta property=\"article:published_time\" content=\"2019-04-15T12:30:03+00:00\" \/>\n<meta property=\"article:modified_time\" content=\"2019-04-15T12:34:19+00:00\" \/>\n<meta property=\"og:image\" content=\"https:\/\/www.vegaintro-projekti.com\/pilar-stari\/wp-content\/uploads\/2019\/04\/Ivan-Marke\u0161i\u0107_s.jpg\" \/>\n\t<meta property=\"og:image:width\" content=\"780\" \/>\n\t<meta property=\"og:image:height\" content=\"505\" \/>\n\t<meta property=\"og:image:type\" content=\"image\/jpeg\" \/>\n<meta name=\"author\" content=\"Boris\" \/>\n<meta name=\"twitter:card\" content=\"summary_large_image\" \/>\n<meta name=\"twitter:label1\" content=\"Napisao\/la\" \/>\n\t<meta name=\"twitter:data1\" content=\"Boris\" \/>\n<script type=\"application\/ld+json\" class=\"yoast-schema-graph\">{\"@context\":\"https:\/\/schema.org\",\"@graph\":[{\"@type\":\"WebPage\",\"@id\":\"https:\/\/www.vegaintro-projekti.com\/pilar-stari\/2019\/04\/dr-sc-ivan-markesic-izabran-u-clanstvo-akademije-nauka-i-umjetnosti-bosne-i-hercegovine\/\",\"url\":\"https:\/\/www.vegaintro-projekti.com\/pilar-stari\/2019\/04\/dr-sc-ivan-markesic-izabran-u-clanstvo-akademije-nauka-i-umjetnosti-bosne-i-hercegovine\/\",\"name\":\"Dr. sc. Ivan Marke\u0161i\u0107 izabran u \u010dlanstvo Akademije nauka i umjetnosti Bosne i Hercegovine - Institut dru&scaron;tvenih znanosti Ivo Pilar\",\"isPartOf\":{\"@id\":\"https:\/\/www.vegaintro-projekti.com\/pilar-stari\/#website\"},\"datePublished\":\"2019-04-15T12:30:03+00:00\",\"dateModified\":\"2019-04-15T12:34:19+00:00\",\"author\":{\"@id\":\"https:\/\/www.vegaintro-projekti.com\/pilar-stari\/#\/schema\/person\/ddd404c9f1e15e4ffef5986ac6a5d28b\"},\"breadcrumb\":{\"@id\":\"https:\/\/www.vegaintro-projekti.com\/pilar-stari\/2019\/04\/dr-sc-ivan-markesic-izabran-u-clanstvo-akademije-nauka-i-umjetnosti-bosne-i-hercegovine\/#breadcrumb\"},\"inLanguage\":\"hr\",\"potentialAction\":[{\"@type\":\"ReadAction\",\"target\":[\"https:\/\/www.vegaintro-projekti.com\/pilar-stari\/2019\/04\/dr-sc-ivan-markesic-izabran-u-clanstvo-akademije-nauka-i-umjetnosti-bosne-i-hercegovine\/\"]}]},{\"@type\":\"BreadcrumbList\",\"@id\":\"https:\/\/www.vegaintro-projekti.com\/pilar-stari\/2019\/04\/dr-sc-ivan-markesic-izabran-u-clanstvo-akademije-nauka-i-umjetnosti-bosne-i-hercegovine\/#breadcrumb\",\"itemListElement\":[{\"@type\":\"ListItem\",\"position\":1,\"name\":\"Home\",\"item\":\"https:\/\/www.vegaintro-projekti.com\/pilar-stari\/\"},{\"@type\":\"ListItem\",\"position\":2,\"name\":\"Dr. sc. Ivan Marke\u0161i\u0107 izabran u \u010dlanstvo Akademije nauka i umjetnosti Bosne i Hercegovine\"}]},{\"@type\":\"WebSite\",\"@id\":\"https:\/\/www.vegaintro-projekti.com\/pilar-stari\/#website\",\"url\":\"https:\/\/www.vegaintro-projekti.com\/pilar-stari\/\",\"name\":\"Institut dru&scaron;tvenih znanosti Ivo Pilar\",\"description\":\"Pilar\",\"potentialAction\":[{\"@type\":\"SearchAction\",\"target\":{\"@type\":\"EntryPoint\",\"urlTemplate\":\"https:\/\/www.vegaintro-projekti.com\/pilar-stari\/?s={search_term_string}\"},\"query-input\":\"required name=search_term_string\"}],\"inLanguage\":\"hr\"},{\"@type\":\"Person\",\"@id\":\"https:\/\/www.vegaintro-projekti.com\/pilar-stari\/#\/schema\/person\/ddd404c9f1e15e4ffef5986ac6a5d28b\",\"name\":\"Boris\",\"image\":{\"@type\":\"ImageObject\",\"inLanguage\":\"hr\",\"@id\":\"https:\/\/www.vegaintro-projekti.com\/pilar-stari\/#\/schema\/person\/image\/\",\"url\":\"https:\/\/secure.gravatar.com\/avatar\/29557b161a6ce6ab86ac1503164f1e90?s=96&d=mm&r=g\",\"contentUrl\":\"https:\/\/secure.gravatar.com\/avatar\/29557b161a6ce6ab86ac1503164f1e90?s=96&d=mm&r=g\",\"caption\":\"Boris\"},\"url\":\"https:\/\/www.vegaintro-projekti.com\/pilar-stari\/author\/boris\/\"}]}<\/script>\n<!-- \/ Yoast SEO plugin. -->","yoast_head_json":{"title":"Dr. sc. Ivan Marke\u0161i\u0107 izabran u \u010dlanstvo Akademije nauka i umjetnosti Bosne i Hercegovine - Institut dru&scaron;tvenih znanosti Ivo Pilar","robots":{"index":"noindex","follow":"follow","max-snippet":"max-snippet:-1","max-image-preview":"max-image-preview:large","max-video-preview":"max-video-preview:-1"},"og_locale":"hr_HR","og_type":"article","og_title":"Dr. sc. Ivan Marke\u0161i\u0107 izabran u \u010dlanstvo Akademije nauka i umjetnosti Bosne i Hercegovine - Institut dru&scaron;tvenih znanosti Ivo Pilar","og_description":"Na izbornoj Skup\u0161tini Akademije nauka i umjetnosti Bosne i Hercegovine 20. prosinca 2018. dr. sc. Ivan Marke\u0161i\u0107, znanstveni savjetnik u trajnom zvanju Instituta dru\u0161tvenih znanosti Ivo Pilar, izabran je za doma\u0107eg \u010dlana radi njegova &#8220;izuzetnog doprinosa razvoju nauke i posebnog doprinosa prosperitetu Bosne i Hercegovine&#8221;. \u2212 Obavijest o izboru \u2212 Obavijest o izboru dr. sc.&hellip; Pro\u010ditaj vi\u0161e o Dr. sc. Ivan Marke\u0161i\u0107 izabran u \u010dlanstvo Akademije nauka i umjetnosti Bosne i Hercegovine","og_url":"https:\/\/www.vegaintro-projekti.com\/pilar-stari\/2019\/04\/dr-sc-ivan-markesic-izabran-u-clanstvo-akademije-nauka-i-umjetnosti-bosne-i-hercegovine\/","og_site_name":"Institut dru&scaron;tvenih znanosti Ivo Pilar","article_published_time":"2019-04-15T12:30:03+00:00","article_modified_time":"2019-04-15T12:34:19+00:00","og_image":[{"width":780,"height":505,"url":"https:\/\/www.vegaintro-projekti.com\/pilar-stari\/wp-content\/uploads\/2019\/04\/Ivan-Marke\u0161i\u0107_s.jpg","type":"image\/jpeg"}],"author":"Boris","twitter_card":"summary_large_image","twitter_misc":{"Napisao\/la":"Boris"},"schema":{"@context":"https:\/\/schema.org","@graph":[{"@type":"WebPage","@id":"https:\/\/www.vegaintro-projekti.com\/pilar-stari\/2019\/04\/dr-sc-ivan-markesic-izabran-u-clanstvo-akademije-nauka-i-umjetnosti-bosne-i-hercegovine\/","url":"https:\/\/www.vegaintro-projekti.com\/pilar-stari\/2019\/04\/dr-sc-ivan-markesic-izabran-u-clanstvo-akademije-nauka-i-umjetnosti-bosne-i-hercegovine\/","name":"Dr. sc. Ivan Marke\u0161i\u0107 izabran u \u010dlanstvo Akademije nauka i umjetnosti Bosne i Hercegovine - Institut dru&scaron;tvenih znanosti Ivo Pilar","isPartOf":{"@id":"https:\/\/www.vegaintro-projekti.com\/pilar-stari\/#website"},"datePublished":"2019-04-15T12:30:03+00:00","dateModified":"2019-04-15T12:34:19+00:00","author":{"@id":"https:\/\/www.vegaintro-projekti.com\/pilar-stari\/#\/schema\/person\/ddd404c9f1e15e4ffef5986ac6a5d28b"},"breadcrumb":{"@id":"https:\/\/www.vegaintro-projekti.com\/pilar-stari\/2019\/04\/dr-sc-ivan-markesic-izabran-u-clanstvo-akademije-nauka-i-umjetnosti-bosne-i-hercegovine\/#breadcrumb"},"inLanguage":"hr","potentialAction":[{"@type":"ReadAction","target":["https:\/\/www.vegaintro-projekti.com\/pilar-stari\/2019\/04\/dr-sc-ivan-markesic-izabran-u-clanstvo-akademije-nauka-i-umjetnosti-bosne-i-hercegovine\/"]}]},{"@type":"BreadcrumbList","@id":"https:\/\/www.vegaintro-projekti.com\/pilar-stari\/2019\/04\/dr-sc-ivan-markesic-izabran-u-clanstvo-akademije-nauka-i-umjetnosti-bosne-i-hercegovine\/#breadcrumb","itemListElement":[{"@type":"ListItem","position":1,"name":"Home","item":"https:\/\/www.vegaintro-projekti.com\/pilar-stari\/"},{"@type":"ListItem","position":2,"name":"Dr. sc. Ivan Marke\u0161i\u0107 izabran u \u010dlanstvo Akademije nauka i umjetnosti Bosne i Hercegovine"}]},{"@type":"WebSite","@id":"https:\/\/www.vegaintro-projekti.com\/pilar-stari\/#website","url":"https:\/\/www.vegaintro-projekti.com\/pilar-stari\/","name":"Institut dru&scaron;tvenih znanosti Ivo Pilar","description":"Pilar","potentialAction":[{"@type":"SearchAction","target":{"@type":"EntryPoint","urlTemplate":"https:\/\/www.vegaintro-projekti.com\/pilar-stari\/?s={search_term_string}"},"query-input":"required name=search_term_string"}],"inLanguage":"hr"},{"@type":"Person","@id":"https:\/\/www.vegaintro-projekti.com\/pilar-stari\/#\/schema\/person\/ddd404c9f1e15e4ffef5986ac6a5d28b","name":"Boris","image":{"@type":"ImageObject","inLanguage":"hr","@id":"https:\/\/www.vegaintro-projekti.com\/pilar-stari\/#\/schema\/person\/image\/","url":"https:\/\/secure.gravatar.com\/avatar\/29557b161a6ce6ab86ac1503164f1e90?s=96&d=mm&r=g","contentUrl":"https:\/\/secure.gravatar.com\/avatar\/29557b161a6ce6ab86ac1503164f1e90?s=96&d=mm&r=g","caption":"Boris"},"url":"https:\/\/www.vegaintro-projekti.com\/pilar-stari\/author\/boris\/"}]}},"_links":{"self":[{"href":"https:\/\/www.vegaintro-projekti.com\/pilar-stari\/wp-json\/wp\/v2\/posts\/12470"}],"collection":[{"href":"https:\/\/www.vegaintro-projekti.com\/pilar-stari\/wp-json\/wp\/v2\/posts"}],"about":[{"href":"https:\/\/www.vegaintro-projekti.com\/pilar-stari\/wp-json\/wp\/v2\/types\/post"}],"author":[{"embeddable":true,"href":"https:\/\/www.vegaintro-projekti.com\/pilar-stari\/wp-json\/wp\/v2\/users\/7"}],"replies":[{"embeddable":true,"href":"https:\/\/www.vegaintro-projekti.com\/pilar-stari\/wp-json\/wp\/v2\/comments?post=12470"}],"version-history":[{"count":3,"href":"https:\/\/www.vegaintro-projekti.com\/pilar-stari\/wp-json\/wp\/v2\/posts\/12470\/revisions"}],"predecessor-version":[{"id":12474,"href":"https:\/\/www.vegaintro-projekti.com\/pilar-stari\/wp-json\/wp\/v2\/posts\/12470\/revisions\/12474"}],"wp:featuredmedia":[{"embeddable":true,"href":"https:\/\/www.vegaintro-projekti.com\/pilar-stari\/wp-json\/wp\/v2\/media\/12468"}],"wp:attachment":[{"href":"https:\/\/www.vegaintro-projekti.com\/pilar-stari\/wp-json\/wp\/v2\/media?parent=12470"}],"wp:term":[{"taxonomy":"category","embeddable":true,"href":"https:\/\/www.vegaintro-projekti.com\/pilar-stari\/wp-json\/wp\/v2\/categories?post=12470"},{"taxonomy":"post_tag","embeddable":true,"href":"https:\/\/www.vegaintro-projekti.com\/pilar-stari\/wp-json\/wp\/v2\/tags?post=12470"}],"curies":[{"name":"wp","href":"https:\/\/api.w.org\/{rel}","templated":true}]}}