{"id":12614,"date":"2019-04-26T11:04:59","date_gmt":"2019-04-26T11:04:59","guid":{"rendered":"https:\/\/www.vegaintro-projekti.com\/pilar-stari\/?p=12614"},"modified":"2019-04-26T11:04:59","modified_gmt":"2019-04-26T11:04:59","slug":"dr-sc-lynette-sikic-micanovic-na-sief-kongresu-track-changes-reflecting-on-a-transforming-world-u-spanjolskoj-14-17-4-2019","status":"publish","type":"post","link":"https:\/\/www.vegaintro-projekti.com\/pilar-stari\/2019\/04\/dr-sc-lynette-sikic-micanovic-na-sief-kongresu-track-changes-reflecting-on-a-transforming-world-u-spanjolskoj-14-17-4-2019\/","title":{"rendered":"Dr. sc. Lynette \u0160iki\u0107 Mi\u0107anovi\u0107 na SIEF kongresu Track Changes: Reflecting on a Transforming World u \u0160panjolskoj, 14. \u2013 17. 4. 2019."},"content":{"rendered":"<p><strong>U okviru 14. me\u0111unarodnog kongresa SIEF Track Changes: Reflecting on a Transforming World, odr\u017eanog u Santiago de Compostela, \u0160panjolska, u razdoblju od 14. do 17. travnja 2019., dr. sc. Lynette \u0160iki\u0107 Mi\u0107anovi\u0107 imala je izlaganje u panelu Life03: Practising time &#8211; temporalities of everyday life. Njezina prezentacija \u201ePractising leisure time in Croatia: gendered temporalities of everyday life\u201c, zasniva se na obradi kvalitativnih podataka prikupljenih u sklopu projekta GENMOD (Relacijski rodni odnosi u Hrvatskoj: modernizacijske i razvojne perspektive, HRZZ-IP-2016-06-6010). Tako\u0111er je u okviru SIEF2019 Mentorship Programme sudjelovala kao mentor za istra\u017eiva\u010de koji su u ranoj fazi svojih znanstvenih usavr\u0161avanja.<\/strong> \u2212 <a href=\"https:\/\/www.siefhome.org\/congresses\/sief2019\/index.shtml\">O kongresu<\/a> | <a href=\"https:\/\/www.siefhome.org\/downloads\/congresses\/sief2019\/sief2019_programme.pdf\">Program kongresa<\/a><\/p>\n<p><a href=\"https:\/\/www.siefhome.org\/congresses\/sief2019\/index.shtml\"><img decoding=\"async\" loading=\"lazy\" class=\"alignnone wp-image-12611 size-full\" src=\"https:\/\/www.vegaintro-projekti.com\/pilar-stari\/wp-content\/uploads\/2019\/04\/sief_1_s.jpg\" alt=\"\" width=\"310\" height=\"241\" srcset=\"https:\/\/www.vegaintro-projekti.com\/pilar-stari\/wp-content\/uploads\/2019\/04\/sief_1_s.jpg 310w, https:\/\/www.vegaintro-projekti.com\/pilar-stari\/wp-content\/uploads\/2019\/04\/sief_1_s-300x233.jpg 300w\" sizes=\"(max-width: 310px) 100vw, 310px\" \/><\/a><a href=\"https:\/\/www.siefhome.org\/congresses\/sief2019\/index.shtml\"><img decoding=\"async\" loading=\"lazy\" class=\"alignnone wp-image-12613 size-full\" src=\"https:\/\/www.vegaintro-projekti.com\/pilar-stari\/wp-content\/uploads\/2019\/04\/sief_2_s.jpg\" alt=\"\" width=\"310\" height=\"241\" srcset=\"https:\/\/www.vegaintro-projekti.com\/pilar-stari\/wp-content\/uploads\/2019\/04\/sief_2_s.jpg 310w, https:\/\/www.vegaintro-projekti.com\/pilar-stari\/wp-content\/uploads\/2019\/04\/sief_2_s-300x233.jpg 300w\" sizes=\"(max-width: 310px) 100vw, 310px\" \/><\/a><\/p>\n<p>&nbsp;<\/p>\n<p><span style=\"font-size: 14pt;\">Dr. Lynette \u0160iki\u0107 Mi\u0107anovi\u0107 at the 2019 SIEF Congress Track Changes: Reflecting on a Transforming World, 14th &#8211; 17th April in Spain<\/span><\/p>\n<p><em>At the 14th SIEF International Congress Track Changes: Reflecting on a Transforming World held in Santiago de Compostela, Spain from 14th to 17th April 2019, Dr. Lynette \u0160iki\u0107 Mi\u0107anovi\u0107 participated in the panel Life03: Practising time &#8211; temporalities of everyday life. Her presentation entitled &#8220;Practising Leisure Time in Croatia: Gendered Temporalities of Everyday Life&#8221; is based on qualitative data analysis collected for the project GENMOD (&#8220;Relational Gender Relations in Croatia: Modernization and Development Perspectives&#8221;, HRZZ-IP-2016-06 -6010). As part of the SIEF2019 Mentorship Programme, she also participated as a mentor for early-career researchers.<\/em> \u2212 <a href=\"https:\/\/www.siefhome.org\/congresses\/sief2019\/index.shtml\">Congress<\/a> | <a href=\"https:\/\/www.siefhome.org\/downloads\/congresses\/sief2019\/sief2019_programme.pdf\">Programme<\/a><\/p>\n<blockquote><p><a href=\"https:\/\/www.vegaintro-projekti.com\/pilar-stari\/2017\/05\/genmod-relational-gender-identities-in-croatia-modernization-and-development-perspectives\/\">Projekt GENMOD<\/a><\/p><\/blockquote>\n","protected":false},"excerpt":{"rendered":"<p>U okviru 14. me\u0111unarodnog kongresa SIEF Track Changes: Reflecting on a Transforming World, odr\u017eanog u Santiago de Compostela, \u0160panjolska, u razdoblju od 14. do 17. travnja 2019., dr. sc. Lynette \u0160iki\u0107 Mi\u0107anovi\u0107 imala je izlaganje u panelu Life03: Practising time &#8211; temporalities of everyday life. Njezina prezentacija \u201ePractising leisure time in Croatia: gendered temporalities of&hellip; <a class=\"continue\" href=\"https:\/\/www.vegaintro-projekti.com\/pilar-stari\/2019\/04\/dr-sc-lynette-sikic-micanovic-na-sief-kongresu-track-changes-reflecting-on-a-transforming-world-u-spanjolskoj-14-17-4-2019\/\">Pro\u010ditaj vi\u0161e o<span> Dr. sc. Lynette \u0160iki\u0107 Mi\u0107anovi\u0107 na SIEF kongresu Track Changes: Reflecting on a Transforming World u \u0160panjolskoj, 14. \u2013 17. 4. 2019.<\/span><\/a><\/p>\n","protected":false},"author":7,"featured_media":12610,"comment_status":"closed","ping_status":"closed","sticky":false,"template":"","format":"standard","meta":{"inline_featured_image":false,"ngg_post_thumbnail":0,"footnotes":""},"categories":[48,11],"tags":[],"yoast_head":"<!-- This site is optimized with the Yoast SEO plugin v21.2 - https:\/\/yoast.com\/wordpress\/plugins\/seo\/ -->\n<title>Dr. sc. Lynette \u0160iki\u0107 Mi\u0107anovi\u0107 na SIEF kongresu Track Changes: Reflecting on a Transforming World u \u0160panjolskoj, 14. \u2013 17. 4. 2019. - Institut dru&scaron;tvenih znanosti Ivo Pilar<\/title>\n<meta name=\"robots\" content=\"noindex, follow, max-snippet:-1, max-image-preview:large, max-video-preview:-1\" \/>\n<meta property=\"og:locale\" content=\"hr_HR\" \/>\n<meta property=\"og:type\" content=\"article\" \/>\n<meta property=\"og:title\" content=\"Dr. sc. Lynette \u0160iki\u0107 Mi\u0107anovi\u0107 na SIEF kongresu Track Changes: Reflecting on a Transforming World u \u0160panjolskoj, 14. \u2013 17. 4. 2019. - Institut dru&scaron;tvenih znanosti Ivo Pilar\" \/>\n<meta property=\"og:description\" content=\"U okviru 14. me\u0111unarodnog kongresa SIEF Track Changes: Reflecting on a Transforming World, odr\u017eanog u Santiago de Compostela, \u0160panjolska, u razdoblju od 14. do 17. travnja 2019., dr. sc. Lynette \u0160iki\u0107 Mi\u0107anovi\u0107 imala je izlaganje u panelu Life03: Practising time &#8211; temporalities of everyday life. Njezina prezentacija \u201ePractising leisure time in Croatia: gendered temporalities of&hellip; Pro\u010ditaj vi\u0161e o Dr. sc. Lynette \u0160iki\u0107 Mi\u0107anovi\u0107 na SIEF kongresu Track Changes: Reflecting on a Transforming World u \u0160panjolskoj, 14. \u2013 17. 4. 2019.\" \/>\n<meta property=\"og:url\" content=\"https:\/\/www.vegaintro-projekti.com\/pilar-stari\/2019\/04\/dr-sc-lynette-sikic-micanovic-na-sief-kongresu-track-changes-reflecting-on-a-transforming-world-u-spanjolskoj-14-17-4-2019\/\" \/>\n<meta property=\"og:site_name\" content=\"Institut dru&scaron;tvenih znanosti Ivo Pilar\" \/>\n<meta property=\"article:published_time\" content=\"2019-04-26T11:04:59+00:00\" \/>\n<meta property=\"og:image\" content=\"https:\/\/www.vegaintro-projekti.com\/pilar-stari\/wp-content\/uploads\/2019\/04\/sief_1_fi.jpg\" \/>\n\t<meta property=\"og:image:width\" content=\"685\" \/>\n\t<meta property=\"og:image:height\" content=\"539\" \/>\n\t<meta property=\"og:image:type\" content=\"image\/jpeg\" \/>\n<meta name=\"author\" content=\"Boris\" \/>\n<meta name=\"twitter:card\" content=\"summary_large_image\" \/>\n<meta name=\"twitter:label1\" content=\"Napisao\/la\" \/>\n\t<meta name=\"twitter:data1\" content=\"Boris\" \/>\n\t<meta name=\"twitter:label2\" content=\"Procijenjeno vrijeme \u010ditanja\" \/>\n\t<meta name=\"twitter:data2\" content=\"1 minuta\" \/>\n<script type=\"application\/ld+json\" class=\"yoast-schema-graph\">{\"@context\":\"https:\/\/schema.org\",\"@graph\":[{\"@type\":\"WebPage\",\"@id\":\"https:\/\/www.vegaintro-projekti.com\/pilar-stari\/2019\/04\/dr-sc-lynette-sikic-micanovic-na-sief-kongresu-track-changes-reflecting-on-a-transforming-world-u-spanjolskoj-14-17-4-2019\/\",\"url\":\"https:\/\/www.vegaintro-projekti.com\/pilar-stari\/2019\/04\/dr-sc-lynette-sikic-micanovic-na-sief-kongresu-track-changes-reflecting-on-a-transforming-world-u-spanjolskoj-14-17-4-2019\/\",\"name\":\"Dr. sc. Lynette \u0160iki\u0107 Mi\u0107anovi\u0107 na SIEF kongresu Track Changes: Reflecting on a Transforming World u \u0160panjolskoj, 14. \u2013 17. 4. 2019. - Institut dru&scaron;tvenih znanosti Ivo Pilar\",\"isPartOf\":{\"@id\":\"https:\/\/www.vegaintro-projekti.com\/pilar-stari\/#website\"},\"datePublished\":\"2019-04-26T11:04:59+00:00\",\"dateModified\":\"2019-04-26T11:04:59+00:00\",\"author\":{\"@id\":\"https:\/\/www.vegaintro-projekti.com\/pilar-stari\/#\/schema\/person\/ddd404c9f1e15e4ffef5986ac6a5d28b\"},\"breadcrumb\":{\"@id\":\"https:\/\/www.vegaintro-projekti.com\/pilar-stari\/2019\/04\/dr-sc-lynette-sikic-micanovic-na-sief-kongresu-track-changes-reflecting-on-a-transforming-world-u-spanjolskoj-14-17-4-2019\/#breadcrumb\"},\"inLanguage\":\"hr\",\"potentialAction\":[{\"@type\":\"ReadAction\",\"target\":[\"https:\/\/www.vegaintro-projekti.com\/pilar-stari\/2019\/04\/dr-sc-lynette-sikic-micanovic-na-sief-kongresu-track-changes-reflecting-on-a-transforming-world-u-spanjolskoj-14-17-4-2019\/\"]}]},{\"@type\":\"BreadcrumbList\",\"@id\":\"https:\/\/www.vegaintro-projekti.com\/pilar-stari\/2019\/04\/dr-sc-lynette-sikic-micanovic-na-sief-kongresu-track-changes-reflecting-on-a-transforming-world-u-spanjolskoj-14-17-4-2019\/#breadcrumb\",\"itemListElement\":[{\"@type\":\"ListItem\",\"position\":1,\"name\":\"Home\",\"item\":\"https:\/\/www.vegaintro-projekti.com\/pilar-stari\/\"},{\"@type\":\"ListItem\",\"position\":2,\"name\":\"Dr. sc. Lynette \u0160iki\u0107 Mi\u0107anovi\u0107 na SIEF kongresu Track Changes: Reflecting on a Transforming World u \u0160panjolskoj, 14. \u2013 17. 4. 2019.\"}]},{\"@type\":\"WebSite\",\"@id\":\"https:\/\/www.vegaintro-projekti.com\/pilar-stari\/#website\",\"url\":\"https:\/\/www.vegaintro-projekti.com\/pilar-stari\/\",\"name\":\"Institut dru&scaron;tvenih znanosti Ivo Pilar\",\"description\":\"Pilar\",\"potentialAction\":[{\"@type\":\"SearchAction\",\"target\":{\"@type\":\"EntryPoint\",\"urlTemplate\":\"https:\/\/www.vegaintro-projekti.com\/pilar-stari\/?s={search_term_string}\"},\"query-input\":\"required name=search_term_string\"}],\"inLanguage\":\"hr\"},{\"@type\":\"Person\",\"@id\":\"https:\/\/www.vegaintro-projekti.com\/pilar-stari\/#\/schema\/person\/ddd404c9f1e15e4ffef5986ac6a5d28b\",\"name\":\"Boris\",\"image\":{\"@type\":\"ImageObject\",\"inLanguage\":\"hr\",\"@id\":\"https:\/\/www.vegaintro-projekti.com\/pilar-stari\/#\/schema\/person\/image\/\",\"url\":\"https:\/\/secure.gravatar.com\/avatar\/29557b161a6ce6ab86ac1503164f1e90?s=96&d=mm&r=g\",\"contentUrl\":\"https:\/\/secure.gravatar.com\/avatar\/29557b161a6ce6ab86ac1503164f1e90?s=96&d=mm&r=g\",\"caption\":\"Boris\"},\"url\":\"https:\/\/www.vegaintro-projekti.com\/pilar-stari\/author\/boris\/\"}]}<\/script>\n<!-- \/ Yoast SEO plugin. -->","yoast_head_json":{"title":"Dr. sc. Lynette \u0160iki\u0107 Mi\u0107anovi\u0107 na SIEF kongresu Track Changes: Reflecting on a Transforming World u \u0160panjolskoj, 14. \u2013 17. 4. 2019. - Institut dru&scaron;tvenih znanosti Ivo Pilar","robots":{"index":"noindex","follow":"follow","max-snippet":"max-snippet:-1","max-image-preview":"max-image-preview:large","max-video-preview":"max-video-preview:-1"},"og_locale":"hr_HR","og_type":"article","og_title":"Dr. sc. Lynette \u0160iki\u0107 Mi\u0107anovi\u0107 na SIEF kongresu Track Changes: Reflecting on a Transforming World u \u0160panjolskoj, 14. \u2013 17. 4. 2019. - Institut dru&scaron;tvenih znanosti Ivo Pilar","og_description":"U okviru 14. me\u0111unarodnog kongresa SIEF Track Changes: Reflecting on a Transforming World, odr\u017eanog u Santiago de Compostela, \u0160panjolska, u razdoblju od 14. do 17. travnja 2019., dr. sc. Lynette \u0160iki\u0107 Mi\u0107anovi\u0107 imala je izlaganje u panelu Life03: Practising time &#8211; temporalities of everyday life. Njezina prezentacija \u201ePractising leisure time in Croatia: gendered temporalities of&hellip; Pro\u010ditaj vi\u0161e o Dr. sc. Lynette \u0160iki\u0107 Mi\u0107anovi\u0107 na SIEF kongresu Track Changes: Reflecting on a Transforming World u \u0160panjolskoj, 14. \u2013 17. 4. 2019.","og_url":"https:\/\/www.vegaintro-projekti.com\/pilar-stari\/2019\/04\/dr-sc-lynette-sikic-micanovic-na-sief-kongresu-track-changes-reflecting-on-a-transforming-world-u-spanjolskoj-14-17-4-2019\/","og_site_name":"Institut dru&scaron;tvenih znanosti Ivo Pilar","article_published_time":"2019-04-26T11:04:59+00:00","og_image":[{"width":685,"height":539,"url":"https:\/\/www.vegaintro-projekti.com\/pilar-stari\/wp-content\/uploads\/2019\/04\/sief_1_fi.jpg","type":"image\/jpeg"}],"author":"Boris","twitter_card":"summary_large_image","twitter_misc":{"Napisao\/la":"Boris","Procijenjeno vrijeme \u010ditanja":"1 minuta"},"schema":{"@context":"https:\/\/schema.org","@graph":[{"@type":"WebPage","@id":"https:\/\/www.vegaintro-projekti.com\/pilar-stari\/2019\/04\/dr-sc-lynette-sikic-micanovic-na-sief-kongresu-track-changes-reflecting-on-a-transforming-world-u-spanjolskoj-14-17-4-2019\/","url":"https:\/\/www.vegaintro-projekti.com\/pilar-stari\/2019\/04\/dr-sc-lynette-sikic-micanovic-na-sief-kongresu-track-changes-reflecting-on-a-transforming-world-u-spanjolskoj-14-17-4-2019\/","name":"Dr. sc. Lynette \u0160iki\u0107 Mi\u0107anovi\u0107 na SIEF kongresu Track Changes: Reflecting on a Transforming World u \u0160panjolskoj, 14. \u2013 17. 4. 2019. - Institut dru&scaron;tvenih znanosti Ivo Pilar","isPartOf":{"@id":"https:\/\/www.vegaintro-projekti.com\/pilar-stari\/#website"},"datePublished":"2019-04-26T11:04:59+00:00","dateModified":"2019-04-26T11:04:59+00:00","author":{"@id":"https:\/\/www.vegaintro-projekti.com\/pilar-stari\/#\/schema\/person\/ddd404c9f1e15e4ffef5986ac6a5d28b"},"breadcrumb":{"@id":"https:\/\/www.vegaintro-projekti.com\/pilar-stari\/2019\/04\/dr-sc-lynette-sikic-micanovic-na-sief-kongresu-track-changes-reflecting-on-a-transforming-world-u-spanjolskoj-14-17-4-2019\/#breadcrumb"},"inLanguage":"hr","potentialAction":[{"@type":"ReadAction","target":["https:\/\/www.vegaintro-projekti.com\/pilar-stari\/2019\/04\/dr-sc-lynette-sikic-micanovic-na-sief-kongresu-track-changes-reflecting-on-a-transforming-world-u-spanjolskoj-14-17-4-2019\/"]}]},{"@type":"BreadcrumbList","@id":"https:\/\/www.vegaintro-projekti.com\/pilar-stari\/2019\/04\/dr-sc-lynette-sikic-micanovic-na-sief-kongresu-track-changes-reflecting-on-a-transforming-world-u-spanjolskoj-14-17-4-2019\/#breadcrumb","itemListElement":[{"@type":"ListItem","position":1,"name":"Home","item":"https:\/\/www.vegaintro-projekti.com\/pilar-stari\/"},{"@type":"ListItem","position":2,"name":"Dr. sc. Lynette \u0160iki\u0107 Mi\u0107anovi\u0107 na SIEF kongresu Track Changes: Reflecting on a Transforming World u \u0160panjolskoj, 14. \u2013 17. 4. 2019."}]},{"@type":"WebSite","@id":"https:\/\/www.vegaintro-projekti.com\/pilar-stari\/#website","url":"https:\/\/www.vegaintro-projekti.com\/pilar-stari\/","name":"Institut dru&scaron;tvenih znanosti Ivo Pilar","description":"Pilar","potentialAction":[{"@type":"SearchAction","target":{"@type":"EntryPoint","urlTemplate":"https:\/\/www.vegaintro-projekti.com\/pilar-stari\/?s={search_term_string}"},"query-input":"required name=search_term_string"}],"inLanguage":"hr"},{"@type":"Person","@id":"https:\/\/www.vegaintro-projekti.com\/pilar-stari\/#\/schema\/person\/ddd404c9f1e15e4ffef5986ac6a5d28b","name":"Boris","image":{"@type":"ImageObject","inLanguage":"hr","@id":"https:\/\/www.vegaintro-projekti.com\/pilar-stari\/#\/schema\/person\/image\/","url":"https:\/\/secure.gravatar.com\/avatar\/29557b161a6ce6ab86ac1503164f1e90?s=96&d=mm&r=g","contentUrl":"https:\/\/secure.gravatar.com\/avatar\/29557b161a6ce6ab86ac1503164f1e90?s=96&d=mm&r=g","caption":"Boris"},"url":"https:\/\/www.vegaintro-projekti.com\/pilar-stari\/author\/boris\/"}]}},"_links":{"self":[{"href":"https:\/\/www.vegaintro-projekti.com\/pilar-stari\/wp-json\/wp\/v2\/posts\/12614"}],"collection":[{"href":"https:\/\/www.vegaintro-projekti.com\/pilar-stari\/wp-json\/wp\/v2\/posts"}],"about":[{"href":"https:\/\/www.vegaintro-projekti.com\/pilar-stari\/wp-json\/wp\/v2\/types\/post"}],"author":[{"embeddable":true,"href":"https:\/\/www.vegaintro-projekti.com\/pilar-stari\/wp-json\/wp\/v2\/users\/7"}],"replies":[{"embeddable":true,"href":"https:\/\/www.vegaintro-projekti.com\/pilar-stari\/wp-json\/wp\/v2\/comments?post=12614"}],"version-history":[{"count":1,"href":"https:\/\/www.vegaintro-projekti.com\/pilar-stari\/wp-json\/wp\/v2\/posts\/12614\/revisions"}],"predecessor-version":[{"id":12615,"href":"https:\/\/www.vegaintro-projekti.com\/pilar-stari\/wp-json\/wp\/v2\/posts\/12614\/revisions\/12615"}],"wp:featuredmedia":[{"embeddable":true,"href":"https:\/\/www.vegaintro-projekti.com\/pilar-stari\/wp-json\/wp\/v2\/media\/12610"}],"wp:attachment":[{"href":"https:\/\/www.vegaintro-projekti.com\/pilar-stari\/wp-json\/wp\/v2\/media?parent=12614"}],"wp:term":[{"taxonomy":"category","embeddable":true,"href":"https:\/\/www.vegaintro-projekti.com\/pilar-stari\/wp-json\/wp\/v2\/categories?post=12614"},{"taxonomy":"post_tag","embeddable":true,"href":"https:\/\/www.vegaintro-projekti.com\/pilar-stari\/wp-json\/wp\/v2\/tags?post=12614"}],"curies":[{"name":"wp","href":"https:\/\/api.w.org\/{rel}","templated":true}]}}