{"id":12649,"date":"2019-05-01T09:12:13","date_gmt":"2019-05-01T09:12:13","guid":{"rendered":"https:\/\/www.vegaintro-projekti.com\/pilar-stari\/?p=12649"},"modified":"2019-05-08T12:16:43","modified_gmt":"2019-05-08T12:16:43","slug":"kolokvij-franjevacki-muzej-vukovar-povijest-kultura-i-identitet-vukovara-kroz-stoljeca-7-5-2019","status":"publish","type":"post","link":"https:\/\/www.vegaintro-projekti.com\/pilar-stari\/2019\/05\/kolokvij-franjevacki-muzej-vukovar-povijest-kultura-i-identitet-vukovara-kroz-stoljeca-7-5-2019\/","title":{"rendered":"Kolokvij: Franjeva\u010dki muzej Vukovar: povijest, kultura i identitet Vukovara kroz stolje\u0107a, 7. 5. 2019."},"content":{"rendered":"<p><strong>U okviru obilje\u017eavanja Dana grada Vukovara i njegovih nebeskih za\u0161titnika sv. Filipa i Jakova apostola &#8211; 3. svibnja 2019. godine, u sklopu kompleksa Franjeva\u010dkog samostana u Vukovaru sve\u010dano je otvoren Franjeva\u010dki muzej. Tim je povodom 7. svibnja 2019. godine, u organizaciji Franjeva\u010dkog samostana Vukovar, Gradskoga muzeja Vukovar i Podru\u010dnoga centra Instituta Pilar u Vukovaru, u novootvorenom Muzeju odr\u017ean znanstveni kolokvij pod nazivom &#8220;Franjeva\u010dki muzej Vukovar: povijest, kultura i identitet Vukovara kroz stolje\u0107a&#8221; <\/strong><\/p>\n<p><a href=\"https:\/\/www.vegaintro-projekti.com\/pilar-stari\/wp-content\/uploads\/2019\/05\/2.jpg\"><img decoding=\"async\" loading=\"lazy\" class=\"alignnone wp-image-12729 size-full\" src=\"https:\/\/www.vegaintro-projekti.com\/pilar-stari\/wp-content\/uploads\/2019\/05\/2_s.jpg\" alt=\"\" width=\"620\" height=\"349\" srcset=\"https:\/\/www.vegaintro-projekti.com\/pilar-stari\/wp-content\/uploads\/2019\/05\/2_s.jpg 620w, https:\/\/www.vegaintro-projekti.com\/pilar-stari\/wp-content\/uploads\/2019\/05\/2_s-300x169.jpg 300w\" sizes=\"(max-width: 620px) 100vw, 620px\" \/><\/a><a href=\"https:\/\/www.vegaintro-projekti.com\/pilar-stari\/wp-content\/uploads\/2019\/05\/3.jpg\"><img decoding=\"async\" loading=\"lazy\" class=\"alignnone wp-image-12731 size-full\" src=\"https:\/\/www.vegaintro-projekti.com\/pilar-stari\/wp-content\/uploads\/2019\/05\/3_s.jpg\" alt=\"\" width=\"310\" height=\"174\" srcset=\"https:\/\/www.vegaintro-projekti.com\/pilar-stari\/wp-content\/uploads\/2019\/05\/3_s.jpg 310w, https:\/\/www.vegaintro-projekti.com\/pilar-stari\/wp-content\/uploads\/2019\/05\/3_s-300x168.jpg 300w\" sizes=\"(max-width: 310px) 100vw, 310px\" \/><\/a><a href=\"https:\/\/www.vegaintro-projekti.com\/pilar-stari\/wp-content\/uploads\/2019\/05\/1.jpg\"><img decoding=\"async\" loading=\"lazy\" class=\"alignnone wp-image-12727 size-full\" src=\"https:\/\/www.vegaintro-projekti.com\/pilar-stari\/wp-content\/uploads\/2019\/05\/1_s.jpg\" alt=\"\" width=\"310\" height=\"174\" srcset=\"https:\/\/www.vegaintro-projekti.com\/pilar-stari\/wp-content\/uploads\/2019\/05\/1_s.jpg 310w, https:\/\/www.vegaintro-projekti.com\/pilar-stari\/wp-content\/uploads\/2019\/05\/1_s-300x168.jpg 300w\" sizes=\"(max-width: 310px) 100vw, 310px\" \/><\/a><a href=\"https:\/\/www.vegaintro-projekti.com\/pilar-stari\/wp-content\/uploads\/2019\/05\/0.jpg\"><img decoding=\"async\" loading=\"lazy\" class=\"alignnone wp-image-12725 size-full\" src=\"https:\/\/www.vegaintro-projekti.com\/pilar-stari\/wp-content\/uploads\/2019\/05\/0_s.jpg\" alt=\"\" width=\"620\" height=\"349\" srcset=\"https:\/\/www.vegaintro-projekti.com\/pilar-stari\/wp-content\/uploads\/2019\/05\/0_s.jpg 620w, https:\/\/www.vegaintro-projekti.com\/pilar-stari\/wp-content\/uploads\/2019\/05\/0_s-300x169.jpg 300w\" sizes=\"(max-width: 620px) 100vw, 620px\" \/><\/a><\/p>\n<p><span style=\"font-size: 8pt;\"><strong>Znanstveni kolokvij: Franjeva\u010dki muzej Vukovar: povijest, kultura i identitet Vukovara kroz stolje\u0107a; Vukovar, 7. svibnja 2019.<\/strong><\/span><\/p>\n<p>Uvodno su na znanstvenom kolokviju brojne nazo\u010dne, me\u0111u kojima su bili dekan Veleu\u010dili\u0161ta Lavoslav Ru\u017ei\u010dka u Vukovaru dr. sc. \u017deljko Sudari\u0107, pro\u010delnica Konzervatorskoga odjela Ministarstva kulture u Vukovaru Zdenka Predrijevac, ravnatelj Dr\u017eavnog arhiva u Vukovaru Petar Elez i Dr\u017eavnog arhiva u Osijeku dr. sc. Dra\u017een Ku\u0161an, upraviteljica Zavoda za znanstvenoistra\u017eiva\u010dki i umjetni\u010dki rad HAZU u Vukovaru dr. sc. Vlasta Novinc, prior cistercitskog samostana u Bregenzu (Austrija) fr. Henrik Ivan Damjanovi\u0107 i dr., pozdravili vukovarski gvardijan fra Ivica Jagodi\u0107 i voditelj Podru\u010dnoga centra Instituta Pilar u Vukovaru dr. sc. Dra\u017een \u017divi\u0107. Nakon pozdravnih rije\u010di svoja su usmena priop\u0107enja prezentirali Ru\u017eica Mari\u0107, ravnateljica Gradskoga muzeja Vukovar te znanstvenici Instituta Pilar dr. sc. Dra\u017een \u017divi\u0107, dr. sc. Vine Mihaljevi\u0107 i dr. sc. Mateo \u017dani\u0107. Nakon pojedina\u010dnih izlaganja uslijedila je zanimljiva rasprava. Zahvaljuju\u0107i svima na doprinosu u organizaciji znanstvenoga kolokvija fra Ivica Jagodi\u0107 za sljede\u0107u je godinu najavio pripremu ve\u0107eg znanstvenoga skupa koji bi akademskoj i \u0161iroj javnosti trebao jo\u0161 vi\u0161e pribli\u017eiti vrijednost onoga \u0161to se u postavu Muzeja nalazi &#8211; od liturgijskih knjiga, posu\u0111a i misnica, preko slika starih majstora i oltarnih slika, pa sve vrijednog knji\u017enoga blaga koji se nakon restauracije, digitalizacije i katalogizacije sada nalazi u dojmljivoj samostanskoj knji\u017enici u okviru Muzeja.<\/p>\n<p>\u2212 <a href=\"https:\/\/www.vegaintro-projekti.com\/pilar-stari\/wp-content\/uploads\/2019\/05\/kolokvij_franj_muz.jpg\">Pozivnica za znanstveni kolokvij Franjeva\u010dki muzej Vukovar: povijest, kultura i identitet Vukovara kroz stolje\u0107a; Vukovar, 7. svibnja 2019.<\/a><\/p>\n<p><a href=\"https:\/\/www.vegaintro-projekti.com\/pilar-stari\/wp-content\/uploads\/2019\/05\/kolokvij_franj_muz.jpg\"><img decoding=\"async\" loading=\"lazy\" class=\"alignnone wp-image-12648 size-full\" src=\"https:\/\/www.vegaintro-projekti.com\/pilar-stari\/wp-content\/uploads\/2019\/05\/kolokvij_s.jpg\" alt=\"\" width=\"620\" height=\"879\" srcset=\"https:\/\/www.vegaintro-projekti.com\/pilar-stari\/wp-content\/uploads\/2019\/05\/kolokvij_s.jpg 620w, https:\/\/www.vegaintro-projekti.com\/pilar-stari\/wp-content\/uploads\/2019\/05\/kolokvij_s-212x300.jpg 212w\" sizes=\"(max-width: 620px) 100vw, 620px\" \/><\/a><\/p>\n<blockquote><p><a href=\"https:\/\/www.vegaintro-projekti.com\/pilar-stari\/2018\/04\/podruni-centar-vukovar-2\/\">Podru\u010dni centar Vukovar<\/a><\/p><\/blockquote>\n","protected":false},"excerpt":{"rendered":"<p>U okviru obilje\u017eavanja Dana grada Vukovara i njegovih nebeskih za\u0161titnika sv. Filipa i Jakova apostola &#8211; 3. svibnja 2019. godine, u sklopu kompleksa Franjeva\u010dkog samostana u Vukovaru sve\u010dano je otvoren Franjeva\u010dki muzej. Tim je povodom 7. svibnja 2019. godine, u organizaciji Franjeva\u010dkog samostana Vukovar, Gradskoga muzeja Vukovar i Podru\u010dnoga centra Instituta Pilar u Vukovaru, u&hellip; <a class=\"continue\" href=\"https:\/\/www.vegaintro-projekti.com\/pilar-stari\/2019\/05\/kolokvij-franjevacki-muzej-vukovar-povijest-kultura-i-identitet-vukovara-kroz-stoljeca-7-5-2019\/\">Pro\u010ditaj vi\u0161e o<span> Kolokvij: Franjeva\u010dki muzej Vukovar: povijest, kultura i identitet Vukovara kroz stolje\u0107a, 7. 5. 2019.<\/span><\/a><\/p>\n","protected":false},"author":7,"featured_media":12724,"comment_status":"closed","ping_status":"closed","sticky":false,"template":"","format":"standard","meta":{"inline_featured_image":false,"ngg_post_thumbnail":0,"footnotes":""},"categories":[48,11],"tags":[],"yoast_head":"<!-- This site is optimized with the Yoast SEO plugin v21.2 - https:\/\/yoast.com\/wordpress\/plugins\/seo\/ -->\n<title>Kolokvij: Franjeva\u010dki muzej Vukovar: povijest, kultura i identitet Vukovara kroz stolje\u0107a, 7. 5. 2019. - Institut dru&scaron;tvenih znanosti Ivo Pilar<\/title>\n<meta name=\"robots\" content=\"noindex, follow, max-snippet:-1, max-image-preview:large, max-video-preview:-1\" \/>\n<meta property=\"og:locale\" content=\"hr_HR\" \/>\n<meta property=\"og:type\" content=\"article\" \/>\n<meta property=\"og:title\" content=\"Kolokvij: Franjeva\u010dki muzej Vukovar: povijest, kultura i identitet Vukovara kroz stolje\u0107a, 7. 5. 2019. - Institut dru&scaron;tvenih znanosti Ivo Pilar\" \/>\n<meta property=\"og:description\" content=\"U okviru obilje\u017eavanja Dana grada Vukovara i njegovih nebeskih za\u0161titnika sv. Filipa i Jakova apostola &#8211; 3. svibnja 2019. godine, u sklopu kompleksa Franjeva\u010dkog samostana u Vukovaru sve\u010dano je otvoren Franjeva\u010dki muzej. Tim je povodom 7. svibnja 2019. godine, u organizaciji Franjeva\u010dkog samostana Vukovar, Gradskoga muzeja Vukovar i Podru\u010dnoga centra Instituta Pilar u Vukovaru, u&hellip; Pro\u010ditaj vi\u0161e o Kolokvij: Franjeva\u010dki muzej Vukovar: povijest, kultura i identitet Vukovara kroz stolje\u0107a, 7. 5. 2019.\" \/>\n<meta property=\"og:url\" content=\"https:\/\/www.vegaintro-projekti.com\/pilar-stari\/2019\/05\/kolokvij-franjevacki-muzej-vukovar-povijest-kultura-i-identitet-vukovara-kroz-stoljeca-7-5-2019\/\" \/>\n<meta property=\"og:site_name\" content=\"Institut dru&scaron;tvenih znanosti Ivo Pilar\" \/>\n<meta property=\"article:published_time\" content=\"2019-05-01T09:12:13+00:00\" \/>\n<meta property=\"article:modified_time\" content=\"2019-05-08T12:16:43+00:00\" \/>\n<meta property=\"og:image\" content=\"https:\/\/www.vegaintro-projekti.com\/pilar-stari\/wp-content\/uploads\/2019\/05\/0.jpg\" \/>\n\t<meta property=\"og:image:width\" content=\"1024\" \/>\n\t<meta property=\"og:image:height\" content=\"576\" \/>\n\t<meta property=\"og:image:type\" content=\"image\/jpeg\" \/>\n<meta name=\"author\" content=\"Boris\" \/>\n<meta name=\"twitter:card\" content=\"summary_large_image\" \/>\n<meta name=\"twitter:label1\" content=\"Napisao\/la\" \/>\n\t<meta name=\"twitter:data1\" content=\"Boris\" \/>\n\t<meta name=\"twitter:label2\" content=\"Procijenjeno vrijeme \u010ditanja\" \/>\n\t<meta name=\"twitter:data2\" content=\"2 minute\" \/>\n<script type=\"application\/ld+json\" class=\"yoast-schema-graph\">{\"@context\":\"https:\/\/schema.org\",\"@graph\":[{\"@type\":\"WebPage\",\"@id\":\"https:\/\/www.vegaintro-projekti.com\/pilar-stari\/2019\/05\/kolokvij-franjevacki-muzej-vukovar-povijest-kultura-i-identitet-vukovara-kroz-stoljeca-7-5-2019\/\",\"url\":\"https:\/\/www.vegaintro-projekti.com\/pilar-stari\/2019\/05\/kolokvij-franjevacki-muzej-vukovar-povijest-kultura-i-identitet-vukovara-kroz-stoljeca-7-5-2019\/\",\"name\":\"Kolokvij: Franjeva\u010dki muzej Vukovar: povijest, kultura i identitet Vukovara kroz stolje\u0107a, 7. 5. 2019. - Institut dru&scaron;tvenih znanosti Ivo Pilar\",\"isPartOf\":{\"@id\":\"https:\/\/www.vegaintro-projekti.com\/pilar-stari\/#website\"},\"datePublished\":\"2019-05-01T09:12:13+00:00\",\"dateModified\":\"2019-05-08T12:16:43+00:00\",\"author\":{\"@id\":\"https:\/\/www.vegaintro-projekti.com\/pilar-stari\/#\/schema\/person\/ddd404c9f1e15e4ffef5986ac6a5d28b\"},\"breadcrumb\":{\"@id\":\"https:\/\/www.vegaintro-projekti.com\/pilar-stari\/2019\/05\/kolokvij-franjevacki-muzej-vukovar-povijest-kultura-i-identitet-vukovara-kroz-stoljeca-7-5-2019\/#breadcrumb\"},\"inLanguage\":\"hr\",\"potentialAction\":[{\"@type\":\"ReadAction\",\"target\":[\"https:\/\/www.vegaintro-projekti.com\/pilar-stari\/2019\/05\/kolokvij-franjevacki-muzej-vukovar-povijest-kultura-i-identitet-vukovara-kroz-stoljeca-7-5-2019\/\"]}]},{\"@type\":\"BreadcrumbList\",\"@id\":\"https:\/\/www.vegaintro-projekti.com\/pilar-stari\/2019\/05\/kolokvij-franjevacki-muzej-vukovar-povijest-kultura-i-identitet-vukovara-kroz-stoljeca-7-5-2019\/#breadcrumb\",\"itemListElement\":[{\"@type\":\"ListItem\",\"position\":1,\"name\":\"Home\",\"item\":\"https:\/\/www.vegaintro-projekti.com\/pilar-stari\/\"},{\"@type\":\"ListItem\",\"position\":2,\"name\":\"Kolokvij: Franjeva\u010dki muzej Vukovar: povijest, kultura i identitet Vukovara kroz stolje\u0107a, 7. 5. 2019.\"}]},{\"@type\":\"WebSite\",\"@id\":\"https:\/\/www.vegaintro-projekti.com\/pilar-stari\/#website\",\"url\":\"https:\/\/www.vegaintro-projekti.com\/pilar-stari\/\",\"name\":\"Institut dru&scaron;tvenih znanosti Ivo Pilar\",\"description\":\"Pilar\",\"potentialAction\":[{\"@type\":\"SearchAction\",\"target\":{\"@type\":\"EntryPoint\",\"urlTemplate\":\"https:\/\/www.vegaintro-projekti.com\/pilar-stari\/?s={search_term_string}\"},\"query-input\":\"required name=search_term_string\"}],\"inLanguage\":\"hr\"},{\"@type\":\"Person\",\"@id\":\"https:\/\/www.vegaintro-projekti.com\/pilar-stari\/#\/schema\/person\/ddd404c9f1e15e4ffef5986ac6a5d28b\",\"name\":\"Boris\",\"image\":{\"@type\":\"ImageObject\",\"inLanguage\":\"hr\",\"@id\":\"https:\/\/www.vegaintro-projekti.com\/pilar-stari\/#\/schema\/person\/image\/\",\"url\":\"https:\/\/secure.gravatar.com\/avatar\/29557b161a6ce6ab86ac1503164f1e90?s=96&d=mm&r=g\",\"contentUrl\":\"https:\/\/secure.gravatar.com\/avatar\/29557b161a6ce6ab86ac1503164f1e90?s=96&d=mm&r=g\",\"caption\":\"Boris\"},\"url\":\"https:\/\/www.vegaintro-projekti.com\/pilar-stari\/author\/boris\/\"}]}<\/script>\n<!-- \/ Yoast SEO plugin. -->","yoast_head_json":{"title":"Kolokvij: Franjeva\u010dki muzej Vukovar: povijest, kultura i identitet Vukovara kroz stolje\u0107a, 7. 5. 2019. - Institut dru&scaron;tvenih znanosti Ivo Pilar","robots":{"index":"noindex","follow":"follow","max-snippet":"max-snippet:-1","max-image-preview":"max-image-preview:large","max-video-preview":"max-video-preview:-1"},"og_locale":"hr_HR","og_type":"article","og_title":"Kolokvij: Franjeva\u010dki muzej Vukovar: povijest, kultura i identitet Vukovara kroz stolje\u0107a, 7. 5. 2019. - Institut dru&scaron;tvenih znanosti Ivo Pilar","og_description":"U okviru obilje\u017eavanja Dana grada Vukovara i njegovih nebeskih za\u0161titnika sv. Filipa i Jakova apostola &#8211; 3. svibnja 2019. godine, u sklopu kompleksa Franjeva\u010dkog samostana u Vukovaru sve\u010dano je otvoren Franjeva\u010dki muzej. Tim je povodom 7. svibnja 2019. godine, u organizaciji Franjeva\u010dkog samostana Vukovar, Gradskoga muzeja Vukovar i Podru\u010dnoga centra Instituta Pilar u Vukovaru, u&hellip; Pro\u010ditaj vi\u0161e o Kolokvij: Franjeva\u010dki muzej Vukovar: povijest, kultura i identitet Vukovara kroz stolje\u0107a, 7. 5. 2019.","og_url":"https:\/\/www.vegaintro-projekti.com\/pilar-stari\/2019\/05\/kolokvij-franjevacki-muzej-vukovar-povijest-kultura-i-identitet-vukovara-kroz-stoljeca-7-5-2019\/","og_site_name":"Institut dru&scaron;tvenih znanosti Ivo Pilar","article_published_time":"2019-05-01T09:12:13+00:00","article_modified_time":"2019-05-08T12:16:43+00:00","og_image":[{"width":1024,"height":576,"url":"https:\/\/www.vegaintro-projekti.com\/pilar-stari\/wp-content\/uploads\/2019\/05\/0.jpg","type":"image\/jpeg"}],"author":"Boris","twitter_card":"summary_large_image","twitter_misc":{"Napisao\/la":"Boris","Procijenjeno vrijeme \u010ditanja":"2 minute"},"schema":{"@context":"https:\/\/schema.org","@graph":[{"@type":"WebPage","@id":"https:\/\/www.vegaintro-projekti.com\/pilar-stari\/2019\/05\/kolokvij-franjevacki-muzej-vukovar-povijest-kultura-i-identitet-vukovara-kroz-stoljeca-7-5-2019\/","url":"https:\/\/www.vegaintro-projekti.com\/pilar-stari\/2019\/05\/kolokvij-franjevacki-muzej-vukovar-povijest-kultura-i-identitet-vukovara-kroz-stoljeca-7-5-2019\/","name":"Kolokvij: Franjeva\u010dki muzej Vukovar: povijest, kultura i identitet Vukovara kroz stolje\u0107a, 7. 5. 2019. - Institut dru&scaron;tvenih znanosti Ivo Pilar","isPartOf":{"@id":"https:\/\/www.vegaintro-projekti.com\/pilar-stari\/#website"},"datePublished":"2019-05-01T09:12:13+00:00","dateModified":"2019-05-08T12:16:43+00:00","author":{"@id":"https:\/\/www.vegaintro-projekti.com\/pilar-stari\/#\/schema\/person\/ddd404c9f1e15e4ffef5986ac6a5d28b"},"breadcrumb":{"@id":"https:\/\/www.vegaintro-projekti.com\/pilar-stari\/2019\/05\/kolokvij-franjevacki-muzej-vukovar-povijest-kultura-i-identitet-vukovara-kroz-stoljeca-7-5-2019\/#breadcrumb"},"inLanguage":"hr","potentialAction":[{"@type":"ReadAction","target":["https:\/\/www.vegaintro-projekti.com\/pilar-stari\/2019\/05\/kolokvij-franjevacki-muzej-vukovar-povijest-kultura-i-identitet-vukovara-kroz-stoljeca-7-5-2019\/"]}]},{"@type":"BreadcrumbList","@id":"https:\/\/www.vegaintro-projekti.com\/pilar-stari\/2019\/05\/kolokvij-franjevacki-muzej-vukovar-povijest-kultura-i-identitet-vukovara-kroz-stoljeca-7-5-2019\/#breadcrumb","itemListElement":[{"@type":"ListItem","position":1,"name":"Home","item":"https:\/\/www.vegaintro-projekti.com\/pilar-stari\/"},{"@type":"ListItem","position":2,"name":"Kolokvij: Franjeva\u010dki muzej Vukovar: povijest, kultura i identitet Vukovara kroz stolje\u0107a, 7. 5. 2019."}]},{"@type":"WebSite","@id":"https:\/\/www.vegaintro-projekti.com\/pilar-stari\/#website","url":"https:\/\/www.vegaintro-projekti.com\/pilar-stari\/","name":"Institut dru&scaron;tvenih znanosti Ivo Pilar","description":"Pilar","potentialAction":[{"@type":"SearchAction","target":{"@type":"EntryPoint","urlTemplate":"https:\/\/www.vegaintro-projekti.com\/pilar-stari\/?s={search_term_string}"},"query-input":"required name=search_term_string"}],"inLanguage":"hr"},{"@type":"Person","@id":"https:\/\/www.vegaintro-projekti.com\/pilar-stari\/#\/schema\/person\/ddd404c9f1e15e4ffef5986ac6a5d28b","name":"Boris","image":{"@type":"ImageObject","inLanguage":"hr","@id":"https:\/\/www.vegaintro-projekti.com\/pilar-stari\/#\/schema\/person\/image\/","url":"https:\/\/secure.gravatar.com\/avatar\/29557b161a6ce6ab86ac1503164f1e90?s=96&d=mm&r=g","contentUrl":"https:\/\/secure.gravatar.com\/avatar\/29557b161a6ce6ab86ac1503164f1e90?s=96&d=mm&r=g","caption":"Boris"},"url":"https:\/\/www.vegaintro-projekti.com\/pilar-stari\/author\/boris\/"}]}},"_links":{"self":[{"href":"https:\/\/www.vegaintro-projekti.com\/pilar-stari\/wp-json\/wp\/v2\/posts\/12649"}],"collection":[{"href":"https:\/\/www.vegaintro-projekti.com\/pilar-stari\/wp-json\/wp\/v2\/posts"}],"about":[{"href":"https:\/\/www.vegaintro-projekti.com\/pilar-stari\/wp-json\/wp\/v2\/types\/post"}],"author":[{"embeddable":true,"href":"https:\/\/www.vegaintro-projekti.com\/pilar-stari\/wp-json\/wp\/v2\/users\/7"}],"replies":[{"embeddable":true,"href":"https:\/\/www.vegaintro-projekti.com\/pilar-stari\/wp-json\/wp\/v2\/comments?post=12649"}],"version-history":[{"count":6,"href":"https:\/\/www.vegaintro-projekti.com\/pilar-stari\/wp-json\/wp\/v2\/posts\/12649\/revisions"}],"predecessor-version":[{"id":12735,"href":"https:\/\/www.vegaintro-projekti.com\/pilar-stari\/wp-json\/wp\/v2\/posts\/12649\/revisions\/12735"}],"wp:featuredmedia":[{"embeddable":true,"href":"https:\/\/www.vegaintro-projekti.com\/pilar-stari\/wp-json\/wp\/v2\/media\/12724"}],"wp:attachment":[{"href":"https:\/\/www.vegaintro-projekti.com\/pilar-stari\/wp-json\/wp\/v2\/media?parent=12649"}],"wp:term":[{"taxonomy":"category","embeddable":true,"href":"https:\/\/www.vegaintro-projekti.com\/pilar-stari\/wp-json\/wp\/v2\/categories?post=12649"},{"taxonomy":"post_tag","embeddable":true,"href":"https:\/\/www.vegaintro-projekti.com\/pilar-stari\/wp-json\/wp\/v2\/tags?post=12649"}],"curies":[{"name":"wp","href":"https:\/\/api.w.org\/{rel}","templated":true}]}}