{"id":12957,"date":"2019-05-27T12:16:29","date_gmt":"2019-05-27T12:16:29","guid":{"rendered":"https:\/\/www.vegaintro-projekti.com\/pilar-stari\/?p=12957"},"modified":"2019-05-27T12:18:13","modified_gmt":"2019-05-27T12:18:13","slug":"dr-sc-caroline-hornstein-tomic-u-frankfurter-allgemeine-zeitung-o-migracijama-i-odljevu-radne-snage-18-5-2019","status":"publish","type":"post","link":"https:\/\/www.vegaintro-projekti.com\/pilar-stari\/2019\/05\/dr-sc-caroline-hornstein-tomic-u-frankfurter-allgemeine-zeitung-o-migracijama-i-odljevu-radne-snage-18-5-2019\/","title":{"rendered":"Dr. sc. Caroline Hornstein-Tomi\u0107 u Frankfurter Allgemeine Zeitung o migracijama i odljevu radne snage, 18. 5. 2019."},"content":{"rendered":"<p><strong>U \u010dlanku Michaela Martensa pod naslovom \u201eUnheilvolle Nebenwirkung. Seit Kroatien in der EU ist, wander immer mehr Menschen ab\u201c Frankfurter Allgemeine Zeitung od 18. svibnja 2019. godine navodi me\u0111u ostalim komentar dr. sc. Caroline Hornstein-Tomi\u0107 na temu migracija i odljeva radne snage iz Hrvatske u kontekstu Europske unije.<\/strong> \u2212 <a href=\"https:\/\/www.vegaintro-projekti.com\/pilar-stari\/wp-content\/uploads\/2019\/05\/20190518_FAZ_Seite5.pdf\">FAZ, 18. 5. 2019., str. 5.<\/a><\/p>\n<p><img decoding=\"async\" loading=\"lazy\" class=\"alignnone wp-image-12956 size-full\" src=\"https:\/\/www.vegaintro-projekti.com\/pilar-stari\/wp-content\/uploads\/2019\/05\/logo-2.jpg\" alt=\"\" width=\"620\" height=\"131\" srcset=\"https:\/\/www.vegaintro-projekti.com\/pilar-stari\/wp-content\/uploads\/2019\/05\/logo-2.jpg 620w, https:\/\/www.vegaintro-projekti.com\/pilar-stari\/wp-content\/uploads\/2019\/05\/logo-2-300x63.jpg 300w\" sizes=\"(max-width: 620px) 100vw, 620px\" \/><a href=\"https:\/\/www.vegaintro-projekti.com\/pilar-stari\/wp-content\/uploads\/2019\/05\/20190518_FAZ_Seite5.pdf\"><img decoding=\"async\" loading=\"lazy\" class=\"alignnone wp-image-12954 size-full\" src=\"https:\/\/www.vegaintro-projekti.com\/pilar-stari\/wp-content\/uploads\/2019\/05\/FAZ.jpg\" alt=\"\" width=\"620\" height=\"869\" srcset=\"https:\/\/www.vegaintro-projekti.com\/pilar-stari\/wp-content\/uploads\/2019\/05\/FAZ.jpg 620w, https:\/\/www.vegaintro-projekti.com\/pilar-stari\/wp-content\/uploads\/2019\/05\/FAZ-214x300.jpg 214w\" sizes=\"(max-width: 620px) 100vw, 620px\" \/><\/a><\/p>\n<p><strong>\u2212 Frankfurter Allgemeine Zeitungu:<\/strong> <a href=\"https:\/\/www.vegaintro-projekti.com\/pilar-stari\/wp-content\/uploads\/2019\/05\/20190518_FAZ_Seite5.pdf\">Unheilvolle Nebenwirkung, 18. svibnja 2019.<\/a><\/p>\n<blockquote><p><a href=\"https:\/\/www.vegaintro-projekti.com\/pilar-stari\/biografije\/user-bio\/?my_user_id=336\">Dr. sc. Caroline Hornstein-Tomi\u0107<\/a><\/p><\/blockquote>\n","protected":false},"excerpt":{"rendered":"<p>U \u010dlanku Michaela Martensa pod naslovom \u201eUnheilvolle Nebenwirkung. Seit Kroatien in der EU ist, wander immer mehr Menschen ab\u201c Frankfurter Allgemeine Zeitung od 18. svibnja 2019. godine navodi me\u0111u ostalim komentar dr. sc. Caroline Hornstein-Tomi\u0107 na temu migracija i odljeva radne snage iz Hrvatske u kontekstu Europske unije. \u2212 FAZ, 18. 5. 2019., str. 5.&hellip; <a class=\"continue\" href=\"https:\/\/www.vegaintro-projekti.com\/pilar-stari\/2019\/05\/dr-sc-caroline-hornstein-tomic-u-frankfurter-allgemeine-zeitung-o-migracijama-i-odljevu-radne-snage-18-5-2019\/\">Pro\u010ditaj vi\u0161e o<span> Dr. sc. Caroline Hornstein-Tomi\u0107 u Frankfurter Allgemeine Zeitung o migracijama i odljevu radne snage, 18. 5. 2019.<\/span><\/a><\/p>\n","protected":false},"author":7,"featured_media":12955,"comment_status":"closed","ping_status":"closed","sticky":false,"template":"","format":"standard","meta":{"inline_featured_image":false,"ngg_post_thumbnail":0,"footnotes":""},"categories":[48,12],"tags":[],"yoast_head":"<!-- This site is optimized with the Yoast SEO plugin v21.2 - https:\/\/yoast.com\/wordpress\/plugins\/seo\/ -->\n<title>Dr. sc. Caroline Hornstein-Tomi\u0107 u Frankfurter Allgemeine Zeitung o migracijama i odljevu radne snage, 18. 5. 2019. - Institut dru&scaron;tvenih znanosti Ivo Pilar<\/title>\n<meta name=\"robots\" content=\"noindex, follow, max-snippet:-1, max-image-preview:large, max-video-preview:-1\" \/>\n<meta property=\"og:locale\" content=\"hr_HR\" \/>\n<meta property=\"og:type\" content=\"article\" \/>\n<meta property=\"og:title\" content=\"Dr. sc. Caroline Hornstein-Tomi\u0107 u Frankfurter Allgemeine Zeitung o migracijama i odljevu radne snage, 18. 5. 2019. - Institut dru&scaron;tvenih znanosti Ivo Pilar\" \/>\n<meta property=\"og:description\" content=\"U \u010dlanku Michaela Martensa pod naslovom \u201eUnheilvolle Nebenwirkung. Seit Kroatien in der EU ist, wander immer mehr Menschen ab\u201c Frankfurter Allgemeine Zeitung od 18. svibnja 2019. godine navodi me\u0111u ostalim komentar dr. sc. Caroline Hornstein-Tomi\u0107 na temu migracija i odljeva radne snage iz Hrvatske u kontekstu Europske unije. \u2212 FAZ, 18. 5. 2019., str. 5.&hellip; Pro\u010ditaj vi\u0161e o Dr. sc. Caroline Hornstein-Tomi\u0107 u Frankfurter Allgemeine Zeitung o migracijama i odljevu radne snage, 18. 5. 2019.\" \/>\n<meta property=\"og:url\" content=\"https:\/\/www.vegaintro-projekti.com\/pilar-stari\/2019\/05\/dr-sc-caroline-hornstein-tomic-u-frankfurter-allgemeine-zeitung-o-migracijama-i-odljevu-radne-snage-18-5-2019\/\" \/>\n<meta property=\"og:site_name\" content=\"Institut dru&scaron;tvenih znanosti Ivo Pilar\" \/>\n<meta property=\"article:published_time\" content=\"2019-05-27T12:16:29+00:00\" \/>\n<meta property=\"article:modified_time\" content=\"2019-05-27T12:18:13+00:00\" \/>\n<meta property=\"og:image\" content=\"https:\/\/www.vegaintro-projekti.com\/pilar-stari\/wp-content\/uploads\/2019\/05\/FAZ_fi3.jpg\" \/>\n\t<meta property=\"og:image:width\" content=\"867\" \/>\n\t<meta property=\"og:image:height\" content=\"430\" \/>\n\t<meta property=\"og:image:type\" content=\"image\/jpeg\" \/>\n<meta name=\"author\" content=\"Boris\" \/>\n<meta name=\"twitter:card\" content=\"summary_large_image\" \/>\n<meta name=\"twitter:label1\" content=\"Napisao\/la\" \/>\n\t<meta name=\"twitter:data1\" content=\"Boris\" \/>\n<script type=\"application\/ld+json\" class=\"yoast-schema-graph\">{\"@context\":\"https:\/\/schema.org\",\"@graph\":[{\"@type\":\"WebPage\",\"@id\":\"https:\/\/www.vegaintro-projekti.com\/pilar-stari\/2019\/05\/dr-sc-caroline-hornstein-tomic-u-frankfurter-allgemeine-zeitung-o-migracijama-i-odljevu-radne-snage-18-5-2019\/\",\"url\":\"https:\/\/www.vegaintro-projekti.com\/pilar-stari\/2019\/05\/dr-sc-caroline-hornstein-tomic-u-frankfurter-allgemeine-zeitung-o-migracijama-i-odljevu-radne-snage-18-5-2019\/\",\"name\":\"Dr. sc. Caroline Hornstein-Tomi\u0107 u Frankfurter Allgemeine Zeitung o migracijama i odljevu radne snage, 18. 5. 2019. - Institut dru&scaron;tvenih znanosti Ivo Pilar\",\"isPartOf\":{\"@id\":\"https:\/\/www.vegaintro-projekti.com\/pilar-stari\/#website\"},\"datePublished\":\"2019-05-27T12:16:29+00:00\",\"dateModified\":\"2019-05-27T12:18:13+00:00\",\"author\":{\"@id\":\"https:\/\/www.vegaintro-projekti.com\/pilar-stari\/#\/schema\/person\/ddd404c9f1e15e4ffef5986ac6a5d28b\"},\"breadcrumb\":{\"@id\":\"https:\/\/www.vegaintro-projekti.com\/pilar-stari\/2019\/05\/dr-sc-caroline-hornstein-tomic-u-frankfurter-allgemeine-zeitung-o-migracijama-i-odljevu-radne-snage-18-5-2019\/#breadcrumb\"},\"inLanguage\":\"hr\",\"potentialAction\":[{\"@type\":\"ReadAction\",\"target\":[\"https:\/\/www.vegaintro-projekti.com\/pilar-stari\/2019\/05\/dr-sc-caroline-hornstein-tomic-u-frankfurter-allgemeine-zeitung-o-migracijama-i-odljevu-radne-snage-18-5-2019\/\"]}]},{\"@type\":\"BreadcrumbList\",\"@id\":\"https:\/\/www.vegaintro-projekti.com\/pilar-stari\/2019\/05\/dr-sc-caroline-hornstein-tomic-u-frankfurter-allgemeine-zeitung-o-migracijama-i-odljevu-radne-snage-18-5-2019\/#breadcrumb\",\"itemListElement\":[{\"@type\":\"ListItem\",\"position\":1,\"name\":\"Home\",\"item\":\"https:\/\/www.vegaintro-projekti.com\/pilar-stari\/\"},{\"@type\":\"ListItem\",\"position\":2,\"name\":\"Dr. sc. Caroline Hornstein-Tomi\u0107 u Frankfurter Allgemeine Zeitung o migracijama i odljevu radne snage, 18. 5. 2019.\"}]},{\"@type\":\"WebSite\",\"@id\":\"https:\/\/www.vegaintro-projekti.com\/pilar-stari\/#website\",\"url\":\"https:\/\/www.vegaintro-projekti.com\/pilar-stari\/\",\"name\":\"Institut dru&scaron;tvenih znanosti Ivo Pilar\",\"description\":\"Pilar\",\"potentialAction\":[{\"@type\":\"SearchAction\",\"target\":{\"@type\":\"EntryPoint\",\"urlTemplate\":\"https:\/\/www.vegaintro-projekti.com\/pilar-stari\/?s={search_term_string}\"},\"query-input\":\"required name=search_term_string\"}],\"inLanguage\":\"hr\"},{\"@type\":\"Person\",\"@id\":\"https:\/\/www.vegaintro-projekti.com\/pilar-stari\/#\/schema\/person\/ddd404c9f1e15e4ffef5986ac6a5d28b\",\"name\":\"Boris\",\"image\":{\"@type\":\"ImageObject\",\"inLanguage\":\"hr\",\"@id\":\"https:\/\/www.vegaintro-projekti.com\/pilar-stari\/#\/schema\/person\/image\/\",\"url\":\"https:\/\/secure.gravatar.com\/avatar\/29557b161a6ce6ab86ac1503164f1e90?s=96&d=mm&r=g\",\"contentUrl\":\"https:\/\/secure.gravatar.com\/avatar\/29557b161a6ce6ab86ac1503164f1e90?s=96&d=mm&r=g\",\"caption\":\"Boris\"},\"url\":\"https:\/\/www.vegaintro-projekti.com\/pilar-stari\/author\/boris\/\"}]}<\/script>\n<!-- \/ Yoast SEO plugin. -->","yoast_head_json":{"title":"Dr. sc. Caroline Hornstein-Tomi\u0107 u Frankfurter Allgemeine Zeitung o migracijama i odljevu radne snage, 18. 5. 2019. - Institut dru&scaron;tvenih znanosti Ivo Pilar","robots":{"index":"noindex","follow":"follow","max-snippet":"max-snippet:-1","max-image-preview":"max-image-preview:large","max-video-preview":"max-video-preview:-1"},"og_locale":"hr_HR","og_type":"article","og_title":"Dr. sc. Caroline Hornstein-Tomi\u0107 u Frankfurter Allgemeine Zeitung o migracijama i odljevu radne snage, 18. 5. 2019. - Institut dru&scaron;tvenih znanosti Ivo Pilar","og_description":"U \u010dlanku Michaela Martensa pod naslovom \u201eUnheilvolle Nebenwirkung. Seit Kroatien in der EU ist, wander immer mehr Menschen ab\u201c Frankfurter Allgemeine Zeitung od 18. svibnja 2019. godine navodi me\u0111u ostalim komentar dr. sc. Caroline Hornstein-Tomi\u0107 na temu migracija i odljeva radne snage iz Hrvatske u kontekstu Europske unije. \u2212 FAZ, 18. 5. 2019., str. 5.&hellip; Pro\u010ditaj vi\u0161e o Dr. sc. Caroline Hornstein-Tomi\u0107 u Frankfurter Allgemeine Zeitung o migracijama i odljevu radne snage, 18. 5. 2019.","og_url":"https:\/\/www.vegaintro-projekti.com\/pilar-stari\/2019\/05\/dr-sc-caroline-hornstein-tomic-u-frankfurter-allgemeine-zeitung-o-migracijama-i-odljevu-radne-snage-18-5-2019\/","og_site_name":"Institut dru&scaron;tvenih znanosti Ivo Pilar","article_published_time":"2019-05-27T12:16:29+00:00","article_modified_time":"2019-05-27T12:18:13+00:00","og_image":[{"width":867,"height":430,"url":"https:\/\/www.vegaintro-projekti.com\/pilar-stari\/wp-content\/uploads\/2019\/05\/FAZ_fi3.jpg","type":"image\/jpeg"}],"author":"Boris","twitter_card":"summary_large_image","twitter_misc":{"Napisao\/la":"Boris"},"schema":{"@context":"https:\/\/schema.org","@graph":[{"@type":"WebPage","@id":"https:\/\/www.vegaintro-projekti.com\/pilar-stari\/2019\/05\/dr-sc-caroline-hornstein-tomic-u-frankfurter-allgemeine-zeitung-o-migracijama-i-odljevu-radne-snage-18-5-2019\/","url":"https:\/\/www.vegaintro-projekti.com\/pilar-stari\/2019\/05\/dr-sc-caroline-hornstein-tomic-u-frankfurter-allgemeine-zeitung-o-migracijama-i-odljevu-radne-snage-18-5-2019\/","name":"Dr. sc. Caroline Hornstein-Tomi\u0107 u Frankfurter Allgemeine Zeitung o migracijama i odljevu radne snage, 18. 5. 2019. - Institut dru&scaron;tvenih znanosti Ivo Pilar","isPartOf":{"@id":"https:\/\/www.vegaintro-projekti.com\/pilar-stari\/#website"},"datePublished":"2019-05-27T12:16:29+00:00","dateModified":"2019-05-27T12:18:13+00:00","author":{"@id":"https:\/\/www.vegaintro-projekti.com\/pilar-stari\/#\/schema\/person\/ddd404c9f1e15e4ffef5986ac6a5d28b"},"breadcrumb":{"@id":"https:\/\/www.vegaintro-projekti.com\/pilar-stari\/2019\/05\/dr-sc-caroline-hornstein-tomic-u-frankfurter-allgemeine-zeitung-o-migracijama-i-odljevu-radne-snage-18-5-2019\/#breadcrumb"},"inLanguage":"hr","potentialAction":[{"@type":"ReadAction","target":["https:\/\/www.vegaintro-projekti.com\/pilar-stari\/2019\/05\/dr-sc-caroline-hornstein-tomic-u-frankfurter-allgemeine-zeitung-o-migracijama-i-odljevu-radne-snage-18-5-2019\/"]}]},{"@type":"BreadcrumbList","@id":"https:\/\/www.vegaintro-projekti.com\/pilar-stari\/2019\/05\/dr-sc-caroline-hornstein-tomic-u-frankfurter-allgemeine-zeitung-o-migracijama-i-odljevu-radne-snage-18-5-2019\/#breadcrumb","itemListElement":[{"@type":"ListItem","position":1,"name":"Home","item":"https:\/\/www.vegaintro-projekti.com\/pilar-stari\/"},{"@type":"ListItem","position":2,"name":"Dr. sc. Caroline Hornstein-Tomi\u0107 u Frankfurter Allgemeine Zeitung o migracijama i odljevu radne snage, 18. 5. 2019."}]},{"@type":"WebSite","@id":"https:\/\/www.vegaintro-projekti.com\/pilar-stari\/#website","url":"https:\/\/www.vegaintro-projekti.com\/pilar-stari\/","name":"Institut dru&scaron;tvenih znanosti Ivo Pilar","description":"Pilar","potentialAction":[{"@type":"SearchAction","target":{"@type":"EntryPoint","urlTemplate":"https:\/\/www.vegaintro-projekti.com\/pilar-stari\/?s={search_term_string}"},"query-input":"required name=search_term_string"}],"inLanguage":"hr"},{"@type":"Person","@id":"https:\/\/www.vegaintro-projekti.com\/pilar-stari\/#\/schema\/person\/ddd404c9f1e15e4ffef5986ac6a5d28b","name":"Boris","image":{"@type":"ImageObject","inLanguage":"hr","@id":"https:\/\/www.vegaintro-projekti.com\/pilar-stari\/#\/schema\/person\/image\/","url":"https:\/\/secure.gravatar.com\/avatar\/29557b161a6ce6ab86ac1503164f1e90?s=96&d=mm&r=g","contentUrl":"https:\/\/secure.gravatar.com\/avatar\/29557b161a6ce6ab86ac1503164f1e90?s=96&d=mm&r=g","caption":"Boris"},"url":"https:\/\/www.vegaintro-projekti.com\/pilar-stari\/author\/boris\/"}]}},"_links":{"self":[{"href":"https:\/\/www.vegaintro-projekti.com\/pilar-stari\/wp-json\/wp\/v2\/posts\/12957"}],"collection":[{"href":"https:\/\/www.vegaintro-projekti.com\/pilar-stari\/wp-json\/wp\/v2\/posts"}],"about":[{"href":"https:\/\/www.vegaintro-projekti.com\/pilar-stari\/wp-json\/wp\/v2\/types\/post"}],"author":[{"embeddable":true,"href":"https:\/\/www.vegaintro-projekti.com\/pilar-stari\/wp-json\/wp\/v2\/users\/7"}],"replies":[{"embeddable":true,"href":"https:\/\/www.vegaintro-projekti.com\/pilar-stari\/wp-json\/wp\/v2\/comments?post=12957"}],"version-history":[{"count":2,"href":"https:\/\/www.vegaintro-projekti.com\/pilar-stari\/wp-json\/wp\/v2\/posts\/12957\/revisions"}],"predecessor-version":[{"id":12959,"href":"https:\/\/www.vegaintro-projekti.com\/pilar-stari\/wp-json\/wp\/v2\/posts\/12957\/revisions\/12959"}],"wp:featuredmedia":[{"embeddable":true,"href":"https:\/\/www.vegaintro-projekti.com\/pilar-stari\/wp-json\/wp\/v2\/media\/12955"}],"wp:attachment":[{"href":"https:\/\/www.vegaintro-projekti.com\/pilar-stari\/wp-json\/wp\/v2\/media?parent=12957"}],"wp:term":[{"taxonomy":"category","embeddable":true,"href":"https:\/\/www.vegaintro-projekti.com\/pilar-stari\/wp-json\/wp\/v2\/categories?post=12957"},{"taxonomy":"post_tag","embeddable":true,"href":"https:\/\/www.vegaintro-projekti.com\/pilar-stari\/wp-json\/wp\/v2\/tags?post=12957"}],"curies":[{"name":"wp","href":"https:\/\/api.w.org\/{rel}","templated":true}]}}