{"id":13096,"date":"2019-06-27T12:05:42","date_gmt":"2019-06-27T12:05:42","guid":{"rendered":"https:\/\/www.vegaintro-projekti.com\/pilar-stari\/?p=13096"},"modified":"2019-07-04T10:35:34","modified_gmt":"2019-07-04T10:35:34","slug":"pomocnik-ravnatelja-instituta-pilar-dr-sc-drazen-zivic-na-promociji-polaznika-hrvatskog-vojnog-ucilista-dr-franjo-tudman","status":"publish","type":"post","link":"https:\/\/www.vegaintro-projekti.com\/pilar-stari\/2019\/06\/pomocnik-ravnatelja-instituta-pilar-dr-sc-drazen-zivic-na-promociji-polaznika-hrvatskog-vojnog-ucilista-dr-franjo-tudman\/","title":{"rendered":"Pomo\u0107nik ravnatelja Instituta dr. sc. Dra\u017een \u017divi\u0107 na promociji polaznika Hrvatskog vojnog u\u010dili\u0161ta &#8220;Dr. Franjo Tu\u0111man&#8221;"},"content":{"rendered":"<p><strong>U ime Instituta dru\u0161tvenih znanosti Ivo Pilar, pomo\u0107nik ravnatelja dr. sc. Dra\u017een \u017divi\u0107 nazo\u010dio je 26. lipnja 2019. u Memorijalnom centru Domovinskog rata Vukovar sve\u010danoj promociji polaznika svih razina vojne izobrazbe na Hrvatskom vojnom u\u010dili\u0161tu &#8220;Dr. Franjo Tu\u0111man&#8221;. Promovirano je ukupno 134 polaznika me\u0111u kojima su bili do\u010dasnici i \u010dasnici susjednih i savezni\u010dkih oru\u017eanih vojski. Polaznicima kao i brojnim gostima i uzvanicima prigodnim su se rije\u010dima, me\u0111u ostalim, obratili potpredsjednik hrvatske vlade i ministar obrane Damir Krsti\u010devi\u0107 i predsjednica Republike Hrvatske Kolinda Grabar Kitarovi\u0107<\/strong><\/p>\n<p><a href=\"https:\/\/www.vegaintro-projekti.com\/pilar-stari\/wp-content\/uploads\/2019\/06\/hvu_2.jpg\"><img decoding=\"async\" loading=\"lazy\" class=\"alignnone wp-image-13092 size-full\" src=\"https:\/\/www.vegaintro-projekti.com\/pilar-stari\/wp-content\/uploads\/2019\/06\/hvu_2_s.jpg\" alt=\"\" width=\"310\" height=\"174\" srcset=\"https:\/\/www.vegaintro-projekti.com\/pilar-stari\/wp-content\/uploads\/2019\/06\/hvu_2_s.jpg 310w, https:\/\/www.vegaintro-projekti.com\/pilar-stari\/wp-content\/uploads\/2019\/06\/hvu_2_s-300x168.jpg 300w\" sizes=\"(max-width: 310px) 100vw, 310px\" \/><\/a><a href=\"https:\/\/www.vegaintro-projekti.com\/pilar-stari\/wp-content\/uploads\/2019\/06\/hvu_1.jpg\"><img decoding=\"async\" loading=\"lazy\" class=\"alignnone wp-image-13090 size-full\" src=\"https:\/\/www.vegaintro-projekti.com\/pilar-stari\/wp-content\/uploads\/2019\/06\/hvu_1_s.jpg\" alt=\"\" width=\"310\" height=\"174\" srcset=\"https:\/\/www.vegaintro-projekti.com\/pilar-stari\/wp-content\/uploads\/2019\/06\/hvu_1_s.jpg 310w, https:\/\/www.vegaintro-projekti.com\/pilar-stari\/wp-content\/uploads\/2019\/06\/hvu_1_s-300x168.jpg 300w\" sizes=\"(max-width: 310px) 100vw, 310px\" \/><\/a><a href=\"https:\/\/www.vegaintro-projekti.com\/pilar-stari\/wp-content\/uploads\/2019\/06\/hvu_3.jpg\"><img decoding=\"async\" loading=\"lazy\" class=\"alignnone wp-image-13094 size-full\" src=\"https:\/\/www.vegaintro-projekti.com\/pilar-stari\/wp-content\/uploads\/2019\/06\/hvu_3_s.jpg\" alt=\"\" width=\"620\" height=\"378\" srcset=\"https:\/\/www.vegaintro-projekti.com\/pilar-stari\/wp-content\/uploads\/2019\/06\/hvu_3_s.jpg 620w, https:\/\/www.vegaintro-projekti.com\/pilar-stari\/wp-content\/uploads\/2019\/06\/hvu_3_s-300x183.jpg 300w\" sizes=\"(max-width: 620px) 100vw, 620px\" \/><\/a><\/p>\n<blockquote><p><a href=\"https:\/\/www.morh.hr\/hr\/hrvatsko-vojno-uciliste\/novosti-hvu\/19769-svecana-promocija-134-polaznika-vojnih-skola-hvu-a-u-vukovaru-2019.html\">Sve\u010dana promocija 134 polaznika vojnih \u0161kola HVU-a u Vukovaru<\/a><\/p><\/blockquote>\n","protected":false},"excerpt":{"rendered":"<p>U ime Instituta dru\u0161tvenih znanosti Ivo Pilar, pomo\u0107nik ravnatelja dr. sc. Dra\u017een \u017divi\u0107 nazo\u010dio je 26. lipnja 2019. u Memorijalnom centru Domovinskog rata Vukovar sve\u010danoj promociji polaznika svih razina vojne izobrazbe na Hrvatskom vojnom u\u010dili\u0161tu &#8220;Dr. Franjo Tu\u0111man&#8221;. Promovirano je ukupno 134 polaznika me\u0111u kojima su bili do\u010dasnici i \u010dasnici susjednih i savezni\u010dkih oru\u017eanih vojski.&hellip; <a class=\"continue\" href=\"https:\/\/www.vegaintro-projekti.com\/pilar-stari\/2019\/06\/pomocnik-ravnatelja-instituta-pilar-dr-sc-drazen-zivic-na-promociji-polaznika-hrvatskog-vojnog-ucilista-dr-franjo-tudman\/\">Pro\u010ditaj vi\u0161e o<span> Pomo\u0107nik ravnatelja Instituta dr. sc. Dra\u017een \u017divi\u0107 na promociji polaznika Hrvatskog vojnog u\u010dili\u0161ta &#8220;Dr. Franjo Tu\u0111man&#8221;<\/span><\/a><\/p>\n","protected":false},"author":7,"featured_media":13095,"comment_status":"closed","ping_status":"closed","sticky":false,"template":"","format":"standard","meta":{"inline_featured_image":false,"ngg_post_thumbnail":0,"footnotes":""},"categories":[9],"tags":[],"yoast_head":"<!-- This site is optimized with the Yoast SEO plugin v21.2 - https:\/\/yoast.com\/wordpress\/plugins\/seo\/ -->\n<title>Pomo\u0107nik ravnatelja Instituta dr. sc. Dra\u017een \u017divi\u0107 na promociji polaznika Hrvatskog vojnog u\u010dili\u0161ta &quot;Dr. Franjo Tu\u0111man&quot; - Institut dru&scaron;tvenih znanosti Ivo Pilar<\/title>\n<meta name=\"robots\" content=\"noindex, follow, max-snippet:-1, max-image-preview:large, max-video-preview:-1\" \/>\n<meta property=\"og:locale\" content=\"hr_HR\" \/>\n<meta property=\"og:type\" content=\"article\" \/>\n<meta property=\"og:title\" content=\"Pomo\u0107nik ravnatelja Instituta dr. sc. Dra\u017een \u017divi\u0107 na promociji polaznika Hrvatskog vojnog u\u010dili\u0161ta &quot;Dr. Franjo Tu\u0111man&quot; - Institut dru&scaron;tvenih znanosti Ivo Pilar\" \/>\n<meta property=\"og:description\" content=\"U ime Instituta dru\u0161tvenih znanosti Ivo Pilar, pomo\u0107nik ravnatelja dr. sc. Dra\u017een \u017divi\u0107 nazo\u010dio je 26. lipnja 2019. u Memorijalnom centru Domovinskog rata Vukovar sve\u010danoj promociji polaznika svih razina vojne izobrazbe na Hrvatskom vojnom u\u010dili\u0161tu &#8220;Dr. Franjo Tu\u0111man&#8221;. Promovirano je ukupno 134 polaznika me\u0111u kojima su bili do\u010dasnici i \u010dasnici susjednih i savezni\u010dkih oru\u017eanih vojski.&hellip; Pro\u010ditaj vi\u0161e o Pomo\u0107nik ravnatelja Instituta dr. sc. Dra\u017een \u017divi\u0107 na promociji polaznika Hrvatskog vojnog u\u010dili\u0161ta &#8220;Dr. Franjo Tu\u0111man&#8221;\" \/>\n<meta property=\"og:url\" content=\"https:\/\/www.vegaintro-projekti.com\/pilar-stari\/2019\/06\/pomocnik-ravnatelja-instituta-pilar-dr-sc-drazen-zivic-na-promociji-polaznika-hrvatskog-vojnog-ucilista-dr-franjo-tudman\/\" \/>\n<meta property=\"og:site_name\" content=\"Institut dru&scaron;tvenih znanosti Ivo Pilar\" \/>\n<meta property=\"article:published_time\" content=\"2019-06-27T12:05:42+00:00\" \/>\n<meta property=\"article:modified_time\" content=\"2019-07-04T10:35:34+00:00\" \/>\n<meta property=\"og:image\" content=\"https:\/\/www.vegaintro-projekti.com\/pilar-stari\/wp-content\/uploads\/2019\/06\/hvu_3_fi.jpg\" \/>\n\t<meta property=\"og:image:width\" content=\"1024\" \/>\n\t<meta property=\"og:image:height\" content=\"541\" \/>\n\t<meta property=\"og:image:type\" content=\"image\/jpeg\" \/>\n<meta name=\"author\" content=\"Boris\" \/>\n<meta name=\"twitter:card\" content=\"summary_large_image\" \/>\n<meta name=\"twitter:label1\" content=\"Napisao\/la\" \/>\n\t<meta name=\"twitter:data1\" content=\"Boris\" \/>\n\t<meta name=\"twitter:label2\" content=\"Procijenjeno vrijeme \u010ditanja\" \/>\n\t<meta name=\"twitter:data2\" content=\"1 minuta\" \/>\n<script type=\"application\/ld+json\" class=\"yoast-schema-graph\">{\"@context\":\"https:\/\/schema.org\",\"@graph\":[{\"@type\":\"WebPage\",\"@id\":\"https:\/\/www.vegaintro-projekti.com\/pilar-stari\/2019\/06\/pomocnik-ravnatelja-instituta-pilar-dr-sc-drazen-zivic-na-promociji-polaznika-hrvatskog-vojnog-ucilista-dr-franjo-tudman\/\",\"url\":\"https:\/\/www.vegaintro-projekti.com\/pilar-stari\/2019\/06\/pomocnik-ravnatelja-instituta-pilar-dr-sc-drazen-zivic-na-promociji-polaznika-hrvatskog-vojnog-ucilista-dr-franjo-tudman\/\",\"name\":\"Pomo\u0107nik ravnatelja Instituta dr. sc. Dra\u017een \u017divi\u0107 na promociji polaznika Hrvatskog vojnog u\u010dili\u0161ta \\\"Dr. Franjo Tu\u0111man\\\" - Institut dru&scaron;tvenih znanosti Ivo Pilar\",\"isPartOf\":{\"@id\":\"https:\/\/www.vegaintro-projekti.com\/pilar-stari\/#website\"},\"datePublished\":\"2019-06-27T12:05:42+00:00\",\"dateModified\":\"2019-07-04T10:35:34+00:00\",\"author\":{\"@id\":\"https:\/\/www.vegaintro-projekti.com\/pilar-stari\/#\/schema\/person\/ddd404c9f1e15e4ffef5986ac6a5d28b\"},\"breadcrumb\":{\"@id\":\"https:\/\/www.vegaintro-projekti.com\/pilar-stari\/2019\/06\/pomocnik-ravnatelja-instituta-pilar-dr-sc-drazen-zivic-na-promociji-polaznika-hrvatskog-vojnog-ucilista-dr-franjo-tudman\/#breadcrumb\"},\"inLanguage\":\"hr\",\"potentialAction\":[{\"@type\":\"ReadAction\",\"target\":[\"https:\/\/www.vegaintro-projekti.com\/pilar-stari\/2019\/06\/pomocnik-ravnatelja-instituta-pilar-dr-sc-drazen-zivic-na-promociji-polaznika-hrvatskog-vojnog-ucilista-dr-franjo-tudman\/\"]}]},{\"@type\":\"BreadcrumbList\",\"@id\":\"https:\/\/www.vegaintro-projekti.com\/pilar-stari\/2019\/06\/pomocnik-ravnatelja-instituta-pilar-dr-sc-drazen-zivic-na-promociji-polaznika-hrvatskog-vojnog-ucilista-dr-franjo-tudman\/#breadcrumb\",\"itemListElement\":[{\"@type\":\"ListItem\",\"position\":1,\"name\":\"Home\",\"item\":\"https:\/\/www.vegaintro-projekti.com\/pilar-stari\/\"},{\"@type\":\"ListItem\",\"position\":2,\"name\":\"Pomo\u0107nik ravnatelja Instituta dr. sc. Dra\u017een \u017divi\u0107 na promociji polaznika Hrvatskog vojnog u\u010dili\u0161ta &#8220;Dr. Franjo Tu\u0111man&#8221;\"}]},{\"@type\":\"WebSite\",\"@id\":\"https:\/\/www.vegaintro-projekti.com\/pilar-stari\/#website\",\"url\":\"https:\/\/www.vegaintro-projekti.com\/pilar-stari\/\",\"name\":\"Institut dru&scaron;tvenih znanosti Ivo Pilar\",\"description\":\"Pilar\",\"potentialAction\":[{\"@type\":\"SearchAction\",\"target\":{\"@type\":\"EntryPoint\",\"urlTemplate\":\"https:\/\/www.vegaintro-projekti.com\/pilar-stari\/?s={search_term_string}\"},\"query-input\":\"required name=search_term_string\"}],\"inLanguage\":\"hr\"},{\"@type\":\"Person\",\"@id\":\"https:\/\/www.vegaintro-projekti.com\/pilar-stari\/#\/schema\/person\/ddd404c9f1e15e4ffef5986ac6a5d28b\",\"name\":\"Boris\",\"image\":{\"@type\":\"ImageObject\",\"inLanguage\":\"hr\",\"@id\":\"https:\/\/www.vegaintro-projekti.com\/pilar-stari\/#\/schema\/person\/image\/\",\"url\":\"https:\/\/secure.gravatar.com\/avatar\/29557b161a6ce6ab86ac1503164f1e90?s=96&d=mm&r=g\",\"contentUrl\":\"https:\/\/secure.gravatar.com\/avatar\/29557b161a6ce6ab86ac1503164f1e90?s=96&d=mm&r=g\",\"caption\":\"Boris\"},\"url\":\"https:\/\/www.vegaintro-projekti.com\/pilar-stari\/author\/boris\/\"}]}<\/script>\n<!-- \/ Yoast SEO plugin. -->","yoast_head_json":{"title":"Pomo\u0107nik ravnatelja Instituta dr. sc. Dra\u017een \u017divi\u0107 na promociji polaznika Hrvatskog vojnog u\u010dili\u0161ta \"Dr. Franjo Tu\u0111man\" - Institut dru&scaron;tvenih znanosti Ivo Pilar","robots":{"index":"noindex","follow":"follow","max-snippet":"max-snippet:-1","max-image-preview":"max-image-preview:large","max-video-preview":"max-video-preview:-1"},"og_locale":"hr_HR","og_type":"article","og_title":"Pomo\u0107nik ravnatelja Instituta dr. sc. Dra\u017een \u017divi\u0107 na promociji polaznika Hrvatskog vojnog u\u010dili\u0161ta \"Dr. Franjo Tu\u0111man\" - Institut dru&scaron;tvenih znanosti Ivo Pilar","og_description":"U ime Instituta dru\u0161tvenih znanosti Ivo Pilar, pomo\u0107nik ravnatelja dr. sc. Dra\u017een \u017divi\u0107 nazo\u010dio je 26. lipnja 2019. u Memorijalnom centru Domovinskog rata Vukovar sve\u010danoj promociji polaznika svih razina vojne izobrazbe na Hrvatskom vojnom u\u010dili\u0161tu &#8220;Dr. Franjo Tu\u0111man&#8221;. Promovirano je ukupno 134 polaznika me\u0111u kojima su bili do\u010dasnici i \u010dasnici susjednih i savezni\u010dkih oru\u017eanih vojski.&hellip; Pro\u010ditaj vi\u0161e o Pomo\u0107nik ravnatelja Instituta dr. sc. Dra\u017een \u017divi\u0107 na promociji polaznika Hrvatskog vojnog u\u010dili\u0161ta &#8220;Dr. Franjo Tu\u0111man&#8221;","og_url":"https:\/\/www.vegaintro-projekti.com\/pilar-stari\/2019\/06\/pomocnik-ravnatelja-instituta-pilar-dr-sc-drazen-zivic-na-promociji-polaznika-hrvatskog-vojnog-ucilista-dr-franjo-tudman\/","og_site_name":"Institut dru&scaron;tvenih znanosti Ivo Pilar","article_published_time":"2019-06-27T12:05:42+00:00","article_modified_time":"2019-07-04T10:35:34+00:00","og_image":[{"width":1024,"height":541,"url":"https:\/\/www.vegaintro-projekti.com\/pilar-stari\/wp-content\/uploads\/2019\/06\/hvu_3_fi.jpg","type":"image\/jpeg"}],"author":"Boris","twitter_card":"summary_large_image","twitter_misc":{"Napisao\/la":"Boris","Procijenjeno vrijeme \u010ditanja":"1 minuta"},"schema":{"@context":"https:\/\/schema.org","@graph":[{"@type":"WebPage","@id":"https:\/\/www.vegaintro-projekti.com\/pilar-stari\/2019\/06\/pomocnik-ravnatelja-instituta-pilar-dr-sc-drazen-zivic-na-promociji-polaznika-hrvatskog-vojnog-ucilista-dr-franjo-tudman\/","url":"https:\/\/www.vegaintro-projekti.com\/pilar-stari\/2019\/06\/pomocnik-ravnatelja-instituta-pilar-dr-sc-drazen-zivic-na-promociji-polaznika-hrvatskog-vojnog-ucilista-dr-franjo-tudman\/","name":"Pomo\u0107nik ravnatelja Instituta dr. sc. Dra\u017een \u017divi\u0107 na promociji polaznika Hrvatskog vojnog u\u010dili\u0161ta \"Dr. Franjo Tu\u0111man\" - Institut dru&scaron;tvenih znanosti Ivo Pilar","isPartOf":{"@id":"https:\/\/www.vegaintro-projekti.com\/pilar-stari\/#website"},"datePublished":"2019-06-27T12:05:42+00:00","dateModified":"2019-07-04T10:35:34+00:00","author":{"@id":"https:\/\/www.vegaintro-projekti.com\/pilar-stari\/#\/schema\/person\/ddd404c9f1e15e4ffef5986ac6a5d28b"},"breadcrumb":{"@id":"https:\/\/www.vegaintro-projekti.com\/pilar-stari\/2019\/06\/pomocnik-ravnatelja-instituta-pilar-dr-sc-drazen-zivic-na-promociji-polaznika-hrvatskog-vojnog-ucilista-dr-franjo-tudman\/#breadcrumb"},"inLanguage":"hr","potentialAction":[{"@type":"ReadAction","target":["https:\/\/www.vegaintro-projekti.com\/pilar-stari\/2019\/06\/pomocnik-ravnatelja-instituta-pilar-dr-sc-drazen-zivic-na-promociji-polaznika-hrvatskog-vojnog-ucilista-dr-franjo-tudman\/"]}]},{"@type":"BreadcrumbList","@id":"https:\/\/www.vegaintro-projekti.com\/pilar-stari\/2019\/06\/pomocnik-ravnatelja-instituta-pilar-dr-sc-drazen-zivic-na-promociji-polaznika-hrvatskog-vojnog-ucilista-dr-franjo-tudman\/#breadcrumb","itemListElement":[{"@type":"ListItem","position":1,"name":"Home","item":"https:\/\/www.vegaintro-projekti.com\/pilar-stari\/"},{"@type":"ListItem","position":2,"name":"Pomo\u0107nik ravnatelja Instituta dr. sc. Dra\u017een \u017divi\u0107 na promociji polaznika Hrvatskog vojnog u\u010dili\u0161ta &#8220;Dr. Franjo Tu\u0111man&#8221;"}]},{"@type":"WebSite","@id":"https:\/\/www.vegaintro-projekti.com\/pilar-stari\/#website","url":"https:\/\/www.vegaintro-projekti.com\/pilar-stari\/","name":"Institut dru&scaron;tvenih znanosti Ivo Pilar","description":"Pilar","potentialAction":[{"@type":"SearchAction","target":{"@type":"EntryPoint","urlTemplate":"https:\/\/www.vegaintro-projekti.com\/pilar-stari\/?s={search_term_string}"},"query-input":"required name=search_term_string"}],"inLanguage":"hr"},{"@type":"Person","@id":"https:\/\/www.vegaintro-projekti.com\/pilar-stari\/#\/schema\/person\/ddd404c9f1e15e4ffef5986ac6a5d28b","name":"Boris","image":{"@type":"ImageObject","inLanguage":"hr","@id":"https:\/\/www.vegaintro-projekti.com\/pilar-stari\/#\/schema\/person\/image\/","url":"https:\/\/secure.gravatar.com\/avatar\/29557b161a6ce6ab86ac1503164f1e90?s=96&d=mm&r=g","contentUrl":"https:\/\/secure.gravatar.com\/avatar\/29557b161a6ce6ab86ac1503164f1e90?s=96&d=mm&r=g","caption":"Boris"},"url":"https:\/\/www.vegaintro-projekti.com\/pilar-stari\/author\/boris\/"}]}},"_links":{"self":[{"href":"https:\/\/www.vegaintro-projekti.com\/pilar-stari\/wp-json\/wp\/v2\/posts\/13096"}],"collection":[{"href":"https:\/\/www.vegaintro-projekti.com\/pilar-stari\/wp-json\/wp\/v2\/posts"}],"about":[{"href":"https:\/\/www.vegaintro-projekti.com\/pilar-stari\/wp-json\/wp\/v2\/types\/post"}],"author":[{"embeddable":true,"href":"https:\/\/www.vegaintro-projekti.com\/pilar-stari\/wp-json\/wp\/v2\/users\/7"}],"replies":[{"embeddable":true,"href":"https:\/\/www.vegaintro-projekti.com\/pilar-stari\/wp-json\/wp\/v2\/comments?post=13096"}],"version-history":[{"count":4,"href":"https:\/\/www.vegaintro-projekti.com\/pilar-stari\/wp-json\/wp\/v2\/posts\/13096\/revisions"}],"predecessor-version":[{"id":13100,"href":"https:\/\/www.vegaintro-projekti.com\/pilar-stari\/wp-json\/wp\/v2\/posts\/13096\/revisions\/13100"}],"wp:featuredmedia":[{"embeddable":true,"href":"https:\/\/www.vegaintro-projekti.com\/pilar-stari\/wp-json\/wp\/v2\/media\/13095"}],"wp:attachment":[{"href":"https:\/\/www.vegaintro-projekti.com\/pilar-stari\/wp-json\/wp\/v2\/media?parent=13096"}],"wp:term":[{"taxonomy":"category","embeddable":true,"href":"https:\/\/www.vegaintro-projekti.com\/pilar-stari\/wp-json\/wp\/v2\/categories?post=13096"},{"taxonomy":"post_tag","embeddable":true,"href":"https:\/\/www.vegaintro-projekti.com\/pilar-stari\/wp-json\/wp\/v2\/tags?post=13096"}],"curies":[{"name":"wp","href":"https:\/\/api.w.org\/{rel}","templated":true}]}}