{"id":13125,"date":"2019-07-06T10:30:47","date_gmt":"2019-07-06T10:30:47","guid":{"rendered":"https:\/\/www.vegaintro-projekti.com\/pilar-stari\/?p=13125"},"modified":"2019-07-08T11:34:39","modified_gmt":"2019-07-08T11:34:39","slug":"dr-sc-drazen-zivic-o-boljim-demografskim-rezultatima-4-7-2019","status":"publish","type":"post","link":"https:\/\/www.vegaintro-projekti.com\/pilar-stari\/2019\/07\/dr-sc-drazen-zivic-o-boljim-demografskim-rezultatima-4-7-2019\/","title":{"rendered":"Dr. sc. Dra\u017een \u017divi\u0107 o boljim demografskim rezultatima, 4. 7. 2019."},"content":{"rendered":"<p><strong>Glas Slavonije u broju od 4. srpnja 2019. objavljuje prilog pod naslovom &#8220;BOLJI DEMOGRAFSKI REZULTATI: Gotovo 400 novoro\u0111enih vi\u0161e i 771 preminuli manje&#8221; s komentarima dr. sc. Dra\u017eena \u017divi\u0107a, pomo\u0107nika ravnatelja Instituta Ivo Pilar.<\/strong> \u2212 <a href=\"https:\/\/www.vegaintro-projekti.com\/pilar-stari\/wp-content\/uploads\/2019\/07\/Demografija.jpg\">Tiskano izdanje<\/a> | <a href=\"http:\/\/www.glas-slavonije.hr\/404011\/1\/Gotovo-400-novorodjenih-vise-i-771-preminuli-manje\">On line izdanje<\/a><\/p>\n<p><a href=\"https:\/\/www.vegaintro-projekti.com\/pilar-stari\/wp-content\/uploads\/2019\/07\/Demografija.jpg\"><img decoding=\"async\" loading=\"lazy\" class=\"alignnone wp-image-13123 size-full\" src=\"https:\/\/www.vegaintro-projekti.com\/pilar-stari\/wp-content\/uploads\/2019\/07\/Demografija_s.jpg\" alt=\"\" width=\"620\" height=\"934\" srcset=\"https:\/\/www.vegaintro-projekti.com\/pilar-stari\/wp-content\/uploads\/2019\/07\/Demografija_s.jpg 620w, https:\/\/www.vegaintro-projekti.com\/pilar-stari\/wp-content\/uploads\/2019\/07\/Demografija_s-199x300.jpg 199w\" sizes=\"(max-width: 620px) 100vw, 620px\" \/><\/a><\/p>\n<p><strong>\u2212 Tiskano izdanje:<\/strong> <a href=\"https:\/\/www.vegaintro-projekti.com\/pilar-stari\/wp-content\/uploads\/2019\/07\/Demografija.jpg\">BOLJI DEMOGRAFSKI REZULTATI: Gotovo 400 novoro\u0111enih vi\u0161e i 771 preminuli manje, Glas Slavonije, 4. srpnja 2019.<\/a><br \/>\n<strong>\u2212 On line izdanje:<\/strong> <a href=\"http:\/\/www.glas-slavonije.hr\/404011\/1\/Gotovo-400-novorodjenih-vise-i-771-preminuli-manje\">BOLJI DEMOGRAFSKI REZULTATI: Gotovo 400 novoro\u0111enih vi\u0161e i 771 preminuli manje, Glas Slavonije, 4. srpnja 2019.<\/a><\/p>\n<blockquote><p><a href=\"https:\/\/www.vegaintro-projekti.com\/pilar-stari\/biografije\/user-bio\/?my_user_id=66\">Dr. sc. Dra\u017een \u017divi\u0107<\/a><\/p>\n<p><a href=\"https:\/\/www.vegaintro-projekti.com\/pilar-stari\/2018\/04\/podruni-centar-vukovar-2\/\">Podru\u010dni centar Vukovar<\/a><\/p><\/blockquote>\n","protected":false},"excerpt":{"rendered":"<p>Glas Slavonije u broju od 4. srpnja 2019. objavljuje prilog pod naslovom &#8220;BOLJI DEMOGRAFSKI REZULTATI: Gotovo 400 novoro\u0111enih vi\u0161e i 771 preminuli manje&#8221; s komentarima dr. sc. Dra\u017eena \u017divi\u0107a, pomo\u0107nika ravnatelja Instituta Ivo Pilar. \u2212 Tiskano izdanje | On line izdanje \u2212 Tiskano izdanje: BOLJI DEMOGRAFSKI REZULTATI: Gotovo 400 novoro\u0111enih vi\u0161e i 771 preminuli manje,&hellip; <a class=\"continue\" href=\"https:\/\/www.vegaintro-projekti.com\/pilar-stari\/2019\/07\/dr-sc-drazen-zivic-o-boljim-demografskim-rezultatima-4-7-2019\/\">Pro\u010ditaj vi\u0161e o<span> Dr. sc. Dra\u017een \u017divi\u0107 o boljim demografskim rezultatima, 4. 7. 2019.<\/span><\/a><\/p>\n","protected":false},"author":7,"featured_media":13124,"comment_status":"closed","ping_status":"closed","sticky":false,"template":"","format":"standard","meta":{"inline_featured_image":false,"ngg_post_thumbnail":0,"footnotes":""},"categories":[48,12],"tags":[],"yoast_head":"<!-- This site is optimized with the Yoast SEO plugin v21.2 - https:\/\/yoast.com\/wordpress\/plugins\/seo\/ -->\n<title>Dr. sc. Dra\u017een \u017divi\u0107 o boljim demografskim rezultatima, 4. 7. 2019. - Institut dru&scaron;tvenih znanosti Ivo Pilar<\/title>\n<meta name=\"robots\" content=\"noindex, follow, max-snippet:-1, max-image-preview:large, max-video-preview:-1\" \/>\n<meta property=\"og:locale\" content=\"hr_HR\" \/>\n<meta property=\"og:type\" content=\"article\" \/>\n<meta property=\"og:title\" content=\"Dr. sc. Dra\u017een \u017divi\u0107 o boljim demografskim rezultatima, 4. 7. 2019. - Institut dru&scaron;tvenih znanosti Ivo Pilar\" \/>\n<meta property=\"og:description\" content=\"Glas Slavonije u broju od 4. srpnja 2019. objavljuje prilog pod naslovom &#8220;BOLJI DEMOGRAFSKI REZULTATI: Gotovo 400 novoro\u0111enih vi\u0161e i 771 preminuli manje&#8221; s komentarima dr. sc. Dra\u017eena \u017divi\u0107a, pomo\u0107nika ravnatelja Instituta Ivo Pilar. \u2212 Tiskano izdanje | On line izdanje \u2212 Tiskano izdanje: BOLJI DEMOGRAFSKI REZULTATI: Gotovo 400 novoro\u0111enih vi\u0161e i 771 preminuli manje,&hellip; Pro\u010ditaj vi\u0161e o Dr. sc. Dra\u017een \u017divi\u0107 o boljim demografskim rezultatima, 4. 7. 2019.\" \/>\n<meta property=\"og:url\" content=\"https:\/\/www.vegaintro-projekti.com\/pilar-stari\/2019\/07\/dr-sc-drazen-zivic-o-boljim-demografskim-rezultatima-4-7-2019\/\" \/>\n<meta property=\"og:site_name\" content=\"Institut dru&scaron;tvenih znanosti Ivo Pilar\" \/>\n<meta property=\"article:published_time\" content=\"2019-07-06T10:30:47+00:00\" \/>\n<meta property=\"article:modified_time\" content=\"2019-07-08T11:34:39+00:00\" \/>\n<meta property=\"og:image\" content=\"https:\/\/www.vegaintro-projekti.com\/pilar-stari\/wp-content\/uploads\/2019\/07\/DZivic.jpg\" \/>\n\t<meta property=\"og:image:width\" content=\"652\" \/>\n\t<meta property=\"og:image:height\" content=\"433\" \/>\n\t<meta property=\"og:image:type\" content=\"image\/jpeg\" \/>\n<meta name=\"author\" content=\"Boris\" \/>\n<meta name=\"twitter:card\" content=\"summary_large_image\" \/>\n<meta name=\"twitter:label1\" content=\"Napisao\/la\" \/>\n\t<meta name=\"twitter:data1\" content=\"Boris\" \/>\n<script type=\"application\/ld+json\" class=\"yoast-schema-graph\">{\"@context\":\"https:\/\/schema.org\",\"@graph\":[{\"@type\":\"WebPage\",\"@id\":\"https:\/\/www.vegaintro-projekti.com\/pilar-stari\/2019\/07\/dr-sc-drazen-zivic-o-boljim-demografskim-rezultatima-4-7-2019\/\",\"url\":\"https:\/\/www.vegaintro-projekti.com\/pilar-stari\/2019\/07\/dr-sc-drazen-zivic-o-boljim-demografskim-rezultatima-4-7-2019\/\",\"name\":\"Dr. sc. Dra\u017een \u017divi\u0107 o boljim demografskim rezultatima, 4. 7. 2019. - Institut dru&scaron;tvenih znanosti Ivo Pilar\",\"isPartOf\":{\"@id\":\"https:\/\/www.vegaintro-projekti.com\/pilar-stari\/#website\"},\"datePublished\":\"2019-07-06T10:30:47+00:00\",\"dateModified\":\"2019-07-08T11:34:39+00:00\",\"author\":{\"@id\":\"https:\/\/www.vegaintro-projekti.com\/pilar-stari\/#\/schema\/person\/ddd404c9f1e15e4ffef5986ac6a5d28b\"},\"breadcrumb\":{\"@id\":\"https:\/\/www.vegaintro-projekti.com\/pilar-stari\/2019\/07\/dr-sc-drazen-zivic-o-boljim-demografskim-rezultatima-4-7-2019\/#breadcrumb\"},\"inLanguage\":\"hr\",\"potentialAction\":[{\"@type\":\"ReadAction\",\"target\":[\"https:\/\/www.vegaintro-projekti.com\/pilar-stari\/2019\/07\/dr-sc-drazen-zivic-o-boljim-demografskim-rezultatima-4-7-2019\/\"]}]},{\"@type\":\"BreadcrumbList\",\"@id\":\"https:\/\/www.vegaintro-projekti.com\/pilar-stari\/2019\/07\/dr-sc-drazen-zivic-o-boljim-demografskim-rezultatima-4-7-2019\/#breadcrumb\",\"itemListElement\":[{\"@type\":\"ListItem\",\"position\":1,\"name\":\"Home\",\"item\":\"https:\/\/www.vegaintro-projekti.com\/pilar-stari\/\"},{\"@type\":\"ListItem\",\"position\":2,\"name\":\"Dr. sc. Dra\u017een \u017divi\u0107 o boljim demografskim rezultatima, 4. 7. 2019.\"}]},{\"@type\":\"WebSite\",\"@id\":\"https:\/\/www.vegaintro-projekti.com\/pilar-stari\/#website\",\"url\":\"https:\/\/www.vegaintro-projekti.com\/pilar-stari\/\",\"name\":\"Institut dru&scaron;tvenih znanosti Ivo Pilar\",\"description\":\"Pilar\",\"potentialAction\":[{\"@type\":\"SearchAction\",\"target\":{\"@type\":\"EntryPoint\",\"urlTemplate\":\"https:\/\/www.vegaintro-projekti.com\/pilar-stari\/?s={search_term_string}\"},\"query-input\":\"required name=search_term_string\"}],\"inLanguage\":\"hr\"},{\"@type\":\"Person\",\"@id\":\"https:\/\/www.vegaintro-projekti.com\/pilar-stari\/#\/schema\/person\/ddd404c9f1e15e4ffef5986ac6a5d28b\",\"name\":\"Boris\",\"image\":{\"@type\":\"ImageObject\",\"inLanguage\":\"hr\",\"@id\":\"https:\/\/www.vegaintro-projekti.com\/pilar-stari\/#\/schema\/person\/image\/\",\"url\":\"https:\/\/secure.gravatar.com\/avatar\/29557b161a6ce6ab86ac1503164f1e90?s=96&d=mm&r=g\",\"contentUrl\":\"https:\/\/secure.gravatar.com\/avatar\/29557b161a6ce6ab86ac1503164f1e90?s=96&d=mm&r=g\",\"caption\":\"Boris\"},\"url\":\"https:\/\/www.vegaintro-projekti.com\/pilar-stari\/author\/boris\/\"}]}<\/script>\n<!-- \/ Yoast SEO plugin. -->","yoast_head_json":{"title":"Dr. sc. Dra\u017een \u017divi\u0107 o boljim demografskim rezultatima, 4. 7. 2019. - Institut dru&scaron;tvenih znanosti Ivo Pilar","robots":{"index":"noindex","follow":"follow","max-snippet":"max-snippet:-1","max-image-preview":"max-image-preview:large","max-video-preview":"max-video-preview:-1"},"og_locale":"hr_HR","og_type":"article","og_title":"Dr. sc. Dra\u017een \u017divi\u0107 o boljim demografskim rezultatima, 4. 7. 2019. - Institut dru&scaron;tvenih znanosti Ivo Pilar","og_description":"Glas Slavonije u broju od 4. srpnja 2019. objavljuje prilog pod naslovom &#8220;BOLJI DEMOGRAFSKI REZULTATI: Gotovo 400 novoro\u0111enih vi\u0161e i 771 preminuli manje&#8221; s komentarima dr. sc. Dra\u017eena \u017divi\u0107a, pomo\u0107nika ravnatelja Instituta Ivo Pilar. \u2212 Tiskano izdanje | On line izdanje \u2212 Tiskano izdanje: BOLJI DEMOGRAFSKI REZULTATI: Gotovo 400 novoro\u0111enih vi\u0161e i 771 preminuli manje,&hellip; Pro\u010ditaj vi\u0161e o Dr. sc. Dra\u017een \u017divi\u0107 o boljim demografskim rezultatima, 4. 7. 2019.","og_url":"https:\/\/www.vegaintro-projekti.com\/pilar-stari\/2019\/07\/dr-sc-drazen-zivic-o-boljim-demografskim-rezultatima-4-7-2019\/","og_site_name":"Institut dru&scaron;tvenih znanosti Ivo Pilar","article_published_time":"2019-07-06T10:30:47+00:00","article_modified_time":"2019-07-08T11:34:39+00:00","og_image":[{"width":652,"height":433,"url":"https:\/\/www.vegaintro-projekti.com\/pilar-stari\/wp-content\/uploads\/2019\/07\/DZivic.jpg","type":"image\/jpeg"}],"author":"Boris","twitter_card":"summary_large_image","twitter_misc":{"Napisao\/la":"Boris"},"schema":{"@context":"https:\/\/schema.org","@graph":[{"@type":"WebPage","@id":"https:\/\/www.vegaintro-projekti.com\/pilar-stari\/2019\/07\/dr-sc-drazen-zivic-o-boljim-demografskim-rezultatima-4-7-2019\/","url":"https:\/\/www.vegaintro-projekti.com\/pilar-stari\/2019\/07\/dr-sc-drazen-zivic-o-boljim-demografskim-rezultatima-4-7-2019\/","name":"Dr. sc. Dra\u017een \u017divi\u0107 o boljim demografskim rezultatima, 4. 7. 2019. - Institut dru&scaron;tvenih znanosti Ivo Pilar","isPartOf":{"@id":"https:\/\/www.vegaintro-projekti.com\/pilar-stari\/#website"},"datePublished":"2019-07-06T10:30:47+00:00","dateModified":"2019-07-08T11:34:39+00:00","author":{"@id":"https:\/\/www.vegaintro-projekti.com\/pilar-stari\/#\/schema\/person\/ddd404c9f1e15e4ffef5986ac6a5d28b"},"breadcrumb":{"@id":"https:\/\/www.vegaintro-projekti.com\/pilar-stari\/2019\/07\/dr-sc-drazen-zivic-o-boljim-demografskim-rezultatima-4-7-2019\/#breadcrumb"},"inLanguage":"hr","potentialAction":[{"@type":"ReadAction","target":["https:\/\/www.vegaintro-projekti.com\/pilar-stari\/2019\/07\/dr-sc-drazen-zivic-o-boljim-demografskim-rezultatima-4-7-2019\/"]}]},{"@type":"BreadcrumbList","@id":"https:\/\/www.vegaintro-projekti.com\/pilar-stari\/2019\/07\/dr-sc-drazen-zivic-o-boljim-demografskim-rezultatima-4-7-2019\/#breadcrumb","itemListElement":[{"@type":"ListItem","position":1,"name":"Home","item":"https:\/\/www.vegaintro-projekti.com\/pilar-stari\/"},{"@type":"ListItem","position":2,"name":"Dr. sc. Dra\u017een \u017divi\u0107 o boljim demografskim rezultatima, 4. 7. 2019."}]},{"@type":"WebSite","@id":"https:\/\/www.vegaintro-projekti.com\/pilar-stari\/#website","url":"https:\/\/www.vegaintro-projekti.com\/pilar-stari\/","name":"Institut dru&scaron;tvenih znanosti Ivo Pilar","description":"Pilar","potentialAction":[{"@type":"SearchAction","target":{"@type":"EntryPoint","urlTemplate":"https:\/\/www.vegaintro-projekti.com\/pilar-stari\/?s={search_term_string}"},"query-input":"required name=search_term_string"}],"inLanguage":"hr"},{"@type":"Person","@id":"https:\/\/www.vegaintro-projekti.com\/pilar-stari\/#\/schema\/person\/ddd404c9f1e15e4ffef5986ac6a5d28b","name":"Boris","image":{"@type":"ImageObject","inLanguage":"hr","@id":"https:\/\/www.vegaintro-projekti.com\/pilar-stari\/#\/schema\/person\/image\/","url":"https:\/\/secure.gravatar.com\/avatar\/29557b161a6ce6ab86ac1503164f1e90?s=96&d=mm&r=g","contentUrl":"https:\/\/secure.gravatar.com\/avatar\/29557b161a6ce6ab86ac1503164f1e90?s=96&d=mm&r=g","caption":"Boris"},"url":"https:\/\/www.vegaintro-projekti.com\/pilar-stari\/author\/boris\/"}]}},"_links":{"self":[{"href":"https:\/\/www.vegaintro-projekti.com\/pilar-stari\/wp-json\/wp\/v2\/posts\/13125"}],"collection":[{"href":"https:\/\/www.vegaintro-projekti.com\/pilar-stari\/wp-json\/wp\/v2\/posts"}],"about":[{"href":"https:\/\/www.vegaintro-projekti.com\/pilar-stari\/wp-json\/wp\/v2\/types\/post"}],"author":[{"embeddable":true,"href":"https:\/\/www.vegaintro-projekti.com\/pilar-stari\/wp-json\/wp\/v2\/users\/7"}],"replies":[{"embeddable":true,"href":"https:\/\/www.vegaintro-projekti.com\/pilar-stari\/wp-json\/wp\/v2\/comments?post=13125"}],"version-history":[{"count":1,"href":"https:\/\/www.vegaintro-projekti.com\/pilar-stari\/wp-json\/wp\/v2\/posts\/13125\/revisions"}],"predecessor-version":[{"id":13126,"href":"https:\/\/www.vegaintro-projekti.com\/pilar-stari\/wp-json\/wp\/v2\/posts\/13125\/revisions\/13126"}],"wp:featuredmedia":[{"embeddable":true,"href":"https:\/\/www.vegaintro-projekti.com\/pilar-stari\/wp-json\/wp\/v2\/media\/13124"}],"wp:attachment":[{"href":"https:\/\/www.vegaintro-projekti.com\/pilar-stari\/wp-json\/wp\/v2\/media?parent=13125"}],"wp:term":[{"taxonomy":"category","embeddable":true,"href":"https:\/\/www.vegaintro-projekti.com\/pilar-stari\/wp-json\/wp\/v2\/categories?post=13125"},{"taxonomy":"post_tag","embeddable":true,"href":"https:\/\/www.vegaintro-projekti.com\/pilar-stari\/wp-json\/wp\/v2\/tags?post=13125"}],"curies":[{"name":"wp","href":"https:\/\/api.w.org\/{rel}","templated":true}]}}