{"id":13148,"date":"2019-07-09T18:37:21","date_gmt":"2019-07-09T18:37:21","guid":{"rendered":"https:\/\/www.vegaintro-projekti.com\/pilar-stari\/?p=13148"},"modified":"2019-07-14T14:49:37","modified_gmt":"2019-07-14T14:49:37","slug":"radionica-snimanja-kratkih-filmova-u-sklopu-projekta-chief-11-12-lipanj-2019","status":"publish","type":"post","link":"https:\/\/www.vegaintro-projekti.com\/pilar-stari\/2019\/07\/radionica-snimanja-kratkih-filmova-u-sklopu-projekta-chief-11-12-lipanj-2019\/","title":{"rendered":"Radionica snimanja kratkih filmova u sklopu projekta CHIEF, 11.-12. lipnja 2019."},"content":{"rendered":"<p><strong>U sklopu projekta CHIEF (Cultural Heritage and Indentities of Europe\u00b4s Future) organizirana je dvodnevna radionica o snimanju kratkih filmova koju su vodili istra\u017eiva\u010di s Culture Coventry iz Coventryja Simon Wellman i Robert Nolman. Radionica je dio radnog paketa 7 \u00b4Engagement with young people\u00b4s cultural practices\u00b4 u sklopu kojeg istra\u017eiva\u010di iz hrvatskog tima projekta, Dino Vuku\u0161i\u0107 i Vanja Dergi\u0107, rade etnografiju pod nazivom \u00b4Jeboton ansambl\u00b4. Etnografija se bavi grupom mladih uli\u010dnih svira\u010da \u010dije aktivnosti i rad doprinose razvoju okru\u017eenja za me\u0111u-kulturalni dijalog i rad na do-it-yourself principima u lokalnoj zajednici \u2212<\/strong>&nbsp;<a href=\"http:\/\/chiefproject.eu\/about\/\">O projektu<\/a><\/p>\n<p><a href=\"https:\/\/www.vegaintro-projekti.com\/pilar-stari\/wp-content\/uploads\/2019\/07\/1.jpg\"><img decoding=\"async\" loading=\"lazy\" class=\"alignnone wp-image-13139 size-full\" src=\"https:\/\/www.vegaintro-projekti.com\/pilar-stari\/wp-content\/uploads\/2019\/07\/1-s.jpg\" alt=\"\" width=\"310\" height=\"233\" srcset=\"https:\/\/www.vegaintro-projekti.com\/pilar-stari\/wp-content\/uploads\/2019\/07\/1-s.jpg 310w, https:\/\/www.vegaintro-projekti.com\/pilar-stari\/wp-content\/uploads\/2019\/07\/1-s-300x225.jpg 300w\" sizes=\"(max-width: 310px) 100vw, 310px\" \/><\/a><a href=\"https:\/\/www.vegaintro-projekti.com\/pilar-stari\/wp-content\/uploads\/2019\/07\/4_l.jpg\"><img decoding=\"async\" loading=\"lazy\" class=\"alignnone wp-image-13145 size-full\" src=\"https:\/\/www.vegaintro-projekti.com\/pilar-stari\/wp-content\/uploads\/2019\/07\/4.jpg\" alt=\"\" width=\"310\" height=\"233\" srcset=\"https:\/\/www.vegaintro-projekti.com\/pilar-stari\/wp-content\/uploads\/2019\/07\/4.jpg 310w, https:\/\/www.vegaintro-projekti.com\/pilar-stari\/wp-content\/uploads\/2019\/07\/4-300x225.jpg 300w\" sizes=\"(max-width: 310px) 100vw, 310px\" \/><\/a><a href=\"https:\/\/www.vegaintro-projekti.com\/pilar-stari\/wp-content\/uploads\/2019\/07\/2.jpg\"><img decoding=\"async\" loading=\"lazy\" class=\"alignnone wp-image-13142 size-full\" src=\"https:\/\/www.vegaintro-projekti.com\/pilar-stari\/wp-content\/uploads\/2019\/07\/2-s.jpg\" alt=\"\" width=\"620\" height=\"359\" srcset=\"https:\/\/www.vegaintro-projekti.com\/pilar-stari\/wp-content\/uploads\/2019\/07\/2-s.jpg 620w, https:\/\/www.vegaintro-projekti.com\/pilar-stari\/wp-content\/uploads\/2019\/07\/2-s-300x174.jpg 300w\" sizes=\"(max-width: 620px) 100vw, 620px\" \/><\/a><a href=\"https:\/\/www.vegaintro-projekti.com\/pilar-stari\/wp-content\/uploads\/2019\/07\/3.jpg\"><img decoding=\"async\" loading=\"lazy\" class=\"alignnone wp-image-13150 size-full\" src=\"https:\/\/www.vegaintro-projekti.com\/pilar-stari\/wp-content\/uploads\/2019\/07\/3-sss.jpg\" alt=\"\" width=\"620\" height=\"278\" srcset=\"https:\/\/www.vegaintro-projekti.com\/pilar-stari\/wp-content\/uploads\/2019\/07\/3-sss.jpg 620w, https:\/\/www.vegaintro-projekti.com\/pilar-stari\/wp-content\/uploads\/2019\/07\/3-sss-300x135.jpg 300w\" sizes=\"(max-width: 620px) 100vw, 620px\" \/><\/a><\/p>\n<p>Kroz dva dana koliko je radionica trajala, sudionici etnografije iz Jeboton ansambla, zajedno sa zainteresiranim asistentima s Instituta Ivo Pilar, u\u010dili su kako pristupiti izradi kratkog filma i prikazati rad grupe u kontekstu kulturne ba\u0161tine, kako snimiti i montirati snimljene materijale te kako producirati kratki film koji \u0107e uskoro biti objavljen na online platformi \u00b4Our lives our culture&#8217;.<\/p>\n<p><img decoding=\"async\" loading=\"lazy\" class=\"size-full wp-image-13146 alignleft\" src=\"https:\/\/www.vegaintro-projekti.com\/pilar-stari\/wp-content\/uploads\/2019\/07\/chief-logo.png\" alt=\"\" width=\"110\" height=\"79\"><\/p>\n<p>&nbsp;<\/p>\n<p><strong>Vi\u0161e o projektu CHIEF:<br \/>\n<\/strong><a href=\"http:\/\/chiefproject.eu\/about\/\">http:\/\/chiefproject.eu\/about\/<\/a><\/p>\n<p><img decoding=\"async\" loading=\"lazy\" class=\" wp-image-13147 alignleft\" src=\"https:\/\/www.vegaintro-projekti.com\/pilar-stari\/wp-content\/uploads\/2019\/07\/cropped-ourlives-logo.png\" alt=\"\" width=\"117\" height=\"117\" srcset=\"https:\/\/www.vegaintro-projekti.com\/pilar-stari\/wp-content\/uploads\/2019\/07\/cropped-ourlives-logo.png 250w, https:\/\/www.vegaintro-projekti.com\/pilar-stari\/wp-content\/uploads\/2019\/07\/cropped-ourlives-logo-150x150.png 150w\" sizes=\"(max-width: 117px) 100vw, 117px\" \/><\/p>\n<p>&nbsp;<\/p>\n<p><strong>Vi\u0161e o online platformi \u00b4Our lives our culture\u00b4:<\/strong> <a href=\"http:\/\/ourlivesourculture.com\/about\/\">http:\/\/ourlivesourculture.com\/about\/<\/a><\/p>\n<p>&nbsp;<\/p>\n<p>&nbsp;<\/p>\n<blockquote><p><a href=\"https:\/\/www.vegaintro-projekti.com\/pilar-stari\/2018\/10\/institut-u-projektu-cultural-heritage-and-identities-of-europes-future-chief\/\">Institut Pilar u projektu Cultural Heritage and Identities of Europe\u2019s Future \u2013 CHIEF<\/a><\/p><\/blockquote>\n","protected":false},"excerpt":{"rendered":"<p>U sklopu projekta CHIEF (Cultural Heritage and Indentities of Europe\u00b4s Future) organizirana je dvodnevna radionica o snimanju kratkih filmova koju su vodili istra\u017eiva\u010di s Culture Coventry iz Coventryja Simon Wellman i Robert Nolman. Radionica je dio radnog paketa 7 \u00b4Engagement with young people\u00b4s cultural practices\u00b4 u sklopu kojeg istra\u017eiva\u010di iz hrvatskog tima projekta, Dino Vuku\u0161i\u0107&hellip; <a class=\"continue\" href=\"https:\/\/www.vegaintro-projekti.com\/pilar-stari\/2019\/07\/radionica-snimanja-kratkih-filmova-u-sklopu-projekta-chief-11-12-lipanj-2019\/\">Pro\u010ditaj vi\u0161e o<span> Radionica snimanja kratkih filmova u sklopu projekta CHIEF, 11.-12. lipnja 2019.<\/span><\/a><\/p>\n","protected":false},"author":7,"featured_media":13141,"comment_status":"closed","ping_status":"closed","sticky":false,"template":"","format":"standard","meta":{"inline_featured_image":false,"ngg_post_thumbnail":0,"footnotes":""},"categories":[29],"tags":[],"yoast_head":"<!-- This site is optimized with the Yoast SEO plugin v21.2 - https:\/\/yoast.com\/wordpress\/plugins\/seo\/ -->\n<title>Radionica snimanja kratkih filmova u sklopu projekta CHIEF, 11.-12. lipnja 2019. - Institut dru&scaron;tvenih znanosti Ivo Pilar<\/title>\n<meta name=\"robots\" content=\"noindex, follow, max-snippet:-1, max-image-preview:large, max-video-preview:-1\" \/>\n<meta property=\"og:locale\" content=\"hr_HR\" \/>\n<meta property=\"og:type\" content=\"article\" \/>\n<meta property=\"og:title\" content=\"Radionica snimanja kratkih filmova u sklopu projekta CHIEF, 11.-12. lipnja 2019. - Institut dru&scaron;tvenih znanosti Ivo Pilar\" \/>\n<meta property=\"og:description\" content=\"U sklopu projekta CHIEF (Cultural Heritage and Indentities of Europe\u00b4s Future) organizirana je dvodnevna radionica o snimanju kratkih filmova koju su vodili istra\u017eiva\u010di s Culture Coventry iz Coventryja Simon Wellman i Robert Nolman. Radionica je dio radnog paketa 7 \u00b4Engagement with young people\u00b4s cultural practices\u00b4 u sklopu kojeg istra\u017eiva\u010di iz hrvatskog tima projekta, Dino Vuku\u0161i\u0107&hellip; Pro\u010ditaj vi\u0161e o Radionica snimanja kratkih filmova u sklopu projekta CHIEF, 11.-12. lipnja 2019.\" \/>\n<meta property=\"og:url\" content=\"https:\/\/www.vegaintro-projekti.com\/pilar-stari\/2019\/07\/radionica-snimanja-kratkih-filmova-u-sklopu-projekta-chief-11-12-lipanj-2019\/\" \/>\n<meta property=\"og:site_name\" content=\"Institut dru&scaron;tvenih znanosti Ivo Pilar\" \/>\n<meta property=\"article:published_time\" content=\"2019-07-09T18:37:21+00:00\" \/>\n<meta property=\"article:modified_time\" content=\"2019-07-14T14:49:37+00:00\" \/>\n<meta property=\"og:image\" content=\"https:\/\/www.vegaintro-projekti.com\/pilar-stari\/wp-content\/uploads\/2019\/07\/2-fi.jpg\" \/>\n\t<meta property=\"og:image:width\" content=\"1024\" \/>\n\t<meta property=\"og:image:height\" content=\"593\" \/>\n\t<meta property=\"og:image:type\" content=\"image\/jpeg\" \/>\n<meta name=\"author\" content=\"Boris\" \/>\n<meta name=\"twitter:card\" content=\"summary_large_image\" \/>\n<meta name=\"twitter:label1\" content=\"Napisao\/la\" \/>\n\t<meta name=\"twitter:data1\" content=\"Boris\" \/>\n\t<meta name=\"twitter:label2\" content=\"Procijenjeno vrijeme \u010ditanja\" \/>\n\t<meta name=\"twitter:data2\" content=\"1 minuta\" \/>\n<script type=\"application\/ld+json\" class=\"yoast-schema-graph\">{\"@context\":\"https:\/\/schema.org\",\"@graph\":[{\"@type\":\"WebPage\",\"@id\":\"https:\/\/www.vegaintro-projekti.com\/pilar-stari\/2019\/07\/radionica-snimanja-kratkih-filmova-u-sklopu-projekta-chief-11-12-lipanj-2019\/\",\"url\":\"https:\/\/www.vegaintro-projekti.com\/pilar-stari\/2019\/07\/radionica-snimanja-kratkih-filmova-u-sklopu-projekta-chief-11-12-lipanj-2019\/\",\"name\":\"Radionica snimanja kratkih filmova u sklopu projekta CHIEF, 11.-12. lipnja 2019. - Institut dru&scaron;tvenih znanosti Ivo Pilar\",\"isPartOf\":{\"@id\":\"https:\/\/www.vegaintro-projekti.com\/pilar-stari\/#website\"},\"datePublished\":\"2019-07-09T18:37:21+00:00\",\"dateModified\":\"2019-07-14T14:49:37+00:00\",\"author\":{\"@id\":\"https:\/\/www.vegaintro-projekti.com\/pilar-stari\/#\/schema\/person\/ddd404c9f1e15e4ffef5986ac6a5d28b\"},\"breadcrumb\":{\"@id\":\"https:\/\/www.vegaintro-projekti.com\/pilar-stari\/2019\/07\/radionica-snimanja-kratkih-filmova-u-sklopu-projekta-chief-11-12-lipanj-2019\/#breadcrumb\"},\"inLanguage\":\"hr\",\"potentialAction\":[{\"@type\":\"ReadAction\",\"target\":[\"https:\/\/www.vegaintro-projekti.com\/pilar-stari\/2019\/07\/radionica-snimanja-kratkih-filmova-u-sklopu-projekta-chief-11-12-lipanj-2019\/\"]}]},{\"@type\":\"BreadcrumbList\",\"@id\":\"https:\/\/www.vegaintro-projekti.com\/pilar-stari\/2019\/07\/radionica-snimanja-kratkih-filmova-u-sklopu-projekta-chief-11-12-lipanj-2019\/#breadcrumb\",\"itemListElement\":[{\"@type\":\"ListItem\",\"position\":1,\"name\":\"Home\",\"item\":\"https:\/\/www.vegaintro-projekti.com\/pilar-stari\/\"},{\"@type\":\"ListItem\",\"position\":2,\"name\":\"Radionica snimanja kratkih filmova u sklopu projekta CHIEF, 11.-12. lipnja 2019.\"}]},{\"@type\":\"WebSite\",\"@id\":\"https:\/\/www.vegaintro-projekti.com\/pilar-stari\/#website\",\"url\":\"https:\/\/www.vegaintro-projekti.com\/pilar-stari\/\",\"name\":\"Institut dru&scaron;tvenih znanosti Ivo Pilar\",\"description\":\"Pilar\",\"potentialAction\":[{\"@type\":\"SearchAction\",\"target\":{\"@type\":\"EntryPoint\",\"urlTemplate\":\"https:\/\/www.vegaintro-projekti.com\/pilar-stari\/?s={search_term_string}\"},\"query-input\":\"required name=search_term_string\"}],\"inLanguage\":\"hr\"},{\"@type\":\"Person\",\"@id\":\"https:\/\/www.vegaintro-projekti.com\/pilar-stari\/#\/schema\/person\/ddd404c9f1e15e4ffef5986ac6a5d28b\",\"name\":\"Boris\",\"image\":{\"@type\":\"ImageObject\",\"inLanguage\":\"hr\",\"@id\":\"https:\/\/www.vegaintro-projekti.com\/pilar-stari\/#\/schema\/person\/image\/\",\"url\":\"https:\/\/secure.gravatar.com\/avatar\/29557b161a6ce6ab86ac1503164f1e90?s=96&d=mm&r=g\",\"contentUrl\":\"https:\/\/secure.gravatar.com\/avatar\/29557b161a6ce6ab86ac1503164f1e90?s=96&d=mm&r=g\",\"caption\":\"Boris\"},\"url\":\"https:\/\/www.vegaintro-projekti.com\/pilar-stari\/author\/boris\/\"}]}<\/script>\n<!-- \/ Yoast SEO plugin. -->","yoast_head_json":{"title":"Radionica snimanja kratkih filmova u sklopu projekta CHIEF, 11.-12. lipnja 2019. - Institut dru&scaron;tvenih znanosti Ivo Pilar","robots":{"index":"noindex","follow":"follow","max-snippet":"max-snippet:-1","max-image-preview":"max-image-preview:large","max-video-preview":"max-video-preview:-1"},"og_locale":"hr_HR","og_type":"article","og_title":"Radionica snimanja kratkih filmova u sklopu projekta CHIEF, 11.-12. lipnja 2019. - Institut dru&scaron;tvenih znanosti Ivo Pilar","og_description":"U sklopu projekta CHIEF (Cultural Heritage and Indentities of Europe\u00b4s Future) organizirana je dvodnevna radionica o snimanju kratkih filmova koju su vodili istra\u017eiva\u010di s Culture Coventry iz Coventryja Simon Wellman i Robert Nolman. Radionica je dio radnog paketa 7 \u00b4Engagement with young people\u00b4s cultural practices\u00b4 u sklopu kojeg istra\u017eiva\u010di iz hrvatskog tima projekta, Dino Vuku\u0161i\u0107&hellip; Pro\u010ditaj vi\u0161e o Radionica snimanja kratkih filmova u sklopu projekta CHIEF, 11.-12. lipnja 2019.","og_url":"https:\/\/www.vegaintro-projekti.com\/pilar-stari\/2019\/07\/radionica-snimanja-kratkih-filmova-u-sklopu-projekta-chief-11-12-lipanj-2019\/","og_site_name":"Institut dru&scaron;tvenih znanosti Ivo Pilar","article_published_time":"2019-07-09T18:37:21+00:00","article_modified_time":"2019-07-14T14:49:37+00:00","og_image":[{"width":1024,"height":593,"url":"https:\/\/www.vegaintro-projekti.com\/pilar-stari\/wp-content\/uploads\/2019\/07\/2-fi.jpg","type":"image\/jpeg"}],"author":"Boris","twitter_card":"summary_large_image","twitter_misc":{"Napisao\/la":"Boris","Procijenjeno vrijeme \u010ditanja":"1 minuta"},"schema":{"@context":"https:\/\/schema.org","@graph":[{"@type":"WebPage","@id":"https:\/\/www.vegaintro-projekti.com\/pilar-stari\/2019\/07\/radionica-snimanja-kratkih-filmova-u-sklopu-projekta-chief-11-12-lipanj-2019\/","url":"https:\/\/www.vegaintro-projekti.com\/pilar-stari\/2019\/07\/radionica-snimanja-kratkih-filmova-u-sklopu-projekta-chief-11-12-lipanj-2019\/","name":"Radionica snimanja kratkih filmova u sklopu projekta CHIEF, 11.-12. lipnja 2019. - Institut dru&scaron;tvenih znanosti Ivo Pilar","isPartOf":{"@id":"https:\/\/www.vegaintro-projekti.com\/pilar-stari\/#website"},"datePublished":"2019-07-09T18:37:21+00:00","dateModified":"2019-07-14T14:49:37+00:00","author":{"@id":"https:\/\/www.vegaintro-projekti.com\/pilar-stari\/#\/schema\/person\/ddd404c9f1e15e4ffef5986ac6a5d28b"},"breadcrumb":{"@id":"https:\/\/www.vegaintro-projekti.com\/pilar-stari\/2019\/07\/radionica-snimanja-kratkih-filmova-u-sklopu-projekta-chief-11-12-lipanj-2019\/#breadcrumb"},"inLanguage":"hr","potentialAction":[{"@type":"ReadAction","target":["https:\/\/www.vegaintro-projekti.com\/pilar-stari\/2019\/07\/radionica-snimanja-kratkih-filmova-u-sklopu-projekta-chief-11-12-lipanj-2019\/"]}]},{"@type":"BreadcrumbList","@id":"https:\/\/www.vegaintro-projekti.com\/pilar-stari\/2019\/07\/radionica-snimanja-kratkih-filmova-u-sklopu-projekta-chief-11-12-lipanj-2019\/#breadcrumb","itemListElement":[{"@type":"ListItem","position":1,"name":"Home","item":"https:\/\/www.vegaintro-projekti.com\/pilar-stari\/"},{"@type":"ListItem","position":2,"name":"Radionica snimanja kratkih filmova u sklopu projekta CHIEF, 11.-12. lipnja 2019."}]},{"@type":"WebSite","@id":"https:\/\/www.vegaintro-projekti.com\/pilar-stari\/#website","url":"https:\/\/www.vegaintro-projekti.com\/pilar-stari\/","name":"Institut dru&scaron;tvenih znanosti Ivo Pilar","description":"Pilar","potentialAction":[{"@type":"SearchAction","target":{"@type":"EntryPoint","urlTemplate":"https:\/\/www.vegaintro-projekti.com\/pilar-stari\/?s={search_term_string}"},"query-input":"required name=search_term_string"}],"inLanguage":"hr"},{"@type":"Person","@id":"https:\/\/www.vegaintro-projekti.com\/pilar-stari\/#\/schema\/person\/ddd404c9f1e15e4ffef5986ac6a5d28b","name":"Boris","image":{"@type":"ImageObject","inLanguage":"hr","@id":"https:\/\/www.vegaintro-projekti.com\/pilar-stari\/#\/schema\/person\/image\/","url":"https:\/\/secure.gravatar.com\/avatar\/29557b161a6ce6ab86ac1503164f1e90?s=96&d=mm&r=g","contentUrl":"https:\/\/secure.gravatar.com\/avatar\/29557b161a6ce6ab86ac1503164f1e90?s=96&d=mm&r=g","caption":"Boris"},"url":"https:\/\/www.vegaintro-projekti.com\/pilar-stari\/author\/boris\/"}]}},"_links":{"self":[{"href":"https:\/\/www.vegaintro-projekti.com\/pilar-stari\/wp-json\/wp\/v2\/posts\/13148"}],"collection":[{"href":"https:\/\/www.vegaintro-projekti.com\/pilar-stari\/wp-json\/wp\/v2\/posts"}],"about":[{"href":"https:\/\/www.vegaintro-projekti.com\/pilar-stari\/wp-json\/wp\/v2\/types\/post"}],"author":[{"embeddable":true,"href":"https:\/\/www.vegaintro-projekti.com\/pilar-stari\/wp-json\/wp\/v2\/users\/7"}],"replies":[{"embeddable":true,"href":"https:\/\/www.vegaintro-projekti.com\/pilar-stari\/wp-json\/wp\/v2\/comments?post=13148"}],"version-history":[{"count":13,"href":"https:\/\/www.vegaintro-projekti.com\/pilar-stari\/wp-json\/wp\/v2\/posts\/13148\/revisions"}],"predecessor-version":[{"id":13164,"href":"https:\/\/www.vegaintro-projekti.com\/pilar-stari\/wp-json\/wp\/v2\/posts\/13148\/revisions\/13164"}],"wp:featuredmedia":[{"embeddable":true,"href":"https:\/\/www.vegaintro-projekti.com\/pilar-stari\/wp-json\/wp\/v2\/media\/13141"}],"wp:attachment":[{"href":"https:\/\/www.vegaintro-projekti.com\/pilar-stari\/wp-json\/wp\/v2\/media?parent=13148"}],"wp:term":[{"taxonomy":"category","embeddable":true,"href":"https:\/\/www.vegaintro-projekti.com\/pilar-stari\/wp-json\/wp\/v2\/categories?post=13148"},{"taxonomy":"post_tag","embeddable":true,"href":"https:\/\/www.vegaintro-projekti.com\/pilar-stari\/wp-json\/wp\/v2\/tags?post=13148"}],"curies":[{"name":"wp","href":"https:\/\/api.w.org\/{rel}","templated":true}]}}