{"id":13214,"date":"2019-07-11T10:11:07","date_gmt":"2019-07-11T10:11:07","guid":{"rendered":"https:\/\/www.vegaintro-projekti.com\/pilar-stari\/?p=13214"},"modified":"2019-07-18T10:25:58","modified_gmt":"2019-07-18T10:25:58","slug":"osnovan-savjet-strucnjaka-partnera-na-projektu-chief-11-srpnja-2019","status":"publish","type":"post","link":"https:\/\/www.vegaintro-projekti.com\/pilar-stari\/2019\/07\/osnovan-savjet-strucnjaka-partnera-na-projektu-chief-11-srpnja-2019\/","title":{"rendered":"Osnovan Savjet stru\u010dnjaka partnera na projektu CHIEF, 11. srpnja 2019."},"content":{"rendered":"<p><strong>U \u010detvrtak 11. srpnja 2019. u Institutu dru\u0161tvenih znanosti Ivo Pilar u Zagrebu odr\u017ean je prvi sastanak Savjeta stru\u010dnjaka partnera na projektu CHIEF (Cultural Heritage and Identities of Europe\u00b4s Future). U Savjetu sudjeluju stru\u010dnjaci iz prakse, predstavnici civilnog dru\u0161tva, predstavnici dr\u017eavnih institucija, istra\u017eiva\u010di i novinari koji zajedno sa timom istra\u017eiva\u010da i istra\u017eiva\u010dica Instituta dru\u0161tvenih znanosti Ivo Pilar savjetuju i komentiraju dobivene nalaze istra\u017eivanja, te poma\u017eu pri diseminaciji rezultata.<\/strong> \u2212 <a href=\"http:\/\/chiefproject.eu\/about\/\">O projektu<\/a><\/p>\n<p><a href=\"https:\/\/www.vegaintro-projekti.com\/pilar-stari\/wp-content\/uploads\/2019\/07\/chief_4.jpg\"><img decoding=\"async\" loading=\"lazy\" class=\"alignnone wp-image-13211 size-full\" src=\"https:\/\/www.vegaintro-projekti.com\/pilar-stari\/wp-content\/uploads\/2019\/07\/chief_4s.jpg\" alt=\"\" width=\"310\" height=\"233\" srcset=\"https:\/\/www.vegaintro-projekti.com\/pilar-stari\/wp-content\/uploads\/2019\/07\/chief_4s.jpg 310w, https:\/\/www.vegaintro-projekti.com\/pilar-stari\/wp-content\/uploads\/2019\/07\/chief_4s-300x225.jpg 300w\" sizes=\"(max-width: 310px) 100vw, 310px\" \/><\/a><a href=\"https:\/\/www.vegaintro-projekti.com\/pilar-stari\/wp-content\/uploads\/2019\/07\/chief_3.jpg\"><img decoding=\"async\" loading=\"lazy\" class=\"alignnone wp-image-13209 size-full\" src=\"https:\/\/www.vegaintro-projekti.com\/pilar-stari\/wp-content\/uploads\/2019\/07\/chief_3s.jpg\" alt=\"\" width=\"310\" height=\"233\" srcset=\"https:\/\/www.vegaintro-projekti.com\/pilar-stari\/wp-content\/uploads\/2019\/07\/chief_3s.jpg 310w, https:\/\/www.vegaintro-projekti.com\/pilar-stari\/wp-content\/uploads\/2019\/07\/chief_3s-300x225.jpg 300w\" sizes=\"(max-width: 310px) 100vw, 310px\" \/><\/a><a href=\"https:\/\/www.vegaintro-projekti.com\/pilar-stari\/wp-content\/uploads\/2019\/07\/chief_1.jpg\"><img decoding=\"async\" loading=\"lazy\" class=\"alignnone wp-image-13205 size-full\" src=\"https:\/\/www.vegaintro-projekti.com\/pilar-stari\/wp-content\/uploads\/2019\/07\/chief_1s.jpg\" alt=\"\" width=\"310\" height=\"233\" srcset=\"https:\/\/www.vegaintro-projekti.com\/pilar-stari\/wp-content\/uploads\/2019\/07\/chief_1s.jpg 310w, https:\/\/www.vegaintro-projekti.com\/pilar-stari\/wp-content\/uploads\/2019\/07\/chief_1s-300x225.jpg 300w\" sizes=\"(max-width: 310px) 100vw, 310px\" \/><\/a><a href=\"https:\/\/www.vegaintro-projekti.com\/pilar-stari\/wp-content\/uploads\/2019\/07\/chief_2.jpg\"><img decoding=\"async\" loading=\"lazy\" class=\"alignnone wp-image-13207 size-full\" src=\"https:\/\/www.vegaintro-projekti.com\/pilar-stari\/wp-content\/uploads\/2019\/07\/chief_2s.jpg\" alt=\"\" width=\"310\" height=\"233\" srcset=\"https:\/\/www.vegaintro-projekti.com\/pilar-stari\/wp-content\/uploads\/2019\/07\/chief_2s.jpg 310w, https:\/\/www.vegaintro-projekti.com\/pilar-stari\/wp-content\/uploads\/2019\/07\/chief_2s-300x225.jpg 300w\" sizes=\"(max-width: 310px) 100vw, 310px\" \/><\/a><\/p>\n<p>Na sastanku su sudjelovali\/e: <em>Jelena Balog Vojak<\/em> (Hrvatski povijesni muzej), <em>Gabrijela Marti\u0107<\/em> (Hrvatsko debatno dru\u0161tvo), <em>Marta Ki\u0161<\/em> (Studentski centar Zagreb), <em>Ra\u0161eljka Bili\u0107<\/em> (Ministarstvo kulture Republike Hrvatske), <em>Ljiljana Dobrov\u0161ak<\/em> (Institut dru\u0161tvenih znanosti Ivo Pilar), <em>Maja Odr\u010di\u0107 Mikuli\u0107<\/em> (Udruga Sfera \u010cakovec), <em>Ljiljana Tanaskovi\u0107<\/em> (Hrvatski radio), <em>Sun\u010dica Bartoluci<\/em> (Kineziolo\u0161ki fakultet), <em>Damir Pili\u0107<\/em> (Slobodna Dalmacija), <em>Sini\u0161a-Senad Musi\u0107<\/em> (Fond za obrazovanje Roma), <em>Darko Sulji\u010di\u0107<\/em> (Akademija za politi\u010dki razvoj), <em>Miroslav Mi\u0107anovi\u0107<\/em> (Agencija za odgoj i obrazovanje), <em>\u017deljka Batini\u0107<\/em> (Udruga Podrum Oto\u010dac).<\/p>\n<p><img decoding=\"async\" loading=\"lazy\" class=\"alignnone size-full wp-image-13213\" src=\"https:\/\/www.vegaintro-projekti.com\/pilar-stari\/wp-content\/uploads\/2019\/07\/chief-logo-1.png\" alt=\"\" width=\"110\" height=\"79\"><\/p>\n<blockquote><p><a href=\"http:\/\/chiefproject.eu\/about\/\">CHIEF projekt<\/a><\/p><\/blockquote>\n","protected":false},"excerpt":{"rendered":"<p>U \u010detvrtak 11. srpnja 2019. u Institutu dru\u0161tvenih znanosti Ivo Pilar u Zagrebu odr\u017ean je prvi sastanak Savjeta stru\u010dnjaka partnera na projektu CHIEF (Cultural Heritage and Identities of Europe\u00b4s Future). U Savjetu sudjeluju stru\u010dnjaci iz prakse, predstavnici civilnog dru\u0161tva, predstavnici dr\u017eavnih institucija, istra\u017eiva\u010di i novinari koji zajedno sa timom istra\u017eiva\u010da i istra\u017eiva\u010dica Instituta dru\u0161tvenih znanosti&hellip; <a class=\"continue\" href=\"https:\/\/www.vegaintro-projekti.com\/pilar-stari\/2019\/07\/osnovan-savjet-strucnjaka-partnera-na-projektu-chief-11-srpnja-2019\/\">Pro\u010ditaj vi\u0161e o<span> Osnovan Savjet stru\u010dnjaka partnera na projektu CHIEF, 11. srpnja 2019.<\/span><\/a><\/p>\n","protected":false},"author":7,"featured_media":13212,"comment_status":"closed","ping_status":"closed","sticky":false,"template":"","format":"standard","meta":{"inline_featured_image":false,"ngg_post_thumbnail":0,"footnotes":""},"categories":[48,29],"tags":[],"yoast_head":"<!-- This site is optimized with the Yoast SEO plugin v21.2 - https:\/\/yoast.com\/wordpress\/plugins\/seo\/ -->\n<title>Osnovan Savjet stru\u010dnjaka partnera na projektu CHIEF, 11. srpnja 2019. - Institut dru&scaron;tvenih znanosti Ivo Pilar<\/title>\n<meta name=\"robots\" content=\"noindex, follow, max-snippet:-1, max-image-preview:large, max-video-preview:-1\" \/>\n<meta property=\"og:locale\" content=\"hr_HR\" \/>\n<meta property=\"og:type\" content=\"article\" \/>\n<meta property=\"og:title\" content=\"Osnovan Savjet stru\u010dnjaka partnera na projektu CHIEF, 11. srpnja 2019. - Institut dru&scaron;tvenih znanosti Ivo Pilar\" \/>\n<meta property=\"og:description\" content=\"U \u010detvrtak 11. srpnja 2019. u Institutu dru\u0161tvenih znanosti Ivo Pilar u Zagrebu odr\u017ean je prvi sastanak Savjeta stru\u010dnjaka partnera na projektu CHIEF (Cultural Heritage and Identities of Europe\u00b4s Future). U Savjetu sudjeluju stru\u010dnjaci iz prakse, predstavnici civilnog dru\u0161tva, predstavnici dr\u017eavnih institucija, istra\u017eiva\u010di i novinari koji zajedno sa timom istra\u017eiva\u010da i istra\u017eiva\u010dica Instituta dru\u0161tvenih znanosti&hellip; Pro\u010ditaj vi\u0161e o Osnovan Savjet stru\u010dnjaka partnera na projektu CHIEF, 11. srpnja 2019.\" \/>\n<meta property=\"og:url\" content=\"https:\/\/www.vegaintro-projekti.com\/pilar-stari\/2019\/07\/osnovan-savjet-strucnjaka-partnera-na-projektu-chief-11-srpnja-2019\/\" \/>\n<meta property=\"og:site_name\" content=\"Institut dru&scaron;tvenih znanosti Ivo Pilar\" \/>\n<meta property=\"article:published_time\" content=\"2019-07-11T10:11:07+00:00\" \/>\n<meta property=\"article:modified_time\" content=\"2019-07-18T10:25:58+00:00\" \/>\n<meta property=\"og:image\" content=\"https:\/\/www.vegaintro-projekti.com\/pilar-stari\/wp-content\/uploads\/2019\/07\/chief_ff.jpg\" \/>\n\t<meta property=\"og:image:width\" content=\"1280\" \/>\n\t<meta property=\"og:image:height\" content=\"960\" \/>\n\t<meta property=\"og:image:type\" content=\"image\/jpeg\" \/>\n<meta name=\"author\" content=\"Boris\" \/>\n<meta name=\"twitter:card\" content=\"summary_large_image\" \/>\n<meta name=\"twitter:label1\" content=\"Napisao\/la\" \/>\n\t<meta name=\"twitter:data1\" content=\"Boris\" \/>\n\t<meta name=\"twitter:label2\" content=\"Procijenjeno vrijeme \u010ditanja\" \/>\n\t<meta name=\"twitter:data2\" content=\"1 minuta\" \/>\n<script type=\"application\/ld+json\" class=\"yoast-schema-graph\">{\"@context\":\"https:\/\/schema.org\",\"@graph\":[{\"@type\":\"WebPage\",\"@id\":\"https:\/\/www.vegaintro-projekti.com\/pilar-stari\/2019\/07\/osnovan-savjet-strucnjaka-partnera-na-projektu-chief-11-srpnja-2019\/\",\"url\":\"https:\/\/www.vegaintro-projekti.com\/pilar-stari\/2019\/07\/osnovan-savjet-strucnjaka-partnera-na-projektu-chief-11-srpnja-2019\/\",\"name\":\"Osnovan Savjet stru\u010dnjaka partnera na projektu CHIEF, 11. srpnja 2019. - Institut dru&scaron;tvenih znanosti Ivo Pilar\",\"isPartOf\":{\"@id\":\"https:\/\/www.vegaintro-projekti.com\/pilar-stari\/#website\"},\"datePublished\":\"2019-07-11T10:11:07+00:00\",\"dateModified\":\"2019-07-18T10:25:58+00:00\",\"author\":{\"@id\":\"https:\/\/www.vegaintro-projekti.com\/pilar-stari\/#\/schema\/person\/ddd404c9f1e15e4ffef5986ac6a5d28b\"},\"breadcrumb\":{\"@id\":\"https:\/\/www.vegaintro-projekti.com\/pilar-stari\/2019\/07\/osnovan-savjet-strucnjaka-partnera-na-projektu-chief-11-srpnja-2019\/#breadcrumb\"},\"inLanguage\":\"hr\",\"potentialAction\":[{\"@type\":\"ReadAction\",\"target\":[\"https:\/\/www.vegaintro-projekti.com\/pilar-stari\/2019\/07\/osnovan-savjet-strucnjaka-partnera-na-projektu-chief-11-srpnja-2019\/\"]}]},{\"@type\":\"BreadcrumbList\",\"@id\":\"https:\/\/www.vegaintro-projekti.com\/pilar-stari\/2019\/07\/osnovan-savjet-strucnjaka-partnera-na-projektu-chief-11-srpnja-2019\/#breadcrumb\",\"itemListElement\":[{\"@type\":\"ListItem\",\"position\":1,\"name\":\"Home\",\"item\":\"https:\/\/www.vegaintro-projekti.com\/pilar-stari\/\"},{\"@type\":\"ListItem\",\"position\":2,\"name\":\"Osnovan Savjet stru\u010dnjaka partnera na projektu CHIEF, 11. srpnja 2019.\"}]},{\"@type\":\"WebSite\",\"@id\":\"https:\/\/www.vegaintro-projekti.com\/pilar-stari\/#website\",\"url\":\"https:\/\/www.vegaintro-projekti.com\/pilar-stari\/\",\"name\":\"Institut dru&scaron;tvenih znanosti Ivo Pilar\",\"description\":\"Pilar\",\"potentialAction\":[{\"@type\":\"SearchAction\",\"target\":{\"@type\":\"EntryPoint\",\"urlTemplate\":\"https:\/\/www.vegaintro-projekti.com\/pilar-stari\/?s={search_term_string}\"},\"query-input\":\"required name=search_term_string\"}],\"inLanguage\":\"hr\"},{\"@type\":\"Person\",\"@id\":\"https:\/\/www.vegaintro-projekti.com\/pilar-stari\/#\/schema\/person\/ddd404c9f1e15e4ffef5986ac6a5d28b\",\"name\":\"Boris\",\"image\":{\"@type\":\"ImageObject\",\"inLanguage\":\"hr\",\"@id\":\"https:\/\/www.vegaintro-projekti.com\/pilar-stari\/#\/schema\/person\/image\/\",\"url\":\"https:\/\/secure.gravatar.com\/avatar\/29557b161a6ce6ab86ac1503164f1e90?s=96&d=mm&r=g\",\"contentUrl\":\"https:\/\/secure.gravatar.com\/avatar\/29557b161a6ce6ab86ac1503164f1e90?s=96&d=mm&r=g\",\"caption\":\"Boris\"},\"url\":\"https:\/\/www.vegaintro-projekti.com\/pilar-stari\/author\/boris\/\"}]}<\/script>\n<!-- \/ Yoast SEO plugin. -->","yoast_head_json":{"title":"Osnovan Savjet stru\u010dnjaka partnera na projektu CHIEF, 11. srpnja 2019. - Institut dru&scaron;tvenih znanosti Ivo Pilar","robots":{"index":"noindex","follow":"follow","max-snippet":"max-snippet:-1","max-image-preview":"max-image-preview:large","max-video-preview":"max-video-preview:-1"},"og_locale":"hr_HR","og_type":"article","og_title":"Osnovan Savjet stru\u010dnjaka partnera na projektu CHIEF, 11. srpnja 2019. - Institut dru&scaron;tvenih znanosti Ivo Pilar","og_description":"U \u010detvrtak 11. srpnja 2019. u Institutu dru\u0161tvenih znanosti Ivo Pilar u Zagrebu odr\u017ean je prvi sastanak Savjeta stru\u010dnjaka partnera na projektu CHIEF (Cultural Heritage and Identities of Europe\u00b4s Future). U Savjetu sudjeluju stru\u010dnjaci iz prakse, predstavnici civilnog dru\u0161tva, predstavnici dr\u017eavnih institucija, istra\u017eiva\u010di i novinari koji zajedno sa timom istra\u017eiva\u010da i istra\u017eiva\u010dica Instituta dru\u0161tvenih znanosti&hellip; Pro\u010ditaj vi\u0161e o Osnovan Savjet stru\u010dnjaka partnera na projektu CHIEF, 11. srpnja 2019.","og_url":"https:\/\/www.vegaintro-projekti.com\/pilar-stari\/2019\/07\/osnovan-savjet-strucnjaka-partnera-na-projektu-chief-11-srpnja-2019\/","og_site_name":"Institut dru&scaron;tvenih znanosti Ivo Pilar","article_published_time":"2019-07-11T10:11:07+00:00","article_modified_time":"2019-07-18T10:25:58+00:00","og_image":[{"width":1280,"height":960,"url":"https:\/\/www.vegaintro-projekti.com\/pilar-stari\/wp-content\/uploads\/2019\/07\/chief_ff.jpg","type":"image\/jpeg"}],"author":"Boris","twitter_card":"summary_large_image","twitter_misc":{"Napisao\/la":"Boris","Procijenjeno vrijeme \u010ditanja":"1 minuta"},"schema":{"@context":"https:\/\/schema.org","@graph":[{"@type":"WebPage","@id":"https:\/\/www.vegaintro-projekti.com\/pilar-stari\/2019\/07\/osnovan-savjet-strucnjaka-partnera-na-projektu-chief-11-srpnja-2019\/","url":"https:\/\/www.vegaintro-projekti.com\/pilar-stari\/2019\/07\/osnovan-savjet-strucnjaka-partnera-na-projektu-chief-11-srpnja-2019\/","name":"Osnovan Savjet stru\u010dnjaka partnera na projektu CHIEF, 11. srpnja 2019. - Institut dru&scaron;tvenih znanosti Ivo Pilar","isPartOf":{"@id":"https:\/\/www.vegaintro-projekti.com\/pilar-stari\/#website"},"datePublished":"2019-07-11T10:11:07+00:00","dateModified":"2019-07-18T10:25:58+00:00","author":{"@id":"https:\/\/www.vegaintro-projekti.com\/pilar-stari\/#\/schema\/person\/ddd404c9f1e15e4ffef5986ac6a5d28b"},"breadcrumb":{"@id":"https:\/\/www.vegaintro-projekti.com\/pilar-stari\/2019\/07\/osnovan-savjet-strucnjaka-partnera-na-projektu-chief-11-srpnja-2019\/#breadcrumb"},"inLanguage":"hr","potentialAction":[{"@type":"ReadAction","target":["https:\/\/www.vegaintro-projekti.com\/pilar-stari\/2019\/07\/osnovan-savjet-strucnjaka-partnera-na-projektu-chief-11-srpnja-2019\/"]}]},{"@type":"BreadcrumbList","@id":"https:\/\/www.vegaintro-projekti.com\/pilar-stari\/2019\/07\/osnovan-savjet-strucnjaka-partnera-na-projektu-chief-11-srpnja-2019\/#breadcrumb","itemListElement":[{"@type":"ListItem","position":1,"name":"Home","item":"https:\/\/www.vegaintro-projekti.com\/pilar-stari\/"},{"@type":"ListItem","position":2,"name":"Osnovan Savjet stru\u010dnjaka partnera na projektu CHIEF, 11. srpnja 2019."}]},{"@type":"WebSite","@id":"https:\/\/www.vegaintro-projekti.com\/pilar-stari\/#website","url":"https:\/\/www.vegaintro-projekti.com\/pilar-stari\/","name":"Institut dru&scaron;tvenih znanosti Ivo Pilar","description":"Pilar","potentialAction":[{"@type":"SearchAction","target":{"@type":"EntryPoint","urlTemplate":"https:\/\/www.vegaintro-projekti.com\/pilar-stari\/?s={search_term_string}"},"query-input":"required name=search_term_string"}],"inLanguage":"hr"},{"@type":"Person","@id":"https:\/\/www.vegaintro-projekti.com\/pilar-stari\/#\/schema\/person\/ddd404c9f1e15e4ffef5986ac6a5d28b","name":"Boris","image":{"@type":"ImageObject","inLanguage":"hr","@id":"https:\/\/www.vegaintro-projekti.com\/pilar-stari\/#\/schema\/person\/image\/","url":"https:\/\/secure.gravatar.com\/avatar\/29557b161a6ce6ab86ac1503164f1e90?s=96&d=mm&r=g","contentUrl":"https:\/\/secure.gravatar.com\/avatar\/29557b161a6ce6ab86ac1503164f1e90?s=96&d=mm&r=g","caption":"Boris"},"url":"https:\/\/www.vegaintro-projekti.com\/pilar-stari\/author\/boris\/"}]}},"_links":{"self":[{"href":"https:\/\/www.vegaintro-projekti.com\/pilar-stari\/wp-json\/wp\/v2\/posts\/13214"}],"collection":[{"href":"https:\/\/www.vegaintro-projekti.com\/pilar-stari\/wp-json\/wp\/v2\/posts"}],"about":[{"href":"https:\/\/www.vegaintro-projekti.com\/pilar-stari\/wp-json\/wp\/v2\/types\/post"}],"author":[{"embeddable":true,"href":"https:\/\/www.vegaintro-projekti.com\/pilar-stari\/wp-json\/wp\/v2\/users\/7"}],"replies":[{"embeddable":true,"href":"https:\/\/www.vegaintro-projekti.com\/pilar-stari\/wp-json\/wp\/v2\/comments?post=13214"}],"version-history":[{"count":4,"href":"https:\/\/www.vegaintro-projekti.com\/pilar-stari\/wp-json\/wp\/v2\/posts\/13214\/revisions"}],"predecessor-version":[{"id":13218,"href":"https:\/\/www.vegaintro-projekti.com\/pilar-stari\/wp-json\/wp\/v2\/posts\/13214\/revisions\/13218"}],"wp:featuredmedia":[{"embeddable":true,"href":"https:\/\/www.vegaintro-projekti.com\/pilar-stari\/wp-json\/wp\/v2\/media\/13212"}],"wp:attachment":[{"href":"https:\/\/www.vegaintro-projekti.com\/pilar-stari\/wp-json\/wp\/v2\/media?parent=13214"}],"wp:term":[{"taxonomy":"category","embeddable":true,"href":"https:\/\/www.vegaintro-projekti.com\/pilar-stari\/wp-json\/wp\/v2\/categories?post=13214"},{"taxonomy":"post_tag","embeddable":true,"href":"https:\/\/www.vegaintro-projekti.com\/pilar-stari\/wp-json\/wp\/v2\/tags?post=13214"}],"curies":[{"name":"wp","href":"https:\/\/api.w.org\/{rel}","templated":true}]}}