{"id":13662,"date":"2019-09-09T18:48:07","date_gmt":"2019-09-09T18:48:07","guid":{"rendered":"https:\/\/www.vegaintro-projekti.com\/pilar-stari\/?p=13662"},"modified":"2020-10-28T18:42:59","modified_gmt":"2020-10-28T18:42:59","slug":"cetiri-priopcenja-s-instituta-ivo-pilar-na-14-konferenciji-europskog-socioloskog-drustva-u-manchesteru-20-23-8-2019","status":"publish","type":"post","link":"https:\/\/www.vegaintro-projekti.com\/pilar-stari\/2019\/09\/cetiri-priopcenja-s-instituta-ivo-pilar-na-14-konferenciji-europskog-socioloskog-drustva-u-manchesteru-20-23-8-2019\/","title":{"rendered":"\u010cetiri priop\u0107enja s Instituta Ivo Pilar na 14. konferenciji Europskog sociolo\u0161kog dru\u0161tva u Manchesteru, 20.-23. 8. 2019."},"content":{"rendered":"<p><strong>Na 14. konferenciji Europskog sociolo\u0161kog dru\u0161tva (European Sociological Association \u2013 ESA), pod naslovom Europe and Beyond: Boundaries, Barriers and Belonging, odr\u017eanoj u Manchesteru u razdoblju od 20. do 23. kolovoza 2019. godine, Institut dru\u0161tvenih znanosti Ivo Pilar bio je predstavljen s \u010detiri priop\u0107enja.<\/strong> \u2212 <a href=\"https:\/\/www.conftool.pro\/esa2019\/sessions.php\">Program konferencije<\/a><\/p>\n<p><a href=\"https:\/\/www.europeansociology.org\/conferences\/esa-conference-2019-manchester-uk\"><img decoding=\"async\" loading=\"lazy\" class=\"alignnone wp-image-13661\" src=\"https:\/\/www.vegaintro-projekti.com\/pilar-stari\/wp-content\/uploads\/2019\/09\/ESA_19.jpg\" alt=\"\" width=\"620\" height=\"464\" srcset=\"https:\/\/www.vegaintro-projekti.com\/pilar-stari\/wp-content\/uploads\/2019\/09\/ESA_19.jpg 605w, https:\/\/www.vegaintro-projekti.com\/pilar-stari\/wp-content\/uploads\/2019\/09\/ESA_19-300x225.jpg 300w\" sizes=\"(max-width: 620px) 100vw, 620px\" \/><\/a><\/p>\n<p>&#8211; <a href=\"https:\/\/www.europeansociology.org\/conferences\/esa-conference-2019-manchester-uk\">14th Conference of the European Sociological Association | Europe and Beyond: Boundaries, Barriers and Belonging | Manchester, United Kingdom, 20 \u2013 23 August 2019<\/a><\/p>\n<p><strong>Marija Geiger Zeman<\/strong> i <strong>Zdenko Zeman<\/strong> odr\u017eali su priop\u0107enja \u201c&#8217;I Think I Couldn\u2019t Live Without Television&#8217;: Older Persons\u2019 Experiences and Meanings of Watching Television in an Institutional Context\u201c i \u201c&#8217;Some Days are Better than Others&#8217;: Older Persons and Everyday Life in an Institutional Setting\u201c, oba u sesijama koje je organizirala istra\u017eiva\u010dka mre\u017ea ESA-e \u201eStarenje u Europi\u201c.<\/p>\n<p><strong>Inga Tomi\u0107-Koludrovi\u0107<\/strong>, sa suradnicima sa Sveu\u010dili\u0161ta u Zadru \u2013 <strong>\u017deljkom Zdravkovi\u0107<\/strong>, <strong>Ivanom Puzekom<\/strong> i <strong>Mirkom Petri\u0107em<\/strong> \u2013 na HRZZ projektu GENMOD odr\u017eala je priop\u0107enja s naslovima \u201cCapturing a Changing Gender Dynamics: A Comprehensive Analysis of the Division of Household Labour in Post-transitional Croatia\u201c i \u201cGender Equality Attitudes Revisited: Men and Women in Croatia After the Post-socialist Transition\u201c. Prvo je priop\u0107enje odr\u017eano u sesiji istra\u017eiva\u010dke mre\u017ee \u201eSociologija obitelji i intimnih \u017eivota\u201c, a drugo u sesiji istra\u017eiva\u010dke mre\u017ee \u201eSociologija transformacija: Istok i Zapad\u201c.<\/p>\n<blockquote><p><a href=\"https:\/\/www.conftool.pro\/esa2019\/sessions.php\">Program 14. konferencije Europskog sociolo\u0161kog dru\u0161tva<\/a><\/p><\/blockquote>\n","protected":false},"excerpt":{"rendered":"<p>Na 14. konferenciji Europskog sociolo\u0161kog dru\u0161tva (European Sociological Association \u2013 ESA), pod naslovom Europe and Beyond: Boundaries, Barriers and Belonging, odr\u017eanoj u Manchesteru u razdoblju od 20. do 23. kolovoza 2019. godine, Institut dru\u0161tvenih znanosti Ivo Pilar bio je predstavljen s \u010detiri priop\u0107enja. \u2212 Program konferencije &#8211; 14th Conference of the European Sociological Association |&hellip; <a class=\"continue\" href=\"https:\/\/www.vegaintro-projekti.com\/pilar-stari\/2019\/09\/cetiri-priopcenja-s-instituta-ivo-pilar-na-14-konferenciji-europskog-socioloskog-drustva-u-manchesteru-20-23-8-2019\/\">Pro\u010ditaj vi\u0161e o<span> \u010cetiri priop\u0107enja s Instituta Ivo Pilar na 14. konferenciji Europskog sociolo\u0161kog dru\u0161tva u Manchesteru, 20.-23. 8. 2019.<\/span><\/a><\/p>\n","protected":false},"author":7,"featured_media":13666,"comment_status":"closed","ping_status":"closed","sticky":false,"template":"","format":"standard","meta":{"inline_featured_image":false,"ngg_post_thumbnail":0,"footnotes":""},"categories":[48,11],"tags":[],"yoast_head":"<!-- This site is optimized with the Yoast SEO plugin v21.2 - https:\/\/yoast.com\/wordpress\/plugins\/seo\/ -->\n<title>\u010cetiri priop\u0107enja s Instituta Ivo Pilar na 14. konferenciji Europskog sociolo\u0161kog dru\u0161tva u Manchesteru, 20.-23. 8. 2019. - Institut dru&scaron;tvenih znanosti Ivo Pilar<\/title>\n<meta name=\"robots\" content=\"noindex, follow, max-snippet:-1, max-image-preview:large, max-video-preview:-1\" \/>\n<meta property=\"og:locale\" content=\"hr_HR\" \/>\n<meta property=\"og:type\" content=\"article\" \/>\n<meta property=\"og:title\" content=\"\u010cetiri priop\u0107enja s Instituta Ivo Pilar na 14. konferenciji Europskog sociolo\u0161kog dru\u0161tva u Manchesteru, 20.-23. 8. 2019. - Institut dru&scaron;tvenih znanosti Ivo Pilar\" \/>\n<meta property=\"og:description\" content=\"Na 14. konferenciji Europskog sociolo\u0161kog dru\u0161tva (European Sociological Association \u2013 ESA), pod naslovom Europe and Beyond: Boundaries, Barriers and Belonging, odr\u017eanoj u Manchesteru u razdoblju od 20. do 23. kolovoza 2019. godine, Institut dru\u0161tvenih znanosti Ivo Pilar bio je predstavljen s \u010detiri priop\u0107enja. \u2212 Program konferencije &#8211; 14th Conference of the European Sociological Association |&hellip; Pro\u010ditaj vi\u0161e o \u010cetiri priop\u0107enja s Instituta Ivo Pilar na 14. konferenciji Europskog sociolo\u0161kog dru\u0161tva u Manchesteru, 20.-23. 8. 2019.\" \/>\n<meta property=\"og:url\" content=\"https:\/\/www.vegaintro-projekti.com\/pilar-stari\/2019\/09\/cetiri-priopcenja-s-instituta-ivo-pilar-na-14-konferenciji-europskog-socioloskog-drustva-u-manchesteru-20-23-8-2019\/\" \/>\n<meta property=\"og:site_name\" content=\"Institut dru&scaron;tvenih znanosti Ivo Pilar\" \/>\n<meta property=\"article:published_time\" content=\"2019-09-09T18:48:07+00:00\" \/>\n<meta property=\"article:modified_time\" content=\"2020-10-28T18:42:59+00:00\" \/>\n<meta property=\"og:image\" content=\"https:\/\/www.vegaintro-projekti.com\/pilar-stari\/wp-content\/uploads\/2019\/09\/ESA_19_fi.jpg\" \/>\n\t<meta property=\"og:image:width\" content=\"800\" \/>\n\t<meta property=\"og:image:height\" content=\"349\" \/>\n\t<meta property=\"og:image:type\" content=\"image\/jpeg\" \/>\n<meta name=\"author\" content=\"Boris\" \/>\n<meta name=\"twitter:card\" content=\"summary_large_image\" \/>\n<meta name=\"twitter:label1\" content=\"Napisao\/la\" \/>\n\t<meta name=\"twitter:data1\" content=\"Boris\" \/>\n\t<meta name=\"twitter:label2\" content=\"Procijenjeno vrijeme \u010ditanja\" \/>\n\t<meta name=\"twitter:data2\" content=\"1 minuta\" \/>\n<script type=\"application\/ld+json\" class=\"yoast-schema-graph\">{\"@context\":\"https:\/\/schema.org\",\"@graph\":[{\"@type\":\"WebPage\",\"@id\":\"https:\/\/www.vegaintro-projekti.com\/pilar-stari\/2019\/09\/cetiri-priopcenja-s-instituta-ivo-pilar-na-14-konferenciji-europskog-socioloskog-drustva-u-manchesteru-20-23-8-2019\/\",\"url\":\"https:\/\/www.vegaintro-projekti.com\/pilar-stari\/2019\/09\/cetiri-priopcenja-s-instituta-ivo-pilar-na-14-konferenciji-europskog-socioloskog-drustva-u-manchesteru-20-23-8-2019\/\",\"name\":\"\u010cetiri priop\u0107enja s Instituta Ivo Pilar na 14. konferenciji Europskog sociolo\u0161kog dru\u0161tva u Manchesteru, 20.-23. 8. 2019. - Institut dru&scaron;tvenih znanosti Ivo Pilar\",\"isPartOf\":{\"@id\":\"https:\/\/www.vegaintro-projekti.com\/pilar-stari\/#website\"},\"datePublished\":\"2019-09-09T18:48:07+00:00\",\"dateModified\":\"2020-10-28T18:42:59+00:00\",\"author\":{\"@id\":\"https:\/\/www.vegaintro-projekti.com\/pilar-stari\/#\/schema\/person\/ddd404c9f1e15e4ffef5986ac6a5d28b\"},\"breadcrumb\":{\"@id\":\"https:\/\/www.vegaintro-projekti.com\/pilar-stari\/2019\/09\/cetiri-priopcenja-s-instituta-ivo-pilar-na-14-konferenciji-europskog-socioloskog-drustva-u-manchesteru-20-23-8-2019\/#breadcrumb\"},\"inLanguage\":\"hr\",\"potentialAction\":[{\"@type\":\"ReadAction\",\"target\":[\"https:\/\/www.vegaintro-projekti.com\/pilar-stari\/2019\/09\/cetiri-priopcenja-s-instituta-ivo-pilar-na-14-konferenciji-europskog-socioloskog-drustva-u-manchesteru-20-23-8-2019\/\"]}]},{\"@type\":\"BreadcrumbList\",\"@id\":\"https:\/\/www.vegaintro-projekti.com\/pilar-stari\/2019\/09\/cetiri-priopcenja-s-instituta-ivo-pilar-na-14-konferenciji-europskog-socioloskog-drustva-u-manchesteru-20-23-8-2019\/#breadcrumb\",\"itemListElement\":[{\"@type\":\"ListItem\",\"position\":1,\"name\":\"Home\",\"item\":\"https:\/\/www.vegaintro-projekti.com\/pilar-stari\/\"},{\"@type\":\"ListItem\",\"position\":2,\"name\":\"\u010cetiri priop\u0107enja s Instituta Ivo Pilar na 14. konferenciji Europskog sociolo\u0161kog dru\u0161tva u Manchesteru, 20.-23. 8. 2019.\"}]},{\"@type\":\"WebSite\",\"@id\":\"https:\/\/www.vegaintro-projekti.com\/pilar-stari\/#website\",\"url\":\"https:\/\/www.vegaintro-projekti.com\/pilar-stari\/\",\"name\":\"Institut dru&scaron;tvenih znanosti Ivo Pilar\",\"description\":\"Pilar\",\"potentialAction\":[{\"@type\":\"SearchAction\",\"target\":{\"@type\":\"EntryPoint\",\"urlTemplate\":\"https:\/\/www.vegaintro-projekti.com\/pilar-stari\/?s={search_term_string}\"},\"query-input\":\"required name=search_term_string\"}],\"inLanguage\":\"hr\"},{\"@type\":\"Person\",\"@id\":\"https:\/\/www.vegaintro-projekti.com\/pilar-stari\/#\/schema\/person\/ddd404c9f1e15e4ffef5986ac6a5d28b\",\"name\":\"Boris\",\"image\":{\"@type\":\"ImageObject\",\"inLanguage\":\"hr\",\"@id\":\"https:\/\/www.vegaintro-projekti.com\/pilar-stari\/#\/schema\/person\/image\/\",\"url\":\"https:\/\/secure.gravatar.com\/avatar\/29557b161a6ce6ab86ac1503164f1e90?s=96&d=mm&r=g\",\"contentUrl\":\"https:\/\/secure.gravatar.com\/avatar\/29557b161a6ce6ab86ac1503164f1e90?s=96&d=mm&r=g\",\"caption\":\"Boris\"},\"url\":\"https:\/\/www.vegaintro-projekti.com\/pilar-stari\/author\/boris\/\"}]}<\/script>\n<!-- \/ Yoast SEO plugin. -->","yoast_head_json":{"title":"\u010cetiri priop\u0107enja s Instituta Ivo Pilar na 14. konferenciji Europskog sociolo\u0161kog dru\u0161tva u Manchesteru, 20.-23. 8. 2019. - Institut dru&scaron;tvenih znanosti Ivo Pilar","robots":{"index":"noindex","follow":"follow","max-snippet":"max-snippet:-1","max-image-preview":"max-image-preview:large","max-video-preview":"max-video-preview:-1"},"og_locale":"hr_HR","og_type":"article","og_title":"\u010cetiri priop\u0107enja s Instituta Ivo Pilar na 14. konferenciji Europskog sociolo\u0161kog dru\u0161tva u Manchesteru, 20.-23. 8. 2019. - Institut dru&scaron;tvenih znanosti Ivo Pilar","og_description":"Na 14. konferenciji Europskog sociolo\u0161kog dru\u0161tva (European Sociological Association \u2013 ESA), pod naslovom Europe and Beyond: Boundaries, Barriers and Belonging, odr\u017eanoj u Manchesteru u razdoblju od 20. do 23. kolovoza 2019. godine, Institut dru\u0161tvenih znanosti Ivo Pilar bio je predstavljen s \u010detiri priop\u0107enja. \u2212 Program konferencije &#8211; 14th Conference of the European Sociological Association |&hellip; Pro\u010ditaj vi\u0161e o \u010cetiri priop\u0107enja s Instituta Ivo Pilar na 14. konferenciji Europskog sociolo\u0161kog dru\u0161tva u Manchesteru, 20.-23. 8. 2019.","og_url":"https:\/\/www.vegaintro-projekti.com\/pilar-stari\/2019\/09\/cetiri-priopcenja-s-instituta-ivo-pilar-na-14-konferenciji-europskog-socioloskog-drustva-u-manchesteru-20-23-8-2019\/","og_site_name":"Institut dru&scaron;tvenih znanosti Ivo Pilar","article_published_time":"2019-09-09T18:48:07+00:00","article_modified_time":"2020-10-28T18:42:59+00:00","og_image":[{"width":800,"height":349,"url":"https:\/\/www.vegaintro-projekti.com\/pilar-stari\/wp-content\/uploads\/2019\/09\/ESA_19_fi.jpg","type":"image\/jpeg"}],"author":"Boris","twitter_card":"summary_large_image","twitter_misc":{"Napisao\/la":"Boris","Procijenjeno vrijeme \u010ditanja":"1 minuta"},"schema":{"@context":"https:\/\/schema.org","@graph":[{"@type":"WebPage","@id":"https:\/\/www.vegaintro-projekti.com\/pilar-stari\/2019\/09\/cetiri-priopcenja-s-instituta-ivo-pilar-na-14-konferenciji-europskog-socioloskog-drustva-u-manchesteru-20-23-8-2019\/","url":"https:\/\/www.vegaintro-projekti.com\/pilar-stari\/2019\/09\/cetiri-priopcenja-s-instituta-ivo-pilar-na-14-konferenciji-europskog-socioloskog-drustva-u-manchesteru-20-23-8-2019\/","name":"\u010cetiri priop\u0107enja s Instituta Ivo Pilar na 14. konferenciji Europskog sociolo\u0161kog dru\u0161tva u Manchesteru, 20.-23. 8. 2019. - Institut dru&scaron;tvenih znanosti Ivo Pilar","isPartOf":{"@id":"https:\/\/www.vegaintro-projekti.com\/pilar-stari\/#website"},"datePublished":"2019-09-09T18:48:07+00:00","dateModified":"2020-10-28T18:42:59+00:00","author":{"@id":"https:\/\/www.vegaintro-projekti.com\/pilar-stari\/#\/schema\/person\/ddd404c9f1e15e4ffef5986ac6a5d28b"},"breadcrumb":{"@id":"https:\/\/www.vegaintro-projekti.com\/pilar-stari\/2019\/09\/cetiri-priopcenja-s-instituta-ivo-pilar-na-14-konferenciji-europskog-socioloskog-drustva-u-manchesteru-20-23-8-2019\/#breadcrumb"},"inLanguage":"hr","potentialAction":[{"@type":"ReadAction","target":["https:\/\/www.vegaintro-projekti.com\/pilar-stari\/2019\/09\/cetiri-priopcenja-s-instituta-ivo-pilar-na-14-konferenciji-europskog-socioloskog-drustva-u-manchesteru-20-23-8-2019\/"]}]},{"@type":"BreadcrumbList","@id":"https:\/\/www.vegaintro-projekti.com\/pilar-stari\/2019\/09\/cetiri-priopcenja-s-instituta-ivo-pilar-na-14-konferenciji-europskog-socioloskog-drustva-u-manchesteru-20-23-8-2019\/#breadcrumb","itemListElement":[{"@type":"ListItem","position":1,"name":"Home","item":"https:\/\/www.vegaintro-projekti.com\/pilar-stari\/"},{"@type":"ListItem","position":2,"name":"\u010cetiri priop\u0107enja s Instituta Ivo Pilar na 14. konferenciji Europskog sociolo\u0161kog dru\u0161tva u Manchesteru, 20.-23. 8. 2019."}]},{"@type":"WebSite","@id":"https:\/\/www.vegaintro-projekti.com\/pilar-stari\/#website","url":"https:\/\/www.vegaintro-projekti.com\/pilar-stari\/","name":"Institut dru&scaron;tvenih znanosti Ivo Pilar","description":"Pilar","potentialAction":[{"@type":"SearchAction","target":{"@type":"EntryPoint","urlTemplate":"https:\/\/www.vegaintro-projekti.com\/pilar-stari\/?s={search_term_string}"},"query-input":"required name=search_term_string"}],"inLanguage":"hr"},{"@type":"Person","@id":"https:\/\/www.vegaintro-projekti.com\/pilar-stari\/#\/schema\/person\/ddd404c9f1e15e4ffef5986ac6a5d28b","name":"Boris","image":{"@type":"ImageObject","inLanguage":"hr","@id":"https:\/\/www.vegaintro-projekti.com\/pilar-stari\/#\/schema\/person\/image\/","url":"https:\/\/secure.gravatar.com\/avatar\/29557b161a6ce6ab86ac1503164f1e90?s=96&d=mm&r=g","contentUrl":"https:\/\/secure.gravatar.com\/avatar\/29557b161a6ce6ab86ac1503164f1e90?s=96&d=mm&r=g","caption":"Boris"},"url":"https:\/\/www.vegaintro-projekti.com\/pilar-stari\/author\/boris\/"}]}},"_links":{"self":[{"href":"https:\/\/www.vegaintro-projekti.com\/pilar-stari\/wp-json\/wp\/v2\/posts\/13662"}],"collection":[{"href":"https:\/\/www.vegaintro-projekti.com\/pilar-stari\/wp-json\/wp\/v2\/posts"}],"about":[{"href":"https:\/\/www.vegaintro-projekti.com\/pilar-stari\/wp-json\/wp\/v2\/types\/post"}],"author":[{"embeddable":true,"href":"https:\/\/www.vegaintro-projekti.com\/pilar-stari\/wp-json\/wp\/v2\/users\/7"}],"replies":[{"embeddable":true,"href":"https:\/\/www.vegaintro-projekti.com\/pilar-stari\/wp-json\/wp\/v2\/comments?post=13662"}],"version-history":[{"count":3,"href":"https:\/\/www.vegaintro-projekti.com\/pilar-stari\/wp-json\/wp\/v2\/posts\/13662\/revisions"}],"predecessor-version":[{"id":13669,"href":"https:\/\/www.vegaintro-projekti.com\/pilar-stari\/wp-json\/wp\/v2\/posts\/13662\/revisions\/13669"}],"wp:featuredmedia":[{"embeddable":true,"href":"https:\/\/www.vegaintro-projekti.com\/pilar-stari\/wp-json\/wp\/v2\/media\/13666"}],"wp:attachment":[{"href":"https:\/\/www.vegaintro-projekti.com\/pilar-stari\/wp-json\/wp\/v2\/media?parent=13662"}],"wp:term":[{"taxonomy":"category","embeddable":true,"href":"https:\/\/www.vegaintro-projekti.com\/pilar-stari\/wp-json\/wp\/v2\/categories?post=13662"},{"taxonomy":"post_tag","embeddable":true,"href":"https:\/\/www.vegaintro-projekti.com\/pilar-stari\/wp-json\/wp\/v2\/tags?post=13662"}],"curies":[{"name":"wp","href":"https:\/\/api.w.org\/{rel}","templated":true}]}}