{"id":13702,"date":"2019-09-19T11:41:24","date_gmt":"2019-09-19T11:41:24","guid":{"rendered":"https:\/\/www.vegaintro-projekti.com\/pilar-stari\/?p=13702"},"modified":"2020-10-28T18:41:48","modified_gmt":"2020-10-28T18:41:48","slug":"predstavljanje-knjige-reflections-on-the-mediterranean-u-visu-20-9-2019","status":"publish","type":"post","link":"https:\/\/www.vegaintro-projekti.com\/pilar-stari\/2019\/09\/predstavljanje-knjige-reflections-on-the-mediterranean-u-visu-20-9-2019\/","title":{"rendered":"Predstavljanje knjige \u201eReflections on the Mediterranean\u201c u Visu, 20. 9. 2019."},"content":{"rendered":"<p><strong>U Hrvatskom domu u Visu 20. rujna 2019. odr\u017eano je predstavljanje knjige \u201eReflections on the Mediterranean\u201c. O knjizi su govorile urednice Katica Jur\u010devi\u0107, Ljiljana Kaliterna Lipov\u010dan i Ozana Ramljak.<\/strong> \u2212 <a href=\"http:\/\/www.mic-vis.eu\/Conference\/MicVis2018\">Knjiga online<\/a><\/p>\n<p><a href=\"https:\/\/www.vegaintro-projekti.com\/pilar-stari\/wp-content\/uploads\/2019\/09\/IMG_0466.jpg\"><img decoding=\"async\" loading=\"lazy\" class=\"alignnone wp-image-13826 size-full\" src=\"https:\/\/www.vegaintro-projekti.com\/pilar-stari\/wp-content\/uploads\/2019\/09\/IMG_0466_s.jpg\" alt=\"\" width=\"310\" height=\"207\" srcset=\"https:\/\/www.vegaintro-projekti.com\/pilar-stari\/wp-content\/uploads\/2019\/09\/IMG_0466_s.jpg 310w, https:\/\/www.vegaintro-projekti.com\/pilar-stari\/wp-content\/uploads\/2019\/09\/IMG_0466_s-300x200.jpg 300w\" sizes=\"(max-width: 310px) 100vw, 310px\" \/><\/a><a href=\"https:\/\/www.vegaintro-projekti.com\/pilar-stari\/wp-content\/uploads\/2019\/09\/IMG_0466.jpg\"><img decoding=\"async\" loading=\"lazy\" class=\"alignnone wp-image-13822 size-medium\" src=\"https:\/\/www.vegaintro-projekti.com\/pilar-stari\/wp-content\/uploads\/2019\/09\/IMG_0464_s-300x208.jpg\" alt=\"\" width=\"300\" height=\"208\" srcset=\"https:\/\/www.vegaintro-projekti.com\/pilar-stari\/wp-content\/uploads\/2019\/09\/IMG_0464_s-300x208.jpg 300w, https:\/\/www.vegaintro-projekti.com\/pilar-stari\/wp-content\/uploads\/2019\/09\/IMG_0464_s-110x75.jpg 110w, https:\/\/www.vegaintro-projekti.com\/pilar-stari\/wp-content\/uploads\/2019\/09\/IMG_0464_s.jpg 310w\" sizes=\"(max-width: 300px) 100vw, 300px\" \/><\/a><a href=\"https:\/\/www.vegaintro-projekti.com\/pilar-stari\/wp-content\/uploads\/2019\/09\/IMG_0465.jpg\"><img decoding=\"async\" loading=\"lazy\" class=\"alignnone wp-image-13824 size-full\" src=\"https:\/\/www.vegaintro-projekti.com\/pilar-stari\/wp-content\/uploads\/2019\/09\/IMG_0465_s.jpg\" alt=\"\" width=\"620\" height=\"429\" srcset=\"https:\/\/www.vegaintro-projekti.com\/pilar-stari\/wp-content\/uploads\/2019\/09\/IMG_0465_s.jpg 620w, https:\/\/www.vegaintro-projekti.com\/pilar-stari\/wp-content\/uploads\/2019\/09\/IMG_0465_s-300x208.jpg 300w, https:\/\/www.vegaintro-projekti.com\/pilar-stari\/wp-content\/uploads\/2019\/09\/IMG_0465_s-110x75.jpg 110w\" sizes=\"(max-width: 620px) 100vw, 620px\" \/><\/a><a href=\"https:\/\/www.vegaintro-projekti.com\/pilar-stari\/wp-content\/uploads\/2019\/09\/IMG_0467.jpg\"><img decoding=\"async\" loading=\"lazy\" class=\"alignnone wp-image-13828 size-full\" src=\"https:\/\/www.vegaintro-projekti.com\/pilar-stari\/wp-content\/uploads\/2019\/09\/IMG_0467_s.jpg\" alt=\"\" width=\"310\" height=\"207\" srcset=\"https:\/\/www.vegaintro-projekti.com\/pilar-stari\/wp-content\/uploads\/2019\/09\/IMG_0467_s.jpg 310w, https:\/\/www.vegaintro-projekti.com\/pilar-stari\/wp-content\/uploads\/2019\/09\/IMG_0467_s-300x200.jpg 300w\" sizes=\"(max-width: 310px) 100vw, 310px\" \/><\/a><a href=\"https:\/\/www.vegaintro-projekti.com\/pilar-stari\/wp-content\/uploads\/2019\/09\/IMG_0468.jpg\"><img decoding=\"async\" loading=\"lazy\" class=\"alignnone wp-image-13830 size-full\" src=\"https:\/\/www.vegaintro-projekti.com\/pilar-stari\/wp-content\/uploads\/2019\/09\/IMG_0468_s.jpg\" alt=\"\" width=\"310\" height=\"207\" srcset=\"https:\/\/www.vegaintro-projekti.com\/pilar-stari\/wp-content\/uploads\/2019\/09\/IMG_0468_s.jpg 310w, https:\/\/www.vegaintro-projekti.com\/pilar-stari\/wp-content\/uploads\/2019\/09\/IMG_0468_s-300x200.jpg 300w\" sizes=\"(max-width: 310px) 100vw, 310px\" \/><\/a><\/p>\n<p><span style=\"font-size: 8pt;\"><strong>Predstavljanje knjige \u201eReflections on the Mediterranean\u201c u Visu, 20. rujna 2019.<\/strong><\/span><\/p>\n<p><a href=\"http:\/\/www.mic-vis.eu\/Conference\/MicVis2018\"><img decoding=\"async\" loading=\"lazy\" class=\"alignnone wp-image-13701 size-full\" src=\"https:\/\/www.vegaintro-projekti.com\/pilar-stari\/wp-content\/uploads\/2019\/09\/Promocija_knjige_s.jpg\" alt=\"\" width=\"620\" height=\"438\" srcset=\"https:\/\/www.vegaintro-projekti.com\/pilar-stari\/wp-content\/uploads\/2019\/09\/Promocija_knjige_s.jpg 620w, https:\/\/www.vegaintro-projekti.com\/pilar-stari\/wp-content\/uploads\/2019\/09\/Promocija_knjige_s-300x212.jpg 300w\" sizes=\"(max-width: 620px) 100vw, 620px\" \/><\/a><\/p>\n<p>Knjiga <strong>Reflections on the Mediterranean <\/strong>dostupna je u tiskanoj i <a href=\"http:\/\/www.mic-vis.eu\/Conference\/MicVis2018\">online<\/a> verziji.<\/p>\n<blockquote><p><a href=\"http:\/\/www.mic-vis.eu\/Conference\/MicVis2018\">Reflections on the Mediterranean<\/a><\/p><\/blockquote>\n","protected":false},"excerpt":{"rendered":"<p>U Hrvatskom domu u Visu 20. rujna 2019. odr\u017eano je predstavljanje knjige \u201eReflections on the Mediterranean\u201c. O knjizi su govorile urednice Katica Jur\u010devi\u0107, Ljiljana Kaliterna Lipov\u010dan i Ozana Ramljak. \u2212 Knjiga online Predstavljanje knjige \u201eReflections on the Mediterranean\u201c u Visu, 20. rujna 2019. Knjiga Reflections on the Mediterranean dostupna je u tiskanoj i online verziji.&hellip; <a class=\"continue\" href=\"https:\/\/www.vegaintro-projekti.com\/pilar-stari\/2019\/09\/predstavljanje-knjige-reflections-on-the-mediterranean-u-visu-20-9-2019\/\">Pro\u010ditaj vi\u0161e o<span> Predstavljanje knjige \u201eReflections on the Mediterranean\u201c u Visu, 20. 9. 2019.<\/span><\/a><\/p>\n","protected":false},"author":7,"featured_media":13821,"comment_status":"closed","ping_status":"closed","sticky":false,"template":"","format":"standard","meta":{"inline_featured_image":false,"ngg_post_thumbnail":0,"footnotes":""},"categories":[48,11],"tags":[],"yoast_head":"<!-- This site is optimized with the Yoast SEO plugin v21.2 - https:\/\/yoast.com\/wordpress\/plugins\/seo\/ -->\n<title>Predstavljanje knjige \u201eReflections on the Mediterranean\u201c u Visu, 20. 9. 2019. - Institut dru&scaron;tvenih znanosti Ivo Pilar<\/title>\n<meta name=\"robots\" content=\"noindex, follow, max-snippet:-1, max-image-preview:large, max-video-preview:-1\" \/>\n<meta property=\"og:locale\" content=\"hr_HR\" \/>\n<meta property=\"og:type\" content=\"article\" \/>\n<meta property=\"og:title\" content=\"Predstavljanje knjige \u201eReflections on the Mediterranean\u201c u Visu, 20. 9. 2019. - Institut dru&scaron;tvenih znanosti Ivo Pilar\" \/>\n<meta property=\"og:description\" content=\"U Hrvatskom domu u Visu 20. rujna 2019. odr\u017eano je predstavljanje knjige \u201eReflections on the Mediterranean\u201c. O knjizi su govorile urednice Katica Jur\u010devi\u0107, Ljiljana Kaliterna Lipov\u010dan i Ozana Ramljak. \u2212 Knjiga online Predstavljanje knjige \u201eReflections on the Mediterranean\u201c u Visu, 20. rujna 2019. Knjiga Reflections on the Mediterranean dostupna je u tiskanoj i online verziji.&hellip; Pro\u010ditaj vi\u0161e o Predstavljanje knjige \u201eReflections on the Mediterranean\u201c u Visu, 20. 9. 2019.\" \/>\n<meta property=\"og:url\" content=\"https:\/\/www.vegaintro-projekti.com\/pilar-stari\/2019\/09\/predstavljanje-knjige-reflections-on-the-mediterranean-u-visu-20-9-2019\/\" \/>\n<meta property=\"og:site_name\" content=\"Institut dru&scaron;tvenih znanosti Ivo Pilar\" \/>\n<meta property=\"article:published_time\" content=\"2019-09-19T11:41:24+00:00\" \/>\n<meta property=\"article:modified_time\" content=\"2020-10-28T18:41:48+00:00\" \/>\n<meta property=\"og:image\" content=\"https:\/\/www.vegaintro-projekti.com\/pilar-stari\/wp-content\/uploads\/2019\/09\/IMG_0464.jpg\" \/>\n\t<meta property=\"og:image:width\" content=\"1600\" \/>\n\t<meta property=\"og:image:height\" content=\"1108\" \/>\n\t<meta property=\"og:image:type\" content=\"image\/jpeg\" \/>\n<meta name=\"author\" content=\"Boris\" \/>\n<meta name=\"twitter:card\" content=\"summary_large_image\" \/>\n<meta name=\"twitter:label1\" content=\"Napisao\/la\" \/>\n\t<meta name=\"twitter:data1\" content=\"Boris\" \/>\n<script type=\"application\/ld+json\" class=\"yoast-schema-graph\">{\"@context\":\"https:\/\/schema.org\",\"@graph\":[{\"@type\":\"WebPage\",\"@id\":\"https:\/\/www.vegaintro-projekti.com\/pilar-stari\/2019\/09\/predstavljanje-knjige-reflections-on-the-mediterranean-u-visu-20-9-2019\/\",\"url\":\"https:\/\/www.vegaintro-projekti.com\/pilar-stari\/2019\/09\/predstavljanje-knjige-reflections-on-the-mediterranean-u-visu-20-9-2019\/\",\"name\":\"Predstavljanje knjige \u201eReflections on the Mediterranean\u201c u Visu, 20. 9. 2019. - Institut dru&scaron;tvenih znanosti Ivo Pilar\",\"isPartOf\":{\"@id\":\"https:\/\/www.vegaintro-projekti.com\/pilar-stari\/#website\"},\"datePublished\":\"2019-09-19T11:41:24+00:00\",\"dateModified\":\"2020-10-28T18:41:48+00:00\",\"author\":{\"@id\":\"https:\/\/www.vegaintro-projekti.com\/pilar-stari\/#\/schema\/person\/ddd404c9f1e15e4ffef5986ac6a5d28b\"},\"breadcrumb\":{\"@id\":\"https:\/\/www.vegaintro-projekti.com\/pilar-stari\/2019\/09\/predstavljanje-knjige-reflections-on-the-mediterranean-u-visu-20-9-2019\/#breadcrumb\"},\"inLanguage\":\"hr\",\"potentialAction\":[{\"@type\":\"ReadAction\",\"target\":[\"https:\/\/www.vegaintro-projekti.com\/pilar-stari\/2019\/09\/predstavljanje-knjige-reflections-on-the-mediterranean-u-visu-20-9-2019\/\"]}]},{\"@type\":\"BreadcrumbList\",\"@id\":\"https:\/\/www.vegaintro-projekti.com\/pilar-stari\/2019\/09\/predstavljanje-knjige-reflections-on-the-mediterranean-u-visu-20-9-2019\/#breadcrumb\",\"itemListElement\":[{\"@type\":\"ListItem\",\"position\":1,\"name\":\"Home\",\"item\":\"https:\/\/www.vegaintro-projekti.com\/pilar-stari\/\"},{\"@type\":\"ListItem\",\"position\":2,\"name\":\"Predstavljanje knjige \u201eReflections on the Mediterranean\u201c u Visu, 20. 9. 2019.\"}]},{\"@type\":\"WebSite\",\"@id\":\"https:\/\/www.vegaintro-projekti.com\/pilar-stari\/#website\",\"url\":\"https:\/\/www.vegaintro-projekti.com\/pilar-stari\/\",\"name\":\"Institut dru&scaron;tvenih znanosti Ivo Pilar\",\"description\":\"Pilar\",\"potentialAction\":[{\"@type\":\"SearchAction\",\"target\":{\"@type\":\"EntryPoint\",\"urlTemplate\":\"https:\/\/www.vegaintro-projekti.com\/pilar-stari\/?s={search_term_string}\"},\"query-input\":\"required name=search_term_string\"}],\"inLanguage\":\"hr\"},{\"@type\":\"Person\",\"@id\":\"https:\/\/www.vegaintro-projekti.com\/pilar-stari\/#\/schema\/person\/ddd404c9f1e15e4ffef5986ac6a5d28b\",\"name\":\"Boris\",\"image\":{\"@type\":\"ImageObject\",\"inLanguage\":\"hr\",\"@id\":\"https:\/\/www.vegaintro-projekti.com\/pilar-stari\/#\/schema\/person\/image\/\",\"url\":\"https:\/\/secure.gravatar.com\/avatar\/29557b161a6ce6ab86ac1503164f1e90?s=96&d=mm&r=g\",\"contentUrl\":\"https:\/\/secure.gravatar.com\/avatar\/29557b161a6ce6ab86ac1503164f1e90?s=96&d=mm&r=g\",\"caption\":\"Boris\"},\"url\":\"https:\/\/www.vegaintro-projekti.com\/pilar-stari\/author\/boris\/\"}]}<\/script>\n<!-- \/ Yoast SEO plugin. -->","yoast_head_json":{"title":"Predstavljanje knjige \u201eReflections on the Mediterranean\u201c u Visu, 20. 9. 2019. - Institut dru&scaron;tvenih znanosti Ivo Pilar","robots":{"index":"noindex","follow":"follow","max-snippet":"max-snippet:-1","max-image-preview":"max-image-preview:large","max-video-preview":"max-video-preview:-1"},"og_locale":"hr_HR","og_type":"article","og_title":"Predstavljanje knjige \u201eReflections on the Mediterranean\u201c u Visu, 20. 9. 2019. - Institut dru&scaron;tvenih znanosti Ivo Pilar","og_description":"U Hrvatskom domu u Visu 20. rujna 2019. odr\u017eano je predstavljanje knjige \u201eReflections on the Mediterranean\u201c. O knjizi su govorile urednice Katica Jur\u010devi\u0107, Ljiljana Kaliterna Lipov\u010dan i Ozana Ramljak. \u2212 Knjiga online Predstavljanje knjige \u201eReflections on the Mediterranean\u201c u Visu, 20. rujna 2019. Knjiga Reflections on the Mediterranean dostupna je u tiskanoj i online verziji.&hellip; Pro\u010ditaj vi\u0161e o Predstavljanje knjige \u201eReflections on the Mediterranean\u201c u Visu, 20. 9. 2019.","og_url":"https:\/\/www.vegaintro-projekti.com\/pilar-stari\/2019\/09\/predstavljanje-knjige-reflections-on-the-mediterranean-u-visu-20-9-2019\/","og_site_name":"Institut dru&scaron;tvenih znanosti Ivo Pilar","article_published_time":"2019-09-19T11:41:24+00:00","article_modified_time":"2020-10-28T18:41:48+00:00","og_image":[{"width":1600,"height":1108,"url":"https:\/\/www.vegaintro-projekti.com\/pilar-stari\/wp-content\/uploads\/2019\/09\/IMG_0464.jpg","type":"image\/jpeg"}],"author":"Boris","twitter_card":"summary_large_image","twitter_misc":{"Napisao\/la":"Boris"},"schema":{"@context":"https:\/\/schema.org","@graph":[{"@type":"WebPage","@id":"https:\/\/www.vegaintro-projekti.com\/pilar-stari\/2019\/09\/predstavljanje-knjige-reflections-on-the-mediterranean-u-visu-20-9-2019\/","url":"https:\/\/www.vegaintro-projekti.com\/pilar-stari\/2019\/09\/predstavljanje-knjige-reflections-on-the-mediterranean-u-visu-20-9-2019\/","name":"Predstavljanje knjige \u201eReflections on the Mediterranean\u201c u Visu, 20. 9. 2019. - Institut dru&scaron;tvenih znanosti Ivo Pilar","isPartOf":{"@id":"https:\/\/www.vegaintro-projekti.com\/pilar-stari\/#website"},"datePublished":"2019-09-19T11:41:24+00:00","dateModified":"2020-10-28T18:41:48+00:00","author":{"@id":"https:\/\/www.vegaintro-projekti.com\/pilar-stari\/#\/schema\/person\/ddd404c9f1e15e4ffef5986ac6a5d28b"},"breadcrumb":{"@id":"https:\/\/www.vegaintro-projekti.com\/pilar-stari\/2019\/09\/predstavljanje-knjige-reflections-on-the-mediterranean-u-visu-20-9-2019\/#breadcrumb"},"inLanguage":"hr","potentialAction":[{"@type":"ReadAction","target":["https:\/\/www.vegaintro-projekti.com\/pilar-stari\/2019\/09\/predstavljanje-knjige-reflections-on-the-mediterranean-u-visu-20-9-2019\/"]}]},{"@type":"BreadcrumbList","@id":"https:\/\/www.vegaintro-projekti.com\/pilar-stari\/2019\/09\/predstavljanje-knjige-reflections-on-the-mediterranean-u-visu-20-9-2019\/#breadcrumb","itemListElement":[{"@type":"ListItem","position":1,"name":"Home","item":"https:\/\/www.vegaintro-projekti.com\/pilar-stari\/"},{"@type":"ListItem","position":2,"name":"Predstavljanje knjige \u201eReflections on the Mediterranean\u201c u Visu, 20. 9. 2019."}]},{"@type":"WebSite","@id":"https:\/\/www.vegaintro-projekti.com\/pilar-stari\/#website","url":"https:\/\/www.vegaintro-projekti.com\/pilar-stari\/","name":"Institut dru&scaron;tvenih znanosti Ivo Pilar","description":"Pilar","potentialAction":[{"@type":"SearchAction","target":{"@type":"EntryPoint","urlTemplate":"https:\/\/www.vegaintro-projekti.com\/pilar-stari\/?s={search_term_string}"},"query-input":"required name=search_term_string"}],"inLanguage":"hr"},{"@type":"Person","@id":"https:\/\/www.vegaintro-projekti.com\/pilar-stari\/#\/schema\/person\/ddd404c9f1e15e4ffef5986ac6a5d28b","name":"Boris","image":{"@type":"ImageObject","inLanguage":"hr","@id":"https:\/\/www.vegaintro-projekti.com\/pilar-stari\/#\/schema\/person\/image\/","url":"https:\/\/secure.gravatar.com\/avatar\/29557b161a6ce6ab86ac1503164f1e90?s=96&d=mm&r=g","contentUrl":"https:\/\/secure.gravatar.com\/avatar\/29557b161a6ce6ab86ac1503164f1e90?s=96&d=mm&r=g","caption":"Boris"},"url":"https:\/\/www.vegaintro-projekti.com\/pilar-stari\/author\/boris\/"}]}},"_links":{"self":[{"href":"https:\/\/www.vegaintro-projekti.com\/pilar-stari\/wp-json\/wp\/v2\/posts\/13702"}],"collection":[{"href":"https:\/\/www.vegaintro-projekti.com\/pilar-stari\/wp-json\/wp\/v2\/posts"}],"about":[{"href":"https:\/\/www.vegaintro-projekti.com\/pilar-stari\/wp-json\/wp\/v2\/types\/post"}],"author":[{"embeddable":true,"href":"https:\/\/www.vegaintro-projekti.com\/pilar-stari\/wp-json\/wp\/v2\/users\/7"}],"replies":[{"embeddable":true,"href":"https:\/\/www.vegaintro-projekti.com\/pilar-stari\/wp-json\/wp\/v2\/comments?post=13702"}],"version-history":[{"count":6,"href":"https:\/\/www.vegaintro-projekti.com\/pilar-stari\/wp-json\/wp\/v2\/posts\/13702\/revisions"}],"predecessor-version":[{"id":13832,"href":"https:\/\/www.vegaintro-projekti.com\/pilar-stari\/wp-json\/wp\/v2\/posts\/13702\/revisions\/13832"}],"wp:featuredmedia":[{"embeddable":true,"href":"https:\/\/www.vegaintro-projekti.com\/pilar-stari\/wp-json\/wp\/v2\/media\/13821"}],"wp:attachment":[{"href":"https:\/\/www.vegaintro-projekti.com\/pilar-stari\/wp-json\/wp\/v2\/media?parent=13702"}],"wp:term":[{"taxonomy":"category","embeddable":true,"href":"https:\/\/www.vegaintro-projekti.com\/pilar-stari\/wp-json\/wp\/v2\/categories?post=13702"},{"taxonomy":"post_tag","embeddable":true,"href":"https:\/\/www.vegaintro-projekti.com\/pilar-stari\/wp-json\/wp\/v2\/tags?post=13702"}],"curies":[{"name":"wp","href":"https:\/\/api.w.org\/{rel}","templated":true}]}}