{"id":13797,"date":"2019-09-26T12:36:10","date_gmt":"2019-09-26T12:36:10","guid":{"rendered":"https:\/\/www.vegaintro-projekti.com\/pilar-stari\/?p=13797"},"modified":"2020-10-28T18:41:09","modified_gmt":"2020-10-28T18:41:09","slug":"dr-sc-drazen-zivic-demografska-revitalizacija-zahtijeva-dugorocan-pristup-svih-drustvenih-aktera","status":"publish","type":"post","link":"https:\/\/www.vegaintro-projekti.com\/pilar-stari\/2019\/09\/dr-sc-drazen-zivic-demografska-revitalizacija-zahtijeva-dugorocan-pristup-svih-drustvenih-aktera\/","title":{"rendered":"Dr. sc. Dra\u017een \u017divi\u0107: Demografska revitalizacija zahtijeva dugoro\u010dan pristup svih dru\u0161tvenih aktera, 25. 9. 2019."},"content":{"rendered":"<p><strong>Portal Poslovnog dnevnika 25. rujna 2019. objavljuje razgovor s dr. sc. Dra\u017eenom \u017divi\u0107em, pomo\u0107nikom ravnatelja Instituta Pilar, pod naslovom &#8220;Demografska revitalizacija zahtijeva dugoro\u010dan pristup svih dru\u0161tvenih aktera&#8221;. <\/strong>\u2212 <a href=\"http:\/\/www.poslovni.hr\/hrvatska\/demografska-revitalizacija-zahtijeva-dugorocan-pristup-svih-drustvenih-aktera-357854\">Poslovni.hr<\/a><\/p>\n<p><a href=\"https:\/\/www.vegaintro-projekti.com\/pilar-stari\/wp-content\/uploads\/2019\/09\/D_Zivic.jpg\"><img decoding=\"async\" loading=\"lazy\" class=\"alignnone\" src=\"https:\/\/www.vegaintro-projekti.com\/pilar-stari\/wp-content\/uploads\/2019\/09\/D_Zivic_s.jpg\" alt=\"\" width=\"620\" height=\"419\"><\/a><\/p>\n<p><span style=\"font-size: 8pt;\"><strong>Foto: Luka Stanzl\/PIXSELL<\/strong><\/span><\/p>\n<p><strong>\u2212 Poslovni.hr:<\/strong> <a href=\"http:\/\/www.poslovni.hr\/hrvatska\/demografska-revitalizacija-zahtijeva-dugorocan-pristup-svih-drustvenih-aktera-357854\">DRA\u017dEN \u017dIVI\u0106: Demografska revitalizacija zahtijeva dugoro\u010dan pristup svih dru\u0161tvenih aktera, 25. rujna 2019.<\/a><\/p>\n<p><span style=\"font-size: 14pt;\">Dra\u017een \u017divi\u0107, demograf s Instituta Ivo Pilar, upozorava kako ubla\u017eavanje negativnih demografskih mjera ne\u0107e biti jednostavan i brz posao te nas \u010deka dug i naporan, a djelomi\u010dno i neizvjestan put<\/span><\/p>\n<p>S dr. sc. Dra\u017eenom \u017divi\u0107em, demografom s Instituta dru\u0161tvenih znanosti Ivo Pilar, razgovarali smo o pristupu demografskim problemima, na\u010dinu njihova rje\u0161avanja te vremenu koje je potrebno da oni daju opipljive rezultate.<\/p>\n<p><strong>Koliko su uzroci i posljedice demografske krize prepoznati od strane javnosti, stru\u010dnjaka i vlasti?<\/strong><\/p>\n<p>Hrvatski demografi u svojim znanstvenim radovima i publikacijama kao i u javnim istupima kroz medijski diskurs ili na druge na\u010dine, godinama upozoravaju na uzroke i posljedice demografskoga stanja u kojemu se Hrvatska nalazi. Demografi starije generacije jo\u0161 su 70-ih godina pro\u0161loga stolje\u0107a upozoravali na mogu\u0107i nepovoljan rasplet demografskih trendova i procesa kada su oni jo\u0161 uvijek u ve\u0107ini imali pozitivan, ali i sve skromniji predznak. No kako su demografske promjene dugoro\u010dnoga karaktera i relativno pouzdano se mogu predvi\u0111ati dosada\u0161nje su analize argumentirano pokazivale da \u0107e se populacijski trendovi i procesi s vremenom pogor\u0161avati jer su na njih sna\u017eno utjecali negativni dru\u0161tveni i gospodarski \u010dimbenici, kao i postupna promjena u hijerarhiji dru\u0161tvenih vrijednosti u odnosu prije svega prema braku, obitelji i djeci. Dodatni impuls prelaska iz pozitivnog u negativan trend demografske dinamike, uz ubrzanje demografskog starenja, predstavljali su veliki ljudski i migracijski demografski gubitci u Domovinskom ratu. Potrebno je naglasiti da je Hrvatski sabor 1996. donio nacionalni program demografske obnove kao dobro pripremljen strate\u0161ki dokument koji se trebao, a nije, o\u017eivotvoriti kroz odgovaraju\u0107a zakonska i druga rje\u0161enja. Desetlje\u0107e kasnije, 2006., Hrvatski je sabor donio Nacionalnu populacijsku politiku, tako\u0111er kao svojevrsno strate\u0161ko usmjerenje koje je opet zakazalo u cjelovitoj provedbi. Trenutno je u izradi nova Strategija demografske revitalizacije, pa \u0107emo tek imati prigode utvrditi njezine stvarne dosege i pozitivne u\u010dinke. Dakle, ne mo\u017eemo kazati da su dosada\u0161nje vlasti u potpunosti ignorirali demografsku problematiku, ali je drugo pitanje koliko su doista i u\u010dinile za nju. Dr\u017eim da je u tom smislu dana\u0161nje stanje razumijevanja va\u017enosti demografije kao klju\u010dnog nacionalnog pitanja i, na\u017ealost, najve\u0107eg problema Hrvatske bolje nego prije, ali i da ima jo\u0161 puno slobodnoga prostora za aktivno djelovanje.<\/p>\n<p><strong>Na koji se na\u010din u ovom trenutku mo\u017ee zapo\u010deti demografska revitalizacija zemlje?<\/strong><\/p>\n<p>Prvo, unaprje\u0111enjem op\u0107eg konsenzusa svih aktera dru\u0161tva o va\u017enosti demografske problematike za \u017eivot i rad hrvatskih gra\u0111ana kao i za njihovu sigurnost. Drugo, spremno\u0161\u0107u da sve hrvatske javne politike na odre\u0111eni na\u010din podredimo demografskoj revitalizaciji, odnosno da njihove ciljeve, mjere i aktivnosti vrednujemo prije svega s obzirom na njihove demografske u\u010dinke. Tre\u0107e, da na pravi na\u010din iskoristimo i unaprijedimo sva dosada\u0161nja pozitivna iskustva u primjeni konkretnih mjera, osobito da se s dr\u017eavne razine podupru nastojanja lokalnih zajednica u provedbi njihovih mjera s ciljem podizanja kvalitete \u017eivljenja kao va\u017enog preduvjeta boljim demografskim odnosima. \u010cetvrto, da se u sklopu radnoga zakonodavstva dodatno za\u0161tite roditelji djece, osobito majke koje su vrlo \u010desto suo\u010dene da zbog trudno\u0107e ne dobiju posao ili se nakon roditeljskog dopusta vrate na slabije pla\u0107eno radno mjesto ili, \u0161to je osobito zabrinjavaju\u0107e, dobiju otkaz\u2026 I tako mo\u017eemo nabrajati, i ne\u0107emo se iscrpiti, jer slo\u017eenost uzroka i te\u017eina posljedica postoje\u0107e demografske krize neumitno tra\u017ee sveobuhvatan, a ne parcijalan i dugoro\u010dan a ne kratkoro\u010dan pristup.<\/p>\n<p><strong>U kojem periodu mo\u017eemo o\u010dekivati da \u0107e mjere dati prve rezultate ubla\u017eavanja krize?<\/strong><\/p>\n<p>Demografski razvoj koji se odvija u regularnim op\u0107im uvjetima, dakle, bez ratnih sukoba, prirodnih katastrofa i sli\u010dno, ima svoje zakonitosti. Jedna od najva\u017enijih jest dugoro\u010dan ili odgo\u0111en karakter promjena, kako u dinamici tako jo\u0161 i vi\u0161e u strukturama stanovni\u0161tva. Uobi\u010dajeno se dr\u017ei da je za ocjenu budu\u0107ega kretanja, a time i za ocjenu uspje\u0161nosti primjene mjera demografske revitalizacije, potrebno barem 20 do 25 godina. To ne zna\u010di da se pozitivni, ali i negativni u\u010dinci javnih politika koje bi trebale \u2018intervenirati\u2019 u demografsku problematiku ne mogu uo\u010diti i vrednovati ranije, tj. na godi\u0161njoj razini, ali tek nam vi\u0161egodi\u0161nji trendovi u kretanju broja stanovnika, rodnosti i smrtnosti stanovni\u0161tva, migracijama i strukturno-demografskim promjenama mogu ukazati jesmo li i koliko bili uspje\u0161ni u provo\u0111enju mjera demografske revitalizacije. Iz toga proizlazi, zapravo, drugo bitno na\u010delo svake demografske politike, a to je cjelovitost mjera i dugoro\u010dan karakter njihove provedbe. Svi moramo biti svjesni da je demografska kriza u Hrvatskoj dubokih i slo\u017eenih korijena, i da se ona ne mo\u017ee niti smije shvatiti olako, a jo\u0161 manje da \u0107e ubla\u017eavanje negativnih demografskih mjera biti jednostavan i brz posao. \u010ceka nas dug i naporan, a u nekim elementima i neizvjestan put.<\/p>\n<p><strong>Jedna od najpopularnijih mjera su jednokratne nov\u010dane naknade za novoro\u0111en\u010dad. Koliko su one efikasne i na koje bi se mjere trebalo staviti naglasak?<\/strong><\/p>\n<p>Te\u017eina demografske krize u kojoj se Hrvatska nalazi, s uzrocima i posljedicama koje se\u017eu i dublje u pro\u0161lost, ali i iskustvo drugih europskih zemalja koje su se nalazile ili se jo\u0161 uvijek nalaze u depopulaciji, ukazuje da ubla\u017eavanje negativnih demografskih trendova, a onda i njihovo eventualno, ali iznimno po\u017eeljno preusmjeravanje u pozitivnom pravcu, mora biti rezultat sinergijskog u\u010dinka razli\u010ditih, no me\u0111usobno komplementarnih mjera i aktivnosti iz vi\u0161e domena javnih politika \u2013 populacijske, ekonomske regionalne, stambene, obrazovne, porezne, fiskalne i dr. U Hrvatskom kontekstu to zna\u010di da mjere demografske revitalizacije moraju biti aktivne u kontekstu podizanja razine rodnosti, usporavanja iseljavanja uz privla\u010denje novoga stanovni\u0161tva te ubla\u017eavanja regionalne razvojne neravnote\u017ee \u010diji je bitan \u010dimbenik usporavanje prostorne populacijske polarizacije. Svaka od mjera i aktivnosti ako su dobro osmi\u0161ljene i provo\u0111ene imaju pozitivan u\u010dinak, ali samo onda ako su poduprte drugim mjerama i aktivnostima.<\/p>\n<blockquote><p><a href=\"https:\/\/www.vegaintro-projekti.com\/pilar-stari\/biografije\/user-bio\/?my_user_id=66\">Dr. sc. Dra\u017een \u017divi\u0107<\/a><\/p>\n<p><a href=\"https:\/\/www.vegaintro-projekti.com\/pilar-stari\/2018\/04\/podruni-centar-vukovar-2\/\">Podru\u010dni centar Vukovar<\/a><\/p><\/blockquote>\n","protected":false},"excerpt":{"rendered":"<p>Portal Poslovnog dnevnika 25. rujna 2019. objavljuje razgovor s dr. sc. Dra\u017eenom \u017divi\u0107em, pomo\u0107nikom ravnatelja Instituta Pilar, pod naslovom &#8220;Demografska revitalizacija zahtijeva dugoro\u010dan pristup svih dru\u0161tvenih aktera&#8221;. \u2212 Poslovni.hr Foto: Luka Stanzl\/PIXSELL \u2212 Poslovni.hr: DRA\u017dEN \u017dIVI\u0106: Demografska revitalizacija zahtijeva dugoro\u010dan pristup svih dru\u0161tvenih aktera, 25. rujna 2019. Dra\u017een \u017divi\u0107, demograf s Instituta Ivo Pilar, upozorava&hellip; <a class=\"continue\" href=\"https:\/\/www.vegaintro-projekti.com\/pilar-stari\/2019\/09\/dr-sc-drazen-zivic-demografska-revitalizacija-zahtijeva-dugorocan-pristup-svih-drustvenih-aktera\/\">Pro\u010ditaj vi\u0161e o<span> Dr. sc. Dra\u017een \u017divi\u0107: Demografska revitalizacija zahtijeva dugoro\u010dan pristup svih dru\u0161tvenih aktera, 25. 9. 2019.<\/span><\/a><\/p>\n","protected":false},"author":7,"featured_media":13795,"comment_status":"closed","ping_status":"closed","sticky":false,"template":"","format":"standard","meta":{"inline_featured_image":false,"ngg_post_thumbnail":0,"footnotes":""},"categories":[12],"tags":[],"yoast_head":"<!-- This site is optimized with the Yoast SEO plugin v21.2 - https:\/\/yoast.com\/wordpress\/plugins\/seo\/ -->\n<title>Dr. sc. Dra\u017een \u017divi\u0107: Demografska revitalizacija zahtijeva dugoro\u010dan pristup svih dru\u0161tvenih aktera, 25. 9. 2019. - Institut dru&scaron;tvenih znanosti Ivo Pilar<\/title>\n<meta name=\"robots\" content=\"noindex, follow, max-snippet:-1, max-image-preview:large, max-video-preview:-1\" \/>\n<meta property=\"og:locale\" content=\"hr_HR\" \/>\n<meta property=\"og:type\" content=\"article\" \/>\n<meta property=\"og:title\" content=\"Dr. sc. Dra\u017een \u017divi\u0107: Demografska revitalizacija zahtijeva dugoro\u010dan pristup svih dru\u0161tvenih aktera, 25. 9. 2019. - Institut dru&scaron;tvenih znanosti Ivo Pilar\" \/>\n<meta property=\"og:description\" content=\"Portal Poslovnog dnevnika 25. rujna 2019. objavljuje razgovor s dr. sc. Dra\u017eenom \u017divi\u0107em, pomo\u0107nikom ravnatelja Instituta Pilar, pod naslovom &#8220;Demografska revitalizacija zahtijeva dugoro\u010dan pristup svih dru\u0161tvenih aktera&#8221;. \u2212 Poslovni.hr Foto: Luka Stanzl\/PIXSELL \u2212 Poslovni.hr: DRA\u017dEN \u017dIVI\u0106: Demografska revitalizacija zahtijeva dugoro\u010dan pristup svih dru\u0161tvenih aktera, 25. rujna 2019. Dra\u017een \u017divi\u0107, demograf s Instituta Ivo Pilar, upozorava&hellip; Pro\u010ditaj vi\u0161e o Dr. sc. Dra\u017een \u017divi\u0107: Demografska revitalizacija zahtijeva dugoro\u010dan pristup svih dru\u0161tvenih aktera, 25. 9. 2019.\" \/>\n<meta property=\"og:url\" content=\"https:\/\/www.vegaintro-projekti.com\/pilar-stari\/2019\/09\/dr-sc-drazen-zivic-demografska-revitalizacija-zahtijeva-dugorocan-pristup-svih-drustvenih-aktera\/\" \/>\n<meta property=\"og:site_name\" content=\"Institut dru&scaron;tvenih znanosti Ivo Pilar\" \/>\n<meta property=\"article:published_time\" content=\"2019-09-26T12:36:10+00:00\" \/>\n<meta property=\"article:modified_time\" content=\"2020-10-28T18:41:09+00:00\" \/>\n<meta property=\"og:image\" content=\"https:\/\/www.vegaintro-projekti.com\/pilar-stari\/wp-content\/uploads\/2019\/09\/D_Zivic_fi.jpg\" \/>\n\t<meta property=\"og:image:width\" content=\"833\" \/>\n\t<meta property=\"og:image:height\" content=\"474\" \/>\n\t<meta property=\"og:image:type\" content=\"image\/jpeg\" \/>\n<meta name=\"author\" content=\"Boris\" \/>\n<meta name=\"twitter:card\" content=\"summary_large_image\" \/>\n<meta name=\"twitter:label1\" content=\"Napisao\/la\" \/>\n\t<meta name=\"twitter:data1\" content=\"Boris\" \/>\n\t<meta name=\"twitter:label2\" content=\"Procijenjeno vrijeme \u010ditanja\" \/>\n\t<meta name=\"twitter:data2\" content=\"5 minuta\" \/>\n<script type=\"application\/ld+json\" class=\"yoast-schema-graph\">{\"@context\":\"https:\/\/schema.org\",\"@graph\":[{\"@type\":\"WebPage\",\"@id\":\"https:\/\/www.vegaintro-projekti.com\/pilar-stari\/2019\/09\/dr-sc-drazen-zivic-demografska-revitalizacija-zahtijeva-dugorocan-pristup-svih-drustvenih-aktera\/\",\"url\":\"https:\/\/www.vegaintro-projekti.com\/pilar-stari\/2019\/09\/dr-sc-drazen-zivic-demografska-revitalizacija-zahtijeva-dugorocan-pristup-svih-drustvenih-aktera\/\",\"name\":\"Dr. sc. Dra\u017een \u017divi\u0107: Demografska revitalizacija zahtijeva dugoro\u010dan pristup svih dru\u0161tvenih aktera, 25. 9. 2019. - Institut dru&scaron;tvenih znanosti Ivo Pilar\",\"isPartOf\":{\"@id\":\"https:\/\/www.vegaintro-projekti.com\/pilar-stari\/#website\"},\"datePublished\":\"2019-09-26T12:36:10+00:00\",\"dateModified\":\"2020-10-28T18:41:09+00:00\",\"author\":{\"@id\":\"https:\/\/www.vegaintro-projekti.com\/pilar-stari\/#\/schema\/person\/ddd404c9f1e15e4ffef5986ac6a5d28b\"},\"breadcrumb\":{\"@id\":\"https:\/\/www.vegaintro-projekti.com\/pilar-stari\/2019\/09\/dr-sc-drazen-zivic-demografska-revitalizacija-zahtijeva-dugorocan-pristup-svih-drustvenih-aktera\/#breadcrumb\"},\"inLanguage\":\"hr\",\"potentialAction\":[{\"@type\":\"ReadAction\",\"target\":[\"https:\/\/www.vegaintro-projekti.com\/pilar-stari\/2019\/09\/dr-sc-drazen-zivic-demografska-revitalizacija-zahtijeva-dugorocan-pristup-svih-drustvenih-aktera\/\"]}]},{\"@type\":\"BreadcrumbList\",\"@id\":\"https:\/\/www.vegaintro-projekti.com\/pilar-stari\/2019\/09\/dr-sc-drazen-zivic-demografska-revitalizacija-zahtijeva-dugorocan-pristup-svih-drustvenih-aktera\/#breadcrumb\",\"itemListElement\":[{\"@type\":\"ListItem\",\"position\":1,\"name\":\"Home\",\"item\":\"https:\/\/www.vegaintro-projekti.com\/pilar-stari\/\"},{\"@type\":\"ListItem\",\"position\":2,\"name\":\"Dr. sc. Dra\u017een \u017divi\u0107: Demografska revitalizacija zahtijeva dugoro\u010dan pristup svih dru\u0161tvenih aktera, 25. 9. 2019.\"}]},{\"@type\":\"WebSite\",\"@id\":\"https:\/\/www.vegaintro-projekti.com\/pilar-stari\/#website\",\"url\":\"https:\/\/www.vegaintro-projekti.com\/pilar-stari\/\",\"name\":\"Institut dru&scaron;tvenih znanosti Ivo Pilar\",\"description\":\"Pilar\",\"potentialAction\":[{\"@type\":\"SearchAction\",\"target\":{\"@type\":\"EntryPoint\",\"urlTemplate\":\"https:\/\/www.vegaintro-projekti.com\/pilar-stari\/?s={search_term_string}\"},\"query-input\":\"required name=search_term_string\"}],\"inLanguage\":\"hr\"},{\"@type\":\"Person\",\"@id\":\"https:\/\/www.vegaintro-projekti.com\/pilar-stari\/#\/schema\/person\/ddd404c9f1e15e4ffef5986ac6a5d28b\",\"name\":\"Boris\",\"image\":{\"@type\":\"ImageObject\",\"inLanguage\":\"hr\",\"@id\":\"https:\/\/www.vegaintro-projekti.com\/pilar-stari\/#\/schema\/person\/image\/\",\"url\":\"https:\/\/secure.gravatar.com\/avatar\/29557b161a6ce6ab86ac1503164f1e90?s=96&d=mm&r=g\",\"contentUrl\":\"https:\/\/secure.gravatar.com\/avatar\/29557b161a6ce6ab86ac1503164f1e90?s=96&d=mm&r=g\",\"caption\":\"Boris\"},\"url\":\"https:\/\/www.vegaintro-projekti.com\/pilar-stari\/author\/boris\/\"}]}<\/script>\n<!-- \/ Yoast SEO plugin. -->","yoast_head_json":{"title":"Dr. sc. Dra\u017een \u017divi\u0107: Demografska revitalizacija zahtijeva dugoro\u010dan pristup svih dru\u0161tvenih aktera, 25. 9. 2019. - Institut dru&scaron;tvenih znanosti Ivo Pilar","robots":{"index":"noindex","follow":"follow","max-snippet":"max-snippet:-1","max-image-preview":"max-image-preview:large","max-video-preview":"max-video-preview:-1"},"og_locale":"hr_HR","og_type":"article","og_title":"Dr. sc. Dra\u017een \u017divi\u0107: Demografska revitalizacija zahtijeva dugoro\u010dan pristup svih dru\u0161tvenih aktera, 25. 9. 2019. - Institut dru&scaron;tvenih znanosti Ivo Pilar","og_description":"Portal Poslovnog dnevnika 25. rujna 2019. objavljuje razgovor s dr. sc. Dra\u017eenom \u017divi\u0107em, pomo\u0107nikom ravnatelja Instituta Pilar, pod naslovom &#8220;Demografska revitalizacija zahtijeva dugoro\u010dan pristup svih dru\u0161tvenih aktera&#8221;. \u2212 Poslovni.hr Foto: Luka Stanzl\/PIXSELL \u2212 Poslovni.hr: DRA\u017dEN \u017dIVI\u0106: Demografska revitalizacija zahtijeva dugoro\u010dan pristup svih dru\u0161tvenih aktera, 25. rujna 2019. Dra\u017een \u017divi\u0107, demograf s Instituta Ivo Pilar, upozorava&hellip; Pro\u010ditaj vi\u0161e o Dr. sc. Dra\u017een \u017divi\u0107: Demografska revitalizacija zahtijeva dugoro\u010dan pristup svih dru\u0161tvenih aktera, 25. 9. 2019.","og_url":"https:\/\/www.vegaintro-projekti.com\/pilar-stari\/2019\/09\/dr-sc-drazen-zivic-demografska-revitalizacija-zahtijeva-dugorocan-pristup-svih-drustvenih-aktera\/","og_site_name":"Institut dru&scaron;tvenih znanosti Ivo Pilar","article_published_time":"2019-09-26T12:36:10+00:00","article_modified_time":"2020-10-28T18:41:09+00:00","og_image":[{"width":833,"height":474,"url":"https:\/\/www.vegaintro-projekti.com\/pilar-stari\/wp-content\/uploads\/2019\/09\/D_Zivic_fi.jpg","type":"image\/jpeg"}],"author":"Boris","twitter_card":"summary_large_image","twitter_misc":{"Napisao\/la":"Boris","Procijenjeno vrijeme \u010ditanja":"5 minuta"},"schema":{"@context":"https:\/\/schema.org","@graph":[{"@type":"WebPage","@id":"https:\/\/www.vegaintro-projekti.com\/pilar-stari\/2019\/09\/dr-sc-drazen-zivic-demografska-revitalizacija-zahtijeva-dugorocan-pristup-svih-drustvenih-aktera\/","url":"https:\/\/www.vegaintro-projekti.com\/pilar-stari\/2019\/09\/dr-sc-drazen-zivic-demografska-revitalizacija-zahtijeva-dugorocan-pristup-svih-drustvenih-aktera\/","name":"Dr. sc. Dra\u017een \u017divi\u0107: Demografska revitalizacija zahtijeva dugoro\u010dan pristup svih dru\u0161tvenih aktera, 25. 9. 2019. - Institut dru&scaron;tvenih znanosti Ivo Pilar","isPartOf":{"@id":"https:\/\/www.vegaintro-projekti.com\/pilar-stari\/#website"},"datePublished":"2019-09-26T12:36:10+00:00","dateModified":"2020-10-28T18:41:09+00:00","author":{"@id":"https:\/\/www.vegaintro-projekti.com\/pilar-stari\/#\/schema\/person\/ddd404c9f1e15e4ffef5986ac6a5d28b"},"breadcrumb":{"@id":"https:\/\/www.vegaintro-projekti.com\/pilar-stari\/2019\/09\/dr-sc-drazen-zivic-demografska-revitalizacija-zahtijeva-dugorocan-pristup-svih-drustvenih-aktera\/#breadcrumb"},"inLanguage":"hr","potentialAction":[{"@type":"ReadAction","target":["https:\/\/www.vegaintro-projekti.com\/pilar-stari\/2019\/09\/dr-sc-drazen-zivic-demografska-revitalizacija-zahtijeva-dugorocan-pristup-svih-drustvenih-aktera\/"]}]},{"@type":"BreadcrumbList","@id":"https:\/\/www.vegaintro-projekti.com\/pilar-stari\/2019\/09\/dr-sc-drazen-zivic-demografska-revitalizacija-zahtijeva-dugorocan-pristup-svih-drustvenih-aktera\/#breadcrumb","itemListElement":[{"@type":"ListItem","position":1,"name":"Home","item":"https:\/\/www.vegaintro-projekti.com\/pilar-stari\/"},{"@type":"ListItem","position":2,"name":"Dr. sc. Dra\u017een \u017divi\u0107: Demografska revitalizacija zahtijeva dugoro\u010dan pristup svih dru\u0161tvenih aktera, 25. 9. 2019."}]},{"@type":"WebSite","@id":"https:\/\/www.vegaintro-projekti.com\/pilar-stari\/#website","url":"https:\/\/www.vegaintro-projekti.com\/pilar-stari\/","name":"Institut dru&scaron;tvenih znanosti Ivo Pilar","description":"Pilar","potentialAction":[{"@type":"SearchAction","target":{"@type":"EntryPoint","urlTemplate":"https:\/\/www.vegaintro-projekti.com\/pilar-stari\/?s={search_term_string}"},"query-input":"required name=search_term_string"}],"inLanguage":"hr"},{"@type":"Person","@id":"https:\/\/www.vegaintro-projekti.com\/pilar-stari\/#\/schema\/person\/ddd404c9f1e15e4ffef5986ac6a5d28b","name":"Boris","image":{"@type":"ImageObject","inLanguage":"hr","@id":"https:\/\/www.vegaintro-projekti.com\/pilar-stari\/#\/schema\/person\/image\/","url":"https:\/\/secure.gravatar.com\/avatar\/29557b161a6ce6ab86ac1503164f1e90?s=96&d=mm&r=g","contentUrl":"https:\/\/secure.gravatar.com\/avatar\/29557b161a6ce6ab86ac1503164f1e90?s=96&d=mm&r=g","caption":"Boris"},"url":"https:\/\/www.vegaintro-projekti.com\/pilar-stari\/author\/boris\/"}]}},"_links":{"self":[{"href":"https:\/\/www.vegaintro-projekti.com\/pilar-stari\/wp-json\/wp\/v2\/posts\/13797"}],"collection":[{"href":"https:\/\/www.vegaintro-projekti.com\/pilar-stari\/wp-json\/wp\/v2\/posts"}],"about":[{"href":"https:\/\/www.vegaintro-projekti.com\/pilar-stari\/wp-json\/wp\/v2\/types\/post"}],"author":[{"embeddable":true,"href":"https:\/\/www.vegaintro-projekti.com\/pilar-stari\/wp-json\/wp\/v2\/users\/7"}],"replies":[{"embeddable":true,"href":"https:\/\/www.vegaintro-projekti.com\/pilar-stari\/wp-json\/wp\/v2\/comments?post=13797"}],"version-history":[{"count":5,"href":"https:\/\/www.vegaintro-projekti.com\/pilar-stari\/wp-json\/wp\/v2\/posts\/13797\/revisions"}],"predecessor-version":[{"id":13803,"href":"https:\/\/www.vegaintro-projekti.com\/pilar-stari\/wp-json\/wp\/v2\/posts\/13797\/revisions\/13803"}],"wp:featuredmedia":[{"embeddable":true,"href":"https:\/\/www.vegaintro-projekti.com\/pilar-stari\/wp-json\/wp\/v2\/media\/13795"}],"wp:attachment":[{"href":"https:\/\/www.vegaintro-projekti.com\/pilar-stari\/wp-json\/wp\/v2\/media?parent=13797"}],"wp:term":[{"taxonomy":"category","embeddable":true,"href":"https:\/\/www.vegaintro-projekti.com\/pilar-stari\/wp-json\/wp\/v2\/categories?post=13797"},{"taxonomy":"post_tag","embeddable":true,"href":"https:\/\/www.vegaintro-projekti.com\/pilar-stari\/wp-json\/wp\/v2\/tags?post=13797"}],"curies":[{"name":"wp","href":"https:\/\/api.w.org\/{rel}","templated":true}]}}