{"id":13936,"date":"2019-10-03T11:06:44","date_gmt":"2019-10-03T11:06:44","guid":{"rendered":"https:\/\/www.vegaintro-projekti.com\/pilar-stari\/?p=13936"},"modified":"2020-10-28T18:40:55","modified_gmt":"2020-10-28T18:40:55","slug":"znanstvenici-podrucnog-centra-vukovar-na-okruglom-stolu-demografija-prijetnja-i-prilike-vukovarsko-srijemske-zupanije-2-10-2019","status":"publish","type":"post","link":"https:\/\/www.vegaintro-projekti.com\/pilar-stari\/2019\/10\/znanstvenici-podrucnog-centra-vukovar-na-okruglom-stolu-demografija-prijetnja-i-prilike-vukovarsko-srijemske-zupanije-2-10-2019\/","title":{"rendered":"Znanstvenici Podru\u010dnog centra Vukovar na okruglom stolu &#8220;Demografija &#8211; prijetnja i prilike Vukovarsko-srijemske \u017eupanije&#8221;, 2. 10. 2019."},"content":{"rendered":"<p><strong>U sklopu \u017dupanijskog stru\u010dnog vije\u0107a ravnatelja osnovnih \u0161kola Vukovarsko-srijemske \u017eupanije koji je odr\u017ean u Dr\u017eavnom arhivu u Vukovaru 2. listopada 2019. godine organiziran je okrugli stol na temu <em>Demografija &#8211; prijetnje i prilike VS\u017d<\/em>. Tom su prigodom predstavljeni rezultati projekta &#8220;Migracijske aspiracije i kvaliteta \u017eivota mladih u Vukovarsko-srijemskoj \u017eupaniji (MAVUS)&#8221;, financiranog iz sredstava VIF-a, a koji se provodio od listopada 2018. do kraja rujna 2019. godine<\/strong><\/p>\n<p><a href=\"https:\/\/www.vegaintro-projekti.com\/pilar-stari\/wp-content\/uploads\/2019\/10\/2-1.jpg\"><img decoding=\"async\" loading=\"lazy\" class=\"alignnone wp-image-13935 size-full\" src=\"https:\/\/www.vegaintro-projekti.com\/pilar-stari\/wp-content\/uploads\/2019\/10\/2_s-1.jpg\" alt=\"\" width=\"310\" height=\"174\" srcset=\"https:\/\/www.vegaintro-projekti.com\/pilar-stari\/wp-content\/uploads\/2019\/10\/2_s-1.jpg 310w, https:\/\/www.vegaintro-projekti.com\/pilar-stari\/wp-content\/uploads\/2019\/10\/2_s-1-300x168.jpg 300w\" sizes=\"(max-width: 310px) 100vw, 310px\" \/><\/a><a href=\"https:\/\/www.vegaintro-projekti.com\/pilar-stari\/wp-content\/uploads\/2019\/10\/1-1.jpg\"><img decoding=\"async\" loading=\"lazy\" class=\"alignnone wp-image-13932 size-full\" src=\"https:\/\/www.vegaintro-projekti.com\/pilar-stari\/wp-content\/uploads\/2019\/10\/1_s-1.jpg\" alt=\"\" width=\"310\" height=\"174\" srcset=\"https:\/\/www.vegaintro-projekti.com\/pilar-stari\/wp-content\/uploads\/2019\/10\/1_s-1.jpg 310w, https:\/\/www.vegaintro-projekti.com\/pilar-stari\/wp-content\/uploads\/2019\/10\/1_s-1-300x168.jpg 300w\" sizes=\"(max-width: 310px) 100vw, 310px\" \/><\/a><\/p>\n<p><span style=\"font-size: 8pt;\"><strong>Okrugli stol &#8220;Demografija &#8211; prijetnja i prilike Vukovarsko-srijemske \u017eupanije; Vukovar, 2. listopada 2019.<\/strong><\/span><\/p>\n<p>Pomo\u0107nik ravnatelja Instituta i \u010dlan projektnog tima <strong>dr. sc. Dra\u017een \u017divi\u0107<\/strong> govorio je o temi &#8220;Migracijska komponenta ukupnog kretanja stanovni\u0161tva Vukovarsko-srijemske \u017eupanije (2001. &#8211; 2018.)&#8221;, voditelj projekta i Podru\u010dnoga centra Instituta Pilar u Vukovaru <strong>dr. sc. Mateo \u017dani\u0107<\/strong> izlagao je o temi &#8220;Kvaliteta \u017eivota i o\u010dekivanja od budu\u0107nosti mladih VS\u017d &#8211; prikaz rezultata&#8221;, dok je \u010dlanica projektnoga tima <strong>dr. sc. Ivana Bendra<\/strong> prezentirala temu &#8220;Vrijednosne orijentacije mladih VS\u017d i njihova povezanost s namjerom iseljavanja&#8221;.<\/p>\n<blockquote><p><a href=\"https:\/\/www.vegaintro-projekti.com\/pilar-stari\/2018\/04\/podruni-centar-vukovar-2\/\">Podru\u010dni centar Vukovar<\/a><\/p><\/blockquote>\n","protected":false},"excerpt":{"rendered":"<p>U sklopu \u017dupanijskog stru\u010dnog vije\u0107a ravnatelja osnovnih \u0161kola Vukovarsko-srijemske \u017eupanije koji je odr\u017ean u Dr\u017eavnom arhivu u Vukovaru 2. listopada 2019. godine organiziran je okrugli stol na temu Demografija &#8211; prijetnje i prilike VS\u017d. Tom su prigodom predstavljeni rezultati projekta &#8220;Migracijske aspiracije i kvaliteta \u017eivota mladih u Vukovarsko-srijemskoj \u017eupaniji (MAVUS)&#8221;, financiranog iz sredstava VIF-a, a&hellip; <a class=\"continue\" href=\"https:\/\/www.vegaintro-projekti.com\/pilar-stari\/2019\/10\/znanstvenici-podrucnog-centra-vukovar-na-okruglom-stolu-demografija-prijetnja-i-prilike-vukovarsko-srijemske-zupanije-2-10-2019\/\">Pro\u010ditaj vi\u0161e o<span> Znanstvenici Podru\u010dnog centra Vukovar na okruglom stolu &#8220;Demografija &#8211; prijetnja i prilike Vukovarsko-srijemske \u017eupanije&#8221;, 2. 10. 2019.<\/span><\/a><\/p>\n","protected":false},"author":7,"featured_media":13934,"comment_status":"closed","ping_status":"closed","sticky":false,"template":"","format":"standard","meta":{"inline_featured_image":false,"ngg_post_thumbnail":0,"footnotes":""},"categories":[11],"tags":[],"yoast_head":"<!-- This site is optimized with the Yoast SEO plugin v21.2 - https:\/\/yoast.com\/wordpress\/plugins\/seo\/ -->\n<title>Znanstvenici Podru\u010dnog centra Vukovar na okruglom stolu &quot;Demografija - prijetnja i prilike Vukovarsko-srijemske \u017eupanije&quot;, 2. 10. 2019. - Institut dru&scaron;tvenih znanosti Ivo Pilar<\/title>\n<meta name=\"robots\" content=\"noindex, follow, max-snippet:-1, max-image-preview:large, max-video-preview:-1\" \/>\n<meta property=\"og:locale\" content=\"hr_HR\" \/>\n<meta property=\"og:type\" content=\"article\" \/>\n<meta property=\"og:title\" content=\"Znanstvenici Podru\u010dnog centra Vukovar na okruglom stolu &quot;Demografija - prijetnja i prilike Vukovarsko-srijemske \u017eupanije&quot;, 2. 10. 2019. - Institut dru&scaron;tvenih znanosti Ivo Pilar\" \/>\n<meta property=\"og:description\" content=\"U sklopu \u017dupanijskog stru\u010dnog vije\u0107a ravnatelja osnovnih \u0161kola Vukovarsko-srijemske \u017eupanije koji je odr\u017ean u Dr\u017eavnom arhivu u Vukovaru 2. listopada 2019. godine organiziran je okrugli stol na temu Demografija &#8211; prijetnje i prilike VS\u017d. Tom su prigodom predstavljeni rezultati projekta &#8220;Migracijske aspiracije i kvaliteta \u017eivota mladih u Vukovarsko-srijemskoj \u017eupaniji (MAVUS)&#8221;, financiranog iz sredstava VIF-a, a&hellip; Pro\u010ditaj vi\u0161e o Znanstvenici Podru\u010dnog centra Vukovar na okruglom stolu &#8220;Demografija &#8211; prijetnja i prilike Vukovarsko-srijemske \u017eupanije&#8221;, 2. 10. 2019.\" \/>\n<meta property=\"og:url\" content=\"https:\/\/www.vegaintro-projekti.com\/pilar-stari\/2019\/10\/znanstvenici-podrucnog-centra-vukovar-na-okruglom-stolu-demografija-prijetnja-i-prilike-vukovarsko-srijemske-zupanije-2-10-2019\/\" \/>\n<meta property=\"og:site_name\" content=\"Institut dru&scaron;tvenih znanosti Ivo Pilar\" \/>\n<meta property=\"article:published_time\" content=\"2019-10-03T11:06:44+00:00\" \/>\n<meta property=\"article:modified_time\" content=\"2020-10-28T18:40:55+00:00\" \/>\n<meta property=\"og:image\" content=\"https:\/\/www.vegaintro-projekti.com\/pilar-stari\/wp-content\/uploads\/2019\/10\/2_fi.jpg\" \/>\n\t<meta property=\"og:image:width\" content=\"1024\" \/>\n\t<meta property=\"og:image:height\" content=\"433\" \/>\n\t<meta property=\"og:image:type\" content=\"image\/jpeg\" \/>\n<meta name=\"author\" content=\"Boris\" \/>\n<meta name=\"twitter:card\" content=\"summary_large_image\" \/>\n<meta name=\"twitter:label1\" content=\"Napisao\/la\" \/>\n\t<meta name=\"twitter:data1\" content=\"Boris\" \/>\n\t<meta name=\"twitter:label2\" content=\"Procijenjeno vrijeme \u010ditanja\" \/>\n\t<meta name=\"twitter:data2\" content=\"1 minuta\" \/>\n<script type=\"application\/ld+json\" class=\"yoast-schema-graph\">{\"@context\":\"https:\/\/schema.org\",\"@graph\":[{\"@type\":\"WebPage\",\"@id\":\"https:\/\/www.vegaintro-projekti.com\/pilar-stari\/2019\/10\/znanstvenici-podrucnog-centra-vukovar-na-okruglom-stolu-demografija-prijetnja-i-prilike-vukovarsko-srijemske-zupanije-2-10-2019\/\",\"url\":\"https:\/\/www.vegaintro-projekti.com\/pilar-stari\/2019\/10\/znanstvenici-podrucnog-centra-vukovar-na-okruglom-stolu-demografija-prijetnja-i-prilike-vukovarsko-srijemske-zupanije-2-10-2019\/\",\"name\":\"Znanstvenici Podru\u010dnog centra Vukovar na okruglom stolu \\\"Demografija - prijetnja i prilike Vukovarsko-srijemske \u017eupanije\\\", 2. 10. 2019. - Institut dru&scaron;tvenih znanosti Ivo Pilar\",\"isPartOf\":{\"@id\":\"https:\/\/www.vegaintro-projekti.com\/pilar-stari\/#website\"},\"datePublished\":\"2019-10-03T11:06:44+00:00\",\"dateModified\":\"2020-10-28T18:40:55+00:00\",\"author\":{\"@id\":\"https:\/\/www.vegaintro-projekti.com\/pilar-stari\/#\/schema\/person\/ddd404c9f1e15e4ffef5986ac6a5d28b\"},\"breadcrumb\":{\"@id\":\"https:\/\/www.vegaintro-projekti.com\/pilar-stari\/2019\/10\/znanstvenici-podrucnog-centra-vukovar-na-okruglom-stolu-demografija-prijetnja-i-prilike-vukovarsko-srijemske-zupanije-2-10-2019\/#breadcrumb\"},\"inLanguage\":\"hr\",\"potentialAction\":[{\"@type\":\"ReadAction\",\"target\":[\"https:\/\/www.vegaintro-projekti.com\/pilar-stari\/2019\/10\/znanstvenici-podrucnog-centra-vukovar-na-okruglom-stolu-demografija-prijetnja-i-prilike-vukovarsko-srijemske-zupanije-2-10-2019\/\"]}]},{\"@type\":\"BreadcrumbList\",\"@id\":\"https:\/\/www.vegaintro-projekti.com\/pilar-stari\/2019\/10\/znanstvenici-podrucnog-centra-vukovar-na-okruglom-stolu-demografija-prijetnja-i-prilike-vukovarsko-srijemske-zupanije-2-10-2019\/#breadcrumb\",\"itemListElement\":[{\"@type\":\"ListItem\",\"position\":1,\"name\":\"Home\",\"item\":\"https:\/\/www.vegaintro-projekti.com\/pilar-stari\/\"},{\"@type\":\"ListItem\",\"position\":2,\"name\":\"Znanstvenici Podru\u010dnog centra Vukovar na okruglom stolu &#8220;Demografija &#8211; prijetnja i prilike Vukovarsko-srijemske \u017eupanije&#8221;, 2. 10. 2019.\"}]},{\"@type\":\"WebSite\",\"@id\":\"https:\/\/www.vegaintro-projekti.com\/pilar-stari\/#website\",\"url\":\"https:\/\/www.vegaintro-projekti.com\/pilar-stari\/\",\"name\":\"Institut dru&scaron;tvenih znanosti Ivo Pilar\",\"description\":\"Pilar\",\"potentialAction\":[{\"@type\":\"SearchAction\",\"target\":{\"@type\":\"EntryPoint\",\"urlTemplate\":\"https:\/\/www.vegaintro-projekti.com\/pilar-stari\/?s={search_term_string}\"},\"query-input\":\"required name=search_term_string\"}],\"inLanguage\":\"hr\"},{\"@type\":\"Person\",\"@id\":\"https:\/\/www.vegaintro-projekti.com\/pilar-stari\/#\/schema\/person\/ddd404c9f1e15e4ffef5986ac6a5d28b\",\"name\":\"Boris\",\"image\":{\"@type\":\"ImageObject\",\"inLanguage\":\"hr\",\"@id\":\"https:\/\/www.vegaintro-projekti.com\/pilar-stari\/#\/schema\/person\/image\/\",\"url\":\"https:\/\/secure.gravatar.com\/avatar\/29557b161a6ce6ab86ac1503164f1e90?s=96&d=mm&r=g\",\"contentUrl\":\"https:\/\/secure.gravatar.com\/avatar\/29557b161a6ce6ab86ac1503164f1e90?s=96&d=mm&r=g\",\"caption\":\"Boris\"},\"url\":\"https:\/\/www.vegaintro-projekti.com\/pilar-stari\/author\/boris\/\"}]}<\/script>\n<!-- \/ Yoast SEO plugin. -->","yoast_head_json":{"title":"Znanstvenici Podru\u010dnog centra Vukovar na okruglom stolu \"Demografija - prijetnja i prilike Vukovarsko-srijemske \u017eupanije\", 2. 10. 2019. - Institut dru&scaron;tvenih znanosti Ivo Pilar","robots":{"index":"noindex","follow":"follow","max-snippet":"max-snippet:-1","max-image-preview":"max-image-preview:large","max-video-preview":"max-video-preview:-1"},"og_locale":"hr_HR","og_type":"article","og_title":"Znanstvenici Podru\u010dnog centra Vukovar na okruglom stolu \"Demografija - prijetnja i prilike Vukovarsko-srijemske \u017eupanije\", 2. 10. 2019. - Institut dru&scaron;tvenih znanosti Ivo Pilar","og_description":"U sklopu \u017dupanijskog stru\u010dnog vije\u0107a ravnatelja osnovnih \u0161kola Vukovarsko-srijemske \u017eupanije koji je odr\u017ean u Dr\u017eavnom arhivu u Vukovaru 2. listopada 2019. godine organiziran je okrugli stol na temu Demografija &#8211; prijetnje i prilike VS\u017d. Tom su prigodom predstavljeni rezultati projekta &#8220;Migracijske aspiracije i kvaliteta \u017eivota mladih u Vukovarsko-srijemskoj \u017eupaniji (MAVUS)&#8221;, financiranog iz sredstava VIF-a, a&hellip; Pro\u010ditaj vi\u0161e o Znanstvenici Podru\u010dnog centra Vukovar na okruglom stolu &#8220;Demografija &#8211; prijetnja i prilike Vukovarsko-srijemske \u017eupanije&#8221;, 2. 10. 2019.","og_url":"https:\/\/www.vegaintro-projekti.com\/pilar-stari\/2019\/10\/znanstvenici-podrucnog-centra-vukovar-na-okruglom-stolu-demografija-prijetnja-i-prilike-vukovarsko-srijemske-zupanije-2-10-2019\/","og_site_name":"Institut dru&scaron;tvenih znanosti Ivo Pilar","article_published_time":"2019-10-03T11:06:44+00:00","article_modified_time":"2020-10-28T18:40:55+00:00","og_image":[{"width":1024,"height":433,"url":"https:\/\/www.vegaintro-projekti.com\/pilar-stari\/wp-content\/uploads\/2019\/10\/2_fi.jpg","type":"image\/jpeg"}],"author":"Boris","twitter_card":"summary_large_image","twitter_misc":{"Napisao\/la":"Boris","Procijenjeno vrijeme \u010ditanja":"1 minuta"},"schema":{"@context":"https:\/\/schema.org","@graph":[{"@type":"WebPage","@id":"https:\/\/www.vegaintro-projekti.com\/pilar-stari\/2019\/10\/znanstvenici-podrucnog-centra-vukovar-na-okruglom-stolu-demografija-prijetnja-i-prilike-vukovarsko-srijemske-zupanije-2-10-2019\/","url":"https:\/\/www.vegaintro-projekti.com\/pilar-stari\/2019\/10\/znanstvenici-podrucnog-centra-vukovar-na-okruglom-stolu-demografija-prijetnja-i-prilike-vukovarsko-srijemske-zupanije-2-10-2019\/","name":"Znanstvenici Podru\u010dnog centra Vukovar na okruglom stolu \"Demografija - prijetnja i prilike Vukovarsko-srijemske \u017eupanije\", 2. 10. 2019. - Institut dru&scaron;tvenih znanosti Ivo Pilar","isPartOf":{"@id":"https:\/\/www.vegaintro-projekti.com\/pilar-stari\/#website"},"datePublished":"2019-10-03T11:06:44+00:00","dateModified":"2020-10-28T18:40:55+00:00","author":{"@id":"https:\/\/www.vegaintro-projekti.com\/pilar-stari\/#\/schema\/person\/ddd404c9f1e15e4ffef5986ac6a5d28b"},"breadcrumb":{"@id":"https:\/\/www.vegaintro-projekti.com\/pilar-stari\/2019\/10\/znanstvenici-podrucnog-centra-vukovar-na-okruglom-stolu-demografija-prijetnja-i-prilike-vukovarsko-srijemske-zupanije-2-10-2019\/#breadcrumb"},"inLanguage":"hr","potentialAction":[{"@type":"ReadAction","target":["https:\/\/www.vegaintro-projekti.com\/pilar-stari\/2019\/10\/znanstvenici-podrucnog-centra-vukovar-na-okruglom-stolu-demografija-prijetnja-i-prilike-vukovarsko-srijemske-zupanije-2-10-2019\/"]}]},{"@type":"BreadcrumbList","@id":"https:\/\/www.vegaintro-projekti.com\/pilar-stari\/2019\/10\/znanstvenici-podrucnog-centra-vukovar-na-okruglom-stolu-demografija-prijetnja-i-prilike-vukovarsko-srijemske-zupanije-2-10-2019\/#breadcrumb","itemListElement":[{"@type":"ListItem","position":1,"name":"Home","item":"https:\/\/www.vegaintro-projekti.com\/pilar-stari\/"},{"@type":"ListItem","position":2,"name":"Znanstvenici Podru\u010dnog centra Vukovar na okruglom stolu &#8220;Demografija &#8211; prijetnja i prilike Vukovarsko-srijemske \u017eupanije&#8221;, 2. 10. 2019."}]},{"@type":"WebSite","@id":"https:\/\/www.vegaintro-projekti.com\/pilar-stari\/#website","url":"https:\/\/www.vegaintro-projekti.com\/pilar-stari\/","name":"Institut dru&scaron;tvenih znanosti Ivo Pilar","description":"Pilar","potentialAction":[{"@type":"SearchAction","target":{"@type":"EntryPoint","urlTemplate":"https:\/\/www.vegaintro-projekti.com\/pilar-stari\/?s={search_term_string}"},"query-input":"required name=search_term_string"}],"inLanguage":"hr"},{"@type":"Person","@id":"https:\/\/www.vegaintro-projekti.com\/pilar-stari\/#\/schema\/person\/ddd404c9f1e15e4ffef5986ac6a5d28b","name":"Boris","image":{"@type":"ImageObject","inLanguage":"hr","@id":"https:\/\/www.vegaintro-projekti.com\/pilar-stari\/#\/schema\/person\/image\/","url":"https:\/\/secure.gravatar.com\/avatar\/29557b161a6ce6ab86ac1503164f1e90?s=96&d=mm&r=g","contentUrl":"https:\/\/secure.gravatar.com\/avatar\/29557b161a6ce6ab86ac1503164f1e90?s=96&d=mm&r=g","caption":"Boris"},"url":"https:\/\/www.vegaintro-projekti.com\/pilar-stari\/author\/boris\/"}]}},"_links":{"self":[{"href":"https:\/\/www.vegaintro-projekti.com\/pilar-stari\/wp-json\/wp\/v2\/posts\/13936"}],"collection":[{"href":"https:\/\/www.vegaintro-projekti.com\/pilar-stari\/wp-json\/wp\/v2\/posts"}],"about":[{"href":"https:\/\/www.vegaintro-projekti.com\/pilar-stari\/wp-json\/wp\/v2\/types\/post"}],"author":[{"embeddable":true,"href":"https:\/\/www.vegaintro-projekti.com\/pilar-stari\/wp-json\/wp\/v2\/users\/7"}],"replies":[{"embeddable":true,"href":"https:\/\/www.vegaintro-projekti.com\/pilar-stari\/wp-json\/wp\/v2\/comments?post=13936"}],"version-history":[{"count":5,"href":"https:\/\/www.vegaintro-projekti.com\/pilar-stari\/wp-json\/wp\/v2\/posts\/13936\/revisions"}],"predecessor-version":[{"id":13942,"href":"https:\/\/www.vegaintro-projekti.com\/pilar-stari\/wp-json\/wp\/v2\/posts\/13936\/revisions\/13942"}],"wp:featuredmedia":[{"embeddable":true,"href":"https:\/\/www.vegaintro-projekti.com\/pilar-stari\/wp-json\/wp\/v2\/media\/13934"}],"wp:attachment":[{"href":"https:\/\/www.vegaintro-projekti.com\/pilar-stari\/wp-json\/wp\/v2\/media?parent=13936"}],"wp:term":[{"taxonomy":"category","embeddable":true,"href":"https:\/\/www.vegaintro-projekti.com\/pilar-stari\/wp-json\/wp\/v2\/categories?post=13936"},{"taxonomy":"post_tag","embeddable":true,"href":"https:\/\/www.vegaintro-projekti.com\/pilar-stari\/wp-json\/wp\/v2\/tags?post=13936"}],"curies":[{"name":"wp","href":"https:\/\/api.w.org\/{rel}","templated":true}]}}