{"id":13987,"date":"2019-10-11T19:23:30","date_gmt":"2019-10-11T19:23:30","guid":{"rendered":"https:\/\/www.vegaintro-projekti.com\/pilar-stari\/?p=13987"},"modified":"2019-10-11T20:22:26","modified_gmt":"2019-10-11T20:22:26","slug":"dr-sc-jelka-vince-pallua-odrzala-pozvano-predavanje-na-sveucilistu-u-edinburghu-u-organizaciji-drustva-za-tradicijsku-kozmologiju-4-11-2019","status":"publish","type":"post","link":"https:\/\/www.vegaintro-projekti.com\/pilar-stari\/2019\/10\/dr-sc-jelka-vince-pallua-odrzala-pozvano-predavanje-na-sveucilistu-u-edinburghu-u-organizaciji-drustva-za-tradicijsku-kozmologiju-4-11-2019\/","title":{"rendered":"Dr. sc. Jelka Vince Pallua odr\u017eala predavanje na Sveu\u010dili\u0161tu u Edinburghu u organizaciji Dru\u0161tva za tradicijsku kozmologiju, 4. 10. 2019."},"content":{"rendered":"<p><strong>Dr. sc. Jelka Vince Pallua odr\u017eala je 4. listopada 2019. pozvano predavanje \u201cU potrazi za \u017eenskim mitskim likom u proto-slavenskoj bo\u017eanskoj trilogiji \u2013 uvidi iz Hrvatske\u201d (\u201cIn Search of the Female Mythical Figure in the Proto-Slavic Divine Trilogy \u2013 Insights from Croatia\u201c) na University of Edinburgh, Department of Celtic and Scottish Studies, The Traditional Cosmology Society.<\/strong> \u2212 <a href=\"https:\/\/wp.me\/pFFQF-8X\">TCS TALK | IN SEARCH OF THE FEMALE MYTHOLOGICAL FIGURE<\/a><\/p>\n<p><a href=\"https:\/\/www.vegaintro-projekti.com\/pilar-stari\/wp-content\/uploads\/2019\/10\/2-2.jpg\"><img decoding=\"async\" loading=\"lazy\" class=\"alignnone wp-image-13980 size-full\" src=\"https:\/\/www.vegaintro-projekti.com\/pilar-stari\/wp-content\/uploads\/2019\/10\/2-s.jpg\" alt=\"\" width=\"310\" height=\"233\" srcset=\"https:\/\/www.vegaintro-projekti.com\/pilar-stari\/wp-content\/uploads\/2019\/10\/2-s.jpg 310w, https:\/\/www.vegaintro-projekti.com\/pilar-stari\/wp-content\/uploads\/2019\/10\/2-s-300x225.jpg 300w\" sizes=\"(max-width: 310px) 100vw, 310px\" \/><\/a><a href=\"https:\/\/www.vegaintro-projekti.com\/pilar-stari\/wp-content\/uploads\/2019\/10\/4-1.jpg\"><img decoding=\"async\" loading=\"lazy\" class=\"alignnone wp-image-13984 size-full\" src=\"https:\/\/www.vegaintro-projekti.com\/pilar-stari\/wp-content\/uploads\/2019\/10\/4-s.jpg\" alt=\"\" width=\"310\" height=\"233\" srcset=\"https:\/\/www.vegaintro-projekti.com\/pilar-stari\/wp-content\/uploads\/2019\/10\/4-s.jpg 310w, https:\/\/www.vegaintro-projekti.com\/pilar-stari\/wp-content\/uploads\/2019\/10\/4-s-300x225.jpg 300w\" sizes=\"(max-width: 310px) 100vw, 310px\" \/><\/a><a href=\"https:\/\/www.vegaintro-projekti.com\/pilar-stari\/wp-content\/uploads\/2019\/10\/3-1.jpg\"><img decoding=\"async\" loading=\"lazy\" class=\"alignnone wp-image-13982 size-full\" src=\"https:\/\/www.vegaintro-projekti.com\/pilar-stari\/wp-content\/uploads\/2019\/10\/3-2.jpg\" alt=\"\" width=\"620\" height=\"465\" srcset=\"https:\/\/www.vegaintro-projekti.com\/pilar-stari\/wp-content\/uploads\/2019\/10\/3-2.jpg 620w, https:\/\/www.vegaintro-projekti.com\/pilar-stari\/wp-content\/uploads\/2019\/10\/3-2-300x225.jpg 300w\" sizes=\"(max-width: 620px) 100vw, 620px\" \/><\/a><a href=\"https:\/\/wp.me\/pFFQF-8X\"><img decoding=\"async\" loading=\"lazy\" class=\"alignnone wp-image-13986 size-full\" src=\"https:\/\/www.vegaintro-projekti.com\/pilar-stari\/wp-content\/uploads\/2019\/10\/jelka_vince_poster.jpg\" alt=\"\" width=\"620\" height=\"877\" srcset=\"https:\/\/www.vegaintro-projekti.com\/pilar-stari\/wp-content\/uploads\/2019\/10\/jelka_vince_poster.jpg 620w, https:\/\/www.vegaintro-projekti.com\/pilar-stari\/wp-content\/uploads\/2019\/10\/jelka_vince_poster-212x300.jpg 212w\" sizes=\"(max-width: 620px) 100vw, 620px\" \/><\/a><\/p>\n<p><span style=\"font-size: 8pt;\"><strong>Dr. sc. Jelka Vince Pallua na pozvanom predavanju na Sveu\u010dili\u0161tu u Edinburghu u organizaciji Dru\u0161tva za tradicijsku kozmologiju; Edinburgh, 4. listopada 2019.<\/strong><\/span><\/p>\n<p>Odsjek za keltske i \u0161kotske studije osnovan je 2001. godine prilikom stapanja Odsjeka za keltske studije (osnovanog davne 1882. godine) i \u0160kole \u0161kotskih studija (osnovane 1951. godine) u Edinburghu. Novoosnovani Odsjek uklju\u010duje i Europski etnolo\u0161ki istra\u017eiva\u010dki centar \u010diji je osnovni cilj istra\u017eivanje \u0161kotskog \u017eivota i \u0161kotskog dru\u0161tva. Predavanje je odr\u017eano kao prvo u akademskoj godini 2019.\/20. u sklopu \u201eTCS talks\u201c koje organizira Dru\u0161tvo za tradicijsku kozmologiju, a koje se bavi istra\u017eivanjem mita, religije i kozmologije.<\/p>\n<blockquote><p><a href=\"https:\/\/www.vegaintro-projekti.com\/pilar-stari\/biografije\/user-bio\/?my_user_id=62\">Dr. sc. Jelka Vince Pallua<\/a><\/p><\/blockquote>\n","protected":false},"excerpt":{"rendered":"<p>Dr. sc. Jelka Vince Pallua odr\u017eala je 4. listopada 2019. pozvano predavanje \u201cU potrazi za \u017eenskim mitskim likom u proto-slavenskoj bo\u017eanskoj trilogiji \u2013 uvidi iz Hrvatske\u201d (\u201cIn Search of the Female Mythical Figure in the Proto-Slavic Divine Trilogy \u2013 Insights from Croatia\u201c) na University of Edinburgh, Department of Celtic and Scottish Studies, The Traditional Cosmology&hellip; <a class=\"continue\" href=\"https:\/\/www.vegaintro-projekti.com\/pilar-stari\/2019\/10\/dr-sc-jelka-vince-pallua-odrzala-pozvano-predavanje-na-sveucilistu-u-edinburghu-u-organizaciji-drustva-za-tradicijsku-kozmologiju-4-11-2019\/\">Pro\u010ditaj vi\u0161e o<span> Dr. sc. Jelka Vince Pallua odr\u017eala predavanje na Sveu\u010dili\u0161tu u Edinburghu u organizaciji Dru\u0161tva za tradicijsku kozmologiju, 4. 10. 2019.<\/span><\/a><\/p>\n","protected":false},"author":7,"featured_media":13992,"comment_status":"closed","ping_status":"closed","sticky":false,"template":"","format":"standard","meta":{"inline_featured_image":false,"ngg_post_thumbnail":0,"footnotes":""},"categories":[48,11],"tags":[],"yoast_head":"<!-- This site is optimized with the Yoast SEO plugin v21.2 - https:\/\/yoast.com\/wordpress\/plugins\/seo\/ -->\n<title>Dr. sc. Jelka Vince Pallua odr\u017eala predavanje na Sveu\u010dili\u0161tu u Edinburghu u organizaciji Dru\u0161tva za tradicijsku kozmologiju, 4. 10. 2019. - Institut dru&scaron;tvenih znanosti Ivo Pilar<\/title>\n<meta name=\"robots\" content=\"noindex, follow, max-snippet:-1, max-image-preview:large, max-video-preview:-1\" \/>\n<meta property=\"og:locale\" content=\"hr_HR\" \/>\n<meta property=\"og:type\" content=\"article\" \/>\n<meta property=\"og:title\" content=\"Dr. sc. Jelka Vince Pallua odr\u017eala predavanje na Sveu\u010dili\u0161tu u Edinburghu u organizaciji Dru\u0161tva za tradicijsku kozmologiju, 4. 10. 2019. - Institut dru&scaron;tvenih znanosti Ivo Pilar\" \/>\n<meta property=\"og:description\" content=\"Dr. sc. Jelka Vince Pallua odr\u017eala je 4. listopada 2019. pozvano predavanje \u201cU potrazi za \u017eenskim mitskim likom u proto-slavenskoj bo\u017eanskoj trilogiji \u2013 uvidi iz Hrvatske\u201d (\u201cIn Search of the Female Mythical Figure in the Proto-Slavic Divine Trilogy \u2013 Insights from Croatia\u201c) na University of Edinburgh, Department of Celtic and Scottish Studies, The Traditional Cosmology&hellip; Pro\u010ditaj vi\u0161e o Dr. sc. Jelka Vince Pallua odr\u017eala predavanje na Sveu\u010dili\u0161tu u Edinburghu u organizaciji Dru\u0161tva za tradicijsku kozmologiju, 4. 10. 2019.\" \/>\n<meta property=\"og:url\" content=\"https:\/\/www.vegaintro-projekti.com\/pilar-stari\/2019\/10\/dr-sc-jelka-vince-pallua-odrzala-pozvano-predavanje-na-sveucilistu-u-edinburghu-u-organizaciji-drustva-za-tradicijsku-kozmologiju-4-11-2019\/\" \/>\n<meta property=\"og:site_name\" content=\"Institut dru&scaron;tvenih znanosti Ivo Pilar\" \/>\n<meta property=\"article:published_time\" content=\"2019-10-11T19:23:30+00:00\" \/>\n<meta property=\"article:modified_time\" content=\"2019-10-11T20:22:26+00:00\" \/>\n<meta property=\"og:image\" content=\"https:\/\/www.vegaintro-projekti.com\/pilar-stari\/wp-content\/uploads\/2019\/10\/jelka_vince_fifi.jpg\" \/>\n\t<meta property=\"og:image:width\" content=\"620\" \/>\n\t<meta property=\"og:image:height\" content=\"238\" \/>\n\t<meta property=\"og:image:type\" content=\"image\/jpeg\" \/>\n<meta name=\"author\" content=\"Boris\" \/>\n<meta name=\"twitter:card\" content=\"summary_large_image\" \/>\n<meta name=\"twitter:label1\" content=\"Napisao\/la\" \/>\n\t<meta name=\"twitter:data1\" content=\"Boris\" \/>\n\t<meta name=\"twitter:label2\" content=\"Procijenjeno vrijeme \u010ditanja\" \/>\n\t<meta name=\"twitter:data2\" content=\"1 minuta\" \/>\n<script type=\"application\/ld+json\" class=\"yoast-schema-graph\">{\"@context\":\"https:\/\/schema.org\",\"@graph\":[{\"@type\":\"WebPage\",\"@id\":\"https:\/\/www.vegaintro-projekti.com\/pilar-stari\/2019\/10\/dr-sc-jelka-vince-pallua-odrzala-pozvano-predavanje-na-sveucilistu-u-edinburghu-u-organizaciji-drustva-za-tradicijsku-kozmologiju-4-11-2019\/\",\"url\":\"https:\/\/www.vegaintro-projekti.com\/pilar-stari\/2019\/10\/dr-sc-jelka-vince-pallua-odrzala-pozvano-predavanje-na-sveucilistu-u-edinburghu-u-organizaciji-drustva-za-tradicijsku-kozmologiju-4-11-2019\/\",\"name\":\"Dr. sc. Jelka Vince Pallua odr\u017eala predavanje na Sveu\u010dili\u0161tu u Edinburghu u organizaciji Dru\u0161tva za tradicijsku kozmologiju, 4. 10. 2019. - Institut dru&scaron;tvenih znanosti Ivo Pilar\",\"isPartOf\":{\"@id\":\"https:\/\/www.vegaintro-projekti.com\/pilar-stari\/#website\"},\"datePublished\":\"2019-10-11T19:23:30+00:00\",\"dateModified\":\"2019-10-11T20:22:26+00:00\",\"author\":{\"@id\":\"https:\/\/www.vegaintro-projekti.com\/pilar-stari\/#\/schema\/person\/ddd404c9f1e15e4ffef5986ac6a5d28b\"},\"breadcrumb\":{\"@id\":\"https:\/\/www.vegaintro-projekti.com\/pilar-stari\/2019\/10\/dr-sc-jelka-vince-pallua-odrzala-pozvano-predavanje-na-sveucilistu-u-edinburghu-u-organizaciji-drustva-za-tradicijsku-kozmologiju-4-11-2019\/#breadcrumb\"},\"inLanguage\":\"hr\",\"potentialAction\":[{\"@type\":\"ReadAction\",\"target\":[\"https:\/\/www.vegaintro-projekti.com\/pilar-stari\/2019\/10\/dr-sc-jelka-vince-pallua-odrzala-pozvano-predavanje-na-sveucilistu-u-edinburghu-u-organizaciji-drustva-za-tradicijsku-kozmologiju-4-11-2019\/\"]}]},{\"@type\":\"BreadcrumbList\",\"@id\":\"https:\/\/www.vegaintro-projekti.com\/pilar-stari\/2019\/10\/dr-sc-jelka-vince-pallua-odrzala-pozvano-predavanje-na-sveucilistu-u-edinburghu-u-organizaciji-drustva-za-tradicijsku-kozmologiju-4-11-2019\/#breadcrumb\",\"itemListElement\":[{\"@type\":\"ListItem\",\"position\":1,\"name\":\"Home\",\"item\":\"https:\/\/www.vegaintro-projekti.com\/pilar-stari\/\"},{\"@type\":\"ListItem\",\"position\":2,\"name\":\"Dr. sc. Jelka Vince Pallua odr\u017eala predavanje na Sveu\u010dili\u0161tu u Edinburghu u organizaciji Dru\u0161tva za tradicijsku kozmologiju, 4. 10. 2019.\"}]},{\"@type\":\"WebSite\",\"@id\":\"https:\/\/www.vegaintro-projekti.com\/pilar-stari\/#website\",\"url\":\"https:\/\/www.vegaintro-projekti.com\/pilar-stari\/\",\"name\":\"Institut dru&scaron;tvenih znanosti Ivo Pilar\",\"description\":\"Pilar\",\"potentialAction\":[{\"@type\":\"SearchAction\",\"target\":{\"@type\":\"EntryPoint\",\"urlTemplate\":\"https:\/\/www.vegaintro-projekti.com\/pilar-stari\/?s={search_term_string}\"},\"query-input\":\"required name=search_term_string\"}],\"inLanguage\":\"hr\"},{\"@type\":\"Person\",\"@id\":\"https:\/\/www.vegaintro-projekti.com\/pilar-stari\/#\/schema\/person\/ddd404c9f1e15e4ffef5986ac6a5d28b\",\"name\":\"Boris\",\"image\":{\"@type\":\"ImageObject\",\"inLanguage\":\"hr\",\"@id\":\"https:\/\/www.vegaintro-projekti.com\/pilar-stari\/#\/schema\/person\/image\/\",\"url\":\"https:\/\/secure.gravatar.com\/avatar\/29557b161a6ce6ab86ac1503164f1e90?s=96&d=mm&r=g\",\"contentUrl\":\"https:\/\/secure.gravatar.com\/avatar\/29557b161a6ce6ab86ac1503164f1e90?s=96&d=mm&r=g\",\"caption\":\"Boris\"},\"url\":\"https:\/\/www.vegaintro-projekti.com\/pilar-stari\/author\/boris\/\"}]}<\/script>\n<!-- \/ Yoast SEO plugin. -->","yoast_head_json":{"title":"Dr. sc. Jelka Vince Pallua odr\u017eala predavanje na Sveu\u010dili\u0161tu u Edinburghu u organizaciji Dru\u0161tva za tradicijsku kozmologiju, 4. 10. 2019. - Institut dru&scaron;tvenih znanosti Ivo Pilar","robots":{"index":"noindex","follow":"follow","max-snippet":"max-snippet:-1","max-image-preview":"max-image-preview:large","max-video-preview":"max-video-preview:-1"},"og_locale":"hr_HR","og_type":"article","og_title":"Dr. sc. Jelka Vince Pallua odr\u017eala predavanje na Sveu\u010dili\u0161tu u Edinburghu u organizaciji Dru\u0161tva za tradicijsku kozmologiju, 4. 10. 2019. - Institut dru&scaron;tvenih znanosti Ivo Pilar","og_description":"Dr. sc. Jelka Vince Pallua odr\u017eala je 4. listopada 2019. pozvano predavanje \u201cU potrazi za \u017eenskim mitskim likom u proto-slavenskoj bo\u017eanskoj trilogiji \u2013 uvidi iz Hrvatske\u201d (\u201cIn Search of the Female Mythical Figure in the Proto-Slavic Divine Trilogy \u2013 Insights from Croatia\u201c) na University of Edinburgh, Department of Celtic and Scottish Studies, The Traditional Cosmology&hellip; Pro\u010ditaj vi\u0161e o Dr. sc. Jelka Vince Pallua odr\u017eala predavanje na Sveu\u010dili\u0161tu u Edinburghu u organizaciji Dru\u0161tva za tradicijsku kozmologiju, 4. 10. 2019.","og_url":"https:\/\/www.vegaintro-projekti.com\/pilar-stari\/2019\/10\/dr-sc-jelka-vince-pallua-odrzala-pozvano-predavanje-na-sveucilistu-u-edinburghu-u-organizaciji-drustva-za-tradicijsku-kozmologiju-4-11-2019\/","og_site_name":"Institut dru&scaron;tvenih znanosti Ivo Pilar","article_published_time":"2019-10-11T19:23:30+00:00","article_modified_time":"2019-10-11T20:22:26+00:00","og_image":[{"width":620,"height":238,"url":"https:\/\/www.vegaintro-projekti.com\/pilar-stari\/wp-content\/uploads\/2019\/10\/jelka_vince_fifi.jpg","type":"image\/jpeg"}],"author":"Boris","twitter_card":"summary_large_image","twitter_misc":{"Napisao\/la":"Boris","Procijenjeno vrijeme \u010ditanja":"1 minuta"},"schema":{"@context":"https:\/\/schema.org","@graph":[{"@type":"WebPage","@id":"https:\/\/www.vegaintro-projekti.com\/pilar-stari\/2019\/10\/dr-sc-jelka-vince-pallua-odrzala-pozvano-predavanje-na-sveucilistu-u-edinburghu-u-organizaciji-drustva-za-tradicijsku-kozmologiju-4-11-2019\/","url":"https:\/\/www.vegaintro-projekti.com\/pilar-stari\/2019\/10\/dr-sc-jelka-vince-pallua-odrzala-pozvano-predavanje-na-sveucilistu-u-edinburghu-u-organizaciji-drustva-za-tradicijsku-kozmologiju-4-11-2019\/","name":"Dr. sc. Jelka Vince Pallua odr\u017eala predavanje na Sveu\u010dili\u0161tu u Edinburghu u organizaciji Dru\u0161tva za tradicijsku kozmologiju, 4. 10. 2019. - Institut dru&scaron;tvenih znanosti Ivo Pilar","isPartOf":{"@id":"https:\/\/www.vegaintro-projekti.com\/pilar-stari\/#website"},"datePublished":"2019-10-11T19:23:30+00:00","dateModified":"2019-10-11T20:22:26+00:00","author":{"@id":"https:\/\/www.vegaintro-projekti.com\/pilar-stari\/#\/schema\/person\/ddd404c9f1e15e4ffef5986ac6a5d28b"},"breadcrumb":{"@id":"https:\/\/www.vegaintro-projekti.com\/pilar-stari\/2019\/10\/dr-sc-jelka-vince-pallua-odrzala-pozvano-predavanje-na-sveucilistu-u-edinburghu-u-organizaciji-drustva-za-tradicijsku-kozmologiju-4-11-2019\/#breadcrumb"},"inLanguage":"hr","potentialAction":[{"@type":"ReadAction","target":["https:\/\/www.vegaintro-projekti.com\/pilar-stari\/2019\/10\/dr-sc-jelka-vince-pallua-odrzala-pozvano-predavanje-na-sveucilistu-u-edinburghu-u-organizaciji-drustva-za-tradicijsku-kozmologiju-4-11-2019\/"]}]},{"@type":"BreadcrumbList","@id":"https:\/\/www.vegaintro-projekti.com\/pilar-stari\/2019\/10\/dr-sc-jelka-vince-pallua-odrzala-pozvano-predavanje-na-sveucilistu-u-edinburghu-u-organizaciji-drustva-za-tradicijsku-kozmologiju-4-11-2019\/#breadcrumb","itemListElement":[{"@type":"ListItem","position":1,"name":"Home","item":"https:\/\/www.vegaintro-projekti.com\/pilar-stari\/"},{"@type":"ListItem","position":2,"name":"Dr. sc. Jelka Vince Pallua odr\u017eala predavanje na Sveu\u010dili\u0161tu u Edinburghu u organizaciji Dru\u0161tva za tradicijsku kozmologiju, 4. 10. 2019."}]},{"@type":"WebSite","@id":"https:\/\/www.vegaintro-projekti.com\/pilar-stari\/#website","url":"https:\/\/www.vegaintro-projekti.com\/pilar-stari\/","name":"Institut dru&scaron;tvenih znanosti Ivo Pilar","description":"Pilar","potentialAction":[{"@type":"SearchAction","target":{"@type":"EntryPoint","urlTemplate":"https:\/\/www.vegaintro-projekti.com\/pilar-stari\/?s={search_term_string}"},"query-input":"required name=search_term_string"}],"inLanguage":"hr"},{"@type":"Person","@id":"https:\/\/www.vegaintro-projekti.com\/pilar-stari\/#\/schema\/person\/ddd404c9f1e15e4ffef5986ac6a5d28b","name":"Boris","image":{"@type":"ImageObject","inLanguage":"hr","@id":"https:\/\/www.vegaintro-projekti.com\/pilar-stari\/#\/schema\/person\/image\/","url":"https:\/\/secure.gravatar.com\/avatar\/29557b161a6ce6ab86ac1503164f1e90?s=96&d=mm&r=g","contentUrl":"https:\/\/secure.gravatar.com\/avatar\/29557b161a6ce6ab86ac1503164f1e90?s=96&d=mm&r=g","caption":"Boris"},"url":"https:\/\/www.vegaintro-projekti.com\/pilar-stari\/author\/boris\/"}]}},"_links":{"self":[{"href":"https:\/\/www.vegaintro-projekti.com\/pilar-stari\/wp-json\/wp\/v2\/posts\/13987"}],"collection":[{"href":"https:\/\/www.vegaintro-projekti.com\/pilar-stari\/wp-json\/wp\/v2\/posts"}],"about":[{"href":"https:\/\/www.vegaintro-projekti.com\/pilar-stari\/wp-json\/wp\/v2\/types\/post"}],"author":[{"embeddable":true,"href":"https:\/\/www.vegaintro-projekti.com\/pilar-stari\/wp-json\/wp\/v2\/users\/7"}],"replies":[{"embeddable":true,"href":"https:\/\/www.vegaintro-projekti.com\/pilar-stari\/wp-json\/wp\/v2\/comments?post=13987"}],"version-history":[{"count":9,"href":"https:\/\/www.vegaintro-projekti.com\/pilar-stari\/wp-json\/wp\/v2\/posts\/13987\/revisions"}],"predecessor-version":[{"id":13997,"href":"https:\/\/www.vegaintro-projekti.com\/pilar-stari\/wp-json\/wp\/v2\/posts\/13987\/revisions\/13997"}],"wp:featuredmedia":[{"embeddable":true,"href":"https:\/\/www.vegaintro-projekti.com\/pilar-stari\/wp-json\/wp\/v2\/media\/13992"}],"wp:attachment":[{"href":"https:\/\/www.vegaintro-projekti.com\/pilar-stari\/wp-json\/wp\/v2\/media?parent=13987"}],"wp:term":[{"taxonomy":"category","embeddable":true,"href":"https:\/\/www.vegaintro-projekti.com\/pilar-stari\/wp-json\/wp\/v2\/categories?post=13987"},{"taxonomy":"post_tag","embeddable":true,"href":"https:\/\/www.vegaintro-projekti.com\/pilar-stari\/wp-json\/wp\/v2\/tags?post=13987"}],"curies":[{"name":"wp","href":"https:\/\/api.w.org\/{rel}","templated":true}]}}