{"id":14045,"date":"2019-10-23T10:20:49","date_gmt":"2019-10-23T10:20:49","guid":{"rendered":"https:\/\/www.vegaintro-projekti.com\/pilar-stari\/?p=14045"},"modified":"2019-10-23T11:01:52","modified_gmt":"2019-10-23T11:01:52","slug":"stradanje-roma-u-hrvatskom-zagorju-i-medimurju-za-vrijeme-drugog-svjetskog-rata","status":"publish","type":"post","link":"https:\/\/www.vegaintro-projekti.com\/pilar-stari\/2019\/10\/stradanje-roma-u-hrvatskom-zagorju-i-medimurju-za-vrijeme-drugog-svjetskog-rata\/","title":{"rendered":"Stradanje Roma u Hrvatskom zagorju i Me\u0111imurju za vrijeme Drugog svjetskog rata"},"content":{"rendered":"<p><strong>U razdoblju od 1. listopada 2019. do 30. rujna 2020. Institut dru\u0161tvenih znanosti Ivo Pilar provodi projekt \u201cStradanje Roma u Hrvatskom zagorju i Me\u0111imurju za vrijeme Drugog svjetskog rata\u201d. Voditelj projekta je dr. sc. Danijel Vojak<\/strong><\/p>\n<p><img decoding=\"async\" loading=\"lazy\" class=\"alignnone wp-image-14044 size-full\" src=\"https:\/\/www.vegaintro-projekti.com\/pilar-stari\/wp-content\/uploads\/2019\/10\/Romi_s.jpg\" alt=\"\" width=\"620\" height=\"404\" srcset=\"https:\/\/www.vegaintro-projekti.com\/pilar-stari\/wp-content\/uploads\/2019\/10\/Romi_s.jpg 620w, https:\/\/www.vegaintro-projekti.com\/pilar-stari\/wp-content\/uploads\/2019\/10\/Romi_s-300x195.jpg 300w\" sizes=\"(max-width: 620px) 100vw, 620px\" \/><\/p>\n<p><strong>Znanstveno istra\u017eivanje u projektu bit \u0107e fokusirano na analizu polo\u017eaja Roma u Me\u0111imurju i Hrvatskom zagorju<\/strong>. Potrebno je pritom imati na umu posebnosti ovih podru\u010dju za vrijeme spomenutog rata, budu\u0107i da je Me\u0111imurje bilo pod okupacijom ma\u0111arskih vlasti, dok je Hrvatsko zagorje bilo u sastavu NDH. Upravo \u0107e sredi\u0161nje istra\u017eiva\u010dko pitanje u ovom projektu biti komparativna analiza polo\u017eaja Roma na oba podru\u010dja te \u0107e se nastojati odgovoriti i na druga pitanja, poput pitanja odnosa neromskog stanovni\u0161tva prema njima, deportacije Roma u logore (Jasenovac u NDH, Komoran u Ma\u0111arskoj), otpor Roma prema vlasti i sl.<\/p>\n<p>Predlo\u017eenim projektom istra\u017eivanje bi se usmjerilo na analizu niza pitanja: Kakav je bio odnos neromskog i romskog stanovni\u0161tva u ratu na ovim podru\u010djima? Je li se razlikovala politika usta\u0161kih vlasti u Hrvatskom zagorju prema Romima sa ostatkom NDH? U kojoj mjeri su bile sli\u010dne i\/ili razli\u010dite politike usta\u0161kih vlasti u Hrvatskom zagorju i ma\u0111arskih vlasti u Me\u0111imurje prema Romima? Kakav je bio odnos Roma prema antifa\u0161isti\u010dkom pokretu na ovim podru\u010djima?<\/p>\n<p>Cilj projekta jest analizirati polo\u017eaj i stradanje Roma u Hrvatskom zagorju i Me\u0111imurju za vrijeme Drugoga svjetskog rata. Istra\u017eivanja pritom ima za cilj pojasniti procese koji su doveli do poku\u0161aja genocidnog istrebljenja Roma na ovim podru\u010djima.<\/p>\n<p>O\u010dekivani rezultat projekta bio bi na temelju prona\u0111enih dokumenata i relevantne literature pojasniti opseg stradanja romskog stanovni\u0161tva na podru\u010dju Hrvatskog zagorja i Me\u0111imurja.<\/p>\n<p>Projekt se planira provesti u nekoliko faza. U prvoj fazi istra\u017eivanja (1. listopada 2019. \u2013 15. studenoga 2019.) planira se provesti istra\u017eivanje relevantne gra\u0111e u arhivskim, muzejskim i knji\u017eni\u010dnim institucijama, koje \u010duvaju gra\u0111u relevantnu za prou\u010davanje stradanja Roma na podru\u010dju Hrvatskog zagorja i Me\u0111imurja za vrijeme Drugoga svjetskog rata.<\/p>\n<blockquote><p><a href=\"https:\/\/www.vegaintro-projekti.com\/pilar-stari\/2019\/02\/projekti-mzos-a\/\">Projekti Instituta dru\u0161tvenih znanosti Ivo Pilar<\/a><\/p><\/blockquote>\n","protected":false},"excerpt":{"rendered":"<p>U razdoblju od 1. listopada 2019. do 30. rujna 2020. Institut dru\u0161tvenih znanosti Ivo Pilar provodi projekt \u201cStradanje Roma u Hrvatskom zagorju i Me\u0111imurju za vrijeme Drugog svjetskog rata\u201d. Voditelj projekta je dr. sc. Danijel Vojak Znanstveno istra\u017eivanje u projektu bit \u0107e fokusirano na analizu polo\u017eaja Roma u Me\u0111imurju i Hrvatskom zagorju. Potrebno je pritom&hellip; <a class=\"continue\" href=\"https:\/\/www.vegaintro-projekti.com\/pilar-stari\/2019\/10\/stradanje-roma-u-hrvatskom-zagorju-i-medimurju-za-vrijeme-drugog-svjetskog-rata\/\">Pro\u010ditaj vi\u0161e o<span> Stradanje Roma u Hrvatskom zagorju i Me\u0111imurju za vrijeme Drugog svjetskog rata<\/span><\/a><\/p>\n","protected":false},"author":7,"featured_media":14044,"comment_status":"closed","ping_status":"closed","sticky":false,"template":"","format":"standard","meta":{"inline_featured_image":false,"ngg_post_thumbnail":0,"footnotes":""},"categories":[29],"tags":[],"yoast_head":"<!-- This site is optimized with the Yoast SEO plugin v21.2 - https:\/\/yoast.com\/wordpress\/plugins\/seo\/ -->\n<title>Stradanje Roma u Hrvatskom zagorju i Me\u0111imurju za vrijeme Drugog svjetskog rata - Institut dru&scaron;tvenih znanosti Ivo Pilar<\/title>\n<meta name=\"robots\" content=\"noindex, follow, max-snippet:-1, max-image-preview:large, max-video-preview:-1\" \/>\n<meta property=\"og:locale\" content=\"hr_HR\" \/>\n<meta property=\"og:type\" content=\"article\" \/>\n<meta property=\"og:title\" content=\"Stradanje Roma u Hrvatskom zagorju i Me\u0111imurju za vrijeme Drugog svjetskog rata - Institut dru&scaron;tvenih znanosti Ivo Pilar\" \/>\n<meta property=\"og:description\" content=\"U razdoblju od 1. listopada 2019. do 30. rujna 2020. Institut dru\u0161tvenih znanosti Ivo Pilar provodi projekt \u201cStradanje Roma u Hrvatskom zagorju i Me\u0111imurju za vrijeme Drugog svjetskog rata\u201d. Voditelj projekta je dr. sc. Danijel Vojak Znanstveno istra\u017eivanje u projektu bit \u0107e fokusirano na analizu polo\u017eaja Roma u Me\u0111imurju i Hrvatskom zagorju. Potrebno je pritom&hellip; Pro\u010ditaj vi\u0161e o Stradanje Roma u Hrvatskom zagorju i Me\u0111imurju za vrijeme Drugog svjetskog rata\" \/>\n<meta property=\"og:url\" content=\"https:\/\/www.vegaintro-projekti.com\/pilar-stari\/2019\/10\/stradanje-roma-u-hrvatskom-zagorju-i-medimurju-za-vrijeme-drugog-svjetskog-rata\/\" \/>\n<meta property=\"og:site_name\" content=\"Institut dru&scaron;tvenih znanosti Ivo Pilar\" \/>\n<meta property=\"article:published_time\" content=\"2019-10-23T10:20:49+00:00\" \/>\n<meta property=\"article:modified_time\" content=\"2019-10-23T11:01:52+00:00\" \/>\n<meta property=\"og:image\" content=\"https:\/\/www.vegaintro-projekti.com\/pilar-stari\/wp-content\/uploads\/2019\/10\/Romi_s.jpg\" \/>\n\t<meta property=\"og:image:width\" content=\"620\" \/>\n\t<meta property=\"og:image:height\" content=\"404\" \/>\n\t<meta property=\"og:image:type\" content=\"image\/jpeg\" \/>\n<meta name=\"author\" content=\"Boris\" \/>\n<meta name=\"twitter:card\" content=\"summary_large_image\" \/>\n<meta name=\"twitter:label1\" content=\"Napisao\/la\" \/>\n\t<meta name=\"twitter:data1\" content=\"Boris\" \/>\n\t<meta name=\"twitter:label2\" content=\"Procijenjeno vrijeme \u010ditanja\" \/>\n\t<meta name=\"twitter:data2\" content=\"2 minute\" \/>\n<script type=\"application\/ld+json\" class=\"yoast-schema-graph\">{\"@context\":\"https:\/\/schema.org\",\"@graph\":[{\"@type\":\"WebPage\",\"@id\":\"https:\/\/www.vegaintro-projekti.com\/pilar-stari\/2019\/10\/stradanje-roma-u-hrvatskom-zagorju-i-medimurju-za-vrijeme-drugog-svjetskog-rata\/\",\"url\":\"https:\/\/www.vegaintro-projekti.com\/pilar-stari\/2019\/10\/stradanje-roma-u-hrvatskom-zagorju-i-medimurju-za-vrijeme-drugog-svjetskog-rata\/\",\"name\":\"Stradanje Roma u Hrvatskom zagorju i Me\u0111imurju za vrijeme Drugog svjetskog rata - Institut dru&scaron;tvenih znanosti Ivo Pilar\",\"isPartOf\":{\"@id\":\"https:\/\/www.vegaintro-projekti.com\/pilar-stari\/#website\"},\"datePublished\":\"2019-10-23T10:20:49+00:00\",\"dateModified\":\"2019-10-23T11:01:52+00:00\",\"author\":{\"@id\":\"https:\/\/www.vegaintro-projekti.com\/pilar-stari\/#\/schema\/person\/ddd404c9f1e15e4ffef5986ac6a5d28b\"},\"breadcrumb\":{\"@id\":\"https:\/\/www.vegaintro-projekti.com\/pilar-stari\/2019\/10\/stradanje-roma-u-hrvatskom-zagorju-i-medimurju-za-vrijeme-drugog-svjetskog-rata\/#breadcrumb\"},\"inLanguage\":\"hr\",\"potentialAction\":[{\"@type\":\"ReadAction\",\"target\":[\"https:\/\/www.vegaintro-projekti.com\/pilar-stari\/2019\/10\/stradanje-roma-u-hrvatskom-zagorju-i-medimurju-za-vrijeme-drugog-svjetskog-rata\/\"]}]},{\"@type\":\"BreadcrumbList\",\"@id\":\"https:\/\/www.vegaintro-projekti.com\/pilar-stari\/2019\/10\/stradanje-roma-u-hrvatskom-zagorju-i-medimurju-za-vrijeme-drugog-svjetskog-rata\/#breadcrumb\",\"itemListElement\":[{\"@type\":\"ListItem\",\"position\":1,\"name\":\"Home\",\"item\":\"https:\/\/www.vegaintro-projekti.com\/pilar-stari\/\"},{\"@type\":\"ListItem\",\"position\":2,\"name\":\"Stradanje Roma u Hrvatskom zagorju i Me\u0111imurju za vrijeme Drugog svjetskog rata\"}]},{\"@type\":\"WebSite\",\"@id\":\"https:\/\/www.vegaintro-projekti.com\/pilar-stari\/#website\",\"url\":\"https:\/\/www.vegaintro-projekti.com\/pilar-stari\/\",\"name\":\"Institut dru&scaron;tvenih znanosti Ivo Pilar\",\"description\":\"Pilar\",\"potentialAction\":[{\"@type\":\"SearchAction\",\"target\":{\"@type\":\"EntryPoint\",\"urlTemplate\":\"https:\/\/www.vegaintro-projekti.com\/pilar-stari\/?s={search_term_string}\"},\"query-input\":\"required name=search_term_string\"}],\"inLanguage\":\"hr\"},{\"@type\":\"Person\",\"@id\":\"https:\/\/www.vegaintro-projekti.com\/pilar-stari\/#\/schema\/person\/ddd404c9f1e15e4ffef5986ac6a5d28b\",\"name\":\"Boris\",\"image\":{\"@type\":\"ImageObject\",\"inLanguage\":\"hr\",\"@id\":\"https:\/\/www.vegaintro-projekti.com\/pilar-stari\/#\/schema\/person\/image\/\",\"url\":\"https:\/\/secure.gravatar.com\/avatar\/29557b161a6ce6ab86ac1503164f1e90?s=96&d=mm&r=g\",\"contentUrl\":\"https:\/\/secure.gravatar.com\/avatar\/29557b161a6ce6ab86ac1503164f1e90?s=96&d=mm&r=g\",\"caption\":\"Boris\"},\"url\":\"https:\/\/www.vegaintro-projekti.com\/pilar-stari\/author\/boris\/\"}]}<\/script>\n<!-- \/ Yoast SEO plugin. -->","yoast_head_json":{"title":"Stradanje Roma u Hrvatskom zagorju i Me\u0111imurju za vrijeme Drugog svjetskog rata - Institut dru&scaron;tvenih znanosti Ivo Pilar","robots":{"index":"noindex","follow":"follow","max-snippet":"max-snippet:-1","max-image-preview":"max-image-preview:large","max-video-preview":"max-video-preview:-1"},"og_locale":"hr_HR","og_type":"article","og_title":"Stradanje Roma u Hrvatskom zagorju i Me\u0111imurju za vrijeme Drugog svjetskog rata - Institut dru&scaron;tvenih znanosti Ivo Pilar","og_description":"U razdoblju od 1. listopada 2019. do 30. rujna 2020. Institut dru\u0161tvenih znanosti Ivo Pilar provodi projekt \u201cStradanje Roma u Hrvatskom zagorju i Me\u0111imurju za vrijeme Drugog svjetskog rata\u201d. Voditelj projekta je dr. sc. Danijel Vojak Znanstveno istra\u017eivanje u projektu bit \u0107e fokusirano na analizu polo\u017eaja Roma u Me\u0111imurju i Hrvatskom zagorju. Potrebno je pritom&hellip; Pro\u010ditaj vi\u0161e o Stradanje Roma u Hrvatskom zagorju i Me\u0111imurju za vrijeme Drugog svjetskog rata","og_url":"https:\/\/www.vegaintro-projekti.com\/pilar-stari\/2019\/10\/stradanje-roma-u-hrvatskom-zagorju-i-medimurju-za-vrijeme-drugog-svjetskog-rata\/","og_site_name":"Institut dru&scaron;tvenih znanosti Ivo Pilar","article_published_time":"2019-10-23T10:20:49+00:00","article_modified_time":"2019-10-23T11:01:52+00:00","og_image":[{"width":620,"height":404,"url":"https:\/\/www.vegaintro-projekti.com\/pilar-stari\/wp-content\/uploads\/2019\/10\/Romi_s.jpg","type":"image\/jpeg"}],"author":"Boris","twitter_card":"summary_large_image","twitter_misc":{"Napisao\/la":"Boris","Procijenjeno vrijeme \u010ditanja":"2 minute"},"schema":{"@context":"https:\/\/schema.org","@graph":[{"@type":"WebPage","@id":"https:\/\/www.vegaintro-projekti.com\/pilar-stari\/2019\/10\/stradanje-roma-u-hrvatskom-zagorju-i-medimurju-za-vrijeme-drugog-svjetskog-rata\/","url":"https:\/\/www.vegaintro-projekti.com\/pilar-stari\/2019\/10\/stradanje-roma-u-hrvatskom-zagorju-i-medimurju-za-vrijeme-drugog-svjetskog-rata\/","name":"Stradanje Roma u Hrvatskom zagorju i Me\u0111imurju za vrijeme Drugog svjetskog rata - Institut dru&scaron;tvenih znanosti Ivo Pilar","isPartOf":{"@id":"https:\/\/www.vegaintro-projekti.com\/pilar-stari\/#website"},"datePublished":"2019-10-23T10:20:49+00:00","dateModified":"2019-10-23T11:01:52+00:00","author":{"@id":"https:\/\/www.vegaintro-projekti.com\/pilar-stari\/#\/schema\/person\/ddd404c9f1e15e4ffef5986ac6a5d28b"},"breadcrumb":{"@id":"https:\/\/www.vegaintro-projekti.com\/pilar-stari\/2019\/10\/stradanje-roma-u-hrvatskom-zagorju-i-medimurju-za-vrijeme-drugog-svjetskog-rata\/#breadcrumb"},"inLanguage":"hr","potentialAction":[{"@type":"ReadAction","target":["https:\/\/www.vegaintro-projekti.com\/pilar-stari\/2019\/10\/stradanje-roma-u-hrvatskom-zagorju-i-medimurju-za-vrijeme-drugog-svjetskog-rata\/"]}]},{"@type":"BreadcrumbList","@id":"https:\/\/www.vegaintro-projekti.com\/pilar-stari\/2019\/10\/stradanje-roma-u-hrvatskom-zagorju-i-medimurju-za-vrijeme-drugog-svjetskog-rata\/#breadcrumb","itemListElement":[{"@type":"ListItem","position":1,"name":"Home","item":"https:\/\/www.vegaintro-projekti.com\/pilar-stari\/"},{"@type":"ListItem","position":2,"name":"Stradanje Roma u Hrvatskom zagorju i Me\u0111imurju za vrijeme Drugog svjetskog rata"}]},{"@type":"WebSite","@id":"https:\/\/www.vegaintro-projekti.com\/pilar-stari\/#website","url":"https:\/\/www.vegaintro-projekti.com\/pilar-stari\/","name":"Institut dru&scaron;tvenih znanosti Ivo Pilar","description":"Pilar","potentialAction":[{"@type":"SearchAction","target":{"@type":"EntryPoint","urlTemplate":"https:\/\/www.vegaintro-projekti.com\/pilar-stari\/?s={search_term_string}"},"query-input":"required name=search_term_string"}],"inLanguage":"hr"},{"@type":"Person","@id":"https:\/\/www.vegaintro-projekti.com\/pilar-stari\/#\/schema\/person\/ddd404c9f1e15e4ffef5986ac6a5d28b","name":"Boris","image":{"@type":"ImageObject","inLanguage":"hr","@id":"https:\/\/www.vegaintro-projekti.com\/pilar-stari\/#\/schema\/person\/image\/","url":"https:\/\/secure.gravatar.com\/avatar\/29557b161a6ce6ab86ac1503164f1e90?s=96&d=mm&r=g","contentUrl":"https:\/\/secure.gravatar.com\/avatar\/29557b161a6ce6ab86ac1503164f1e90?s=96&d=mm&r=g","caption":"Boris"},"url":"https:\/\/www.vegaintro-projekti.com\/pilar-stari\/author\/boris\/"}]}},"_links":{"self":[{"href":"https:\/\/www.vegaintro-projekti.com\/pilar-stari\/wp-json\/wp\/v2\/posts\/14045"}],"collection":[{"href":"https:\/\/www.vegaintro-projekti.com\/pilar-stari\/wp-json\/wp\/v2\/posts"}],"about":[{"href":"https:\/\/www.vegaintro-projekti.com\/pilar-stari\/wp-json\/wp\/v2\/types\/post"}],"author":[{"embeddable":true,"href":"https:\/\/www.vegaintro-projekti.com\/pilar-stari\/wp-json\/wp\/v2\/users\/7"}],"replies":[{"embeddable":true,"href":"https:\/\/www.vegaintro-projekti.com\/pilar-stari\/wp-json\/wp\/v2\/comments?post=14045"}],"version-history":[{"count":2,"href":"https:\/\/www.vegaintro-projekti.com\/pilar-stari\/wp-json\/wp\/v2\/posts\/14045\/revisions"}],"predecessor-version":[{"id":14053,"href":"https:\/\/www.vegaintro-projekti.com\/pilar-stari\/wp-json\/wp\/v2\/posts\/14045\/revisions\/14053"}],"wp:featuredmedia":[{"embeddable":true,"href":"https:\/\/www.vegaintro-projekti.com\/pilar-stari\/wp-json\/wp\/v2\/media\/14044"}],"wp:attachment":[{"href":"https:\/\/www.vegaintro-projekti.com\/pilar-stari\/wp-json\/wp\/v2\/media?parent=14045"}],"wp:term":[{"taxonomy":"category","embeddable":true,"href":"https:\/\/www.vegaintro-projekti.com\/pilar-stari\/wp-json\/wp\/v2\/categories?post=14045"},{"taxonomy":"post_tag","embeddable":true,"href":"https:\/\/www.vegaintro-projekti.com\/pilar-stari\/wp-json\/wp\/v2\/tags?post=14045"}],"curies":[{"name":"wp","href":"https:\/\/api.w.org\/{rel}","templated":true}]}}