{"id":14063,"date":"2019-10-23T12:55:11","date_gmt":"2019-10-23T12:55:11","guid":{"rendered":"https:\/\/www.vegaintro-projekti.com\/pilar-stari\/?p=14063"},"modified":"2020-10-28T18:39:00","modified_gmt":"2020-10-28T18:39:00","slug":"znanstvenici-instituta-pilar-na-7-hrvatskom-geografskom-kongresu-cakovec-9-11-10-2019","status":"publish","type":"post","link":"https:\/\/www.vegaintro-projekti.com\/pilar-stari\/2019\/10\/znanstvenici-instituta-pilar-na-7-hrvatskom-geografskom-kongresu-cakovec-9-11-10-2019\/","title":{"rendered":"Znanstvenici Instituta Pilar na 7. hrvatskom geografskom kongresu; \u010cakovec, 9.-11. 10. 2019."},"content":{"rendered":"<p><strong>Na 7. hrvatskom geografskom kongresu odr\u017eanom u \u010cakovcu od 9. do 11. listopada 2019. Znanstvenici Instituta Pilar dr. sc. Nenad Pokos, dr. sc. Ivo Turk, dr. sc. Nikola \u0160imuni\u0107, dr. sc. Anita Bu\u0161ljeta Tonkovi\u0107 i Stanko Rihtar, prof. odr\u017eali su dva izlaganja: \u201eDemografsko izumiranje isto\u010dne Hrvatske\u201c i \u201eDemografska otpornost jedinica lokalne samouprave u Republici Hrvatskoj u sklopu urbane otpornosti\u201c.<\/strong> \u2212 <a href=\"https:\/\/www.vegaintro-projekti.com\/pilar-stari\/wp-content\/uploads\/2019\/10\/Program-7-HGD.pdf\">Program kongresa<\/a><\/p>\n<p><a href=\"https:\/\/insula.hr\/proizvod\/obavijest\/\"><img decoding=\"async\" loading=\"lazy\" class=\"alignnone wp-image-14061 size-full\" src=\"https:\/\/www.vegaintro-projekti.com\/pilar-stari\/wp-content\/uploads\/2019\/10\/Logo1.jpg\" alt=\"\" width=\"620\" height=\"246\" srcset=\"https:\/\/www.vegaintro-projekti.com\/pilar-stari\/wp-content\/uploads\/2019\/10\/Logo1.jpg 620w, https:\/\/www.vegaintro-projekti.com\/pilar-stari\/wp-content\/uploads\/2019\/10\/Logo1-300x119.jpg 300w\" sizes=\"(max-width: 620px) 100vw, 620px\" \/><\/a><a href=\"https:\/\/www.vegaintro-projekti.com\/pilar-stari\/wp-content\/uploads\/2019\/10\/1-3.jpg\"><img decoding=\"async\" loading=\"lazy\" class=\"alignnone wp-image-14058 size-full\" src=\"https:\/\/www.vegaintro-projekti.com\/pilar-stari\/wp-content\/uploads\/2019\/10\/1_s-2.jpg\" alt=\"\" width=\"310\" height=\"233\" srcset=\"https:\/\/www.vegaintro-projekti.com\/pilar-stari\/wp-content\/uploads\/2019\/10\/1_s-2.jpg 310w, https:\/\/www.vegaintro-projekti.com\/pilar-stari\/wp-content\/uploads\/2019\/10\/1_s-2-300x225.jpg 300w\" sizes=\"(max-width: 310px) 100vw, 310px\" \/><\/a><a href=\"https:\/\/www.vegaintro-projekti.com\/pilar-stari\/wp-content\/uploads\/2019\/10\/2-3.jpg\"><img decoding=\"async\" loading=\"lazy\" class=\"alignnone wp-image-14060 size-full\" src=\"https:\/\/www.vegaintro-projekti.com\/pilar-stari\/wp-content\/uploads\/2019\/10\/2_s-2.jpg\" alt=\"\" width=\"310\" height=\"233\" srcset=\"https:\/\/www.vegaintro-projekti.com\/pilar-stari\/wp-content\/uploads\/2019\/10\/2_s-2.jpg 310w, https:\/\/www.vegaintro-projekti.com\/pilar-stari\/wp-content\/uploads\/2019\/10\/2_s-2-300x225.jpg 300w\" sizes=\"(max-width: 310px) 100vw, 310px\" \/><\/a><a href=\"https:\/\/www.vegaintro-projekti.com\/pilar-stari\/wp-content\/uploads\/2019\/10\/0-1.jpg\"><img decoding=\"async\" loading=\"lazy\" class=\"alignnone wp-image-14056 size-full\" src=\"https:\/\/www.vegaintro-projekti.com\/pilar-stari\/wp-content\/uploads\/2019\/10\/0_s-1.jpg\" alt=\"\" width=\"620\" height=\"413\" srcset=\"https:\/\/www.vegaintro-projekti.com\/pilar-stari\/wp-content\/uploads\/2019\/10\/0_s-1.jpg 620w, https:\/\/www.vegaintro-projekti.com\/pilar-stari\/wp-content\/uploads\/2019\/10\/0_s-1-300x200.jpg 300w\" sizes=\"(max-width: 620px) 100vw, 620px\" \/><\/a><\/p>\n<p><span style=\"font-size: 8pt;\"><strong>Znanstvenici Instituta Pilar na 7. hrvatskom geografskom kongresu; \u010cakovec, 9.-11. listopada 2019.<\/strong><\/span><\/p>\n<p>U \u010cakovcu je odr\u017ean 7. hrvatski geografski kongres, 9. \u2013 11. listopada 2019., u organizaciji Hrvatskog geografskog dru\u0161tva (predsjednik: izv. prof. dr. sc. Danijel Ore\u0161i\u0107), Geografskog odsjeka Prirodoslovno-matemati\u010dkog fakulteta Sveu\u010dili\u0161ta u Zagrebu (pro\u010delnica: izv. prof. dr. sc. Martina Jakov\u010di\u0107) i Odjela za Geografiju Sveu\u010dili\u0161ta u Zadru (pro\u010delnica: izv. prof. dr. sc. Lena Miro\u0161evi\u0107). Rije\u010d je o kongresu koji se odr\u017eava svake 4 godine. Prvi kongres odr\u017ean je 1995. godine u Zagrebu, a uslijedili su kongresi u Lovranu (1999.), Zadru (2003.), Pore\u010du (2007.), Osijeku (2011.), Trogiru (2014.) i kona\u010dno u \u010cakovcu (2019.). Kongres okuplja najistaknutije doma\u0107e stru\u010dnjake koji se bave geografijom (i ostalim geografskim poddisciplinama, kao i metodikom nastave geografije i geografijom u sustavu obrazovanja) i srodnim podru\u010djima, naravno, uz sudjelovanje stru\u010dnjaka iz inozemstva (Slovenija, BiH, Srbija). Ove godine sudjelovalo je 130 sudionika, a odr\u017eano je 65 predavanja u 2 sekcije i vi\u0161e sesija. Grad \u010cakovec je odabran za doma\u0107ina Kongresa povodom 100. obljetnice vra\u0107anja prostora Me\u0111imurja Hrvatskoj. Na Kongresu je sudjelovalo 5 znanstvenika s Instituta dru\u0161tvenih znanosti Ivo Pilar (3 demografa\/geografa, 1 sociologinja, 1 psiholog\/statisti\u010dar) s 2 usmena izlaganja.<\/p>\n<p><strong>Izv. prof. dr. sc. Nenad Pokos<\/strong> odr\u017eao je usmeno izlaganje \u201eDemografsko izumiranje isto\u010dne Hrvatske\u201c (suautor: <strong>dr. sc. Ivo Turk<\/strong>). Autor je iznio temeljne rezultate analize demografskog stanja i procesa u 5 isto\u010dnohrvatskih \u017eupanija. Rezultati su potvrdili recentno stanje demografske katastrofe u kojem se nalazi ne samo prostor Slavonije, ve\u0107 i ostali dijelovi Republike Hrvatske (Lika, Dalmatinska zagora, otoci i sl.).<\/p>\n<p><strong>Dr. sc. Nikola \u0160imuni\u0107<\/strong> odr\u017eao je usmeno izlaganje \u201eDemografska otpornost jedinica lokalne samouprave u Republici Hrvatskoj u sklopu urbane otpornosti\u201c (suautori: <strong>Stanko Rihtar, prof.<\/strong>, <strong>dr. sc. Ivo Turk<\/strong> i <strong>doc. dr. sc. Anita Bu\u0161ljeta Tonkovi\u0107<\/strong>). Autor je prezentirao model demografske otpornosti (kao dio ukupne urbane otpornosti) 556 gradova i op\u0107ina u Republici Hrvatskoj, temeljen na 9 odabranih indikatora. Izlo\u017een je pregled svih 9 indikatora (s prate\u0107im kartogramima), te su izvr\u0161eni klaster-analiza i bodovanje indikatora. Rezultat analize je ra\u0161\u010dlamba hrvatskog prostora na 5 tipova prema demografskoj otpornosti na razini jedinica lokalne samouprave.<\/p>\n<p>Kongres je zaklju\u010den u 10. listopada, a 11. listopada bio je rezervirana za terenski obilazak odabranih lokacija u Me\u0111imurju (Prelog, akumulacijsko jezero HE Dubrava, Spomen park nafta\u0161tva u Peklenici, Spomen dom rudarstva u Murskom Sredi\u0161\u0107u, vo\u017enja vinskom cestom i posjet crkvi Sv. Jeronima u \u0160trigovi).<\/p>\n<blockquote><p>&nbsp;<a href=\"https:\/\/www.vegaintro-projekti.com\/pilar-stari\/wp-content\/uploads\/2019\/10\/Program-7-HGD.pdf\">Program 7. hrvatskog geografskog kongresa<\/a><\/p><\/blockquote>\n","protected":false},"excerpt":{"rendered":"<p>Na 7. hrvatskom geografskom kongresu odr\u017eanom u \u010cakovcu od 9. do 11. listopada 2019. Znanstvenici Instituta Pilar dr. sc. Nenad Pokos, dr. sc. Ivo Turk, dr. sc. Nikola \u0160imuni\u0107, dr. sc. Anita Bu\u0161ljeta Tonkovi\u0107 i Stanko Rihtar, prof. odr\u017eali su dva izlaganja: \u201eDemografsko izumiranje isto\u010dne Hrvatske\u201c i \u201eDemografska otpornost jedinica lokalne samouprave u Republici Hrvatskoj&hellip; <a class=\"continue\" href=\"https:\/\/www.vegaintro-projekti.com\/pilar-stari\/2019\/10\/znanstvenici-instituta-pilar-na-7-hrvatskom-geografskom-kongresu-cakovec-9-11-10-2019\/\">Pro\u010ditaj vi\u0161e o<span> Znanstvenici Instituta Pilar na 7. hrvatskom geografskom kongresu; \u010cakovec, 9.-11. 10. 2019.<\/span><\/a><\/p>\n","protected":false},"author":7,"featured_media":14068,"comment_status":"closed","ping_status":"closed","sticky":false,"template":"","format":"standard","meta":{"inline_featured_image":false,"ngg_post_thumbnail":0,"footnotes":""},"categories":[48,11],"tags":[],"yoast_head":"<!-- This site is optimized with the Yoast SEO plugin v21.2 - https:\/\/yoast.com\/wordpress\/plugins\/seo\/ -->\n<title>Znanstvenici Instituta Pilar na 7. hrvatskom geografskom kongresu; \u010cakovec, 9.-11. 10. 2019. - Institut dru&scaron;tvenih znanosti Ivo Pilar<\/title>\n<meta name=\"robots\" content=\"noindex, follow, max-snippet:-1, max-image-preview:large, max-video-preview:-1\" \/>\n<meta property=\"og:locale\" content=\"hr_HR\" \/>\n<meta property=\"og:type\" content=\"article\" \/>\n<meta property=\"og:title\" content=\"Znanstvenici Instituta Pilar na 7. hrvatskom geografskom kongresu; \u010cakovec, 9.-11. 10. 2019. - Institut dru&scaron;tvenih znanosti Ivo Pilar\" \/>\n<meta property=\"og:description\" content=\"Na 7. hrvatskom geografskom kongresu odr\u017eanom u \u010cakovcu od 9. do 11. listopada 2019. Znanstvenici Instituta Pilar dr. sc. Nenad Pokos, dr. sc. Ivo Turk, dr. sc. Nikola \u0160imuni\u0107, dr. sc. Anita Bu\u0161ljeta Tonkovi\u0107 i Stanko Rihtar, prof. odr\u017eali su dva izlaganja: \u201eDemografsko izumiranje isto\u010dne Hrvatske\u201c i \u201eDemografska otpornost jedinica lokalne samouprave u Republici Hrvatskoj&hellip; Pro\u010ditaj vi\u0161e o Znanstvenici Instituta Pilar na 7. hrvatskom geografskom kongresu; \u010cakovec, 9.-11. 10. 2019.\" \/>\n<meta property=\"og:url\" content=\"https:\/\/www.vegaintro-projekti.com\/pilar-stari\/2019\/10\/znanstvenici-instituta-pilar-na-7-hrvatskom-geografskom-kongresu-cakovec-9-11-10-2019\/\" \/>\n<meta property=\"og:site_name\" content=\"Institut dru&scaron;tvenih znanosti Ivo Pilar\" \/>\n<meta property=\"article:published_time\" content=\"2019-10-23T12:55:11+00:00\" \/>\n<meta property=\"article:modified_time\" content=\"2020-10-28T18:39:00+00:00\" \/>\n<meta property=\"og:image\" content=\"https:\/\/www.vegaintro-projekti.com\/pilar-stari\/wp-content\/uploads\/2019\/10\/0_fi-1.jpg\" \/>\n\t<meta property=\"og:image:width\" content=\"1600\" \/>\n\t<meta property=\"og:image:height\" content=\"911\" \/>\n\t<meta property=\"og:image:type\" content=\"image\/jpeg\" \/>\n<meta name=\"author\" content=\"Boris\" \/>\n<meta name=\"twitter:card\" content=\"summary_large_image\" \/>\n<meta name=\"twitter:label1\" content=\"Napisao\/la\" \/>\n\t<meta name=\"twitter:data1\" content=\"Boris\" \/>\n\t<meta name=\"twitter:label2\" content=\"Procijenjeno vrijeme \u010ditanja\" \/>\n\t<meta name=\"twitter:data2\" content=\"2 minute\" \/>\n<script type=\"application\/ld+json\" class=\"yoast-schema-graph\">{\"@context\":\"https:\/\/schema.org\",\"@graph\":[{\"@type\":\"WebPage\",\"@id\":\"https:\/\/www.vegaintro-projekti.com\/pilar-stari\/2019\/10\/znanstvenici-instituta-pilar-na-7-hrvatskom-geografskom-kongresu-cakovec-9-11-10-2019\/\",\"url\":\"https:\/\/www.vegaintro-projekti.com\/pilar-stari\/2019\/10\/znanstvenici-instituta-pilar-na-7-hrvatskom-geografskom-kongresu-cakovec-9-11-10-2019\/\",\"name\":\"Znanstvenici Instituta Pilar na 7. hrvatskom geografskom kongresu; \u010cakovec, 9.-11. 10. 2019. - Institut dru&scaron;tvenih znanosti Ivo Pilar\",\"isPartOf\":{\"@id\":\"https:\/\/www.vegaintro-projekti.com\/pilar-stari\/#website\"},\"datePublished\":\"2019-10-23T12:55:11+00:00\",\"dateModified\":\"2020-10-28T18:39:00+00:00\",\"author\":{\"@id\":\"https:\/\/www.vegaintro-projekti.com\/pilar-stari\/#\/schema\/person\/ddd404c9f1e15e4ffef5986ac6a5d28b\"},\"breadcrumb\":{\"@id\":\"https:\/\/www.vegaintro-projekti.com\/pilar-stari\/2019\/10\/znanstvenici-instituta-pilar-na-7-hrvatskom-geografskom-kongresu-cakovec-9-11-10-2019\/#breadcrumb\"},\"inLanguage\":\"hr\",\"potentialAction\":[{\"@type\":\"ReadAction\",\"target\":[\"https:\/\/www.vegaintro-projekti.com\/pilar-stari\/2019\/10\/znanstvenici-instituta-pilar-na-7-hrvatskom-geografskom-kongresu-cakovec-9-11-10-2019\/\"]}]},{\"@type\":\"BreadcrumbList\",\"@id\":\"https:\/\/www.vegaintro-projekti.com\/pilar-stari\/2019\/10\/znanstvenici-instituta-pilar-na-7-hrvatskom-geografskom-kongresu-cakovec-9-11-10-2019\/#breadcrumb\",\"itemListElement\":[{\"@type\":\"ListItem\",\"position\":1,\"name\":\"Home\",\"item\":\"https:\/\/www.vegaintro-projekti.com\/pilar-stari\/\"},{\"@type\":\"ListItem\",\"position\":2,\"name\":\"Znanstvenici Instituta Pilar na 7. hrvatskom geografskom kongresu; \u010cakovec, 9.-11. 10. 2019.\"}]},{\"@type\":\"WebSite\",\"@id\":\"https:\/\/www.vegaintro-projekti.com\/pilar-stari\/#website\",\"url\":\"https:\/\/www.vegaintro-projekti.com\/pilar-stari\/\",\"name\":\"Institut dru&scaron;tvenih znanosti Ivo Pilar\",\"description\":\"Pilar\",\"potentialAction\":[{\"@type\":\"SearchAction\",\"target\":{\"@type\":\"EntryPoint\",\"urlTemplate\":\"https:\/\/www.vegaintro-projekti.com\/pilar-stari\/?s={search_term_string}\"},\"query-input\":\"required name=search_term_string\"}],\"inLanguage\":\"hr\"},{\"@type\":\"Person\",\"@id\":\"https:\/\/www.vegaintro-projekti.com\/pilar-stari\/#\/schema\/person\/ddd404c9f1e15e4ffef5986ac6a5d28b\",\"name\":\"Boris\",\"image\":{\"@type\":\"ImageObject\",\"inLanguage\":\"hr\",\"@id\":\"https:\/\/www.vegaintro-projekti.com\/pilar-stari\/#\/schema\/person\/image\/\",\"url\":\"https:\/\/secure.gravatar.com\/avatar\/29557b161a6ce6ab86ac1503164f1e90?s=96&d=mm&r=g\",\"contentUrl\":\"https:\/\/secure.gravatar.com\/avatar\/29557b161a6ce6ab86ac1503164f1e90?s=96&d=mm&r=g\",\"caption\":\"Boris\"},\"url\":\"https:\/\/www.vegaintro-projekti.com\/pilar-stari\/author\/boris\/\"}]}<\/script>\n<!-- \/ Yoast SEO plugin. -->","yoast_head_json":{"title":"Znanstvenici Instituta Pilar na 7. hrvatskom geografskom kongresu; \u010cakovec, 9.-11. 10. 2019. - Institut dru&scaron;tvenih znanosti Ivo Pilar","robots":{"index":"noindex","follow":"follow","max-snippet":"max-snippet:-1","max-image-preview":"max-image-preview:large","max-video-preview":"max-video-preview:-1"},"og_locale":"hr_HR","og_type":"article","og_title":"Znanstvenici Instituta Pilar na 7. hrvatskom geografskom kongresu; \u010cakovec, 9.-11. 10. 2019. - Institut dru&scaron;tvenih znanosti Ivo Pilar","og_description":"Na 7. hrvatskom geografskom kongresu odr\u017eanom u \u010cakovcu od 9. do 11. listopada 2019. Znanstvenici Instituta Pilar dr. sc. Nenad Pokos, dr. sc. Ivo Turk, dr. sc. Nikola \u0160imuni\u0107, dr. sc. Anita Bu\u0161ljeta Tonkovi\u0107 i Stanko Rihtar, prof. odr\u017eali su dva izlaganja: \u201eDemografsko izumiranje isto\u010dne Hrvatske\u201c i \u201eDemografska otpornost jedinica lokalne samouprave u Republici Hrvatskoj&hellip; Pro\u010ditaj vi\u0161e o Znanstvenici Instituta Pilar na 7. hrvatskom geografskom kongresu; \u010cakovec, 9.-11. 10. 2019.","og_url":"https:\/\/www.vegaintro-projekti.com\/pilar-stari\/2019\/10\/znanstvenici-instituta-pilar-na-7-hrvatskom-geografskom-kongresu-cakovec-9-11-10-2019\/","og_site_name":"Institut dru&scaron;tvenih znanosti Ivo Pilar","article_published_time":"2019-10-23T12:55:11+00:00","article_modified_time":"2020-10-28T18:39:00+00:00","og_image":[{"width":1600,"height":911,"url":"https:\/\/www.vegaintro-projekti.com\/pilar-stari\/wp-content\/uploads\/2019\/10\/0_fi-1.jpg","type":"image\/jpeg"}],"author":"Boris","twitter_card":"summary_large_image","twitter_misc":{"Napisao\/la":"Boris","Procijenjeno vrijeme \u010ditanja":"2 minute"},"schema":{"@context":"https:\/\/schema.org","@graph":[{"@type":"WebPage","@id":"https:\/\/www.vegaintro-projekti.com\/pilar-stari\/2019\/10\/znanstvenici-instituta-pilar-na-7-hrvatskom-geografskom-kongresu-cakovec-9-11-10-2019\/","url":"https:\/\/www.vegaintro-projekti.com\/pilar-stari\/2019\/10\/znanstvenici-instituta-pilar-na-7-hrvatskom-geografskom-kongresu-cakovec-9-11-10-2019\/","name":"Znanstvenici Instituta Pilar na 7. hrvatskom geografskom kongresu; \u010cakovec, 9.-11. 10. 2019. - Institut dru&scaron;tvenih znanosti Ivo Pilar","isPartOf":{"@id":"https:\/\/www.vegaintro-projekti.com\/pilar-stari\/#website"},"datePublished":"2019-10-23T12:55:11+00:00","dateModified":"2020-10-28T18:39:00+00:00","author":{"@id":"https:\/\/www.vegaintro-projekti.com\/pilar-stari\/#\/schema\/person\/ddd404c9f1e15e4ffef5986ac6a5d28b"},"breadcrumb":{"@id":"https:\/\/www.vegaintro-projekti.com\/pilar-stari\/2019\/10\/znanstvenici-instituta-pilar-na-7-hrvatskom-geografskom-kongresu-cakovec-9-11-10-2019\/#breadcrumb"},"inLanguage":"hr","potentialAction":[{"@type":"ReadAction","target":["https:\/\/www.vegaintro-projekti.com\/pilar-stari\/2019\/10\/znanstvenici-instituta-pilar-na-7-hrvatskom-geografskom-kongresu-cakovec-9-11-10-2019\/"]}]},{"@type":"BreadcrumbList","@id":"https:\/\/www.vegaintro-projekti.com\/pilar-stari\/2019\/10\/znanstvenici-instituta-pilar-na-7-hrvatskom-geografskom-kongresu-cakovec-9-11-10-2019\/#breadcrumb","itemListElement":[{"@type":"ListItem","position":1,"name":"Home","item":"https:\/\/www.vegaintro-projekti.com\/pilar-stari\/"},{"@type":"ListItem","position":2,"name":"Znanstvenici Instituta Pilar na 7. hrvatskom geografskom kongresu; \u010cakovec, 9.-11. 10. 2019."}]},{"@type":"WebSite","@id":"https:\/\/www.vegaintro-projekti.com\/pilar-stari\/#website","url":"https:\/\/www.vegaintro-projekti.com\/pilar-stari\/","name":"Institut dru&scaron;tvenih znanosti Ivo Pilar","description":"Pilar","potentialAction":[{"@type":"SearchAction","target":{"@type":"EntryPoint","urlTemplate":"https:\/\/www.vegaintro-projekti.com\/pilar-stari\/?s={search_term_string}"},"query-input":"required name=search_term_string"}],"inLanguage":"hr"},{"@type":"Person","@id":"https:\/\/www.vegaintro-projekti.com\/pilar-stari\/#\/schema\/person\/ddd404c9f1e15e4ffef5986ac6a5d28b","name":"Boris","image":{"@type":"ImageObject","inLanguage":"hr","@id":"https:\/\/www.vegaintro-projekti.com\/pilar-stari\/#\/schema\/person\/image\/","url":"https:\/\/secure.gravatar.com\/avatar\/29557b161a6ce6ab86ac1503164f1e90?s=96&d=mm&r=g","contentUrl":"https:\/\/secure.gravatar.com\/avatar\/29557b161a6ce6ab86ac1503164f1e90?s=96&d=mm&r=g","caption":"Boris"},"url":"https:\/\/www.vegaintro-projekti.com\/pilar-stari\/author\/boris\/"}]}},"_links":{"self":[{"href":"https:\/\/www.vegaintro-projekti.com\/pilar-stari\/wp-json\/wp\/v2\/posts\/14063"}],"collection":[{"href":"https:\/\/www.vegaintro-projekti.com\/pilar-stari\/wp-json\/wp\/v2\/posts"}],"about":[{"href":"https:\/\/www.vegaintro-projekti.com\/pilar-stari\/wp-json\/wp\/v2\/types\/post"}],"author":[{"embeddable":true,"href":"https:\/\/www.vegaintro-projekti.com\/pilar-stari\/wp-json\/wp\/v2\/users\/7"}],"replies":[{"embeddable":true,"href":"https:\/\/www.vegaintro-projekti.com\/pilar-stari\/wp-json\/wp\/v2\/comments?post=14063"}],"version-history":[{"count":4,"href":"https:\/\/www.vegaintro-projekti.com\/pilar-stari\/wp-json\/wp\/v2\/posts\/14063\/revisions"}],"predecessor-version":[{"id":14067,"href":"https:\/\/www.vegaintro-projekti.com\/pilar-stari\/wp-json\/wp\/v2\/posts\/14063\/revisions\/14067"}],"wp:featuredmedia":[{"embeddable":true,"href":"https:\/\/www.vegaintro-projekti.com\/pilar-stari\/wp-json\/wp\/v2\/media\/14068"}],"wp:attachment":[{"href":"https:\/\/www.vegaintro-projekti.com\/pilar-stari\/wp-json\/wp\/v2\/media?parent=14063"}],"wp:term":[{"taxonomy":"category","embeddable":true,"href":"https:\/\/www.vegaintro-projekti.com\/pilar-stari\/wp-json\/wp\/v2\/categories?post=14063"},{"taxonomy":"post_tag","embeddable":true,"href":"https:\/\/www.vegaintro-projekti.com\/pilar-stari\/wp-json\/wp\/v2\/tags?post=14063"}],"curies":[{"name":"wp","href":"https:\/\/api.w.org\/{rel}","templated":true}]}}