{"id":14135,"date":"2019-10-26T09:01:17","date_gmt":"2019-10-26T09:01:17","guid":{"rendered":"https:\/\/www.vegaintro-projekti.com\/pilar-stari\/?p=14135"},"modified":"2019-11-03T23:57:41","modified_gmt":"2019-11-03T23:57:41","slug":"dr-sc-ivan-markesic-istraziti-malogradanstinu-koju-resi-ljubav-spram-hrvatstva-26-10-2019","status":"publish","type":"post","link":"https:\/\/www.vegaintro-projekti.com\/pilar-stari\/2019\/10\/dr-sc-ivan-markesic-istraziti-malogradanstinu-koju-resi-ljubav-spram-hrvatstva-26-10-2019\/","title":{"rendered":"Dr. sc. Ivan Marke\u0161i\u0107: Istra\u017eiti malogra\u0111an\u0161tinu koju resi &#8220;ljubav spram hrvatstva&#8221;, 26. 10. 2019."},"content":{"rendered":"<p><strong>Glas Slavonije u sklopu Teme tjedna priloga Magazin GRA\u0110ANSKA ILI MALOGRA\u0110ANSKA HRVATSKA objavljuje 26.-27. 10. 2019. razgovor s dr. sc. Ivanom Marke\u0161i\u0107em pod naslovom &#8220;Mu\u0107enje bistre vode&#8221;.<\/strong> \u2212 <a href=\"https:\/\/www.vegaintro-projekti.com\/pilar-stari\/wp-content\/uploads\/2019\/10\/GS_26-10-2019.pdf\">Tiskano izdanje<\/a> | <a href=\"http:\/\/www.glas-slavonije.hr\/414360\/11\/Malogradjanski-virus-nemilosrdno-razara-gradjansku-Hrvatsku\">On-line izdanje<\/a><\/p>\n<p><a href=\"https:\/\/www.vegaintro-projekti.com\/pilar-stari\/wp-content\/uploads\/2019\/10\/GS_26-10-2019.pdf\"><img decoding=\"async\" loading=\"lazy\" class=\"alignnone wp-image-14134 size-full\" src=\"https:\/\/www.vegaintro-projekti.com\/pilar-stari\/wp-content\/uploads\/2019\/10\/GS_26-10-2019_s.jpg\" alt=\"\" width=\"620\" height=\"349\" srcset=\"https:\/\/www.vegaintro-projekti.com\/pilar-stari\/wp-content\/uploads\/2019\/10\/GS_26-10-2019_s.jpg 620w, https:\/\/www.vegaintro-projekti.com\/pilar-stari\/wp-content\/uploads\/2019\/10\/GS_26-10-2019_s-300x169.jpg 300w\" sizes=\"(max-width: 620px) 100vw, 620px\" \/><\/a><\/p>\n<p><strong>&#8211; Glas Slavonije (tiskano izdanje):<\/strong> <a href=\"https:\/\/www.vegaintro-projekti.com\/pilar-stari\/wp-content\/uploads\/2019\/10\/GS_26-10-2019.pdf\">IVAN MARKE\u0160I\u0106: Mu\u0107enje bistre vode, 26.-27. listopada 2019.<\/a><br \/>\n<strong>&#8211; Glas Slavonije (on-line izdanje):<\/strong> <a href=\"http:\/\/www.glas-slavonije.hr\/414360\/11\/Malogradjanski-virus-nemilosrdno-razara-gradjansku-Hrvatsku\">IVAN MARKE\u0160I\u0106: Mu\u0107enje bistre vode, 26. listopada 2019.<\/a><\/p>\n<p><span style=\"font-size: 14pt;\">Dr. sc. Ivan Marke\u0161i\u0107: MU\u0106ENJE BISTRE VODE<\/span><\/p>\n<p>U kakvome dru\u0161tvu \u017eivimo, je li ono vi\u0161e gra\u0111ansko ili malogra\u0111ansko, napredno ili nazadno, moderno ili tradicionalno, vi\u0161e ili manje religiozno pitali smo dr. sc. Ivana Marke\u0161i\u0107a, sociologa religije s Instituta &#8220;Ivo Pilar&#8221;:<\/p>\n<p><strong>PRIVATNI INTERESI<\/strong><\/p>\n<p>&#8211; Hrvatsko dru\u0161tvo, unato\u010d nastojanjima mnogih \u2018nabrijanih\u2018 uskogrudnih, licemjernih i sebi\u010dnih hrvatsko-katoli\u010dkih rodoljuba, jo\u0161 uvijek je pluralno dru\u0161tvo. Karakterizira ga sve ono \u0161to ste naveli u svome pitanju, s tim \u0161to je vi\u0161e malogra\u0111ansko negoli gra\u0111ansko, nazadno negoli napredno, tradicionalno negoli moderno, religiozno negoli nereligiozno. U tome hrvatskom dru\u0161tvu, kao i u Krle\u017eino vrijeme iz 1926., jedni uvjeravaju (bolje re\u0107i: obmanjuju) i sebe i druge da smo &#8220;u Evropi&#8221;, dok drugi, kao neko\u0107 Krle\u017eini stanovnici zagreba\u010dkoga naselja Trnje, \u017eive &#8220;zaostalo \u017ealosno balkansko stanje&#8221;. Mi smo dru\u0161tvo koje je permanentno na raskri\u017eju &#8211; ostati ili oti\u0107i. U njemu vlada palana\u010dki, malogra\u0111anski duh hrvatstva i katoli\u010danstva, ili, kako bi to rekao srpski pisac Radomir Konstantinovi\u0107 u svome djelu &#8220;Filosofija palanke&#8221; (1969\/2004), &#8220;duh izme\u0111u plemenskog, kao idealno-jedinstvenog i svetskog duha\u2026To je duh, zaboravljen od istorije, koji poku\u0161ava ovaj udes da preobrazi u svoju privilegiju&#8221;. A to zna\u010di da smo u du\u0161i i dalje samoupravlja\u010dki proleteri (ne mo\u017ee\u0161 me toliko malo platiti koliko ja malo mogu raditi), a u javnosti ispovijedamo plemensko endehazijsko hrvatstvo spremno za dom s prvim bijelim poljem. \u017deljeli bismo biti sastavni i jednakopravan dio suvremene kr\u0161\u0107anske Europe, \u017eeljeli bismo stvoriti dru\u0161tvo rada i reda, ali \u017eivljenom svakodnevnom praksom potvr\u0111ujemo svoju privr\u017eenost balkanskome uhljebni\u010dkom na\u010dinu ure\u0111ivanja dru\u0161tvenih, politi\u010dkih i pravni\u010dkih odnosa. U nas, a to potvr\u0111uju najnoviji prosvjedi hrvatskih u\u010ditelja i srednjo\u0161kolskih i sveu\u010dili\u0161nih profesora, kao i prosvjedi protiv stanja u hrvatskome pravosu\u0111u, vrijedi izokrenuta pri\u010da: snaga (politi\u010dka, strana\u010dka &#8211; proizi\u0161la iz ljubavi prema hrvatstvu) caruje, um klade valja.<\/p>\n<p>Malogra\u0111an\u0161tina postoji u svim razvijenim dru\u0161tvima, no kako se naj\u010de\u0161\u0107e manifestira?<\/p>\n<p>&#8211; Te\u0161ko mi je precizno odgovoriti na to Va\u0161e pitanje, ponajprije stoga \u0161to se ni hrvatska, a ni europska sociologija nije posebno bavila fenomenom malogra\u0111an\u0161tine. Sve je ostalo u natuknicama. Stoga mla\u0111im generacijama ostaje zada\u0107a istra\u017eiti malogra\u0111an\u0161tinu &#8211; jednu od dugovje\u010dnijih boljki hrvatskoga dru\u0161tva. Posebno je potrebno istra\u017eiti onu malogra\u0111an\u0161tinu koju, kako navodi ve\u0107 spomenuti Miroslav Krle\u017ea, resi &#8220;ljubav spram hrvatstva&#8221;, a koju u ovo vrijeme na izuzetno primamljiv na\u010din promoviraju gotovo svi predsjedni\u010dki kandidati i njihovi medijski trabanti.<\/p>\n<p>U svome tekstu iz 1926. &#8220;O malogra\u0111anskoj ljubavi spram hrvatstva&#8221; Krle\u017ea ka\u017ee: &#8220;Taj je pojam uslovljen prilikama, on je takore\u0107i izazvan okolnostima, ali on kao snaga, i to \u2018ideolo\u0161ka\u2018, djeluje kod nas ve\u0107 stotinu godina. U tom za\u010daranom krugu romanti\u010dnih sugestija, bole\u0107iv kli\u0161ej sentimentalnog, u sebe samog zaljubljenog hrvatstva postao je kreatorom i inicijatorom jedne politi\u010dke svijesti, jedne izvjesne varijante takozvane kolektivne narodne volje, koja se ne podudara ni s interesima narodnim niti s istinom. Kako danas stvari stoje, ova hrvatska formula, na\u017ealost, u rukama je pre\u017eivjelih, konzervativnih, staromodnih snaga, koje djeluju isklju\u010divo po zakonu du\u0161evne tromosti.\u201c<\/p>\n<p>Te\u0161ko je dati neku bolju dijagnozu stanja malogra\u0111anske kako jednoumno-liberalno-lijeve tako i desno-konzervativne i religiozno-fundamentalne svijesti suvremenoga hrvatskog dru\u0161tva negoli je ova. Mnogi se, dr\u017ee\u0107i ruku na srcu (!), zaklinju u hrvatstvo, u jedinu nam Domovinu Hrvatsku, u na\u0161u pravednu borbu za slobodu i samostalnost (1941-45. i 1991-95), u spasenje koje nam treba do\u0107i preko Svete Majke Crkve Katoli\u010dke kako bi &#8211; djeluju\u0107i \u2018po zakonu du\u0161evne tromosti\u2018 &#8211; ostvarili svoje privatne i interese svoje Partije i svoje Crkve.<\/p>\n<p><strong>NA RUBU PAMETI<\/strong><\/p>\n<p>Negdje sam pro\u010ditao kako je hrvatski filistar \u010dovjek ograni\u010dena malogra\u0111anskog mentaliteta, uskogrudan, licemjeran i sitni\u010davo uporan u svojim pogledima i postupcima&#8230;<\/p>\n<p>&#8211; Navedenu definiciju filistra, odnosno malogra\u0111anina Filistejca nalazimo u Hrvatskoj enciklopediji. Trebalo bi ga, me\u0111utim, uzimaju\u0107i u obzir suvremenu hrvatsku zbilju, pro\u0161iti dodatkom iz Rje\u010dnika hrvatskoga jezika Vladimira Ani\u0107a, koji malogra\u0111anina definira u pejorativnom smislu kao pripadnika gra\u0111anstva nesposobnog &#8220;za javnu djelatnost izvan svoga izravnog interesa i sigurnosti&#8221;. U tome dodatku sadr\u017eano je sve ono \u0161to pripisujemo dana\u0161njemu hrvatskom uhljebu, \u010dovjeku koji \u017eivi samo za sebe i kojemu su tzv. (sve)hrvatski interesi u slu\u017ebi osobnih interesa i sigurnosti. Ne \u010dudi stoga da ti na\u0161i rodoljubnim i hrvatstvom izbrazdanim pla\u0161tem ogrnuti filistri, malogra\u0111ani, uhljebi, unato\u010d suvremenim dru\u0161tvenim gibanjima i dalje \u017eele ostati u oklopu neponovljive pro\u0161losti i u oklopu nacionalnog katoli\u010dkog hrvatstva i hrvatskoga katoli\u010danstva. Svakodnevno nas uvjeravaju da posjeduju golemo znanje iz hrvatske nacionalne i crkvene povijesti, a zapravo nam la\u017eu. Ta povijest usta\u0161ko-komunisti\u010dkog zla slu\u017ei im kao osnova za cjelo\u017eivotno pre\u017evakivanje jednog te istog. Oni svakodnevno mute bistru vodu, vr\u0161e reinterpretaciju povijesnih zbivanja (po\u010dev\u0161i od najvi\u0161ih dr\u017eavnih du\u017enosnika do onih polupijanih kafanskih analiti\u010dara), ulaguju se crkvenim velikodostojnicima kako bi od njih &#8211; a kao da je to te\u0161ko! &#8211; dobili blagoslov za &#8220;uljep\u0161avanje&#8221; daljnje i bli\u017ee hrvatske pro\u0161losti i u njoj nastalog hrvatskog identiteta. Pri tome, me\u0111utim, zaboravljaju da ni u Hrvatskoj ni u Bosni i Hercegovini taj hrvatski identitet nije stati\u010dan, jednozna\u010dan, da nije kristalno \u010dist, da je identitetski \u0161atiran. A to zna\u010di da je povijesno uvjetovan i da u sebi sadr\u017ei petrificirane natruhe drugih i druk\u010dijih (tu\u0111inskih, neprijateljskih) identiteta, kako onih s istoka: bizantsko-pravoslavnih, otomansko-islamskih, tako i zapadno-kr\u0161\u0107anskih. Tvrdoglavost i upornost u ustrajavanju u neistinitom i ideolo\u0161kom tuma\u010denju povijesnih zbivanja, jedna je od konstanti takvih malogra\u0111anskih nastojanja. Na\u017ealost, svoje zagovornike nalazili su i jo\u0161 uvijek nalaze u, kako je ve\u0107 re\u010deno, malogra\u0111anima na najvi\u0161im dr\u017eavnim i crkvenim pozicijama.<\/p>\n<p>Va\u0161 zaklju\u010dni komentar?<\/p>\n<p>&#8211; Ovo svoje &#8220;ulijetanje&#8221; u ocjenu mentaliteta velikoga dijela hrvatskih malogra\u0111ana zavr\u0161io bih citatom iz Krle\u017eina teksta &#8220;Na rubu pameti&#8221; iz 1938. godine: &#8220;Primje\u0107ivao sam da su ljudi pod svojom maskom zapravo nesusretljivi, hladni, okrutno indiferentni spram svega \u0161to momentalno ne spada u sferu njihovog neposrednog interesa, da su ograni\u010deni, dosadni, nametljivi, da se ogovaraju zbog nevjerojatne zaslijepljenosti, da ne ispunjavaju obaveze, da ne pla\u0107aju dugove, da se majmunski slijepo, ograni\u010deno, praznovjerno, ta\u0161to, slavohlepno guraju za \u017eivotnim probicima (uglavnom probicima crijeva i tjelesne udobnosti)&#8221;. (D.J.)<\/p>\n<blockquote><p><a href=\"https:\/\/www.vegaintro-projekti.com\/pilar-stari\/biografije\/user-bio\/?my_user_id=35\">Dr. sc. Ivan Marke\u0161i\u0107<\/a><\/p><\/blockquote>\n","protected":false},"excerpt":{"rendered":"<p>Glas Slavonije u sklopu Teme tjedna priloga Magazin GRA\u0110ANSKA ILI MALOGRA\u0110ANSKA HRVATSKA objavljuje 26.-27. 10. 2019. razgovor s dr. sc. Ivanom Marke\u0161i\u0107em pod naslovom &#8220;Mu\u0107enje bistre vode&#8221;. \u2212 Tiskano izdanje | On-line izdanje &#8211; Glas Slavonije (tiskano izdanje): IVAN MARKE\u0160I\u0106: Mu\u0107enje bistre vode, 26.-27. listopada 2019. &#8211; Glas Slavonije (on-line izdanje): IVAN MARKE\u0160I\u0106: Mu\u0107enje bistre&hellip; <a class=\"continue\" href=\"https:\/\/www.vegaintro-projekti.com\/pilar-stari\/2019\/10\/dr-sc-ivan-markesic-istraziti-malogradanstinu-koju-resi-ljubav-spram-hrvatstva-26-10-2019\/\">Pro\u010ditaj vi\u0161e o<span> Dr. sc. Ivan Marke\u0161i\u0107: Istra\u017eiti malogra\u0111an\u0161tinu koju resi &#8220;ljubav spram hrvatstva&#8221;, 26. 10. 2019.<\/span><\/a><\/p>\n","protected":false},"author":7,"featured_media":14139,"comment_status":"closed","ping_status":"closed","sticky":false,"template":"","format":"standard","meta":{"inline_featured_image":false,"ngg_post_thumbnail":0,"footnotes":""},"categories":[12],"tags":[],"yoast_head":"<!-- This site is optimized with the Yoast SEO plugin v21.2 - https:\/\/yoast.com\/wordpress\/plugins\/seo\/ -->\n<title>Dr. sc. Ivan Marke\u0161i\u0107: Istra\u017eiti malogra\u0111an\u0161tinu koju resi &quot;ljubav spram hrvatstva&quot;, 26. 10. 2019. - Institut dru&scaron;tvenih znanosti Ivo Pilar<\/title>\n<meta name=\"robots\" content=\"noindex, follow, max-snippet:-1, max-image-preview:large, max-video-preview:-1\" \/>\n<meta property=\"og:locale\" content=\"hr_HR\" \/>\n<meta property=\"og:type\" content=\"article\" \/>\n<meta property=\"og:title\" content=\"Dr. sc. Ivan Marke\u0161i\u0107: Istra\u017eiti malogra\u0111an\u0161tinu koju resi &quot;ljubav spram hrvatstva&quot;, 26. 10. 2019. - Institut dru&scaron;tvenih znanosti Ivo Pilar\" \/>\n<meta property=\"og:description\" content=\"Glas Slavonije u sklopu Teme tjedna priloga Magazin GRA\u0110ANSKA ILI MALOGRA\u0110ANSKA HRVATSKA objavljuje 26.-27. 10. 2019. razgovor s dr. sc. Ivanom Marke\u0161i\u0107em pod naslovom &#8220;Mu\u0107enje bistre vode&#8221;. \u2212 Tiskano izdanje | On-line izdanje &#8211; Glas Slavonije (tiskano izdanje): IVAN MARKE\u0160I\u0106: Mu\u0107enje bistre vode, 26.-27. listopada 2019. &#8211; Glas Slavonije (on-line izdanje): IVAN MARKE\u0160I\u0106: Mu\u0107enje bistre&hellip; Pro\u010ditaj vi\u0161e o Dr. sc. Ivan Marke\u0161i\u0107: Istra\u017eiti malogra\u0111an\u0161tinu koju resi &#8220;ljubav spram hrvatstva&#8221;, 26. 10. 2019.\" \/>\n<meta property=\"og:url\" content=\"https:\/\/www.vegaintro-projekti.com\/pilar-stari\/2019\/10\/dr-sc-ivan-markesic-istraziti-malogradanstinu-koju-resi-ljubav-spram-hrvatstva-26-10-2019\/\" \/>\n<meta property=\"og:site_name\" content=\"Institut dru&scaron;tvenih znanosti Ivo Pilar\" \/>\n<meta property=\"article:published_time\" content=\"2019-10-26T09:01:17+00:00\" \/>\n<meta property=\"article:modified_time\" content=\"2019-11-03T23:57:41+00:00\" \/>\n<meta property=\"og:image\" content=\"https:\/\/www.vegaintro-projekti.com\/pilar-stari\/wp-content\/uploads\/2019\/10\/GS_26-10-2019_fi.jpg\" \/>\n\t<meta property=\"og:image:width\" content=\"804\" \/>\n\t<meta property=\"og:image:height\" content=\"390\" \/>\n\t<meta property=\"og:image:type\" content=\"image\/jpeg\" \/>\n<meta name=\"author\" content=\"Boris\" \/>\n<meta name=\"twitter:card\" content=\"summary_large_image\" \/>\n<meta name=\"twitter:label1\" content=\"Napisao\/la\" \/>\n\t<meta name=\"twitter:data1\" content=\"Boris\" \/>\n\t<meta name=\"twitter:label2\" content=\"Procijenjeno vrijeme \u010ditanja\" \/>\n\t<meta name=\"twitter:data2\" content=\"6 minuta\" \/>\n<script type=\"application\/ld+json\" class=\"yoast-schema-graph\">{\"@context\":\"https:\/\/schema.org\",\"@graph\":[{\"@type\":\"WebPage\",\"@id\":\"https:\/\/www.vegaintro-projekti.com\/pilar-stari\/2019\/10\/dr-sc-ivan-markesic-istraziti-malogradanstinu-koju-resi-ljubav-spram-hrvatstva-26-10-2019\/\",\"url\":\"https:\/\/www.vegaintro-projekti.com\/pilar-stari\/2019\/10\/dr-sc-ivan-markesic-istraziti-malogradanstinu-koju-resi-ljubav-spram-hrvatstva-26-10-2019\/\",\"name\":\"Dr. sc. Ivan Marke\u0161i\u0107: Istra\u017eiti malogra\u0111an\u0161tinu koju resi \\\"ljubav spram hrvatstva\\\", 26. 10. 2019. - Institut dru&scaron;tvenih znanosti Ivo Pilar\",\"isPartOf\":{\"@id\":\"https:\/\/www.vegaintro-projekti.com\/pilar-stari\/#website\"},\"datePublished\":\"2019-10-26T09:01:17+00:00\",\"dateModified\":\"2019-11-03T23:57:41+00:00\",\"author\":{\"@id\":\"https:\/\/www.vegaintro-projekti.com\/pilar-stari\/#\/schema\/person\/ddd404c9f1e15e4ffef5986ac6a5d28b\"},\"breadcrumb\":{\"@id\":\"https:\/\/www.vegaintro-projekti.com\/pilar-stari\/2019\/10\/dr-sc-ivan-markesic-istraziti-malogradanstinu-koju-resi-ljubav-spram-hrvatstva-26-10-2019\/#breadcrumb\"},\"inLanguage\":\"hr\",\"potentialAction\":[{\"@type\":\"ReadAction\",\"target\":[\"https:\/\/www.vegaintro-projekti.com\/pilar-stari\/2019\/10\/dr-sc-ivan-markesic-istraziti-malogradanstinu-koju-resi-ljubav-spram-hrvatstva-26-10-2019\/\"]}]},{\"@type\":\"BreadcrumbList\",\"@id\":\"https:\/\/www.vegaintro-projekti.com\/pilar-stari\/2019\/10\/dr-sc-ivan-markesic-istraziti-malogradanstinu-koju-resi-ljubav-spram-hrvatstva-26-10-2019\/#breadcrumb\",\"itemListElement\":[{\"@type\":\"ListItem\",\"position\":1,\"name\":\"Home\",\"item\":\"https:\/\/www.vegaintro-projekti.com\/pilar-stari\/\"},{\"@type\":\"ListItem\",\"position\":2,\"name\":\"Dr. sc. Ivan Marke\u0161i\u0107: Istra\u017eiti malogra\u0111an\u0161tinu koju resi &#8220;ljubav spram hrvatstva&#8221;, 26. 10. 2019.\"}]},{\"@type\":\"WebSite\",\"@id\":\"https:\/\/www.vegaintro-projekti.com\/pilar-stari\/#website\",\"url\":\"https:\/\/www.vegaintro-projekti.com\/pilar-stari\/\",\"name\":\"Institut dru&scaron;tvenih znanosti Ivo Pilar\",\"description\":\"Pilar\",\"potentialAction\":[{\"@type\":\"SearchAction\",\"target\":{\"@type\":\"EntryPoint\",\"urlTemplate\":\"https:\/\/www.vegaintro-projekti.com\/pilar-stari\/?s={search_term_string}\"},\"query-input\":\"required name=search_term_string\"}],\"inLanguage\":\"hr\"},{\"@type\":\"Person\",\"@id\":\"https:\/\/www.vegaintro-projekti.com\/pilar-stari\/#\/schema\/person\/ddd404c9f1e15e4ffef5986ac6a5d28b\",\"name\":\"Boris\",\"image\":{\"@type\":\"ImageObject\",\"inLanguage\":\"hr\",\"@id\":\"https:\/\/www.vegaintro-projekti.com\/pilar-stari\/#\/schema\/person\/image\/\",\"url\":\"https:\/\/secure.gravatar.com\/avatar\/29557b161a6ce6ab86ac1503164f1e90?s=96&d=mm&r=g\",\"contentUrl\":\"https:\/\/secure.gravatar.com\/avatar\/29557b161a6ce6ab86ac1503164f1e90?s=96&d=mm&r=g\",\"caption\":\"Boris\"},\"url\":\"https:\/\/www.vegaintro-projekti.com\/pilar-stari\/author\/boris\/\"}]}<\/script>\n<!-- \/ Yoast SEO plugin. -->","yoast_head_json":{"title":"Dr. sc. Ivan Marke\u0161i\u0107: Istra\u017eiti malogra\u0111an\u0161tinu koju resi \"ljubav spram hrvatstva\", 26. 10. 2019. - Institut dru&scaron;tvenih znanosti Ivo Pilar","robots":{"index":"noindex","follow":"follow","max-snippet":"max-snippet:-1","max-image-preview":"max-image-preview:large","max-video-preview":"max-video-preview:-1"},"og_locale":"hr_HR","og_type":"article","og_title":"Dr. sc. Ivan Marke\u0161i\u0107: Istra\u017eiti malogra\u0111an\u0161tinu koju resi \"ljubav spram hrvatstva\", 26. 10. 2019. - Institut dru&scaron;tvenih znanosti Ivo Pilar","og_description":"Glas Slavonije u sklopu Teme tjedna priloga Magazin GRA\u0110ANSKA ILI MALOGRA\u0110ANSKA HRVATSKA objavljuje 26.-27. 10. 2019. razgovor s dr. sc. Ivanom Marke\u0161i\u0107em pod naslovom &#8220;Mu\u0107enje bistre vode&#8221;. \u2212 Tiskano izdanje | On-line izdanje &#8211; Glas Slavonije (tiskano izdanje): IVAN MARKE\u0160I\u0106: Mu\u0107enje bistre vode, 26.-27. listopada 2019. &#8211; Glas Slavonije (on-line izdanje): IVAN MARKE\u0160I\u0106: Mu\u0107enje bistre&hellip; Pro\u010ditaj vi\u0161e o Dr. sc. Ivan Marke\u0161i\u0107: Istra\u017eiti malogra\u0111an\u0161tinu koju resi &#8220;ljubav spram hrvatstva&#8221;, 26. 10. 2019.","og_url":"https:\/\/www.vegaintro-projekti.com\/pilar-stari\/2019\/10\/dr-sc-ivan-markesic-istraziti-malogradanstinu-koju-resi-ljubav-spram-hrvatstva-26-10-2019\/","og_site_name":"Institut dru&scaron;tvenih znanosti Ivo Pilar","article_published_time":"2019-10-26T09:01:17+00:00","article_modified_time":"2019-11-03T23:57:41+00:00","og_image":[{"width":804,"height":390,"url":"https:\/\/www.vegaintro-projekti.com\/pilar-stari\/wp-content\/uploads\/2019\/10\/GS_26-10-2019_fi.jpg","type":"image\/jpeg"}],"author":"Boris","twitter_card":"summary_large_image","twitter_misc":{"Napisao\/la":"Boris","Procijenjeno vrijeme \u010ditanja":"6 minuta"},"schema":{"@context":"https:\/\/schema.org","@graph":[{"@type":"WebPage","@id":"https:\/\/www.vegaintro-projekti.com\/pilar-stari\/2019\/10\/dr-sc-ivan-markesic-istraziti-malogradanstinu-koju-resi-ljubav-spram-hrvatstva-26-10-2019\/","url":"https:\/\/www.vegaintro-projekti.com\/pilar-stari\/2019\/10\/dr-sc-ivan-markesic-istraziti-malogradanstinu-koju-resi-ljubav-spram-hrvatstva-26-10-2019\/","name":"Dr. sc. Ivan Marke\u0161i\u0107: Istra\u017eiti malogra\u0111an\u0161tinu koju resi \"ljubav spram hrvatstva\", 26. 10. 2019. - Institut dru&scaron;tvenih znanosti Ivo Pilar","isPartOf":{"@id":"https:\/\/www.vegaintro-projekti.com\/pilar-stari\/#website"},"datePublished":"2019-10-26T09:01:17+00:00","dateModified":"2019-11-03T23:57:41+00:00","author":{"@id":"https:\/\/www.vegaintro-projekti.com\/pilar-stari\/#\/schema\/person\/ddd404c9f1e15e4ffef5986ac6a5d28b"},"breadcrumb":{"@id":"https:\/\/www.vegaintro-projekti.com\/pilar-stari\/2019\/10\/dr-sc-ivan-markesic-istraziti-malogradanstinu-koju-resi-ljubav-spram-hrvatstva-26-10-2019\/#breadcrumb"},"inLanguage":"hr","potentialAction":[{"@type":"ReadAction","target":["https:\/\/www.vegaintro-projekti.com\/pilar-stari\/2019\/10\/dr-sc-ivan-markesic-istraziti-malogradanstinu-koju-resi-ljubav-spram-hrvatstva-26-10-2019\/"]}]},{"@type":"BreadcrumbList","@id":"https:\/\/www.vegaintro-projekti.com\/pilar-stari\/2019\/10\/dr-sc-ivan-markesic-istraziti-malogradanstinu-koju-resi-ljubav-spram-hrvatstva-26-10-2019\/#breadcrumb","itemListElement":[{"@type":"ListItem","position":1,"name":"Home","item":"https:\/\/www.vegaintro-projekti.com\/pilar-stari\/"},{"@type":"ListItem","position":2,"name":"Dr. sc. Ivan Marke\u0161i\u0107: Istra\u017eiti malogra\u0111an\u0161tinu koju resi &#8220;ljubav spram hrvatstva&#8221;, 26. 10. 2019."}]},{"@type":"WebSite","@id":"https:\/\/www.vegaintro-projekti.com\/pilar-stari\/#website","url":"https:\/\/www.vegaintro-projekti.com\/pilar-stari\/","name":"Institut dru&scaron;tvenih znanosti Ivo Pilar","description":"Pilar","potentialAction":[{"@type":"SearchAction","target":{"@type":"EntryPoint","urlTemplate":"https:\/\/www.vegaintro-projekti.com\/pilar-stari\/?s={search_term_string}"},"query-input":"required name=search_term_string"}],"inLanguage":"hr"},{"@type":"Person","@id":"https:\/\/www.vegaintro-projekti.com\/pilar-stari\/#\/schema\/person\/ddd404c9f1e15e4ffef5986ac6a5d28b","name":"Boris","image":{"@type":"ImageObject","inLanguage":"hr","@id":"https:\/\/www.vegaintro-projekti.com\/pilar-stari\/#\/schema\/person\/image\/","url":"https:\/\/secure.gravatar.com\/avatar\/29557b161a6ce6ab86ac1503164f1e90?s=96&d=mm&r=g","contentUrl":"https:\/\/secure.gravatar.com\/avatar\/29557b161a6ce6ab86ac1503164f1e90?s=96&d=mm&r=g","caption":"Boris"},"url":"https:\/\/www.vegaintro-projekti.com\/pilar-stari\/author\/boris\/"}]}},"_links":{"self":[{"href":"https:\/\/www.vegaintro-projekti.com\/pilar-stari\/wp-json\/wp\/v2\/posts\/14135"}],"collection":[{"href":"https:\/\/www.vegaintro-projekti.com\/pilar-stari\/wp-json\/wp\/v2\/posts"}],"about":[{"href":"https:\/\/www.vegaintro-projekti.com\/pilar-stari\/wp-json\/wp\/v2\/types\/post"}],"author":[{"embeddable":true,"href":"https:\/\/www.vegaintro-projekti.com\/pilar-stari\/wp-json\/wp\/v2\/users\/7"}],"replies":[{"embeddable":true,"href":"https:\/\/www.vegaintro-projekti.com\/pilar-stari\/wp-json\/wp\/v2\/comments?post=14135"}],"version-history":[{"count":6,"href":"https:\/\/www.vegaintro-projekti.com\/pilar-stari\/wp-json\/wp\/v2\/posts\/14135\/revisions"}],"predecessor-version":[{"id":14144,"href":"https:\/\/www.vegaintro-projekti.com\/pilar-stari\/wp-json\/wp\/v2\/posts\/14135\/revisions\/14144"}],"wp:featuredmedia":[{"embeddable":true,"href":"https:\/\/www.vegaintro-projekti.com\/pilar-stari\/wp-json\/wp\/v2\/media\/14139"}],"wp:attachment":[{"href":"https:\/\/www.vegaintro-projekti.com\/pilar-stari\/wp-json\/wp\/v2\/media?parent=14135"}],"wp:term":[{"taxonomy":"category","embeddable":true,"href":"https:\/\/www.vegaintro-projekti.com\/pilar-stari\/wp-json\/wp\/v2\/categories?post=14135"},{"taxonomy":"post_tag","embeddable":true,"href":"https:\/\/www.vegaintro-projekti.com\/pilar-stari\/wp-json\/wp\/v2\/tags?post=14135"}],"curies":[{"name":"wp","href":"https:\/\/api.w.org\/{rel}","templated":true}]}}