{"id":14190,"date":"2019-11-03T16:54:40","date_gmt":"2019-11-03T16:54:40","guid":{"rendered":"https:\/\/www.vegaintro-projekti.com\/pilar-stari\/?p=14190"},"modified":"2020-10-28T18:38:18","modified_gmt":"2020-10-28T18:38:18","slug":"dr-sc-zeljko-holjevac-i-dr-sc-jelka-vince-pallua-na-znanstvenom-skupu-zivot-i-djelo-antuna-radica-desno-trebarjevo-28-10-2019","status":"publish","type":"post","link":"https:\/\/www.vegaintro-projekti.com\/pilar-stari\/2019\/11\/dr-sc-zeljko-holjevac-i-dr-sc-jelka-vince-pallua-na-znanstvenom-skupu-zivot-i-djelo-antuna-radica-desno-trebarjevo-28-10-2019\/","title":{"rendered":"Dr. sc. \u017deljko Holjevac i dr. sc. Jelka Vince Pallua na znanstvenom skupu \u201e\u017divot i djelo Antuna Radi\u0107a\u201c, 28. 10. 2019."},"content":{"rendered":"<p><strong>Dr. sc. \u017deljko Holjevac i dr. sc. Jelka Vince Pallua sudjelovali su na znanstvenom skupu \u201e\u017divot i djelo Antuna Radi\u0107a\u201c odr\u017eanom 28. listopada 2019. u Desnom Trebarjevu, rodnom mjestu Antuna i Stjepana Radi\u0107a. Skup su organizirali Matica hrvatska i Kulturni centar bra\u0107e Radi\u0107 iz Desnog Trebarjeva.<\/strong> \u2212 <a href=\"https:\/\/www.vegaintro-projekti.com\/pilar-stari\/wp-content\/uploads\/2019\/11\/Program_skupa.pdf\">Program skupa<\/a><\/p>\n<p><a href=\"https:\/\/www.vegaintro-projekti.com\/pilar-stari\/wp-content\/uploads\/2019\/11\/1l.jpg\"><img decoding=\"async\" loading=\"lazy\" class=\"alignnone wp-image-14215 size-large\" src=\"https:\/\/www.vegaintro-projekti.com\/pilar-stari\/wp-content\/uploads\/2019\/11\/1_s-1024x629.jpg\" alt=\"\" width=\"618\" height=\"380\" srcset=\"https:\/\/www.vegaintro-projekti.com\/pilar-stari\/wp-content\/uploads\/2019\/11\/1_s.jpg 1024w, https:\/\/www.vegaintro-projekti.com\/pilar-stari\/wp-content\/uploads\/2019\/11\/1_s-300x184.jpg 300w, https:\/\/www.vegaintro-projekti.com\/pilar-stari\/wp-content\/uploads\/2019\/11\/1_s-768x472.jpg 768w\" sizes=\"(max-width: 618px) 100vw, 618px\" \/><\/a><\/p>\n<p><span style=\"font-size: 8pt;\"><strong>Dr. sc. \u017deljko Holjevac i dr. sc. Jelka Vince Pallua na znanstvenom skupu \u201e\u017divot i djelo Antuna Radi\u0107a\u201c; Desno Trebarjevo, 28. listopada 2019.<\/strong><\/span><\/p>\n<p>U izlaganju naslovljenom \u201eAntun Radi\u0107 i Matica hrvatska\u201c <strong>dr. sc. \u017deljko Holjevac<\/strong> ukazao je na djelovanje Antuna Radi\u0107a kao tajnika u Matici hrvatskoj od 1901. do 1909. godine. <strong>Dr. sc. Jelka Vince Pallua<\/strong> u referatu \u201eKultura gospode, kultura seljaka \u2013 Antun Radi\u0107 na braniku tradicijske pu\u010dke kulture\u201c govorila je pak o Antunu Radi\u0107u kao utemeljitelju hrvatske etnologije kao samostalne znanosti.<\/p>\n<p>Uz dvoje znanstvenika Instituta Pilar na skupu je sudjelovalo jo\u0161 sedam uva\u017eenih znanstvenika: Hrvoje Petri\u0107, Mira Kolar, Suzana Le\u010dek, Bo\u017eidar Petra\u010d, Damir Zori\u0107, An\u0111elko Akrap i Milan Be\u0161li\u0107.<\/p>\n<p><a href=\"https:\/\/www.vegaintro-projekti.com\/pilar-stari\/wp-content\/uploads\/2019\/11\/3.jpg\"><img decoding=\"async\" loading=\"lazy\" class=\"alignnone wp-image-14187 size-full\" src=\"https:\/\/www.vegaintro-projekti.com\/pilar-stari\/wp-content\/uploads\/2019\/11\/3_s.jpg\" alt=\"\" width=\"620\" height=\"418\" srcset=\"https:\/\/www.vegaintro-projekti.com\/pilar-stari\/wp-content\/uploads\/2019\/11\/3_s.jpg 620w, https:\/\/www.vegaintro-projekti.com\/pilar-stari\/wp-content\/uploads\/2019\/11\/3_s-300x202.jpg 300w, https:\/\/www.vegaintro-projekti.com\/pilar-stari\/wp-content\/uploads\/2019\/11\/3_s-110x75.jpg 110w\" sizes=\"(max-width: 620px) 100vw, 620px\" \/><\/a><a href=\"https:\/\/www.vegaintro-projekti.com\/pilar-stari\/wp-content\/uploads\/2019\/11\/2.jpg\"><img decoding=\"async\" loading=\"lazy\" class=\"alignnone wp-image-14185 size-full\" src=\"https:\/\/www.vegaintro-projekti.com\/pilar-stari\/wp-content\/uploads\/2019\/11\/2_s.jpg\" alt=\"\" width=\"620\" height=\"382\" srcset=\"https:\/\/www.vegaintro-projekti.com\/pilar-stari\/wp-content\/uploads\/2019\/11\/2_s.jpg 620w, https:\/\/www.vegaintro-projekti.com\/pilar-stari\/wp-content\/uploads\/2019\/11\/2_s-300x185.jpg 300w\" sizes=\"(max-width: 620px) 100vw, 620px\" \/><\/a><a href=\"https:\/\/www.vegaintro-projekti.com\/pilar-stari\/wp-content\/uploads\/2019\/11\/Program_skupa.pdf\"><img decoding=\"async\" loading=\"lazy\" class=\"alignnone wp-image-14188 size-full\" src=\"https:\/\/www.vegaintro-projekti.com\/pilar-stari\/wp-content\/uploads\/2019\/11\/Program.jpg\" alt=\"\" width=\"620\" height=\"865\" srcset=\"https:\/\/www.vegaintro-projekti.com\/pilar-stari\/wp-content\/uploads\/2019\/11\/Program.jpg 620w, https:\/\/www.vegaintro-projekti.com\/pilar-stari\/wp-content\/uploads\/2019\/11\/Program-215x300.jpg 215w\" sizes=\"(max-width: 620px) 100vw, 620px\" \/><\/a><\/p>\n<p>&#8211; <a href=\"https:\/\/www.vegaintro-projekti.com\/pilar-stari\/wp-content\/uploads\/2019\/11\/Program_skupa.pdf\">Program znanstvenog skupa \u201e\u017divot i djelo Antuna Radi\u0107a\u201c; Desno Trebarjevo, 28. listopada 2019.<\/a><\/p>\n<blockquote><p><a href=\"http:\/\/www.matica.hr\/zbivanja\/znnastveni-skup-zivot-i-djelo-antuna-radica-2854\/\">Matica hrvatska<\/a><\/p><\/blockquote>\n","protected":false},"excerpt":{"rendered":"<p>Dr. sc. \u017deljko Holjevac i dr. sc. Jelka Vince Pallua sudjelovali su na znanstvenom skupu \u201e\u017divot i djelo Antuna Radi\u0107a\u201c odr\u017eanom 28. listopada 2019. u Desnom Trebarjevu, rodnom mjestu Antuna i Stjepana Radi\u0107a. Skup su organizirali Matica hrvatska i Kulturni centar bra\u0107e Radi\u0107 iz Desnog Trebarjeva. \u2212 Program skupa Dr. sc. \u017deljko Holjevac i dr.&hellip; <a class=\"continue\" href=\"https:\/\/www.vegaintro-projekti.com\/pilar-stari\/2019\/11\/dr-sc-zeljko-holjevac-i-dr-sc-jelka-vince-pallua-na-znanstvenom-skupu-zivot-i-djelo-antuna-radica-desno-trebarjevo-28-10-2019\/\">Pro\u010ditaj vi\u0161e o<span> Dr. sc. \u017deljko Holjevac i dr. sc. Jelka Vince Pallua na znanstvenom skupu \u201e\u017divot i djelo Antuna Radi\u0107a\u201c, 28. 10. 2019.<\/span><\/a><\/p>\n","protected":false},"author":7,"featured_media":14222,"comment_status":"closed","ping_status":"closed","sticky":false,"template":"","format":"standard","meta":{"inline_featured_image":false,"ngg_post_thumbnail":0,"footnotes":""},"categories":[48,11],"tags":[],"yoast_head":"<!-- This site is optimized with the Yoast SEO plugin v21.2 - https:\/\/yoast.com\/wordpress\/plugins\/seo\/ -->\n<title>Dr. sc. \u017deljko Holjevac i dr. sc. Jelka Vince Pallua na znanstvenom skupu \u201e\u017divot i djelo Antuna Radi\u0107a\u201c, 28. 10. 2019. - Institut dru&scaron;tvenih znanosti Ivo Pilar<\/title>\n<meta name=\"robots\" content=\"noindex, follow, max-snippet:-1, max-image-preview:large, max-video-preview:-1\" \/>\n<meta property=\"og:locale\" content=\"hr_HR\" \/>\n<meta property=\"og:type\" content=\"article\" \/>\n<meta property=\"og:title\" content=\"Dr. sc. \u017deljko Holjevac i dr. sc. Jelka Vince Pallua na znanstvenom skupu \u201e\u017divot i djelo Antuna Radi\u0107a\u201c, 28. 10. 2019. - Institut dru&scaron;tvenih znanosti Ivo Pilar\" \/>\n<meta property=\"og:description\" content=\"Dr. sc. \u017deljko Holjevac i dr. sc. Jelka Vince Pallua sudjelovali su na znanstvenom skupu \u201e\u017divot i djelo Antuna Radi\u0107a\u201c odr\u017eanom 28. listopada 2019. u Desnom Trebarjevu, rodnom mjestu Antuna i Stjepana Radi\u0107a. Skup su organizirali Matica hrvatska i Kulturni centar bra\u0107e Radi\u0107 iz Desnog Trebarjeva. \u2212 Program skupa Dr. sc. \u017deljko Holjevac i dr.&hellip; Pro\u010ditaj vi\u0161e o Dr. sc. \u017deljko Holjevac i dr. sc. Jelka Vince Pallua na znanstvenom skupu \u201e\u017divot i djelo Antuna Radi\u0107a\u201c, 28. 10. 2019.\" \/>\n<meta property=\"og:url\" content=\"https:\/\/www.vegaintro-projekti.com\/pilar-stari\/2019\/11\/dr-sc-zeljko-holjevac-i-dr-sc-jelka-vince-pallua-na-znanstvenom-skupu-zivot-i-djelo-antuna-radica-desno-trebarjevo-28-10-2019\/\" \/>\n<meta property=\"og:site_name\" content=\"Institut dru&scaron;tvenih znanosti Ivo Pilar\" \/>\n<meta property=\"article:published_time\" content=\"2019-11-03T16:54:40+00:00\" \/>\n<meta property=\"article:modified_time\" content=\"2020-10-28T18:38:18+00:00\" \/>\n<meta property=\"og:image\" content=\"https:\/\/www.vegaintro-projekti.com\/pilar-stari\/wp-content\/uploads\/2019\/11\/1_fi4.jpg\" \/>\n\t<meta property=\"og:image:width\" content=\"1024\" \/>\n\t<meta property=\"og:image:height\" content=\"444\" \/>\n\t<meta property=\"og:image:type\" content=\"image\/jpeg\" \/>\n<meta name=\"author\" content=\"Boris\" \/>\n<meta name=\"twitter:card\" content=\"summary_large_image\" \/>\n<meta name=\"twitter:label1\" content=\"Napisao\/la\" \/>\n\t<meta name=\"twitter:data1\" content=\"Boris\" \/>\n\t<meta name=\"twitter:label2\" content=\"Procijenjeno vrijeme \u010ditanja\" \/>\n\t<meta name=\"twitter:data2\" content=\"1 minuta\" \/>\n<script type=\"application\/ld+json\" class=\"yoast-schema-graph\">{\"@context\":\"https:\/\/schema.org\",\"@graph\":[{\"@type\":\"WebPage\",\"@id\":\"https:\/\/www.vegaintro-projekti.com\/pilar-stari\/2019\/11\/dr-sc-zeljko-holjevac-i-dr-sc-jelka-vince-pallua-na-znanstvenom-skupu-zivot-i-djelo-antuna-radica-desno-trebarjevo-28-10-2019\/\",\"url\":\"https:\/\/www.vegaintro-projekti.com\/pilar-stari\/2019\/11\/dr-sc-zeljko-holjevac-i-dr-sc-jelka-vince-pallua-na-znanstvenom-skupu-zivot-i-djelo-antuna-radica-desno-trebarjevo-28-10-2019\/\",\"name\":\"Dr. sc. \u017deljko Holjevac i dr. sc. Jelka Vince Pallua na znanstvenom skupu \u201e\u017divot i djelo Antuna Radi\u0107a\u201c, 28. 10. 2019. - Institut dru&scaron;tvenih znanosti Ivo Pilar\",\"isPartOf\":{\"@id\":\"https:\/\/www.vegaintro-projekti.com\/pilar-stari\/#website\"},\"datePublished\":\"2019-11-03T16:54:40+00:00\",\"dateModified\":\"2020-10-28T18:38:18+00:00\",\"author\":{\"@id\":\"https:\/\/www.vegaintro-projekti.com\/pilar-stari\/#\/schema\/person\/ddd404c9f1e15e4ffef5986ac6a5d28b\"},\"breadcrumb\":{\"@id\":\"https:\/\/www.vegaintro-projekti.com\/pilar-stari\/2019\/11\/dr-sc-zeljko-holjevac-i-dr-sc-jelka-vince-pallua-na-znanstvenom-skupu-zivot-i-djelo-antuna-radica-desno-trebarjevo-28-10-2019\/#breadcrumb\"},\"inLanguage\":\"hr\",\"potentialAction\":[{\"@type\":\"ReadAction\",\"target\":[\"https:\/\/www.vegaintro-projekti.com\/pilar-stari\/2019\/11\/dr-sc-zeljko-holjevac-i-dr-sc-jelka-vince-pallua-na-znanstvenom-skupu-zivot-i-djelo-antuna-radica-desno-trebarjevo-28-10-2019\/\"]}]},{\"@type\":\"BreadcrumbList\",\"@id\":\"https:\/\/www.vegaintro-projekti.com\/pilar-stari\/2019\/11\/dr-sc-zeljko-holjevac-i-dr-sc-jelka-vince-pallua-na-znanstvenom-skupu-zivot-i-djelo-antuna-radica-desno-trebarjevo-28-10-2019\/#breadcrumb\",\"itemListElement\":[{\"@type\":\"ListItem\",\"position\":1,\"name\":\"Home\",\"item\":\"https:\/\/www.vegaintro-projekti.com\/pilar-stari\/\"},{\"@type\":\"ListItem\",\"position\":2,\"name\":\"Dr. sc. \u017deljko Holjevac i dr. sc. Jelka Vince Pallua na znanstvenom skupu \u201e\u017divot i djelo Antuna Radi\u0107a\u201c, 28. 10. 2019.\"}]},{\"@type\":\"WebSite\",\"@id\":\"https:\/\/www.vegaintro-projekti.com\/pilar-stari\/#website\",\"url\":\"https:\/\/www.vegaintro-projekti.com\/pilar-stari\/\",\"name\":\"Institut dru&scaron;tvenih znanosti Ivo Pilar\",\"description\":\"Pilar\",\"potentialAction\":[{\"@type\":\"SearchAction\",\"target\":{\"@type\":\"EntryPoint\",\"urlTemplate\":\"https:\/\/www.vegaintro-projekti.com\/pilar-stari\/?s={search_term_string}\"},\"query-input\":\"required name=search_term_string\"}],\"inLanguage\":\"hr\"},{\"@type\":\"Person\",\"@id\":\"https:\/\/www.vegaintro-projekti.com\/pilar-stari\/#\/schema\/person\/ddd404c9f1e15e4ffef5986ac6a5d28b\",\"name\":\"Boris\",\"image\":{\"@type\":\"ImageObject\",\"inLanguage\":\"hr\",\"@id\":\"https:\/\/www.vegaintro-projekti.com\/pilar-stari\/#\/schema\/person\/image\/\",\"url\":\"https:\/\/secure.gravatar.com\/avatar\/29557b161a6ce6ab86ac1503164f1e90?s=96&d=mm&r=g\",\"contentUrl\":\"https:\/\/secure.gravatar.com\/avatar\/29557b161a6ce6ab86ac1503164f1e90?s=96&d=mm&r=g\",\"caption\":\"Boris\"},\"url\":\"https:\/\/www.vegaintro-projekti.com\/pilar-stari\/author\/boris\/\"}]}<\/script>\n<!-- \/ Yoast SEO plugin. -->","yoast_head_json":{"title":"Dr. sc. \u017deljko Holjevac i dr. sc. Jelka Vince Pallua na znanstvenom skupu \u201e\u017divot i djelo Antuna Radi\u0107a\u201c, 28. 10. 2019. - Institut dru&scaron;tvenih znanosti Ivo Pilar","robots":{"index":"noindex","follow":"follow","max-snippet":"max-snippet:-1","max-image-preview":"max-image-preview:large","max-video-preview":"max-video-preview:-1"},"og_locale":"hr_HR","og_type":"article","og_title":"Dr. sc. \u017deljko Holjevac i dr. sc. Jelka Vince Pallua na znanstvenom skupu \u201e\u017divot i djelo Antuna Radi\u0107a\u201c, 28. 10. 2019. - Institut dru&scaron;tvenih znanosti Ivo Pilar","og_description":"Dr. sc. \u017deljko Holjevac i dr. sc. Jelka Vince Pallua sudjelovali su na znanstvenom skupu \u201e\u017divot i djelo Antuna Radi\u0107a\u201c odr\u017eanom 28. listopada 2019. u Desnom Trebarjevu, rodnom mjestu Antuna i Stjepana Radi\u0107a. Skup su organizirali Matica hrvatska i Kulturni centar bra\u0107e Radi\u0107 iz Desnog Trebarjeva. \u2212 Program skupa Dr. sc. \u017deljko Holjevac i dr.&hellip; Pro\u010ditaj vi\u0161e o Dr. sc. \u017deljko Holjevac i dr. sc. Jelka Vince Pallua na znanstvenom skupu \u201e\u017divot i djelo Antuna Radi\u0107a\u201c, 28. 10. 2019.","og_url":"https:\/\/www.vegaintro-projekti.com\/pilar-stari\/2019\/11\/dr-sc-zeljko-holjevac-i-dr-sc-jelka-vince-pallua-na-znanstvenom-skupu-zivot-i-djelo-antuna-radica-desno-trebarjevo-28-10-2019\/","og_site_name":"Institut dru&scaron;tvenih znanosti Ivo Pilar","article_published_time":"2019-11-03T16:54:40+00:00","article_modified_time":"2020-10-28T18:38:18+00:00","og_image":[{"width":1024,"height":444,"url":"https:\/\/www.vegaintro-projekti.com\/pilar-stari\/wp-content\/uploads\/2019\/11\/1_fi4.jpg","type":"image\/jpeg"}],"author":"Boris","twitter_card":"summary_large_image","twitter_misc":{"Napisao\/la":"Boris","Procijenjeno vrijeme \u010ditanja":"1 minuta"},"schema":{"@context":"https:\/\/schema.org","@graph":[{"@type":"WebPage","@id":"https:\/\/www.vegaintro-projekti.com\/pilar-stari\/2019\/11\/dr-sc-zeljko-holjevac-i-dr-sc-jelka-vince-pallua-na-znanstvenom-skupu-zivot-i-djelo-antuna-radica-desno-trebarjevo-28-10-2019\/","url":"https:\/\/www.vegaintro-projekti.com\/pilar-stari\/2019\/11\/dr-sc-zeljko-holjevac-i-dr-sc-jelka-vince-pallua-na-znanstvenom-skupu-zivot-i-djelo-antuna-radica-desno-trebarjevo-28-10-2019\/","name":"Dr. sc. \u017deljko Holjevac i dr. sc. Jelka Vince Pallua na znanstvenom skupu \u201e\u017divot i djelo Antuna Radi\u0107a\u201c, 28. 10. 2019. - Institut dru&scaron;tvenih znanosti Ivo Pilar","isPartOf":{"@id":"https:\/\/www.vegaintro-projekti.com\/pilar-stari\/#website"},"datePublished":"2019-11-03T16:54:40+00:00","dateModified":"2020-10-28T18:38:18+00:00","author":{"@id":"https:\/\/www.vegaintro-projekti.com\/pilar-stari\/#\/schema\/person\/ddd404c9f1e15e4ffef5986ac6a5d28b"},"breadcrumb":{"@id":"https:\/\/www.vegaintro-projekti.com\/pilar-stari\/2019\/11\/dr-sc-zeljko-holjevac-i-dr-sc-jelka-vince-pallua-na-znanstvenom-skupu-zivot-i-djelo-antuna-radica-desno-trebarjevo-28-10-2019\/#breadcrumb"},"inLanguage":"hr","potentialAction":[{"@type":"ReadAction","target":["https:\/\/www.vegaintro-projekti.com\/pilar-stari\/2019\/11\/dr-sc-zeljko-holjevac-i-dr-sc-jelka-vince-pallua-na-znanstvenom-skupu-zivot-i-djelo-antuna-radica-desno-trebarjevo-28-10-2019\/"]}]},{"@type":"BreadcrumbList","@id":"https:\/\/www.vegaintro-projekti.com\/pilar-stari\/2019\/11\/dr-sc-zeljko-holjevac-i-dr-sc-jelka-vince-pallua-na-znanstvenom-skupu-zivot-i-djelo-antuna-radica-desno-trebarjevo-28-10-2019\/#breadcrumb","itemListElement":[{"@type":"ListItem","position":1,"name":"Home","item":"https:\/\/www.vegaintro-projekti.com\/pilar-stari\/"},{"@type":"ListItem","position":2,"name":"Dr. sc. \u017deljko Holjevac i dr. sc. Jelka Vince Pallua na znanstvenom skupu \u201e\u017divot i djelo Antuna Radi\u0107a\u201c, 28. 10. 2019."}]},{"@type":"WebSite","@id":"https:\/\/www.vegaintro-projekti.com\/pilar-stari\/#website","url":"https:\/\/www.vegaintro-projekti.com\/pilar-stari\/","name":"Institut dru&scaron;tvenih znanosti Ivo Pilar","description":"Pilar","potentialAction":[{"@type":"SearchAction","target":{"@type":"EntryPoint","urlTemplate":"https:\/\/www.vegaintro-projekti.com\/pilar-stari\/?s={search_term_string}"},"query-input":"required name=search_term_string"}],"inLanguage":"hr"},{"@type":"Person","@id":"https:\/\/www.vegaintro-projekti.com\/pilar-stari\/#\/schema\/person\/ddd404c9f1e15e4ffef5986ac6a5d28b","name":"Boris","image":{"@type":"ImageObject","inLanguage":"hr","@id":"https:\/\/www.vegaintro-projekti.com\/pilar-stari\/#\/schema\/person\/image\/","url":"https:\/\/secure.gravatar.com\/avatar\/29557b161a6ce6ab86ac1503164f1e90?s=96&d=mm&r=g","contentUrl":"https:\/\/secure.gravatar.com\/avatar\/29557b161a6ce6ab86ac1503164f1e90?s=96&d=mm&r=g","caption":"Boris"},"url":"https:\/\/www.vegaintro-projekti.com\/pilar-stari\/author\/boris\/"}]}},"_links":{"self":[{"href":"https:\/\/www.vegaintro-projekti.com\/pilar-stari\/wp-json\/wp\/v2\/posts\/14190"}],"collection":[{"href":"https:\/\/www.vegaintro-projekti.com\/pilar-stari\/wp-json\/wp\/v2\/posts"}],"about":[{"href":"https:\/\/www.vegaintro-projekti.com\/pilar-stari\/wp-json\/wp\/v2\/types\/post"}],"author":[{"embeddable":true,"href":"https:\/\/www.vegaintro-projekti.com\/pilar-stari\/wp-json\/wp\/v2\/users\/7"}],"replies":[{"embeddable":true,"href":"https:\/\/www.vegaintro-projekti.com\/pilar-stari\/wp-json\/wp\/v2\/comments?post=14190"}],"version-history":[{"count":10,"href":"https:\/\/www.vegaintro-projekti.com\/pilar-stari\/wp-json\/wp\/v2\/posts\/14190\/revisions"}],"predecessor-version":[{"id":14220,"href":"https:\/\/www.vegaintro-projekti.com\/pilar-stari\/wp-json\/wp\/v2\/posts\/14190\/revisions\/14220"}],"wp:featuredmedia":[{"embeddable":true,"href":"https:\/\/www.vegaintro-projekti.com\/pilar-stari\/wp-json\/wp\/v2\/media\/14222"}],"wp:attachment":[{"href":"https:\/\/www.vegaintro-projekti.com\/pilar-stari\/wp-json\/wp\/v2\/media?parent=14190"}],"wp:term":[{"taxonomy":"category","embeddable":true,"href":"https:\/\/www.vegaintro-projekti.com\/pilar-stari\/wp-json\/wp\/v2\/categories?post=14190"},{"taxonomy":"post_tag","embeddable":true,"href":"https:\/\/www.vegaintro-projekti.com\/pilar-stari\/wp-json\/wp\/v2\/tags?post=14190"}],"curies":[{"name":"wp","href":"https:\/\/api.w.org\/{rel}","templated":true}]}}