{"id":14254,"date":"2019-11-15T18:22:43","date_gmt":"2019-11-15T18:22:43","guid":{"rendered":"https:\/\/www.vegaintro-projekti.com\/pilar-stari\/?p=14254"},"modified":"2020-10-28T18:37:47","modified_gmt":"2020-10-28T18:37:47","slug":"22-skup-vukovar-91-28-godina-poslije-suvremene-migracije-u-republici-hrvatskoj-vukovar-12-13-11-2019","status":"publish","type":"post","link":"https:\/\/www.vegaintro-projekti.com\/pilar-stari\/2019\/11\/22-skup-vukovar-91-28-godina-poslije-suvremene-migracije-u-republici-hrvatskoj-vukovar-12-13-11-2019\/","title":{"rendered":"22. skup \u201cVukovar \u00b491. &#8211; 28 godina poslije\u201d: SUVREMENE MIGRACIJE U REPUBLICI HRVATSKOJ; Vukovar, 12.-13. 11. 2019."},"content":{"rendered":"<p><strong>U organizaciji Instituta dru\u0161tvenih znanosti Ivo Pilar &#8211; Podru\u010dnoga centra Vukovar, a kao dio slu\u017ebenoga programa obilje\u017eavanja Dana sje\u0107anja na \u017ertvu Vukovara 1991. &#8211; 2019., u Ru\u017ei\u010dkinoj je ku\u0107i u Vukovaru 12. i 13. studenoga 2019. godine odr\u017ean tradicionalni 22. znanstveno-stru\u010dni skup &#8220;Vukovar 91. &#8211; dvadeset i osma godina poslije&#8221;, na temu: Suvremene migracije u Republici Hrvatskoj: uzroci, posljedice i aktualni trendovi.<\/strong> \u2212 <a href=\"https:\/\/www.vegaintro-projekti.com\/pilar-stari\/wp-content\/uploads\/2019\/11\/POZIVNICA_Vu2019.pdf\">Pozivnica i program<\/a><\/p>\n<p><a href=\"https:\/\/www.vegaintro-projekti.com\/pilar-stari\/wp-content\/uploads\/2019\/11\/1-1.jpg\"><img decoding=\"async\" loading=\"lazy\" class=\"alignnone wp-image-14390 size-full\" src=\"https:\/\/www.vegaintro-projekti.com\/pilar-stari\/wp-content\/uploads\/2019\/11\/1_s-1.jpg\" alt=\"\" width=\"310\" height=\"174\" srcset=\"https:\/\/www.vegaintro-projekti.com\/pilar-stari\/wp-content\/uploads\/2019\/11\/1_s-1.jpg 310w, https:\/\/www.vegaintro-projekti.com\/pilar-stari\/wp-content\/uploads\/2019\/11\/1_s-1-300x168.jpg 300w\" sizes=\"(max-width: 310px) 100vw, 310px\" \/><\/a><a href=\"https:\/\/www.vegaintro-projekti.com\/pilar-stari\/wp-content\/uploads\/2019\/11\/2-1.jpg\"><img decoding=\"async\" loading=\"lazy\" class=\"alignnone wp-image-14392 size-full\" src=\"https:\/\/www.vegaintro-projekti.com\/pilar-stari\/wp-content\/uploads\/2019\/11\/2s.jpg\" alt=\"\" width=\"310\" height=\"174\" srcset=\"https:\/\/www.vegaintro-projekti.com\/pilar-stari\/wp-content\/uploads\/2019\/11\/2s.jpg 310w, https:\/\/www.vegaintro-projekti.com\/pilar-stari\/wp-content\/uploads\/2019\/11\/2s-300x168.jpg 300w\" sizes=\"(max-width: 310px) 100vw, 310px\" \/><\/a><a href=\"https:\/\/www.vegaintro-projekti.com\/pilar-stari\/wp-content\/uploads\/2019\/11\/0.jpg\"><img decoding=\"async\" loading=\"lazy\" class=\"alignnone wp-image-14388 size-full\" src=\"https:\/\/www.vegaintro-projekti.com\/pilar-stari\/wp-content\/uploads\/2019\/11\/0_s.jpg\" alt=\"\" width=\"620\" height=\"361\" srcset=\"https:\/\/www.vegaintro-projekti.com\/pilar-stari\/wp-content\/uploads\/2019\/11\/0_s.jpg 620w, https:\/\/www.vegaintro-projekti.com\/pilar-stari\/wp-content\/uploads\/2019\/11\/0_s-300x175.jpg 300w\" sizes=\"(max-width: 620px) 100vw, 620px\" \/><\/a><a href=\"https:\/\/www.vegaintro-projekti.com\/pilar-stari\/wp-content\/uploads\/2019\/11\/3-1.jpg\"><img decoding=\"async\" loading=\"lazy\" class=\"alignnone wp-image-14394 size-full\" src=\"https:\/\/www.vegaintro-projekti.com\/pilar-stari\/wp-content\/uploads\/2019\/11\/3_s-1.jpg\" alt=\"\" width=\"206\" height=\"116\"><\/a><a href=\"https:\/\/www.vegaintro-projekti.com\/pilar-stari\/wp-content\/uploads\/2019\/11\/4.jpg\"><img decoding=\"async\" loading=\"lazy\" class=\"alignnone wp-image-14396 size-full\" src=\"https:\/\/www.vegaintro-projekti.com\/pilar-stari\/wp-content\/uploads\/2019\/11\/4_s.jpg\" alt=\"\" width=\"206\" height=\"116\"><\/a><a href=\"https:\/\/www.vegaintro-projekti.com\/pilar-stari\/wp-content\/uploads\/2019\/11\/5.jpg\"><img decoding=\"async\" loading=\"lazy\" class=\"alignnone wp-image-14398 size-full\" src=\"https:\/\/www.vegaintro-projekti.com\/pilar-stari\/wp-content\/uploads\/2019\/11\/5_s.jpg\" alt=\"\" width=\"206\" height=\"116\"><\/a><\/p>\n<p><span style=\"font-size: 8pt;\"><strong>22. skup \u201cVukovar \u00b491. &#8211; 28 godina poslije\u201d: SUVREMENE MIGRACIJE U REPUBLICI HRVATSKOJ; Vukovar, 12.-13. studenoga 2019.<\/strong><\/span><\/p>\n<p>Na skupu je sudjelovalo 30 uglednih znanstvenika &#8211; demografa, sociologa, politologa, stru\u010dnjaka za vojna i sigurnosna pitanja, povjesni\u010dara, teologa, psihologa i antropologa, koji su problematici suvremenih migracija u Hrvatskoj kao iznimno va\u017enoj i aktualnoj dru\u0161tvenoj i znanstvenoj temi pri\u0161li s razli\u010ditih aspekata te na taj na\u010din pridonijeli multidisciplinanrnom i interdisciplinarnom promi\u0161ljanju toga fenomena.<\/p>\n<p>U protokolarnom dijelu skupa pozdravnu su rije\u010d uputili: Marijan Pavli\u010dek, zamjenik gradona\u010delnika Grada Vukovara, dr. sc. Darko Drmi\u0107, pro\u010delnik Upravnoga odjela za socijalnu skrb Vukovarsko-srijemske \u017eupanije, Krunoslav \u0160eremet, izaslanik ministra hrvatskih branitelja i ravnatelj Memorijalnog centra Domovinskog rata Vukovar i Marijana Bali\u0107, saborska zastupnica i izaslanica predsjednika Hrvatskoga sabora. Prigodnim je rije\u010dima skup otvorio prof. dr. sc. \u017deljko Holjevac, ravnatelj Instituta Pilar.<\/p>\n<p>Prije samoga skupa izaslanstvo Instituta predvo\u0111eno ravnateljem dr. sc. \u017deljkom Holjevcem, predsjednikom Znanstvenoga vije\u0107a dr. sc. Nenadom Pokosom i voditeljem Podru\u010dnoga centra Instituta Pilar u Vukovaru dr. Mateo \u017dani\u0107em i sudionici skupa polo\u017eili su vijence i upalili svije\u0107e na Memorijalnom groblju \u017ertava iz Domovinskog rata i kod masovne grobnice na Ov\u010dari. Drugoga dana, po zavr\u0161etku skupa, sudionici su posjetili Franjeva\u010dki samostan u Vukovaru, gdje ih je gvardijan fra Ivica Jagodi\u0107 proveo kroz nedavno otvoreni Franjeva\u010dki muzej, uklju\u010duju\u0107i i obilje\u017eje s popisom 2.717 \u017ertava u Vukovaru u Domovinskom ratu.<\/p>\n<p><a href=\"https:\/\/www.vegaintro-projekti.com\/pilar-stari\/wp-content\/uploads\/2019\/11\/POZIVNICA_Vu2019.pdf\"><img decoding=\"async\" loading=\"lazy\" class=\"alignnone wp-image-14253 size-full\" src=\"https:\/\/www.vegaintro-projekti.com\/pilar-stari\/wp-content\/uploads\/2019\/11\/POZIVNICA_Vu2019_11.jpg\" alt=\"\" width=\"620\" height=\"310\" srcset=\"https:\/\/www.vegaintro-projekti.com\/pilar-stari\/wp-content\/uploads\/2019\/11\/POZIVNICA_Vu2019_11.jpg 620w, https:\/\/www.vegaintro-projekti.com\/pilar-stari\/wp-content\/uploads\/2019\/11\/POZIVNICA_Vu2019_11-300x150.jpg 300w\" sizes=\"(max-width: 620px) 100vw, 620px\" \/><\/a><\/p>\n<p>\u2212 <a href=\"https:\/\/www.vegaintro-projekti.com\/pilar-stari\/wp-content\/uploads\/2019\/11\/POZIVNICA_Vu2019.pdf\">Pozivnica i program za 22. znanstveno-stru\u010dni skup \u201cVukovar \u00b491. &#8211; dvadeset i osma godina poslije\u201d SUVREMENE MIGRACIJE U REPUBLICI HRVATSKOJ: UZROCI, POSLJEDICE I AKTUALNI TRENDOVI; Vukovar, 12.-13. studenoga 2019.<\/a><\/p>\n<p><span style=\"font-size: 14pt;\">Program skupa<\/span><\/p>\n<p><strong>12. studenoga 2019. (utorak)<\/strong><\/p>\n<p>14:00 &#8211; 15:00<br \/>\nMemorijalno groblje \u017ertava iz Domovinskog rata i masovna grobnica Ov\u010dara &#8211; polaganje vijenaca i paljenje svije\u0107a<\/p>\n<p>* * *<\/p>\n<p>Ru\u017ei\u010dkina ku\u0107a &#8211; Kongresna dvorana (J. J. Strossmayera 25, Vukovar)<\/p>\n<p>15:00 &#8211; 15:30<br \/>\nRegistracija sudionika<\/p>\n<p>15:30 &#8211; 16:00<br \/>\nPozdravne rije\u010di i otvaranje skupa<\/p>\n<p>Uvodna predavanja<br \/>\nModeratori: Dra\u017een \u017divi\u0107 i Ivana Bendra<\/p>\n<p>16:00 &#8211; 16:30<br \/>\nNenad Pokos<br \/>\n<em>Demografski aspekti suvremenog iseljavanja iz Hrvatske<\/em><\/p>\n<p>16:30-17:00<br \/>\nVlado \u0160aki\u0107 i Katarina Peri\u0107<br \/>\n<em>Suvremene migracije i njihov odraz na hrvatski nacionalni, socijalni i kulturni identitet<\/em><\/p>\n<p>17:00 &#8211; 17:20<br \/>\nPredah uz osvje\u017eenje<\/p>\n<p>Prva sjednica<br \/>\nModeratori: Mateo \u017dani\u0107 i Ivan Brli\u0107<\/p>\n<p>17:20-17:40<br \/>\nOzren \u017dunec i Andrija Platu\u017ei\u0107<br \/>\n<em>Migracije pokrenute ratovima: izme\u0111u socijalne katastrofe i dru\u0161tvenog razvitka<\/em><\/p>\n<p>17:40 &#8211; 18:00<br \/>\nMirko Biland\u017ei\u0107 i Daniela Luci\u0107<br \/>\n<em>Sekuritizacija migracija: socijalna konstrukcija ili stvarna prijetnja?<\/em><\/p>\n<p>18:00 -18:20<br \/>\nSanja \u0160poljar Vr\u017eina<br \/>\n<em>Inscenirane solidarnosti, cenzurirana znanja i bijegovi u \u2018suvremenost\u2019 &#8211; hrvatski obol svjetskim politikama migracija i militarizacije<\/em><\/p>\n<p>18:20 &#8211; 18:40<br \/>\nSandra Cviki\u0107, Mario Bara, Karla \u017dagi<br \/>\n<em>Vukovarska trauma, izbjegli\u0161tvo i proizvodnja znanja<\/em><\/p>\n<p>18:40 &#8211; 19:00<br \/>\nJosip Esterajher<br \/>\n<em>Suvremene (nelegalne) migracije &#8211; od humanitarnog pitanja do sigurnosnog izazova<\/em><\/p>\n<p>19:00 &#8211; 19:30<br \/>\nRasprava<\/p>\n<p><strong>13. studenoga 2019. (srijeda)<\/strong><\/p>\n<p>Ru\u017ei\u010dkina ku\u0107a &#8211; Kongresna dvorana (J. J. Strossmayera 25, Vukovar)<\/p>\n<p>Druga sjednica<br \/>\nModeratori: Anita Bu\u0161ljeta Tonkovi\u0107 i Nikola \u0160imuni\u0107<\/p>\n<p>09:00 &#8211; 09:20<br \/>\nKatica Jur\u010devi\u0107 i Kre\u0161imir Bu\u0161i\u0107<br \/>\n<em>Ratna stradanja vukovarskih civila kao primjer za razumijevanje suvremenih migracijskih kretanja<\/em><\/p>\n<p>09:20 &#8211; 09:40<br \/>\nDra\u017een \u017divi\u0107 i Nikola \u0160imuni\u0107<br \/>\n<em>Vremenska, prostorna i strukturno-demografska selektivnosti prisilnih ratnih migracija u Hrvatskoj 1990-ih<\/em><\/p>\n<p>09:40 &#8211; 10:00<br \/>\nMateo \u017dani\u0107, Geran Marko Mileti\u0107, Ivana Bendra<br \/>\n<em>Stavovi mladih iz Vukovarsko-srijemske \u017eupanije o aktualnim dru\u0161tvenim problemima i njihova predmigracijska o\u010dekivanja<\/em><\/p>\n<p>10:00 &#8211; 10:20<br \/>\nIvana Bendra, Dra\u017een \u017divi\u0107, Borislav Maru\u0161i\u0107<br \/>\n<em>Utjecaj dominantnih vrijednosnih orijentacija mladih Vukovarsko-srijemske \u017eupanije na namjere iseljenja u inozemstvo<\/em><\/p>\n<p>10:20 &#8211; 10:40<br \/>\nIvan Brli\u0107, Nikola \u0160imuni\u0107, Igor Kne\u017e<br \/>\n<em>Li\u010dani u Slavoniji i(li) Slavonci u Lici &#8211; primjer suvremenih vi\u0161estrukih unutra\u0161njih migracijskih procesa<\/em><\/p>\n<p>10:40 &#8211; 11:00<br \/>\nTado Juri\u0107<br \/>\n<em>Hrvati BiH u suvremenom iseljeni\u010dkom valu<\/em><\/p>\n<p>11:00 &#8211; 11:30<br \/>\nPredah uz osvje\u017eenje<\/p>\n<p>Tre\u0107a sjednica<br \/>\nModeratori: Sandra Cviki\u0107 i Ivana Bendra<\/p>\n<p>11:30 &#8211; 11:50<br \/>\nVladimir Dugali\u0107 i Igor Jakobfi<br \/>\n<em>Doprinos pape Franje raspravama o migrantima i suvremenim migracijama<\/em><\/p>\n<p>11:50 &#8211; 12:10<br \/>\n\u017deljko Pavi\u0107 i Antun \u0160undali\u0107<br \/>\n<em>Politi\u010dki motivi odseljavanja \u201enovih migranata\u201c unutar Europe<\/em><\/p>\n<p>12:10 &#8211; 12:30<br \/>\nCaroline Hornstein Tomi\u0107 i Marina Peri\u0107 Kaselj<br \/>\n<em>Stru\u010dne migracije &#8211; trostruki dobitak? Iskustva mladih dr\u017eava \u010dlanica nakon pristupanja Europskoj uniji<\/em><\/p>\n<p>12:30 &#8211; 12:50<br \/>\nRebeka Mesari\u0107 \u017dab\u010di\u0107<br \/>\n<em>Povratne migracije kao pokreta\u010d razvoja u Me\u0111imurskoj \u017eupaniji<\/em><\/p>\n<p>12:50 &#8211; 13:10<br \/>\nMarica Marinovi\u0107 Golubi\u0107 i Tihana \u0160tojs<br \/>\n<em>Mla\u0111i povratnici u Hrvatsku &#8211; iskustvo i motivacija<\/em><\/p>\n<p>13:10-13:30<br \/>\nKre\u0161imir Pera\u010dkovi\u0107, Geran Marko Mileti\u0107 i Matea Milak<br \/>\n<em>\u017divot u Aljma\u0161u 20 godina poslije &#8211; Stavovi stanovni\u0161tva o perspektivama lokalnog razvoja<\/em><\/p>\n<p>13:30-14:00<br \/>\nRasprava i zatvaranje skupa<\/p>\n<blockquote><p>&nbsp;<a href=\"https:\/\/www.vegaintro-projekti.com\/pilar-stari\/2018\/04\/podruni-centar-vukovar-2\/\">Podru\u010dni centar Vukovar<\/a><\/p><\/blockquote>\n","protected":false},"excerpt":{"rendered":"<p>U organizaciji Instituta dru\u0161tvenih znanosti Ivo Pilar &#8211; Podru\u010dnoga centra Vukovar, a kao dio slu\u017ebenoga programa obilje\u017eavanja Dana sje\u0107anja na \u017ertvu Vukovara 1991. &#8211; 2019., u Ru\u017ei\u010dkinoj je ku\u0107i u Vukovaru 12. i 13. studenoga 2019. godine odr\u017ean tradicionalni 22. znanstveno-stru\u010dni skup &#8220;Vukovar 91. &#8211; dvadeset i osma godina poslije&#8221;, na temu: Suvremene migracije u&hellip; <a class=\"continue\" href=\"https:\/\/www.vegaintro-projekti.com\/pilar-stari\/2019\/11\/22-skup-vukovar-91-28-godina-poslije-suvremene-migracije-u-republici-hrvatskoj-vukovar-12-13-11-2019\/\">Pro\u010ditaj vi\u0161e o<span> 22. skup \u201cVukovar \u00b491. &#8211; 28 godina poslije\u201d: SUVREMENE MIGRACIJE U REPUBLICI HRVATSKOJ; Vukovar, 12.-13. 11. 2019.<\/span><\/a><\/p>\n","protected":false},"author":7,"featured_media":14470,"comment_status":"closed","ping_status":"closed","sticky":false,"template":"","format":"standard","meta":{"inline_featured_image":false,"ngg_post_thumbnail":0,"footnotes":""},"categories":[48,11],"tags":[],"yoast_head":"<!-- This site is optimized with the Yoast SEO plugin v21.2 - https:\/\/yoast.com\/wordpress\/plugins\/seo\/ -->\n<title>22. skup \u201cVukovar \u00b491. - 28 godina poslije\u201d: SUVREMENE MIGRACIJE U REPUBLICI HRVATSKOJ; Vukovar, 12.-13. 11. 2019. - Institut dru&scaron;tvenih znanosti Ivo Pilar<\/title>\n<meta name=\"robots\" content=\"noindex, follow, max-snippet:-1, max-image-preview:large, max-video-preview:-1\" \/>\n<meta property=\"og:locale\" content=\"hr_HR\" \/>\n<meta property=\"og:type\" content=\"article\" \/>\n<meta property=\"og:title\" content=\"22. skup \u201cVukovar \u00b491. - 28 godina poslije\u201d: SUVREMENE MIGRACIJE U REPUBLICI HRVATSKOJ; Vukovar, 12.-13. 11. 2019. - Institut dru&scaron;tvenih znanosti Ivo Pilar\" \/>\n<meta property=\"og:description\" content=\"U organizaciji Instituta dru\u0161tvenih znanosti Ivo Pilar &#8211; Podru\u010dnoga centra Vukovar, a kao dio slu\u017ebenoga programa obilje\u017eavanja Dana sje\u0107anja na \u017ertvu Vukovara 1991. &#8211; 2019., u Ru\u017ei\u010dkinoj je ku\u0107i u Vukovaru 12. i 13. studenoga 2019. godine odr\u017ean tradicionalni 22. znanstveno-stru\u010dni skup &#8220;Vukovar 91. &#8211; dvadeset i osma godina poslije&#8221;, na temu: Suvremene migracije u&hellip; Pro\u010ditaj vi\u0161e o 22. skup \u201cVukovar \u00b491. &#8211; 28 godina poslije\u201d: SUVREMENE MIGRACIJE U REPUBLICI HRVATSKOJ; Vukovar, 12.-13. 11. 2019.\" \/>\n<meta property=\"og:url\" content=\"https:\/\/www.vegaintro-projekti.com\/pilar-stari\/2019\/11\/22-skup-vukovar-91-28-godina-poslije-suvremene-migracije-u-republici-hrvatskoj-vukovar-12-13-11-2019\/\" \/>\n<meta property=\"og:site_name\" content=\"Institut dru&scaron;tvenih znanosti Ivo Pilar\" \/>\n<meta property=\"article:published_time\" content=\"2019-11-15T18:22:43+00:00\" \/>\n<meta property=\"article:modified_time\" content=\"2020-10-28T18:37:47+00:00\" \/>\n<meta property=\"og:image\" content=\"https:\/\/www.vegaintro-projekti.com\/pilar-stari\/wp-content\/uploads\/2019\/11\/0_3fifi.jpg\" \/>\n\t<meta property=\"og:image:width\" content=\"640\" \/>\n\t<meta property=\"og:image:height\" content=\"480\" \/>\n\t<meta property=\"og:image:type\" content=\"image\/jpeg\" \/>\n<meta name=\"author\" content=\"Boris\" \/>\n<meta name=\"twitter:card\" content=\"summary_large_image\" \/>\n<meta name=\"twitter:label1\" content=\"Napisao\/la\" \/>\n\t<meta name=\"twitter:data1\" content=\"Boris\" \/>\n\t<meta name=\"twitter:label2\" content=\"Procijenjeno vrijeme \u010ditanja\" \/>\n\t<meta name=\"twitter:data2\" content=\"4 minute\" \/>\n<script type=\"application\/ld+json\" class=\"yoast-schema-graph\">{\"@context\":\"https:\/\/schema.org\",\"@graph\":[{\"@type\":\"WebPage\",\"@id\":\"https:\/\/www.vegaintro-projekti.com\/pilar-stari\/2019\/11\/22-skup-vukovar-91-28-godina-poslije-suvremene-migracije-u-republici-hrvatskoj-vukovar-12-13-11-2019\/\",\"url\":\"https:\/\/www.vegaintro-projekti.com\/pilar-stari\/2019\/11\/22-skup-vukovar-91-28-godina-poslije-suvremene-migracije-u-republici-hrvatskoj-vukovar-12-13-11-2019\/\",\"name\":\"22. skup \u201cVukovar \u00b491. - 28 godina poslije\u201d: SUVREMENE MIGRACIJE U REPUBLICI HRVATSKOJ; Vukovar, 12.-13. 11. 2019. - Institut dru&scaron;tvenih znanosti Ivo Pilar\",\"isPartOf\":{\"@id\":\"https:\/\/www.vegaintro-projekti.com\/pilar-stari\/#website\"},\"datePublished\":\"2019-11-15T18:22:43+00:00\",\"dateModified\":\"2020-10-28T18:37:47+00:00\",\"author\":{\"@id\":\"https:\/\/www.vegaintro-projekti.com\/pilar-stari\/#\/schema\/person\/ddd404c9f1e15e4ffef5986ac6a5d28b\"},\"breadcrumb\":{\"@id\":\"https:\/\/www.vegaintro-projekti.com\/pilar-stari\/2019\/11\/22-skup-vukovar-91-28-godina-poslije-suvremene-migracije-u-republici-hrvatskoj-vukovar-12-13-11-2019\/#breadcrumb\"},\"inLanguage\":\"hr\",\"potentialAction\":[{\"@type\":\"ReadAction\",\"target\":[\"https:\/\/www.vegaintro-projekti.com\/pilar-stari\/2019\/11\/22-skup-vukovar-91-28-godina-poslije-suvremene-migracije-u-republici-hrvatskoj-vukovar-12-13-11-2019\/\"]}]},{\"@type\":\"BreadcrumbList\",\"@id\":\"https:\/\/www.vegaintro-projekti.com\/pilar-stari\/2019\/11\/22-skup-vukovar-91-28-godina-poslije-suvremene-migracije-u-republici-hrvatskoj-vukovar-12-13-11-2019\/#breadcrumb\",\"itemListElement\":[{\"@type\":\"ListItem\",\"position\":1,\"name\":\"Home\",\"item\":\"https:\/\/www.vegaintro-projekti.com\/pilar-stari\/\"},{\"@type\":\"ListItem\",\"position\":2,\"name\":\"22. skup \u201cVukovar \u00b491. &#8211; 28 godina poslije\u201d: SUVREMENE MIGRACIJE U REPUBLICI HRVATSKOJ; Vukovar, 12.-13. 11. 2019.\"}]},{\"@type\":\"WebSite\",\"@id\":\"https:\/\/www.vegaintro-projekti.com\/pilar-stari\/#website\",\"url\":\"https:\/\/www.vegaintro-projekti.com\/pilar-stari\/\",\"name\":\"Institut dru&scaron;tvenih znanosti Ivo Pilar\",\"description\":\"Pilar\",\"potentialAction\":[{\"@type\":\"SearchAction\",\"target\":{\"@type\":\"EntryPoint\",\"urlTemplate\":\"https:\/\/www.vegaintro-projekti.com\/pilar-stari\/?s={search_term_string}\"},\"query-input\":\"required name=search_term_string\"}],\"inLanguage\":\"hr\"},{\"@type\":\"Person\",\"@id\":\"https:\/\/www.vegaintro-projekti.com\/pilar-stari\/#\/schema\/person\/ddd404c9f1e15e4ffef5986ac6a5d28b\",\"name\":\"Boris\",\"image\":{\"@type\":\"ImageObject\",\"inLanguage\":\"hr\",\"@id\":\"https:\/\/www.vegaintro-projekti.com\/pilar-stari\/#\/schema\/person\/image\/\",\"url\":\"https:\/\/secure.gravatar.com\/avatar\/29557b161a6ce6ab86ac1503164f1e90?s=96&d=mm&r=g\",\"contentUrl\":\"https:\/\/secure.gravatar.com\/avatar\/29557b161a6ce6ab86ac1503164f1e90?s=96&d=mm&r=g\",\"caption\":\"Boris\"},\"url\":\"https:\/\/www.vegaintro-projekti.com\/pilar-stari\/author\/boris\/\"}]}<\/script>\n<!-- \/ Yoast SEO plugin. -->","yoast_head_json":{"title":"22. skup \u201cVukovar \u00b491. - 28 godina poslije\u201d: SUVREMENE MIGRACIJE U REPUBLICI HRVATSKOJ; Vukovar, 12.-13. 11. 2019. - Institut dru&scaron;tvenih znanosti Ivo Pilar","robots":{"index":"noindex","follow":"follow","max-snippet":"max-snippet:-1","max-image-preview":"max-image-preview:large","max-video-preview":"max-video-preview:-1"},"og_locale":"hr_HR","og_type":"article","og_title":"22. skup \u201cVukovar \u00b491. - 28 godina poslije\u201d: SUVREMENE MIGRACIJE U REPUBLICI HRVATSKOJ; Vukovar, 12.-13. 11. 2019. - Institut dru&scaron;tvenih znanosti Ivo Pilar","og_description":"U organizaciji Instituta dru\u0161tvenih znanosti Ivo Pilar &#8211; Podru\u010dnoga centra Vukovar, a kao dio slu\u017ebenoga programa obilje\u017eavanja Dana sje\u0107anja na \u017ertvu Vukovara 1991. &#8211; 2019., u Ru\u017ei\u010dkinoj je ku\u0107i u Vukovaru 12. i 13. studenoga 2019. godine odr\u017ean tradicionalni 22. znanstveno-stru\u010dni skup &#8220;Vukovar 91. &#8211; dvadeset i osma godina poslije&#8221;, na temu: Suvremene migracije u&hellip; Pro\u010ditaj vi\u0161e o 22. skup \u201cVukovar \u00b491. &#8211; 28 godina poslije\u201d: SUVREMENE MIGRACIJE U REPUBLICI HRVATSKOJ; Vukovar, 12.-13. 11. 2019.","og_url":"https:\/\/www.vegaintro-projekti.com\/pilar-stari\/2019\/11\/22-skup-vukovar-91-28-godina-poslije-suvremene-migracije-u-republici-hrvatskoj-vukovar-12-13-11-2019\/","og_site_name":"Institut dru&scaron;tvenih znanosti Ivo Pilar","article_published_time":"2019-11-15T18:22:43+00:00","article_modified_time":"2020-10-28T18:37:47+00:00","og_image":[{"width":640,"height":480,"url":"https:\/\/www.vegaintro-projekti.com\/pilar-stari\/wp-content\/uploads\/2019\/11\/0_3fifi.jpg","type":"image\/jpeg"}],"author":"Boris","twitter_card":"summary_large_image","twitter_misc":{"Napisao\/la":"Boris","Procijenjeno vrijeme \u010ditanja":"4 minute"},"schema":{"@context":"https:\/\/schema.org","@graph":[{"@type":"WebPage","@id":"https:\/\/www.vegaintro-projekti.com\/pilar-stari\/2019\/11\/22-skup-vukovar-91-28-godina-poslije-suvremene-migracije-u-republici-hrvatskoj-vukovar-12-13-11-2019\/","url":"https:\/\/www.vegaintro-projekti.com\/pilar-stari\/2019\/11\/22-skup-vukovar-91-28-godina-poslije-suvremene-migracije-u-republici-hrvatskoj-vukovar-12-13-11-2019\/","name":"22. skup \u201cVukovar \u00b491. - 28 godina poslije\u201d: SUVREMENE MIGRACIJE U REPUBLICI HRVATSKOJ; Vukovar, 12.-13. 11. 2019. - Institut dru&scaron;tvenih znanosti Ivo Pilar","isPartOf":{"@id":"https:\/\/www.vegaintro-projekti.com\/pilar-stari\/#website"},"datePublished":"2019-11-15T18:22:43+00:00","dateModified":"2020-10-28T18:37:47+00:00","author":{"@id":"https:\/\/www.vegaintro-projekti.com\/pilar-stari\/#\/schema\/person\/ddd404c9f1e15e4ffef5986ac6a5d28b"},"breadcrumb":{"@id":"https:\/\/www.vegaintro-projekti.com\/pilar-stari\/2019\/11\/22-skup-vukovar-91-28-godina-poslije-suvremene-migracije-u-republici-hrvatskoj-vukovar-12-13-11-2019\/#breadcrumb"},"inLanguage":"hr","potentialAction":[{"@type":"ReadAction","target":["https:\/\/www.vegaintro-projekti.com\/pilar-stari\/2019\/11\/22-skup-vukovar-91-28-godina-poslije-suvremene-migracije-u-republici-hrvatskoj-vukovar-12-13-11-2019\/"]}]},{"@type":"BreadcrumbList","@id":"https:\/\/www.vegaintro-projekti.com\/pilar-stari\/2019\/11\/22-skup-vukovar-91-28-godina-poslije-suvremene-migracije-u-republici-hrvatskoj-vukovar-12-13-11-2019\/#breadcrumb","itemListElement":[{"@type":"ListItem","position":1,"name":"Home","item":"https:\/\/www.vegaintro-projekti.com\/pilar-stari\/"},{"@type":"ListItem","position":2,"name":"22. skup \u201cVukovar \u00b491. &#8211; 28 godina poslije\u201d: SUVREMENE MIGRACIJE U REPUBLICI HRVATSKOJ; Vukovar, 12.-13. 11. 2019."}]},{"@type":"WebSite","@id":"https:\/\/www.vegaintro-projekti.com\/pilar-stari\/#website","url":"https:\/\/www.vegaintro-projekti.com\/pilar-stari\/","name":"Institut dru&scaron;tvenih znanosti Ivo Pilar","description":"Pilar","potentialAction":[{"@type":"SearchAction","target":{"@type":"EntryPoint","urlTemplate":"https:\/\/www.vegaintro-projekti.com\/pilar-stari\/?s={search_term_string}"},"query-input":"required name=search_term_string"}],"inLanguage":"hr"},{"@type":"Person","@id":"https:\/\/www.vegaintro-projekti.com\/pilar-stari\/#\/schema\/person\/ddd404c9f1e15e4ffef5986ac6a5d28b","name":"Boris","image":{"@type":"ImageObject","inLanguage":"hr","@id":"https:\/\/www.vegaintro-projekti.com\/pilar-stari\/#\/schema\/person\/image\/","url":"https:\/\/secure.gravatar.com\/avatar\/29557b161a6ce6ab86ac1503164f1e90?s=96&d=mm&r=g","contentUrl":"https:\/\/secure.gravatar.com\/avatar\/29557b161a6ce6ab86ac1503164f1e90?s=96&d=mm&r=g","caption":"Boris"},"url":"https:\/\/www.vegaintro-projekti.com\/pilar-stari\/author\/boris\/"}]}},"_links":{"self":[{"href":"https:\/\/www.vegaintro-projekti.com\/pilar-stari\/wp-json\/wp\/v2\/posts\/14254"}],"collection":[{"href":"https:\/\/www.vegaintro-projekti.com\/pilar-stari\/wp-json\/wp\/v2\/posts"}],"about":[{"href":"https:\/\/www.vegaintro-projekti.com\/pilar-stari\/wp-json\/wp\/v2\/types\/post"}],"author":[{"embeddable":true,"href":"https:\/\/www.vegaintro-projekti.com\/pilar-stari\/wp-json\/wp\/v2\/users\/7"}],"replies":[{"embeddable":true,"href":"https:\/\/www.vegaintro-projekti.com\/pilar-stari\/wp-json\/wp\/v2\/comments?post=14254"}],"version-history":[{"count":6,"href":"https:\/\/www.vegaintro-projekti.com\/pilar-stari\/wp-json\/wp\/v2\/posts\/14254\/revisions"}],"predecessor-version":[{"id":14400,"href":"https:\/\/www.vegaintro-projekti.com\/pilar-stari\/wp-json\/wp\/v2\/posts\/14254\/revisions\/14400"}],"wp:featuredmedia":[{"embeddable":true,"href":"https:\/\/www.vegaintro-projekti.com\/pilar-stari\/wp-json\/wp\/v2\/media\/14470"}],"wp:attachment":[{"href":"https:\/\/www.vegaintro-projekti.com\/pilar-stari\/wp-json\/wp\/v2\/media?parent=14254"}],"wp:term":[{"taxonomy":"category","embeddable":true,"href":"https:\/\/www.vegaintro-projekti.com\/pilar-stari\/wp-json\/wp\/v2\/categories?post=14254"},{"taxonomy":"post_tag","embeddable":true,"href":"https:\/\/www.vegaintro-projekti.com\/pilar-stari\/wp-json\/wp\/v2\/tags?post=14254"}],"curies":[{"name":"wp","href":"https:\/\/api.w.org\/{rel}","templated":true}]}}