{"id":14301,"date":"2019-11-05T22:32:28","date_gmt":"2019-11-05T22:32:28","guid":{"rendered":"https:\/\/www.vegaintro-projekti.com\/pilar-stari\/?p=14301"},"modified":"2020-10-28T18:38:00","modified_gmt":"2020-10-28T18:38:00","slug":"talking-europe-ii-treca-panel-rasprava-remigracije-i-kruzne-migracije-kao-kohezijska-strategija-11-11-2019","status":"publish","type":"post","link":"https:\/\/www.vegaintro-projekti.com\/pilar-stari\/2019\/11\/talking-europe-ii-treca-panel-rasprava-remigracije-i-kruzne-migracije-kao-kohezijska-strategija-11-11-2019\/","title":{"rendered":"Talking Europe II: Tre\u0107a panel rasprava &#8220;Remigracije i kru\u017ene migracije kao kohezijska strategija&#8221;, 11. 11. 2019."},"content":{"rendered":"<p><strong>Dana 11. studenoga 2019. odr\u017eana je 3. panel rasprava u okviru ciklusa Talking Europe II 2019.-2020. pod nazivom \u201eRemigracije i kru\u017ene migracije kao kohezijska strategija\u201c u dvorani Hrvatske matice iseljenika. Organizatori panel rasprave bili su Institut dru\u0161tvenih znanosti Ivo Pilar, Zaklada-Konrad-Adenauer u Zagrebu, Institut za razvoj i me\u0111unarodne odnose i Veleposlanstvo Irske u Hrvatskoj.<\/strong> \u2212 <a href=\"https:\/\/www.vegaintro-projekti.com\/pilar-stari\/wp-content\/uploads\/2019\/11\/Programme_TE_11-11-2019.pdf\">Program<\/a><\/p>\n<p><a href=\"https:\/\/www.vegaintro-projekti.com\/pilar-stari\/wp-content\/uploads\/2019\/11\/Programme_TE_11-11-2019.pdf\"><img decoding=\"async\" src=\"https:\/\/www.vegaintro-projekti.com\/pilar-stari\/wp-content\/uploads\/2019\/11\/Logo.jpg\"><\/a><\/p>\n<p><a href=\"https:\/\/www.vegaintro-projekti.com\/pilar-stari\/wp-content\/uploads\/2019\/11\/1-2.jpg\"><img decoding=\"async\" loading=\"lazy\" class=\"alignnone wp-image-14443 size-full\" src=\"https:\/\/www.vegaintro-projekti.com\/pilar-stari\/wp-content\/uploads\/2019\/11\/1_s-2.jpg\" alt=\"\" width=\"310\" height=\"207\" srcset=\"https:\/\/www.vegaintro-projekti.com\/pilar-stari\/wp-content\/uploads\/2019\/11\/1_s-2.jpg 310w, https:\/\/www.vegaintro-projekti.com\/pilar-stari\/wp-content\/uploads\/2019\/11\/1_s-2-300x200.jpg 300w\" sizes=\"(max-width: 310px) 100vw, 310px\" \/><\/a><a href=\"https:\/\/www.vegaintro-projekti.com\/pilar-stari\/wp-content\/uploads\/2019\/11\/2-2.jpg\"><img decoding=\"async\" loading=\"lazy\" class=\"alignnone wp-image-14445 size-full\" src=\"https:\/\/www.vegaintro-projekti.com\/pilar-stari\/wp-content\/uploads\/2019\/11\/2_s-1.jpg\" alt=\"\" width=\"310\" height=\"207\" srcset=\"https:\/\/www.vegaintro-projekti.com\/pilar-stari\/wp-content\/uploads\/2019\/11\/2_s-1.jpg 310w, https:\/\/www.vegaintro-projekti.com\/pilar-stari\/wp-content\/uploads\/2019\/11\/2_s-1-300x200.jpg 300w\" sizes=\"(max-width: 310px) 100vw, 310px\" \/><\/a><a href=\"https:\/\/www.vegaintro-projekti.com\/pilar-stari\/wp-content\/uploads\/2019\/11\/3-2.jpg\"><img decoding=\"async\" loading=\"lazy\" class=\"alignnone wp-image-14447 size-full\" src=\"https:\/\/www.vegaintro-projekti.com\/pilar-stari\/wp-content\/uploads\/2019\/11\/3_s-2.jpg\" alt=\"\" width=\"620\" height=\"353\" srcset=\"https:\/\/www.vegaintro-projekti.com\/pilar-stari\/wp-content\/uploads\/2019\/11\/3_s-2.jpg 620w, https:\/\/www.vegaintro-projekti.com\/pilar-stari\/wp-content\/uploads\/2019\/11\/3_s-2-300x171.jpg 300w\" sizes=\"(max-width: 620px) 100vw, 620px\" \/><\/a><a href=\"https:\/\/www.vegaintro-projekti.com\/pilar-stari\/wp-content\/uploads\/2019\/11\/4-1.jpg\"><img decoding=\"async\" loading=\"lazy\" class=\"alignnone wp-image-14449 size-full\" src=\"https:\/\/www.vegaintro-projekti.com\/pilar-stari\/wp-content\/uploads\/2019\/11\/4_s-1.jpg\" alt=\"\" width=\"310\" height=\"207\" srcset=\"https:\/\/www.vegaintro-projekti.com\/pilar-stari\/wp-content\/uploads\/2019\/11\/4_s-1.jpg 310w, https:\/\/www.vegaintro-projekti.com\/pilar-stari\/wp-content\/uploads\/2019\/11\/4_s-1-300x200.jpg 300w\" sizes=\"(max-width: 310px) 100vw, 310px\" \/><\/a><a href=\"https:\/\/www.vegaintro-projekti.com\/pilar-stari\/wp-content\/uploads\/2019\/11\/5-1.jpg\"><img decoding=\"async\" loading=\"lazy\" class=\"alignnone wp-image-14451 size-full\" src=\"https:\/\/www.vegaintro-projekti.com\/pilar-stari\/wp-content\/uploads\/2019\/11\/5_s-1.jpg\" alt=\"\" width=\"310\" height=\"207\" srcset=\"https:\/\/www.vegaintro-projekti.com\/pilar-stari\/wp-content\/uploads\/2019\/11\/5_s-1.jpg 310w, https:\/\/www.vegaintro-projekti.com\/pilar-stari\/wp-content\/uploads\/2019\/11\/5_s-1-300x200.jpg 300w\" sizes=\"(max-width: 310px) 100vw, 310px\" \/><\/a><a href=\"https:\/\/www.vegaintro-projekti.com\/pilar-stari\/wp-content\/uploads\/2019\/11\/6.jpg\"><img decoding=\"async\" loading=\"lazy\" class=\"alignnone wp-image-14453 size-full\" src=\"https:\/\/www.vegaintro-projekti.com\/pilar-stari\/wp-content\/uploads\/2019\/11\/6_s.jpg\" alt=\"\" width=\"620\" height=\"413\" srcset=\"https:\/\/www.vegaintro-projekti.com\/pilar-stari\/wp-content\/uploads\/2019\/11\/6_s.jpg 620w, https:\/\/www.vegaintro-projekti.com\/pilar-stari\/wp-content\/uploads\/2019\/11\/6_s-300x200.jpg 300w\" sizes=\"(max-width: 620px) 100vw, 620px\" \/><\/a><\/p>\n<p>&#8211; <a href=\"https:\/\/www.vegaintro-projekti.com\/pilar-stari\/wp-content\/uploads\/2019\/11\/Programme_TE_11-11-2019.pdf\">Program panel rasprave \u201cRe- and circular migration as cohesion strategy\u201d; Zagreb, 11. studenoga 2019.<\/a><\/p>\n<p>Uvodno izlaganje odr\u017eao je dr. Martin Russell s UCD Clinton Instituta u Dublinu, koji je govorio o irskoj strategiji vezanoj za dijasporu. Sudionici panela bili su: Croatiana Ore\u0161kovi\u0107, specijalna savjetnica za hrvatsku dijasporu, Sredi\u0161nji dr\u017eavni ured za Hrvate u inozemstvu, Zagreb, Alida Vra\u010di\u0107, suradnica na programu Europe\u2019s Futures Instituta za humanisti\u010dke znanosti (IWM) i Zaklade ERSTE, Be\u010d, i dr. Remus Gabriel Anghel, Rumunjski institut za istra\u017eivanje nacionalnih pitanja, Cluj-Napoca. Dr. Caroline Hornstein Tomi\u0107, znanstvena savjetnica u Institutu dru\u0161tvenih znanosti Ivo Pilar, moderirala je \u017eivu i kontroverznu debatu. Panel rasprava predstavlja nastavak ciklusa doga\u0111anja koji za cilj imaju poticanje javne rasprave o sada\u0161njim izazovima i budu\u0107oj perspektivi Europske unije ususret skora\u0161njem hrvatskom predsjedanju Vije\u0107em Europske unije. Talking Europe je uspje\u0161no uspostavljen format javnih predavanja i rasprava koje je Institut dru\u0161tvenih znanosti Ivo Pilar ve\u0107 organizirao zajedno sa Zakladom Konrad Adenauer u razdoblju od 2010. do 2012. prije ulaska Hrvatske u Europsku uniju. Inicijatorica i voditeljica Talking Europe je doc. dr. sc. Caroline Hornstein Tomi\u0107, znanstvena savjetnica iz Instituta dru\u0161tvenih znanosti Ivo Pilar.<br \/>\n&#8211; <a href=\"https:\/\/youtu.be\/rb2J5l1OrQg\">https:\/\/youtu.be\/rb2J5l1OrQg<\/a>.<\/p>\n<p>Panel rasprava poslu\u017eila je kao uvod u konferenciju \u201ePovratni\u0161tvo i gospodarski razvoj&#8221;, koja se odr\u017eala sljede\u0107eg dana, 12. studenoga 2019. tako\u0111er u dvorani Hrvatske matice iseljenika. Organizatori su bili Zaklada-Konrad-Adenauer, Znanstveni zavod Hrvatskih studija Sveu\u010dili\u0161ta u Zagrebu, Institut za migracije i narodnosti, Institut dru\u0161tvenih znanosti Ivo Pilar i Hrvatska matica iseljenika. Inicijatorice i voditeljice konferencije bile su dr. sc. Katica Jur\u010devi\u0107, predstojnica Znanstvenog zavoda hrvatskih studija, doc. dr. sc. Marina Peri\u0107 Ka\u0161elj, ravnateljica IMIN-a i doc. dr. sc. Caroline Hornstein Tomi\u0107. Cilj konferencije bio je pobli\u017ee razmotriti pitanje povratni\u0161tva i gospodarskog razvoja u RH, predstaviti mogu\u0107nosti i potrebe za \u0161to boljim uklju\u010divanjem povratnika i potomaka hrvatskog iseljeni\u0161tva u dru\u0161tveno-politi\u010dki, gospodarski i demografski razvoj Republike Hrvatske te razmotriti i druga me\u0111unarodna iskustva dijasporskih zajednica u Europi i svijetu.<\/p>\n<p>Nakon plenarnih izlaga\u010da dr. sc. Remusa Gabriela Anghela, prof. dr. sc. Mladena Vedri\u0161a, doc. dr. sc. Caroline Hornstein Tomi\u0107, Ivice Jaki\u0107a i Ivana Pite\u0161e uslijedila su tri panela: hrvatski iseljeni\u010dki potencijal, Hrvati-povratnici: izazovi i perspektive te doktorski panel. Raspravljalo se o gospodarskim potencijalima Hrvata iz Slovenije, Australije, Sjeverne Amerike te Zapadne Europe kao i integracijskim procesima poglavito potomaka hrvatskih iseljenika iz Australije i Ju\u017ene Amerike. U panelu doktoranada predstavljene su doktorske disertacije u kojima se obra\u0111uju pitanja hrvatske dijaspore u Italiji, SAD-u, Australiji, Argentini od tema dostupnih arhivskih izvora do pitanja ulaganja i investiranja te povratni\u010dkih migracija.<br \/>\n&#8211; <a href=\"https:\/\/youtu.be\/7v3iiZ_G2uw\">https:\/\/youtu.be\/7v3iiZ_G2uw<\/a>.<\/p>\n<p><img decoding=\"async\" loading=\"lazy\" class=\"alignnone wp-image-14298 size-full\" src=\"https:\/\/www.vegaintro-projekti.com\/pilar-stari\/wp-content\/uploads\/2019\/11\/Talking_II-poster.jpg\" alt=\"\" width=\"620\" height=\"1240\" srcset=\"https:\/\/www.vegaintro-projekti.com\/pilar-stari\/wp-content\/uploads\/2019\/11\/Talking_II-poster.jpg 620w, https:\/\/www.vegaintro-projekti.com\/pilar-stari\/wp-content\/uploads\/2019\/11\/Talking_II-poster-150x300.jpg 150w, https:\/\/www.vegaintro-projekti.com\/pilar-stari\/wp-content\/uploads\/2019\/11\/Talking_II-poster-512x1024.jpg 512w\" sizes=\"(max-width: 620px) 100vw, 620px\" \/><\/p>\n<blockquote><p><a href=\"https:\/\/www.vegaintro-projekti.com\/pilar-stari\/2019\/03\/talking-europe-ii-novi-ciklus-konferencija-javnih-predavanja-i-panel-rasprava-instituta-pilar-3-4-2019\/\">TALKING EUROPE II: Novi ciklus konferencija, javnih predavanja i panel rasprava<\/a><\/p><\/blockquote>\n","protected":false},"excerpt":{"rendered":"<p>Dana 11. studenoga 2019. odr\u017eana je 3. panel rasprava u okviru ciklusa Talking Europe II 2019.-2020. pod nazivom \u201eRemigracije i kru\u017ene migracije kao kohezijska strategija\u201c u dvorani Hrvatske matice iseljenika. Organizatori panel rasprave bili su Institut dru\u0161tvenih znanosti Ivo Pilar, Zaklada-Konrad-Adenauer u Zagrebu, Institut za razvoj i me\u0111unarodne odnose i Veleposlanstvo Irske u Hrvatskoj. \u2212&hellip; <a class=\"continue\" href=\"https:\/\/www.vegaintro-projekti.com\/pilar-stari\/2019\/11\/talking-europe-ii-treca-panel-rasprava-remigracije-i-kruzne-migracije-kao-kohezijska-strategija-11-11-2019\/\">Pro\u010ditaj vi\u0161e o<span> Talking Europe II: Tre\u0107a panel rasprava &#8220;Remigracije i kru\u017ene migracije kao kohezijska strategija&#8221;, 11. 11. 2019.<\/span><\/a><\/p>\n","protected":false},"author":7,"featured_media":14447,"comment_status":"closed","ping_status":"closed","sticky":false,"template":"","format":"standard","meta":{"inline_featured_image":false,"ngg_post_thumbnail":0,"footnotes":""},"categories":[48,11],"tags":[],"yoast_head":"<!-- This site is optimized with the Yoast SEO plugin v21.2 - https:\/\/yoast.com\/wordpress\/plugins\/seo\/ -->\n<title>Talking Europe II: Tre\u0107a panel rasprava &quot;Remigracije i kru\u017ene migracije kao kohezijska strategija&quot;, 11. 11. 2019. - Institut dru&scaron;tvenih znanosti Ivo Pilar<\/title>\n<meta name=\"robots\" content=\"noindex, follow, max-snippet:-1, max-image-preview:large, max-video-preview:-1\" \/>\n<meta property=\"og:locale\" content=\"hr_HR\" \/>\n<meta property=\"og:type\" content=\"article\" \/>\n<meta property=\"og:title\" content=\"Talking Europe II: Tre\u0107a panel rasprava &quot;Remigracije i kru\u017ene migracije kao kohezijska strategija&quot;, 11. 11. 2019. - Institut dru&scaron;tvenih znanosti Ivo Pilar\" \/>\n<meta property=\"og:description\" content=\"Dana 11. studenoga 2019. odr\u017eana je 3. panel rasprava u okviru ciklusa Talking Europe II 2019.-2020. pod nazivom \u201eRemigracije i kru\u017ene migracije kao kohezijska strategija\u201c u dvorani Hrvatske matice iseljenika. Organizatori panel rasprave bili su Institut dru\u0161tvenih znanosti Ivo Pilar, Zaklada-Konrad-Adenauer u Zagrebu, Institut za razvoj i me\u0111unarodne odnose i Veleposlanstvo Irske u Hrvatskoj. \u2212&hellip; Pro\u010ditaj vi\u0161e o Talking Europe II: Tre\u0107a panel rasprava &#8220;Remigracije i kru\u017ene migracije kao kohezijska strategija&#8221;, 11. 11. 2019.\" \/>\n<meta property=\"og:url\" content=\"https:\/\/www.vegaintro-projekti.com\/pilar-stari\/2019\/11\/talking-europe-ii-treca-panel-rasprava-remigracije-i-kruzne-migracije-kao-kohezijska-strategija-11-11-2019\/\" \/>\n<meta property=\"og:site_name\" content=\"Institut dru&scaron;tvenih znanosti Ivo Pilar\" \/>\n<meta property=\"article:published_time\" content=\"2019-11-05T22:32:28+00:00\" \/>\n<meta property=\"article:modified_time\" content=\"2020-10-28T18:38:00+00:00\" \/>\n<meta property=\"og:image\" content=\"https:\/\/www.vegaintro-projekti.com\/pilar-stari\/wp-content\/uploads\/2019\/11\/3_s-2.jpg\" \/>\n\t<meta property=\"og:image:width\" content=\"620\" \/>\n\t<meta property=\"og:image:height\" content=\"353\" \/>\n\t<meta property=\"og:image:type\" content=\"image\/jpeg\" \/>\n<meta name=\"author\" content=\"Boris\" \/>\n<meta name=\"twitter:card\" content=\"summary_large_image\" \/>\n<meta name=\"twitter:label1\" content=\"Napisao\/la\" \/>\n\t<meta name=\"twitter:data1\" content=\"Boris\" \/>\n\t<meta name=\"twitter:label2\" content=\"Procijenjeno vrijeme \u010ditanja\" \/>\n\t<meta name=\"twitter:data2\" content=\"3 minute\" \/>\n<script type=\"application\/ld+json\" class=\"yoast-schema-graph\">{\"@context\":\"https:\/\/schema.org\",\"@graph\":[{\"@type\":\"WebPage\",\"@id\":\"https:\/\/www.vegaintro-projekti.com\/pilar-stari\/2019\/11\/talking-europe-ii-treca-panel-rasprava-remigracije-i-kruzne-migracije-kao-kohezijska-strategija-11-11-2019\/\",\"url\":\"https:\/\/www.vegaintro-projekti.com\/pilar-stari\/2019\/11\/talking-europe-ii-treca-panel-rasprava-remigracije-i-kruzne-migracije-kao-kohezijska-strategija-11-11-2019\/\",\"name\":\"Talking Europe II: Tre\u0107a panel rasprava \\\"Remigracije i kru\u017ene migracije kao kohezijska strategija\\\", 11. 11. 2019. - Institut dru&scaron;tvenih znanosti Ivo Pilar\",\"isPartOf\":{\"@id\":\"https:\/\/www.vegaintro-projekti.com\/pilar-stari\/#website\"},\"datePublished\":\"2019-11-05T22:32:28+00:00\",\"dateModified\":\"2020-10-28T18:38:00+00:00\",\"author\":{\"@id\":\"https:\/\/www.vegaintro-projekti.com\/pilar-stari\/#\/schema\/person\/ddd404c9f1e15e4ffef5986ac6a5d28b\"},\"breadcrumb\":{\"@id\":\"https:\/\/www.vegaintro-projekti.com\/pilar-stari\/2019\/11\/talking-europe-ii-treca-panel-rasprava-remigracije-i-kruzne-migracije-kao-kohezijska-strategija-11-11-2019\/#breadcrumb\"},\"inLanguage\":\"hr\",\"potentialAction\":[{\"@type\":\"ReadAction\",\"target\":[\"https:\/\/www.vegaintro-projekti.com\/pilar-stari\/2019\/11\/talking-europe-ii-treca-panel-rasprava-remigracije-i-kruzne-migracije-kao-kohezijska-strategija-11-11-2019\/\"]}]},{\"@type\":\"BreadcrumbList\",\"@id\":\"https:\/\/www.vegaintro-projekti.com\/pilar-stari\/2019\/11\/talking-europe-ii-treca-panel-rasprava-remigracije-i-kruzne-migracije-kao-kohezijska-strategija-11-11-2019\/#breadcrumb\",\"itemListElement\":[{\"@type\":\"ListItem\",\"position\":1,\"name\":\"Home\",\"item\":\"https:\/\/www.vegaintro-projekti.com\/pilar-stari\/\"},{\"@type\":\"ListItem\",\"position\":2,\"name\":\"Talking Europe II: Tre\u0107a panel rasprava &#8220;Remigracije i kru\u017ene migracije kao kohezijska strategija&#8221;, 11. 11. 2019.\"}]},{\"@type\":\"WebSite\",\"@id\":\"https:\/\/www.vegaintro-projekti.com\/pilar-stari\/#website\",\"url\":\"https:\/\/www.vegaintro-projekti.com\/pilar-stari\/\",\"name\":\"Institut dru&scaron;tvenih znanosti Ivo Pilar\",\"description\":\"Pilar\",\"potentialAction\":[{\"@type\":\"SearchAction\",\"target\":{\"@type\":\"EntryPoint\",\"urlTemplate\":\"https:\/\/www.vegaintro-projekti.com\/pilar-stari\/?s={search_term_string}\"},\"query-input\":\"required name=search_term_string\"}],\"inLanguage\":\"hr\"},{\"@type\":\"Person\",\"@id\":\"https:\/\/www.vegaintro-projekti.com\/pilar-stari\/#\/schema\/person\/ddd404c9f1e15e4ffef5986ac6a5d28b\",\"name\":\"Boris\",\"image\":{\"@type\":\"ImageObject\",\"inLanguage\":\"hr\",\"@id\":\"https:\/\/www.vegaintro-projekti.com\/pilar-stari\/#\/schema\/person\/image\/\",\"url\":\"https:\/\/secure.gravatar.com\/avatar\/29557b161a6ce6ab86ac1503164f1e90?s=96&d=mm&r=g\",\"contentUrl\":\"https:\/\/secure.gravatar.com\/avatar\/29557b161a6ce6ab86ac1503164f1e90?s=96&d=mm&r=g\",\"caption\":\"Boris\"},\"url\":\"https:\/\/www.vegaintro-projekti.com\/pilar-stari\/author\/boris\/\"}]}<\/script>\n<!-- \/ Yoast SEO plugin. -->","yoast_head_json":{"title":"Talking Europe II: Tre\u0107a panel rasprava \"Remigracije i kru\u017ene migracije kao kohezijska strategija\", 11. 11. 2019. - Institut dru&scaron;tvenih znanosti Ivo Pilar","robots":{"index":"noindex","follow":"follow","max-snippet":"max-snippet:-1","max-image-preview":"max-image-preview:large","max-video-preview":"max-video-preview:-1"},"og_locale":"hr_HR","og_type":"article","og_title":"Talking Europe II: Tre\u0107a panel rasprava \"Remigracije i kru\u017ene migracije kao kohezijska strategija\", 11. 11. 2019. - Institut dru&scaron;tvenih znanosti Ivo Pilar","og_description":"Dana 11. studenoga 2019. odr\u017eana je 3. panel rasprava u okviru ciklusa Talking Europe II 2019.-2020. pod nazivom \u201eRemigracije i kru\u017ene migracije kao kohezijska strategija\u201c u dvorani Hrvatske matice iseljenika. Organizatori panel rasprave bili su Institut dru\u0161tvenih znanosti Ivo Pilar, Zaklada-Konrad-Adenauer u Zagrebu, Institut za razvoj i me\u0111unarodne odnose i Veleposlanstvo Irske u Hrvatskoj. \u2212&hellip; Pro\u010ditaj vi\u0161e o Talking Europe II: Tre\u0107a panel rasprava &#8220;Remigracije i kru\u017ene migracije kao kohezijska strategija&#8221;, 11. 11. 2019.","og_url":"https:\/\/www.vegaintro-projekti.com\/pilar-stari\/2019\/11\/talking-europe-ii-treca-panel-rasprava-remigracije-i-kruzne-migracije-kao-kohezijska-strategija-11-11-2019\/","og_site_name":"Institut dru&scaron;tvenih znanosti Ivo Pilar","article_published_time":"2019-11-05T22:32:28+00:00","article_modified_time":"2020-10-28T18:38:00+00:00","og_image":[{"width":620,"height":353,"url":"https:\/\/www.vegaintro-projekti.com\/pilar-stari\/wp-content\/uploads\/2019\/11\/3_s-2.jpg","type":"image\/jpeg"}],"author":"Boris","twitter_card":"summary_large_image","twitter_misc":{"Napisao\/la":"Boris","Procijenjeno vrijeme \u010ditanja":"3 minute"},"schema":{"@context":"https:\/\/schema.org","@graph":[{"@type":"WebPage","@id":"https:\/\/www.vegaintro-projekti.com\/pilar-stari\/2019\/11\/talking-europe-ii-treca-panel-rasprava-remigracije-i-kruzne-migracije-kao-kohezijska-strategija-11-11-2019\/","url":"https:\/\/www.vegaintro-projekti.com\/pilar-stari\/2019\/11\/talking-europe-ii-treca-panel-rasprava-remigracije-i-kruzne-migracije-kao-kohezijska-strategija-11-11-2019\/","name":"Talking Europe II: Tre\u0107a panel rasprava \"Remigracije i kru\u017ene migracije kao kohezijska strategija\", 11. 11. 2019. - Institut dru&scaron;tvenih znanosti Ivo Pilar","isPartOf":{"@id":"https:\/\/www.vegaintro-projekti.com\/pilar-stari\/#website"},"datePublished":"2019-11-05T22:32:28+00:00","dateModified":"2020-10-28T18:38:00+00:00","author":{"@id":"https:\/\/www.vegaintro-projekti.com\/pilar-stari\/#\/schema\/person\/ddd404c9f1e15e4ffef5986ac6a5d28b"},"breadcrumb":{"@id":"https:\/\/www.vegaintro-projekti.com\/pilar-stari\/2019\/11\/talking-europe-ii-treca-panel-rasprava-remigracije-i-kruzne-migracije-kao-kohezijska-strategija-11-11-2019\/#breadcrumb"},"inLanguage":"hr","potentialAction":[{"@type":"ReadAction","target":["https:\/\/www.vegaintro-projekti.com\/pilar-stari\/2019\/11\/talking-europe-ii-treca-panel-rasprava-remigracije-i-kruzne-migracije-kao-kohezijska-strategija-11-11-2019\/"]}]},{"@type":"BreadcrumbList","@id":"https:\/\/www.vegaintro-projekti.com\/pilar-stari\/2019\/11\/talking-europe-ii-treca-panel-rasprava-remigracije-i-kruzne-migracije-kao-kohezijska-strategija-11-11-2019\/#breadcrumb","itemListElement":[{"@type":"ListItem","position":1,"name":"Home","item":"https:\/\/www.vegaintro-projekti.com\/pilar-stari\/"},{"@type":"ListItem","position":2,"name":"Talking Europe II: Tre\u0107a panel rasprava &#8220;Remigracije i kru\u017ene migracije kao kohezijska strategija&#8221;, 11. 11. 2019."}]},{"@type":"WebSite","@id":"https:\/\/www.vegaintro-projekti.com\/pilar-stari\/#website","url":"https:\/\/www.vegaintro-projekti.com\/pilar-stari\/","name":"Institut dru&scaron;tvenih znanosti Ivo Pilar","description":"Pilar","potentialAction":[{"@type":"SearchAction","target":{"@type":"EntryPoint","urlTemplate":"https:\/\/www.vegaintro-projekti.com\/pilar-stari\/?s={search_term_string}"},"query-input":"required name=search_term_string"}],"inLanguage":"hr"},{"@type":"Person","@id":"https:\/\/www.vegaintro-projekti.com\/pilar-stari\/#\/schema\/person\/ddd404c9f1e15e4ffef5986ac6a5d28b","name":"Boris","image":{"@type":"ImageObject","inLanguage":"hr","@id":"https:\/\/www.vegaintro-projekti.com\/pilar-stari\/#\/schema\/person\/image\/","url":"https:\/\/secure.gravatar.com\/avatar\/29557b161a6ce6ab86ac1503164f1e90?s=96&d=mm&r=g","contentUrl":"https:\/\/secure.gravatar.com\/avatar\/29557b161a6ce6ab86ac1503164f1e90?s=96&d=mm&r=g","caption":"Boris"},"url":"https:\/\/www.vegaintro-projekti.com\/pilar-stari\/author\/boris\/"}]}},"_links":{"self":[{"href":"https:\/\/www.vegaintro-projekti.com\/pilar-stari\/wp-json\/wp\/v2\/posts\/14301"}],"collection":[{"href":"https:\/\/www.vegaintro-projekti.com\/pilar-stari\/wp-json\/wp\/v2\/posts"}],"about":[{"href":"https:\/\/www.vegaintro-projekti.com\/pilar-stari\/wp-json\/wp\/v2\/types\/post"}],"author":[{"embeddable":true,"href":"https:\/\/www.vegaintro-projekti.com\/pilar-stari\/wp-json\/wp\/v2\/users\/7"}],"replies":[{"embeddable":true,"href":"https:\/\/www.vegaintro-projekti.com\/pilar-stari\/wp-json\/wp\/v2\/comments?post=14301"}],"version-history":[{"count":9,"href":"https:\/\/www.vegaintro-projekti.com\/pilar-stari\/wp-json\/wp\/v2\/posts\/14301\/revisions"}],"predecessor-version":[{"id":14457,"href":"https:\/\/www.vegaintro-projekti.com\/pilar-stari\/wp-json\/wp\/v2\/posts\/14301\/revisions\/14457"}],"wp:featuredmedia":[{"embeddable":true,"href":"https:\/\/www.vegaintro-projekti.com\/pilar-stari\/wp-json\/wp\/v2\/media\/14447"}],"wp:attachment":[{"href":"https:\/\/www.vegaintro-projekti.com\/pilar-stari\/wp-json\/wp\/v2\/media?parent=14301"}],"wp:term":[{"taxonomy":"category","embeddable":true,"href":"https:\/\/www.vegaintro-projekti.com\/pilar-stari\/wp-json\/wp\/v2\/categories?post=14301"},{"taxonomy":"post_tag","embeddable":true,"href":"https:\/\/www.vegaintro-projekti.com\/pilar-stari\/wp-json\/wp\/v2\/tags?post=14301"}],"curies":[{"name":"wp","href":"https:\/\/api.w.org\/{rel}","templated":true}]}}