{"id":149,"date":"2008-10-31T11:31:53","date_gmt":"2008-10-31T11:31:53","guid":{"rendered":"https:\/\/www.vegaintro-projekti.com\/pilar-stari\/2008\/10\/31\/podruni-centar-split\/"},"modified":"2018-12-18T17:15:40","modified_gmt":"2018-12-18T17:15:40","slug":"podruni-centar-split","status":"publish","type":"post","link":"https:\/\/www.vegaintro-projekti.com\/pilar-stari\/2008\/10\/podruni-centar-split\/","title":{"rendered":"podru\u010dni centar split"},"content":{"rendered":"<p><a href=\"#naziv\">Naziv<\/a>&nbsp;\u25cf&nbsp;<a href=\"#sjediste\">Sjedi\u0161te<\/a>&nbsp;\u25cf&nbsp;<a href=\"#voditelj\">Voditelj<\/a>&nbsp;\u25cf&nbsp;<a href=\"#osnutak\">Osnutak<\/a>&nbsp;\u25cf&nbsp;<a href=\"#djelatnici\">Djelatnici<\/a>&nbsp;\u25cf&nbsp;<a href=\"#djelatnost\">Djelatnost<\/a>&nbsp;\u25cf&nbsp;<a href=\"#projekti\">Projekti<\/a>&nbsp;\u25cf&nbsp;<a href=\"#bibliografija\">Bibliografija<\/a>&nbsp;\u25cf&nbsp;<a href=\"#skupovi\">Skupovi<\/a>&nbsp;\u25cf&nbsp;<a href=\"#novosti\">Novosti<\/a><\/p>\n<p><a name=\"naziv\"><\/a>&nbsp;<br \/>\n<span style=\"font-size: 12pt;\">Naziv<br \/>\n<\/span><br \/>\n<strong>Institut dru\u0161tvenih znanosti Ivo Pilar \u2013 Centar Split \/ Institute of Social Sciences Ivo Pilar \u2013 Centre Split<\/strong><\/p>\n<p><a name=\"sjediste\"><\/a>&nbsp;<br \/>\n<span style=\"font-size: 12pt;\">Sjedi\u0161te<\/span><\/p>\n<p>Poljana kraljice Jelene 1\/1<br \/>\n21000 Split<br \/>\nTel.: + 385 21 314 360<br \/>\nFaks: + 385 21 344 154<br \/>\nE-mail:&nbsp;<a href=\"mailto:Sasa.Mrduljas@vegaintro-projekti.com\/pilar-stari\">Sasa.Mrduljas@vegaintro-projekti.com\/pilar-stari<\/a><span style=\"color: #333333;\"><br \/>\n<\/span><br \/>\n<a name=\"voditelj\"><\/a>&nbsp;<br \/>\n<span style=\"font-size: 12pt;\">Voditelj<\/span><br \/>\nDr. sc. Sa\u0161a Mrdulja\u0161<\/p>\n<p><span style=\"font-size: 12pt;\">Osnutak<\/span><\/p>\n<p><strong>24. o\u017eujka 1992.<\/strong><br \/>\n<a name=\"djelatnici\"><\/a>&nbsp;<br \/>\n<span style=\"font-size: 12pt;\">Djelatnici<\/span><\/p>\n<p>1.&nbsp;dr. sc. Jadranka Rebeka Ani\u0107, vi\u0161a znanstvena suradnica (teologija)<br \/>\n2. Augustin Derado, VSS, stru\u010dni suradnik<br \/>\n3.&nbsp;dr. sc. Neven Duvnjak, znanstveni suradnik (sociologija)<br \/>\n4.&nbsp;dr. sc. Sa\u0161a Mrdulja\u0161, vi\u0161i znanstveni suradnik (politologija)<br \/>\n5.&nbsp;prof. Ivica Sokol, VSS, stru\u010dni savjetnik<br \/>\n6. dr. sc. Inga Tomi\u0107-Koludrovi\u0107, znanstvena savjetnica<\/p>\n<p><a name=\"djelatnost\"><\/a>&nbsp;<br \/>\n<span style=\"font-size: 12pt;\">Djelatnost<\/span><\/p>\n<p>Institut dru\u0161tvenih znanosti Ivo Pilar osnivanjem je regionalnog Centra Split iskazao trajni interes za regionalni razvoj Hrvatske, za njenu jadransku orijentaciju i mediteransko obilje\u017eje. Sukladno tome, predvi\u0111eno je da jedna od glavnih djelatnosti splitskog centra bude usmjerena prema istra\u017eivanju predmeta od regionalnog zna\u010daja. Onih koje se odnose na Split te na dalmatinsko priobalje, oto\u010dje i zale\u0111e. Jednako tako, obzirom na me\u0111uovisnost Dalmacije i susjedne BiH, djelatnost je centra usmjerena i prema istra\u017eivanju tematika vezanih uz bosansko-hercegova\u010dki prostor. Uz poseban interes prema onim temama koje se ti\u010du hrvatske etni\u010dke komponente u toj zemlji. Pored istaknutog, splitski je centar od svog osnutka sna\u017eno usmjeren prema istra\u017eivanju predmeta s podru\u010dja teologije, sociologije religije, bioetike.<\/p>\n<p><a name=\"projekti\"><\/a>&nbsp;<br \/>\n<span style=\"font-size: 12pt;\">Projekti<\/span><\/p>\n<p>Od osnutka splitskog centra Instituta Ivo Pilar njegovi su djelatnici bili uklju\u010deni u niz projekata Ministarstva znanosti, obrazovanja i \u0161porta:<\/p>\n<p>&#8211;&nbsp;<strong>Socioreligijska karta Hrvatske<\/strong>;<br \/>\n&#8211;&nbsp;<strong>Religijske zajednice u Hrvatskoj i njihova uloga u integracijskim procesima<\/strong>;<br \/>\n&#8211;&nbsp;<strong>Domovinski rat<\/strong>;<br \/>\n&#8211;&nbsp;<strong>Religijski pluralizam, postmoderni religijski pokret i hrvatski identitet<\/strong>;<br \/>\n&#8211;&nbsp;<strong>Hrvatski identitet i multikulturalnost Mediterana u doba globalizacije;<br \/>\n<\/strong>&#8211;<strong> Life-Strategies and Survival Strategies of Households and Individuals in South-East European Societies in the Times of Crisis (SCOPES);<br \/>\n<\/strong>&#8211;<strong> Relacijski rodni identiteti u Hrvatskoj: modernizacijske i razvojne perspektive (GENMOD IP-2016-06-6010), Hrvatska zaklada za znanost.<\/strong><\/p>\n<p>Tijekom sada\u0161njeg razdoblja glavnina je djelatnika anga\u017eirana na projektu &#8221;Hrvatski identitet i multikulturalnost Mediterana u doba globalizacije&#8221;. &#8211; Voditelj projekta: prof. dr. sc. Mislav Kuko\u010d<\/p>\n<p><em>Sa\u017eetak projekta<\/em><\/p>\n<p>Struktura hrvatskog identiteta, povijesni procesi njegova oblikovanja i sada\u0161nji i budu\u0107i socio-kulturni razvoj kretat \u0107e se izme\u0111u samoodre\u0111enja i integracije u euro-atlantske i globalizacijske procese. Hrvatski nacionalni i socio-kulturni identitet gradi se na trima europskim regionalnim kulturnim tradicijama, te u tome kontekstu sadr\u017ei tri bitne komponente: srednjoeuropsku, mediteransku i ju\u017enoslavensko-balkansku. Projekt ima za cilj istra\u017eiti najmanje poznatu sastavnicu hrvatskog identiteta, a to je mediteranska komponenta. Rije\u010d je o istra\u017eivanju mediteranskih multikulturnih i civilizacijskih obilje\u017eja i posebnosti, te njihove participacije u stvaranju hrvatskog kulturnog i politi\u010dkog identiteta, na jednoj strani, kao i u oblikovanju novog europskog kulturno-civilizacijskog identiteta u globalnom kontekstu, na drugoj strani. Posebna \u0107e se pozornost posvetiti religiji kao jednom od klju\u010dnih odrednica kulturnog identiteta, kako u hrvatskom, tako i u \u0161irem mediteranskom multikulturnom i multireligijskom kontekstu. Uzajamni utjecaji religijskog, kulturnog, nacionalnog i politi\u010dkog \u010dimbenika u mediteranskom okru\u017eju promotrili bi se poglavito u kontekstu sudara tradicijskih i modernizacijsko-globalizacijskih relata. Longitudinalnim istra\u017eivanjem odnosa mediteranskog regionalnog i hrvatskog nacionalnog identiteta kod odre\u0111ene populacije u primorskoj Hrvatskoj te relacije spram pretpostavljenih elemenata europskog identiteta testirat \u0107e se dinamika razvoja hrvatskog identiteta, stupanj i kakvo\u0107a njegove promjene pod utjecajem euroatlantskih i globalizacijskih integracijskih procesa kao i nasuprotnih dezintegrativnih u\u010dinaka globalizacije, kao \u0161to je npr. &#8221;sudar civilizacija&#8221;. Jedan od mogu\u0107ih doprinosa istra\u017eivanja je promotriti mogu\u0107nosti kori\u0161tenja mediteranske sastavnice hrvatskog nacionalnog i kulturnog identiteta u dru\u0161tvenim, gospodarskim, politi\u010dkim i inim promocijama hrvatskog dr\u017eavnog i nacionalnog interesa, kako u kontekstu predstoje\u0107ih euro-atlantskih integracija Hrvatske, tako i u obzorju uspostave razli\u010ditih me\u0111unarodnih odnosa i uzajamnih utjecaja \u0161to ih sa sobom nose uznapredovali procesi globalizacije.<\/p>\n<p><a name=\"bibliografija\"><\/a>&nbsp;<br \/>\n<span style=\"font-size: 12pt;\">Bibliografija<\/span><\/p>\n<p>Popis znanstvenih radova djelatnika splitskog centra Instituta Ivo Pilar (Hrvatska znanstvena bibliografija):<\/p>\n<p>1.&nbsp;dr. sc. Jadranka Rebeka Ani\u0107:&nbsp;<a href=\"http:\/\/bib.irb.hr\/lista-radova?autor=277285\">http:\/\/bib.irb.hr\/lista-radova?autor=277285<\/a>&nbsp;<br \/>\n2.&nbsp;dr. sc. Neven Duvnjak:&nbsp;<a href=\"http:\/\/bib.irb.hr\/lista-radova?autor=201185\">http:\/\/bib.irb.hr\/lista-radova?autor=201185<\/a>&nbsp;<br \/>\n3.&nbsp;dr. sc. Sa\u0161a Mrdulja\u0161:&nbsp;<a href=\"http:\/\/bib.irb.hr\/lista-radova?autor=250202\">http:\/\/bib.irb.hr\/lista-radova?autor=250202<\/a>&nbsp;<br \/>\n4.&nbsp;mr. sc. Antonio Dragun:&nbsp;<a href=\"http:\/\/bib.irb.hr\/lista-radova?autor=269650\">http:\/\/bib.irb.hr\/lista-radova?autor=269650<\/a><br \/>\n5.&nbsp;Augustin Derado: <a href=\"https:\/\/bib.irb.hr\/lista-radova?autor=358491&amp;period=2007\">https:\/\/bib.irb.hr\/lista-radova?autor=358491&amp;period=2007<\/a><\/p>\n<p><a name=\"skupovi\"><\/a>&nbsp;<br \/>\n<span style=\"font-size: 12pt;\">Skupovi<\/span><\/p>\n<p>Institut dru\u0161tvenih znanosti Ivo Pilar \u2013 Centar Split do sada je organizirao \u010detiri me\u0111unarodna znanstvena skupa:<\/p>\n<p>&#8211;&nbsp;&#8220;Konfesije i rat&#8221;;<br \/>\n&#8211;&nbsp;&#8220;Crkva i dr\u017eava u dru\u0161tvima u tranziciji&#8221;;<br \/>\n&#8211;&nbsp;&#8221;Vjerske zajednice u Hrvatskoj i njihova uloga u integracijskim procesima&#8221;;<br \/>\n&#8211; &#8220;Freedom &amp; Necessity: Class Differences, Lifestyles and Coping Strategies in the Times of Economic Crisis&#8221;<\/p>\n<p>O skupovima su objavljeni zbornici radova, a tiskane su i dvije knjige s podru\u010dja sociologije religije.<\/p>\n<p><a name=\"novosti\"><\/a>&nbsp;<br \/>\n<span style=\"font-size: 12pt;\">Novosti<\/span><\/p>\n<p>&#8211;&nbsp;<a href=\"https:\/\/www.vegaintro-projekti.com\/pilar-stari\/2018\/12\/rezultati-projekta-genmod-predstavljeni-na-javnom-skupu-u-zadru-11-12-2018\/\">Rezultati projekta GENMOD predstavljeni na javnom skupu u Zadru, 11. 12. 2018.<\/a><br \/>\n&#8211;&nbsp;<a href=\"https:\/\/www.vegaintro-projekti.com\/pilar-stari\/2018\/10\/radionica-metodoloski-aspekti-relacijskih-istrazivanja-identiteta-iv-split-27-28-10-2018\/\">RADIONICA: \u201cMetodolo\u0161ki aspekti relacijskih istra\u017eivanja identiteta IV\u201d; Split, 27.-28. 10. 2018.<\/a><br \/>\n&#8211; <a href=\"https:\/\/www.vegaintro-projekti.com\/pilar-stari\/2018\/05\/predavanje-kvalitativni-pristup-strategijama-kucanstva-split-24-5-2018\/\">PREDAVANJE: &#8220;Kvalitativni pristup strategijama ku\u0107anstva&#8221;; Split, 24. 5. 2018.<\/a><br \/>\n&#8211; <a href=\"https:\/\/www.vegaintro-projekti.com\/pilar-stari\/2018\/05\/radionica-metodoloski-aspekti-relacijskih-istrazivanja-identiteta-iii-split-18-20-5-2018\/\">RADIONICA: &#8220;Metodolo\u0161ki aspekti relacijskih istra\u017eivanja identiteta III&#8221;; Split, 18.-20. 5. 2018.<\/a><br \/>\n&#8211;&nbsp;<a href=\"https:\/\/www.vegaintro-projekti.com\/pilar-stari\/2016\/12\/dr-sc-inga-tomic-koludrovic-dobitnica-drzavne-nagrade-za-znanost-za-2015\/\">Dr. sc. Inga Tomi\u0107 Koludrovi\u0107 dobitnica Dr\u017eavne nagrade za znanost za 2015.<\/a><br \/>\n&#8211;&nbsp;<a href=\"https:\/\/www.vegaintro-projekti.com\/pilar-stari\/2016\/08\/dr-sc-jadranka-rebeka-anic-na-konferenciji-gender-ecclesiology\/\">Dr. sc. Jadranka Rebeka Ani\u0107 na konferenciji GENDER &amp; ECCLESIOLOGY, 14.-17. 7. 2016.<\/a><br \/>\n&#8211;&nbsp;<a href=\"https:\/\/www.vegaintro-projekti.com\/pilar-stari\/2015\/10\/nakon-splita-promocija-knjige-inge-tomic-koludrovic-i-u-zagrebu-29-10-2015\/\">Nakon Splita promocija knjige INGE TOMI\u0106-KOLUDROVI\u0106 i u Zagrebu<\/a><br \/>\n&#8211;&nbsp;<a href=\"https:\/\/www.vegaintro-projekti.com\/pilar-stari\/2015\/10\/predstavljanje-knjige-inge-tomic-koludrovic-pomak-prema-modernosti\/\">Predstavljanje knjige Inge Tomi\u0107-Koludrovi\u0107 POMAK PREMA MODERNOSTI, 21. 10. 2015.<\/a><br \/>\n&#8211;&nbsp;<a href=\"https:\/\/www.vegaintro-projekti.com\/pilar-stari\/2015\/09\/konferencija-europskog-drustva-zena-u-teoloskom-istrazivanju\/\">Konferencija Europskog dru\u0161tva \u017eena u teolo\u0161kom istra\u017eivanju 2015.<\/a><br \/>\n&#8211;&nbsp;<a href=\"https:\/\/www.vegaintro-projekti.com\/pilar-stari\/2015\/09\/znanstvenici-instituta-na-12-konferenciji-europskoga-socioloskog-drustva\/\">Znanstvenici Instituta na konferenciji Europskoga sociolo\u0161kog dru\u0161tva<\/a><br \/>\n&#8211;&nbsp;<a href=\"https:\/\/www.vegaintro-projekti.com\/pilar-stari\/2015\/05\/freedom-necessity-conference-call-split-croatia-october-3-4-2015\/\">FREEDOM &amp; NECESSITY &#8211; Conference call; Split, Croatia, October 3-4, 2015<\/a><br \/>\n&#8211;&nbsp;<a href=\"https:\/\/www.vegaintro-projekti.com\/pilar-stari\/2015\/06\/cost-action-is-1205-summer-school-conference\/\">COST ACTION IS 1205: Summer School &amp; Conference; 7-12 September 2015<\/a><br \/>\n&#8211;&nbsp;<a href=\"https:\/\/www.vegaintro-projekti.com\/pilar-stari\/2015\/03\/dr-sc-inga-tomic-koludrovic-mladi-u-hrvatskoj-nakon-tranzicije\/\">Dr. sc. Inga Tomi\u0107-Koludrovi\u0107: Mladi u Hrvatskoj nakon tranzicije; Berlin, 27. 2. 2015.<\/a><br \/>\n&#8211;&nbsp;<a href=\"https:\/\/www.vegaintro-projekti.com\/pilar-stari\/2015\/02\/dr-sc-jadranka-rebeka-anic-na-tribini-gender-ideologie-u-becu\/\">Dr. sc. Jadranka Rebeka Ani\u0107 na tribini &#8220;GENDER-IDEOLOGIE&#8221; u Be\u010du, 20. 1. 2015.<\/a><br \/>\n&#8211;&nbsp;<a href=\"https:\/\/www.vegaintro-projekti.com\/pilar-stari\/2014\/12\/dan-instituta-ivo-pilar-2014\/\">DAN INSTITUTA IVO PILAR 2014.<\/a><br \/>\n&#8211;&nbsp;<a href=\"https:\/\/www.vegaintro-projekti.com\/pilar-stari\/2014\/12\/splitski-gradonacelnik-primio-izaslanstvo-instituta-ivo-pilar\/\">Splitski gradona\u010delnik primio izaslanstvo Instituta Ivo Pilar<\/a><br \/>\n&#8211;&nbsp;<a href=\"https:\/\/www.vegaintro-projekti.com\/pilar-stari\/2014\/10\/tri-izlaganja-na-medunarodnoj-konferenciji-1989-2014-25-godina-poslije-u-grazu\/\">Tri izlaganja na konferenciji &#8220;1989-2014: 25 godina poslije&#8221; u Grazu<\/a><br \/>\n&#8211;&nbsp;<a href=\"https:\/\/www.vegaintro-projekti.com\/pilar-stari\/2014\/10\/starenje-u-hrvatskoj-prezentacija-rezultata-istrazivanja-u-domovima-za-starije\/\">STARENJE U HRVATSKOJ \u2013 Prezentacije rezultata istra\u017eivanja u Splitu<\/a><br \/>\n&#8211;&nbsp;<a href=\"https:\/\/www.vegaintro-projekti.com\/pilar-stari\/2014\/10\/objavljena-knjiga-dr-sc-inge-tomic-koludrovic-i-sur-zadarska-riva\/\">Objavljena knjiga dr. sc. Inge Tomi\u0107-Koludrovi\u0107 i sur. ZADARSKA RIVA<\/a><br \/>\n&#8211;&nbsp;<a href=\"https:\/\/www.vegaintro-projekti.com\/pilar-stari\/2014\/07\/scopes-prva-radionica-odrzana-u-splitu-27-30-6-2014\/\">SCOPES \u2013 Prva radionica odr\u017eana u Splitu, 27.-30. 6. 2014.<\/a><br \/>\n&#8211;&nbsp;<a href=\"https:\/\/www.vegaintro-projekti.com\/pilar-stari\/2014\/06\/radionica-kontextuelle-befreiende-theologien-bec-15-18-svibnja-2014\/\">Radionica: &#8220;Kontextuelle befreiende Theologien&#8221;, Be\u010d, 15.-18. svibnja 2014.<\/a><br \/>\n&#8211;&nbsp;<a href=\"https:\/\/www.vegaintro-projekti.com\/pilar-stari\/2014\/04\/istrazivanje-stanovnistvo-povijesne-jezgre-splita-2013\/\">Istra\u017eivanje: STANOVNI\u0160TVO POVIJESNE JEZGRE SPLITA 2013, 31. 3. 2014.<\/a><br \/>\n&#8211;&nbsp;<a href=\"https:\/\/www.vegaintro-projekti.com\/pilar-stari\/2014\/03\/istrazivanje-zasto-splicani-dolaze-u-povijesnu-jezgru\/\">Istra\u017eivanje: ZA\u0160TO SPLI\u0106ANI DOLAZE U POVIJESNU JEZGRU GRADA?, 10. 3. 2014.<\/a><br \/>\n&#8211;&nbsp;<a href=\"https:\/\/www.vegaintro-projekti.com\/pilar-stari\/2014\/02\/istrazivanje-profil-muzejskih-posjetilaca-u-splitu-2013\/\">Istra\u017eivanje: PROFIL MUZEJSKIH POSJETILACA U SPLITU 2013., 24. 2. 2014.<\/a><br \/>\n&#8211;&nbsp;<a href=\"https:\/\/www.vegaintro-projekti.com\/pilar-stari\/2014\/02\/istrazivanje-turisti-u-povijesnoj-jezgri-splita-u-2013\/\">Istra\u017eivanje: TURISTI U POVIJESNOJ JEZGRI SPLITA U 2013., 10. 2. 2014.<\/a><br \/>\n&#8211;&nbsp;<a href=\"https:\/\/www.vegaintro-projekti.com\/pilar-stari\/2012\/08\/konferencija-teoloko-pribliavanje-patnji-i-nadi-ena-split-2-9-9-2012\/\">KONFERENCIJA: Teolo\u0161ko pribli\u017eavanje patnji i nadi \u017eena; Split, 2.-9. 9. 2012.<\/a><br \/>\n&#8211;&nbsp;<a href=\"https:\/\/www.vegaintro-projekti.com\/pilar-stari\/2012\/06\/split-propitivanje-enskih-feministikih-i-muslimanskih-identiteta\/\">Propitivanje \u017eenskih, feministi\u010dkih i muslimanskih identiteta u Splitu, 5. 6. 2012.<\/a><br \/>\n&#8211;&nbsp;<a href=\"https:\/\/www.vegaintro-projekti.com\/pilar-stari\/2012\/05\/4-tribina-u-splitu-tolarancija-i-predrasude-u-hrvatskom-drutvu\/\">4. tribina u Splitu: Tolarancija i predrasude u hrvatskom dru\u0161tvu, 31. 5. 2012.<\/a><br \/>\n&#8211;&nbsp;<a href=\"https:\/\/www.vegaintro-projekti.com\/pilar-stari\/2012\/04\/propitivanje-enskih-feministikih-i-muslimanskih-identiteta-17-4-2012\/\">Propitivanje \u017eenskih, feministi\u010dkih i muslimanskih identiteta, Zagreb<\/a><br \/>\n&#8211;&nbsp;<a href=\"https:\/\/www.vegaintro-projekti.com\/pilar-stari\/2012\/05\/predstavljanje-knjige-kako-razumjeti-rod-u-sarajevu\/\">Predstavljanje knjige KAKO RAZUMJETI ROD? u Sarajevu<\/a><br \/>\n&#8211;&nbsp;<a href=\"https:\/\/www.vegaintro-projekti.com\/pilar-stari\/2012\/04\/3-tribina-u-splitu-20-godina-istraivanja-instituta-pilar\/\">3. tribina: Za\u0161to je hrvatsko dru\u0161tvo zaostalo u razvoju \u2013 Izazovi postindustrijskih promjena (dr. sc. Kre\u0161imir Pera\u010dkovi\u0107), 29. o\u017eujka 2012.<\/a><br \/>\n&#8211;&nbsp;<a href=\"https:\/\/www.vegaintro-projekti.com\/pilar-stari\/2012\/02\/predstavljanje-knjige-dr-sc-sae-poljanec-bori-u-splitu\/\">Predstavljanje knjige dr. sc. Sa\u0161e Poljanec-Bori\u0107 u Splitu, 30.1.2012.<\/a><br \/>\n&#8211;&nbsp;<a href=\"https:\/\/www.vegaintro-projekti.com\/pilar-stari\/2011\/12\/predstavljanje-knjige-kako-razumijeti-rod-u-splitu-27122011\/\">Predstavljanje knjige J.R. Ani\u0107 KAKO RAZUMJETI ROD? u Splitu, 27.12.2011.<\/a><br \/>\n&#8211;&nbsp;<a href=\"https:\/\/www.vegaintro-projekti.com\/pilar-stari\/2011\/12\/predstavljanje-knjige-kako-razumjeti-rod-jadranke-rebeke-ani\/\">Predstavljanje knjige KAKO RAZUMJETI ROD? Jadranke Rebeke Ani\u0107, Zagreb, 12.12.2011.<\/a><br \/>\n&#8211;&nbsp;<a href=\"https:\/\/www.vegaintro-projekti.com\/pilar-stari\/2011\/10\/prijave-za-konferenciju-europskoga-drutva-ena-u-teolokom-istraivanju-3112012\/\">Prijava za konferenciju Europskoga dru\u0161tva \u017eena u teolo\u0161kom istra\u017eivanju, 31.1.2012.<\/a><br \/>\n&#8211;&nbsp;<a href=\"https:\/\/www.vegaintro-projekti.com\/pilar-stari\/2011\/10\/2-tribina-u-splitu-u-povodu-20-godina-instituta-ivo-pilar-20102011\/\">2. znanstvena tribina u Splitu:&nbsp;Ivo Pilar i moderni hrvatski identitet (dr. sc. Zlatko Matijevi\u0107);&nbsp;Pilar: \u010dasopis za dru\u0161tvene i humanisti\u010dke studije (dr. sc. Zlatko Hasanbegovi\u0107); Hrvatski identitet u europskom kontekstu (dr. sc. Vlado \u0160aki\u0107, Ivana Vrselja, Anja Wertag), 20. listopada 2011.<\/a><br \/>\n&#8211;&nbsp;<a href=\"https:\/\/www.vegaintro-projekti.com\/pilar-stari\/2011\/09\/kako-razumjeti-rod\/\">KAKO RAZUMJETI ROD? &#8211; Nova knjiga Jadranke Rebeke Ani\u0107<\/a><br \/>\n&#8211;&nbsp;<a href=\"https:\/\/www.vegaintro-projekti.com\/pilar-stari\/2011\/05\/prva-tribina-u-splitu-20-godina-istraivanja-instituta-pilar\/\">1. znanstvena tribina u Splitu: O Institutu (dr. sc. Rebeka Ani\u0107); Zna\u010daj politi\u010dkih odnosa u Bosni i Hercegovini za Split i Dalmaciju (dr. sc. Sa\u0161a Mrdulja\u0161), 19. svibnja 2011.<\/a><\/p>\n","protected":false},"excerpt":{"rendered":"<p>Naziv&nbsp;\u25cf&nbsp;Sjedi\u0161te&nbsp;\u25cf&nbsp;Voditelj&nbsp;\u25cf&nbsp;Osnutak&nbsp;\u25cf&nbsp;Djelatnici&nbsp;\u25cf&nbsp;Djelatnost&nbsp;\u25cf&nbsp;Projekti&nbsp;\u25cf&nbsp;Bibliografija&nbsp;\u25cf&nbsp;Skupovi&nbsp;\u25cf&nbsp;Novosti &nbsp; Naziv Institut dru\u0161tvenih znanosti Ivo Pilar \u2013 Centar Split \/ Institute of Social Sciences Ivo Pilar \u2013 Centre Split &nbsp; Sjedi\u0161te Poljana kraljice Jelene 1\/1 21000 Split Tel.: + 385 21 314 360 Faks: + 385 21 344 154 E-mail:&nbsp;Sasa.Mrduljas@vegaintro-projekti.com\/pilar-stari &nbsp; Voditelj Dr. sc. Sa\u0161a Mrdulja\u0161 Osnutak 24. o\u017eujka 1992. &nbsp; Djelatnici 1.&nbsp;dr.&hellip; <a class=\"continue\" href=\"https:\/\/www.vegaintro-projekti.com\/pilar-stari\/2008\/10\/podruni-centar-split\/\">Pro\u010ditaj vi\u0161e o<span> podru\u010dni centar split<\/span><\/a><\/p>\n","protected":false},"author":1,"featured_media":0,"comment_status":"closed","ping_status":"closed","sticky":false,"template":"","format":"standard","meta":{"inline_featured_image":false,"ngg_post_thumbnail":0,"footnotes":""},"categories":[13],"tags":[],"yoast_head":"<!-- This site is optimized with the Yoast SEO plugin v21.2 - https:\/\/yoast.com\/wordpress\/plugins\/seo\/ -->\n<title>podru\u010dni centar split - Institut dru&scaron;tvenih znanosti Ivo Pilar<\/title>\n<meta name=\"robots\" content=\"noindex, follow, max-snippet:-1, max-image-preview:large, max-video-preview:-1\" \/>\n<meta property=\"og:locale\" content=\"hr_HR\" \/>\n<meta property=\"og:type\" content=\"article\" \/>\n<meta property=\"og:title\" content=\"podru\u010dni centar split - Institut dru&scaron;tvenih znanosti Ivo Pilar\" \/>\n<meta property=\"og:description\" content=\"Naziv&nbsp;\u25cf&nbsp;Sjedi\u0161te&nbsp;\u25cf&nbsp;Voditelj&nbsp;\u25cf&nbsp;Osnutak&nbsp;\u25cf&nbsp;Djelatnici&nbsp;\u25cf&nbsp;Djelatnost&nbsp;\u25cf&nbsp;Projekti&nbsp;\u25cf&nbsp;Bibliografija&nbsp;\u25cf&nbsp;Skupovi&nbsp;\u25cf&nbsp;Novosti &nbsp; Naziv Institut dru\u0161tvenih znanosti Ivo Pilar \u2013 Centar Split \/ Institute of Social Sciences Ivo Pilar \u2013 Centre Split &nbsp; Sjedi\u0161te Poljana kraljice Jelene 1\/1 21000 Split Tel.: + 385 21 314 360 Faks: + 385 21 344 154 E-mail:&nbsp;Sasa.Mrduljas@vegaintro-projekti.com\/pilar-stari &nbsp; Voditelj Dr. sc. Sa\u0161a Mrdulja\u0161 Osnutak 24. o\u017eujka 1992. &nbsp; Djelatnici 1.&nbsp;dr.&hellip; Pro\u010ditaj vi\u0161e o podru\u010dni centar split\" \/>\n<meta property=\"og:url\" content=\"https:\/\/www.vegaintro-projekti.com\/pilar-stari\/2008\/10\/podruni-centar-split\/\" \/>\n<meta property=\"og:site_name\" content=\"Institut dru&scaron;tvenih znanosti Ivo Pilar\" \/>\n<meta property=\"article:published_time\" content=\"2008-10-31T11:31:53+00:00\" \/>\n<meta property=\"article:modified_time\" content=\"2018-12-18T17:15:40+00:00\" \/>\n<meta name=\"author\" content=\"pilar-admin\" \/>\n<meta name=\"twitter:card\" content=\"summary_large_image\" \/>\n<meta name=\"twitter:label1\" content=\"Napisao\/la\" \/>\n\t<meta name=\"twitter:data1\" content=\"pilar-admin\" \/>\n\t<meta name=\"twitter:label2\" content=\"Procijenjeno vrijeme \u010ditanja\" \/>\n\t<meta name=\"twitter:data2\" content=\"7 minuta\" \/>\n<script type=\"application\/ld+json\" class=\"yoast-schema-graph\">{\"@context\":\"https:\/\/schema.org\",\"@graph\":[{\"@type\":\"WebPage\",\"@id\":\"https:\/\/www.vegaintro-projekti.com\/pilar-stari\/2008\/10\/podruni-centar-split\/\",\"url\":\"https:\/\/www.vegaintro-projekti.com\/pilar-stari\/2008\/10\/podruni-centar-split\/\",\"name\":\"podru\u010dni centar split - Institut dru&scaron;tvenih znanosti Ivo Pilar\",\"isPartOf\":{\"@id\":\"https:\/\/www.vegaintro-projekti.com\/pilar-stari\/#website\"},\"datePublished\":\"2008-10-31T11:31:53+00:00\",\"dateModified\":\"2018-12-18T17:15:40+00:00\",\"author\":{\"@id\":\"https:\/\/www.vegaintro-projekti.com\/pilar-stari\/#\/schema\/person\/c0db50ebd77c4409e19b18044bbf10c1\"},\"breadcrumb\":{\"@id\":\"https:\/\/www.vegaintro-projekti.com\/pilar-stari\/2008\/10\/podruni-centar-split\/#breadcrumb\"},\"inLanguage\":\"hr\",\"potentialAction\":[{\"@type\":\"ReadAction\",\"target\":[\"https:\/\/www.vegaintro-projekti.com\/pilar-stari\/2008\/10\/podruni-centar-split\/\"]}]},{\"@type\":\"BreadcrumbList\",\"@id\":\"https:\/\/www.vegaintro-projekti.com\/pilar-stari\/2008\/10\/podruni-centar-split\/#breadcrumb\",\"itemListElement\":[{\"@type\":\"ListItem\",\"position\":1,\"name\":\"Home\",\"item\":\"https:\/\/www.vegaintro-projekti.com\/pilar-stari\/\"},{\"@type\":\"ListItem\",\"position\":2,\"name\":\"podru\u010dni centar split\"}]},{\"@type\":\"WebSite\",\"@id\":\"https:\/\/www.vegaintro-projekti.com\/pilar-stari\/#website\",\"url\":\"https:\/\/www.vegaintro-projekti.com\/pilar-stari\/\",\"name\":\"Institut dru&scaron;tvenih znanosti Ivo Pilar\",\"description\":\"Pilar\",\"potentialAction\":[{\"@type\":\"SearchAction\",\"target\":{\"@type\":\"EntryPoint\",\"urlTemplate\":\"https:\/\/www.vegaintro-projekti.com\/pilar-stari\/?s={search_term_string}\"},\"query-input\":\"required name=search_term_string\"}],\"inLanguage\":\"hr\"},{\"@type\":\"Person\",\"@id\":\"https:\/\/www.vegaintro-projekti.com\/pilar-stari\/#\/schema\/person\/c0db50ebd77c4409e19b18044bbf10c1\",\"name\":\"pilar-admin\",\"image\":{\"@type\":\"ImageObject\",\"inLanguage\":\"hr\",\"@id\":\"https:\/\/www.vegaintro-projekti.com\/pilar-stari\/#\/schema\/person\/image\/\",\"url\":\"https:\/\/secure.gravatar.com\/avatar\/fac9e03c4db0011b9c1ad8b5e9c74b8c?s=96&d=mm&r=g\",\"contentUrl\":\"https:\/\/secure.gravatar.com\/avatar\/fac9e03c4db0011b9c1ad8b5e9c74b8c?s=96&d=mm&r=g\",\"caption\":\"pilar-admin\"},\"url\":\"https:\/\/www.vegaintro-projekti.com\/pilar-stari\/author\/pilar-admin\/\"}]}<\/script>\n<!-- \/ Yoast SEO plugin. -->","yoast_head_json":{"title":"podru\u010dni centar split - Institut dru&scaron;tvenih znanosti Ivo Pilar","robots":{"index":"noindex","follow":"follow","max-snippet":"max-snippet:-1","max-image-preview":"max-image-preview:large","max-video-preview":"max-video-preview:-1"},"og_locale":"hr_HR","og_type":"article","og_title":"podru\u010dni centar split - Institut dru&scaron;tvenih znanosti Ivo Pilar","og_description":"Naziv&nbsp;\u25cf&nbsp;Sjedi\u0161te&nbsp;\u25cf&nbsp;Voditelj&nbsp;\u25cf&nbsp;Osnutak&nbsp;\u25cf&nbsp;Djelatnici&nbsp;\u25cf&nbsp;Djelatnost&nbsp;\u25cf&nbsp;Projekti&nbsp;\u25cf&nbsp;Bibliografija&nbsp;\u25cf&nbsp;Skupovi&nbsp;\u25cf&nbsp;Novosti &nbsp; Naziv Institut dru\u0161tvenih znanosti Ivo Pilar \u2013 Centar Split \/ Institute of Social Sciences Ivo Pilar \u2013 Centre Split &nbsp; Sjedi\u0161te Poljana kraljice Jelene 1\/1 21000 Split Tel.: + 385 21 314 360 Faks: + 385 21 344 154 E-mail:&nbsp;Sasa.Mrduljas@vegaintro-projekti.com\/pilar-stari &nbsp; Voditelj Dr. sc. Sa\u0161a Mrdulja\u0161 Osnutak 24. o\u017eujka 1992. &nbsp; Djelatnici 1.&nbsp;dr.&hellip; Pro\u010ditaj vi\u0161e o podru\u010dni centar split","og_url":"https:\/\/www.vegaintro-projekti.com\/pilar-stari\/2008\/10\/podruni-centar-split\/","og_site_name":"Institut dru&scaron;tvenih znanosti Ivo Pilar","article_published_time":"2008-10-31T11:31:53+00:00","article_modified_time":"2018-12-18T17:15:40+00:00","author":"pilar-admin","twitter_card":"summary_large_image","twitter_misc":{"Napisao\/la":"pilar-admin","Procijenjeno vrijeme \u010ditanja":"7 minuta"},"schema":{"@context":"https:\/\/schema.org","@graph":[{"@type":"WebPage","@id":"https:\/\/www.vegaintro-projekti.com\/pilar-stari\/2008\/10\/podruni-centar-split\/","url":"https:\/\/www.vegaintro-projekti.com\/pilar-stari\/2008\/10\/podruni-centar-split\/","name":"podru\u010dni centar split - Institut dru&scaron;tvenih znanosti Ivo Pilar","isPartOf":{"@id":"https:\/\/www.vegaintro-projekti.com\/pilar-stari\/#website"},"datePublished":"2008-10-31T11:31:53+00:00","dateModified":"2018-12-18T17:15:40+00:00","author":{"@id":"https:\/\/www.vegaintro-projekti.com\/pilar-stari\/#\/schema\/person\/c0db50ebd77c4409e19b18044bbf10c1"},"breadcrumb":{"@id":"https:\/\/www.vegaintro-projekti.com\/pilar-stari\/2008\/10\/podruni-centar-split\/#breadcrumb"},"inLanguage":"hr","potentialAction":[{"@type":"ReadAction","target":["https:\/\/www.vegaintro-projekti.com\/pilar-stari\/2008\/10\/podruni-centar-split\/"]}]},{"@type":"BreadcrumbList","@id":"https:\/\/www.vegaintro-projekti.com\/pilar-stari\/2008\/10\/podruni-centar-split\/#breadcrumb","itemListElement":[{"@type":"ListItem","position":1,"name":"Home","item":"https:\/\/www.vegaintro-projekti.com\/pilar-stari\/"},{"@type":"ListItem","position":2,"name":"podru\u010dni centar split"}]},{"@type":"WebSite","@id":"https:\/\/www.vegaintro-projekti.com\/pilar-stari\/#website","url":"https:\/\/www.vegaintro-projekti.com\/pilar-stari\/","name":"Institut dru&scaron;tvenih znanosti Ivo Pilar","description":"Pilar","potentialAction":[{"@type":"SearchAction","target":{"@type":"EntryPoint","urlTemplate":"https:\/\/www.vegaintro-projekti.com\/pilar-stari\/?s={search_term_string}"},"query-input":"required name=search_term_string"}],"inLanguage":"hr"},{"@type":"Person","@id":"https:\/\/www.vegaintro-projekti.com\/pilar-stari\/#\/schema\/person\/c0db50ebd77c4409e19b18044bbf10c1","name":"pilar-admin","image":{"@type":"ImageObject","inLanguage":"hr","@id":"https:\/\/www.vegaintro-projekti.com\/pilar-stari\/#\/schema\/person\/image\/","url":"https:\/\/secure.gravatar.com\/avatar\/fac9e03c4db0011b9c1ad8b5e9c74b8c?s=96&d=mm&r=g","contentUrl":"https:\/\/secure.gravatar.com\/avatar\/fac9e03c4db0011b9c1ad8b5e9c74b8c?s=96&d=mm&r=g","caption":"pilar-admin"},"url":"https:\/\/www.vegaintro-projekti.com\/pilar-stari\/author\/pilar-admin\/"}]}},"_links":{"self":[{"href":"https:\/\/www.vegaintro-projekti.com\/pilar-stari\/wp-json\/wp\/v2\/posts\/149"}],"collection":[{"href":"https:\/\/www.vegaintro-projekti.com\/pilar-stari\/wp-json\/wp\/v2\/posts"}],"about":[{"href":"https:\/\/www.vegaintro-projekti.com\/pilar-stari\/wp-json\/wp\/v2\/types\/post"}],"author":[{"embeddable":true,"href":"https:\/\/www.vegaintro-projekti.com\/pilar-stari\/wp-json\/wp\/v2\/users\/1"}],"replies":[{"embeddable":true,"href":"https:\/\/www.vegaintro-projekti.com\/pilar-stari\/wp-json\/wp\/v2\/comments?post=149"}],"version-history":[{"count":7,"href":"https:\/\/www.vegaintro-projekti.com\/pilar-stari\/wp-json\/wp\/v2\/posts\/149\/revisions"}],"predecessor-version":[{"id":11523,"href":"https:\/\/www.vegaintro-projekti.com\/pilar-stari\/wp-json\/wp\/v2\/posts\/149\/revisions\/11523"}],"wp:attachment":[{"href":"https:\/\/www.vegaintro-projekti.com\/pilar-stari\/wp-json\/wp\/v2\/media?parent=149"}],"wp:term":[{"taxonomy":"category","embeddable":true,"href":"https:\/\/www.vegaintro-projekti.com\/pilar-stari\/wp-json\/wp\/v2\/categories?post=149"},{"taxonomy":"post_tag","embeddable":true,"href":"https:\/\/www.vegaintro-projekti.com\/pilar-stari\/wp-json\/wp\/v2\/tags?post=149"}],"curies":[{"name":"wp","href":"https:\/\/api.w.org\/{rel}","templated":true}]}}