{"id":15148,"date":"2019-11-28T19:45:31","date_gmt":"2019-11-28T19:45:31","guid":{"rendered":"https:\/\/www.vegaintro-projekti.com\/pilar-stari\/?p=15148"},"modified":"2019-12-10T12:26:24","modified_gmt":"2019-12-10T12:26:24","slug":"dr-sc-jelka-vince-pallua-u-potrazi-za-babom-zenskim-mitskim-likom-5-12-2019","status":"publish","type":"post","link":"https:\/\/www.vegaintro-projekti.com\/pilar-stari\/2019\/11\/dr-sc-jelka-vince-pallua-u-potrazi-za-babom-zenskim-mitskim-likom-5-12-2019\/","title":{"rendered":"Dr. sc. Jelka Vince Pallua: U potrazi za Babom, \u017eenskim praslavenskim mitskim likom, 5. 12. 2019."},"content":{"rendered":"<p><strong>Dr. sc. Jelka Vince Pallua odr\u017eala je 5. prosinca 2019. u Matici hrvatskoj programsko predavanje \u201eU potrazi za Babom, \u017eenskim mitskim likom\u201c u sklopu ciklusa \u201eHrvatska mitska ba\u0161tina u (ranome) srednjem vijeku\u201c.<\/strong> \u2212 <a href=\"https:\/\/www.vegaintro-projekti.com\/pilar-stari\/wp-content\/uploads\/2019\/12\/Poziv_MH_predavanje.pdf\">Pozivnica<\/a><\/p>\n<p><a href=\"https:\/\/www.vegaintro-projekti.com\/pilar-stari\/wp-content\/uploads\/2019\/12\/JVP_predavanje_MH_L.jpg\"><img decoding=\"async\" loading=\"lazy\" class=\"alignnone wp-image-15157 size-full\" src=\"https:\/\/www.vegaintro-projekti.com\/pilar-stari\/wp-content\/uploads\/2019\/12\/JVP_predavanje_MH_ss.jpg\" alt=\"\" width=\"620\" height=\"565\" srcset=\"https:\/\/www.vegaintro-projekti.com\/pilar-stari\/wp-content\/uploads\/2019\/12\/JVP_predavanje_MH_ss.jpg 620w, https:\/\/www.vegaintro-projekti.com\/pilar-stari\/wp-content\/uploads\/2019\/12\/JVP_predavanje_MH_ss-300x273.jpg 300w\" sizes=\"(max-width: 620px) 100vw, 620px\" \/><\/a><\/p>\n<p><strong>\u2212 Matica hrvatska:<\/strong> <a href=\"http:\/\/www.matica.hr\/zbivanja\/predavanje-jelke-vince-pallua-u-potrazi-za-babom-zenskim-praslavenskim-mitskim-likom-2905\/\">Predavanje Jelke Vince Pallua U POTRAZI ZA BABOM, \u017dENSKIM PRASLAVENSKIM MITSKIM LIKOM; Zagreb, 5. prosinca 2019.<\/a><\/p>\n<p><span style=\"font-size: 14pt;\">Iz najave predavanja<\/span><\/p>\n<p>Sve se brojnija podru\u010dja u Hrvatskoj i\u0161\u010ditavaju kao sakralizirani prostori u koje su nepokr\u0161teni Hrvati \u201eupisivali\u201c svoja najsvetija mitska zbivanja. U predavanju \u0107e biti predstavljena Baba \u2013 jedan od pridjevaka Moko\u0161i, uz Peruna i Velesa vrhovno bo\u017eanstvo drevnih Slavena. Predava\u010dica \u0107e prikazati istra\u017eiva\u010dki put kojim je do\u0161la do jedina dva dosad prona\u0111ena figurativna prikaza mitskog lika Babe, oba smje\u0161tena uz vodu. Prvi, prona\u0111en u Grobniku kraj Rijeke, groteskni je lik Babe isklesan u \u017eivoj stijeni s nagla\u0161enim \u017eenskim atributima. Uz grobni\u010dku Babu, kao i uz monolitne Babe koje je prona\u0161la na terenu na Krku i u Istri, sa\u010duvana je predaja o njihovu ljubljenju i darivanju. Drugi figurativan prikaz mitske Babe otkriven je utisnut u \u017ebuku na zidu goti\u010dke crkvice Sv. Marije u Gra\u010di\u0161\u0107u kraj Pi\u0107na u Istri. Pokazat \u0107e se da su Moko\u0161 i Baba, kao i Djevica Marija koja ih je \u201ein situ\u201c zamijenila, za\u0161titnice nerotkinja koje im se u 15. stolje\u0107u u nevolji utje\u010du za pomo\u0107. Poku\u0161at \u0107e se predo\u010diti kako odrednice arhai\u010dne kulture, potisnute i sublimirane, prebivaju u svojevrsnoj sinkretisti\u010dkoj mitsko-legendarnoj zbilji kultova i legendi.<\/p>\n<p><a href=\"https:\/\/www.vegaintro-projekti.com\/pilar-stari\/wp-content\/uploads\/2019\/12\/1_large.jpg\"><img decoding=\"async\" loading=\"lazy\" class=\"alignnone wp-image-15143 size-full\" src=\"https:\/\/www.vegaintro-projekti.com\/pilar-stari\/wp-content\/uploads\/2019\/12\/1_large_s.jpg\" alt=\"\" width=\"310\" height=\"207\" srcset=\"https:\/\/www.vegaintro-projekti.com\/pilar-stari\/wp-content\/uploads\/2019\/12\/1_large_s.jpg 310w, https:\/\/www.vegaintro-projekti.com\/pilar-stari\/wp-content\/uploads\/2019\/12\/1_large_s-300x200.jpg 300w\" sizes=\"(max-width: 310px) 100vw, 310px\" \/><\/a><a href=\"https:\/\/www.vegaintro-projekti.com\/pilar-stari\/wp-content\/uploads\/2019\/12\/2_large.jpg\"><img decoding=\"async\" loading=\"lazy\" class=\"alignnone wp-image-15145 size-full\" src=\"https:\/\/www.vegaintro-projekti.com\/pilar-stari\/wp-content\/uploads\/2019\/12\/2_large_s.jpg\" alt=\"\" width=\"310\" height=\"207\" srcset=\"https:\/\/www.vegaintro-projekti.com\/pilar-stari\/wp-content\/uploads\/2019\/12\/2_large_s.jpg 310w, https:\/\/www.vegaintro-projekti.com\/pilar-stari\/wp-content\/uploads\/2019\/12\/2_large_s-300x200.jpg 300w\" sizes=\"(max-width: 310px) 100vw, 310px\" \/><\/a><\/p>\n<p><strong><span style=\"font-size: 8pt;\"><em>Grobni\u010dka Baba<\/em>, snimila: J. Vince Pallua, 1994.&nbsp; &nbsp; &nbsp; &nbsp; &nbsp; &nbsp; &nbsp; <em>Stara baba Vuko\u0161a u Gra\u010di\u0161\u0107u<\/em>, snimila: J. Vince Pallua, 2016.<\/span><\/strong><\/p>\n<p><strong>Prof. dr. sc. Jelka Vince Pallua<\/strong>, znanstvena je savjetnica Instituta dru\u0161tvenih znanosti Ivo Pilar u Zagrebu. Diplomirala je engleski jezik s knji\u017eevno\u0161\u0107u (1977.) i etnologiju kao glavni predmet (1980.). Usporedno uz studij polazi Ni\u017eu i Srednju muzi\u010dku \u0161kolu te uz magisterij (obranjen 1985.) i Muzi\u010dku akademiju. Doktorirala je etnologiju 2000. godine na Filozofskom fakultetu Sveu\u010dili\u0161ta u Zagrebu. Dvadeset godina, od prosinca 1986. do prosinca 2006., zaposlena je na Odsjeku za etnologiju i kulturnu antropologiju Filozofskog fakulteta Sveu\u010dili\u0161ta u Zagrebu gdje je predavala pet kolegija te od 2009. predaje na doktorskom studiju. \u010citavu akademsku 2001.\/2002. godinu bila je teacher-fellow na University College London (UCL) \u2013 School of Slavonic and East European Studies (SSEES), a u razdoblju od 2002. do 2004. cikli\u010dki je predavala uvodni te\u010daj kulturne antropologije kao dio UniAdrion programa na Sveu\u010dili\u0161tu u Bolonji.<br \/>\nNjezin interes uklju\u010duje raznolike znanstvene i kulturnopovijesne teme: hrvatska i slavenska etnografija; povijest hrvatske etnolo\u0161ke misli u europskome kontekstu; mediteranistika i tradicijske kulture jadranskoga Sredozemlja; mitologija; polo\u017eaj \u017eene u tradicijskoj kulturi; Hrvati u Italiji i Talijani u Hrvatskoj. Objavila je pedesetak monoautorskih znanstvenih i stru\u010dnih radova, knjigu Zagonetka vird\u017eine \u2013 etnolo\u0161ka i kulturnoantropolo\u0161ka studija (2014.), a u zavr\u0161nici joj je knjiga Morlaci na rubu Europe. Kulturnopovijesni ogledi. Izlagala je na trideset i dva me\u0111unarodna i na petnaest doma\u0107ih znanstvenih skupova. Objavljuje u doma\u0107im i stranim \u010dasopisima i drugim izdanjima.<br \/>\nTri je mandata bila \u010dlanicom Upravnog odbora Hrvatskog etnolo\u0161kog dru\u0161tva (HED), sedam godina \u010dlanicom uredni\u0161tva \u010dasopisa \u201eEtnolo\u0161ka tribina\u201c, godinu dana voditeljicom Etnolo\u0161koga kluba te dvije godine Biltena HED-a. U Perthu je 2004. izabrana za koordinatoricu i recenzenticu europskih projekata International Federation of University Women \u010dija je aktivna \u010dlanica petnaest godina. Od 2015. godine supredsjednica je jedne od radnih grupa Soci\u00e9t\u00e9 Internationale d\u00b4Ethnologie et de Folklore, a od 2017. \u010dlanica Mati\u010dnog odbora za podru\u010dje humanisti\u010dkih znanosti \u2013 polja povijesti, povijesti umjetnosti, znanosti o umjetnosti, arheologije, etnologije i antropologije.<\/p>\n<blockquote><p><a href=\"https:\/\/www.vegaintro-projekti.com\/pilar-stari\/biografije\/user-bio\/?my_user_id=62\">Dr. sc. Jelka Vince Pallua<\/a><\/p><\/blockquote>\n","protected":false},"excerpt":{"rendered":"<p>Dr. sc. Jelka Vince Pallua odr\u017eala je 5. prosinca 2019. u Matici hrvatskoj programsko predavanje \u201eU potrazi za Babom, \u017eenskim mitskim likom\u201c u sklopu ciklusa \u201eHrvatska mitska ba\u0161tina u (ranome) srednjem vijeku\u201c. \u2212 Pozivnica \u2212 Matica hrvatska: Predavanje Jelke Vince Pallua U POTRAZI ZA BABOM, \u017dENSKIM PRASLAVENSKIM MITSKIM LIKOM; Zagreb, 5. prosinca 2019. Iz najave&hellip; <a class=\"continue\" href=\"https:\/\/www.vegaintro-projekti.com\/pilar-stari\/2019\/11\/dr-sc-jelka-vince-pallua-u-potrazi-za-babom-zenskim-mitskim-likom-5-12-2019\/\">Pro\u010ditaj vi\u0161e o<span> Dr. sc. Jelka Vince Pallua: U potrazi za Babom, \u017eenskim praslavenskim mitskim likom, 5. 12. 2019.<\/span><\/a><\/p>\n","protected":false},"author":7,"featured_media":15207,"comment_status":"closed","ping_status":"closed","sticky":false,"template":"","format":"standard","meta":{"inline_featured_image":false,"ngg_post_thumbnail":0,"footnotes":""},"categories":[48,11],"tags":[],"yoast_head":"<!-- This site is optimized with the Yoast SEO plugin v21.2 - https:\/\/yoast.com\/wordpress\/plugins\/seo\/ -->\n<title>Dr. sc. Jelka Vince Pallua: U potrazi za Babom, \u017eenskim praslavenskim mitskim likom, 5. 12. 2019. - Institut dru&scaron;tvenih znanosti Ivo Pilar<\/title>\n<meta name=\"robots\" content=\"noindex, follow, max-snippet:-1, max-image-preview:large, max-video-preview:-1\" \/>\n<meta property=\"og:locale\" content=\"hr_HR\" \/>\n<meta property=\"og:type\" content=\"article\" \/>\n<meta property=\"og:title\" content=\"Dr. sc. Jelka Vince Pallua: U potrazi za Babom, \u017eenskim praslavenskim mitskim likom, 5. 12. 2019. - Institut dru&scaron;tvenih znanosti Ivo Pilar\" \/>\n<meta property=\"og:description\" content=\"Dr. sc. Jelka Vince Pallua odr\u017eala je 5. prosinca 2019. u Matici hrvatskoj programsko predavanje \u201eU potrazi za Babom, \u017eenskim mitskim likom\u201c u sklopu ciklusa \u201eHrvatska mitska ba\u0161tina u (ranome) srednjem vijeku\u201c. \u2212 Pozivnica \u2212 Matica hrvatska: Predavanje Jelke Vince Pallua U POTRAZI ZA BABOM, \u017dENSKIM PRASLAVENSKIM MITSKIM LIKOM; Zagreb, 5. prosinca 2019. Iz najave&hellip; Pro\u010ditaj vi\u0161e o Dr. sc. Jelka Vince Pallua: U potrazi za Babom, \u017eenskim praslavenskim mitskim likom, 5. 12. 2019.\" \/>\n<meta property=\"og:url\" content=\"https:\/\/www.vegaintro-projekti.com\/pilar-stari\/2019\/11\/dr-sc-jelka-vince-pallua-u-potrazi-za-babom-zenskim-mitskim-likom-5-12-2019\/\" \/>\n<meta property=\"og:site_name\" content=\"Institut dru&scaron;tvenih znanosti Ivo Pilar\" \/>\n<meta property=\"article:published_time\" content=\"2019-11-28T19:45:31+00:00\" \/>\n<meta property=\"article:modified_time\" content=\"2019-12-10T12:26:24+00:00\" \/>\n<meta property=\"og:image\" content=\"https:\/\/www.vegaintro-projekti.com\/pilar-stari\/wp-content\/uploads\/2019\/12\/JVP_5fi.jpg\" \/>\n\t<meta property=\"og:image:width\" content=\"800\" \/>\n\t<meta property=\"og:image:height\" content=\"503\" \/>\n\t<meta property=\"og:image:type\" content=\"image\/jpeg\" \/>\n<meta name=\"author\" content=\"Boris\" \/>\n<meta name=\"twitter:card\" content=\"summary_large_image\" \/>\n<meta name=\"twitter:label1\" content=\"Napisao\/la\" \/>\n\t<meta name=\"twitter:data1\" content=\"Boris\" \/>\n\t<meta name=\"twitter:label2\" content=\"Procijenjeno vrijeme \u010ditanja\" \/>\n\t<meta name=\"twitter:data2\" content=\"3 minute\" \/>\n<script type=\"application\/ld+json\" class=\"yoast-schema-graph\">{\"@context\":\"https:\/\/schema.org\",\"@graph\":[{\"@type\":\"WebPage\",\"@id\":\"https:\/\/www.vegaintro-projekti.com\/pilar-stari\/2019\/11\/dr-sc-jelka-vince-pallua-u-potrazi-za-babom-zenskim-mitskim-likom-5-12-2019\/\",\"url\":\"https:\/\/www.vegaintro-projekti.com\/pilar-stari\/2019\/11\/dr-sc-jelka-vince-pallua-u-potrazi-za-babom-zenskim-mitskim-likom-5-12-2019\/\",\"name\":\"Dr. sc. Jelka Vince Pallua: U potrazi za Babom, \u017eenskim praslavenskim mitskim likom, 5. 12. 2019. - Institut dru&scaron;tvenih znanosti Ivo Pilar\",\"isPartOf\":{\"@id\":\"https:\/\/www.vegaintro-projekti.com\/pilar-stari\/#website\"},\"datePublished\":\"2019-11-28T19:45:31+00:00\",\"dateModified\":\"2019-12-10T12:26:24+00:00\",\"author\":{\"@id\":\"https:\/\/www.vegaintro-projekti.com\/pilar-stari\/#\/schema\/person\/ddd404c9f1e15e4ffef5986ac6a5d28b\"},\"breadcrumb\":{\"@id\":\"https:\/\/www.vegaintro-projekti.com\/pilar-stari\/2019\/11\/dr-sc-jelka-vince-pallua-u-potrazi-za-babom-zenskim-mitskim-likom-5-12-2019\/#breadcrumb\"},\"inLanguage\":\"hr\",\"potentialAction\":[{\"@type\":\"ReadAction\",\"target\":[\"https:\/\/www.vegaintro-projekti.com\/pilar-stari\/2019\/11\/dr-sc-jelka-vince-pallua-u-potrazi-za-babom-zenskim-mitskim-likom-5-12-2019\/\"]}]},{\"@type\":\"BreadcrumbList\",\"@id\":\"https:\/\/www.vegaintro-projekti.com\/pilar-stari\/2019\/11\/dr-sc-jelka-vince-pallua-u-potrazi-za-babom-zenskim-mitskim-likom-5-12-2019\/#breadcrumb\",\"itemListElement\":[{\"@type\":\"ListItem\",\"position\":1,\"name\":\"Home\",\"item\":\"https:\/\/www.vegaintro-projekti.com\/pilar-stari\/\"},{\"@type\":\"ListItem\",\"position\":2,\"name\":\"Dr. sc. Jelka Vince Pallua: U potrazi za Babom, \u017eenskim praslavenskim mitskim likom, 5. 12. 2019.\"}]},{\"@type\":\"WebSite\",\"@id\":\"https:\/\/www.vegaintro-projekti.com\/pilar-stari\/#website\",\"url\":\"https:\/\/www.vegaintro-projekti.com\/pilar-stari\/\",\"name\":\"Institut dru&scaron;tvenih znanosti Ivo Pilar\",\"description\":\"Pilar\",\"potentialAction\":[{\"@type\":\"SearchAction\",\"target\":{\"@type\":\"EntryPoint\",\"urlTemplate\":\"https:\/\/www.vegaintro-projekti.com\/pilar-stari\/?s={search_term_string}\"},\"query-input\":\"required name=search_term_string\"}],\"inLanguage\":\"hr\"},{\"@type\":\"Person\",\"@id\":\"https:\/\/www.vegaintro-projekti.com\/pilar-stari\/#\/schema\/person\/ddd404c9f1e15e4ffef5986ac6a5d28b\",\"name\":\"Boris\",\"image\":{\"@type\":\"ImageObject\",\"inLanguage\":\"hr\",\"@id\":\"https:\/\/www.vegaintro-projekti.com\/pilar-stari\/#\/schema\/person\/image\/\",\"url\":\"https:\/\/secure.gravatar.com\/avatar\/29557b161a6ce6ab86ac1503164f1e90?s=96&d=mm&r=g\",\"contentUrl\":\"https:\/\/secure.gravatar.com\/avatar\/29557b161a6ce6ab86ac1503164f1e90?s=96&d=mm&r=g\",\"caption\":\"Boris\"},\"url\":\"https:\/\/www.vegaintro-projekti.com\/pilar-stari\/author\/boris\/\"}]}<\/script>\n<!-- \/ Yoast SEO plugin. -->","yoast_head_json":{"title":"Dr. sc. Jelka Vince Pallua: U potrazi za Babom, \u017eenskim praslavenskim mitskim likom, 5. 12. 2019. - Institut dru&scaron;tvenih znanosti Ivo Pilar","robots":{"index":"noindex","follow":"follow","max-snippet":"max-snippet:-1","max-image-preview":"max-image-preview:large","max-video-preview":"max-video-preview:-1"},"og_locale":"hr_HR","og_type":"article","og_title":"Dr. sc. Jelka Vince Pallua: U potrazi za Babom, \u017eenskim praslavenskim mitskim likom, 5. 12. 2019. - Institut dru&scaron;tvenih znanosti Ivo Pilar","og_description":"Dr. sc. Jelka Vince Pallua odr\u017eala je 5. prosinca 2019. u Matici hrvatskoj programsko predavanje \u201eU potrazi za Babom, \u017eenskim mitskim likom\u201c u sklopu ciklusa \u201eHrvatska mitska ba\u0161tina u (ranome) srednjem vijeku\u201c. \u2212 Pozivnica \u2212 Matica hrvatska: Predavanje Jelke Vince Pallua U POTRAZI ZA BABOM, \u017dENSKIM PRASLAVENSKIM MITSKIM LIKOM; Zagreb, 5. prosinca 2019. Iz najave&hellip; Pro\u010ditaj vi\u0161e o Dr. sc. Jelka Vince Pallua: U potrazi za Babom, \u017eenskim praslavenskim mitskim likom, 5. 12. 2019.","og_url":"https:\/\/www.vegaintro-projekti.com\/pilar-stari\/2019\/11\/dr-sc-jelka-vince-pallua-u-potrazi-za-babom-zenskim-mitskim-likom-5-12-2019\/","og_site_name":"Institut dru&scaron;tvenih znanosti Ivo Pilar","article_published_time":"2019-11-28T19:45:31+00:00","article_modified_time":"2019-12-10T12:26:24+00:00","og_image":[{"width":800,"height":503,"url":"https:\/\/www.vegaintro-projekti.com\/pilar-stari\/wp-content\/uploads\/2019\/12\/JVP_5fi.jpg","type":"image\/jpeg"}],"author":"Boris","twitter_card":"summary_large_image","twitter_misc":{"Napisao\/la":"Boris","Procijenjeno vrijeme \u010ditanja":"3 minute"},"schema":{"@context":"https:\/\/schema.org","@graph":[{"@type":"WebPage","@id":"https:\/\/www.vegaintro-projekti.com\/pilar-stari\/2019\/11\/dr-sc-jelka-vince-pallua-u-potrazi-za-babom-zenskim-mitskim-likom-5-12-2019\/","url":"https:\/\/www.vegaintro-projekti.com\/pilar-stari\/2019\/11\/dr-sc-jelka-vince-pallua-u-potrazi-za-babom-zenskim-mitskim-likom-5-12-2019\/","name":"Dr. sc. Jelka Vince Pallua: U potrazi za Babom, \u017eenskim praslavenskim mitskim likom, 5. 12. 2019. - Institut dru&scaron;tvenih znanosti Ivo Pilar","isPartOf":{"@id":"https:\/\/www.vegaintro-projekti.com\/pilar-stari\/#website"},"datePublished":"2019-11-28T19:45:31+00:00","dateModified":"2019-12-10T12:26:24+00:00","author":{"@id":"https:\/\/www.vegaintro-projekti.com\/pilar-stari\/#\/schema\/person\/ddd404c9f1e15e4ffef5986ac6a5d28b"},"breadcrumb":{"@id":"https:\/\/www.vegaintro-projekti.com\/pilar-stari\/2019\/11\/dr-sc-jelka-vince-pallua-u-potrazi-za-babom-zenskim-mitskim-likom-5-12-2019\/#breadcrumb"},"inLanguage":"hr","potentialAction":[{"@type":"ReadAction","target":["https:\/\/www.vegaintro-projekti.com\/pilar-stari\/2019\/11\/dr-sc-jelka-vince-pallua-u-potrazi-za-babom-zenskim-mitskim-likom-5-12-2019\/"]}]},{"@type":"BreadcrumbList","@id":"https:\/\/www.vegaintro-projekti.com\/pilar-stari\/2019\/11\/dr-sc-jelka-vince-pallua-u-potrazi-za-babom-zenskim-mitskim-likom-5-12-2019\/#breadcrumb","itemListElement":[{"@type":"ListItem","position":1,"name":"Home","item":"https:\/\/www.vegaintro-projekti.com\/pilar-stari\/"},{"@type":"ListItem","position":2,"name":"Dr. sc. Jelka Vince Pallua: U potrazi za Babom, \u017eenskim praslavenskim mitskim likom, 5. 12. 2019."}]},{"@type":"WebSite","@id":"https:\/\/www.vegaintro-projekti.com\/pilar-stari\/#website","url":"https:\/\/www.vegaintro-projekti.com\/pilar-stari\/","name":"Institut dru&scaron;tvenih znanosti Ivo Pilar","description":"Pilar","potentialAction":[{"@type":"SearchAction","target":{"@type":"EntryPoint","urlTemplate":"https:\/\/www.vegaintro-projekti.com\/pilar-stari\/?s={search_term_string}"},"query-input":"required name=search_term_string"}],"inLanguage":"hr"},{"@type":"Person","@id":"https:\/\/www.vegaintro-projekti.com\/pilar-stari\/#\/schema\/person\/ddd404c9f1e15e4ffef5986ac6a5d28b","name":"Boris","image":{"@type":"ImageObject","inLanguage":"hr","@id":"https:\/\/www.vegaintro-projekti.com\/pilar-stari\/#\/schema\/person\/image\/","url":"https:\/\/secure.gravatar.com\/avatar\/29557b161a6ce6ab86ac1503164f1e90?s=96&d=mm&r=g","contentUrl":"https:\/\/secure.gravatar.com\/avatar\/29557b161a6ce6ab86ac1503164f1e90?s=96&d=mm&r=g","caption":"Boris"},"url":"https:\/\/www.vegaintro-projekti.com\/pilar-stari\/author\/boris\/"}]}},"_links":{"self":[{"href":"https:\/\/www.vegaintro-projekti.com\/pilar-stari\/wp-json\/wp\/v2\/posts\/15148"}],"collection":[{"href":"https:\/\/www.vegaintro-projekti.com\/pilar-stari\/wp-json\/wp\/v2\/posts"}],"about":[{"href":"https:\/\/www.vegaintro-projekti.com\/pilar-stari\/wp-json\/wp\/v2\/types\/post"}],"author":[{"embeddable":true,"href":"https:\/\/www.vegaintro-projekti.com\/pilar-stari\/wp-json\/wp\/v2\/users\/7"}],"replies":[{"embeddable":true,"href":"https:\/\/www.vegaintro-projekti.com\/pilar-stari\/wp-json\/wp\/v2\/comments?post=15148"}],"version-history":[{"count":9,"href":"https:\/\/www.vegaintro-projekti.com\/pilar-stari\/wp-json\/wp\/v2\/posts\/15148\/revisions"}],"predecessor-version":[{"id":15208,"href":"https:\/\/www.vegaintro-projekti.com\/pilar-stari\/wp-json\/wp\/v2\/posts\/15148\/revisions\/15208"}],"wp:featuredmedia":[{"embeddable":true,"href":"https:\/\/www.vegaintro-projekti.com\/pilar-stari\/wp-json\/wp\/v2\/media\/15207"}],"wp:attachment":[{"href":"https:\/\/www.vegaintro-projekti.com\/pilar-stari\/wp-json\/wp\/v2\/media?parent=15148"}],"wp:term":[{"taxonomy":"category","embeddable":true,"href":"https:\/\/www.vegaintro-projekti.com\/pilar-stari\/wp-json\/wp\/v2\/categories?post=15148"},{"taxonomy":"post_tag","embeddable":true,"href":"https:\/\/www.vegaintro-projekti.com\/pilar-stari\/wp-json\/wp\/v2\/tags?post=15148"}],"curies":[{"name":"wp","href":"https:\/\/api.w.org\/{rel}","templated":true}]}}