{"id":15559,"date":"2020-01-20T17:17:10","date_gmt":"2020-01-20T17:17:10","guid":{"rendered":"https:\/\/www.vegaintro-projekti.com\/pilar-stari\/?p=15559"},"modified":"2025-06-19T15:58:26","modified_gmt":"2025-06-19T15:58:26","slug":"prvi-svjetski-rat-u-kulturi-sjecanja-zaboravljena-bastina","status":"publish","type":"post","link":"https:\/\/www.vegaintro-projekti.com\/pilar-stari\/2020\/01\/prvi-svjetski-rat-u-kulturi-sjecanja-zaboravljena-bastina\/","title":{"rendered":"Prvi svjetski rat u kulturi sje\u0107anja. Zaboravljena ba\u0161tina"},"content":{"rendered":"<p><strong>U razdoblju od sije\u010dnja 2020. do prosinca 2023. Institut dru\u0161tvenih znanosti Ivo Pilar provodi projekt \u201cPSRUKSZB \u2013 Prvi svjetski rat u kulturi sje\u0107anja. Zaboravljena ba\u0161tina\u201d. Voditeljica projekta je dr. sc. Ljiljana Dobrov\u0161ak. \u2212 <\/strong><a href=\"#novosti\">Novosti<\/a><\/p>\n<p><a href=\"https:\/\/www.vegaintro-projekti.com\/pilar-stari\/wp-content\/uploads\/2020\/01\/mirogoj_ciklame.jpg\"><img decoding=\"async\" loading=\"lazy\" class=\"alignnone wp-image-15558 \" src=\"https:\/\/www.vegaintro-projekti.com\/pilar-stari\/wp-content\/uploads\/2020\/01\/mirogoj_ciklame_s.jpg\" alt=\"\" width=\"620\" height=\"408\" srcset=\"https:\/\/www.vegaintro-projekti.com\/pilar-stari\/wp-content\/uploads\/2020\/01\/mirogoj_ciklame_s.jpg 600w, https:\/\/www.vegaintro-projekti.com\/pilar-stari\/wp-content\/uploads\/2020\/01\/mirogoj_ciklame_s-300x198.jpg 300w, https:\/\/www.vegaintro-projekti.com\/pilar-stari\/wp-content\/uploads\/2020\/01\/mirogoj_ciklame_s-310x205.jpg 310w\" sizes=\"(max-width: 620px) 100vw, 620px\" \/><\/a><\/p>\n<p><strong>Svrha<\/strong> istra\u017eivanja je potaknuti znanstvenu raspravu o &#8216;kulturi sje\u0107anja&#8217; na Prvi svjetski rat u Hrvatskoj na temelju dobivenih novih spoznaja o istra\u017eenoj ba\u0161tini kako bi se utvrdili uzroci i odgovorilo na pitanje za\u0161to je do\u0161lo do suvremenog &#8216;fenomena zaborava&#8217; na Prvi svjetski rat u Hrvatskoj. Cilj projekta je istra\u017eiti &#8216;kulturu sje\u0107anja&#8217; na Prvi svjetski rat u Hrvatskoj za vrijeme Kraljevine SHS\/Jugoslavije (u odnosu na \u0161iru regiju i Europu) kroz sustavno upoznavanje s &#8216;politikama sje\u0107anja&#8217; (zakonodavni okvir), praksama obilje\u017eavanja &#8216;mjesta sje\u0107anja&#8217; i &#8216;komemorativnim praksama&#8217; tijekom Prvoga svjetskoga rata i u me\u0111uratnom razdoblju. Istra\u017eivanje uklju\u010duje evidentiranje &#8216;mjesta sje\u0107anja&#8217;, okolnosti njihova nastanka, postavljanja i\/ili nestanka, te analiziranje i prou\u010davanje djelatnosti i\/ili odnosa hrvatskih institucija, vojnih i civilnih udru\u017eenja kao i centralnih institucija, vojnih i civilnih udru\u017eenja u Beogradu prema formiranju &#8216;mjesta sje\u0107anja&#8217; na Prvi svjetski rat u Hrvatskoj. Istovremeno, istra\u017eivanje stavlja evidentirana &#8216;mjesta sje\u0107anja&#8217; u \u0161iri dru\u0161tveno-politi\u010dki kontekst istra\u017euju\u0107i tada\u0161nji jugoslavenski zakonodavni okvir &#8216;politike sje\u0107anja&#8217; prema njihovom formiranju kroz komemorativne prakse na svom prostoru, kao i odnos jugoslavenske dr\u017eave i centralnih institucija u Beogradu prema hrvatskim dr\u017eavljanima koji su se nalazili u austrougarskoj vojsci i stradali su bore\u0107i se za Austro-Ugarsku Monarhiju. Rezultat ovog primarno povijesnog znanstveno-istra\u017eiva\u010dkoga projekta multidisciplinarnog karaktera bit \u0107e ne samo pro\u0161irene znanstvene spoznaje o toj zanemarenoj i nedovoljno istra\u017eenoj hrvatskoj kulturno-povijesnoj ba\u0161tini; nego, \u0161to je jo\u0161 va\u017enije, omogu\u0107uje znanstveno i kulturno integriranje hrvatske &#8216;kulture sje\u0107anja&#8217; na Prvi svjetski rat i njegove sada valorizirane povijesne ba\u0161tine u \u0161iri dru\u0161tveno-povijesni kontekst Europe.<br \/>\n<strong>Voditeljica:<\/strong> Ljiljana Dobrov\u0161ak,<br \/>\n<strong>Suradnici:<\/strong> Monica Priante, Ivana \u017debec \u0160ilj, Mislav Gabelica, Jelka Vince Pallua, Dragan Damjanovi\u0107, Vijoleta Herman Kauri\u0107, Filip Hamer\u0161ak, Sandra Cviki\u0107, Danilo \u0160arenac<\/p>\n<p>&nbsp;<\/p>\n<p><span style=\"font-size: 14pt;\">The First World War in the Culture of Memory. Forgotten Heritage<\/span><\/p>\n<p><strong>The aim<\/strong> of this research is to initiate scholarly debate on the 1st WW \u2018cultural memory\u2019 in Croatia based on newly acquired knowledge about its researched cultural heritage in order to determine causes and why it contributed to the contemporary social phenomenon of \u2018forgetness\u2019 related to the 1st WW in Croatia. The research objective is to examine the 1st WW \u2018cultural memory\u2019 in Croatia at the time of the Kingdom of Slovenes, Croats and Serbs\/Yugoslavia (and in relation to the wider region and Europe) through systematic investigation of \u2018memory politics\u2019 (legal framework), \u2018sites of memory\u2019 marking practices and \u2018commemorative practices\u2019 during the war and in the interwar period. The first specific research goal is to investigate and record \u2018sites of memory\u2019, and to determine circumstances of its creation, establishment and\/or disappearance analysing and studying actions and\/or attitudes of the Croatian institutions, military and civilian associations next to the central Belgrade institutions, military and civilian organizations towards \u2018sites of memory\u2019 related to the 1st WW in Croatia. The second specific research goal is to situate the 1st WW \u2018sites of memory \u2019in Croatia in a wider socio-political context investigating how, at the time, Yugoslav legal framework of \u2018memory politics\u2019 is developed towards its formation through \u2018commemorative practices\u2019 on its territory, as well as, attitudes of the Yugoslav state and central institutions in Belgrade towards Croatian citizens as members of the Austro-Hungarian Army who died fighting for the Austro-Hungarian Monarchy. The overall result of this predominantly historical research project multidisciplinary in character thus is not only expanded knowledge about neglected and insufficiently researched Croatian cultural and historical heritage; but more importantly; the acquired knowledge enables scientific and cultural integration of the 1st WW Croatian \u2018cultural memory\u2019 and its valorised historical heritage into the wider socio-historical European context.<br \/>\n<strong>Leader:<\/strong> Ljiljana Dobrov\u0161ak<br \/>\n<strong>Members:<\/strong> Monica Priante, Ivana \u017debec \u0160ilj, Mislav Gabelica, Jelka Vince Pallua, Dragan Damjanovi\u0107, Vijoleta Herman Kauri\u0107, Filip Hamer\u0161ak, Sandra Cviki\u0107, Danilo \u0160arenac<\/p>\n<p><a id=\"novosti\"><\/a><span style=\"font-size: 14pt;\">Novosti<\/span><\/p>\n<p>&#8211; <a href=\"https:\/\/www.vegaintro-projekti.com\/pilar-stari\/2025\/06\/predavanje-od-soce-preko-piave-do-asiaga-110-godina-kasnije-zagreb-12-6-2025\/\">Predavanje i prezentacija: OD SO\u010cE PREKO PIAVE DO ASIAGA &#8211; 110 GODINA KASNIJE; Zagreb, 12. 6. 2025.<\/a><br \/>\n&#8211; <a href=\"https:\/\/www.vegaintro-projekti.com\/pilar-stari\/2025\/04\/objavljen-34-broj-casopisa-pilar\/\">Objavljen 34. tematski broj \u010dasopisa PILAR: Prvi svjetski rat u kulturi sje\u0107anja<\/a><br \/>\n&#8211; <a href=\"https:\/\/www.vegaintro-projekti.com\/pilar-stari\/2024\/12\/predstavljanje-knjige-tvrtka-bozica-otok-krk-za-vrijeme-prvog-svjetskog-rata-zagreb-5-12-2024\/\">Predstavljanje knjige Tvrtka Bo\u017ei\u0107a &#8220;Otok Krk za vrijeme Prvog svjetskog rata&#8221;; Zagreb, 5. 12. 2024.<\/a><br \/>\n&#8211; <a href=\"https:\/\/www.vegaintro-projekti.com\/pilar-stari\/2024\/11\/predavanja-uz-110-obljetnicu-prvoga-svjetskog-rata-vojnici-zarobljenici-grobovi-zagreb-11-11-2024\/\">Predavanja uz 110. obljetnicu Prvoga svjetskog rata: VOJNICI, ZAROBLJENICI, GROBOVI; Zagreb, 11. 11. 2024.<\/a><br \/>\n&#8211; <a href=\"https:\/\/www.vegaintro-projekti.com\/pilar-stari\/2024\/11\/dr-sc-ljiljana-dobrovsak-predavanja-u-sklopu-projekta-hrvatska-i-europa-institucije-i-pojedinci-u-razvoju-modernog-drustva-i-drzave-rujan-studeni-2024\/\">Dr. sc. Ljiljana Dobrov\u0161ak: Predavanja u sklopu projekta Hrvatska i Europa: institucije i pojedinci u razvoju modernog dru\u0161tva i dr\u017eave, rujan-studeni 2024.<\/a><br \/>\n&#8211; <a href=\"https:\/\/www.vegaintro-projekti.com\/pilar-stari\/2024\/10\/predavanje-vojnici-zarobljenici-grobovi-uz-110-obljetnicu-prvoga-svjetskog-rata-zagreb-11-11-2024\/\">Predavanje: VOJNICI, ZAROBLJENICI, GROBOVI &#8211; UZ 110. OBLJETNICU PRVOGA SVJETSKOG RATA; Zagreb, 11. 11. 2024.<\/a><br \/>\n&#8211; <a href=\"https:\/\/www.vegaintro-projekti.com\/pilar-stari\/2024\/02\/dr-sc-ljiljana-dobrovsak-i-dr-sc-vijoleta-herman-kauric-suurednice-zbornika-commemorating-the-first-world-war-in-the-former-yugoslavia\/\">Dr. sc. Ljiljana Dobrov\u0161ak i dr. sc. Vijoleta Herman Kauri\u0107 suurednice zbornika \u201eCommemorating the First World War in the Former Yugoslavia\u201c<\/a><br \/>\n&#8211; <a href=\"https:\/\/www.vegaintro-projekti.com\/pilar-stari\/2024\/02\/dr-sc-ljiljana-dobrovsak-o-zaboravljenoj-bastini-prvoga-svjetskog-rata-u-hrvatskoj-na-12-noci-muzeja-u-priliscu-26-1-2024\/\">Dr. sc. Ljiljana Dobrov\u0161ak o zaboravljenoj ba\u0161tini Prvoga svjetskog rata u Hrvatskoj na 12. No\u0107i muzeja u Prili\u0161\u0107u, 26. 1. 2024.<\/a><br \/>\n&#8211; <a href=\"https:\/\/www.vegaintro-projekti.com\/pilar-stari\/2023\/12\/elaborat-prvi-svjetski-rat-u-kulturi-sjecanja-zaboravljena-bastina\/\">ELABORAT: Prvi svjetski rat u kulturi sje\u0107anja. Zaboravljena ba\u0161tina<\/a><br \/>\n&#8211; <a href=\"https:\/\/www.vegaintro-projekti.com\/pilar-stari\/2023\/12\/dr-sc-monica-priante-na-seminaru-genti-diverse-venute-dallest-gli-altri-nel-trentino-della-grande-guerra-rovereto-22-11-2023\/\">Dr. sc. Monica Priante na seminaru Genti diverse venute dall&#8217;Est &#8211; Gli \u201ealtri\u201c nel Trentino della Grande Guerra; Rovereto, 22. 11. 2023.<\/a><br \/>\n&#8211; <a href=\"https:\/\/www.vegaintro-projekti.com\/pilar-stari\/2023\/12\/dr-sc-vijoleta-herman-kauric-na-znanstvenom-skupu-isti-rod-razlicite-sudbine-zenske-autobiografije-i-biografije-slavonski-brod-1-12-2023\/\">Dr. sc. Vijoleta Herman Kauri\u0107 na znanstvenom skupu Isti rod razli\u010dite sudbine &#8211; \u017eenske autobiografije i biografije; Slavonski Brod, 1. 12. 2023.<\/a><br \/>\n&#8211; <a href=\"https:\/\/www.vegaintro-projekti.com\/pilar-stari\/2023\/12\/dr-sc-dragan-damjanovic-na-medunarodnoj-konferenciji-asees-2023-philadelphia-30-11-3-12-2023\/\">Dr. sc. Dragan Damjanovi\u0107 na me\u0111unarodnoj konferenciji ASEES 2023; Philadelphia, 30. 11. &#8211; 3. 12. 2023.<\/a><br \/>\n&#8211; <a href=\"https:\/\/www.vegaintro-projekti.com\/pilar-stari\/2023\/10\/dr-sc-dragan-damjanovic-na-xviii-danima-cvita-fiskovica-umjetnicki-dodiri-izmedu-istoka-i-zapada-orebic-4-7-10-2023\/\">Dr. sc. Dragan Damjanovi\u0107 na XVIII. Danima Cvita Fiskovi\u0107a \u201eUmjetni\u010dki dodiri izme\u0111u Istoka i Zapada\u201c; Orebi\u0107, 4.-7. 10. 2023.<\/a><br \/>\n&#8211; <a href=\"https:\/\/www.vegaintro-projekti.com\/pilar-stari\/2023\/10\/u-matici-hrvatskoj-odrzana-medunarodna-konferencija-re-interpreting-the-first-world-war-cultural-memory-zagreb-29-30-9-2023\/\">U Matici hrvatskoj odr\u017eana me\u0111unarodna konferencija Re-interpreting the First World War Cultural Memory; Zagreb, 29.- 30. 9. 2023.<\/a><br \/>\n&#8211; <a href=\"https:\/\/www.vegaintro-projekti.com\/pilar-stari\/2023\/09\/medunarodna-konferencija-re-interpreting-the-first-world-war-cultural-memory-sites-of-memory-rituals-symbols-and-commemorative-practices-zagreb-29-30-9-2023\/\">Me\u0111unarodna konferencija \u201eRe-interpreting the First World War Cultural Memory: Sites of memory, Rituals, Symbols and Commemorative Practices\u201c; Zagreb, 29.-30. 9. 2023.<\/a><br \/>\n&#8211; <a href=\"https:\/\/www.vegaintro-projekti.com\/pilar-stari\/2023\/06\/dr-sc-jelka-vince-pallua-na-skupu-the-place-of-memory-and-the-memory-of-place-u-oxfordu-17-18-6-2023\/\">Dr. sc. Jelka Vince Pallua na skupu \u201cThe Place of Memory and the Memory of Place\u201d u Oxfordu, 17.-18. 6. 2023.<\/a><br \/>\n&#8211; <a href=\"https:\/\/www.vegaintro-projekti.com\/pilar-stari\/2023\/06\/dr-sc-sandra-cvikic-vukovarski-franjevci-i-kultura-sjecanja-na-prvi-svjetski-rat-24-6-2023\/\">Dr. sc. Sandra Cviki\u0107: Vukovarski franjevci i kultura sje\u0107anja na Prvi svjetski rat, 24. 6. 2023.<\/a><br \/>\n&#8211; <a href=\"https:\/\/www.vegaintro-projekti.com\/pilar-stari\/2023\/06\/dr-sc-ljiljana-dobrovsak-odrzala-predavanje-memorijalna-bastina-prvoga-svjetskog-rata-u-hrvatskoj-na-hrvatskom-katolickom-sveucilistu-4-5-2023\/\">Dr. sc. Ljiljana Dobrov\u0161ak odr\u017eala predavanje \u201eMemorijalna ba\u0161tina Prvoga svjetskog rata u Hrvatskoj\u201c na Hrvatskom katoli\u010dkom sveu\u010dili\u0161tu, 4. 5. 2023.<\/a><br \/>\n&#8211; <a href=\"https:\/\/www.vegaintro-projekti.com\/pilar-stari\/2023\/06\/dr-sc-ljiljana-dobrovsak-i-dr-sc-danilo-sarenac-na-konferenciji-commemoration-and-heritage-first-world-war-memorials-and-cemeteries-krakow-1-3-6-2023\/\">Dr. sc. Ljiljana Dobrov\u0161ak i dr. sc. Danilo \u0160arenac na konferenciji \u201eCommemoration and Heritage First World War Memorials and Cemeteries\u201c; Krak\u00f3w, 1.-3. 6. 2023.<\/a><br \/>\n&#8211; <a href=\"https:\/\/www.vegaintro-projekti.com\/pilar-stari\/2023\/06\/dr-sc-sandra-cvikic-predavanje-general-bojnik-otmar-babic-u-kulturi-sjecanja-na-prvi-svjetski-rat-vinkovci-6-6-2023\/\">Dr. sc. Sandra Cviki\u0107: Predavanje GENERAL-BOJNIK OTMAR BABI\u0106 U KULTURI SJE\u0106ANJA NA PRVI SVJETSKI RAT; Vinkovci, 6. 6. 2023.<\/a><br \/>\n&#8211; <a href=\"https:\/\/www.vegaintro-projekti.com\/pilar-stari\/2023\/05\/kliofest-2023-predstavljanje-rezultata-projekta-prvi-svjetski-rat-u-kulturi-sjecanja-19-5-2023\/\">Kliofest 2023.: Predstavljanje rezultata projekta Prvi svjetski rat u kulturi sje\u0107anja, 19. 5. 2023.<\/a><br \/>\n&#8211; <a href=\"https:\/\/www.vegaintro-projekti.com\/pilar-stari\/2023\/04\/predavanje-vojno-groblje-iz-prvoga-svjetskog-rata-u-vukovaru-vukovar-28-4-2023\/\">Predavanje: &#8220;Vojno groblje iz Prvoga svjetskog rata u Vukovaru&#8221;; Vukovar, 28. 4. 2023.<\/a><br \/>\n&#8211; <a href=\"https:\/\/www.vegaintro-projekti.com\/pilar-stari\/2023\/03\/okrugli-stol-prvi-svjetski-rat-zaboravljena-bastina-senj-16-3-2023\/\">Okrugli stol \u201cPrvi svjetski rat \u2013 zaboravljena ba\u0161tina\u201d; Senj, 16. 3. 2023.<\/a><br \/>\n&#8211; <a href=\"https:\/\/www.vegaintro-projekti.com\/pilar-stari\/2023\/03\/dr-sc-ljiljana-dobrovsak-i-dr-sc-vijoleta-herman-kauric-u-povijesnim-kontraverzama-treceg-programa-hrvatskog-radija-7-i-14-3-2023\/\">Dr. sc. Ljiljana Dobrov\u0161ak i dr. sc. Vijoleta Herman Kauri\u0107 u Povijesnim kontroverzama Tre\u0107eg programa Hrvatskog radija, 7. i 14. 3. 2023.<\/a><br \/>\n&#8211; <a href=\"https:\/\/www.vegaintro-projekti.com\/pilar-stari\/2023\/02\/znanstvenici-instituta-na-konferenciji-loyalty-in-polyethnic-and-national-states-sankt-peterburg-6-7-2-2023\/\">Znanstvenici Instituta na konferenciji Loyalty in Polyethnic and National States; Sankt Peterburg, 6.-7. 2. 2023.<\/a><br \/>\n&#8211; <a href=\"https:\/\/www.vegaintro-projekti.com\/pilar-stari\/2023\/02\/dr-sc-ivana-zebec-silj-i-dr-sc-ljiljana-dobrovsak-na-radionici-uvod-u-qgis-2-2-2023\/\">Dr. sc. Ivana \u017debec \u0160ilj i dr. sc. Ljiljana Dobrov\u0161ak na radionici Uvod u QGIS, 2. 2. 2023.<\/a><br \/>\n&#8211; <a href=\"https:\/\/www.vegaintro-projekti.com\/pilar-stari\/2023\/02\/poziv-na-medunarodnu-znanstvenu-konferenciju-re-interpreting-the-first-world-war-cultural-memory-prijave-do-15-3-2023\/\">Poziv na me\u0111unarodnu znanstvenu konferenciju RE-INTERPRETING THE FIRST WORLD WAR CULTURAL MEMORY &#8211; Prijave do 15. 3. 2023.<\/a><br \/>\n&#8211; <a href=\"https:\/\/www.vegaintro-projekti.com\/pilar-stari\/2022\/12\/sudjelovanje-clanova-projekta-prvi-svjetski-rat-u-kulturi-sjecanja-zaboravljena-bastina-na-znanstvenim-skupovima-u-studenome-2022\/\">Sudjelovanje \u010dlanova projekta Prvi svjetski rat u kulturi sje\u0107anja. Zaboravljena ba\u0161tina na znanstvenim skupovima u studenome 2022.<\/a><br \/>\n&#8211; <a href=\"https:\/\/www.vegaintro-projekti.com\/pilar-stari\/2022\/11\/dr-sc-monica-priante-na-medunarodnom-znanstvenom-skupu-stogodisnjica-marsa-na-rim-z-sjevernojadranske-perspektive-rijeka-27-10-2022\/\">Dr. sc. Monica Priante na me\u0111unarodnom znanstvenom skupu &#8220;Stogodi\u0161njica Mar\u0161a na Rim z sjevernojadranske perspektive&#8221;; Rijeka, 27. 10. 2022.<\/a><br \/>\n&#8211; <a href=\"https:\/\/www.vegaintro-projekti.com\/pilar-stari\/2022\/09\/dr-sc-sandra-cvikic-na-radionici-o-istrazivackoj-metodologiji-skad-augsburg-22-24-9-2022\/\">Dr. sc. Sandra Cviki\u0107 na radionici o istra\u017eiva\u010dkoj metodologiji SKAD; Augsburg, 22.-24. 9. 2022.<\/a><br \/>\n&#8211; <a href=\"https:\/\/www.vegaintro-projekti.com\/pilar-stari\/2022\/09\/dr-sc-vijoleta-herman-kauric-i-dr-sc-ljiljana-dobrovsak-na-medunarodnoj-znanstvenoj-konferenciji-mic-vis-2022-na-visu-14-18-9-2022\/\">Dr. sc. Vijoleta Herman Kauri\u0107 i dr. sc. Ljiljana Dobrov\u0161ak na me\u0111unarodnoj znanstvenoj konferenciji MIC-VIS 2022 na Visu, 14.-18. 9. 2022.<\/a><br \/>\n&#8211; <a href=\"https:\/\/www.vegaintro-projekti.com\/pilar-stari\/2022\/07\/novosti-na-projektu-prvi-svjetski-rat-u-kulturi-sjecanja-u-razdoblju-od-1-sijecnja-2021-do-30-lipnja-2022\/\">Novosti na projektu Prvi svjetski rat u kulturi sje\u0107anja u razdoblju od 1. sije\u010dnja 2021. do 30. lipnja 2022.<\/a><br \/>\n&#8211; <a href=\"https:\/\/www.vegaintro-projekti.com\/pilar-stari\/2022\/07\/3-sastanak-projekta-prvi-svjetski-rat-u-kulturi-sjecanja-27-6-2022\/\">3. sastanak projekta Prvi svjetski rat u kulturi sje\u0107anja, 27. 6. 2022.<\/a><br \/>\n&#8211; <a href=\"https:\/\/www.vegaintro-projekti.com\/pilar-stari\/2022\/06\/dr-sc-monica-priante-u-radijskoj-emisiji-o-istrazivanju-u-sklopu-projekta-prvi-svjetski-rat-u-kulturi-sjecanja-21-5-2022\/\">Dr. sc. Monica Priante u radijskoj emisiji o istra\u017eivanju u sklopu projekta Prvi svjetski rat u kulturi sje\u0107anja, 21. 5. 2022.<\/a><br \/>\n&#8211; <a href=\"https:\/\/www.vegaintro-projekti.com\/pilar-stari\/2022\/05\/dr-sc-ljiljana-dobrovsak-na-znanstvenom-skupu-povodom-stote-obljetnice-smrti-bl-karla-habsburskog-9-5-2022\/\">Dr. sc. Ljiljana Dobrov\u0161ak na znanstvenom skupu povodom stote obljetnice smrti bl. Karla Habsbur\u0161kog, 9. 5. 2022.<\/a><br \/>\n&#8211; <a href=\"https:\/\/www.vegaintro-projekti.com\/pilar-stari\/2022\/03\/dr-sc-ljiljana-dobrovsak-predavanje-na-doktorskom-studiju-moderne-i-suvremene-hrvatske-povijesti-8-3-2022\/\">Dr. sc. Ljiljana Dobrov\u0161ak: Predavanje na doktorskom studiju Moderne i suvremene hrvatske povijesti, 8. 3. 2022.<\/a><br \/>\n&#8211; <a href=\"https:\/\/www.vegaintro-projekti.com\/pilar-stari\/2022\/02\/dr-sc-monica-priante-sjetimo-se-talijana-poginulih-u-prvom-svjetskom-ratu-u-puli-22-2-2022\/\">Dr. sc. Monica Priante: Sjetimo se Talijana poginulih u Prvom svjetskom ratu u Puli, 22. 2. 2022.<\/a><br \/>\n&#8211; <a href=\"https:\/\/www.vegaintro-projekti.com\/pilar-stari\/2022\/02\/dr-sc-ivana-zebec-silj-i-dr-sc-sandra-cvikic-na-skupu-empires-territorial-states-and-local-communities-in-ethnic-and-national-dimension-3-4-2-2022\/\">Dr. sc. Ivana \u017debec \u0160ilj i dr. sc. Sandra Cviki\u0107 na skupu Empires, Territorial States and Local Communities in Ethnic and National Dimension, 3.-4. 2. 2022.<\/a><br \/>\n&#8211; <a href=\"https:\/\/www.vegaintro-projekti.com\/pilar-stari\/2022\/01\/dr-sc-ljiljana-dobrovsak-u-radioemisiji-susret-u-dijalogu-i-dokumentarnom-filmu-alexanderovi-24-1-2022\/\">Dr. sc. Ljiljana Dobrov\u0161ak u radioemisiji &#8220;Susret u dijalogu&#8221; i dokumentarnom filmu &#8220;Alexanderovi&#8221;, 24. 1. 2022.<\/a><br \/>\n&#8211; <a href=\"https:\/\/www.vegaintro-projekti.com\/pilar-stari\/2021\/12\/2-sastanak-projekta-prvi-svjetski-rat-u-kulturi-sjecanja-27-12-2021\/\">2. sastanak projekta Prvi svjetski rat u kulturi sje\u0107anja, 27. 12. 2021.<\/a><br \/>\n&#8211; <a href=\"https:\/\/www.vegaintro-projekti.com\/pilar-stari\/2021\/11\/poziv-autorima-za-tematski-broj-casopisa-drustvena-istrazivanja-spomenicka-bastina-i-kultura-sjecanja-na-prvi-svjetski-rat\/\">Poziv autorima za tematski broj \u010dasopisa Dru\u0161tvena istra\u017eivanja \u201eSpomeni\u010dka ba\u0161tina i kultura sje\u0107anja na Prvi svjetski rat\u201c<\/a><br \/>\n&#8211; <a href=\"https:\/\/www.vegaintro-projekti.com\/pilar-stari\/2021\/10\/dr-sc-ljiljana-dobrovsak-s-clanovima-projektnog-tima-povijesne-kontroverze-14-10-2021\/\">Dr. sc. Ljiljana Dobrov\u0161ak s \u010dlanovima projektnog tima u emisiji Povijesne kontroverze, 14. 10. 2021.<\/a><br \/>\n&#8211; <a href=\"https:\/\/www.vegaintro-projekti.com\/pilar-stari\/2021\/10\/gostovanje-povjesnicara-dr-jay-m-wintera-u-sklopu-projekta-prvi-svjetski-rat-u-kulturi-sjecanja-na-institutu-pilar-zagreb-7-10-2021\/\">Gostovanje povjesni\u010dara dr. Jay. M. Wintera u sklopu projekta Prvi svjetski rat u kulturi sje\u0107anja na Institutu Pilar; Zagreb, 7. 10. 2021.<\/a><br \/>\n&#8211; <a href=\"https:\/\/www.vegaintro-projekti.com\/pilar-stari\/2021\/10\/clanovi-projekta-prvi-svjetski-rat-u-kulturi-sjecanja-na-6-kongresu-hrvatskih-povjesnicara-rijeka-29-9-2-10-2021\/\">\u010clanovi projekta Prvi svjetski rat u kulturi sje\u0107anja na 6. kongresu hrvatskih povjesni\u010dara; Rijeka, 29. 9. &#8211; 2. 10. 2021.<\/a><br \/>\n&#8211; <a href=\"https:\/\/www.vegaintro-projekti.com\/pilar-stari\/2021\/09\/predavanje-dr-jaya-m-wintera-sound-silence-and-the-memory-of-the-great-war-zagreb-7-10-2021\/\">Predavanje dr. Jaya M. Wintera &#8220;Sound, silence and the memory of the Great War&#8221;; Zagreb, 7. 10. 2021.<\/a><br \/>\n&#8211; <a href=\"https:\/\/www.vegaintro-projekti.com\/pilar-stari\/2021\/09\/medunarodni-okrugli-stol-spomenicka-bastina-i-kultura-sjecanja-na-prvi-svjetski-rat-zagreb-9-10-9-2021\/\">Me\u0111unarodni okrugli stol \u201eSpomeni\u010dka ba\u0161tina i kultura sje\u0107anja na Prvi svjetski rat\u201c; Zagreb, 9.-10. 9. 2021.<\/a><br \/>\n&#8211; <a href=\"https:\/\/www.vegaintro-projekti.com\/pilar-stari\/2021\/09\/dr-sc-ljiljana-dobrovsak-na-7-hrvatskom-simpoziju-o-nastavi-povijesti-1-3-9-2021\/\">Dr. sc. Ljiljana Dobrov\u0161ak na 7. hrvatskom simpoziju o nastavi povijesti, 1.-3. 9. 2021.<\/a><br \/>\n&#8211; <a href=\"https:\/\/www.vegaintro-projekti.com\/pilar-stari\/2021\/07\/dr-sc-na-medunarodnoj-konferenciji-art-and-the-state-in-modern-central-europe-zagreb-30-6-3-7-2021\/\">Dr. sc. Ljiljana Dobrov\u0161ak na me\u0111unarodnoj konferenciji Art and the State in Modern Central Europe; Zagreb, 30. 6. &#8211; 3. 7. 2021.<\/a><br \/>\n&#8211; <a href=\"https:\/\/www.vegaintro-projekti.com\/pilar-stari\/2021\/07\/terensko-istrazivanje-u-srijemu-i-baranji-u-sklopu-projekta-prvi-svjetski-rat-u-kulturi-sjecanja-17-23-6-2021\/\">Terensko istra\u017eivanje u Srijemu i Baranji u sklopu projekta Prvi svjetski rat u kulturi sje\u0107anja, 17.-23. 6. 2021.<\/a><br \/>\n&#8211; <a href=\"https:\/\/www.vegaintro-projekti.com\/pilar-stari\/2021\/06\/dr-sc-sandra-cvikic-na-skupu-zavicajni-dunav-general-bojnik-otmar-babic-u-kulturi-sjecanja-na-prvi-svjetski-rat-12-6-2021\/\">Dr. sc. Sandra Cviki\u0107 na skupu ZAVI\u010cAJNI DUNAV: General-bojnik Otmar Babi\u0107 u kulturi sje\u0107anja na Prvi svjetski rat, 12. 6. 2021.<\/a><br \/>\n&#8211; <a href=\"https:\/\/www.vegaintro-projekti.com\/pilar-stari\/2021\/05\/novosti-na-projektu-prvi-svjetski-rat-u-kulturi-sjecanja-zaboravljena-bastina-sijecanj-travanj-2021\/\">Novosti na projektu Prvi svjetski rat u kulturi sje\u0107anja. Zaboravljena ba\u0161tina, sije\u010danj-travanj 2021.<\/a><br \/>\n&#8211; <a href=\"https:\/\/www.vegaintro-projekti.com\/pilar-stari\/2021\/03\/odrzani-sastanci-projekta-prvi-svjetski-rat-u-kulturi-sjecanja-zaboravljena-bastina-1-i-15-3-2021\/\">Odr\u017eani sastanci projekta Prvi svjetski rat u kulturi sje\u0107anja. Zaboravljena ba\u0161tina, 1. i 15. 3. 2021.<\/a><br \/>\n&#8211; <a href=\"https:\/\/www.vegaintro-projekti.com\/pilar-stari\/2021\/02\/dr-sc-ivana-zebec-silj-i-dr-sc-sandra-cvikic-na-on-line-konferenciji-loyalty-subjecthood-citizenship-between-empire-nation\/\">Dr. sc. Ivana \u017debec \u0160ilj i dr. sc. Sandra Cviki\u0107 na on-line konferenciji Loyalty, Subjecthood, &amp; Citizenship: Between Empire &amp; Nation, 4.-5. 2. 2021.<\/a><br \/>\n&#8211; <a href=\"https:\/\/www.vegaintro-projekti.com\/pilar-stari\/2020\/12\/drugi-sastanak-projekta-prvi-svjetski-rat-u-kulturi-sjecanja-zaboravljena-bastina-2-12-2020\/\">Drugi sastanak projekta Prvi svjetski rat u kulturi sje\u0107anja. Zaboravljena ba\u0161tina, 2. 12. 2020.<\/a><br \/>\n&#8211; <a href=\"https:\/\/www.vegaintro-projekti.com\/pilar-stari\/2020\/12\/dr-sc-ljiljana-dobrovsak-na-medunarodnom-znanstvenom-skupu-nijemci-i-austrijanci-u-hrvatskom-kulturnom-krugu\/\">Dr. sc. Ljiljana Dobrov\u0161ak na me\u0111unarodnom znanstvenom skupu \u201eNijemci i Austrijanci u hrvatskom kulturnom krugu\u201c, 13.-14. 11. 2020.<\/a><br \/>\n&#8211; <a href=\"https:\/\/www.vegaintro-projekti.com\/pilar-stari\/2020\/10\/dr-sc-monica-priante-na-skupu-covid-19-u-humanistickoj-perspektivi-mutacije-straha-i-kulturne-promjene-28-30-9-2020\/\">Dr. sc. Monica Priante na skupu \u201eCOVID-19 u humanisti\u010dkoj perspektivi: mutacije straha i kulturne promjene\u201c, 28.-30. 9. 2020.<\/a><br \/>\n&#8211; <a href=\"https:\/\/www.vegaintro-projekti.com\/pilar-stari\/2020\/09\/dr-sc-ljiljana-dobrovsak-i-dr-sc-ivana-zebec-silj-na-konferenciji-transitions-out-of-empire-23-24-9-2020\/\">Dr. sc. Ljiljana Dobrov\u0161ak i dr. sc. Ivana \u017debec \u0160ilj na konferenciji \u201dTransitions out of Empire&#8230;&#8221;, 23.-24. 9. 2020.<\/a><br \/>\n&#8211; <a href=\"https:\/\/www.vegaintro-projekti.com\/pilar-stari\/2020\/05\/dr-sc-ljiljana-dobrovsak-na-virtualnom-kliofestu-2020-predstavlja-projekt-prvi-svjetski-rat-u-kulturi-sjecanja\/\">Dr. sc. Ljiljana Dobrov\u0161ak u sklopu &#8220;Virtualnog Kliofesta 2020&#8221; predstavlja projekt Prvi svjetski rat u kulturi sje\u0107anja<\/a><br \/>\n&#8211; <a href=\"https:\/\/www.vegaintro-projekti.com\/pilar-stari\/2020\/02\/dr-sc-sandra-cvikic-na-konferenciji-ethnic-and-national-dimensions-of-the-state-u-sankt-peterburgu-6-7-2-2020\/\">Dr. sc. Sandra Cviki\u0107 na konferenciji \u201eEthnic and National Dimensions of the State\u201c u Sankt-Peterburgu, 6.\u20137. 2. 2020.<\/a><br \/>\n&#8211; <a href=\"https:\/\/www.vegaintro-projekti.com\/pilar-stari\/2020\/02\/dr-sc-ljiljana-dobrovsak-razgovor-s-povodom-prvi-svjetski-rat-u-kulturi-sjecanja-3-2-2020\/\">Dr. sc. Ljiljana Dobrov\u0161ak: Razgovor s povodom: Prvi svjetski rat u kulturi sje\u0107anja, 3. 2. 2020.<\/a><\/p>\n","protected":false},"excerpt":{"rendered":"<p>U razdoblju od sije\u010dnja 2020. do prosinca 2023. Institut dru\u0161tvenih znanosti Ivo Pilar provodi projekt \u201cPSRUKSZB \u2013 Prvi svjetski rat u kulturi sje\u0107anja. Zaboravljena ba\u0161tina\u201d. Voditeljica projekta je dr. sc. Ljiljana Dobrov\u0161ak. \u2212 Novosti Svrha istra\u017eivanja je potaknuti znanstvenu raspravu o &#8216;kulturi sje\u0107anja&#8217; na Prvi svjetski rat u Hrvatskoj na temelju dobivenih novih spoznaja o&hellip; <a class=\"continue\" href=\"https:\/\/www.vegaintro-projekti.com\/pilar-stari\/2020\/01\/prvi-svjetski-rat-u-kulturi-sjecanja-zaboravljena-bastina\/\">Pro\u010ditaj vi\u0161e o<span> Prvi svjetski rat u kulturi sje\u0107anja. Zaboravljena ba\u0161tina<\/span><\/a><\/p>\n","protected":false},"author":7,"featured_media":15558,"comment_status":"closed","ping_status":"closed","sticky":false,"template":"","format":"standard","meta":{"inline_featured_image":false,"ngg_post_thumbnail":0,"footnotes":""},"categories":[29],"tags":[],"yoast_head":"<!-- This site is optimized with the Yoast SEO plugin v21.2 - https:\/\/yoast.com\/wordpress\/plugins\/seo\/ -->\n<title>Prvi svjetski rat u kulturi sje\u0107anja. Zaboravljena ba\u0161tina - Institut dru&scaron;tvenih znanosti Ivo Pilar<\/title>\n<meta name=\"robots\" content=\"noindex, follow, max-snippet:-1, max-image-preview:large, max-video-preview:-1\" \/>\n<meta property=\"og:locale\" content=\"hr_HR\" \/>\n<meta property=\"og:type\" content=\"article\" \/>\n<meta property=\"og:title\" content=\"Prvi svjetski rat u kulturi sje\u0107anja. Zaboravljena ba\u0161tina - Institut dru&scaron;tvenih znanosti Ivo Pilar\" \/>\n<meta property=\"og:description\" content=\"U razdoblju od sije\u010dnja 2020. do prosinca 2023. Institut dru\u0161tvenih znanosti Ivo Pilar provodi projekt \u201cPSRUKSZB \u2013 Prvi svjetski rat u kulturi sje\u0107anja. Zaboravljena ba\u0161tina\u201d. Voditeljica projekta je dr. sc. Ljiljana Dobrov\u0161ak. \u2212 Novosti Svrha istra\u017eivanja je potaknuti znanstvenu raspravu o &#8216;kulturi sje\u0107anja&#8217; na Prvi svjetski rat u Hrvatskoj na temelju dobivenih novih spoznaja o&hellip; Pro\u010ditaj vi\u0161e o Prvi svjetski rat u kulturi sje\u0107anja. Zaboravljena ba\u0161tina\" \/>\n<meta property=\"og:url\" content=\"https:\/\/www.vegaintro-projekti.com\/pilar-stari\/2020\/01\/prvi-svjetski-rat-u-kulturi-sjecanja-zaboravljena-bastina\/\" \/>\n<meta property=\"og:site_name\" content=\"Institut dru&scaron;tvenih znanosti Ivo Pilar\" \/>\n<meta property=\"article:published_time\" content=\"2020-01-20T17:17:10+00:00\" \/>\n<meta property=\"article:modified_time\" content=\"2025-06-19T15:58:26+00:00\" \/>\n<meta property=\"og:image\" content=\"https:\/\/www.vegaintro-projekti.com\/pilar-stari\/wp-content\/uploads\/2020\/01\/mirogoj_ciklame_s.jpg\" \/>\n\t<meta property=\"og:image:width\" content=\"600\" \/>\n\t<meta property=\"og:image:height\" content=\"395\" \/>\n\t<meta property=\"og:image:type\" content=\"image\/jpeg\" \/>\n<meta name=\"author\" content=\"Boris\" \/>\n<meta name=\"twitter:card\" content=\"summary_large_image\" \/>\n<meta name=\"twitter:label1\" content=\"Napisao\/la\" \/>\n\t<meta name=\"twitter:data1\" content=\"Boris\" \/>\n\t<meta name=\"twitter:label2\" content=\"Procijenjeno vrijeme \u010ditanja\" \/>\n\t<meta name=\"twitter:data2\" content=\"10 minuta\" \/>\n<script type=\"application\/ld+json\" class=\"yoast-schema-graph\">{\"@context\":\"https:\/\/schema.org\",\"@graph\":[{\"@type\":\"WebPage\",\"@id\":\"https:\/\/www.vegaintro-projekti.com\/pilar-stari\/2020\/01\/prvi-svjetski-rat-u-kulturi-sjecanja-zaboravljena-bastina\/\",\"url\":\"https:\/\/www.vegaintro-projekti.com\/pilar-stari\/2020\/01\/prvi-svjetski-rat-u-kulturi-sjecanja-zaboravljena-bastina\/\",\"name\":\"Prvi svjetski rat u kulturi sje\u0107anja. Zaboravljena ba\u0161tina - Institut dru&scaron;tvenih znanosti Ivo Pilar\",\"isPartOf\":{\"@id\":\"https:\/\/www.vegaintro-projekti.com\/pilar-stari\/#website\"},\"datePublished\":\"2020-01-20T17:17:10+00:00\",\"dateModified\":\"2025-06-19T15:58:26+00:00\",\"author\":{\"@id\":\"https:\/\/www.vegaintro-projekti.com\/pilar-stari\/#\/schema\/person\/ddd404c9f1e15e4ffef5986ac6a5d28b\"},\"breadcrumb\":{\"@id\":\"https:\/\/www.vegaintro-projekti.com\/pilar-stari\/2020\/01\/prvi-svjetski-rat-u-kulturi-sjecanja-zaboravljena-bastina\/#breadcrumb\"},\"inLanguage\":\"hr\",\"potentialAction\":[{\"@type\":\"ReadAction\",\"target\":[\"https:\/\/www.vegaintro-projekti.com\/pilar-stari\/2020\/01\/prvi-svjetski-rat-u-kulturi-sjecanja-zaboravljena-bastina\/\"]}]},{\"@type\":\"BreadcrumbList\",\"@id\":\"https:\/\/www.vegaintro-projekti.com\/pilar-stari\/2020\/01\/prvi-svjetski-rat-u-kulturi-sjecanja-zaboravljena-bastina\/#breadcrumb\",\"itemListElement\":[{\"@type\":\"ListItem\",\"position\":1,\"name\":\"Home\",\"item\":\"https:\/\/www.vegaintro-projekti.com\/pilar-stari\/\"},{\"@type\":\"ListItem\",\"position\":2,\"name\":\"Prvi svjetski rat u kulturi sje\u0107anja. Zaboravljena ba\u0161tina\"}]},{\"@type\":\"WebSite\",\"@id\":\"https:\/\/www.vegaintro-projekti.com\/pilar-stari\/#website\",\"url\":\"https:\/\/www.vegaintro-projekti.com\/pilar-stari\/\",\"name\":\"Institut dru&scaron;tvenih znanosti Ivo Pilar\",\"description\":\"Pilar\",\"potentialAction\":[{\"@type\":\"SearchAction\",\"target\":{\"@type\":\"EntryPoint\",\"urlTemplate\":\"https:\/\/www.vegaintro-projekti.com\/pilar-stari\/?s={search_term_string}\"},\"query-input\":\"required name=search_term_string\"}],\"inLanguage\":\"hr\"},{\"@type\":\"Person\",\"@id\":\"https:\/\/www.vegaintro-projekti.com\/pilar-stari\/#\/schema\/person\/ddd404c9f1e15e4ffef5986ac6a5d28b\",\"name\":\"Boris\",\"image\":{\"@type\":\"ImageObject\",\"inLanguage\":\"hr\",\"@id\":\"https:\/\/www.vegaintro-projekti.com\/pilar-stari\/#\/schema\/person\/image\/\",\"url\":\"https:\/\/secure.gravatar.com\/avatar\/29557b161a6ce6ab86ac1503164f1e90?s=96&d=mm&r=g\",\"contentUrl\":\"https:\/\/secure.gravatar.com\/avatar\/29557b161a6ce6ab86ac1503164f1e90?s=96&d=mm&r=g\",\"caption\":\"Boris\"},\"url\":\"https:\/\/www.vegaintro-projekti.com\/pilar-stari\/author\/boris\/\"}]}<\/script>\n<!-- \/ Yoast SEO plugin. -->","yoast_head_json":{"title":"Prvi svjetski rat u kulturi sje\u0107anja. Zaboravljena ba\u0161tina - Institut dru&scaron;tvenih znanosti Ivo Pilar","robots":{"index":"noindex","follow":"follow","max-snippet":"max-snippet:-1","max-image-preview":"max-image-preview:large","max-video-preview":"max-video-preview:-1"},"og_locale":"hr_HR","og_type":"article","og_title":"Prvi svjetski rat u kulturi sje\u0107anja. Zaboravljena ba\u0161tina - Institut dru&scaron;tvenih znanosti Ivo Pilar","og_description":"U razdoblju od sije\u010dnja 2020. do prosinca 2023. Institut dru\u0161tvenih znanosti Ivo Pilar provodi projekt \u201cPSRUKSZB \u2013 Prvi svjetski rat u kulturi sje\u0107anja. Zaboravljena ba\u0161tina\u201d. Voditeljica projekta je dr. sc. Ljiljana Dobrov\u0161ak. \u2212 Novosti Svrha istra\u017eivanja je potaknuti znanstvenu raspravu o &#8216;kulturi sje\u0107anja&#8217; na Prvi svjetski rat u Hrvatskoj na temelju dobivenih novih spoznaja o&hellip; Pro\u010ditaj vi\u0161e o Prvi svjetski rat u kulturi sje\u0107anja. Zaboravljena ba\u0161tina","og_url":"https:\/\/www.vegaintro-projekti.com\/pilar-stari\/2020\/01\/prvi-svjetski-rat-u-kulturi-sjecanja-zaboravljena-bastina\/","og_site_name":"Institut dru&scaron;tvenih znanosti Ivo Pilar","article_published_time":"2020-01-20T17:17:10+00:00","article_modified_time":"2025-06-19T15:58:26+00:00","og_image":[{"width":600,"height":395,"url":"https:\/\/www.vegaintro-projekti.com\/pilar-stari\/wp-content\/uploads\/2020\/01\/mirogoj_ciklame_s.jpg","type":"image\/jpeg"}],"author":"Boris","twitter_card":"summary_large_image","twitter_misc":{"Napisao\/la":"Boris","Procijenjeno vrijeme \u010ditanja":"10 minuta"},"schema":{"@context":"https:\/\/schema.org","@graph":[{"@type":"WebPage","@id":"https:\/\/www.vegaintro-projekti.com\/pilar-stari\/2020\/01\/prvi-svjetski-rat-u-kulturi-sjecanja-zaboravljena-bastina\/","url":"https:\/\/www.vegaintro-projekti.com\/pilar-stari\/2020\/01\/prvi-svjetski-rat-u-kulturi-sjecanja-zaboravljena-bastina\/","name":"Prvi svjetski rat u kulturi sje\u0107anja. Zaboravljena ba\u0161tina - Institut dru&scaron;tvenih znanosti Ivo Pilar","isPartOf":{"@id":"https:\/\/www.vegaintro-projekti.com\/pilar-stari\/#website"},"datePublished":"2020-01-20T17:17:10+00:00","dateModified":"2025-06-19T15:58:26+00:00","author":{"@id":"https:\/\/www.vegaintro-projekti.com\/pilar-stari\/#\/schema\/person\/ddd404c9f1e15e4ffef5986ac6a5d28b"},"breadcrumb":{"@id":"https:\/\/www.vegaintro-projekti.com\/pilar-stari\/2020\/01\/prvi-svjetski-rat-u-kulturi-sjecanja-zaboravljena-bastina\/#breadcrumb"},"inLanguage":"hr","potentialAction":[{"@type":"ReadAction","target":["https:\/\/www.vegaintro-projekti.com\/pilar-stari\/2020\/01\/prvi-svjetski-rat-u-kulturi-sjecanja-zaboravljena-bastina\/"]}]},{"@type":"BreadcrumbList","@id":"https:\/\/www.vegaintro-projekti.com\/pilar-stari\/2020\/01\/prvi-svjetski-rat-u-kulturi-sjecanja-zaboravljena-bastina\/#breadcrumb","itemListElement":[{"@type":"ListItem","position":1,"name":"Home","item":"https:\/\/www.vegaintro-projekti.com\/pilar-stari\/"},{"@type":"ListItem","position":2,"name":"Prvi svjetski rat u kulturi sje\u0107anja. Zaboravljena ba\u0161tina"}]},{"@type":"WebSite","@id":"https:\/\/www.vegaintro-projekti.com\/pilar-stari\/#website","url":"https:\/\/www.vegaintro-projekti.com\/pilar-stari\/","name":"Institut dru&scaron;tvenih znanosti Ivo Pilar","description":"Pilar","potentialAction":[{"@type":"SearchAction","target":{"@type":"EntryPoint","urlTemplate":"https:\/\/www.vegaintro-projekti.com\/pilar-stari\/?s={search_term_string}"},"query-input":"required name=search_term_string"}],"inLanguage":"hr"},{"@type":"Person","@id":"https:\/\/www.vegaintro-projekti.com\/pilar-stari\/#\/schema\/person\/ddd404c9f1e15e4ffef5986ac6a5d28b","name":"Boris","image":{"@type":"ImageObject","inLanguage":"hr","@id":"https:\/\/www.vegaintro-projekti.com\/pilar-stari\/#\/schema\/person\/image\/","url":"https:\/\/secure.gravatar.com\/avatar\/29557b161a6ce6ab86ac1503164f1e90?s=96&d=mm&r=g","contentUrl":"https:\/\/secure.gravatar.com\/avatar\/29557b161a6ce6ab86ac1503164f1e90?s=96&d=mm&r=g","caption":"Boris"},"url":"https:\/\/www.vegaintro-projekti.com\/pilar-stari\/author\/boris\/"}]}},"_links":{"self":[{"href":"https:\/\/www.vegaintro-projekti.com\/pilar-stari\/wp-json\/wp\/v2\/posts\/15559"}],"collection":[{"href":"https:\/\/www.vegaintro-projekti.com\/pilar-stari\/wp-json\/wp\/v2\/posts"}],"about":[{"href":"https:\/\/www.vegaintro-projekti.com\/pilar-stari\/wp-json\/wp\/v2\/types\/post"}],"author":[{"embeddable":true,"href":"https:\/\/www.vegaintro-projekti.com\/pilar-stari\/wp-json\/wp\/v2\/users\/7"}],"replies":[{"embeddable":true,"href":"https:\/\/www.vegaintro-projekti.com\/pilar-stari\/wp-json\/wp\/v2\/comments?post=15559"}],"version-history":[{"count":69,"href":"https:\/\/www.vegaintro-projekti.com\/pilar-stari\/wp-json\/wp\/v2\/posts\/15559\/revisions"}],"predecessor-version":[{"id":34775,"href":"https:\/\/www.vegaintro-projekti.com\/pilar-stari\/wp-json\/wp\/v2\/posts\/15559\/revisions\/34775"}],"wp:featuredmedia":[{"embeddable":true,"href":"https:\/\/www.vegaintro-projekti.com\/pilar-stari\/wp-json\/wp\/v2\/media\/15558"}],"wp:attachment":[{"href":"https:\/\/www.vegaintro-projekti.com\/pilar-stari\/wp-json\/wp\/v2\/media?parent=15559"}],"wp:term":[{"taxonomy":"category","embeddable":true,"href":"https:\/\/www.vegaintro-projekti.com\/pilar-stari\/wp-json\/wp\/v2\/categories?post=15559"},{"taxonomy":"post_tag","embeddable":true,"href":"https:\/\/www.vegaintro-projekti.com\/pilar-stari\/wp-json\/wp\/v2\/tags?post=15559"}],"curies":[{"name":"wp","href":"https:\/\/api.w.org\/{rel}","templated":true}]}}