{"id":156,"date":"2008-11-06T22:35:52","date_gmt":"2008-11-06T22:35:52","guid":{"rendered":"https:\/\/www.vegaintro-projekti.com\/pilar-stari\/2008\/11\/06\/tijela-instituta\/"},"modified":"2025-10-21T12:19:50","modified_gmt":"2025-10-21T12:19:50","slug":"tijela-instituta","status":"publish","type":"post","link":"https:\/\/www.vegaintro-projekti.com\/pilar-stari\/2008\/11\/tijela-instituta\/","title":{"rendered":"Tijela Instituta"},"content":{"rendered":"<p><span style=\"font-size: 14pt;\"><a href=\"#vijece\">Upravno vije\u0107e<\/a> \u25cf <a href=\"#ravnatelj\">Ravnatelj<\/a> \u25cf <a href=\"#zvijece\">Znanstveno vije\u0107e<\/a> \u25cf <a href=\"#eticko\">Eti\u010dko povjerenstvo<\/a> \u25cf <a href=\"#steg\">Stegovno povjerenstvo<\/a> \u25cf <a href=\"#kolegij\">Kolegij ravnatelja<\/a> \u25cf <a href=\"#zsavjet\">Znanstveni savjet<\/a> \u25cf <a href=\"#klub\">Klub znanstvenih novaka<\/a> \u25cf <a href=\"#rvijece\">Radni\u010dko vije\u0107e<\/a><\/span> &nbsp;&nbsp;<\/p>\n<p>&nbsp;<\/p>\n<h3><a id=\"vijece\"><\/a>Upravno vije\u0107e<\/h3>\n<p>Upravno vije\u0107e upravlja Institutom, vodi financijsku i poslovnu politiku, odlu\u010duje o raspolaganju imovinom ve\u0107e vrijednosti sukladno Statutu Instituta te odlu\u010duje o svim pitanjima koja Statutom Instituta nisu u nadle\u017enosti drugih tijela.<br \/>\nUpravno vije\u0107e Instituta ima sedam \u010dlanova, od kojih je jedan predsjednik Vije\u0107a, imenovan od strane ministra znanosti i obrazovanja. \u010cetiri \u010dlana Upravnog vije\u0107a imenuje i razrje\u0161uje ministar znanosti i obrazovanja, dva \u010dlana imenuje i razrje\u0161uje Znanstveno vije\u0107e iz redova Znanstvenog vije\u0107a, a jednog \u010dlana Upravnog vije\u0107a imenuje Radni\u010dko vije\u0107e Instituta kao predstavnika zaposlenika.<br \/>\nMandat predsjednika i \u010dlanova Upravnog vije\u0107a traje \u010detiri godine.<\/p>\n<p><strong>Predsjednik<br \/>\n<\/strong>prof. dr. sc. Nevio \u0160eti\u0107<\/p>\n<p><strong>Zamjenik predsjednika<br \/>\n<\/strong>dr. sc. Benjamin Perasovi\u0107<strong><br \/>\n<\/strong><\/p>\n<p><strong>\u010clanovi<br \/>\n<\/strong>Mirela Crljen<strong><br \/>\n<\/strong>dr. sc. Renata Franc<br \/>\nprof. dr. sc. Ksenija Grubi\u0161i\u0107<br \/>\nIvan Milanovi\u0107 Litre<br \/>\nAna Varja\u010di\u0107<\/p>\n<p>&nbsp;<\/p>\n<h3><a id=\"ravnatelj\"><\/a>Ravnatelj<\/h3>\n<p>Ravnatelj je \u010delnik Instituta, predstavlja i zastupa Institut te odgovara za zakonitost rada Instituta.<\/p>\n<p><strong>Ravnatelj<\/strong><br \/>\nprof. dr. sc. \u017deljko Holjevac<\/p>\n<p><strong>Pomo\u0107nik ravnatelja<\/strong><br \/>\ndr. sc. Ivan Hrsti\u0107<\/p>\n<p><strong>Pomo\u0107nica ravnatelja<\/strong><br \/>\ndr. sc. Ljiljana Dobrov\u0161ak<\/p>\n<p>&nbsp;<\/p>\n<h3><a id=\"zvijece\"><\/a>Znanstveno vije\u0107e<\/h3>\n<p>Znanstveno vije\u0107e Instituta je stru\u010dno tijelo Instituta. Znanstveno vije\u0107e Instituta ima 40 \u010dlanova u sastavu: ravnatelj Instituta, 37 predstavnika zaposlenika na znanstvenim radnim mjestima (iz podru\u010dja dru\u0161tvenih i humanisti\u010dkih znanosti te iz interdisciplinarnog podru\u010dja znanosti), 1 predstavnik zaposlenika na suradni\u010dkom radnom mjestu asistenta i 1 predstavnik zaposlenika na suradni\u010dkom radnom mjestu vi\u0161eg asistenta.<\/p>\n<p><strong>Predsjednica<\/strong><br \/>\ndr. sc. Braj\u0161a \u2013 \u017dganec Andreja<\/p>\n<p><strong>Zamjenik predsjednice<\/strong><br \/>\ndr. sc. Mileti\u0107 Geran &#8211; Marko<\/p>\n<p><strong>\u010clanovi<\/strong><br \/>\ndr. sc. Alti\u0107 Mirela<br \/>\ndr. sc. Babarovi\u0107 Toni<br \/>\ndr. sc. Bendra Ivana<br \/>\ndr. sc. Brklja\u010di\u0107 Tihana<br \/>\ndr. sc. Brli\u0107 Ivan<br \/>\ndr. sc. Buru\u0161i\u0107 Josip<br \/>\ndr. sc. Bu\u0161ljeta Tonkovi\u0107 Anita<br \/>\ndr. sc. Derado Augustin<br \/>\ndr. sc. Dobrov\u0161ak Ljiljana<br \/>\ndr. sc. Franc Renata<br \/>\ndr. sc. Geiger Zeman Marija<br \/>\ndr. sc. Glavak Tkali\u0107 Renata<br \/>\ndr. sc. Holjevac \u017deljko, ravnatelj<br \/>\ndr. sc. Hrsti\u0107 Ivan<br \/>\ndr. sc. Kotrla Topi\u0107 Marina<br \/>\ndr. sc. Lupis Vinicije<br \/>\ndr. sc. Majeti\u0107 Filip<br \/>\ndr. sc. Marini\u0107 Marko<br \/>\ndr. sc. Milas Goran<br \/>\ndr. sc. Mustapi\u0107 Marko<br \/>\ndr. sc. Pera\u010dkovi\u0107 Kre\u0161imir<br \/>\ndr. sc. Perasovi\u0107 Benjamin<br \/>\ndr. sc. Poljanec Bori\u0107 Sa\u0161a<br \/>\ndr. sc. Rada\u010di\u0107 Ivana<br \/>\ndr. sc. \u0160iki\u0107 &#8211; Mi\u0107anovi\u0107 Lynette<br \/>\ndr. sc. \u0160imle\u0161a Dra\u017een<br \/>\ndr. sc. \u0160poljar Vr\u017eina Sanja<br \/>\ndr. sc. Su\u010di\u0107 Ines<br \/>\ndr. sc. \u0160verko Iva<br \/>\ndr. sc. Tadi\u0107 Vuj\u010di\u0107 Maja<br \/>\nTomac Nensi<br \/>\ndr. sc. Turk Ivo<br \/>\ndr. sc. Ursi\u0107 Sara<br \/>\ndr. sc. Vojak Danijel<br \/>\ndr. sc. Wertag Anja<br \/>\ndr. sc. \u017dani\u0107 Mateo<br \/>\ndr. sc. \u017debec \u0160ilj Ivana<br \/>\ndr. sc. \u017divi\u0107 Dra\u017een<\/p>\n<p>&nbsp;<\/p>\n<h3><a id=\"eticko\"><\/a>Eti\u010dko povjerenstvo<\/h3>\n<p>Eti\u010dko povjerenstvo promi\u010de i \u0161titi eti\u010dka na\u010dela u znanstvenoj djelatnosti, stru\u010dnom radu, me\u0111usobnim odnosima i javnom istupanju znanstvenika, suradnika i drugih zaposlenika.&nbsp;<\/p>\n<p>dr. sc. Ines Su\u010di\u0107, znanstvena savjetnica, predsjednica<br \/>\ndr. sc. Andreja Braj\u0161a-\u017dganec, znanstvena savjetnica u trajnom izboru, \u010dlanica<br \/>\ndr. sc. Geran-Marko Mileti\u0107, znanstveni savjetnik, \u010dlan<br \/>\ndr. sc. Ivan Hrsti\u0107, vi\u0161i znanstveni suradnik, \u010dlan<br \/>\ndr. sc. Jelena Pu\u0111ak, vi\u0161a znanstvena suradnica, \u010dlanica<\/p>\n<p>&nbsp;<\/p>\n<h3><a id=\"steg\"><\/a>Stegovno povjerenstvo<\/h3>\n<p>Stegovno povjerenstvo utvr\u0111uje povrede radnih obveza, naru\u0161avanje ugleda Instituta te kr\u0161enje Eti\u010dkog kodeksa.<\/p>\n<p>&nbsp;<\/p>\n<h3><a id=\"kolegij\"><\/a>Kolegij ravnatelja<\/h3>\n<p>Kolegij ravnatelja je koordinacijsko i savjetodavno tijelo ravnatelja koje raspravlja i poma\u017ee ravnatelju u odlu\u010divanju o pitanjima teku\u0107eg poslovanja.<\/p>\n<p>&nbsp;<\/p>\n<h3><a id=\"zsavjet\"><\/a>Znanstveni savjet<\/h3>\n<p>Znanstveni savjet je savjetodavno tijelo Instituta koje procjenjuje kvalitetu i zna\u010denje znanstvenih istra\u017eivanja i rada Instituta, predla\u017ee pokretanje novih strate\u0161kih pravaca istra\u017eivanja, me\u0111unarodne suradnje te komunikacije i diseminacije rezultata istra\u017eivanja. Znanstveno vije\u0107e imenovalo je \u010dlanove Znanstvenog savjeta na mandat od \u010detiri godine, u razdoblju od 14. 5. 2025. do 13. 5. 2029. godine, u sastavu:<\/p>\n<p>dr. sc. Predrag Bejakovi\u0107, znanstveni savjetnik u trajnom izboru,<br \/>\ndr. sc. Ljiljana Kaliterna Lipov\u010dan, znanstvena savjetnica u trajnom izboru, znanstvenica emerita,<br \/>\ndr. sc. Zvjezdana Penezi\u0107, red. prof. u trajnom izboru, Sveu\u010dili\u0161te u Zadru<br \/>\ndr. sc. Mateja Sedmak, red. prof., Institute for Social Studies, Science and Research Centre Koper, Slovenia<br \/>\ndr. sc. Petra Svolj\u0161ak, izv. prof., ZRC SAZU, Milko Kos Historical Institute, Ljubljana, Slovenia<br \/>\ndr. sc. Inga Tomi\u0107-Koludrovi\u0107, znanstvena savjetnica u trajnom izboru, znanstvenica emerita<\/p>\n<p>&nbsp;<\/p>\n<h3><a id=\"klub\"><\/a>Klub znanstvenih novaka<\/h3>\n<p>Klub znanstvenih novaka osnovan je 2005. godine s ciljem okupljanja asistenata zaposlenih na Institutu dru\u0161tvenih znanosti Ivo Pilar. Putem kluba asistenti raspravljaju o svim bitnim problemima veznim uz rad na Institutu i \u0161kolovanje na poslijediplomskim studijima obrazovnih institucija koje poha\u0111aju. Kako znanstveni novaci imaju svoje predstavnike u Znanstvenome vije\u0107u Instituta, Klub znanstvenih novaka je ujedno i na\u010din za izra\u017eavanje mi\u0161ljenja novaka pred Vije\u0107em vezano uz sve teku\u0107e poslove i razvojne planove Instituta.<\/p>\n<p>&nbsp;<\/p>\n<h3><a id=\"rvijece\"><\/a>Radni\u010dko vije\u0107e<\/h3>\n<p>Radni\u010dko vije\u0107e Instituta utemeljeno je 2008. godine, sukladno odredbama Zakona o radu, i broji 3 predstavnika zaposlenika Instituta. Bira se na mandat od \u010detiri godine. Dana 1. svibnja 2022. godine izabrano je Radni\u010dko vije\u0107e u sastavu:<\/p>\n<p>Mirela Crljen, predsjedinica<br \/>\ndr. sc. Ivan Hrsti\u0107, zamjenik predsjednice<br \/>\ndr. sc. Ljiljana Dobrov\u0161ak, \u010dlanica<\/p>\n<p>&nbsp;<\/p>\n","protected":false},"excerpt":{"rendered":"<p>Upravno vije\u0107e \u25cf Ravnatelj \u25cf Znanstveno vije\u0107e \u25cf Eti\u010dko povjerenstvo \u25cf Stegovno povjerenstvo \u25cf Kolegij ravnatelja \u25cf Znanstveni savjet \u25cf Klub znanstvenih novaka \u25cf Radni\u010dko vije\u0107e &nbsp;&nbsp; &nbsp; Upravno vije\u0107e Upravno vije\u0107e upravlja Institutom, vodi financijsku i poslovnu politiku, odlu\u010duje o raspolaganju imovinom ve\u0107e vrijednosti sukladno Statutu Instituta te odlu\u010duje o svim pitanjima koja Statutom&hellip; <a class=\"continue\" href=\"https:\/\/www.vegaintro-projekti.com\/pilar-stari\/2008\/11\/tijela-instituta\/\">Pro\u010ditaj vi\u0161e o<span> Tijela Instituta<\/span><\/a><\/p>\n","protected":false},"author":1,"featured_media":0,"comment_status":"closed","ping_status":"closed","sticky":false,"template":"","format":"standard","meta":{"inline_featured_image":false,"ngg_post_thumbnail":0,"footnotes":""},"categories":[50],"tags":[],"yoast_head":"<!-- This site is optimized with the Yoast SEO plugin v21.2 - https:\/\/yoast.com\/wordpress\/plugins\/seo\/ -->\n<title>Tijela Instituta - Institut dru&scaron;tvenih znanosti Ivo Pilar<\/title>\n<meta name=\"robots\" content=\"noindex, follow, max-snippet:-1, max-image-preview:large, max-video-preview:-1\" \/>\n<meta property=\"og:locale\" content=\"hr_HR\" \/>\n<meta property=\"og:type\" content=\"article\" \/>\n<meta property=\"og:title\" content=\"Tijela Instituta - Institut dru&scaron;tvenih znanosti Ivo Pilar\" \/>\n<meta property=\"og:description\" content=\"Upravno vije\u0107e \u25cf Ravnatelj \u25cf Znanstveno vije\u0107e \u25cf Eti\u010dko povjerenstvo \u25cf Stegovno povjerenstvo \u25cf Kolegij ravnatelja \u25cf Znanstveni savjet \u25cf Klub znanstvenih novaka \u25cf Radni\u010dko vije\u0107e &nbsp;&nbsp; &nbsp; Upravno vije\u0107e Upravno vije\u0107e upravlja Institutom, vodi financijsku i poslovnu politiku, odlu\u010duje o raspolaganju imovinom ve\u0107e vrijednosti sukladno Statutu Instituta te odlu\u010duje o svim pitanjima koja Statutom&hellip; Pro\u010ditaj vi\u0161e o Tijela Instituta\" \/>\n<meta property=\"og:url\" content=\"https:\/\/www.vegaintro-projekti.com\/pilar-stari\/2008\/11\/tijela-instituta\/\" \/>\n<meta property=\"og:site_name\" content=\"Institut dru&scaron;tvenih znanosti Ivo Pilar\" \/>\n<meta property=\"article:published_time\" content=\"2008-11-06T22:35:52+00:00\" \/>\n<meta property=\"article:modified_time\" content=\"2025-10-21T12:19:50+00:00\" \/>\n<meta name=\"author\" content=\"pilar-admin\" \/>\n<meta name=\"twitter:card\" content=\"summary_large_image\" \/>\n<meta name=\"twitter:label1\" content=\"Napisao\/la\" \/>\n\t<meta name=\"twitter:data1\" content=\"pilar-admin\" \/>\n\t<meta name=\"twitter:label2\" content=\"Procijenjeno vrijeme \u010ditanja\" \/>\n\t<meta name=\"twitter:data2\" content=\"5 minuta\" \/>\n<script type=\"application\/ld+json\" class=\"yoast-schema-graph\">{\"@context\":\"https:\/\/schema.org\",\"@graph\":[{\"@type\":\"WebPage\",\"@id\":\"https:\/\/www.vegaintro-projekti.com\/pilar-stari\/2008\/11\/tijela-instituta\/\",\"url\":\"https:\/\/www.vegaintro-projekti.com\/pilar-stari\/2008\/11\/tijela-instituta\/\",\"name\":\"Tijela Instituta - Institut dru&scaron;tvenih znanosti Ivo Pilar\",\"isPartOf\":{\"@id\":\"https:\/\/www.vegaintro-projekti.com\/pilar-stari\/#website\"},\"datePublished\":\"2008-11-06T22:35:52+00:00\",\"dateModified\":\"2025-10-21T12:19:50+00:00\",\"author\":{\"@id\":\"https:\/\/www.vegaintro-projekti.com\/pilar-stari\/#\/schema\/person\/c0db50ebd77c4409e19b18044bbf10c1\"},\"breadcrumb\":{\"@id\":\"https:\/\/www.vegaintro-projekti.com\/pilar-stari\/2008\/11\/tijela-instituta\/#breadcrumb\"},\"inLanguage\":\"hr\",\"potentialAction\":[{\"@type\":\"ReadAction\",\"target\":[\"https:\/\/www.vegaintro-projekti.com\/pilar-stari\/2008\/11\/tijela-instituta\/\"]}]},{\"@type\":\"BreadcrumbList\",\"@id\":\"https:\/\/www.vegaintro-projekti.com\/pilar-stari\/2008\/11\/tijela-instituta\/#breadcrumb\",\"itemListElement\":[{\"@type\":\"ListItem\",\"position\":1,\"name\":\"Home\",\"item\":\"https:\/\/www.vegaintro-projekti.com\/pilar-stari\/\"},{\"@type\":\"ListItem\",\"position\":2,\"name\":\"Tijela Instituta\"}]},{\"@type\":\"WebSite\",\"@id\":\"https:\/\/www.vegaintro-projekti.com\/pilar-stari\/#website\",\"url\":\"https:\/\/www.vegaintro-projekti.com\/pilar-stari\/\",\"name\":\"Institut dru&scaron;tvenih znanosti Ivo Pilar\",\"description\":\"Pilar\",\"potentialAction\":[{\"@type\":\"SearchAction\",\"target\":{\"@type\":\"EntryPoint\",\"urlTemplate\":\"https:\/\/www.vegaintro-projekti.com\/pilar-stari\/?s={search_term_string}\"},\"query-input\":\"required name=search_term_string\"}],\"inLanguage\":\"hr\"},{\"@type\":\"Person\",\"@id\":\"https:\/\/www.vegaintro-projekti.com\/pilar-stari\/#\/schema\/person\/c0db50ebd77c4409e19b18044bbf10c1\",\"name\":\"pilar-admin\",\"image\":{\"@type\":\"ImageObject\",\"inLanguage\":\"hr\",\"@id\":\"https:\/\/www.vegaintro-projekti.com\/pilar-stari\/#\/schema\/person\/image\/\",\"url\":\"https:\/\/secure.gravatar.com\/avatar\/fac9e03c4db0011b9c1ad8b5e9c74b8c?s=96&d=mm&r=g\",\"contentUrl\":\"https:\/\/secure.gravatar.com\/avatar\/fac9e03c4db0011b9c1ad8b5e9c74b8c?s=96&d=mm&r=g\",\"caption\":\"pilar-admin\"},\"url\":\"https:\/\/www.vegaintro-projekti.com\/pilar-stari\/author\/pilar-admin\/\"}]}<\/script>\n<!-- \/ Yoast SEO plugin. -->","yoast_head_json":{"title":"Tijela Instituta - Institut dru&scaron;tvenih znanosti Ivo Pilar","robots":{"index":"noindex","follow":"follow","max-snippet":"max-snippet:-1","max-image-preview":"max-image-preview:large","max-video-preview":"max-video-preview:-1"},"og_locale":"hr_HR","og_type":"article","og_title":"Tijela Instituta - Institut dru&scaron;tvenih znanosti Ivo Pilar","og_description":"Upravno vije\u0107e \u25cf Ravnatelj \u25cf Znanstveno vije\u0107e \u25cf Eti\u010dko povjerenstvo \u25cf Stegovno povjerenstvo \u25cf Kolegij ravnatelja \u25cf Znanstveni savjet \u25cf Klub znanstvenih novaka \u25cf Radni\u010dko vije\u0107e &nbsp;&nbsp; &nbsp; Upravno vije\u0107e Upravno vije\u0107e upravlja Institutom, vodi financijsku i poslovnu politiku, odlu\u010duje o raspolaganju imovinom ve\u0107e vrijednosti sukladno Statutu Instituta te odlu\u010duje o svim pitanjima koja Statutom&hellip; Pro\u010ditaj vi\u0161e o Tijela Instituta","og_url":"https:\/\/www.vegaintro-projekti.com\/pilar-stari\/2008\/11\/tijela-instituta\/","og_site_name":"Institut dru&scaron;tvenih znanosti Ivo Pilar","article_published_time":"2008-11-06T22:35:52+00:00","article_modified_time":"2025-10-21T12:19:50+00:00","author":"pilar-admin","twitter_card":"summary_large_image","twitter_misc":{"Napisao\/la":"pilar-admin","Procijenjeno vrijeme \u010ditanja":"5 minuta"},"schema":{"@context":"https:\/\/schema.org","@graph":[{"@type":"WebPage","@id":"https:\/\/www.vegaintro-projekti.com\/pilar-stari\/2008\/11\/tijela-instituta\/","url":"https:\/\/www.vegaintro-projekti.com\/pilar-stari\/2008\/11\/tijela-instituta\/","name":"Tijela Instituta - Institut dru&scaron;tvenih znanosti Ivo Pilar","isPartOf":{"@id":"https:\/\/www.vegaintro-projekti.com\/pilar-stari\/#website"},"datePublished":"2008-11-06T22:35:52+00:00","dateModified":"2025-10-21T12:19:50+00:00","author":{"@id":"https:\/\/www.vegaintro-projekti.com\/pilar-stari\/#\/schema\/person\/c0db50ebd77c4409e19b18044bbf10c1"},"breadcrumb":{"@id":"https:\/\/www.vegaintro-projekti.com\/pilar-stari\/2008\/11\/tijela-instituta\/#breadcrumb"},"inLanguage":"hr","potentialAction":[{"@type":"ReadAction","target":["https:\/\/www.vegaintro-projekti.com\/pilar-stari\/2008\/11\/tijela-instituta\/"]}]},{"@type":"BreadcrumbList","@id":"https:\/\/www.vegaintro-projekti.com\/pilar-stari\/2008\/11\/tijela-instituta\/#breadcrumb","itemListElement":[{"@type":"ListItem","position":1,"name":"Home","item":"https:\/\/www.vegaintro-projekti.com\/pilar-stari\/"},{"@type":"ListItem","position":2,"name":"Tijela Instituta"}]},{"@type":"WebSite","@id":"https:\/\/www.vegaintro-projekti.com\/pilar-stari\/#website","url":"https:\/\/www.vegaintro-projekti.com\/pilar-stari\/","name":"Institut dru&scaron;tvenih znanosti Ivo Pilar","description":"Pilar","potentialAction":[{"@type":"SearchAction","target":{"@type":"EntryPoint","urlTemplate":"https:\/\/www.vegaintro-projekti.com\/pilar-stari\/?s={search_term_string}"},"query-input":"required name=search_term_string"}],"inLanguage":"hr"},{"@type":"Person","@id":"https:\/\/www.vegaintro-projekti.com\/pilar-stari\/#\/schema\/person\/c0db50ebd77c4409e19b18044bbf10c1","name":"pilar-admin","image":{"@type":"ImageObject","inLanguage":"hr","@id":"https:\/\/www.vegaintro-projekti.com\/pilar-stari\/#\/schema\/person\/image\/","url":"https:\/\/secure.gravatar.com\/avatar\/fac9e03c4db0011b9c1ad8b5e9c74b8c?s=96&d=mm&r=g","contentUrl":"https:\/\/secure.gravatar.com\/avatar\/fac9e03c4db0011b9c1ad8b5e9c74b8c?s=96&d=mm&r=g","caption":"pilar-admin"},"url":"https:\/\/www.vegaintro-projekti.com\/pilar-stari\/author\/pilar-admin\/"}]}},"_links":{"self":[{"href":"https:\/\/www.vegaintro-projekti.com\/pilar-stari\/wp-json\/wp\/v2\/posts\/156"}],"collection":[{"href":"https:\/\/www.vegaintro-projekti.com\/pilar-stari\/wp-json\/wp\/v2\/posts"}],"about":[{"href":"https:\/\/www.vegaintro-projekti.com\/pilar-stari\/wp-json\/wp\/v2\/types\/post"}],"author":[{"embeddable":true,"href":"https:\/\/www.vegaintro-projekti.com\/pilar-stari\/wp-json\/wp\/v2\/users\/1"}],"replies":[{"embeddable":true,"href":"https:\/\/www.vegaintro-projekti.com\/pilar-stari\/wp-json\/wp\/v2\/comments?post=156"}],"version-history":[{"count":59,"href":"https:\/\/www.vegaintro-projekti.com\/pilar-stari\/wp-json\/wp\/v2\/posts\/156\/revisions"}],"predecessor-version":[{"id":36138,"href":"https:\/\/www.vegaintro-projekti.com\/pilar-stari\/wp-json\/wp\/v2\/posts\/156\/revisions\/36138"}],"wp:attachment":[{"href":"https:\/\/www.vegaintro-projekti.com\/pilar-stari\/wp-json\/wp\/v2\/media?parent=156"}],"wp:term":[{"taxonomy":"category","embeddable":true,"href":"https:\/\/www.vegaintro-projekti.com\/pilar-stari\/wp-json\/wp\/v2\/categories?post=156"},{"taxonomy":"post_tag","embeddable":true,"href":"https:\/\/www.vegaintro-projekti.com\/pilar-stari\/wp-json\/wp\/v2\/tags?post=156"}],"curies":[{"name":"wp","href":"https:\/\/api.w.org\/{rel}","templated":true}]}}