{"id":15808,"date":"2020-02-11T17:40:52","date_gmt":"2020-02-11T17:40:52","guid":{"rendered":"https:\/\/www.vegaintro-projekti.com\/pilar-stari\/?p=15808"},"modified":"2020-02-11T17:56:15","modified_gmt":"2020-02-11T17:56:15","slug":"potpisan-sporazum-o-suradnji-instituta-pilar-sa-sredisnjim-drzavnim-uredom-za-hrvate-izvan-rh-11-2-2020","status":"publish","type":"post","link":"https:\/\/www.vegaintro-projekti.com\/pilar-stari\/2020\/02\/potpisan-sporazum-o-suradnji-instituta-pilar-sa-sredisnjim-drzavnim-uredom-za-hrvate-izvan-rh-11-2-2020\/","title":{"rendered":"Potpisan Sporazum o suradnji Instituta Pilar sa Sredi\u0161njim dr\u017eavnim uredom za Hrvate izvan RH, 11. 2. 2020."},"content":{"rendered":"<p><strong>Zvonko Milas, dr\u017eavni tajnik Sredi\u0161njeg dr\u017eavnog ureda za Hrvate izvan Republike Hrvatske i \u017deljko Holjevac, ravnatelj Instituta dru\u0161tvenih znanosti Ivo Pilar potpisali su u utorak, 11. velja\u010de 2020., Sporazum u suradnji<\/strong><\/p>\n<p><a href=\"https:\/\/www.vegaintro-projekti.com\/pilar-stari\/wp-content\/uploads\/2020\/02\/Sp_1.jpg\"><img decoding=\"async\" loading=\"lazy\" class=\"alignnone wp-image-15802 size-full\" src=\"https:\/\/www.vegaintro-projekti.com\/pilar-stari\/wp-content\/uploads\/2020\/02\/Sp_1_s.jpg\" alt=\"\" width=\"310\" height=\"207\" srcset=\"https:\/\/www.vegaintro-projekti.com\/pilar-stari\/wp-content\/uploads\/2020\/02\/Sp_1_s.jpg 310w, https:\/\/www.vegaintro-projekti.com\/pilar-stari\/wp-content\/uploads\/2020\/02\/Sp_1_s-300x200.jpg 300w\" sizes=\"(max-width: 310px) 100vw, 310px\" \/><\/a><a href=\"https:\/\/www.vegaintro-projekti.com\/pilar-stari\/wp-content\/uploads\/2020\/02\/Sp_2.jpg\"><img decoding=\"async\" loading=\"lazy\" class=\"alignnone wp-image-15804 size-full\" src=\"https:\/\/www.vegaintro-projekti.com\/pilar-stari\/wp-content\/uploads\/2020\/02\/Sp_2_s.jpg\" alt=\"\" width=\"310\" height=\"207\" srcset=\"https:\/\/www.vegaintro-projekti.com\/pilar-stari\/wp-content\/uploads\/2020\/02\/Sp_2_s.jpg 310w, https:\/\/www.vegaintro-projekti.com\/pilar-stari\/wp-content\/uploads\/2020\/02\/Sp_2_s-300x200.jpg 300w\" sizes=\"(max-width: 310px) 100vw, 310px\" \/><\/a><a href=\"https:\/\/www.vegaintro-projekti.com\/pilar-stari\/wp-content\/uploads\/2020\/02\/Sporazum_v.jpg\"><img decoding=\"async\" loading=\"lazy\" class=\"alignnone wp-image-15806 size-full\" src=\"https:\/\/www.vegaintro-projekti.com\/pilar-stari\/wp-content\/uploads\/2020\/02\/Sporazum_s.jpg\" alt=\"\" width=\"620\" height=\"414\" srcset=\"https:\/\/www.vegaintro-projekti.com\/pilar-stari\/wp-content\/uploads\/2020\/02\/Sporazum_s.jpg 620w, https:\/\/www.vegaintro-projekti.com\/pilar-stari\/wp-content\/uploads\/2020\/02\/Sporazum_s-300x200.jpg 300w\" sizes=\"(max-width: 620px) 100vw, 620px\" \/><\/a><\/p>\n<p><span style=\"font-size: 8pt;\"><strong>Potpisivanje Sporazuma o suradnji Instituta Pilar sa Sredi\u0161njim dr\u017eavnim uredom za Hrvate izvan RH; Zagreb, 11. velja\u010de 2020.<\/strong><\/span><\/p>\n<p>Ured i Institut ovim su Sporazumom utvrdili va\u017enost podupiranja i razvijanja postoje\u0107ih, kao i osmi\u0161ljavanja novih znanstvenih i stru\u010dnih projekata te razvijanja odnosa institucija Republike Hrvatske s Hrvatima izvan Republike Hrvatske s ciljem istra\u017eivanja klju\u010dnih fenomena i najva\u017enijih pitanja Hrvata izvan domovine, a time istovremeno i o\u010duvanja i promicanja hrvatskog jezika i kulture.<\/p>\n<p>Dr\u017eavni tajnik Milas i ravnatelj Holjevac izrazili su spremnost za razvijanje me\u0111usobne suradnje i provo\u0111enje zajedni\u010dkih aktivnosti, posebice u podru\u010dju znanstveno-istra\u017eiva\u010dke djelatnosti te provedbe znanstvenih i istra\u017eiva\u010dkih projekata u okviru zajedni\u010dkih interesa. Dogovoren je sastanak u narednom razdoblju na kojem \u0107e, zajedno sa suradnicima, konkretizirati projekte i detaljnije definirati pravce suradnje.<\/p>\n<p>\u201ePrioritet nam je do ljeta objaviti Leksikon hrvatskog iseljeni\u0161tva i manjina u suradnji sa Sredi\u0161njim dr\u017eavnim uredom za Hrvate izvan Republike Hrvatske i Hrvatskom maticom iseljenika, a otvoreni smo i za ostale znanstveno-istra\u017eiva\u010dke projekte od zajedni\u010dkog interesa na dobrobit Hrvata u Bosni i Hercegovini i hrvatskih zajednica \u0161irom svijeta, od Europe i obje Amerike do Australije i Novog Zelanda\u201c, istaknuo je ovom prilikom ravnatelj Instituta \u017deljko Holjevac.<\/p>\n<p>Dr\u017eavni tajnik Milas kazao je kako je Ured i dosad dobro sura\u0111ivao s Institutom Pilar, dodav\u0161i kako \u0107e formalni Sporazum toj suradnji dodatno doprinijeti. \u201eUvjeren sam kako \u0107e se potpisivanjem Sporazuma stvoriti kvalitetan okvir koji \u0107e poticajno djelovati na na\u0161u budu\u0107u suradnju i pobolj\u0161ati provo\u0111enje zajedni\u010dkih aktivnosti, posebice u provedbi znanstveno-istra\u017eiva\u010dkih projekata, u povezivanju s Hrvatima izvan Republike Hrvatske, o temama hrvatskog iseljeni\u0161tva, hrvatske nacionalne manjine i Hrvata u Bosni i Hercegovini.\u201c<\/p>\n<blockquote><p><a href=\"https:\/\/hrvatiizvanrh.gov.hr\/\">Sredi\u0161nji dr\u017eavni ured za Hrvate izvan RH<\/a><\/p><\/blockquote>\n","protected":false},"excerpt":{"rendered":"<p>Zvonko Milas, dr\u017eavni tajnik Sredi\u0161njeg dr\u017eavnog ureda za Hrvate izvan Republike Hrvatske i \u017deljko Holjevac, ravnatelj Instituta dru\u0161tvenih znanosti Ivo Pilar potpisali su u utorak, 11. velja\u010de 2020., Sporazum u suradnji Potpisivanje Sporazuma o suradnji Instituta Pilar sa Sredi\u0161njim dr\u017eavnim uredom za Hrvate izvan RH; Zagreb, 11. velja\u010de 2020. Ured i Institut ovim su Sporazumom&hellip; <a class=\"continue\" href=\"https:\/\/www.vegaintro-projekti.com\/pilar-stari\/2020\/02\/potpisan-sporazum-o-suradnji-instituta-pilar-sa-sredisnjim-drzavnim-uredom-za-hrvate-izvan-rh-11-2-2020\/\">Pro\u010ditaj vi\u0161e o<span> Potpisan Sporazum o suradnji Instituta Pilar sa Sredi\u0161njim dr\u017eavnim uredom za Hrvate izvan RH, 11. 2. 2020.<\/span><\/a><\/p>\n","protected":false},"author":7,"featured_media":15816,"comment_status":"closed","ping_status":"closed","sticky":false,"template":"","format":"standard","meta":{"inline_featured_image":false,"ngg_post_thumbnail":0,"footnotes":""},"categories":[48,9],"tags":[],"yoast_head":"<!-- This site is optimized with the Yoast SEO plugin v21.2 - https:\/\/yoast.com\/wordpress\/plugins\/seo\/ -->\n<title>Potpisan Sporazum o suradnji Instituta Pilar sa Sredi\u0161njim dr\u017eavnim uredom za Hrvate izvan RH, 11. 2. 2020. - Institut dru&scaron;tvenih znanosti Ivo Pilar<\/title>\n<meta name=\"robots\" content=\"noindex, follow, max-snippet:-1, max-image-preview:large, max-video-preview:-1\" \/>\n<meta property=\"og:locale\" content=\"hr_HR\" \/>\n<meta property=\"og:type\" content=\"article\" \/>\n<meta property=\"og:title\" content=\"Potpisan Sporazum o suradnji Instituta Pilar sa Sredi\u0161njim dr\u017eavnim uredom za Hrvate izvan RH, 11. 2. 2020. - Institut dru&scaron;tvenih znanosti Ivo Pilar\" \/>\n<meta property=\"og:description\" content=\"Zvonko Milas, dr\u017eavni tajnik Sredi\u0161njeg dr\u017eavnog ureda za Hrvate izvan Republike Hrvatske i \u017deljko Holjevac, ravnatelj Instituta dru\u0161tvenih znanosti Ivo Pilar potpisali su u utorak, 11. velja\u010de 2020., Sporazum u suradnji Potpisivanje Sporazuma o suradnji Instituta Pilar sa Sredi\u0161njim dr\u017eavnim uredom za Hrvate izvan RH; Zagreb, 11. velja\u010de 2020. Ured i Institut ovim su Sporazumom&hellip; Pro\u010ditaj vi\u0161e o Potpisan Sporazum o suradnji Instituta Pilar sa Sredi\u0161njim dr\u017eavnim uredom za Hrvate izvan RH, 11. 2. 2020.\" \/>\n<meta property=\"og:url\" content=\"https:\/\/www.vegaintro-projekti.com\/pilar-stari\/2020\/02\/potpisan-sporazum-o-suradnji-instituta-pilar-sa-sredisnjim-drzavnim-uredom-za-hrvate-izvan-rh-11-2-2020\/\" \/>\n<meta property=\"og:site_name\" content=\"Institut dru&scaron;tvenih znanosti Ivo Pilar\" \/>\n<meta property=\"article:published_time\" content=\"2020-02-11T17:40:52+00:00\" \/>\n<meta property=\"article:modified_time\" content=\"2020-02-11T17:56:15+00:00\" \/>\n<meta property=\"og:image\" content=\"https:\/\/www.vegaintro-projekti.com\/pilar-stari\/wp-content\/uploads\/2020\/02\/Sporazum_fi4.jpg\" \/>\n\t<meta property=\"og:image:width\" content=\"1023\" \/>\n\t<meta property=\"og:image:height\" content=\"608\" \/>\n\t<meta property=\"og:image:type\" content=\"image\/jpeg\" \/>\n<meta name=\"author\" content=\"Boris\" \/>\n<meta name=\"twitter:card\" content=\"summary_large_image\" \/>\n<meta name=\"twitter:label1\" content=\"Napisao\/la\" \/>\n\t<meta name=\"twitter:data1\" content=\"Boris\" \/>\n\t<meta name=\"twitter:label2\" content=\"Procijenjeno vrijeme \u010ditanja\" \/>\n\t<meta name=\"twitter:data2\" content=\"2 minute\" \/>\n<script type=\"application\/ld+json\" class=\"yoast-schema-graph\">{\"@context\":\"https:\/\/schema.org\",\"@graph\":[{\"@type\":\"WebPage\",\"@id\":\"https:\/\/www.vegaintro-projekti.com\/pilar-stari\/2020\/02\/potpisan-sporazum-o-suradnji-instituta-pilar-sa-sredisnjim-drzavnim-uredom-za-hrvate-izvan-rh-11-2-2020\/\",\"url\":\"https:\/\/www.vegaintro-projekti.com\/pilar-stari\/2020\/02\/potpisan-sporazum-o-suradnji-instituta-pilar-sa-sredisnjim-drzavnim-uredom-za-hrvate-izvan-rh-11-2-2020\/\",\"name\":\"Potpisan Sporazum o suradnji Instituta Pilar sa Sredi\u0161njim dr\u017eavnim uredom za Hrvate izvan RH, 11. 2. 2020. - Institut dru&scaron;tvenih znanosti Ivo Pilar\",\"isPartOf\":{\"@id\":\"https:\/\/www.vegaintro-projekti.com\/pilar-stari\/#website\"},\"datePublished\":\"2020-02-11T17:40:52+00:00\",\"dateModified\":\"2020-02-11T17:56:15+00:00\",\"author\":{\"@id\":\"https:\/\/www.vegaintro-projekti.com\/pilar-stari\/#\/schema\/person\/ddd404c9f1e15e4ffef5986ac6a5d28b\"},\"breadcrumb\":{\"@id\":\"https:\/\/www.vegaintro-projekti.com\/pilar-stari\/2020\/02\/potpisan-sporazum-o-suradnji-instituta-pilar-sa-sredisnjim-drzavnim-uredom-za-hrvate-izvan-rh-11-2-2020\/#breadcrumb\"},\"inLanguage\":\"hr\",\"potentialAction\":[{\"@type\":\"ReadAction\",\"target\":[\"https:\/\/www.vegaintro-projekti.com\/pilar-stari\/2020\/02\/potpisan-sporazum-o-suradnji-instituta-pilar-sa-sredisnjim-drzavnim-uredom-za-hrvate-izvan-rh-11-2-2020\/\"]}]},{\"@type\":\"BreadcrumbList\",\"@id\":\"https:\/\/www.vegaintro-projekti.com\/pilar-stari\/2020\/02\/potpisan-sporazum-o-suradnji-instituta-pilar-sa-sredisnjim-drzavnim-uredom-za-hrvate-izvan-rh-11-2-2020\/#breadcrumb\",\"itemListElement\":[{\"@type\":\"ListItem\",\"position\":1,\"name\":\"Home\",\"item\":\"https:\/\/www.vegaintro-projekti.com\/pilar-stari\/\"},{\"@type\":\"ListItem\",\"position\":2,\"name\":\"Potpisan Sporazum o suradnji Instituta Pilar sa Sredi\u0161njim dr\u017eavnim uredom za Hrvate izvan RH, 11. 2. 2020.\"}]},{\"@type\":\"WebSite\",\"@id\":\"https:\/\/www.vegaintro-projekti.com\/pilar-stari\/#website\",\"url\":\"https:\/\/www.vegaintro-projekti.com\/pilar-stari\/\",\"name\":\"Institut dru&scaron;tvenih znanosti Ivo Pilar\",\"description\":\"Pilar\",\"potentialAction\":[{\"@type\":\"SearchAction\",\"target\":{\"@type\":\"EntryPoint\",\"urlTemplate\":\"https:\/\/www.vegaintro-projekti.com\/pilar-stari\/?s={search_term_string}\"},\"query-input\":\"required name=search_term_string\"}],\"inLanguage\":\"hr\"},{\"@type\":\"Person\",\"@id\":\"https:\/\/www.vegaintro-projekti.com\/pilar-stari\/#\/schema\/person\/ddd404c9f1e15e4ffef5986ac6a5d28b\",\"name\":\"Boris\",\"image\":{\"@type\":\"ImageObject\",\"inLanguage\":\"hr\",\"@id\":\"https:\/\/www.vegaintro-projekti.com\/pilar-stari\/#\/schema\/person\/image\/\",\"url\":\"https:\/\/secure.gravatar.com\/avatar\/29557b161a6ce6ab86ac1503164f1e90?s=96&d=mm&r=g\",\"contentUrl\":\"https:\/\/secure.gravatar.com\/avatar\/29557b161a6ce6ab86ac1503164f1e90?s=96&d=mm&r=g\",\"caption\":\"Boris\"},\"url\":\"https:\/\/www.vegaintro-projekti.com\/pilar-stari\/author\/boris\/\"}]}<\/script>\n<!-- \/ Yoast SEO plugin. -->","yoast_head_json":{"title":"Potpisan Sporazum o suradnji Instituta Pilar sa Sredi\u0161njim dr\u017eavnim uredom za Hrvate izvan RH, 11. 2. 2020. - Institut dru&scaron;tvenih znanosti Ivo Pilar","robots":{"index":"noindex","follow":"follow","max-snippet":"max-snippet:-1","max-image-preview":"max-image-preview:large","max-video-preview":"max-video-preview:-1"},"og_locale":"hr_HR","og_type":"article","og_title":"Potpisan Sporazum o suradnji Instituta Pilar sa Sredi\u0161njim dr\u017eavnim uredom za Hrvate izvan RH, 11. 2. 2020. - Institut dru&scaron;tvenih znanosti Ivo Pilar","og_description":"Zvonko Milas, dr\u017eavni tajnik Sredi\u0161njeg dr\u017eavnog ureda za Hrvate izvan Republike Hrvatske i \u017deljko Holjevac, ravnatelj Instituta dru\u0161tvenih znanosti Ivo Pilar potpisali su u utorak, 11. velja\u010de 2020., Sporazum u suradnji Potpisivanje Sporazuma o suradnji Instituta Pilar sa Sredi\u0161njim dr\u017eavnim uredom za Hrvate izvan RH; Zagreb, 11. velja\u010de 2020. Ured i Institut ovim su Sporazumom&hellip; Pro\u010ditaj vi\u0161e o Potpisan Sporazum o suradnji Instituta Pilar sa Sredi\u0161njim dr\u017eavnim uredom za Hrvate izvan RH, 11. 2. 2020.","og_url":"https:\/\/www.vegaintro-projekti.com\/pilar-stari\/2020\/02\/potpisan-sporazum-o-suradnji-instituta-pilar-sa-sredisnjim-drzavnim-uredom-za-hrvate-izvan-rh-11-2-2020\/","og_site_name":"Institut dru&scaron;tvenih znanosti Ivo Pilar","article_published_time":"2020-02-11T17:40:52+00:00","article_modified_time":"2020-02-11T17:56:15+00:00","og_image":[{"width":1023,"height":608,"url":"https:\/\/www.vegaintro-projekti.com\/pilar-stari\/wp-content\/uploads\/2020\/02\/Sporazum_fi4.jpg","type":"image\/jpeg"}],"author":"Boris","twitter_card":"summary_large_image","twitter_misc":{"Napisao\/la":"Boris","Procijenjeno vrijeme \u010ditanja":"2 minute"},"schema":{"@context":"https:\/\/schema.org","@graph":[{"@type":"WebPage","@id":"https:\/\/www.vegaintro-projekti.com\/pilar-stari\/2020\/02\/potpisan-sporazum-o-suradnji-instituta-pilar-sa-sredisnjim-drzavnim-uredom-za-hrvate-izvan-rh-11-2-2020\/","url":"https:\/\/www.vegaintro-projekti.com\/pilar-stari\/2020\/02\/potpisan-sporazum-o-suradnji-instituta-pilar-sa-sredisnjim-drzavnim-uredom-za-hrvate-izvan-rh-11-2-2020\/","name":"Potpisan Sporazum o suradnji Instituta Pilar sa Sredi\u0161njim dr\u017eavnim uredom za Hrvate izvan RH, 11. 2. 2020. - Institut dru&scaron;tvenih znanosti Ivo Pilar","isPartOf":{"@id":"https:\/\/www.vegaintro-projekti.com\/pilar-stari\/#website"},"datePublished":"2020-02-11T17:40:52+00:00","dateModified":"2020-02-11T17:56:15+00:00","author":{"@id":"https:\/\/www.vegaintro-projekti.com\/pilar-stari\/#\/schema\/person\/ddd404c9f1e15e4ffef5986ac6a5d28b"},"breadcrumb":{"@id":"https:\/\/www.vegaintro-projekti.com\/pilar-stari\/2020\/02\/potpisan-sporazum-o-suradnji-instituta-pilar-sa-sredisnjim-drzavnim-uredom-za-hrvate-izvan-rh-11-2-2020\/#breadcrumb"},"inLanguage":"hr","potentialAction":[{"@type":"ReadAction","target":["https:\/\/www.vegaintro-projekti.com\/pilar-stari\/2020\/02\/potpisan-sporazum-o-suradnji-instituta-pilar-sa-sredisnjim-drzavnim-uredom-za-hrvate-izvan-rh-11-2-2020\/"]}]},{"@type":"BreadcrumbList","@id":"https:\/\/www.vegaintro-projekti.com\/pilar-stari\/2020\/02\/potpisan-sporazum-o-suradnji-instituta-pilar-sa-sredisnjim-drzavnim-uredom-za-hrvate-izvan-rh-11-2-2020\/#breadcrumb","itemListElement":[{"@type":"ListItem","position":1,"name":"Home","item":"https:\/\/www.vegaintro-projekti.com\/pilar-stari\/"},{"@type":"ListItem","position":2,"name":"Potpisan Sporazum o suradnji Instituta Pilar sa Sredi\u0161njim dr\u017eavnim uredom za Hrvate izvan RH, 11. 2. 2020."}]},{"@type":"WebSite","@id":"https:\/\/www.vegaintro-projekti.com\/pilar-stari\/#website","url":"https:\/\/www.vegaintro-projekti.com\/pilar-stari\/","name":"Institut dru&scaron;tvenih znanosti Ivo Pilar","description":"Pilar","potentialAction":[{"@type":"SearchAction","target":{"@type":"EntryPoint","urlTemplate":"https:\/\/www.vegaintro-projekti.com\/pilar-stari\/?s={search_term_string}"},"query-input":"required name=search_term_string"}],"inLanguage":"hr"},{"@type":"Person","@id":"https:\/\/www.vegaintro-projekti.com\/pilar-stari\/#\/schema\/person\/ddd404c9f1e15e4ffef5986ac6a5d28b","name":"Boris","image":{"@type":"ImageObject","inLanguage":"hr","@id":"https:\/\/www.vegaintro-projekti.com\/pilar-stari\/#\/schema\/person\/image\/","url":"https:\/\/secure.gravatar.com\/avatar\/29557b161a6ce6ab86ac1503164f1e90?s=96&d=mm&r=g","contentUrl":"https:\/\/secure.gravatar.com\/avatar\/29557b161a6ce6ab86ac1503164f1e90?s=96&d=mm&r=g","caption":"Boris"},"url":"https:\/\/www.vegaintro-projekti.com\/pilar-stari\/author\/boris\/"}]}},"_links":{"self":[{"href":"https:\/\/www.vegaintro-projekti.com\/pilar-stari\/wp-json\/wp\/v2\/posts\/15808"}],"collection":[{"href":"https:\/\/www.vegaintro-projekti.com\/pilar-stari\/wp-json\/wp\/v2\/posts"}],"about":[{"href":"https:\/\/www.vegaintro-projekti.com\/pilar-stari\/wp-json\/wp\/v2\/types\/post"}],"author":[{"embeddable":true,"href":"https:\/\/www.vegaintro-projekti.com\/pilar-stari\/wp-json\/wp\/v2\/users\/7"}],"replies":[{"embeddable":true,"href":"https:\/\/www.vegaintro-projekti.com\/pilar-stari\/wp-json\/wp\/v2\/comments?post=15808"}],"version-history":[{"count":4,"href":"https:\/\/www.vegaintro-projekti.com\/pilar-stari\/wp-json\/wp\/v2\/posts\/15808\/revisions"}],"predecessor-version":[{"id":15815,"href":"https:\/\/www.vegaintro-projekti.com\/pilar-stari\/wp-json\/wp\/v2\/posts\/15808\/revisions\/15815"}],"wp:featuredmedia":[{"embeddable":true,"href":"https:\/\/www.vegaintro-projekti.com\/pilar-stari\/wp-json\/wp\/v2\/media\/15816"}],"wp:attachment":[{"href":"https:\/\/www.vegaintro-projekti.com\/pilar-stari\/wp-json\/wp\/v2\/media?parent=15808"}],"wp:term":[{"taxonomy":"category","embeddable":true,"href":"https:\/\/www.vegaintro-projekti.com\/pilar-stari\/wp-json\/wp\/v2\/categories?post=15808"},{"taxonomy":"post_tag","embeddable":true,"href":"https:\/\/www.vegaintro-projekti.com\/pilar-stari\/wp-json\/wp\/v2\/tags?post=15808"}],"curies":[{"name":"wp","href":"https:\/\/api.w.org\/{rel}","templated":true}]}}