{"id":15904,"date":"2020-02-27T12:11:16","date_gmt":"2020-02-27T12:11:16","guid":{"rendered":"https:\/\/www.vegaintro-projekti.com\/pilar-stari\/?p=15904"},"modified":"2020-10-28T18:31:45","modified_gmt":"2020-10-28T18:31:45","slug":"znanstvenici-instituta-pilar-na-psihospanciru-15-2-2020","status":"publish","type":"post","link":"https:\/\/www.vegaintro-projekti.com\/pilar-stari\/2020\/02\/znanstvenici-instituta-pilar-na-psihospanciru-15-2-2020\/","title":{"rendered":"Znanstvenici Instituta Pilar na Psiho\u0161panciru, 15. 2. 2020."},"content":{"rendered":"<p><strong>Psiholozi Tomislav Pavlovi\u0107 i Marina Magli\u0107 sudjelovali su na petom Psiho\u0161panciru s temama \u201eGdje nastaje politi\u010dko nasilje i tko ga podr\u017eava?\u201c i \u201eRazila\u017eenje javnosti u vezi s nekim \u010dinjenicama \u2013 ili za\u0161to konzervativci dovode u pitanje evolucijsku teoriju, a liberali odr\u017eivost nuklearne energije?\u201c.<\/strong> \u2212 <a href=\"https:\/\/dpv.hr\/psihospancir-program.php\">Program 5. Psiho\u0161pancira<\/a><\/p>\n<p><a href=\"https:\/\/www.vegaintro-projekti.com\/pilar-stari\/wp-content\/uploads\/2020\/02\/Psihospancir_2.jpg\"><img decoding=\"async\" loading=\"lazy\" class=\"alignnone wp-image-15903 size-full\" src=\"https:\/\/www.vegaintro-projekti.com\/pilar-stari\/wp-content\/uploads\/2020\/02\/Psihospancir_2_3s.jpg\" alt=\"\" width=\"620\" height=\"312\" srcset=\"https:\/\/www.vegaintro-projekti.com\/pilar-stari\/wp-content\/uploads\/2020\/02\/Psihospancir_2_3s.jpg 620w, https:\/\/www.vegaintro-projekti.com\/pilar-stari\/wp-content\/uploads\/2020\/02\/Psihospancir_2_3s-300x151.jpg 300w\" sizes=\"(max-width: 620px) 100vw, 620px\" \/><\/a><a href=\"https:\/\/dpv.hr\/psihospancir-program.php\"><img decoding=\"async\" loading=\"lazy\" class=\"alignnone wp-image-15901 size-full\" src=\"https:\/\/www.vegaintro-projekti.com\/pilar-stari\/wp-content\/uploads\/2020\/02\/Psihospancir_1s.jpg\" alt=\"\" width=\"620\" height=\"620\" srcset=\"https:\/\/www.vegaintro-projekti.com\/pilar-stari\/wp-content\/uploads\/2020\/02\/Psihospancir_1s.jpg 620w, https:\/\/www.vegaintro-projekti.com\/pilar-stari\/wp-content\/uploads\/2020\/02\/Psihospancir_1s-150x150.jpg 150w, https:\/\/www.vegaintro-projekti.com\/pilar-stari\/wp-content\/uploads\/2020\/02\/Psihospancir_1s-300x300.jpg 300w\" sizes=\"(max-width: 620px) 100vw, 620px\" \/><\/a><\/p>\n<p><strong>Tomislav Pavlovi\u0107<\/strong> prezentirao je rezultate istra\u017eivanja koja su se nadovezala na DARE projekt, a \u010diji nalazi nude odgovore na pitanja o odnosu subjektivne i objektivne nejednakosti i radikalizacije. <strong>Marina Magli\u0107<\/strong> dala je pregled istra\u017eiva\u010dkih nalaza kao i teorijskih razmatranja o polarizaciji javnosti du\u017e razli\u010ditih ideolo\u0161kih linija u vezi s empirijskim i znanstvenim spoznajama. Kolege su svoja izlaganja na skupu koji okuplja brojne stru\u010dnjake (psihologe, psihijatre, psihoterapeute, rehabilitacijske edukatore, socijalne pedagoge, logopede itd.) i pobu\u0111uje interes \u0161iroke javnosti odr\u017eali u subotu 15. velja\u010de 2020. na Sveu\u010dili\u0161nu Sjever u Vara\u017edinu.<\/p>\n<p>U sklopu ovogodi\u0161njega Psiho\u0161pancira predstavljen je i projekt \u201eDobrobit djeteta u kontekstu obitelji CHILD-WELL\u201c financiran od Hrvatske zaklade za znanost. Voditeljica projekta <strong>dr. sc. Andreja Braj\u0161a-\u017dganec<\/strong> govorila je o mjerama dobrobiti djece, o odrednicama dje\u010dje dobrobiti, o obiteljskoj dobrobiti i razvojnom roditeljstvu te prikazala longitudinalno-sekvencijalni kohortni nacrt istra\u017eivanja. Rije\u010d je o drugom predstavljanju projekta. Naime, suradnica na projektu <strong>dr. sc. Marina Kotrla Topi\u0107<\/strong> predstavila je projekt CHILD-WELL na VIII. Znanstveno-stru\u010dnom skupu Osna\u017eivanje potencijala za preventivne aktivnosti u zajednici, odr\u017eanom u Osijeku tako\u0111er u velja\u010di 2020. godine.<\/p>\n<blockquote><p><a href=\"https:\/\/www.vegaintro-projekti.com\/pilar-stari\/2020\/02\/child-well-dobrobit-djeteta-u-kontekstu-obitelji\/\">Projekt CHILD-WELL &#8211; Dobrobit djeteta u kontekstu obitelji<\/a><\/p>\n<p><a href=\"https:\/\/www.vegaintro-projekti.com\/pilar-stari\/2011\/04\/podruni-centar-varadin\/\">Podru\u010dni centar Vara\u017edin<\/a><\/p><\/blockquote>\n","protected":false},"excerpt":{"rendered":"<p>Psiholozi Tomislav Pavlovi\u0107 i Marina Magli\u0107 sudjelovali su na petom Psiho\u0161panciru s temama \u201eGdje nastaje politi\u010dko nasilje i tko ga podr\u017eava?\u201c i \u201eRazila\u017eenje javnosti u vezi s nekim \u010dinjenicama \u2013 ili za\u0161to konzervativci dovode u pitanje evolucijsku teoriju, a liberali odr\u017eivost nuklearne energije?\u201c. \u2212 Program 5. Psiho\u0161pancira Tomislav Pavlovi\u0107 prezentirao je rezultate istra\u017eivanja koja su&hellip; <a class=\"continue\" href=\"https:\/\/www.vegaintro-projekti.com\/pilar-stari\/2020\/02\/znanstvenici-instituta-pilar-na-psihospanciru-15-2-2020\/\">Pro\u010ditaj vi\u0161e o<span> Znanstvenici Instituta Pilar na Psiho\u0161panciru, 15. 2. 2020.<\/span><\/a><\/p>\n","protected":false},"author":7,"featured_media":15903,"comment_status":"closed","ping_status":"closed","sticky":false,"template":"","format":"standard","meta":{"inline_featured_image":false,"ngg_post_thumbnail":0,"footnotes":""},"categories":[11],"tags":[],"yoast_head":"<!-- This site is optimized with the Yoast SEO plugin v21.2 - https:\/\/yoast.com\/wordpress\/plugins\/seo\/ -->\n<title>Znanstvenici Instituta Pilar na Psiho\u0161panciru, 15. 2. 2020. - Institut dru&scaron;tvenih znanosti Ivo Pilar<\/title>\n<meta name=\"robots\" content=\"noindex, follow, max-snippet:-1, max-image-preview:large, max-video-preview:-1\" \/>\n<meta property=\"og:locale\" content=\"hr_HR\" \/>\n<meta property=\"og:type\" content=\"article\" \/>\n<meta property=\"og:title\" content=\"Znanstvenici Instituta Pilar na Psiho\u0161panciru, 15. 2. 2020. - Institut dru&scaron;tvenih znanosti Ivo Pilar\" \/>\n<meta property=\"og:description\" content=\"Psiholozi Tomislav Pavlovi\u0107 i Marina Magli\u0107 sudjelovali su na petom Psiho\u0161panciru s temama \u201eGdje nastaje politi\u010dko nasilje i tko ga podr\u017eava?\u201c i \u201eRazila\u017eenje javnosti u vezi s nekim \u010dinjenicama \u2013 ili za\u0161to konzervativci dovode u pitanje evolucijsku teoriju, a liberali odr\u017eivost nuklearne energije?\u201c. \u2212 Program 5. Psiho\u0161pancira Tomislav Pavlovi\u0107 prezentirao je rezultate istra\u017eivanja koja su&hellip; Pro\u010ditaj vi\u0161e o Znanstvenici Instituta Pilar na Psiho\u0161panciru, 15. 2. 2020.\" \/>\n<meta property=\"og:url\" content=\"https:\/\/www.vegaintro-projekti.com\/pilar-stari\/2020\/02\/znanstvenici-instituta-pilar-na-psihospanciru-15-2-2020\/\" \/>\n<meta property=\"og:site_name\" content=\"Institut dru&scaron;tvenih znanosti Ivo Pilar\" \/>\n<meta property=\"article:published_time\" content=\"2020-02-27T12:11:16+00:00\" \/>\n<meta property=\"article:modified_time\" content=\"2020-10-28T18:31:45+00:00\" \/>\n<meta property=\"og:image\" content=\"https:\/\/www.vegaintro-projekti.com\/pilar-stari\/wp-content\/uploads\/2020\/02\/Psihospancir_2_3s.jpg\" \/>\n\t<meta property=\"og:image:width\" content=\"620\" \/>\n\t<meta property=\"og:image:height\" content=\"312\" \/>\n\t<meta property=\"og:image:type\" content=\"image\/jpeg\" \/>\n<meta name=\"author\" content=\"Boris\" \/>\n<meta name=\"twitter:card\" content=\"summary_large_image\" \/>\n<meta name=\"twitter:label1\" content=\"Napisao\/la\" \/>\n\t<meta name=\"twitter:data1\" content=\"Boris\" \/>\n\t<meta name=\"twitter:label2\" content=\"Procijenjeno vrijeme \u010ditanja\" \/>\n\t<meta name=\"twitter:data2\" content=\"1 minuta\" \/>\n<script type=\"application\/ld+json\" class=\"yoast-schema-graph\">{\"@context\":\"https:\/\/schema.org\",\"@graph\":[{\"@type\":\"WebPage\",\"@id\":\"https:\/\/www.vegaintro-projekti.com\/pilar-stari\/2020\/02\/znanstvenici-instituta-pilar-na-psihospanciru-15-2-2020\/\",\"url\":\"https:\/\/www.vegaintro-projekti.com\/pilar-stari\/2020\/02\/znanstvenici-instituta-pilar-na-psihospanciru-15-2-2020\/\",\"name\":\"Znanstvenici Instituta Pilar na Psiho\u0161panciru, 15. 2. 2020. - Institut dru&scaron;tvenih znanosti Ivo Pilar\",\"isPartOf\":{\"@id\":\"https:\/\/www.vegaintro-projekti.com\/pilar-stari\/#website\"},\"datePublished\":\"2020-02-27T12:11:16+00:00\",\"dateModified\":\"2020-10-28T18:31:45+00:00\",\"author\":{\"@id\":\"https:\/\/www.vegaintro-projekti.com\/pilar-stari\/#\/schema\/person\/ddd404c9f1e15e4ffef5986ac6a5d28b\"},\"breadcrumb\":{\"@id\":\"https:\/\/www.vegaintro-projekti.com\/pilar-stari\/2020\/02\/znanstvenici-instituta-pilar-na-psihospanciru-15-2-2020\/#breadcrumb\"},\"inLanguage\":\"hr\",\"potentialAction\":[{\"@type\":\"ReadAction\",\"target\":[\"https:\/\/www.vegaintro-projekti.com\/pilar-stari\/2020\/02\/znanstvenici-instituta-pilar-na-psihospanciru-15-2-2020\/\"]}]},{\"@type\":\"BreadcrumbList\",\"@id\":\"https:\/\/www.vegaintro-projekti.com\/pilar-stari\/2020\/02\/znanstvenici-instituta-pilar-na-psihospanciru-15-2-2020\/#breadcrumb\",\"itemListElement\":[{\"@type\":\"ListItem\",\"position\":1,\"name\":\"Home\",\"item\":\"https:\/\/www.vegaintro-projekti.com\/pilar-stari\/\"},{\"@type\":\"ListItem\",\"position\":2,\"name\":\"Znanstvenici Instituta Pilar na Psiho\u0161panciru, 15. 2. 2020.\"}]},{\"@type\":\"WebSite\",\"@id\":\"https:\/\/www.vegaintro-projekti.com\/pilar-stari\/#website\",\"url\":\"https:\/\/www.vegaintro-projekti.com\/pilar-stari\/\",\"name\":\"Institut dru&scaron;tvenih znanosti Ivo Pilar\",\"description\":\"Pilar\",\"potentialAction\":[{\"@type\":\"SearchAction\",\"target\":{\"@type\":\"EntryPoint\",\"urlTemplate\":\"https:\/\/www.vegaintro-projekti.com\/pilar-stari\/?s={search_term_string}\"},\"query-input\":\"required name=search_term_string\"}],\"inLanguage\":\"hr\"},{\"@type\":\"Person\",\"@id\":\"https:\/\/www.vegaintro-projekti.com\/pilar-stari\/#\/schema\/person\/ddd404c9f1e15e4ffef5986ac6a5d28b\",\"name\":\"Boris\",\"image\":{\"@type\":\"ImageObject\",\"inLanguage\":\"hr\",\"@id\":\"https:\/\/www.vegaintro-projekti.com\/pilar-stari\/#\/schema\/person\/image\/\",\"url\":\"https:\/\/secure.gravatar.com\/avatar\/29557b161a6ce6ab86ac1503164f1e90?s=96&d=mm&r=g\",\"contentUrl\":\"https:\/\/secure.gravatar.com\/avatar\/29557b161a6ce6ab86ac1503164f1e90?s=96&d=mm&r=g\",\"caption\":\"Boris\"},\"url\":\"https:\/\/www.vegaintro-projekti.com\/pilar-stari\/author\/boris\/\"}]}<\/script>\n<!-- \/ Yoast SEO plugin. -->","yoast_head_json":{"title":"Znanstvenici Instituta Pilar na Psiho\u0161panciru, 15. 2. 2020. - Institut dru&scaron;tvenih znanosti Ivo Pilar","robots":{"index":"noindex","follow":"follow","max-snippet":"max-snippet:-1","max-image-preview":"max-image-preview:large","max-video-preview":"max-video-preview:-1"},"og_locale":"hr_HR","og_type":"article","og_title":"Znanstvenici Instituta Pilar na Psiho\u0161panciru, 15. 2. 2020. - Institut dru&scaron;tvenih znanosti Ivo Pilar","og_description":"Psiholozi Tomislav Pavlovi\u0107 i Marina Magli\u0107 sudjelovali su na petom Psiho\u0161panciru s temama \u201eGdje nastaje politi\u010dko nasilje i tko ga podr\u017eava?\u201c i \u201eRazila\u017eenje javnosti u vezi s nekim \u010dinjenicama \u2013 ili za\u0161to konzervativci dovode u pitanje evolucijsku teoriju, a liberali odr\u017eivost nuklearne energije?\u201c. \u2212 Program 5. Psiho\u0161pancira Tomislav Pavlovi\u0107 prezentirao je rezultate istra\u017eivanja koja su&hellip; Pro\u010ditaj vi\u0161e o Znanstvenici Instituta Pilar na Psiho\u0161panciru, 15. 2. 2020.","og_url":"https:\/\/www.vegaintro-projekti.com\/pilar-stari\/2020\/02\/znanstvenici-instituta-pilar-na-psihospanciru-15-2-2020\/","og_site_name":"Institut dru&scaron;tvenih znanosti Ivo Pilar","article_published_time":"2020-02-27T12:11:16+00:00","article_modified_time":"2020-10-28T18:31:45+00:00","og_image":[{"width":620,"height":312,"url":"https:\/\/www.vegaintro-projekti.com\/pilar-stari\/wp-content\/uploads\/2020\/02\/Psihospancir_2_3s.jpg","type":"image\/jpeg"}],"author":"Boris","twitter_card":"summary_large_image","twitter_misc":{"Napisao\/la":"Boris","Procijenjeno vrijeme \u010ditanja":"1 minuta"},"schema":{"@context":"https:\/\/schema.org","@graph":[{"@type":"WebPage","@id":"https:\/\/www.vegaintro-projekti.com\/pilar-stari\/2020\/02\/znanstvenici-instituta-pilar-na-psihospanciru-15-2-2020\/","url":"https:\/\/www.vegaintro-projekti.com\/pilar-stari\/2020\/02\/znanstvenici-instituta-pilar-na-psihospanciru-15-2-2020\/","name":"Znanstvenici Instituta Pilar na Psiho\u0161panciru, 15. 2. 2020. - Institut dru&scaron;tvenih znanosti Ivo Pilar","isPartOf":{"@id":"https:\/\/www.vegaintro-projekti.com\/pilar-stari\/#website"},"datePublished":"2020-02-27T12:11:16+00:00","dateModified":"2020-10-28T18:31:45+00:00","author":{"@id":"https:\/\/www.vegaintro-projekti.com\/pilar-stari\/#\/schema\/person\/ddd404c9f1e15e4ffef5986ac6a5d28b"},"breadcrumb":{"@id":"https:\/\/www.vegaintro-projekti.com\/pilar-stari\/2020\/02\/znanstvenici-instituta-pilar-na-psihospanciru-15-2-2020\/#breadcrumb"},"inLanguage":"hr","potentialAction":[{"@type":"ReadAction","target":["https:\/\/www.vegaintro-projekti.com\/pilar-stari\/2020\/02\/znanstvenici-instituta-pilar-na-psihospanciru-15-2-2020\/"]}]},{"@type":"BreadcrumbList","@id":"https:\/\/www.vegaintro-projekti.com\/pilar-stari\/2020\/02\/znanstvenici-instituta-pilar-na-psihospanciru-15-2-2020\/#breadcrumb","itemListElement":[{"@type":"ListItem","position":1,"name":"Home","item":"https:\/\/www.vegaintro-projekti.com\/pilar-stari\/"},{"@type":"ListItem","position":2,"name":"Znanstvenici Instituta Pilar na Psiho\u0161panciru, 15. 2. 2020."}]},{"@type":"WebSite","@id":"https:\/\/www.vegaintro-projekti.com\/pilar-stari\/#website","url":"https:\/\/www.vegaintro-projekti.com\/pilar-stari\/","name":"Institut dru&scaron;tvenih znanosti Ivo Pilar","description":"Pilar","potentialAction":[{"@type":"SearchAction","target":{"@type":"EntryPoint","urlTemplate":"https:\/\/www.vegaintro-projekti.com\/pilar-stari\/?s={search_term_string}"},"query-input":"required name=search_term_string"}],"inLanguage":"hr"},{"@type":"Person","@id":"https:\/\/www.vegaintro-projekti.com\/pilar-stari\/#\/schema\/person\/ddd404c9f1e15e4ffef5986ac6a5d28b","name":"Boris","image":{"@type":"ImageObject","inLanguage":"hr","@id":"https:\/\/www.vegaintro-projekti.com\/pilar-stari\/#\/schema\/person\/image\/","url":"https:\/\/secure.gravatar.com\/avatar\/29557b161a6ce6ab86ac1503164f1e90?s=96&d=mm&r=g","contentUrl":"https:\/\/secure.gravatar.com\/avatar\/29557b161a6ce6ab86ac1503164f1e90?s=96&d=mm&r=g","caption":"Boris"},"url":"https:\/\/www.vegaintro-projekti.com\/pilar-stari\/author\/boris\/"}]}},"_links":{"self":[{"href":"https:\/\/www.vegaintro-projekti.com\/pilar-stari\/wp-json\/wp\/v2\/posts\/15904"}],"collection":[{"href":"https:\/\/www.vegaintro-projekti.com\/pilar-stari\/wp-json\/wp\/v2\/posts"}],"about":[{"href":"https:\/\/www.vegaintro-projekti.com\/pilar-stari\/wp-json\/wp\/v2\/types\/post"}],"author":[{"embeddable":true,"href":"https:\/\/www.vegaintro-projekti.com\/pilar-stari\/wp-json\/wp\/v2\/users\/7"}],"replies":[{"embeddable":true,"href":"https:\/\/www.vegaintro-projekti.com\/pilar-stari\/wp-json\/wp\/v2\/comments?post=15904"}],"version-history":[{"count":3,"href":"https:\/\/www.vegaintro-projekti.com\/pilar-stari\/wp-json\/wp\/v2\/posts\/15904\/revisions"}],"predecessor-version":[{"id":15909,"href":"https:\/\/www.vegaintro-projekti.com\/pilar-stari\/wp-json\/wp\/v2\/posts\/15904\/revisions\/15909"}],"wp:featuredmedia":[{"embeddable":true,"href":"https:\/\/www.vegaintro-projekti.com\/pilar-stari\/wp-json\/wp\/v2\/media\/15903"}],"wp:attachment":[{"href":"https:\/\/www.vegaintro-projekti.com\/pilar-stari\/wp-json\/wp\/v2\/media?parent=15904"}],"wp:term":[{"taxonomy":"category","embeddable":true,"href":"https:\/\/www.vegaintro-projekti.com\/pilar-stari\/wp-json\/wp\/v2\/categories?post=15904"},{"taxonomy":"post_tag","embeddable":true,"href":"https:\/\/www.vegaintro-projekti.com\/pilar-stari\/wp-json\/wp\/v2\/tags?post=15904"}],"curies":[{"name":"wp","href":"https:\/\/api.w.org\/{rel}","templated":true}]}}