{"id":160,"date":"2018-01-06T22:40:46","date_gmt":"2018-01-06T22:40:46","guid":{"rendered":"https:\/\/www.vegaintro-projekti.com\/pilar-stari\/2008\/11\/06\/domai-skupovi\/"},"modified":"2023-03-01T21:10:07","modified_gmt":"2023-03-01T21:10:07","slug":"domai-skupovi","status":"publish","type":"post","link":"https:\/\/www.vegaintro-projekti.com\/pilar-stari\/2018\/01\/domai-skupovi\/","title":{"rendered":"Nacionalni skupovi"},"content":{"rendered":"<p>&nbsp;<\/p>\n<p><strong><a href=\"#g23\">2023.<\/a> \u2022 <a href=\"#sk22\">2022.<\/a> \u2022 <a href=\"#g21\">2021.<\/a>&nbsp;\u2022 <a href=\"#g20\">2020.<\/a> \u2022 <a href=\"#g19\">2019.<\/a> \u2022 <a href=\"#g18\">2018.<\/a> \u2022 <a href=\"#g17\">2017.<\/a> \u2022 <a href=\"#g16\">2016.<\/a> \u2022 <a href=\"#g15\">2015.<\/a> \u2022 <a href=\"#g14\">2014.<br \/>\n<\/a><\/strong><\/p>\n<p>&nbsp;<\/p>\n<p><strong><a id=\"g23\"><\/a>2023.<\/strong><\/p>\n<p><em>Skupove u 2023. vidjeti na stranici <a href=\"https:\/\/www.vegaintro-projekti.com\/pilar-stari\/novosti\/skupovi\/\">Novosti\/Skupovi<\/a><\/em><\/p>\n<p>&nbsp;<\/p>\n<p><strong><a id=\"sk22\"><\/a>2022.<\/strong><\/p>\n<p><strong>Nacionalni skupovi u (su)organizaciji Instituta Pilar<\/strong><\/p>\n<ol>\n<li>ROMI U PODRAVINI I NJIHOVO STRADANJE U DRUGOM SVJETSKOM RATU, Koprivnica, 8. 4. 2022.; Muzej grada Koprivnice i Institut dru\u0161tvenih znanosti Ivo Pilar u povodu Svjetskog dana Roma<\/li>\n<li>FRANJO TU\u0110MAN \u2013 \u017dIVOT I NASLIJE\u0110E, Zagreb, 5. \u2013 6. 5. 2022.; Hrvatski institut za povijest, Institut dru\u0161tvenih znanosti Ivo Pilar, Matica hrvatska, Hrvatski memorijalno-dokumentacijski centar Domovinskog rata i Hrvatski dr\u017eavni arhiv<\/li>\n<li>DJECA I DIGITALNE TEHNOLOGIJE, Vara\u017edin, 8. 6. 2022.; HAZU \u2013 Zavod za znanstveni rad u Vara\u017edinu i Institut dru\u0161tvenih znanosti Ivo Pilar \u2013 Podru\u010dni centar Vara\u017edin<\/li>\n<li>KOSINJSKA DOLINA Ju\u010der, danas i sutra, Gornji Kosinj, 30. 9. 2022., Institut dru\u0161tvenih znanosti Ivo Pilar, Hrvatski institut za povijest, Institut za hrvatski jezik i jezikoslovlje, Sveu\u010dili\u0161te u Zadru, Dr\u017eavni arhiv u Gospi\u0107u, Muzej Like Gospi\u0107, Znanstveno i kulturno dru\u0161tvo Kosinj<\/li>\n<li>GORJANI \u2013 MJESTO, LJUDI, IDENTITET, BA\u0160TINA, Gorjani, 19. \u2013 21. 10. 2022.; Organizator: Op\u0107ina Gorjani; suorganizatori: Institut dru\u0161tvenih znanosti Ivo Pilar, Hrvatsko katoli\u010dko sveu\u010dili\u0161te, Hrvatski institut za povijest, Fakultet hrvatskih studija itd.<\/li>\n<li>znanstveno-stru\u010dni skup VUKOVAR \u201991. \u2013 trideset i jedna godina poslije: VUKOVAR DANAS \u2013 SJE\u0106ANJA, ISKUSTVA I REALITET \u017dIVLJENJA (online), Vukovar, 14. \u2013 15. 11. 2022.; Institut dru\u0161tvenih znanosti Ivo Pilar \u2013 Podru\u010dni centar Vukovar<\/li>\n<\/ol>\n<p><strong>Doma\u0107i radni sastanci i radionice u (su)organizaciji Instituta Pilar<\/strong><\/p>\n<ol>\n<li>EDUKACIJA O KVALITATIVNIM ISTRA\u017dIVANJIMA, Zagreb, 20. \u2013 21. 1. 2022.; Gospi\u0107, 15. \u2013 17. 12. 2022. Projekt HRZZ-a RURALIKA: <em>Uspostava kriterija za vrednovanje modernizacijskih i (post)tranzicijskih procesa u ruralnim prostorima Hrvatske kroz studiju slu\u010daja ruralnog prostora Like<\/em> (voditeljica: A. Bu\u0161ljeta Tonkovi\u0107)<\/li>\n<li>Radionica na projektu HRZZ-a CROCEANIA \u2013 <em>Istra\u017eivanje emocija u (re)konstrukciji identiteta dijaspore: Hrvati u Australiji i Novom Zelandu 1945. \u2013 1991.<\/em> voditelja I. Hrsti\u0107a (sudjelovao prof. dr. Ulf Brunnbauer), Zagreb, 16. 12. 2022.<\/li>\n<li>Radionica u sklopu projekta CHILD-WELL (HRZZ \u2013 <em>Dobrobit djeteta u kontekstu obitelji<\/em> voditeljice A. Braj\u0161a \u017dganec) u Podru\u010dnom centru Instituta Pilar u Vara\u017edinu, za stru\u010dne suradnike osnovnih \u0161kola u Vara\u017edinskoj \u017eupaniji; rezultate prvog dijela istra\u017eivanja predstavila suradnica na projektu M. Ku\u010dar, Vara\u017edin, 7. 12. 2022.<\/li>\n<li>Radionica u sklopu projekta CHILD-WELL (HRZZ \u2013 <em>Dobrobit djeteta u kontekstu obitelji<\/em> voditeljice A. Braj\u0161a \u017dganec) u Podru\u010dnom centru Instituta Pilar u Osijeku, za stru\u010dne suradnike iz \u0161kola Osje\u010dko-baranjske \u017eupanije; rezultate predstavila suradnica na projektu M. Kotrla Topi\u0107, Osijek, 29. 12. 2022.<\/li>\n<\/ol>\n<p><strong>Nacionalni skupovi u kojima su sudjelovali znanstvenici Instituta Pilar<\/strong><\/p>\n<p><em>Izlaganja na skupovima s doma\u0107om recenzijom ili je podatak o recenziji nepoznat (abecednim redom prezimena prvog autora)<\/em><\/p>\n<ol>\n<li>Bala\u017e, Barbara; Buri\u0107, Irena; Hui\u0107, Aleksandra; \u0160imunovi\u0107, Mara;<br \/>\nJe li za profesionalnu dobrobit nastavnika va\u017ean na\u010din na koji percipiraju uklju\u010denost svojih u\u010denika na nastavi?.&nbsp; \/\/ 29. Godi\u0161nja konferencija hrvatskih psihologa: Knjiga sa\u017eetaka \/ Kuterovac Jagodi\u0107, Gordana ; Ambrosi-Randi\u0107, Neala ; Naki\u0107 Rado\u0161, Sandra ; Smojver-A\u017ei\u0107, Sanja (ur.).<br \/>\nTuheljske Toplice, Hrvatska: Hrvatsko psiholo\u0161ko dru\u0161tvo, 2022. str. 50-50 (predavanje, doma\u0107a recenzija, sa\u017eetak, znanstveni)<\/li>\n<li>Bala\u017e, Barbara; Buri\u0107, Irena; \u0160imunovi\u0107, Mara<br \/>\nKako je odnos izme\u0111u nastavnika i u\u010denika povezan s u\u010deni\u010dkim emocijama postignu\u0107a?. \/\/ 5. Dani obrazovnih znanosti: Kako poticati dobrobit u odgojno-obrazovnom okru\u017eju u izazovnim vremenima &#8211; knjiga sa\u017eetaka<br \/>\nZagreb, Hrvatska, 2022. str. 60-60 (predavanje, doma\u0107a recenzija, sa\u017eetak, znanstveni)<\/li>\n<li>Braj\u0161a-\u017dganec, Andreja<br \/>\nObiteljske odrednice dje\u010dje dobrobiti i kako mo\u017eemo djelovati. \/\/ Knjiga sa\u017eetaka \u2013 Psihologija u promicanju cjelo\u017eivotnog razvoja, otklju\u010davanju potencijala i ja\u010danju otpornosti pojedinca i zajednice \/ Kuterovac Jagodi\u0107, Gordana ; Ambrosi-Randi\u0107, Neala ; Naki\u0107 Rado\u0161, Sandra ; Smojver-A\u017ei\u0107, Sanja (ur.).<br \/>\nZagreb: Hrvatsko psiholo\u0161ko dru\u0161tvo, 2022. str. 37-39 (ostalo, doma\u0107a recenzija, sa\u017eetak, znanstveni)<\/li>\n<li>Braj\u0161a-\u017dganec, Andreja; D\u017eida, Marija; Babarovi\u0107, Toni; Brklja\u010di\u0107, Tihana; Kaliterna Lipov\u010dan, Ljiljana<br \/>\nRoditeljske odrednice dje\u010dje subjektivne dobrobiti. \/\/ Psihologija u promicanju cjelo\u017eivotnog razvoja, otklju\u010davanju potencijala i ja\u010danju otpornosti pojedinca i zajednice : knjiga sa\u017eetaka \/ Kuterovac Jagodi\u0107, Gordana ; Ambrosi-Randi\u0107, Neala ; Naki\u0107 Rado\u0161, Sandra ; Smojver-A\u017ei\u0107, Sanja (ur.).<br \/>\nZagreb: Hrvatsko psiholo\u0161ko dru\u0161tvo, 2022. str. 40-40 (predavanje, doma\u0107a recenzija, sa\u017eetak, znanstveni)<\/li>\n<li>Brli\u0107, Ivan<br \/>\nDru\u0161tveni, kulturni i gospodarski \u017eivot u Kosinjskoj dolini od kraja 19. stolje\u0107a do po\u010detka Drugog svjetskog rata. \/\/ Kosinjska dolina: ju\u010der, danas, sutra<br \/>\nGornji Kosinj, Hrvatska, 2022. str. 3-4 (predavanje, sa\u017eetak, znanstveni)<\/li>\n<li>\u0106avar, Filipa; Milas, Goran<br \/>\nAssessing mindfulness among adolescents \u2013 Preliminary results of Croatian validation of Child and Adolescent Mindfulness Measure. \/\/ 23. Dani psihologije u Zadru \u2013 Knjiga sa\u017eetaka \/ Tucak Junakovi\u0107, Ivana ; Macuka, Ivana ; Toki\u0107, Andrea (ur.).<br \/>\nZadar: Sveu\u010dili\u0161te u Zadru, 2022. str. 166-166 (poster, podatak o recenziji nije dostupan, sa\u017eetak, znanstveni)<\/li>\n<li>Dobrov\u0161ak, Ljiljana; Herman Kauri\u0107 Vijoleta<br \/>\nSites of Memory of the First World War in Dalmatia Monuments to \u201eFallen Warriors\u201c. \/\/ MIC:VIS, 2022 Mediterranean Islands Conference 14-17 Septembre 2022, The Island of Vis, Book of Abstracts \/ Kaliterna, Lipov\u010dan, Lj. ; Medi\u0107, R. ; Ramljak, O. (ur.).<br \/>\nZagreb: Institute of Social Sciences Ivo Pilar ; VERN&#8217; University, 2022. str. 41-41 (predavanje, sa\u017eetak, znanstveni)<\/li>\n<li>Geiger Zeman, Marija; Holy, Mirela; Sanja \u0160poljar Vr\u017eina<br \/>\nHealth, safety and responsibility: discourse analysis of the Croatian pandemic tourist campaigns (2020-2022). \/\/ MIC \u2013 Vis, 2022, Book of Abstracts \/ Kaliterna Lipov\u010dan, Ljiljana ; Medi\u0107, Rino ; Ramljak, Ozana (ur.).<br \/>\nZagreb: Institute of Social Sciences Ivo Pilar ; VERN&#8217; University, 2022. str. 47-47 (predavanje, doma\u0107a recenzija, sa\u017eetak, znanstveni)<\/li>\n<li>Glavak Tkali\u0107, Renata<br \/>\nIstra\u017eivanja u podru\u010dju ovisnosti s osvrtom na trendove uporabe u op\u0107oj populaciji. \/\/ Knjiga sa\u017eetaka \/ Brezi\u010devi\u0107, T. (ur.).<br \/>\nSlavonski Brod, 2022. str. 25-25 (pozvano predavanje, sa\u017eetak, stru\u010dni)<\/li>\n<li>Glavak Tkali\u0107, Renata<br \/>\nRazli\u010diti aspekti problema ovisnosti o psihoaktivnim tvarima i bihevioralnih ovisnosti: Aktualne spoznaje i stanje u Hrvatskoj. \/\/ Knjiga sa\u017eetaka \/ Tucak Junakovi\u0107, Ivana ; Macuka, Ivana ; Toki\u0107, Andrea (ur.).<br \/>\nZadar: Sveu\u010dili\u0161te u Zadra, 2022. str. 19-19 (pozvano predavanje, doma\u0107a recenzija, sa\u017eetak, znanstveni)<\/li>\n<li>Glavak Tkali\u0107, Renata; Wertag, Anja; Su\u010di\u0107, Ines<br \/>\nNo\u0107ni \u017eivot grada: in situ istra\u017eivanje obrazaca pona\u0161anja posjetitelja no\u0107nih klubova. \/\/ Knjiga sa\u017eetaka \/ Tucak Junakovi\u0107, Ivana ; Macuka, Ivana ; Toki\u0107, Andrea (ur.).<br \/>\nZadar: Sveu\u010dili\u0161te u Zadru, 2022. str. 25-25 (pozvano predavanje, doma\u0107a recenzija, sa\u017eetak, znanstveni)<\/li>\n<li>Holy, Mirela; Geiger Zeman, Marija; Milo\u0161, Brigita<br \/>\nEmpowering for gender equality: role of digital communication in activism of Croatian island feminist groups. \/\/ MIC \u2013 Vis, 2022, Mediterranean Islands Conference : Book of Abstracts \/ Kaliterna Lipov\u010dan, Ljiljana ; Medi\u0107, Rino ; Ramljak, Ozana (ur.).<br \/>\nZagreb: Institute of Social Sciences Ivo Pilar : VERN&#8217; University, 2022. str. 54-54 (predavanje, recenziran, sa\u017eetak, znanstveni)<\/li>\n<li>Holy, Mirela; Geiger Zeman, Marija; Zeman, Zdenko<br \/>\n#equalitymatters: kreiranje i reprezentacija ne-binarnih identiteta na Instagramu. \/\/ Izvedbe identiteta u digitalnoj kulturi &#8211; knjiga sa\u017eetaka \/ Brdov\u010dak Mac, Sre\u0107ko (ur.).<br \/>\nZagreb: Sveu\u010dili\u0161te Sjever i Centar za filozofiju medija i mediolo\u0161ka istra\u017eivanja (CFM), 2022. str. 35-35 (predavanje, podatak o recenziji nije dostupan, sa\u017eetak, znanstveni)<\/li>\n<li>Hrsti\u0107, Ivan<br \/>\nRasna diskriminacija hrvatskih iseljenika u Australiji i Novom Zelandu tijekom prve polovine 20. stolje\u0107a. \/\/ PETI HRVATSKI ISELJENI\u010cKI KONGRES &#8211; IZAZOVI I PERSPEKTIVE ZAJEDNI\u0160TVA \/ Tro\u0161elj Mio\u010devi\u0107, Tanja ; Lemi\u0107, Vlatka (ur.).<br \/>\nZagreb: Centar za istra\u017eivanje hrvatskog iseljeni\u0161tva, 2022. str. 40-40 (predavanje, sa\u017eetak, znanstveni)<\/li>\n<li>Kotrla Topi\u0107, Marina; Merka\u0161, Marina; Bodro\u017ei\u0107 Selak, Matea; \u017dulec, Ana; Varga, Vanesa; Peri\u0107, Katarina; Rusan, Marija; Radusinovi\u0107, Leina<br \/>\nPovezanost roditeljskog ometanja mobitelom i sukoba oko dje\u010djeg kori\u0161tenja mobitela s dobrobiti djece. \/\/ 23. DANI PSIHOLOGIJE U ZADRU, KNJIGA SA\u017dETAKA \/ Tucak Junakovi\u0107, Ivana ; Macuka, Ivana ; Toki\u0107 ; Andrea (ur.).<br \/>\nZadar: Odjel za psihologiju, Sveu\u010dili\u0161te u Zadru, 2022. str. 86-86 (predavanje, recenziran, sa\u017eetak, znanstveni)<\/li>\n<li>Kova\u010di\u0107 Petrovi\u0107, Zrnka; Peraica, Tina; Toma\u0161i\u0107, Lea; Bla\u017eev, Mirta; Kozari\u0107-Kova\u010di\u0107, Dragica<br \/>\nUzimanje psihoaktivnih supstanci i alkohola tijekom prva tri valaCOVID-19 pandemije: Hrvatsko iskustvo. \/\/ Knjiga sa\u017eetaka 8. hrvatski psihijatrijski kongres<br \/>\nZagreb: HPD, 2022. str. 42-43 (predavanje, doma\u0107a recenzija, sa\u017eetak, znanstveni)<\/li>\n<li>Ku\u0107ar, Maja; Braj\u0161a-\u017dganec, Andreja; Di\u017eida, Marija; Brklja\u010di\u0107, Tihana; Tadi\u0107 Vuj\u010di\u0107, Maja<br \/>\nJesu li crte li\u010dnosti roditelja povezane s razli\u010ditim mjerama subjektivne dobrobiti djece?. \/\/ Psihologija u promociji cjelo\u017eivotnog razvoja, otklju\u010davanju potencijala i ja\u010danju otpornosti pojedinca i zajednice \/ Kuterovac Jagodi\u0107, Gordana ; Ambrosi-Randi\u0107, Neala ; Naki\u0107 Rado\u0161, Sandra ; Smojver-A\u017ei\u0107, Sanja (ur.).<br \/>\nZagreb: Hrvatsko psiholo\u0161ko dru\u0161tvo, 2022. str. 41-41 (predavanje, doma\u0107a recenzija, sa\u017eetak, znanstveni)<\/li>\n<li>Ku\u0107ar, Maja; Braj\u0161a-\u017dganec, Andreja; D\u017eida, Marija; Brklja\u010di\u0107, Tihana; Kotrla Topi\u0107, Marina<br \/>\nU\u010destalost kori\u0161tenja digitalnih ure\u0111aja, preokupiranost tehnologijom i provo\u0111enje vremena pred zaslonom u srednjem djetinjstvu. \/\/ Psiho\u0161pancir \/ Bogdan, Andreja i sur. (ur.).<br \/>\nVara\u017edin: Letis, 2022. str. &#8211; (predavanje, recenziran, sa\u017eetak, znanstveni)<\/li>\n<li>Ku\u0107ar, Maja; D\u017eida, Marija; Braj\u0161a-\u017dganec, Andreja; Kotrla Topi\u0107, Marina; Brklja\u010di\u0107, Tihana<br \/>\nKori\u0161tenje digitalnih tehnologija i izvr\u0161ne funkcije u srednjem djetinjstvu. \/\/ 23. Dani psihologije u Zadru, knjiga sa\u017eetaka \/ Tucak Junakovi\u0107, Ivana ; Macuka, Ivana ; Toki\u0107, Andrea (ur.).<br \/>\nZadar, 2022. str. 89-89 (predavanje, doma\u0107a recenzija, sa\u017eetak, znanstveni)<\/li>\n<li>Milak, Matea; Pera\u010dkovi\u0107, Kre\u0161imir<br \/>\nPandemijsko iskustvo \u017eivota mladih Vukovarsko-srijemske \u017eupanije u virtualnoj svakodnevici. \/\/ Programska knji\u017eica 25. znanstveno-stru\u010dnog skupa \u201eVukovar &#8217;91. \u2013 trideset i jedna godina poslije. Vukovar danas \u2013 sje\u0107anja, iskustva i realitet \u017eivljenja&#8221;. \/ Bendra, Ivana (ur.).<br \/>\nVukovar: Institut dru\u0161tvenih znanosti Ivo Pilar, 2022. str. 34-35 (predavanje, doma\u0107a recenzija, sa\u017eetak, znanstveni)<\/li>\n<li>Milas, Goran; \u0106avar, Filipa; Glavak Tkali\u0107, Renata; Razum, Josip; Mla\u010di\u0107, Boris; Wertag, Anja<br \/>\nUloga stresa u (zlo)uporabi sredstava ovisnosti kod adolescenata: STRESS LOAD projekt. \/\/ Knjiga sa\u017eetaka \/ Tucak Junakovi\u0107, Ivana ; Macuka, Ivana ; Toki\u0107, Andrea (ur.).<br \/>\nZadar: Sveu\u010dili\u0161te u Zadru, 2022. str. 22-22 (pozvano predavanje, doma\u0107a recenzija, sa\u017eetak, znanstveni)<\/li>\n<li>Milo\u0161, Brigita; Zeman, Zdenko; \u0160poljar Vr\u017eina, Sanja<br \/>\nSun, fun and COVID time: gendered experiences of pandemic summer vacation. \/\/ MIC \u2013 Vis, 2022, Book of Abstracts \/ Kaliterna Lipov\u010dan, Ljiljana ; Medi\u0107, Rino ; Ramljak, Ozana (ur.).<br \/>\nZagreb: Institute of Social Sciences Ivo Pilar ; VERN&#8217; University, 2022. str. 127-127 (predavanje, doma\u0107a recenzija, sa\u017eetak, znanstveni)<\/li>\n<li>Pavli\u0107, Marija; Hanzec Markovi\u0107, Ivana; Braj\u0161a- \u017dganec, Andreja; D\u017eida, Marija; Tadi\u0107 Vuj\u010di\u0107, Maja<br \/>\nNeke odrednice roditeljskog pona\u0161anja o\u010deva djece osnovno\u0161kolske dobi. \/\/ 23. Dani psihologije u Zadru: knjiga sa\u017eetaka \/ Tucak Junakovi\u0107, Ivana ; Macuka, Ivana ; Toki\u0107, Andrea (ur.).<br \/>\nZadar, 2022. str. 186-186 (poster, doma\u0107a recenzija, sa\u017eetak, znanstveni)<\/li>\n<li>Pera\u010dkovi\u0107, Kre\u0161imir; Mileti\u0107, Geran-Marko; \u017dani\u0107, Mateo<br \/>\nZa\u0161to mladi (ne)ostaju u Hrvatskoj? &#8211; istra\u017eivanje stavova o koristima i tro\u0161kovima odlaska i ostanka. \/\/ Knjiga sa\u017eetaka s me\u0111unarodne znanstvene konferencije \u201cMigracije na rubu Europe: trendovi, politike i izazovi\u201d \/ \u201cMigration on the edge of Europe: trends, policies and challenges\u201d \/ Klempi\u0107 Bogadi, Sanja ; Gregurovi\u0107, Snje\u017eana ; Mlinari\u0107, Dubravka (ur.).<br \/>\nZagreb: Institut za migracije i narodnosti, 2022. str. 49-49 (predavanje, doma\u0107a recenzija, sa\u017eetak, znanstveni)<\/li>\n<li>Peraica, Tina; Kova\u010di\u0107 Petrovi\u0107, Zrnka; Toma\u0161i\u0107, Lea; Bla\u017eev, Mirta; Kozari\u0107-Kova\u010di\u0107, Dragica<br \/>\nKvaliteta \u017eivota tijekom prolongirane stresne situacije u Hrvatskoj. \/\/ Knjiga sa\u017eetaka 8. hrvatski psihijatrijski kongres<br \/>\nZagreb: HPD, 2022. str. 32-32 (predavanje, doma\u0107a recenzija, sa\u017eetak, znanstveni)<\/li>\n<li>Pokos, Nenad; Turk, Ivo<br \/>\nGeografske i demografske zna\u010dajke Op\u0107ine Gorjani. \/\/ Znanstveno-stru\u010dni skup Gorjani &#8211; mjesto, ljudi, identitet, ba\u0161tina<br \/>\nGorjani, Hrvatska, 2022. str. 33-33 (predavanje, sa\u017eetak, stru\u010dni)<\/li>\n<li>Pokos, Nenad; \u017divi\u0107, Dra\u017een; \u0160imuni\u0107, Nikola<br \/>\nAktualni demografski trendovi i perspektive kao odrednice odr\u017eivog razvoja Banovine. \/\/ Knji\u017eica sa\u017eetaka: 23Banija kao metafora i metonimija \/ Jambre\u0161i\u0107 Kirin, Renata ; Markovi\u0107, Jelena ; Prica, Ines ; Vuku\u0161i\u0107, Ana-Marija (ur.).<br \/>\nZagreb: Institut za etnologiju i folkloristiku, 2022. str. 23-24 (predavanje, podatak o recenziji nije dostupan, sa\u017eetak, znanstveni)<\/li>\n<li>Renata Franc<br \/>\nMladi i dru\u0161tvo: potencijali i rizici. \/\/ Psihologija u promociji cjelo\u017eivotnog razvoja, otklju\u010davanju potencijala i ja\u010danju otpornosti pojedinca i zajednice.29. GODI\u0160NJA KONFERENCIJA HRVATSKIH PSIHOLOGA KNJIGA SA\u017dETAKA \/ Kuterovac Jagodi\u0107, Gordana ; Ambrosi_Randi\u0107, Neala ; Naki\u0107 Rado\u0161, Sandra ; Smojver-A\u017ei\u0107, Sanja (ur.).<br \/>\nZagreb: Hrvatsko psiholo\u0161ko dru\u0161tvo, 2022. str. 15-18 (plenarno, doma\u0107a recenzija, sa\u017eetak, znanstveni)<\/li>\n<li>\u0160poljar Vr\u017eina, Sanja<br \/>\nOd utemeljenja domovine do discipline posve\u0107ene utemeljiteljima: desetlje\u0107a analiti\u010dkog svjedo\u010denja memorije Hrvatskoga obrambenog domovinskog rata kroz Antropologiju Vukovara. \/\/ Vukovar danas &#8211; sje\u0107anja, iskustva i realitet \u017eivota &#8211; Programska knji\u017eica \/ Bendra, Ivana (ur.).<br \/>\nVukovar: Institut dru\u0161tvenih znanosti Ivo Pilar, 2022. str. 9-10 (predavanje, doma\u0107a recenzija, sa\u017eetak, znanstveni)<\/li>\n<li>\u0160poljar Vr\u017eina, Sanja<br \/>\nThe Adriatic of sun, fun, pleasure and tourism vs. The unsafe seas of people smuggling, covid-19 and illegal yacht routes.&nbsp; \/\/ MIC &#8211; VIS, 2022 Medditerranean Islands Conference Book of Abstracts \/ Kaliterna Lipov\u010dan, Ljiljana ; Medi\u0107, Rino (ur.).<br \/>\nZagreb: Institut dru\u0161tvenih znanosti Ivo Pilar ; VERN University, 2022. str. 113-113 (predavanje, doma\u0107a recenzija, sa\u017eetak, znanstveni)<\/li>\n<li>Wertag, Anja<br \/>\n20 godina Mra\u010dne trijade: Retrospektiva, perspektiva i prospektiva. \/\/ Knji\u017eica sa\u017eetaka i program<br \/>\nZagreb, 2022. str. 16-16 (plenarno, podatak o recenziji nije dostupan, sa\u017eetak, znanstveni)<\/li>\n<li>\u017dani\u0107, Mateo; Mileti\u0107, Geran Marko; Marovi\u0107 Zeko, Giana<br \/>\nPovjerenje u ljude i institucije mladih s podru\u010dja Vukovarsko-srijemske \u017eupanije. \/\/ Vukovar danas. Sje\u0107anja, iskustva i realiteti \u017eivljenja &#8211; programska knji\u017eica<br \/>\nVukovar, Hrvatska, 2022. str. 34-34 (predavanje, sa\u017eetak, znanstveni)<\/li>\n<li>\u017divi\u0107, Dra\u017een<br \/>\nDemografska odr\u017eivost postoje\u0107e mre\u017ee gradova i op\u0107ina u isto\u010dnohrvatskim \u017eupanijama. \/\/ Lokalna vlast i samouprava u povijesti Slavonije, Srijema i Baranje. Program skupa i sa\u017eeci izlaganja \/ Akmad\u017ea, Miroslav i drugi (ur.).<br \/>\nOsijek: Filozofski fakultet Sveu\u010dili\u0161ta Josipa Jurja Strossmayera u Osijeku, 2022. str. 40-41 (predavanje, doma\u0107a recenzija, sa\u017eetak, znanstveni)<\/li>\n<li>\u017divi\u0107, Dra\u017een<br \/>\nDokumentiranje ljudskih gubitaka Vukovarsko-srijemske \u017eupanije u Domovinskom ratu &#8211; primjer ra\u010dunalne baze podataka HMDCDR-a iz Zagreba. \/\/ Vukovar dana &#8211; sje\u0107anja, iskustva i realitet \u017eivota &#8211; Programska knji\u017eica \/ Bendra, Ivana (ur.).<br \/>\nVukovar: Institut dru\u0161tvenih znanosti Ivo Pilar, 2022. str. 20-21 (predavanje, sa\u017eetak, znanstveni)<\/li>\n<li>\u017divi\u0107, Dra\u017een; Komu\u0161anac, Monika<br \/>\nMigracijski kontekst rata u Ukrajini i njegov potencijalni demografski odraz na Republiku Hrvatsku. \/\/ &#8220;Migracije na rubu Europe: trendovi, politike i izazovi&#8221;<br \/>\nZagreb, Hrvatska., 2022. str. 60-60 (predavanje, podatak o recenziji nije dostupan, sa\u017eetak, znanstveni)<\/li>\n<li>\u017divi\u0107, Dra\u017een; \u0160aki\u0107, Vlado<br \/>\nZnanstveno-stru\u010dni skup &#8220;Vukovar 91.&#8221; &#8211; ba\u0161tina, postignu\u0107a, odjeci. \/\/ Vukovar danas &#8211; sje\u0107anja, iskustva i realitet \u017eivota \u2013 Programska knji\u017eica \/ Bendra, Ivana (ur.).<br \/>\nVukovar: Institut dru\u0161tvenih znanosti Ivo Pilar, 2022. str. 7-8 (predavanje, sa\u017eetak, znanstveni)<\/li>\n<li>\u017divi\u0107, Dra\u017een; \u017debec \u0160ilj, Ivana<br \/>\nAktualne demografske prilike u Op\u0107ini Gorjani (2011. \u2013 2021.). \/\/ Programska knji\u017eica \/ \u017divi\u0107, Dra\u017een (ur.).<br \/>\nGorjani: Op\u0107ina Gorjani, 2022. str. 35-36 (predavanje, sa\u017eetak, znanstveni)<\/li>\n<li>\u017divi\u0107, Dra\u017een; \u017divi\u0107, Vinko<br \/>\nDjelovanje bosansko-hercegova\u010dke UDBE: kvantitativna analiza dosjea suradni\u010dke mre\u017ee. \/\/ Programska knji\u017eica \/ Tro\u0161elj Mio\u010devi\u0107, Tanja ; Lemi\u0107, Vlatka (ur.).<br \/>\nZagreb: Centar za istra\u017eivanje hrvatskog iseljeni\u0161tva, 2022. str. 81-81 (predavanje, podatak o recenziji nije dostupan, sa\u017eetak, znanstveni)<\/li>\n<\/ol>\n<p><em>Druga sudjelovanja na skupovima<\/em><\/p>\n<ol>\n<li>Ani\u0107, Jadranka Rebeka<br \/>\nAktuelle Herausforderungen der theologischen Genderforschung. \/\/ Gender \u2013 Politik \u2013 Religion. Biblische Impulse und aktuelle Resonanzen<br \/>\nGraz, Austrija, 2022. (pozvano predavanje, neobjavljeni rad, znanstveni)<\/li>\n<li>Bendra Ivana; Mileti\u0107 Marko Geran; \u017dani\u0107 Mateo<br \/>\nStavovi gra\u0111ana Belog Manastira o razvijenosti civilnog dru\u0161tva i kvaliteti socijalnih usluga. \/\/ Prema sigurnijoj socijalnoj budu\u0107nosti \u2013 Istra\u017eivanje o socijalnim uslugama u Belom Manastiru<br \/>\nBeli Manastir, Hrvatska, 2022. (predavanje, recenziran, neobjavljeni rad, znanstveni)<\/li>\n<li>Bero\u0161, Marin; Jaki\u0107, Ivan<br \/>\nOpposites Attract \u2013 Extreme Music and Concern for Animal Protection. \/\/ 4. Dani kulturne animaliSTike<br \/>\nSplit, Republika Hrvatska, 2022. str. 57-58 (predavanje, podatak o recenziji nije dostupan, sa\u017eetak, znanstveni)<\/li>\n<li>Brekalo, Miljenko; Mandi\u0107, Hrvoje; Adani\u0107, Stjepan<br \/>\nLogori Armije BiH u funkciji zatiranja nacionalnog identiteta Hrvata tijekom Domovinskoga rata u Bosni i Hercegovini (1992. \u2013 1995.). \/\/ Identiteti-kulture-jezici Pitanje nacionalnoga u suvremenom kontekstu s posebnim osvrtom na Bosnu i Hercegovinu<br \/>\nMostar, Bosna i Hercegovina, Filozofski fakultet Sveu\u010dili\u0161ta u Mostaru, 2022. (plenarno, neobjavljeni rad, znanstveni)<\/li>\n<li>Brekalo, Miljenko; Matovina \u0110uro<br \/>\nNAPAD NA STANICU JAVNE SIGURNOSTI PODRAVSKA SLATINA. \/\/ Podravska Slatina u Domovinskome ratu \/ Brekalo, Miljenko (ur.).<br \/>\nZagreb: Institut dru\u0161tvenih znanosti Ivo Pilar, 2022. str. 15-35 (plenarno, doma\u0107a recenzija, kratko priop\u0107enje, znanstveni)<\/li>\n<li>Brli\u0107, Ivan<br \/>\nENVIRONMENT AND TOURISM OF THE PODVELEBIT REGION DURING THE AUSTRO-HUNGARIAN PERIOD: BETWEEN DISCOVERY AND AUTHENTICITY. \/\/ MIC \u2013 Vis, 2022 Mediterranean Islands Conference<br \/>\nVis, Hrvatska, 2022. str. 30-31 (predavanje, sa\u017eetak, znanstveni)<\/li>\n<li>Dergi\u0107, Vanja<br \/>\n(Sub)cultural practices of young islanders. \/\/ MIC-VIS, Mediterranean Islands Conference<br \/>\nVis, Croatia, 2022. (predavanje, podatak o recenziji nije dostupan, pp prezentacija, znanstveni)<\/li>\n<li>Dergi\u0107, Vanja<br \/>\nAnti-gender movement and political activism of young LGBTIQ people in Croatia: ethnographic case study on Zagreb Pride NGO. \/\/ European Conference on Politics and Gender<br \/>\nLjubljana, Slovenija, 2022. (predavanje, podatak o recenziji nije dostupan, pp prezentacija, znanstveni)<\/li>\n<li>Dergi\u0107, Vanja; Vuku\u0161i\u0107, Dino<br \/>\nPublic space as an opportunity for young people: the example of young peoples (sub)cultural practices in the city of Zagreb. \/\/ Ordinary cities in exceptional times<br \/>\nAtena, Gr\u010dka, 2022. (predavanje, podatak o recenziji nije dostupan, pp prezentacija, znanstveni)<\/li>\n<li>Greiner, Paula; Krizmani\u0107, Matija<br \/>\n&#8220;&#8221;Ubije\u0161 oko pa te sa\u017eva\u010de\u2026 iz dana u dan, iz dana u dan&#8221; \u2013 prakse brige o sebi i zdravlju kod osoba u besku\u0107ni\u0161tvu\u201c. \/\/ Knjiga sa\u017eetaka<br \/>\nZagreb, Hrvatska, 2022. str. 13-14 (predavanje, doma\u0107a recenzija, pp prezentacija, znanstveni)<\/li>\n<li>Hazdovac Baji\u0107, Nikolina; Fila, Filip; Marinovi\u0107 Jerolimov, Dinka<br \/>\nWalking on the Edge \u2013 The Catholic Church in Croatia in the Context of COVID-19 Pandemic. \/\/ 15th ISORECEA conference: Drifting apart or Consolidating? Religious and Secular Organizations in Political Constellations<br \/>\nOnline, 2022. (predavanje, neobjavljeni rad, znanstveni)<\/li>\n<li>Holjevac, \u017deljko<br \/>\nFranjo Ra\u010dki i hrvatsko-ma\u0111arski odnosi 1860-ih godina. \/\/ XX. Dani dr. Franje Ra\u010dkoga<br \/>\nFu\u017eine, Hrvatska, 2022. (predavanje, podatak o recenziji nije dostupan, neobjavljeni rad, znanstveni)<\/li>\n<li>Holjevac, \u017deljko<br \/>\nIvo Pilar i ju\u017enoslavensko pitanje. \/\/ Kultura i identitet Hrvata u Bosni i Hercegovini s posebnim osvrtom na rad i djelovanje HKD Napredak (1902.-2022.)<br \/>\nSarajevo, Bosna i Hercegovina, 2022. (predavanje, podatak o recenziji nije dostupan, neobjavljeni rad, znanstveni)<\/li>\n<li>Holjevac, \u017deljko<br \/>\nJanko Dra\u0161kovi\u0107. \/\/ Predsjednici Matice hrvatske<br \/>\nZagreb, Hrvatska, 2022. (predavanje, podatak o recenziji nije dostupan, neobjavljeni rad, znanstveni)<\/li>\n<li>Holjevac, \u017deljko<br \/>\nMilitary Frontier and the Illyirian Occasional Songs. \/\/ Institutionalization of Modern Burgeois Musical Culture in the 19th Century<br \/>\nZagreb, Hrvatska, 2022. (radionica, podatak o recenziji nije dostupan, neobjavljeni rad, stru\u010dni)<\/li>\n<li>Holjevac, \u017deljko<br \/>\nSukobi na li\u010dko-bosanskoj granici (1815.-1846.). \/\/ Op\u0107ina Rakovica u pro\u0161losti i sada\u0161njosti<br \/>\nDre\u017enik Grad, Rakovica, Hrvatska, 2022. (predavanje, podatak o recenziji nije dostupan, neobjavljeni rad, znanstveni)<\/li>\n<li>Hornstein-Tomi\u0107, Caroline<br \/>\nA transnational approach to civic education in Europe: THE CIVICS Innovation Hub. \/\/ Workshop CITIDEN: Citoyennet\u00e9s et Identifications en Europe<br \/>\nGiessen, Njema\u010dka, 2022. str. xxx-xxx (radionica, podatak o recenziji nije dostupan, ostalo, stru\u010dni)<\/li>\n<li>Hornstein-Tomi\u0107, Caroline<br \/>\nFluchtspuren \u2013 Zum Nachhall von Erfahrungen erzwungener Migration im Erleben von Zur\u00fcckkehrenden. \/\/ Flucht, Vertreibung, Exil &#8211; historische und aktuelle Perspektiven. Vortragssreihe der Landeszentrale f\u00fcr politische Bildung Rheinland-Pfalz<br \/>\nMainz, Njema\u010dka (online), 2022. str. xxx-xxx (pozvano predavanje, podatak o recenziji nije dostupan, ostalo, znanstveni)<\/li>\n<li>Hornstein-Tomi\u0107, Caroline<br \/>\nKako remigracija mo\u017ee pridonijeti razvoju domovine: javne politike i prakse. \/\/ Peti Hrvatski Iseljeni\u010dki Kongres: Izazovi i perspektive zajedni\u0161tva. Izazovi i perspektive zajedni\u0161tva<br \/>\nMostar, Bosnia i Hercegovina, 2022. str. xxx-xxx (predavanje, podatak o recenziji nije dostupan, ostalo, znanstveni)<\/li>\n<li>Hornstein-Tomi\u0107, Caroline<br \/>\nMigration, Remigration, zirkul\u00e4re Migration: Herausforderungen und Chancen f\u00fcr die Region und die EU. \/\/ Fachkonferenz S\u00fcdosteuropa und westlicher Balkan der Konrad-Adenauer-Stiftung<br \/>\nKrk, Hrvatska, 2022. str. xxx-xxx (pozvano predavanje, podatak o recenziji nije dostupan, ostalo, znanstveni)<\/li>\n<li>Hornstein-Tomi\u0107, Caroline<br \/>\nRemote work and return migration: Can ICTs motivate return migration?. \/\/ 25th International Metropolis Conference. Pre-conference webinar<br \/>\nBerlin, Njema\u010dka, 2022. str. xxx-xxx (predavanje, podatak o recenziji nije dostupan, ostalo, znanstveni)<\/li>\n<li>Hornstein-Tomi\u0107, Caroline<br \/>\nZugeh\u00f6rigkeit durch Grenz-\u00dcberschreitung: Effekte transnationaler R\u00fcckkehrmobilit\u00e4t im kroatischen Kontext. \/\/ 7th Biennial Conference on Migration and Integration Research in Austria (7. Jahrestagung zur Migrationsforschung in \u00d6sterreich): Globalization of Borders (Globalisierung von Grenzen) \u2013 Borders of Globalization (Grenzen der Globalisierung)<br \/>\nKrems, Austrija, 2022. str. xxx-xxx (predavanje, podatak o recenziji nije dostupan, ostalo, znanstveni)<\/li>\n<li>Hornstein-Tomi\u0107, Caroline; Kurili\u0107, Maja; Bagi\u0107, Dora<br \/>\nDigital nomads in Croatia \u2013 an ecosystem for foreign residents in the making?. \/\/ Mediterranean Islands Conference<br \/>\nVis, Hrvatska, 2022. str. xxx-xxx (predavanje, podatak o recenziji nije dostupan, ostalo, znanstveni)<\/li>\n<li>Hornstein-Tomi\u0107, Caroline; Ostermann, Anja<br \/>\nCivic Scouts at work: a civic education qualification program for industrial workplaces.. \/\/ 25th International Metropolis Conference<br \/>\nBerlin, Njema\u010dka, 2022. str. xxx-xxx (radionica, podatak o recenziji nije dostupan, ostalo, stru\u010dni)<\/li>\n<li>Ivana Bendra; Katarina Peri\u0107 Pavi\u0161i\u0107; Dra\u017een \u017divi\u0107<br \/>\n\u017divot na podru\u010dju Vukovarsko-srijemske \u017eupanije iz perspektive djece hrvatskih branitelja. \/\/ 25. znanstveno-stru\u010dni skup \u201eVukovar &#8217;91. \u2013 trideset i jedna godina poslije\u201c &#8211; Vukovar danas \u2013 sje\u0107anja, iskustva i realitet \u017eivljenja<br \/>\nOnline (platforma Zoom), 2022. str. 35-36 (predavanje, sa\u017eetak, znanstveni)<\/li>\n<li>Kaliterna Lipov\u010dan, Ljiljana<br \/>\nKako biti i ostati sretan u kriznim i izazovnim vremenima?. \/\/ Um i njegove pri\u010de<br \/>\nZagreb, Hrvatska, 2022. (pozvano predavanje, podatak o recenziji nije dostupan, neobjavljeni rad, znanstveni)<\/li>\n<li>Kotrla Topi\u0107, Marina; Merka\u0161, Marina; Bodro\u017ei\u0107 Selak, Matea; \u017dulec, Ana; Varga, Vanesa; Peri\u0107 Pavi\u0161i\u0107, Katarina<br \/>\nRoditeljsko kori\u0161tenje mobitela i dobrobit djece. \/\/ IX. znanstveno-stru\u010dni skup Osna\u017eivanje potencijala za preventivne aktivnosti u zajednici<br \/>\nOsijek, Republika Hrvatska, 2022. (predavanje, doma\u0107a recenzija, neobjavljeni rad, znanstveni)<\/li>\n<li>Ku\u0107ar, Maja<br \/>\nPovezanost provo\u0111enja vremena na dru\u0161tvenim mre\u017eama sa \u0161kolskim uspjehom i samopo\u0161tovanjem adolescenata. \/\/ Djeca i digitalne tehnologije<br \/>\nVara\u017edin, Hrvatska, 2022. (predavanje, neobjavljeni rad, znanstveni)<\/li>\n<li>La\u017enjak, Jasminka; \u0160varc, Jadranka<br \/>\nTechnology assessment in Croatia. \/\/ Technology assessment in Central and Eastern Europe<br \/>\nVienna, Austria (online), 2022. (pozvano predavanje, podatak o recenziji nije dostupan, pp prezentacija, znanstveni)<\/li>\n<li>Milas, Goran<br \/>\nLi\u010dnost i stavovi. \/\/ Promocija \u010dasopisa Psihologijske teme<br \/>\nRijeka, Hrvatska, 2022. (https:\/\/www.bib.irb.hr\/1201574) (pozvano predavanje, neobjavljeni rad, znanstveni)<\/li>\n<li>Pavlovi\u0107, Tomislav<br \/>\nMeasuring radicalisation by surveys \u2013 experiences from DARE secondary analysis and the systematic review. \/\/ Benefits of large datasets for international collaboration \u2013 Experiences with DARE and other Horizon 2020 projects<br \/>\nOslo, Norve\u0161ka, 2022.. (https:\/\/www.bib.irb.hr\/1195050) (radionica, pp prezentacija, ostalo)<\/li>\n<li>Poljanec-Bori\u0107, Sa\u0161a, Ivandi\u0107, Neven, Luki\u0107, Aleksandar (Znanstveno vije\u0107e za turizam i prostor HAZU)<br \/>\nTuristi\u010dke koncesije na pomorskom dobru u Hrvatskoj: socioekonomski pogled na harmonizaciju koncesijskih politika u Hrvatskoj u kontekstu europskog zatvorenog tr\u017ei\u0161ta. \/\/ Okrugli stol \u201eTuristi\u010dke koncesije na pomorskom dobru\u201c<br \/>\nZnanstveno vije\u0107e za turizam i prostor, HAZU, Zagreb, Hrvatska, 2022. (predavanje, pp prezentacija, znanstveni)<\/li>\n<li>Rada\u010di\u0107, Ivana<br \/>\nGender and gender backlash in international human rights law. \/\/ Who is afraid of gender (diversity)?<br \/>\nonline, 2022. (plenarno, neobjavljeni rad, znanstveni)<\/li>\n<li>\u0160iki\u0107 Mi\u0107anovi\u0107<br \/>\nRezultati kvalitativnog istraz\u030civanja s osobama koje z\u030cive na ulici. \/\/ Nova perspektiva za besku\u0107nike<br \/>\nOsijek, Hrvatska, 2022. (predavanje, neobjavljeni rad, znanstveni)<\/li>\n<li>Su\u010di\u0107, Ines<br \/>\nLik i djelo forenzi\u010dkih psihologa. \/\/ Fikcija kao stvarnost \u2013 pri\u010de o mentalnom zdravlju<br \/>\nZagreb, Hrvatska, 2022. (predavanje, neobjavljeni rad, stru\u010dni)<\/li>\n<li>Vojak, Danijel<br \/>\n&#8220;Observers&#8221; or \u201cBystanders\u201d of History. On the Research(ing) of Roma History in Croatian Historiography.. \/\/ Romani History \u2013 Methods, Sources, Ethics<br \/>\nPrag, \u010ce\u0161ka, 2022. (radionica, pp prezentacija, znanstveni)<\/li>\n<li>Vojak, Danijel<br \/>\nGenocid na romskim stanovni\u0161tvom na sisa\u010dko \u2013 banijskom podru\u010dju, 1941. \u2013 1945.. \/\/ Deveta me\u0111unarodna nau\u010dna konferencija \u201eStradanje Srba, Jevreja, Roma i ostalih na teritoriji biv\u0161e Jugoslavije\u201c.<br \/>\nBeograd, Srbija, 2022. (predavanje, podatak o recenziji nije dostupan, pp prezentacija, znanstveni)<\/li>\n<li>Vojak, Danijel<br \/>\nGenocid nad Romima u Nezavisnoj Dr\u017eavi Hrvatskoj,1941. \u2013 1945.. \/\/ Romi kao indijska dijaspora &#8211; neraskidive veze<br \/>\nZagreb, Hrvatska, 2022. (predavanje, podatak o recenziji nije dostupan, ostalo, znanstveni)<\/li>\n<li>Vojak, Danijel<br \/>\nGenocid nad Romima. \/\/ 19. stru\u010dni skup Pou\u010davanje i u\u010denje o holokaustu i spre\u010davanju zlo\u010dina protiv \u010dovje\u010dnosti<br \/>\nZagreb, Hrvatska, 2022. (predavanje, podatak o recenziji nije dostupan, pp prezentacija, znanstveni)<\/li>\n<li>Vojak, Danijel<br \/>\nGenocidni progon nepo\u017eeljnih ili o povijesti stradanja Roma&nbsp; u Nezavisnoj Dr\u017eavi Hrvatskoj, 1941. &#8211; 1945..&nbsp; \/\/ Learning from the Past \u2013 Acting for the Future U\u010diti o pro\u0161losti \u2013 Djelovati za budu\u0107nost Pou\u010davanje o Holokaustu i ljudskim pravima<br \/>\nZagreb, Hrvatska, 2022. (pozvano predavanje, pp prezentacija, znanstveni)<\/li>\n<li>Vojak, Danijel<br \/>\nGenocidno stradanje romskog i sintskog stanovni\u0161tva u europskim zemljama. \/\/ Genocid nad Romi, nevarnost \u0161irjenja fa\u0161izma in antiromizma<br \/>\nMurska Sobota, Slovenija., 2022. (pozvano predavanje, podatak o recenziji nije dostupan, pp prezentacija, znanstveni)<\/li>\n<li>Vojak, Danijel<br \/>\nIz povijesti migracija romskog stanovni\u0161tva na hrvatskom podru\u010dju. \/\/ Me\u0111unarodna znanstvena konferencija Migracije na rubu Europe: trendovi, politike i izazovi.<br \/>\nZagreb, Hrvatska, 2022. (predavanje, podatak o recenziji nije dostupan, ostalo, znanstveni)<\/li>\n<li>Vojak, Danijel<br \/>\nMarginalci u potrazi za priznanjem ili iz povijesti zakonskog reguliranja polo\u017eaja Roma na hrvatskim podru\u010djima. \/\/ Prvih dvadeset godina Ustavnog zakona o pravima nacionalnih manjina<br \/>\nZagreb, Hrvatska, 2022. (predavanje, podatak o recenziji nije dostupan, ostalo, znanstveni)<\/li>\n<li>Vojak, Danijel<br \/>\nNeglected Memories of Marginals: Testimonies of Roma Suffering in Croatia during the Second World War. \/\/ Recording Romani Voices, Documenting Romani Lives Workshop<br \/>\nBe\u010d, Austrija, 2022. (radionica, podatak o recenziji nije dostupan, pp prezentacija, znanstveni)<\/li>\n<li>Vojak, Danijel<br \/>\nNepo\u017eeljni pod udarom terora ili iz povijesti Roma&nbsp; u Nezavisnoj Dr\u017eavi Hrvatskoj, 1941. -1945..&nbsp; \/\/ 2. Ljetna \u0161kola suo\u010davanja s pro\u0161lo\u0161\u0107u<br \/>\nU\u0161tica, Hrvatska, 2022. (predavanje, podatak o recenziji nije dostupan, pp prezentacija, znanstveni)<\/li>\n<li>Vojak, Danijel<br \/>\nO usta\u0161kom progonu nepo\u017eeljnih ili o Romima u Nezavisnoj Dr\u017eavi Hrvatskoj, 1941. &#8211; 1945.. \/\/ Primarni izvori o holokaustu u komparativnoj perspektivi<br \/>\nRijeka, Hrvatska, 2022. (predavanje, podatak o recenziji nije dostupan, pp prezentacija, znanstveni)<\/li>\n<li>Vojak, Danijel<br \/>\nRomi i Sinti iz zemalja Kraljevine Jugoslavije u nacisti\u010dkim i fa\u0161isti\u010dkim logorima s posebnim osvrtom na logor Auschwitz &#8211; Birkenau. \/\/ Vsako leto eno ime: Roman Erich Petsche Auschwitz in prostor nekdanje Jugoslavije II<br \/>\nMaribor, Slovenija, 2022. (predavanje, podatak o recenziji nije dostupan, pp prezentacija, znanstveni)<\/li>\n<li>Vojak, Danijel<br \/>\nRomi u Podravini i njihovo stradanje u Drugom svjetskom ratu, 1941.-1945.. \/\/ Romi u Podravini i njihovo stradanje u Drugom svjetskom ratu<br \/>\nKoprivnica, Hrvatska, 2022. (predavanje, pp prezentacija, znanstveni)<\/li>\n<li>Vojak, Danijel<br \/>\nSamudaripen \/ Roma Genocide in the Independent State of Croatia, 1941 \u2013 1945.&nbsp; \/\/ 25th workshop on the History and Memory of National Socialist Camps and Killing Sites<br \/>\nZagreb, Hrvatska, 2022. (pozvano predavanje, podatak o recenziji nije dostupan, pp prezentacija, znanstveni)<\/li>\n<li>Vojak, Danijel<br \/>\nUndesirable and Dangerous under State racial persecution or from history of the Roma in the Independent State of Croatia, 1941 \u2013 1945.. \/\/ Usta\u0161a-Regime, Holocaust und Geschichtsaufarbeitung<br \/>\nZagreb, Hrvatska, 2022. (pozvano predavanje, pp prezentacija, znanstveni)<\/li>\n<li>\u017dani\u0107 Mateo; Mileti\u0107 Geran Marko; Bendra Ivana<br \/>\nPOVERTY AND DEVELOPMENT OF SOCIAL SERVICES ON CROATIAN PERIPHERY: EXAMPLE OF THE CITY OF BELI MANASTIR. \/\/ EAUH Antwerp Conference &#8211; 15th Conference of the European Association for Urban History<br \/>\nAntwerp, Belgium, 2022. (predavanje, ostalo, znanstveni)<\/li>\n<li>\u017dani\u0107 Mateo; Mileti\u0107 Marko Geran; Bendra Ivana<br \/>\nSUVREMENE TRANSFORMACIJE BELOG MANASTIRA I NJIHOVI U\u010cINCI NA PERCEPCIJU SIROMA\u0160TVA I POVJERENJE U INSTITUCIJE. \/\/ Prema sigurnijoj socijalnoj budu\u0107nosti &#8211; Istra\u017eivanje o socijalnim uslugama u Belom Manastiru<br \/>\nBeli Manastir, Hrvatska, 2022. (predavanje, ostalo, znanstveni)<\/li>\n<li>\u017debec \u0160ilj, Ivana<br \/>\nOur wounds still burn deep!The First World War Disabled Veterans in Local Communities in the Kingdom of SHS\/Yugoslavia and in the Federal People&#8217;s Republic of Yugoslavia. \/\/ \u00abEmpire, territorial states and local communities in ethnic and national dimension\u00bb<br \/>\nSankt Peterburg, Ruska Federacija, 2022. (predavanje, neobjavljeni rad, znanstveni)<\/li>\n<li>\u017divi\u0107, Dra\u017een<br \/>\nDemografska bilanca i op\u0107e kretanje stanovni\u0161tva Primorsko-goranske \u017eupanije 2011. &#8211; 2021.: osnovna obilje\u017eja prostorne populacijske polarizacije. \/\/ XX. dani dr. Franje Ra\u010dkog<br \/>\nFu\u017eine, Hrvatska, 2022. (predavanje, neobjavljeni rad, znanstveni)<\/li>\n<li>\u017divi\u0107, Dra\u017een<br \/>\nDemografske promjene u Hrvatskoj: od ekspanzije do depopulacije. \/\/ Od Strossmayera do danas &#8211; demografska slika Hrvatske<br \/>\nOsijek, Hrvatska, 2022. (predavanje, neobjavljeni rad, znanstveni)<\/li>\n<li>\u017divi\u0107, Dra\u017een<br \/>\nMigracije kao odrednica i izazov demografske odr\u017eivosti i nacionalne sigurnosti Republike Hrvatske. \/\/ Demografija, migracije i unutarnja sigurnost Republike Hrvatske<br \/>\nZagreb, Hrvatska, 2022. (pozvano predavanje, neobjavljeni rad, znanstveni)<\/li>\n<li>\u017divi\u0107, Dra\u017een; Bendra, Ivana<br \/>\nMiroslav Tu\u0111man i znanstveno-stru\u010dni skup &#8220;Vukovar 91.&#8221;: konferencijska priop\u0107enja i objavljeni radovi. \/\/ Miroslav Tu\u0111man i paradigma znanja<br \/>\nZagreb, Hrvatska, 2022. (predavanje, neobjavljeni rad, znanstveni)<\/li>\n<li>Zlatar Gambero\u017ei\u0107, Jelena; Ursi\u0107, Sara; Vuki\u0107, Jana; Svir\u010di\u0107 Gotovac, An\u0111elina<br \/>\nTradicionalne oto\u010dne djelatnosti i kulturna ba\u0161tina kao temelj oto\u010dnog identiteta i kulturno-turisti\u010dki potencijal: Primjeri otoka Bra\u010da i Raba. \/\/ 10. Anatomija otoka&#8217;KLIMATSKE PROMJENE I OKOLI\u0160NE BUDU\u0106NOSTI OTOKA&#8217;<br \/>\nLastovo, Hrvatska, 2022. (predavanje, doma\u0107a recenzija, ostalo, znanstveni)<\/li>\n<li>Zlatar Gambero\u017ei\u0107, Jelena; Vuki\u0107, Jana; Ursi\u0107, Sara<br \/>\n\u0160to gra\u0111ani o\u010dekuju od gradskih parkova \u2013 participacija i lokalne bottom-up inicijative. \/\/ Parkovi za sve (Zagreba\u010dki parkovi \u2013 mo\u017ee li druga\u010dije?)<br \/>\nZagreb, Hrvatska, 2022.. (https:\/\/www.bib.irb.hr\/1233277) (pozvano predavanje, doma\u0107a recenzija, neobjavljeni rad, znanstveni)<\/li>\n<\/ol>\n<p><strong><a id=\"g21\"><\/a>2021.<\/strong><\/p>\n<p><em>Nacionalni skupovi u organizaciji Instituta Pilar<\/em><\/p>\n<p>1. HRVATSKO PROLJE\u0106E, znanstveni skup u povodu 50. obljetnice, Zagreb, 16. \u2013 17. 6. 2021. Organizator: Matica hrvatska. Suorganizatori: Hrvatski institut za povijest i Institut dru\u0161tvenih znanosti Ivo Pilar. Pokrovitelj: Vlada Republike Hrvatske; medijski pokrovitelj: Vijenac<\/p>\n<p><em>Radni sastanci (workshops) u organizaciji Instituta Pilar<\/em><\/p>\n<p>1. Online jednodnevna radionica za stru\u010dne suradnike osnovnih i srednjih \u0161kola: SLOBODNO ODLU\u010cIVANJE O KARIJERI: Profesionalni razvoj adolescenata, Zagreb, 10. 3. 2021., Projekt HRZZ-a: Model slobodnog odlu\u010divanja o karijeri: Uloga autonomne karijerne motivacije te za\u0161titnih i rizi\u010dnih faktora u profesionalnom razvoju adolescenata (voditeljica: Iva \u0160verko)<\/p>\n<p>2. Radionica na projektu HRZZ-a Dobrobit djeteta u kontekstu obitelji CHILD-WELL (voditeljica: Andreja Braj\u0161a-\u017dganec), Zagreb, 14. 10. 2021.<\/p>\n<p>3. Radionica na projektu HRZZ-a Uspostava kriterija za vrednovanje modernizacijskih i (post)tranzicijskih procesa u ruralnim prostorima Hrvatske kroz studiju slu\u010daja ruralnog prostora Like \u2013 RURALIKA (voditeljica: Anita Bu\u0161ljeta Tonkovi\u0107), Zagreb, 2. 12. 2021.<\/p>\n<p>4. Radionica na projektu HRZZ-a Istra\u017eivanje emocija u (re)konstrukciji identiteta dijaspore: Hrvati u Australiji i Novom Zelandu (1945. \u2013 1991.) (voditelj: Ivan Hrsti\u0107), Zagreb, 17. 12. 2021.<\/p>\n<p><em>Nacionalni skupovi u kojima su sudjelovali znanstvenici Instituta Pilar<\/em><\/p>\n<p>1. VIII. Nacionalni kongres Hrvatskoga sociolo\u0161kog dru\u0161tva: Hrvatsko dru\u0161tvo i COVID-19 pandemija \u2013 Kriza kao prilika? 20. \u2013 21. 5. 2021., Zagreb (online) (A. Derado, C. Hornstein-Tomi\u0107, M. Kurili\u0107, M. Petri\u0107, J. Pu\u0111ak, S. Ursi\u0107, I. Tomi\u0107-Koludrovi\u0107)<\/p>\n<p>2. Hrvatski politolo\u0161ki razgovori 2021.: Tako mlada, a ve\u0107 stara: dru\u0161tvene, ekonomske i politi\u010dke posljedice depopulacije Hrvatske, Hrvatsko politolo\u0161ko dru\u0161tvo, 5. \u2013 6. 11. 2021., Zagreb (A. Bu\u0161ljeta Tonkovi\u0107, J. Pu\u0111ak)<\/p>\n<p>3. VI. kongres Hrvatskih povjesni\u010dara, Kultura, Hrvatski nacionalni odbor za povijesne znanosti, Dru\u0161tvo za hrvatsku povjesnicu, Sveu\u010dili\u0161te u Rijeci, Filozofski fakultet, 29. 9. \u2013 2. 10. 2021., Rijeka (I. Brli\u0107, Lj. Dobrov\u0161ak, M. Gabelica, I. Hrsti\u0107, J. Vince Pallua, \u017d. Holjevac, I. \u017debec \u0160ilj)<\/p>\n<p>4. Sedmi hrvatski simpozij o nastavi povijesti: \u201ePovijest 20. stolje\u0107a u kurikulima: \u010dovje\u010danstvo izme\u0111u ponora i uzleta znanosti\u201c, Agencija za odgoj i obrazovanje, 1. \u2013 3. 9. 2021., Zagreb (Lj. Dobrov\u0161ak, \u017d. Holjevac)<\/p>\n<p>5. Otvoreni dan sociologije, Odjel za sociologiju Sveu\u010dili\u0161ta u Zadru, 12. 1. 2021., Zadar (E. Ba\u0161i\u0107)<\/p>\n<p>6. 19. Lo\u0161injski dani bioetike, Hrvatsko filozofsko dru\u0161tvo, 10. \u2013 13. 10. 2021., Veli Lo\u0161inj (J. Pu\u0111ak)<\/p>\n<p>7. Kongres Centra za interdisciplinarna istra\u017eivanja, Sveu\u010dili\u0161te u Osijeku, 4. \u2013 5. 11. 2021., Osijek (A. Bu\u0161ljeta Tonkovi\u0107)<\/p>\n<p>8. 13. Konferencija o odr\u017eivom razvoju \u2013 dru\u0161tveno odgovorno poslovanje u Hrvatskoj, HR PSOR, 9. \u2013 10. 11. 2021., Zagreb (M. Geiger Zeman, Z. Zeman)<\/p>\n<p>9. \u0160esti hrvatski socijalni tjedan \u2013 Demografija, iseljavanje, migracije, Centar za promicanje socijalnog nauka Crkve, 22. \u2013 23. 10. 2021., Zagreb (A. Braj\u0161a-\u017dganec, R. Mesari\u0107 \u017dab\u010di\u0107; N. Pokos, D. \u017divi\u0107)<\/p>\n<p>10. Znanstveno-stru\u010dni skup: Zavi\u010dajni Dunav. Promicatelji hrvatskoga identiteta na podru\u010dju hrvatskoga istoka od kraja 17. do po\u010detka 20. stolje\u0107a, Fakultet hrvatskih studija Sveu\u010dili\u0161ta u Zagrebu, MH Vinkovci, Dr\u017eavni arhiv u Vukovaru, Hrvatska matica iseljenika i Vukovarsko-srijemska \u017eupanija, 12. 6. 2021., Vukovar (S. Cviki\u0107)<\/p>\n<p>11. Znanstveni skup \u201eTrideset godina od stupanja na snagu zakona o hrvatskom dr\u017eavljanstvu\u201c, Pravni fakultet Sveu\u010dili\u0161ta u Zagrebu, 8. 10. 2021., Zagreb (Lj. Dobrov\u0161ak)<\/p>\n<p>12. Znanstveni kolokvij \u201e\u017didovi u Podravini\u201c, Povijesno dru\u0161tvo Koprivnica, Muzej grada Koprivnice, 6. 11. 2021., Koprivnica (Lj. Dobrov\u0161ak)<\/p>\n<p>13. Znanstveni skup \u201eSocijalna distanca: filozofske, religijske, sociolo\u0161ke, psiholo\u0161ke i pravne implikacije\u201c, Fakultet filozofije i religijskih znanosti Sveu\u010dili\u0161ta u Zagrebu, 28. 10. 2021., Zagreb (K. Pera\u010dkovi\u0107, M. \u017dani\u0107 i M. Milak)<\/p>\n<p>14. Simpozij &#8220;Umjetna inteligencija, ekonomija i poslovna etika&#8221;, Centar za poslovnu etiku Fakulteta filozofije i religijskih znanosti Sveu\u010dili\u0161ta u Zagrebu, 26. 3. 2021., Zagreb (K. Pera\u010dkovi\u0107)<\/p>\n<p>15. Znanstveno-stru\u010dni skup \u201eOtac domovine \u2013 povijesna ostav\u0161tina za hrvatsku budu\u0107nost\u201c, Fakultet hrvatskih studija Sveu\u010dili\u0161ta u Zagrebu, 26. 2. 2021., Zagreb (\u017d. Holjevac)<\/p>\n<p>16. Mjesec \u017eidovske kulture, \u017didovska op\u0107ina Osijek, Osijek, 20. 9. 2021. (Lj. Dobrov\u0161ak)<\/p>\n<p>17. Konferencija \u201eDoprinos JLP(R)S demografskoj revitalizaciji Karlova\u010dke i Sisa\u010dko-moslava\u010dke \u017eupanije, 21. 4. 2021., Topusko (D. \u017divi\u0107)<\/p>\n<p>18. Konferencija \u201eDoprinos JLP(R)S demografskoj revitalizaciji Me\u0111imurske i Vara\u017edinske \u017eupanije\u201c, 30. 6. 2021., Trako\u0161\u0107an (D. \u017divi\u0107)<\/p>\n<p>19. Konferencija \u201eDoprinos JLP(R)S demografskoj revitalizaciji Splitsko-dalmatinske \u017eupanije\u201c, 20. 10. 2021., Klis (D. \u017divi\u0107)<\/p>\n<p>20. Konferencija \u201eDoprinos JLP(R)S demografskoj revitalizaciji Dubrova\u010dko-neretvanske \u017eupanije\u201c, 24. 11. 2021., Metkovi\u0107 (D. \u017divi\u0107)<\/p>\n<p>21. Hrvatski domovinski rat 1991. \u2013 1995. \u2013 pojmovno-terminolo\u0161ka ra\u0161\u010dlamba u doma\u0107em i me\u0111unarodnom kontekstu, Fakultet hrvatskih studija, Sveu\u010dili\u0161ta u Zagrebu; Hrvatsko dru\u0161tvo logora\u0161a srpskih koncentracijskih logora, Vukovar i Centar za istra\u017eivanje ratnih zlo\u010dina, Vukovar, 3. 5. 2021, Vukovar (I. Bendra, D. \u017divi\u0107)<\/p>\n<p>22. Simpozij \u201eOd Strossmayera do danas \u2013 demografska slika Hrvatske\u201c, 28. 9. 2021., \u0110akovo (D. \u017divi\u0107)<\/p>\n<p>23. Dani seksualnosti, Udruga studenata psihologije Kasper, 22. 5. 2021., Zadar (I. Miklou\u0161i\u0107)<\/p>\n<p>24. \u201cStvari koje nismo smjeli re\u0107i o njima\u201d, Filozofski fakultet Sveu\u010dili\u0161ta u Osijeku (Studentski zbor i udruga studenata \u201cPsihos\u201d), 20. \u2013 22. 5. 2021., Osijek (S. Saki\u0107)<\/p>\n<p>25. Skup \u201eRane socijalnopedago\u0161ke intervencije\u201c, Agencija za odgoj i obrazovanje RH, 29. 6. 2021., on-line (J. Buru\u0161i\u0107)<\/p>\n<p>26. Simpozij Istra\u017eiva\u010dkog projekta Moderne misle\u0107e \u017eene: intelektualni razvoj \u017eena u Hrvatskoj 20. stolje\u0107a \u2013 \u017dene i komunizam \u2013 Hommage Lydiji Sklevicky, U\u010diteljski fakultet Sveu\u010dili\u0161ta u Zagrebu, 12. 3. 2021., Zagreb (S. Cviki\u0107)<\/p>\n<p>27. Transition Dialogue 2019 \u2013 2021. Expert Workshop Croatia: National lesson plan on economic transition. 17. 3. 2021., Zagreb (online) (C. Hornstein-Tomi\u0107, M. Kurili\u0107, D. \u010cengi\u0107)<\/p>\n<p>28. Forum ZCI za \u0161kolsku efektivnost i \u0161kolski management, 14. 12. 2021., Zadar (J. Buru\u0161i\u0107, M. \u0160aki\u0107 Veli\u0107)<\/p>\n<p>29. Psiho\u0161pancir \u2013 tjedan psihologije, 10. \u2013 11. 9. 2021., Vara\u017edin (A. Braj\u0161a-\u017dganec)<\/p>\n<p>30. Panel o kvaliteti me\u0111uljudskih i me\u0111unacionalnih odnosa \u2013 Konrad Adenauer Stiftung, Fakultet hrvatskih studija Sveu\u010dili\u0161ta u Zagrebu, Hrvatsko katoli\u010dko sveu\u010dili\u0161te i Franjeva\u010dki institut za kulturu mira, 12. 5. 2021, Zagreb (A. Braj\u0161a-\u017dganec)<\/p>\n<p>31. Poslovna abeceda 10 \u2013 Stru\u010dni skup za magistre farmacije, 23. \u2013 25. 9. 2021., Petr\u010dane (A. Braj\u0161a-\u017dganec)<\/p>\n<p>32. Znanstveni kolokvij Turisti\u010dki time-out: trenutak za novi pogled na turizam i prostor (on line), HAZU, 27. 10. 2020., Zagreb, Opatija, Rijeka, Zadar (S. Poljanec-Bori\u0107)<\/p>\n<p>33. 14. seminar Josipa Rogli\u0107a, Odjel za geografiju Sveu\u010dili\u0161ta u Zadru, Grad Zadar, Hrvatsko geografsko dru\u0161tvo \u2013 Zadar, Agencija za odgoj i obrazovanje, 24. 5. 2021., Zadar (R. Mesari\u0107 \u017dab\u010di\u0107)<\/p>\n<p>34. Znanstveni skup: Dani Mate Ujevi\u0107a 2021, Gradska knji\u017enica \u201eDon Mihovil Pavlinovi\u0107\u201c, Leksikografski zavod Miroslav Krle\u017ea, Institut za hrvatski jezik i jezikoslovlje i Matica hrvatska, 16. \u2013 17. 7. 2021., Imotski (R. Mesari\u0107 \u017dab\u010di\u0107)<\/p>\n<p>35. Nauti\u010dki turizam: Iskoraci i osuvremenjivanje hrvatskog nauti\u010dkog turizma, Slobodna Dalmacija, 27. 10. 2021., Dubrovnik (V. Lupis)<\/p>\n<p>36. Konferencija \u201esrednja.hr + Obrazovnih deset\u201c, 5. 11. 2021., Zagreb (N. Pokos)<\/p>\n<p>37. Veliko vije\u0107e Sindikata znanosti i visokog obrazovanja \u2013 tematska radionica, 10. 6. 2021. Zagreb (J. \u0160varc)<\/p>\n<p>&nbsp;<\/p>\n<p><strong><a id=\"g20\"><\/a>2020.<\/strong><\/p>\n<p><em>Nacionalni skupovi u organizaciji Instituta Pilar<\/em><\/p>\n<p>1. PSIHO\u0160PANCIR \u2013 TJEDAN PSIHOLOGIJE, Vara\u017edin, 14. \u2013 17. 2. 2020. Organizatori: Dru\u0161tvo psihologa Vara\u017edin i Sveu\u010dili\u0161te Sjever u Vara\u017edinu, suorganizator: Institut dru\u0161tvenih znanosti Ivo Pilar \u2013 Podru\u010dni centar Vara\u017edin<\/p>\n<p>2. Znanstveni simpozij \u2013 video znanstvena konferencija FRANJEVCI U VUKOVARU, Vukovar, 4. 5. 2020. Organizator: Franjeva\u010dki samostan Vukovar, suorganizatori: Institut dru\u0161tvenih znanosti Ivo Pilar \u2013 Podru\u010dni centar Vukovar, Gradski muzej Vukovar, Dr\u017eavni arhiv u Vukovaru<\/p>\n<p>3. 23. znanstveno-stru\u010dni skup VUKOVAR &#8217;91 \u2013 dvadeset i devet godina poslije: EUROPSKA UNIJA IZME\u0110U IZAZOVA SUVERENIZMA I HRVATSKOG ZALOGA EUROPSKOM MIRU, (online putem platforme zoom), Vukovar, 11. 11. 2020.; Institut dru\u0161tvenih znanosti Ivo Pilar \u2013 Podru\u010dni centar Vukovar i Gradska knji\u017enica Vukovar<\/p>\n<p>4. TIME 4 SCIENCE (online), 15. 12. 2020. Organizator: Fakultet organizacije i informatike Sveu\u010dili\u0161ta u Zagrebu, suorganizator: Institut dru\u0161tvenih znanosti Ivo Pilar \u2013 Podru\u010dni centar Vara\u017edin<\/p>\n<p><em>Nacionalni skupovi u kojima su sudjelovali znanstvenici Instituta Pilar<\/em><\/p>\n<p>1. Znanstveni kolokvij Odjela za obrazovanje Hrvatske sekcije IEEE, 18. 2. 2020., Zagreb (J. Buru\u0161i\u0107)<\/p>\n<p>2. Znanstveni simpozij \u201eFranjevci u Vukovaru\u201c, 4. 5. 2020., Vukovar (D. \u017divi\u0107, V. Mihaljevi\u0107, I. Bendra)<\/p>\n<p>3. Znanstveno-stru\u010dni skup \u201eVukovar &#8217;91. \u2013 dvadeset i deveta godina poslije\u201c, 11. 11. 2020., Vukovar (D. \u017divi\u0107, C. Hornstein Tomi\u0107, S. \u0160poljar Vr\u017eina)<\/p>\n<p>4. Znanstveni kolokvij: \u201eTuristi\u010dki time-out: trenutak za novi pogled na turizam i prostor\u201c, 27. 10. 2020., Zagreb, Opatija, Rijeka, Zadar (S. Poljanec-Bori\u0107)<\/p>\n<p>5. Znanstveni simpozij \u201e200 godina katastra Franje I. u Istri\u201c, 11. 12. 2020., Pula (M. Alti\u0107)<\/p>\n<p>6. Znanstveni skup \u201eBaranja kroz povijest\u201c, 17. 9. 2020., Osijek (D. Vojak)<\/p>\n<p>7. 17. stru\u010dni skup \u201ePou\u010davanje i u\u010denje o holokaustu i spre\u010davanju zlo\u010dina protiv \u010dovje\u010dnosti\u201c, 30. 1. 2020., Jasenovac (D. Vojak)<\/p>\n<p>8. Psiho\u0161pancir \u2013 tjedan psihologije, 14. \u2013 17. 2. 2020., Vara\u017edin i \u010cakovec (T. Pavlovi\u0107, T. Babarovi\u0107, A. Braj\u0161a-\u017dganec, T. Brklja\u010di\u0107, Lj. Kaliterna Lipov\u010dan, M. D\u017eida, M. Magli\u0107)<\/p>\n<p>9. Znanstvena konferencija \u201eModernizacija kroz infrastrukturu \u2013 zadano i ostvareno u modernizaciji Hrvatske\u201c, 8. 7. 2020., Zagreb (I. Brli\u0107)<\/p>\n<p>10. 14. nacionalni susret o besku\u0107nicima, 9. \u2013 10. 10. 2020., Karlovac (L. \u0160iki\u0107-Mi\u0107anovi\u0107)<\/p>\n<p>11. VIII. Znanstveno-stru\u010dni skup \u201eOsna\u017eivanje potencijala za preventivne aktivnosti u zajednici\u201c, 13. \u2013 15. 2. 2020., Osijek (I. \u0160verko, T. Babarovi\u0107, M. Kotrla Topi\u0107, A. Braj\u0161a-\u017dganec, T. Brklja\u010di\u0107, Lj. Kaliterna Lipov\u010dan, M. D\u017eida, M. \u0160aki\u0107 Veli\u0107)<\/p>\n<p>12. Znanstveni skup \u201eCOVID 19 u humanisti\u010dkoj perspektivi: Mutacije straha i kulturne promjene\u201d, 28. \u2013 30. 9. 2020., Zagreb (S. Saki\u0107, P. Greiner)<\/p>\n<p>13. Znanstveno-knji\u017eevni skup s me\u0111unarodnim sudjelovanjem \u201e Rizici i resursi: rod i politika raspodjele. Dani Marije Juri\u0107 Zagorke\u201c, 20. \u2013 21. 11. 2020., Zagreb (S. Cviki\u0107)<\/p>\n<p>14. Tjedan psihologije na HKS-u, 21. 2. 2020., Zagreb (T. Brklja\u010di\u0107)<\/p>\n<p>&nbsp;<\/p>\n<p><strong><a id=\"g19\"><\/a><br \/>\n2019.<\/strong><\/p>\n<p><em>Nacionalni skupovi u organizaciji Instituta Pilar<\/em><\/p>\n<p>1. Znanstveni kolokvij FRANJEVA\u010cKI MUZEJ VUKOVAR: POVIJEST, KULTURA I IDENTITET VUKOVARA KROZ STOLJE\u0106A, Vukovar, 7. 5. 2019., organizatori: Franjeva\u010dki samostan u Vukovaru, Institut dru\u0161tvenih znanosti Ivo Pilar \u2013 Podru\u010dni centar Vukovar i Gradski muzej Vukovar u prigodi otvaranja Franjeva\u010dkog muzeja Vukovar<\/p>\n<p>2. 22. znanstveno-stru\u010dni skup \u201eVUKOVAR &#8217;91. \u2013 dvadeset i osma godina poslije\u201c: SUVREMENE MIGRACIJE U REPUBLICI HRVATSKOJ: UZROCI, POSLJEDICE I AKTUALNI TRENDOVI, Vukovar, 12. \u2013 13. 11. 2019. (skup se odr\u017eava u prigodi obilje\u017eavanja Dana sje\u0107anja na \u017ertvu Vukovara 1991. godine)<\/p>\n<p>3. Doma\u0107i interdisciplinarni znanstveno-stru\u010dni skup PODRAVSKA SLATINA U DOMOVINSKOM RATU, Slatina, 12. 12. 2019., Institut dru\u0161tvenih znanosti Ivo Pilar \u2013 Podru\u010dni centar Osijek i Hrvatski \u010dasni\u010dki zbor Grada Slatine<\/p>\n<p><em>Nacionalni skupovi u kojima su sudjelovali znanstvenici Instituta Pilar<\/em><\/p>\n<p>1. Depopulacijski momentum \u2013 multidisciplinaran pristup prou\u010davanju stanovni\u0161tva, 29. 11. &#8211; 1. 12. 2019., Zagreb (I. Turk)<\/p>\n<p>2. VII. Nacionalni kongres Hrvatskoga sociolo\u0161kog dru\u0161tva. \u201eSocijalna kohezija u dru\u0161tvu polarizacije, konflikata i nejednakosti\u201c, Zagreb, 11. \u2013 12. 4. 2019. (I. Tomi\u0107-Koludrovi\u0107, S. Cviki\u0107, J. Pu\u0111ak, R. Franc, T. Pavlovi\u0107, B. Perasovi\u0107, M. Mustapi\u0107, D. \u0160imle\u0161a)<\/p>\n<p>3. 27. godi\u0161nja konferencija hrvatskih psihologa \u201ePsihologija i digitalni svijet\u201c, 6. \u2013 9. 11. 2019., Osijek (I. \u0160verko, T. Babarovi\u0107, M. \u0160aki\u0107 Veli\u0107, A. Braj\u0161a \u017dganec, M. D\u017eida, M. Kotrla Topi\u0107)<\/p>\n<p>4. Konferencija \u201ePsiho\u0161pancir \u2013 tjedan psihologije\u201c, 15. \u2013 18. 2. 2019., Vara\u017edin, Zagreb (I. Devi\u0107, R. Franc, T. Pavlovi\u0107, I. Su\u010di\u0107, M. Bla\u017eev, A. Braj\u0161a \u017dganec, M. D\u017eida, Lj. Kaliterna Lipov\u010dan, T. Babarovi\u0107, M. Tadi\u0107 Vuj\u010di\u0107)<\/p>\n<p>5. Konferencija \u201ePolitolo\u0161ki razgovori 2019. \u2013 1989: tri desetlje\u0107a poslije\u201c, 7. \u2013 8. 11. 2019., Zagreb (T. Pavlovi\u0107, R. Franc)<\/p>\n<p>6. Znanstveni skup \u201e\u017divot i djelo Antuna Radi\u0107a\u201c, 28. 10. 2019., Desno Trebarjevo (J. Vince Pallua, \u017d. Holjevac)<\/p>\n<p>7. Znanstveni skup \u201eHrvatska u raljama klijentelizma: Politike, postupci i posljedice trgovanja institucionalnom mo\u0107i\u201c, 14. 2. 2019., Zagreb (I. Marke\u0161i\u0107)<\/p>\n<p>8. 22. znanstveno-stru\u010dni skup Vukovar &#8217;91. \u2013 dvadeset i osma godina poslije \u201eSuvremene migracije u Republici Hrvatskoj: uzroci, posljedice i aktualni trendovi\u201c, 12. \u2013 13. 11. 2019., Vukovar (R. Mesari\u0107 \u017dab\u010di\u0107, N. Pokos, D. \u017divi\u0107, I. Bendra, M. Milak, K. Peri\u0107, V. \u0160aki\u0107, M. \u017dani\u0107, S. \u0160poljar Vr\u017eina, S. Cviki\u0107, A. Bu\u0161ljeta Tonkovi\u0107, N. \u0160imuni\u0107, I. Brli\u0107, G. M. Mileti\u0107, C. Hornstein Tomi\u0107, M. Marinovi\u0107 Golubi\u0107, T. \u0160tojs, K. Pera\u010dkovi\u0107)<\/p>\n<p>9. Znanstveni skup \u201eZnameniti Kri\u017eev\u010dani 19. stolje\u0107a\u201c, 23. 10. 2019., Kri\u017eevci (D. Vojak)<\/p>\n<p>10. Znanstveni skup \u201eDr. Franjo Tu\u0111man \u2013 dr\u017eavnik i povjesni\u010dar\u201c, 12. 12. 2019., Zagreb (\u017d. Holjevac)<\/p>\n<p>11. Znanstveni kolokvij \u201eFranjeva\u010dki muzej Vukovar: povijest, kultura i identitet Vukovara kroz stolje\u0107a\u201c, 7. 5. 2019., Vukovar (D. \u017divi\u0107, M. \u017dani\u0107, V. Mihaljevi\u0107)<\/p>\n<p>12. Konferencija \u201eDoprinos JLP(R)S demografskoj revitalizaciji Slavonije, Baranje i Srijema\u201c, 21. 5. 2019., \u0110akovo (D. \u017divi\u0107)<\/p>\n<p>13. Konferencija \u201eDoprinos JLP(R)S demografskoj revitalizaciji Like, Primorja i Gorskog kotara\u201c, 24. 9. 2019., Senj (D. \u017divi\u0107)<\/p>\n<p>14. Znanstveno-stru\u010dni skup \u201eEtnokulturni identitet Hrvata u Vojvodini: povijesni i suvremeni procesi\u201c, 9. \u2013 13. 10. 2019., Zagreb \u2013 Subotica (D. \u017divi\u0107)<\/p>\n<p>15. Konferencija \u201eDoprinos JLP(R)S demografskoj revitalizaciji \u0160ibensko-kninske i Zadarske \u017eupanije\u201c, 13. 12. 2019., Knin (D. \u017divi\u0107)<\/p>\n<p>16. Znanstveni simpozij \u201eStolje\u0107e velike zablude. Nacionalni i religiozni identitet Hrvata u Jugoslaviji (1. 12. 1918. \u2013 1945. \u2013 1990. -)\u201c, 9. \u2013 10. 5. 2019., \u0110akovo (M. Brekalo, A. Luki\u0107, I. Jur\u010devi\u0107)<\/p>\n<p>17. Znanstvena konferencija \u201eRazvoj novonastalih gradova u Hrvatskoj tijekom 19. i 20. stolje\u0107a\u201c, 26. 2. 2019., Zagreb (I. Brli\u0107)<\/p>\n<p>18. Znanstveno savjetovanje Zavoda za znanstvenoistra\u017eiva\u010dki i umjetni\u010dki rad HAZU, Bjelovar, 6. 6. 2019 (J. \u0160varc)<\/p>\n<p>19. 3. Kongres primijenjene psihologije, 18. \u2013 19. 10. 2019., Zagreb (Lj. Kaliterna Lipov\u010dan, A. Braj\u0161a \u017dganec)<\/p>\n<p>20. Lovina\u010dki turisti\u010dki forum, 13. 7. 2019. (N. Pokos)<\/p>\n<p>21. Stru\u010dni skup \u201ePodr\u0161ka socio-emocionalnoj dobrobiti i razvoju privr\u017eenosti djece tijekom prijelaza i prilagodbe u dje\u010djem vrti\u0107u i osnovnoj \u0161koli\u201c, 28. 8. 2019., Rijeka (A. Braj\u0161a \u017dganec)<\/p>\n<p>22. Tre\u0107i nacionalni studijski dani za djelatnike u pastoralu braka i obitelji, 26. \u2013 28. 4. 2019., \u0160ibenik (A. Braj\u0161a \u017dganec)<\/p>\n<p>23. Doma\u0107i interdisciplinarni znanstveno-stru\u010dni skup \u201e Podravska Slatina u Domovinskom ratu\u201c, 12. 12. 2019., Osijek (M. Brekalo)<\/p>\n<p>24. X. konferencija socijalnih radnika \u201e Drugi i druga\u010diji\u201c, 9. \u2013 11. 10. 2019., Zagreb, (K. Peri\u0107)<\/p>\n<p>25. 13. nacionalna konferencija o besku\u0107ni\u0161tvu, 10. \u2013 11. 10. 2019., Pula (S. Stelko, S. Saki\u0107)<\/p>\n<p>26. 8. kongres Hrvatskoga \u017ertvoslovnog dru\u0161tva \u201eTotalitarizmi 20. stolje\u0107a i njihove posljedice za hrvatski narod\u201c, 8. \u2013 10. 11. 2019., Zagreb \u2013 Krapina (T. Tomai\u0107)<\/p>\n<p>27. Konferencija \u201ePovratni\u0161tvo i gospodarski razvoj\u201c, 12. 11. 2019., Zagreb (M. Marinovi\u0107 Golubi\u0107, T. \u0160tojs, C. Hornstein Tomi\u0107, R. Mesari\u0107 \u017dab\u010di\u0107)<\/p>\n<p>28. 11. konferencija o dru\u0161tveno odgovornom poslovanju \u2013 DOP, 19. \u2013 20. 11. 2019., Zagreb (A. Bu\u0161ljeta Tonkovi\u0107)<\/p>\n<p>29. Znanstveno-stru\u010dni skup \u201eLovinac. Povijest, \u017eivot, kultura\u201c 3. \u2013 4. 5. 2019., Lovinac (\u017d. Holjevac)<\/p>\n<p>30. Znanstveno-stru\u010dni skup u povodu 150 godina od prvog broja Vienca, 9. 10. 2019., Zagreb (\u017d. Holjevac)<\/p>\n<p>31. Mini-konferencija \u201eGirls in ICT Day\u201c, 26. 4. 2019., Osijek (J. Buru\u0161i\u0107)<\/p>\n<p>32. Skup \u201eImplementacija HKO na razini visokih u\u010dili\u0161ta\u201c, 14. 5. 2019., Zagreb (J. Buru\u0161i\u0107)<\/p>\n<p>33. Stru\u010dni skup Hrvatske udruge ravnatelja osnovnih \u0161kola (HURO\u0160), 10. 11. 2019., Vodice (J. Buru\u0161i\u0107)<\/p>\n<p><em>Ostalo<\/em><\/p>\n<p>1. Godi\u0161nja skup\u0161tina Hrvatske udruge nastavnika povijesti \u201eSvemu usprkos\u201c, 30. 3. 2019. Zagreb (D. Vojak)<\/p>\n<p><em><br \/>\n<\/em><br \/>\n<strong><a id=\"g18\"><\/a>2018.<\/strong><\/p>\n<p><em>Nacionalni skupovi u organizaciji Instituta Pilar<\/em><\/p>\n<p>1. \u010cetvrti interdisciplinarni znanstveno-stru\u010dni skup: GRAD OSIJEK U OBRANI HRVATSKOG ISTOKA, Osijek, 30. 1. 2018., Institut dru\u0161tvenih znanosti Ivo Pilar \u2013 Podru\u010dni centar Osijek, Odjel za kulturologiju Sveu\u010dili\u0161ta J. J. Strossmayera, Filozofski fakultet Sveu\u010dili\u0161ta u Mostaru i Ogranak Matice hrvatske Osijek<\/p>\n<p>2. Znanstveni skup DOBROBIT DJECE I MLADIH, Vara\u017edin, 27. 9. 2018., Hrvatska akademija znanosti i umjetnosti \u2013 Zavod za znanstveni rad u Vara\u017edinu i Institut dru\u0161tvenih znanosti Ivo Pilar \u2013 Podru\u010dni centar Vara\u017edin<\/p>\n<p>3. III. Simpozij o snazi evolucijske misli: Prof. Jerry A. Coyne i tri velika pitanja: Je li znanost u sukobu s religijom, za\u0161to je evolucija istinita i imamo li slobodnu volju?, Zagreb, 15. \u2013 17. 10. 2018., PMF \u2013 Biolo\u0161ki odsjek, Filozofski fakultet Sveu\u010dili\u0161ta u Zagrebu, Institut za filozofiju i Institut dru\u0161tvenih znanosti Ivo Pilar (I. Miklou\u0161i\u0107)<\/p>\n<p>4. 21. znanstveno-stru\u010dni skup VUKOVAR &#8217;91. \u2013 dvadeset i sedma godina poslije: GRADOVI U RATOVIMA \u2013 KROZ POVIJEST DO SUVREMENOSTI, Vukovar, 14. \u2013 15. 11. 2018., Instut dru\u0161tvenih znanosti Ivo Pilar \u2013 Podru\u010dni centar Vukovar (skup odr\u017ean u okviru programa obilje\u017eavanja 18. 11. \u2013 Dana sje\u0107anja na \u017ertvu Vukovara 1991. \u2013 2018. godine)<\/p>\n<p>5. Znanstveni kolokvij BOROVO NASELJE 1945. \u2013 1950. STUDIJA DRU\u0160TVENIH, DEMOGRAFSKIH, GOSPODARSKIH I POLITI\u010cKIH PRILIKA, Vukovar, 11. 12. 2018., Dr\u017eavni arhiv u Vukovaru i Institut dru\u0161tvenih znanosti Ivo Pilar \u2013 Podru\u010dni centar Vukovar<\/p>\n<p><em>Nacionalni skupovi u kojima su sudjelovali znanstvenici Instituta Pilar<\/em><\/p>\n<p>1. 21. znanstveno-stru\u010dni skup Vukovar \u201891. &#8211; dvadeset i sedma godina poslije: Gradovi u ratovima &#8211; kroz povijest do suvremenosti, 14. \u2013 15. 11. 2018., Vukovar (I. Turk, S. \u0160poljar-Vr\u017eina )<\/p>\n<p>2. VII. znanstveno-stru\u010dni skup Osna\u017eivanje potencijala za preventivne aktivnosti u zajednici, 22. \u2013 24. 2. 2018., Osijek (M. Kotrla Topi\u0107)<\/p>\n<p>3. 25. \u017dumbera\u010dki gospodarski forum, 26. 8. 2018., Stojdraga (I. Turk)<\/p>\n<p>4. Znanstveni kolokvij \u201eBorovo naselje 1945. \u2013 1950. Studija dru\u0161tvenih, demografskih, gospodarskih i politi\u010dkih prilika\u201c, 11. 12. 2018. godine. Vukovar (S. Cviki\u0107, P. Macut, D. \u017divi\u0107)<\/p>\n<p>5. 26. godi\u0161nja konferencija hrvatskih psihologa: Kvaliteta \u017eivota kroz \u017eivotni vijek: izazovi i preporuke, 7. \u2013 10. 11. 2018., Sv. Martin na Muri (L. Lu\u010di\u0107, Lj. Kaliterna Lipov\u010dan, A. Braj\u0161a-\u017dganec, R. Franc, T. Brklja\u010di\u0107, I. Su\u010di\u0107, T. Babarovi\u0107, I. Devi\u0107, M. \u0160aki\u0107 Veli\u0107)<\/p>\n<p>6. Znanstveni skup: Dobrobit djece i mladih, 29. 9. 2018., Vara\u017edin (L. Lu\u010di\u0107)<\/p>\n<p>7. XXI. Dani psihologije u Zadru, 24. &#8211; 26. 5. 2018., Zadar (L. Lu\u010di\u0107, Lj. Kaliterna Lipov\u010dan, A. Braj\u0161a-\u017dganec, M. Kotrla Topi\u0107, R. Franc, T. Brklja\u010di\u0107, I. Su\u010di\u0107, T. Babarovi\u0107, i. \u0160verko, J. Buru\u0161i\u0107, M. Tadi\u0107 Vuj\u010di\u0107, I. Miklou\u0161i\u0107, I. Devi\u0107, M. \u0160aki\u0107 Veli\u0107, A. Wertag)<\/p>\n<p>8. Tre\u0107i hrvatski iseljeni\u010dki kongres \u201eOdlazak-ostanak-povratak\u201c, 28. 6. \u2013 1. 7. 2018., Osijek (N. Pokos, I. Hrsti\u0107)<\/p>\n<p>9. Znanstveni skup: Dobrobit djece i mladih, 27. 9. 2018., Vara\u017edin (A. Braj\u0161a-\u017dganec, R. Franc, I. Su\u010di\u0107)<\/p>\n<p>10. U\u010dimo srce(m). Podr\u0161ka socio-emocionalnom razvoju djece u vrti\u0107u, 16. 11. 2018., \u010cakovec (A. Braj\u0161a-\u017dganec)<\/p>\n<p>11. Psiho\u0161pancir \u2013 tjedan psihologije, 16. \u2013 17. 2. 2018, Vara\u017edin (A. Braj\u0161a-\u017dganec, M. Mustapi\u0107, B. Perasovi\u0107)<\/p>\n<p>12. Znanstveni skup \u201eKonac Velikoga rata\u201c, 29. \u2013 30. 11. 2018., Zagreb (M. Brekalo, A. Luki\u0107, Lj. Dobrov\u0161ak)<\/p>\n<p>13. Tre\u0107i znanstveni skup \u201eSlavonija \u2013 tradicija u suvremenosti\u201c, 29. 9. 2018., Po\u017eega (A. Luki\u0107)<\/p>\n<p>14. \u010cetvrti interdisciplinarni znanstveno-stru\u010dni skup \u201eGrad Osijek u obrani hrvatskoga Istoka\u201c, 30. 1. 2018., Osijek (M. Brekalo, M. Kotrla Topi\u0107)<\/p>\n<p>15. Znanstveni skup \u2013 kolokvij prigodom desete obljetnice objavljivanja dokumenta Ti si Krist \u2013 za nas i za sve ljude (Izjave i odluke Druge biskupijske sinode \u0110akova\u010dke i srijemske biskupije), 30. 5. 2018., \u0110akovo (I. Bendra)<\/p>\n<p>16. Dunav u hrvatskoj povijesti i kulturi, 10. \u2013 12. 10. 2018., Slavonski Brod \u2013 Vukovar (I. \u017debec \u0160ilj)<\/p>\n<p>17. Vara\u017edin i sjeverna Hrvatska u desetlje\u0107u nakon Velikog rata, 9. 11. 2018., Vara\u017edin (I. \u017debec \u0160ilj)<\/p>\n<p>18. Djeca i mladi iz sjeverozapadne Hrvatske o domenama dobrobiti, 27. 9. 2018. Vara\u017edin (T. Babarovi\u0107)<\/p>\n<p>19. Forum o upravljanju i vo\u0111enju u obrazovanju 2018.: Izazovi obrazovanja u kontekstu perpetualne promjene, 17. \u2013 18. 12. 2018., Zagreb (J. Buru\u0161i\u0107)<\/p>\n<p>20. Vjetar u le\u0111a: dr\u017eavni skup socijalnih pedagoga i voditelja preventivnih aktivnosti, 1. \u2013 3. 10. 2018., Primo\u0161ten (J. Buru\u0161i\u0107)<\/p>\n<p>21. 26. godi\u0161nja konferencija hrvatskih psihologa, 8. \u2013 11. 11. 2018., Zadar (R. Glavak Tkali\u0107, A. Wertag, I. Su\u010di\u0107, A. Braj\u0161a-\u017dganec)<\/p>\n<p>22. 11. dr\u017eavni stru\u010dni skup za u\u010ditelje i nastavnike povijesti: \u201eDomovinski rat \u2013 masovni zlo\u010dini agresora i mirna reintegracija\u201c, 5. \u2013 7. 4. 2018., Zadar (D. \u017divi\u0107)<\/p>\n<p>23. Znanstveni skup \u201eNijemci i Austrijanci u hrvatskom kulturnom krugu\u201d, 23. \u2013 25. 11. 2018. Osijek (I. Bendra, D. \u017divi\u0107, Lj. Dobrov\u0161ak)<\/p>\n<p>24. \u017dumbera\u010dki gospodarski forum, 26. 8. 2018., Stojdraga (I. Turk)<\/p>\n<p>25. Znanstveno-stru\u010dni multidisciplinarni skup \u201eUloga ekomuzeja u razvoju lokalnih zajednica, 12. \u2013 13. 10. 2018., Bistra (A. Bu\u0161ljeta Tonkovi\u0107, Lj. Dobrov\u0161ak)<\/p>\n<p>26. 18. znanstveno-stru\u010dni skup \u201eRijeka i Rije\u010dani u medicinskoj povjesnici\u201c, 9. 11.2018., Rijeka (Lj. Dobrov\u0161ak)<\/p>\n<p>27. Studijski dan \u201eCrkva u Hrvatskoj kakvu je zagovarao \u017deljko Marde\u0161i\u0107\u201c, 28. \u2013 29. 9. 2018., Split (I. Marke\u0161i\u0107)<\/p>\n<p><em>Ostalo<\/em><\/p>\n<p>1. Stru\u010dni skup me\u0111u\u017eupanijskog stru\u010dnog vije\u0107a u podru\u010dju sociologije, politike i gospodarstva, etike i filozofije, 7. 7. 2018., Vukovar (I. Bendra)<\/p>\n<p>2. Dr\u017eavno natjecanje iz geografije, Program za mentore, 23. \u2013 25. 4. 2018., Vukovar (D. \u017divi\u0107, S. Cviki\u0107)<\/p>\n<p>&nbsp;<\/p>\n<p><a id=\"g17\"><\/a><strong>2017.<\/strong><\/p>\n<p><em>Nacionalni skupovi u organizaciji Instituta Pilar<\/em><\/p>\n<p>1. Znanstveno-stru\u010dni kolokvij SLOJEVI SJE\u0106ANJA I IDENTITET VUKOVARA U DVADESETOM STOLJE\u0106U, Vukovar, 15. 9. 2017., Institut dru\u0161tvenih znanosti Ivo Pilar \u2013 Podru\u010dni centar Vukovar, Matica hrvatska Vukovar, Dr\u017eavni arhiv u Vukovaru i Gradski muzej Vukovar<\/p>\n<p>2. 20. znanstveno-stru\u010dni skup VUKOVAR &#8217;91. \u2013 dvadeset i \u0161esta godina poslije: JAVNI DISKURSI I POZICIJE MO\u0106I, Vukovar, 13. \u2013 14. 11. 2017., Institut dru\u0161tvenih znanosti Ivo Pilar \u2013 Podru\u010dni centar Vukovar<\/p>\n<p>3. KAMO IDE ISTO\u010cNA HRVATSKA? Demografsko stanje, prognoze i tra\u017eenje izlaska iz krize Slavonije, Baranje i zapadnog Srijema, \u0110akovo, 1. 12. 2017., HAZU \u2013 zavodi za znanstveni i umjetni\u010dki rad u \u0110akovu, Osijeku i Po\u017eegi, Centar HAZU u Vinkovcima, Sveu\u010dili\u0161te Josipa Jurja Strossmayera u Osijeku, Institut dru\u0161tvenih znanosti Ivo Pilar \u2013 Podru\u010dni centar Vukovar<\/p>\n<p><em>Nacionalni skupovi u kojima su sudjelovali znanstvenici Instituta Pilar<\/em><\/p>\n<p>1. 25. godi\u0161nja konferencija hrvatskih psihologa, 8. &#8211; 11. 11. 2017., Zadar (R. Glavak Tkali\u0107, A.Wertag, I. Su\u010di\u0107, A. Braj\u0161a-\u017dganec)<\/p>\n<p>2. 20. znanstveno-stru\u010dni skup \u201eVukovar &#8217;91. \u2013 dvadeset i \u0161est godina poslije\u201c, 13. i 14. 11. 2017., Vukovar (S. Cviki\u0107, D. \u017divi\u0107, I. Bendra, S. \u0160poljar-Vr\u017eina)<\/p>\n<p>3. Znanstveni skup \u201eKrvavi sabor kri\u017eeva\u010dki i hrvatske zemlje u 14. i 15. stolje\u0107u\u201c, 3. 6. 2017., Kri\u017eevci (D. Vojak)<\/p>\n<p>4. Znanstveno-stru\u010dni kolokvij \u201eSlojevi sje\u0107anja \u2013 identitet Vukovara u dvadesetom stolje\u0107u\u201c, 15. 9. 2017., Vukovar (D. \u017divi\u0107, M. \u017dani\u0107, P. Macut)<\/p>\n<p>5. Kongres dje\u010djeg zdravlja, 6. \u2013 8. 10. 2017., Osijek (D. \u017divi\u0107)<\/p>\n<p>6. Znanstveni simpozij \u201eO starosti i starenju\u201c, 12. 10. 2017., \u0110akovo (D. \u017divi\u0107)<\/p>\n<p>7. Znanstveno-stru\u010dni skup \u201eDemografske promjene i kulturna ba\u0161tina Hrvata Boke kotorske\u201c, 11. i 13. 10. 2017., Zagreb i Kotor (N. Pokos)<\/p>\n<p>8. Znanstveni skup \u201eKamo ide isto\u010dna Hrvatska?\u201c, 1. 12. 2017., \u0110akovo (N. Pokos, D. \u017divi\u0107)<\/p>\n<p>9. VI. Nacionalni sociolo\u0161ki kongres Hrvatskog sociolo\u0161kog dru\u0161tva, \u201eStruktura i dinamika dru\u0161tvenih nejednakosti\u201c, 7. &#8211; 8. 4. 2017., Zagreb (I. Tomi\u0107-Koludrovi\u0107, F. Majeti\u0107, I. Devi\u0107, A. Derado)<\/p>\n<p>10. KONKOREL &#8211; Konferencija komparativnih religija, 11. \u2013 13. 10. 2017. (I. Marke\u0161i\u0107)<\/p>\n<p>11. Znanstveno-stru\u010dni skup \u201eDjetinjstvo i dje\u010dja prava, 1. &#8211; 2. 12. 2017. Vara\u017edin (A. Braj\u0161a-\u017dganec)<\/p>\n<p>12. Stru\u010dni skup za odgojitelje, u\u010ditelje i nastavnike pripadnika hrvatske manjine, iseljenika i Hrvata u Bosni i Hercegovini, Split, 3. \u2013 7. 7. 2017. (V. \u0160aki\u0107)<\/p>\n<p>13. Stru\u010dni skup Hrvatskog \u010ditateljskog dru\u0161tva: \u201eKoliko smo pismeni\/nepismeni \u2013 digitalna pismenost na\u0161eg doba\u201c, 8. 9. 2017., Zagreb (M. Kotrla Topi\u0107)<\/p>\n<p>14. Drugi hrvatski ruralni parlament, 20. \u2013 22. 4. 2017., Sveti Martin na Muri (G.-M. Mileti\u0107, A. Plenkovi\u0107)<\/p>\n<p>15. Znanstveni skup u povodu 70 godina od va\u017enih doga\u0111aja hrvatske povijesti: potpisivanje Pari\u0161kog mirovnog ugovora i dono\u0161enje Ustava NRH 1947. godine, 27. 11. 2017., Rijeka (S. Trogrli\u0107)<\/p>\n<p>16. VII. Memorijal Petra Stankovi\u0107a \u201dBarban u srcu\u201d, 23. i 24. 2. 2017., Barban (S. Trogrli\u0107)<\/p>\n<p>17. Znanstveni skup \u201e43. Pazinski memorijal\u201c, 29. 9. 2017., Pazin (S. Trogrli\u0107)<\/p>\n<p>18. Znanstveni skup \u201e70. obljetnica uspostave Pazinske administrature, 40. obljetnica ujedinjenja Istarske Crkve, mons. Dragutin Ne\u017ei\u0107 prvi biskup ujedinjene Istarske Crkve\u201c, 20. 10. 2017., Pazin (S. Trogrli\u0107)<\/p>\n<p>19. Znanstveno-stru\u010dni skup \u201e50. obljetnica Ravnateljstva du\u0161obri\u017eni\u0161tva za Hrvate u inozemstvu\u201c, 25. &#8211; 26. 4. 2017., Zagreb (I. Hrsti\u0107)<\/p>\n<p>20. XV. Dies Historiae: \u201eDru\u0161tvena povijest \u2013 mogu\u0107nosti i izazovi u kontekstu hrvatske<br \/>\nhistoriografije\u201c, 6. 12. 2017., Zagreb (I. Hrsti\u0107)<\/p>\n<p>21. Znanstveni simpozij \u201cReligije i migracije: prognanici i izbjeglice\u201d, Fakultet filozofije i religijskih znanosti, 5. 5. 2017. Zagreb (V. Mihaljevi\u0107)<\/p>\n<p>22. Znanstveni skup XVII. Dani Julija Bene\u0161i\u0107a, 21. 10. 2017., Ilok (Lj. Dobrov\u0161ak)<\/p>\n<p>23. Znanstveni kolokvij \u201cModeli revitalizacije i unaprje\u0111enja kulturnog naslije\u0111a\u201c, 24. 5. 2017. (S. Poljanec-Bori\u0107)<\/p>\n<p>24. Znanstveni skup \u201eSlavonija, tradicija u suvremenosti\u201c, 29. 9. 2017., Po\u017eega (I. \u017debec \u0160ilj)<\/p>\n<p>25. Znanstveni skup o Miloradu Mediniju, 9. &#8211; 11. 11. 2017, Zagreb i Dubrovnik (V. Lupis)<\/p>\n<p><a id=\"g16\"><\/a><br \/>\n<strong>2016.<\/strong><\/p>\n<p><em>Nacionalni skupovi u organizaciji Instituta Pilar<\/em><\/p>\n<p>1. 15. znanstveno-stru\u010dni skup ANNALES PILAR 2016. \u2013 KOGA (P)ODR\u017dAVA ODR\u017dIVI RAZVOJ?, Gospi\u0107, 27. 5. 2016., Institut dru\u0161tvenih znanosti Ivo Pilar i Grad Gospi\u0107<\/p>\n<p>2. Znanstveni skup KVALITETA \u017dIVLJENJA U SJEVEROZAPADNOJ HRVATSKOJ, Vara\u017edin, 2. 6. 2016., Hrvatska akademija znanosti i umjetnosti \u2013 Zavod za znanstveni rad u Vara\u017edinu i Institut dru\u0161tvenih znanosti Ivo Pilar \u2013 Podru\u010dni centar Vara\u017edin<\/p>\n<p>3. BATA-BOROVO (1931.-2016.) POVIJESNO NASLIJE\u0110E I PERSPEKTIVE, Vukovar, 9.\u201310. 6. 2016., Institut dru\u0161tvenih znanosti Ivo Pilar \u2013 Podru\u010dni centar Vukovar i Borovo d.d., u prigodi obilje\u017eavanja 85. godi\u0161njice osnutka tvornice Bata\/Borovo u Vukovaru i 25. godi\u0161njice Instituta dru\u0161tvenih znanosti Ivo Pilar, pod pokroviteljstvom Ministarstva gospodarstva RH, Vukovarskosrijemske \u017eupanije i Grada Vukovara<\/p>\n<p>4. \u010cOVJEK I SMRT znanstveno-stru\u010dni skup u povodu 85. obljetnice djelovanja Udruge Posmrtna pripomo\u0107, Zagreb, 14.\u201316. 9. 2016., Institut dru\u0161tvenih znanosti Ivo Pilar, Hrvatsko katoli\u010dko sveu\u010dili\u0161te Zagreb i Udruga Posmrtna pripomo\u0107 Zagreb<\/p>\n<p>5. VIROVITICA U DOMOVINSKOM RATU, doma\u0107i znanstveno-stru\u010dni skup s me\u0111unarodnim sudjelovanjem, Virovitica, 6. 10. 2016., Dr\u017eavni arhiv u Virovitici, Institut dru\u0161tvenih znanosti Ivo Pilar \u2013 Podru\u010dni centar Osijek, Hrvatski institut za povijest, Hrvatski memorijalno-dokumentacijski centar Domovinskog rata, Grad Virovitica, Zajednica \u017eupanijskih zajednica Udruga hrvatskih invalida domovinskog rata, Hrvatski \u010dasni\u010dki zbor grada Virovitice<\/p>\n<p>6. HRVATI KAO MANJINA U OKOLNIM ZEMLJAMA: POVIJEST, POLO\u017dAJ, IZAZOVI, znanstveni kolokvij s me\u0111unarodnim sudjelovanjem u povodu Dana hrvatskih branitelja Sajmi\u0161ta i 25. godi\u0161njice Instituta Pilar, Vukovar, 12. 10. 2016., Institut dru\u0161tvenih znanosti Ivo Pilar \u2013 Podru\u010dni centar Vukovar i Udruga hrvatskih branitelja Sajmi\u0161te<\/p>\n<p>7. PODGORJE: POLAZI\u0160TA I PERSPEKTIVE RAZVOJA KRAJA IZME\u0110U VELEBITA I JADRANA, znanstveno-stru\u010dni skup, Senj, 13.\u201315. 10. 2016., Institut dru\u0161tvenih znanosti Ivo Pilar \u2013 Podru\u010dni centar Gospi\u0107, Gradski muzej Senj, Dru\u0161tvo Senjana i prijatelja Senja \u201eNehaj\u201c, Zagreb, Grad Senj<\/p>\n<p>8. Kolokvij \u010cETIRI LIKA IVE PILARA u povodu 25. obljetnice osnutka Instituta Pilar, Zagreb, 8. 11. 2016.<\/p>\n<p>9. 19. znanstveno-stru\u010dni skup Vukovar &#8217;91. \u2013 dvadeset i pet godina poslije: HRVATSKO DRU\u0160TVO: 25 GODINA NAKON VUKOVARA &#8217;91, Vukovar, 14.\u201315. 11. 2016., Institut dru\u0161tvenih znanosti Ivo Pilar \u2013 Podru\u010dni centar Vukovar<\/p>\n<p>10. Obilje\u017eavanje 25. obljetnice \u010dasopisa DRU\u0160TVENA ISTRA\u017dIVANJA, Zagreb, 9. 12. 2016., Institut dru\u0161tvenih znanosti Ivo Pilar<\/p>\n<p><em>Nacionalni skupovi u kojima su sudjelovali znanstvenici Instituta Pilar<\/em><\/p>\n<p>1. Znanstveni pogled na mirnu reintegraciju danas, 15. 1. 2016., Vukovar (D. \u017divi\u0107)<\/p>\n<p>2. Poljoprivreda, demografija i nove tehnologije, 22. 4. 2016., Osijek (D. \u017divi\u0107)<\/p>\n<p>3. Domovinski rat \u2013 istinom protiv zaborava, 28. 4. 2016., Vinkovci (D. \u017divi\u0107)<\/p>\n<p>4. Borovo Selo \u2013 2. svibnja 1991. \u2013 memorijal povodom pogibije hrvatskih redarstvenika, 2. 5. 2016., Vinkovci (D. \u017divi\u0107)<\/p>\n<p>5. Globalizacija i regionalni identitet 2016., 16. \u2013 17. 9. 2016., Osijek (D. \u017divi\u0107)<\/p>\n<p>6. \u010covjek i smrt, 14. \u2013 16. 9. 2016., Zagreb (I. Marke\u0161i\u0107, D. \u017divi\u0107, S. Tadi\u0107, N. \u0160imuni\u0107, I. Turk, M. Marini\u0107, V. Mihaljevi\u0107)<\/p>\n<p>7. Slavonski Brod i Brodsko-posavska \u017eupanija u Domovinskom ratu, 22. \u2013 23. 9. 2016., Slavonski Brod (D. \u017divi\u0107)<\/p>\n<p>8. Virovitica u Domovinskom ratu, 6. 10. 2016., Virovitica (D. \u017divi\u0107, M. Brekalo, A. Luki\u0107)<\/p>\n<p>9. Domovinski rat \u2013 mogu\u0107nosti znanstvenoga pristupa, 10. \u2013 11. 10. 2016., Zagreb (D. \u017divi\u0107, I. Marke\u0161i\u0107)<\/p>\n<p>10. Hrvati kao manjina u okolnim zemljama \u2013 povijest, polo\u017eaj, izazovi, 12. 10. 2016., Vukovar (D. \u017divi\u0107, Lj. Dobrov\u0161ak, S. Cviki\u0107)<\/p>\n<p>11. 19. znanstveno-stru\u010dni skup Vukovar &#8217;91. \u2013 dvadeset i peta godina poslije, 14. \u2013 15. 11. 2016., Vukovar (D. \u017divi\u0107, I. Bendra, V. Mihaljevi\u0107, N. \u0160imuni\u0107, I. Turk, S. \u0160poljar-Vr\u017eina, S. Cviki\u0107)<\/p>\n<p>12. Poduzetni\u0161tvo i razvoj Hrvatske, u okviru Tripalovih dana u Sinju, 3. 6. 2016., Sinj (D. \u010cengi\u0107)<\/p>\n<p>13. V. kongres hrvatskih povjesni\u010dara 2016.: Krize, sukobi i solidarnost u povijesnoj perspektivi, 5.10. \u2013 8.10. 2016., Zadar (D. Vojak, Lj. Dobrov\u0161ak)<\/p>\n<p>14. Bata-Borovo (1931. \u2013 2016.): Povijesno naslije\u0111e i perspektive, 9. &#8211; 10. 6. 2016., Vukovar (I. Bendra, I. \u017debec \u0160ilj, S. Cviki\u0107)<\/p>\n<p>15. Vrata Svetoga: interdisciplinarno \u010ditanje opusa \u017deljka Marde\u0161i\u0107a, 19. 10. 2016., Split (S. Tadi\u0107, V. Mihaljevi\u0107, I. Marke\u0161i\u0107)<\/p>\n<p>16. Interreligijski znanstveni skup Interpretacija Isusa Krista izvan kr\u0161\u0107anstva, 12. &#8211; 13. 11. 2016., Zagreb (S. Tadi\u0107)<\/p>\n<p>17. Modeli regulacije prostitucije i iskustva iz prakse, 21. 9. 2016., Zagreb (I. Rada\u010di\u0107)<\/p>\n<p>18. 24. godi\u0161nja konferencija hrvatskih psihologa, Psihologija u prevenciji i o\u010duvanju zdravlja, 9. &#8211; 12. 11. 2016., Opatija (A. Wertag, I. Su\u010di\u0107, M. \u0160aki\u0107 Veli\u0107, A. Braj\u0161a-\u017dganec)<\/p>\n<p>19. Znanstveni skup o \u0110uri \u0160urminu, 21. &#8211; 22. 4. 2016., Zagreb-Vara\u017edin-\u010cazma (M. Gabelica)<\/p>\n<p>20. Annales Pilar 2016.: Koga (p)odr\u017eava odr\u017eivi razvoj?, 27. 5. 2016., Gospi\u0107 (N. \u0160imuni\u0107, I. Turk, A. Bu\u0161ljeta Tonkovi\u0107)<\/p>\n<p>21. Podgorje: polazi\u0161ta i perspektive razvoja kraja izme\u0111u Velebita i Jadrana, 13. \u2013 15. 10. 2016., Senj (N. Pokos, N. \u0160imuni\u0107, I. Turk, A. Bu\u0161ljeta Tonkovi\u0107, S. Poljanec-Bori\u0107)<\/p>\n<p>22. \u017dumbera\u010dki narodni sabor, 26. 11. 2016., Zagreb (I. Turk)<\/p>\n<p>23. Zavr\u0161na konferencija me\u0111unarodnog Pacinno projekta, 1. 6. 2016., Rijeka (J. \u0160varc)<\/p>\n<p>24. Hrvatski inovacijski sustav u europskim okvirima, 14. 4. 2016., Zagreb (J. \u0160varc)<\/p>\n<p>25. Obilje\u017eavanje 130. obljetnice ro\u0111enja Gabriela Jurki\u0107a, 23. 3. 2016., Zagreb (V. Mihaljevi\u0107).<\/p>\n<p>26. Novi religijski i eklezijalni pokreti \u2013 revitalizacije religije, okrugli stol o desetoj obljetnici smrti \u017deljka Marde\u0161i\u0107a \u2013 Jakova Juki\u0107a (1933. &#8211; 2006.), 19. 4. 2016., Zagreb (V. Mihaljevi\u0107)<\/p>\n<p>27. Obilje\u017eavanje 10. obljetnice smrti fra Joze Mihaljevi\u0107a, 27. 5. 2016., Zagreb, (V. Mihaljevi\u0107)<\/p>\n<p>28. Zavr\u0161na konferencija projekta MA#ME, 2. 2. 2016., Zagreb, (I. Su\u010di\u0107)<\/p>\n<p>29. Kvaliteta \u017eivljenja u sjeverozapadnoj Hrvatskoj, 2. 6. 2016., Vara\u017edin (Lj. Dobrov\u0161ak, N. Pokos, Lj. Kaliterna Lipov\u010dan, A. Braj\u0161a \u017dganec, S. Poljanec-Bori\u0107)<\/p>\n<p>30. \u010cetiri lika Ive Pilara, 8. 11. 2016., Zagreb (V. \u0160aki\u0107)<\/p>\n<p>31. Posthumano stanje i perspektive umjetnosti: \u017divotinja \u2013 \u010covjek \u2013 Stroj, 15. &#8211; 16. 12. 2016., Zagreb (M. Geiger Zeman, Z. Zeman)<\/p>\n<p>32. konferencija o dru\u0161tveno odgovornom poslovanju \u2013 DOP, 1. 12. 2016., Zagreb (M. Geiger Zeman, Z. Zeman)<\/p>\n<p>33. Sociokulturno naslije\u0111e i gospodarski razvoj, 16. \u2013 17. 9. 2016., Osijek (M. \u017dani\u0107)<\/p>\n<p>34. Hrvatsko prolje\u0107e &#8211; 45. obljetnica sloma hrvatskog nacionalnog pokreta, 1. 12. 2016., Split (S. Mrdulja\u0161)<\/p>\n<p>35. Prirodna ba\u0161tina i turizam, HAZU &#8211; Razred za prirodne znanosti, 28. 10. 2016., Zagreb (S. Poljanec-Bori\u0107)<\/p>\n<p>36. Obiteljska i demografska slika Hrvatske, Ministarstvo socijalne politike i mladih, 16. 5. 2016., Zagreb (N. Pokos)<\/p>\n<p>37. Demografski razvoj Hrvatske u \u017eari\u0161tu, 5. 2. 2016., Zagreb (N. Pokos)<\/p>\n<p>38. Primarna i sekundarna prevencija bolesti suvremenog \u010dovjeka, 21. \u2013 22. 10. 2016., Osijek (M. Brekalo)<\/p>\n<p>39. Dvadeset pet godina hrvatske neovisnosti \u2013 kako dalje?, 6. \u2013 7. 10. 2016., Zagreb (I. Marke\u0161i\u0107)<\/p>\n<p>40. Okrugli stol \u201eUloga psihologa u edukaciji zdravstvenih djelatnika\u201c na 24. godi\u0161nja konferencija Hrvatskog psiholo\u0161kog dru\u0161tva &#8211; Psiholozi u prevenciji poreme\u0107aja i o\u010duvanju zdravlja, 9. &#8211; 12. 11. 2016. Opatija (A. Braj\u0161a-\u017dganec)<\/p>\n<p><a id=\"g15\"><\/a><br \/>\n<strong>2015.<\/strong><\/p>\n<p><em>Nacionalni skupovi u organizaciji Instituta Pilar<\/em><\/p>\n<p>1. SRIJEM U PRVOM SVJETSKOM RATU 1914. &#8211; 1918. \u2013 u povodu Me\u0111unarodnog dana arhiva, Vukovar, 9. lipnja 2015.; organizatori: Ogranak Matice hrvatske Vukovar, Institut dru\u0161tvenih znanosti Ivo Pilar \u2013 Podru\u010dni centar Vukovar, Udruga povjesni\u010dara i ba\u0161tinika zavi\u010dajne starine Slavonije, Baranje i Srijema, Dr\u017eavni arhiv u Vukovaru i Filozofski fakultet Sveu\u010dili\u0161ta J. J. Strossmayera u Osijeku<\/p>\n<p>2. Znanstveni skup JOSIP LOVRETI\u0106 (1865. &#8211; 1948.), JEDNO STOLJE\u0106E POSLIJE, U POVODU 150. OBLJETNICE RO\u0110ENJA, Otok, 28. \u2013 29. studenoga 2015.; organizator: Grad Otok; suorganizatori: Hrvatska akademija znanosti i umjetnosti \u2013 Centar za znanstveni rad u Vinkovcima, Institut dru\u0161tvenih znanosti Ivo Pilar \u2013 Podru\u010dni centar Vukovar, Gradski muzej Vinkovci<\/p>\n<p>3. 18. znanstveno-stru\u010dni skup VUKOVAR 91.-DVADESET I \u010cETVRTA GODINA POSLIJE: VUKOVAR &#8217;91.: DOMOVINSKA (I EUROPSKA) SIGURNOST. KRIZA SIGURNOSTI I POLITIKE MANIPULIRANJA SUVERENITETOM, Vukovar, 13. studenoga 2015., Institut dru\u0161tvenih znanosti Ivo Pilar i Podru\u010dni centar Instituta Pilar Vukovar<\/p>\n<p><em>Nacionalni skupovi u kojima su sudjelovali znanstvenici Instituta Pilar<\/em><\/p>\n<p>1. Simpozij &#8220;Rat i mir&#8221;, 26. \u2013 28. 11. 2015., Zagreb (I. Marke\u0161i\u0107, M. Bero\u0161)<\/p>\n<p>2. Vrijednosti u hrvatskome dru\u0161tvu, 11. 11. 2015., Zagreb (I. Marke\u0161i\u0107)<\/p>\n<p>3. V. memorijal Petra Stankovi\u0107a, 19. i 20. 2. 2015., Barban (S. Trogrli\u0107)<\/p>\n<p>4. Pazinski memorijal \u2013 Istaknute li\u010dnosti iz \u017eivota Istre u 20. stolje\u0107u, 2. 10. 2015., Pazin (S. Trogrli\u0107)<\/p>\n<p>5. Okrugli stol \u201eRefleksije pro\u0161losti i \u017eudnja za \u017eivotom: patrijahalno naslje\u0111e i polo\u017eaj \u017eena u Hrvatskoj\u201c, 26. 11. 2015. Zagreb (I. Rada\u010di\u0107)<\/p>\n<p>6. Srijem u Prvom svjetskom ratu, 9. 6. 2015., Vukovar (Lj. Dobrov\u0161ak, D. \u017divi\u0107)<\/p>\n<p>7. Slavonija &#8211; hrvatska i europska regija, 15. 5. 2015., Po\u017eega (Lj. Dobrov\u0161ak, D. \u017divi\u0107, I. \u017debec \u0160ilj, S. Cviki\u0107)<\/p>\n<p>8. XXIII. znanstveni skup Nijemci i Austrijanci u hrvatskom kulturnom krugu, 5. &#8211; 7. 11. 2015., Osijek (M. Brekalo, A. Luki\u0107)<\/p>\n<p>9. Kaptolski Sisak 1215. \u2013 2015.\u201c, 19. 9. 2015., Sisak (F. Tomi\u0107)<\/p>\n<p>10. Hrvatski povjesni\u010dari umjetnosti \u2013 Gjuro Szabo 1875. \u2013 1943.\u201c, 15 .- 16. 10. 2015., Zagreb (F. Tomi\u0107, D. Vojak)<\/p>\n<p>11. 18. znanstveno-stru\u010dni skup \u201eVukovar &#8217;91 \u2013 dvadeset i \u010detvrta godina poslije\u201c,<br \/>\n12. i 13. 12. 2015., Vukovar (N. \u0160imuni\u0107, D. \u017divi\u0107, I. Turk, S. Cviki\u0107, S. \u0160poljar-Vr\u017eina, M. \u017dani\u0107, I. Bendra, P. Macut)<\/p>\n<p>12. 23. godi\u0161nja konferencija hrvatskih psihologa \u2013 \u201ePsihologija starenja &#8211; pogled u budu\u0107nost\u201c, 4.-7. 11. 2015., \u0160ibenik (Lj. Kaliterna Lipov\u010dan, M. Geiger Zeman, Z. Zeman, A. Braj\u0161a \u017dganec, T. Babarovi\u0107)<\/p>\n<p>13. Kuga u Makarskoj i Primorju 1815., 2. \u2013 4. 12. 2015. Makarska (I. Hrsti\u0107)<\/p>\n<p>14. Tko se zadnji smije, nije shvatio vic: humor u svakodnevnoj komunikaciji, 19. \u2013 20. 11. 2015. (M. Geiger Zeman, Z. Zeman)<\/p>\n<p>15. Josip Lovreti\u0107 (1865. \u2013 1948.). Jedno stolje\u0107e poslije, 28. i 29. 11. 2015., Otok (D.\u017divi\u0107)<\/p>\n<p>16. Hrvatski geografski kongres \u201eIntegrativna i primijenjena istra\u017eivanja u prostoru\u201c, 29. 9. \u2013 2. 10. 2015., Trogir (G.-M. Mileti\u0107, N. Pokos)<\/p>\n<p>17. Kvalitetno obrazovanje za romsku djecu, 17. 2. 2015, Zagreb (L. \u0160iki\u0107- Mi\u0107anovi\u0107, D. Vojak)<\/p>\n<p>18. V. Nacionalni sociolo\u0161ki kongres Hrvatskog sociolo\u0161kog dru\u0161tva: &#8220;Normalnost krize-kriza normalnosti&#8221;, 19. i 20. 3. 2015., Zagreb (N. Pokos, K. Pera\u010dkovi\u0107. J. \u0160varc)<\/p>\n<p>19. Me\u0111unarodni dan ljudskih prava, 10. 12. 2015., Zagreb. (D. Vojak)<\/p>\n<p>20. Sedmi nacionalni susret djelatnika i suradnika u pastoralu Roma, 28. 11. 2015., Zagreb (D. Vojak)<\/p>\n<p>21. Kralj \u017digmund i njegovo doba, 25. 11. 2015., Kri\u017eevci (D. Vojak)<\/p>\n<p>22. Samobor \u2013 stotinu godina nakon Milana Langa, 15. 10. 2015., Samobor (D. Vojak)<\/p>\n<p>23. Me\u0111imurje od 1941. do 1945. godine, 2. 4. 2015., \u010cakovec (D. Vojak)<\/p>\n<p>24. 21. Dani pred\u0161kolskog odgoja i obrazovanja &#8211; Mirisi djetinjstva &#8211; Nacionalni kurikulum ranog i pred\u0161kolskog odgoja i obrazovanja &#8211; teorijske postavke i implementacija, 12.- 14.11.2015., Makarska (A. Braj\u0161a \u017dganec)<\/p>\n<p><a id=\"g14\"><\/a><br \/>\n<strong>2014.<\/strong><\/p>\n<p><em>Nacionalni skupovi u organizaciji Instituta Pilar<\/em><\/p>\n<p>1. Stru\u010dni skup ODR\u017dIVI RAZVOJ LOKALNIH ZAJEDNICA NA RURALNIM PODRU\u010cJIMA \u2013 SOCIOLO\u0160KE PERSPEKTIVE, Gospi\u0107, 25.\u201326. travnja 2014., Podru\u010dni centar Instituta Pilar Gospi\u0107 i Hrvatsko sociolo\u0161ko dru\u0161tvo \u2013 Sekcija za sociologiju prostora<\/p>\n<p>2. III. znanstveno-stru\u010dni skup IDENTITET SRIJEMA U PRO\u0160LOSTI I SADA\u0160NJOSTI; tema skupa: OP\u0106INA NIJEMCI &#8211; DRU\u0160TVENI OKVIR I POTENCIJALI RAZVOJA, Nijemci, 16. svibnja 2014.; organizatori: Podru\u010dni centar Instituta Pilar Vukovar i Op\u0107ina Nijemci<\/p>\n<p>3. 17. znanstveno-stru\u010dni skup VUKOVAR &#8217;91. \u2013 \u0160TO JE VUKOVAR HRVATSKOJ I EUROPI?; organizatori: Institut dru\u0161tvenih znanosti Ivo Pilar Zagreb i Podru\u010dni centar Instituta Pilar Vukovar, Vukovar, 13.\u201314. studenoga 2014.<\/p>\n<p>4. Prvi interdisciplinarni znanstveno-stru\u010dni skup s me\u0111unarodnim sudjelovanjem HRVATSKI ISTOK U DOMOVINSKOM RATU \u2013 ISKUSTVA, SPOZNAJE I POSLJEDICE, Osijek, 4.-5. prosinca 2014., Institut dru\u0161tvenih znanosti Ivo Pilar, Sveu\u010dili\u0161te J.J. Strossmayera \u2013 Odjel za kulturologiju i Matica hrvatska Osijek<\/p>\n<p>5. Znanstveno-stru\u010dni skup ZAVALJE I OKOLICA U PRO\u0160LOSTI I SADA\u0160NJOSTI, Zagreb, 13. prosinca 2014.; Podru\u010dni centar Instituta Pilar Gospi\u0107 i Udruga biv\u0161e op\u0107ine Zavalje<\/p>\n<p><em>Nacionalni skupovi u kojima su sudjelovali znanstvenici Instituta Pilar<\/em><\/p>\n<p>1. Odr\u017eivi razvoj lokalnih zajednica na ruralnim podru\u010djima \u2013 sociolo\u0161ke perspektive, 25. &#8211; 26. 4. 2014., Gospi\u0107 (A. Bu\u0161ljeta, N. \u0160imuni\u0107, T. \u0160tojs, M. Marinovi\u0107 Golubi\u0107, J. Pu\u0111ak)<\/p>\n<p>2. Hrvatski inovacijski sustav: ju\u010der, danas, sutra, Sekcija za istra\u017eivanja znanosti i tehnologije EASST-a, Zagreb, 24. 4. 2014. (J. \u0160varc)<\/p>\n<p>3. Tre\u0107i znanstveno-stru\u010dni skup &#8220;Identitet Srijema u pro\u0161losti i sada\u0161njosti&#8221;, Op\u0107ina Nijemci \u2013 Dru\u0161tveni okvir i potencijali razvoja 16. 5. 2014., Nijemci (N. Pokos, I. Turk, D. \u017divi\u0107, S. Cviki\u0107).<\/p>\n<p>4. Dani Matice Hrvatske, 3. 6. 2014., Makarska (I. Hrsti\u0107)<\/p>\n<p>5. Intimno gra\u0111anstvo &#8211; obitelj, brak, spolnost i zakon u povijesnoj i suvremenoj perspektivi, 20. &#8211; 22. 11. 2014. (P. Macut)<\/p>\n<p>6. XXII. znanstveni skup Nijemci i Austrijanci u hrvatskom kulturnom krugu, u organizaciji Njema\u010dke zajednice i Zemaljske udruge Podunavskih \u0160vaba u Hrvatskoj, 7. &#8211; 9. 11. 2014., Osijek (M. Brekalo, A. M. Luki\u0107)<\/p>\n<p>7. Znanstveni skup \u201e110 godina Hrvatske selja\u010dke stranke&#8221;, 11. &#8211; 12. 4. 2014., Kri\u017eevci (znanstveni skup s me\u0111unarodnim sudjelovanjem) (I. Hrsti\u0107, A. M. Luki\u0107, D. Vojak)<\/p>\n<p>8. Hrvatski iseljeni\u010dki kongres 2014., 23. &#8211; 26. 6. 2014., Zagreb (I. Hrsti\u0107, V. \u0160aki\u0107, S- Poljanec Bori\u0107, C. Hornstein Tomi\u0107)<\/p>\n<p>9. &#8220;Mati\u010dne knjige kao izvor za povijesnu demografiju&#8221;, 3. 10. 2014., Pazin (I. Hrsti\u0107)<\/p>\n<p>10. Filozofija i tjelesnost, Hrvatsko filozofsko dru\u0161tvo, 27. &#8211; 29. 11. 2014., Zagreb (M.<br \/>\nGeiger Zeman, Z. Zeman, I. Marke\u0161i\u0107)<\/p>\n<p>11. Znanstveni skup \u201eLjubo Stipi\u0161i\u0107 Delmata (1938. \u2013 2011.) \u2013 Obrisi stvarala\u0161tva i<br \/>\nidentiteta\u201c, 10. 10. 2014., Zadar (J. Vince Pallua, S. \u0160poljar Vr\u017eina, T. Tomai\u0107)<\/p>\n<p>12. Kulturno-znanstvena manifestacija \u201eDani kraljice Teute\u201c \u2013 promocija prijevoda na<br \/>\nhrvatski knjige Vladimira Relje \u201eNita\u201c, Knji\u017enica Bogdan Ogrizovi\u0107, 15. 10. 2014., Zagreb (J. Vince Pallua)<\/p>\n<p>13. Znanstveno-stru\u010dni skup \u201eVojno-geografski aspekti obrambenog Domovinskog rata\u201c, 28. 4. 2014., Zadar (D. \u017divi\u0107)<\/p>\n<p>14.Znanstveni skup \u201eRijeka Bosut i Pobosu\u0107e u pro\u0161losti, sada\u0161njosti i budu\u0107nosti\u201c, 16. 10. 2014., Vinkovci (D. \u017divi\u0107)<\/p>\n<p>15. 17. znanstveno-stru\u010dni skup: \u201eVukovar &#8217;91. &#8211; Dvadeset i tre\u0107a godina poslije\u201c, \u0160to je Vukovar Hrvatskoj i Europi?, 14. 11. 2014., Vukovar (I. Turk, D. \u017divi\u0107, S. Cviki\u0107, S. \u0160poljar Vr\u017eina, V. Mihaljevi\u0107, I. Bendra)<\/p>\n<p>16. Prvi interdisciplinarni znanstveni skup s me\u0111unarodnim sudjelovanjem \u201eHrvatski istok u Domovinskom ratu: iskustva, spoznaje i posljedice\u201c, 4. \u2013 5. 11. 2014., Osijek (D. \u017divi\u0107, M. Brekalo, J. Jur\u010devi\u0107)<\/p>\n<p>17. Znanstveni skup \u201eZagreb u Prvom svjetskom ratu\u201c. Zagreb, 16. \u2013 17. 12. 2014. (D. Vojak, Lj. Dobrov\u0161ak, F. Tomi\u0107)<\/p>\n<p>18. III. regionalni seminar o ljudskim pravima: \u201cGdje je bio \u010dovjek?\u201d. \u010cakovec, 23. &#8211; 24. 5. 2014. (D. Vojak)<\/p>\n<p>19. Znanstveno-stru\u010dni skup \u201eZavalje i okolica i pro\u0161losti i sada\u0161njosti\u201c. 13. 12. 2014. Zagreb. (I. Brli\u0107, J. Jur\u010devi\u0107)<\/p>\n<p>20. Znanstveni simpozij \u201eVjekoslav Bajsi\u0107 u dijalogu\u201c &#8211; IX. Dies theologicus, 8. 5. 2014. (S. Tadi\u0107)<\/p>\n<p>21. Znanstveni skup \u201eDemokratski potencijal mladih u Hrvatskoj\u201c, Zagreb, 23. 10. 2014. (M. Mustapi\u0107)<\/p>\n<p>22. Barban i Barban\u0161tina od prapovijesti do danas, 20. &#8211; 21. 2. 2014., Barban (S. Trogrli\u0107)<\/p>\n<p>23. Pasionska ba\u0161tina Istre i Kvarnera, 20. &#8211; 21. 6. 2014., Pazin (S. Trogrli\u0107)<\/p>\n<p>24. Istaknute li\u010dnosti iz \u017eivota Istre u 20. stolje\u0107u II, 26. 9. 2014., Pazin (S. Trogrli\u0107)<\/p>\n<p>25. Crtice iz povijesti Kanfanar\u0161tine, 29. 9. 2014., Kanfanar (S. Trogrli\u0107)<\/p>\n<p>26. (Anti)fa\u0161izam u pro\u0161losti i sada\u0161njosti, 3. 10. 2014., Pula (S. Trogrli\u0107)<\/p>\n<p>27. XIX. Dani psihologije u Zadru, 29. &#8211; 31. 5. 2014, Zadar (I. Devi\u0107, S. Rihtar, A. Wertag, Lj. Kaliterna Lipov\u010dan, A. Braj\u0161a \u017dganec, T. Babarovi\u0107, M. Marini\u0107)<\/p>\n<p>28. XXII. znanstveni skup \u201eNijemci i Austrijanci u hrvatskom kulturnom krugu\u201c, Osijek, 7. &#8211; 9. 11.2014. (Lj. Dobrov\u0161ak)<\/p>\n<p>29. Demokratski potencijali mladih u Hrvatskoj, Zagreb, 23. 10. 2014. (R. Franc, V. Me\u0111ugorac)<\/p>\n<p>30. 22. Godi\u0161nja konferencija hrvatskih psihologa, 5. &#8211; 8. 11. 2014., Rovinj (I. Su\u010di\u0107, A. Braj\u0161a \u017dganec. T. Babarovi\u0107, M. \u0160aki\u0107, Z. Raboteg \u0160ari\u0107)<\/p>\n<p>31. V. znanstveno-stru\u010dni skup posve\u0107en pitanjima nasilja, 26. &#8211; 29. 11. 2014. Osijek. (I. Su\u010di\u0107, R. Franc, A. Braj\u0161a \u017dganec)<\/p>\n<p>32. III. simpozij \u201eAnatomija otoka: Budu\u0107nost sela i autohtonih poljoprivrednih kultura na otocima\u201c, 17. &#8211; 20. 9. 2014., Vis (I. Feri\u0107, S. Poljanec Bori\u0107, I. Turk)<\/p>\n<p>33. Okrugli stol \u201cBirajmo zastupnike imenom i prezimenom \u2013 \u0161to s 500 000 bira\u010da duhova?\u201d, Zagreb, 19. 12. 2014. (N. Pokos)<\/p>\n<p><strong>2013.<\/strong><\/p>\n<p>&#8211; <a href=\"https:\/\/www.vegaintro-projekti.com\/pilar-stari\/2013\/10\/16-znanstveno-strucni-skup-vukovar-91-22-godina-poslije-14-15-11-2013\/\">16. ZNANSTVENO-STRU\u010cNI SKUP &#8220;Vukovar &#8217;91.- 22. godina poslije&#8221;, 14.-15.&nbsp;studenoga 2013.<\/a><br \/>\n&#8211; <a href=\"https:\/\/www.vegaintro-projekti.com\/pilar-stari\/2013\/03\/annales-pilar-2013-predodbae-o-jugoistonoj-i-srednjoj-europi-kroz-povijest\/\">Skup: ANNALES PILAR 2013.: &#8220;Predod\u017eba(e) o Jugoisto\u010dnoj i Srednjoj Europi kroz povijest&#8221;, Zagreb, 25.-26. listopada 2013.<\/a><br \/>\n&#8211; <a href=\"https:\/\/www.vegaintro-projekti.com\/pilar-stari\/2013\/03\/poziv-za-skup-kultura-drutvo-identitet-europski-realiteti\/\">Skup: KULTURA, DRU\u0160TVO, IDENTITET \u2013 EUROPSKI REALITETI, Osijek, 20.-21. o\u017eujka 2013.<\/a><br \/>\n&#8211; <a href=\"https:\/\/www.vegaintro-projekti.com\/pilar-stari\/2013\/02\/konferencija-revitalizacija-urbanih-sredita-u-vukovarsko-srijemskoj-upaniji\/\">Konferencija: Revitalizacija urbanih sredi\u0161ta u Vukovarsko-srijemskoj \u017eupaniji, Vukovar, 28. velja\u010de 2013.<\/a><\/p>\n<p><strong><br \/>\n2012.<\/strong><\/p>\n<p>&#8211;&nbsp;<a href=\"https:\/\/www.vegaintro-projekti.com\/pilar-stari\/2012\/10\/15-znanstveno-struni-skup-vukovar-91-dvadeset-i-jedna-godina-poslije\/\">15. znanstveno-stru\u010dni skup VUKOVAR &#8217;91. &#8211; DVADESET I JEDNA GODINA POSLIJE, 15. studenoga 2012.<br \/>\n<\/a>&#8211; <a href=\"https:\/\/www.vegaintro-projekti.com\/pilar-stari\/2012\/10\/znanstveni-skup-dr-juraj-dobrila-i-stoljee-krasne-zemlje\/\">ZNANSTVENI&nbsp; SKUP: Dr. Juraj Dobrila i stolje\u0107e &#8220;Krasne zemlje&#8221;, 25.-26. listopada 2012.<\/a><br \/>\n&#8211;&nbsp;<a href=\"https:\/\/www.vegaintro-projekti.com\/pilar-stari\/2012\/08\/konferencija-teoloko-pribliavanje-patnji-i-nadi-ena-split-2-9-9-2012\/\">Konferencija: TEOLO\u0160KO PRIBLI\u017dAVANJE PATNJI I NADI \u017dENA, Split, 2.-5. rujna 2012.<br \/>\n<\/a>&#8211;&nbsp;<a href=\"https:\/\/www.vegaintro-projekti.com\/pilar-stari\/2012\/05\/annales-pilar-2012-nacionalne-manjine-u-hrvatskoj-i-hrvati-kao-manjina\/\">Annales Pilar 2012.: NACIONALNE MANJINE U HRVATSKOJ I HRVATI KAO MANJINA, Zagreb, 1. lipnja 2012.<br \/>\n<\/a>&#8211;&nbsp;<a href=\"https:\/\/www.vegaintro-projekti.com\/pilar-stari\/2012\/05\/skup-identitet-srijema-u-prolosti-i-sadanjosti-25-5-2012\/\">Skup: IDENTITET SRIJEMA U PRO\u0160LOSTI I SADA\u0160NJOSTI, Nijemci, 25. svibnja 2012.<br \/>\n<\/a>&#8211; <a href=\"https:\/\/www.vegaintro-projekti.com\/pilar-stari\/2012\/04\/makarsko-primorje-znanstveni-skup-i-predstavljanje-zbornika-3-4-5-2012\/\">Skup: MAKARSKO PRIMORJE OD KRAJA DRUGOG SVJETSKOG RATA DO 2011., Makarska, 3.-4. svibnja 2012.<br \/>\n<\/a><\/p>\n<p><strong>2011.<\/strong><\/p>\n<p>&#8211; <a href=\"https:\/\/www.vegaintro-projekti.com\/pilar-stari\/2011\/11\/odran-14-znanstveno-struni-skup-vukovar-91-dvadeset-godina-poslije\/\">14. znanstveno-stru\u010dni skup VUKOVAR &#8217;91. &#8211; DVADESET GODINA POSLIJE, Vukovar, 14.-15. studenoga 2011.<\/a><br \/>\n&#8211; <a href=\"https:\/\/www.vegaintro-projekti.com\/pilar-stari\/2011\/10\/okrugli-stol-u-vukovaru-uloga-braniteljica-u-domovinskom-ratu-21102011\/\">Okrugli stol: ULOGA BRANITELJICA U DOMOVINSKOM RATU, Vukovar, 21. listopada 2011.<\/a><br \/>\n&#8211; <a href=\"https:\/\/www.vegaintro-projekti.com\/pilar-stari\/2011\/09\/okrugli-stol-krbava-i-udbina-batina-istraivanja-perspektive-1592011\/\">Okrugli stol: KRBAVA I UDBINA: BA\u0160TINA, ISTRA\u017dIVANJA, PERSPEKTIVE, Udbina, 15. rujna 2011.<\/a><\/p>\n<p><strong><br \/>\n2010.<\/strong><\/p>\n<p>&#8211;&nbsp;<a href=\"https:\/\/www.vegaintro-projekti.com\/pilar-stari\/2010\/11\/odran-znanstveno-struni-skup-o-rtvi-vukovara\/\">13. znanstveno-stru\u010dni skup VUKOVAR &#8217;91. &#8211; DEVETNAEST GODINA POSLIJE, Vukovar, 15. studenoga 2010.<\/a><br \/>\n&#8211; <a href=\"https:\/\/www.vegaintro-projekti.com\/pilar-stari\/2010\/10\/odran-znanstveni-skup-o-mons-dr-boi-milanoviu\/\">Znastveni skup Mons. dr. BO\u017dO MILANOVI\u0106 &#8211; TRAGOVI JEDNE VIZIJE, Pazin, 16. listopada 2010.<\/a><br \/>\n&#8211; <a href=\"https:\/\/www.vegaintro-projekti.com\/pilar-stari\/2010\/02\/program-skupa-gacka-i-otoac-u-srednjem-vijeku-otoac-5-6-oujka\/\">Znanstveni skup GACKA I OTO\u010cAC U SREDNJEM VIJEKU, Oto\u010dac, 5.-6. o\u017eujka 2010.<\/a><\/p>\n<p><strong><br \/>\n2009.<\/strong><\/p>\n<p>&#8211; <a href=\"https:\/\/www.vegaintro-projekti.com\/pilar-stari\/2009\/11\/odran-skup-qvukovar-91-osamnaest-godina-poslije\/\">12. znanstveno-stru\u010dni skup VUKOVAR &#8217;91. &#8211; OSAMNAEST GODINA POSLIJE, Vukovar, 13.-14. studenoga 2009.<\/a><\/p>\n<p><strong><br \/>\n2008.<\/strong><\/p>\n<p>&#8211; <a href=\"https:\/\/www.vegaintro-projekti.com\/pilar-stari\/2008\/12\/biskup-marko-kalogjera-o-120-obljetnici-smrti\/\">Znanstveni skup BISKUP MARKO KALOGJERA &#8211; O 120. OBLJETNICI SMRTI, Blato, 5.-6. prosinca 2008.<\/a><br \/>\n&#8211; <a href=\"https:\/\/www.vegaintro-projekti.com\/pilar-stari\/2008\/11\/vukovar-91-sedamnaest-godina-poslije\/\">11. znanstveno-stru\u010dni skup VUKOVAR &#8217;91 &#8211; SEDAMNAEST GODINA POSLIJE, Vukovar, 13.-14.&nbsp;studenoga 2008.<\/a><br \/>\n&#8211; <a href=\"https:\/\/www.vegaintro-projekti.com\/pilar-stari\/2009\/10\/fra-didak-bunti-ovjek-i-djelo\/\">Znanstveni simpozij Fra DIDAK BUNTI\u0106 \u2013 \u010cOVJEK I DJELO, Mostar, 2.-3. listopada 2008.<\/a><\/p>\n<p><strong><br \/>\n2007.<\/strong><\/p>\n<p>&#8211; <a href=\"https:\/\/www.vegaintro-projekti.com\/pilar-stari\/2009\/10\/objavljen-zbornik-demografski-kontekst-i-sociokulturne-posljedice-hrvatskoga-domovinskog-rata\/\">10. znanstveno-stru\u010dni skup VUKOVAR &#8217;91 &#8211; \u0160ESNAEST GODINA POSLIJE, Vukovar, 14.&nbsp;studenoga 2007.<\/a><\/p>\n<p><strong><br \/>\n2005.<\/strong><\/p>\n<p>&#8211; Ivan Pavao II \u2013 poslanje i djelovanje<br \/>\n&#8211; Siroma\u0161tvo i solidarnost \u2013 Hrvatska u pro\u0161irenoj Europi<br \/>\n&#8211; Vukovar &#8217;91 \u2013 \u010cetrnaest godina poslije<br \/>\n&#8211; Annales Pilar 2005: Interdisciplinarni znanstveni skup Globalni i lokalni izazovi identitetu i razvoju Hrvatske<\/p>\n<p><strong>2004.<\/strong><\/p>\n<p>&#8211; Identitet Istre \u2013 ishodi\u0161tva i perspektive<br \/>\n&#8211; Vukovar &#8217;91 \u2013 Trinaest godina poslije<br \/>\n&#8211; Annales Pilar 2004: Quo vadis Hrvatska? \u2013 identitet, modernizacija, europska obzorja2003.<br \/>\n&#8211; Annales Pilar 2003: Demografski razvoj, stanje i perspektive Republike Hrvatske<\/p>\n<p><strong>2002.<\/strong><\/p>\n<p>&#8211; Razvojne perspektive Slavonije i Baranje<br \/>\n&#8211; Annales Pilar 2002: Hrvatska historiografija 20. stolje\u0107a izme\u0111u znanstvenih paradigmi i ideolo\u0161kih zahtjeva<\/p>\n<p><strong>2001.<\/strong><\/p>\n<p>&#8211; Annales Pilar 2001: Psihologijski susreti \u2013 Hrvatsko dru\u0161tvo danas: Psihosocijalni procesi<\/p>\n<p><strong>2000.<\/strong><\/p>\n<p>&#8211; Vukovar &#8217;91 \u2013 Devet godina poslije: zna\u010denje, vrednote, identitet<br \/>\n&#8211; Annales Pilar 2000: Sociolo\u0161ki susreti \u2013 Upravlja\u010dke elite i modernizacija<\/p>\n<p><strong>1999.<\/strong><\/p>\n<p>&#8211; Hrvatska u djelu Ive Pilara<br \/>\n&#8211; Vukovar \u2013 Hrvatska \u2013 Svijet: Vukovar osam godina poslije1998.Vukovar &#8217;91 \u2013 Sedam godina poslije<\/p>\n<p>&nbsp;<\/p>\n<p>&nbsp;<\/p>\n<p>&nbsp;<\/p>\n<p>&nbsp;<\/p>\n","protected":false},"excerpt":{"rendered":"<p>&nbsp; 2023. \u2022 2022. \u2022 2021.&nbsp;\u2022 2020. \u2022 2019. \u2022 2018. \u2022 2017. \u2022 2016. \u2022 2015. \u2022 2014. &nbsp; 2023. Skupove u 2023. vidjeti na stranici Novosti\/Skupovi &nbsp; 2022. Nacionalni skupovi u (su)organizaciji Instituta Pilar ROMI U PODRAVINI I NJIHOVO STRADANJE U DRUGOM SVJETSKOM RATU, Koprivnica, 8. 4. 2022.; Muzej grada Koprivnice i Institut&hellip; <a class=\"continue\" href=\"https:\/\/www.vegaintro-projekti.com\/pilar-stari\/2018\/01\/domai-skupovi\/\">Pro\u010ditaj vi\u0161e o<span> Nacionalni skupovi<\/span><\/a><\/p>\n","protected":false},"author":1,"featured_media":0,"comment_status":"closed","ping_status":"closed","sticky":false,"template":"","format":"standard","meta":{"inline_featured_image":false,"ngg_post_thumbnail":0,"footnotes":""},"categories":[61],"tags":[],"yoast_head":"<!-- This site is optimized with the Yoast SEO plugin v21.2 - https:\/\/yoast.com\/wordpress\/plugins\/seo\/ -->\n<title>Nacionalni skupovi - Institut dru&scaron;tvenih znanosti Ivo Pilar<\/title>\n<meta name=\"robots\" content=\"noindex, follow, max-snippet:-1, max-image-preview:large, max-video-preview:-1\" \/>\n<meta property=\"og:locale\" content=\"hr_HR\" \/>\n<meta property=\"og:type\" content=\"article\" \/>\n<meta property=\"og:title\" content=\"Nacionalni skupovi - Institut dru&scaron;tvenih znanosti Ivo Pilar\" \/>\n<meta property=\"og:description\" content=\"&nbsp; 2023. \u2022 2022. \u2022 2021.&nbsp;\u2022 2020. \u2022 2019. \u2022 2018. \u2022 2017. \u2022 2016. \u2022 2015. \u2022 2014. &nbsp; 2023. Skupove u 2023. vidjeti na stranici Novosti\/Skupovi &nbsp; 2022. Nacionalni skupovi u (su)organizaciji Instituta Pilar ROMI U PODRAVINI I NJIHOVO STRADANJE U DRUGOM SVJETSKOM RATU, Koprivnica, 8. 4. 2022.; Muzej grada Koprivnice i Institut&hellip; Pro\u010ditaj vi\u0161e o Nacionalni skupovi\" \/>\n<meta property=\"og:url\" content=\"https:\/\/www.vegaintro-projekti.com\/pilar-stari\/2018\/01\/domai-skupovi\/\" \/>\n<meta property=\"og:site_name\" content=\"Institut dru&scaron;tvenih znanosti Ivo Pilar\" \/>\n<meta property=\"article:published_time\" content=\"2018-01-06T22:40:46+00:00\" \/>\n<meta property=\"article:modified_time\" content=\"2023-03-01T21:10:07+00:00\" \/>\n<meta name=\"author\" content=\"pilar-admin\" \/>\n<meta name=\"twitter:card\" content=\"summary_large_image\" \/>\n<meta name=\"twitter:label1\" content=\"Napisao\/la\" \/>\n\t<meta name=\"twitter:data1\" content=\"pilar-admin\" \/>\n\t<meta name=\"twitter:label2\" content=\"Procijenjeno vrijeme \u010ditanja\" \/>\n\t<meta name=\"twitter:data2\" content=\"59 minuta\" \/>\n<script type=\"application\/ld+json\" class=\"yoast-schema-graph\">{\"@context\":\"https:\/\/schema.org\",\"@graph\":[{\"@type\":\"WebPage\",\"@id\":\"https:\/\/www.vegaintro-projekti.com\/pilar-stari\/2018\/01\/domai-skupovi\/\",\"url\":\"https:\/\/www.vegaintro-projekti.com\/pilar-stari\/2018\/01\/domai-skupovi\/\",\"name\":\"Nacionalni skupovi - Institut dru&scaron;tvenih znanosti Ivo Pilar\",\"isPartOf\":{\"@id\":\"https:\/\/www.vegaintro-projekti.com\/pilar-stari\/#website\"},\"datePublished\":\"2018-01-06T22:40:46+00:00\",\"dateModified\":\"2023-03-01T21:10:07+00:00\",\"author\":{\"@id\":\"https:\/\/www.vegaintro-projekti.com\/pilar-stari\/#\/schema\/person\/c0db50ebd77c4409e19b18044bbf10c1\"},\"breadcrumb\":{\"@id\":\"https:\/\/www.vegaintro-projekti.com\/pilar-stari\/2018\/01\/domai-skupovi\/#breadcrumb\"},\"inLanguage\":\"hr\",\"potentialAction\":[{\"@type\":\"ReadAction\",\"target\":[\"https:\/\/www.vegaintro-projekti.com\/pilar-stari\/2018\/01\/domai-skupovi\/\"]}]},{\"@type\":\"BreadcrumbList\",\"@id\":\"https:\/\/www.vegaintro-projekti.com\/pilar-stari\/2018\/01\/domai-skupovi\/#breadcrumb\",\"itemListElement\":[{\"@type\":\"ListItem\",\"position\":1,\"name\":\"Home\",\"item\":\"https:\/\/www.vegaintro-projekti.com\/pilar-stari\/\"},{\"@type\":\"ListItem\",\"position\":2,\"name\":\"Nacionalni skupovi\"}]},{\"@type\":\"WebSite\",\"@id\":\"https:\/\/www.vegaintro-projekti.com\/pilar-stari\/#website\",\"url\":\"https:\/\/www.vegaintro-projekti.com\/pilar-stari\/\",\"name\":\"Institut dru&scaron;tvenih znanosti Ivo Pilar\",\"description\":\"Pilar\",\"potentialAction\":[{\"@type\":\"SearchAction\",\"target\":{\"@type\":\"EntryPoint\",\"urlTemplate\":\"https:\/\/www.vegaintro-projekti.com\/pilar-stari\/?s={search_term_string}\"},\"query-input\":\"required name=search_term_string\"}],\"inLanguage\":\"hr\"},{\"@type\":\"Person\",\"@id\":\"https:\/\/www.vegaintro-projekti.com\/pilar-stari\/#\/schema\/person\/c0db50ebd77c4409e19b18044bbf10c1\",\"name\":\"pilar-admin\",\"image\":{\"@type\":\"ImageObject\",\"inLanguage\":\"hr\",\"@id\":\"https:\/\/www.vegaintro-projekti.com\/pilar-stari\/#\/schema\/person\/image\/\",\"url\":\"https:\/\/secure.gravatar.com\/avatar\/fac9e03c4db0011b9c1ad8b5e9c74b8c?s=96&d=mm&r=g\",\"contentUrl\":\"https:\/\/secure.gravatar.com\/avatar\/fac9e03c4db0011b9c1ad8b5e9c74b8c?s=96&d=mm&r=g\",\"caption\":\"pilar-admin\"},\"url\":\"https:\/\/www.vegaintro-projekti.com\/pilar-stari\/author\/pilar-admin\/\"}]}<\/script>\n<!-- \/ Yoast SEO plugin. -->","yoast_head_json":{"title":"Nacionalni skupovi - Institut dru&scaron;tvenih znanosti Ivo Pilar","robots":{"index":"noindex","follow":"follow","max-snippet":"max-snippet:-1","max-image-preview":"max-image-preview:large","max-video-preview":"max-video-preview:-1"},"og_locale":"hr_HR","og_type":"article","og_title":"Nacionalni skupovi - Institut dru&scaron;tvenih znanosti Ivo Pilar","og_description":"&nbsp; 2023. \u2022 2022. \u2022 2021.&nbsp;\u2022 2020. \u2022 2019. \u2022 2018. \u2022 2017. \u2022 2016. \u2022 2015. \u2022 2014. &nbsp; 2023. Skupove u 2023. vidjeti na stranici Novosti\/Skupovi &nbsp; 2022. Nacionalni skupovi u (su)organizaciji Instituta Pilar ROMI U PODRAVINI I NJIHOVO STRADANJE U DRUGOM SVJETSKOM RATU, Koprivnica, 8. 4. 2022.; Muzej grada Koprivnice i Institut&hellip; Pro\u010ditaj vi\u0161e o Nacionalni skupovi","og_url":"https:\/\/www.vegaintro-projekti.com\/pilar-stari\/2018\/01\/domai-skupovi\/","og_site_name":"Institut dru&scaron;tvenih znanosti Ivo Pilar","article_published_time":"2018-01-06T22:40:46+00:00","article_modified_time":"2023-03-01T21:10:07+00:00","author":"pilar-admin","twitter_card":"summary_large_image","twitter_misc":{"Napisao\/la":"pilar-admin","Procijenjeno vrijeme \u010ditanja":"59 minuta"},"schema":{"@context":"https:\/\/schema.org","@graph":[{"@type":"WebPage","@id":"https:\/\/www.vegaintro-projekti.com\/pilar-stari\/2018\/01\/domai-skupovi\/","url":"https:\/\/www.vegaintro-projekti.com\/pilar-stari\/2018\/01\/domai-skupovi\/","name":"Nacionalni skupovi - Institut dru&scaron;tvenih znanosti Ivo Pilar","isPartOf":{"@id":"https:\/\/www.vegaintro-projekti.com\/pilar-stari\/#website"},"datePublished":"2018-01-06T22:40:46+00:00","dateModified":"2023-03-01T21:10:07+00:00","author":{"@id":"https:\/\/www.vegaintro-projekti.com\/pilar-stari\/#\/schema\/person\/c0db50ebd77c4409e19b18044bbf10c1"},"breadcrumb":{"@id":"https:\/\/www.vegaintro-projekti.com\/pilar-stari\/2018\/01\/domai-skupovi\/#breadcrumb"},"inLanguage":"hr","potentialAction":[{"@type":"ReadAction","target":["https:\/\/www.vegaintro-projekti.com\/pilar-stari\/2018\/01\/domai-skupovi\/"]}]},{"@type":"BreadcrumbList","@id":"https:\/\/www.vegaintro-projekti.com\/pilar-stari\/2018\/01\/domai-skupovi\/#breadcrumb","itemListElement":[{"@type":"ListItem","position":1,"name":"Home","item":"https:\/\/www.vegaintro-projekti.com\/pilar-stari\/"},{"@type":"ListItem","position":2,"name":"Nacionalni skupovi"}]},{"@type":"WebSite","@id":"https:\/\/www.vegaintro-projekti.com\/pilar-stari\/#website","url":"https:\/\/www.vegaintro-projekti.com\/pilar-stari\/","name":"Institut dru&scaron;tvenih znanosti Ivo Pilar","description":"Pilar","potentialAction":[{"@type":"SearchAction","target":{"@type":"EntryPoint","urlTemplate":"https:\/\/www.vegaintro-projekti.com\/pilar-stari\/?s={search_term_string}"},"query-input":"required name=search_term_string"}],"inLanguage":"hr"},{"@type":"Person","@id":"https:\/\/www.vegaintro-projekti.com\/pilar-stari\/#\/schema\/person\/c0db50ebd77c4409e19b18044bbf10c1","name":"pilar-admin","image":{"@type":"ImageObject","inLanguage":"hr","@id":"https:\/\/www.vegaintro-projekti.com\/pilar-stari\/#\/schema\/person\/image\/","url":"https:\/\/secure.gravatar.com\/avatar\/fac9e03c4db0011b9c1ad8b5e9c74b8c?s=96&d=mm&r=g","contentUrl":"https:\/\/secure.gravatar.com\/avatar\/fac9e03c4db0011b9c1ad8b5e9c74b8c?s=96&d=mm&r=g","caption":"pilar-admin"},"url":"https:\/\/www.vegaintro-projekti.com\/pilar-stari\/author\/pilar-admin\/"}]}},"_links":{"self":[{"href":"https:\/\/www.vegaintro-projekti.com\/pilar-stari\/wp-json\/wp\/v2\/posts\/160"}],"collection":[{"href":"https:\/\/www.vegaintro-projekti.com\/pilar-stari\/wp-json\/wp\/v2\/posts"}],"about":[{"href":"https:\/\/www.vegaintro-projekti.com\/pilar-stari\/wp-json\/wp\/v2\/types\/post"}],"author":[{"embeddable":true,"href":"https:\/\/www.vegaintro-projekti.com\/pilar-stari\/wp-json\/wp\/v2\/users\/1"}],"replies":[{"embeddable":true,"href":"https:\/\/www.vegaintro-projekti.com\/pilar-stari\/wp-json\/wp\/v2\/comments?post=160"}],"version-history":[{"count":55,"href":"https:\/\/www.vegaintro-projekti.com\/pilar-stari\/wp-json\/wp\/v2\/posts\/160\/revisions"}],"predecessor-version":[{"id":25275,"href":"https:\/\/www.vegaintro-projekti.com\/pilar-stari\/wp-json\/wp\/v2\/posts\/160\/revisions\/25275"}],"wp:attachment":[{"href":"https:\/\/www.vegaintro-projekti.com\/pilar-stari\/wp-json\/wp\/v2\/media?parent=160"}],"wp:term":[{"taxonomy":"category","embeddable":true,"href":"https:\/\/www.vegaintro-projekti.com\/pilar-stari\/wp-json\/wp\/v2\/categories?post=160"},{"taxonomy":"post_tag","embeddable":true,"href":"https:\/\/www.vegaintro-projekti.com\/pilar-stari\/wp-json\/wp\/v2\/tags?post=160"}],"curies":[{"name":"wp","href":"https:\/\/api.w.org\/{rel}","templated":true}]}}