{"id":16135,"date":"2020-05-11T12:18:41","date_gmt":"2020-05-11T12:18:41","guid":{"rendered":"https:\/\/www.vegaintro-projekti.com\/pilar-stari\/?p=16135"},"modified":"2022-05-02T10:03:59","modified_gmt":"2022-05-02T10:03:59","slug":"covid19-international-collaboration-on-social-moral-psychology","status":"publish","type":"post","link":"https:\/\/www.vegaintro-projekti.com\/pilar-stari\/2020\/05\/covid19-international-collaboration-on-social-moral-psychology\/","title":{"rendered":"COVID19 International Collaboration on Social &#038; Moral Psychology"},"content":{"rendered":"<p><strong>Institut dru\u0161tvenih znanosti Ivo Pilar sudjeluje u provedbi projekta \u201cCOVID19 International Collaboration on Social &amp; Moral Psychology\u201d u razdoblju od travnja do svibnja 2020. Voditeljica Pilarova tima je dr. sc. Renata Franc<\/strong><\/p>\n<p><img decoding=\"async\" loading=\"lazy\" class=\"alignnone wp-image-16131 size-full\" title=\"COVID19 International Collaboration on Social &amp; Moral Psychology\" src=\"https:\/\/www.vegaintro-projekti.com\/pilar-stari\/wp-content\/uploads\/2020\/05\/Pilar_Covid_19_fi-e1589199454941.jpg\" alt=\"\" width=\"620\" height=\"361\"><\/p>\n<p><strong>Institut dru\u0161tvenih znanosti Ivo Pilar<\/strong> sudjeluje u provedbi me\u0111unarodnog istra\u017eivanja o odrednicama pona\u0161anja i stavova u kontekstu pandemije COVID 19 iz perspektive socijalne psihologije i psihologije moralnosti (<em>Covid19 International Collaboration on Social &amp; Moral Psychology<\/em>). U projektu sudjeluju kolege iz oko 60 zemalja, inicijator i glavni koordinator je prof. dr. Jay Van Bavel, New York University (SAD), dok je koordinatorica za Hrvatsku i voditeljica Pilarovog tima prof. dr. sc. Renata Franc, a \u010dlanovi tima Marina Magli\u0107; Tomislav Pavlovi\u0107 i Stanko Rihtar te dr. sc. Igor Miklou\u0161i\u0107 kao vanjski suradnik. Ujedno Tomislav Pavlovi\u0107 je \u010dlan sredi\u0161njeg tima za analizu podataka.<\/p>\n<p>Projektom se anonimnim <em>online anketiranjem<\/em> uzorka gra\u0111ana prikupljaju podaci o pona\u0161anjima i stavovima vezano uz pandemiju COVID npr. pona\u0161anja sukladna epidemiolo\u0161kim preporukama, podr\u0161ka pojedinim mjerama, percipirani rizik zaraze i sl. s ciljem provjere povezanosti i mogu\u0107nosti obja\u0161njenja stavova i pona\u0161anja vezanih uz COVID19 pandemiju s osobinama li\u010dnosti, aspektima moralnog i socijalnog identiteta i politi\u010dkim stavovima (npr. optimizam, samokontrola, samopo\u0161tovanje, sklonost teorijama zavjera, moralni identitet, nacionalni identitet, i kolektivni narcizam). Uz pojedina\u010dne publikacije i izvje\u0161\u0107a projekt \u0107e rezultirati javno dostupnom me\u0111unarodnom bazom podataka koja \u0107e slu\u017eiti kao javno dobro za \u010ditavu znanstvenu zajednicu. Provo\u0111enje anketiranja na razini svih zemalja je odobrilo Eti\u010dko povjerenstvo Sveu\u010dili\u0161ta Kent u Velikoj Britaniji, dok je provo\u0111enje anketiranja u Hrvatskoj uz manji broj dodatnih pitanja odobrilo i Eti\u010dko povjerenstvo Instituta Pilar.<\/p>\n<p>U Hrvatskoj je prikupljanje podataka provedeno u razdoblju od 27. travnja \u2013 4. svibnja 2020. na online uzorku temeljenom na kvotama spola i dobi punoljetnih hrvatskih gra\u0111ana (online panelisti me\u0111unarodne tvrtke <em>Talk Online Panel<\/em>; 515 sudionika (52% \u017eena), prosje\u010dne dobi 46 godina (u rasponu od 18 do 82, uz medijan 48 godina i standardnu devijaciju (14.56).<\/p>\n<p>Preliminarni osnovni rezultati objavljeni su u Ve\u010dernjem listu 11. svibnja 2020.<\/p>\n<blockquote><p><a href=\"https:\/\/www.vegaintro-projekti.com\/pilar-stari\/2020\/05\/rezultati-istrazivanja-instituta-pilar-gradani-podrzavaju-mjere-stozera-ali-ne-zele-ekonomsko-zatvaranje-11-5-2020\/\">Rezultati istra\u017eivanja Instituta Pilar: Gra\u0111ani podr\u017eavaju mjere Sto\u017eera ali ne \u017eele ekonomsko zatvaranje, 11. 5. 2020.<\/a><\/p>\n<p><a href=\"https:\/\/www.vegaintro-projekti.com\/pilar-stari\/2022\/04\/psiholozi-instituta-pilar-predstavili-rezultate-istrazivanja-analytic-thinking-and-political-orientation-in-the-corona-crisis-na-psihologijskom-portalu-psypost\/\">Psiholozi Instituta Pilar predstavili rezultate istra\u017eivanja \u201eAnalytic Thinking and Political Orientation in the Corona Crisis\u201c na psihologijskom portalu PsyPost<\/a><\/p><\/blockquote>\n","protected":false},"excerpt":{"rendered":"<p>Institut dru\u0161tvenih znanosti Ivo Pilar sudjeluje u provedbi projekta \u201cCOVID19 International Collaboration on Social &amp; Moral Psychology\u201d u razdoblju od travnja do svibnja 2020. Voditeljica Pilarova tima je dr. sc. Renata Franc Institut dru\u0161tvenih znanosti Ivo Pilar sudjeluje u provedbi me\u0111unarodnog istra\u017eivanja o odrednicama pona\u0161anja i stavova u kontekstu pandemije COVID 19 iz perspektive socijalne&hellip; <a class=\"continue\" href=\"https:\/\/www.vegaintro-projekti.com\/pilar-stari\/2020\/05\/covid19-international-collaboration-on-social-moral-psychology\/\">Pro\u010ditaj vi\u0161e o<span> COVID19 International Collaboration on Social &#038; Moral Psychology<\/span><\/a><\/p>\n","protected":false},"author":7,"featured_media":16131,"comment_status":"closed","ping_status":"closed","sticky":false,"template":"","format":"standard","meta":{"inline_featured_image":false,"ngg_post_thumbnail":0,"footnotes":""},"categories":[29],"tags":[],"yoast_head":"<!-- This site is optimized with the Yoast SEO plugin v21.2 - https:\/\/yoast.com\/wordpress\/plugins\/seo\/ -->\n<title>COVID19 International Collaboration on Social &amp; Moral Psychology - Institut dru&scaron;tvenih znanosti Ivo Pilar<\/title>\n<meta name=\"robots\" content=\"noindex, follow, max-snippet:-1, max-image-preview:large, max-video-preview:-1\" \/>\n<meta property=\"og:locale\" content=\"hr_HR\" \/>\n<meta property=\"og:type\" content=\"article\" \/>\n<meta property=\"og:title\" content=\"COVID19 International Collaboration on Social &amp; Moral Psychology - Institut dru&scaron;tvenih znanosti Ivo Pilar\" \/>\n<meta property=\"og:description\" content=\"Institut dru\u0161tvenih znanosti Ivo Pilar sudjeluje u provedbi projekta \u201cCOVID19 International Collaboration on Social &amp; Moral Psychology\u201d u razdoblju od travnja do svibnja 2020. Voditeljica Pilarova tima je dr. sc. Renata Franc Institut dru\u0161tvenih znanosti Ivo Pilar sudjeluje u provedbi me\u0111unarodnog istra\u017eivanja o odrednicama pona\u0161anja i stavova u kontekstu pandemije COVID 19 iz perspektive socijalne&hellip; Pro\u010ditaj vi\u0161e o COVID19 International Collaboration on Social &#038; Moral Psychology\" \/>\n<meta property=\"og:url\" content=\"https:\/\/www.vegaintro-projekti.com\/pilar-stari\/2020\/05\/covid19-international-collaboration-on-social-moral-psychology\/\" \/>\n<meta property=\"og:site_name\" content=\"Institut dru&scaron;tvenih znanosti Ivo Pilar\" \/>\n<meta property=\"article:published_time\" content=\"2020-05-11T12:18:41+00:00\" \/>\n<meta property=\"article:modified_time\" content=\"2022-05-02T10:03:59+00:00\" \/>\n<meta property=\"og:image\" content=\"https:\/\/www.vegaintro-projekti.com\/pilar-stari\/wp-content\/uploads\/2020\/05\/Pilar_Covid_19_fi-e1589199454941.jpg\" \/>\n\t<meta property=\"og:image:width\" content=\"620\" \/>\n\t<meta property=\"og:image:height\" content=\"361\" \/>\n\t<meta property=\"og:image:type\" content=\"image\/jpeg\" \/>\n<meta name=\"author\" content=\"Boris\" \/>\n<meta name=\"twitter:card\" content=\"summary_large_image\" \/>\n<meta name=\"twitter:label1\" content=\"Napisao\/la\" \/>\n\t<meta name=\"twitter:data1\" content=\"Boris\" \/>\n\t<meta name=\"twitter:label2\" content=\"Procijenjeno vrijeme \u010ditanja\" \/>\n\t<meta name=\"twitter:data2\" content=\"2 minute\" \/>\n<script type=\"application\/ld+json\" class=\"yoast-schema-graph\">{\"@context\":\"https:\/\/schema.org\",\"@graph\":[{\"@type\":\"WebPage\",\"@id\":\"https:\/\/www.vegaintro-projekti.com\/pilar-stari\/2020\/05\/covid19-international-collaboration-on-social-moral-psychology\/\",\"url\":\"https:\/\/www.vegaintro-projekti.com\/pilar-stari\/2020\/05\/covid19-international-collaboration-on-social-moral-psychology\/\",\"name\":\"COVID19 International Collaboration on Social & Moral Psychology - Institut dru&scaron;tvenih znanosti Ivo Pilar\",\"isPartOf\":{\"@id\":\"https:\/\/www.vegaintro-projekti.com\/pilar-stari\/#website\"},\"datePublished\":\"2020-05-11T12:18:41+00:00\",\"dateModified\":\"2022-05-02T10:03:59+00:00\",\"author\":{\"@id\":\"https:\/\/www.vegaintro-projekti.com\/pilar-stari\/#\/schema\/person\/ddd404c9f1e15e4ffef5986ac6a5d28b\"},\"breadcrumb\":{\"@id\":\"https:\/\/www.vegaintro-projekti.com\/pilar-stari\/2020\/05\/covid19-international-collaboration-on-social-moral-psychology\/#breadcrumb\"},\"inLanguage\":\"hr\",\"potentialAction\":[{\"@type\":\"ReadAction\",\"target\":[\"https:\/\/www.vegaintro-projekti.com\/pilar-stari\/2020\/05\/covid19-international-collaboration-on-social-moral-psychology\/\"]}]},{\"@type\":\"BreadcrumbList\",\"@id\":\"https:\/\/www.vegaintro-projekti.com\/pilar-stari\/2020\/05\/covid19-international-collaboration-on-social-moral-psychology\/#breadcrumb\",\"itemListElement\":[{\"@type\":\"ListItem\",\"position\":1,\"name\":\"Home\",\"item\":\"https:\/\/www.vegaintro-projekti.com\/pilar-stari\/\"},{\"@type\":\"ListItem\",\"position\":2,\"name\":\"COVID19 International Collaboration on Social &#038; Moral Psychology\"}]},{\"@type\":\"WebSite\",\"@id\":\"https:\/\/www.vegaintro-projekti.com\/pilar-stari\/#website\",\"url\":\"https:\/\/www.vegaintro-projekti.com\/pilar-stari\/\",\"name\":\"Institut dru&scaron;tvenih znanosti Ivo Pilar\",\"description\":\"Pilar\",\"potentialAction\":[{\"@type\":\"SearchAction\",\"target\":{\"@type\":\"EntryPoint\",\"urlTemplate\":\"https:\/\/www.vegaintro-projekti.com\/pilar-stari\/?s={search_term_string}\"},\"query-input\":\"required name=search_term_string\"}],\"inLanguage\":\"hr\"},{\"@type\":\"Person\",\"@id\":\"https:\/\/www.vegaintro-projekti.com\/pilar-stari\/#\/schema\/person\/ddd404c9f1e15e4ffef5986ac6a5d28b\",\"name\":\"Boris\",\"image\":{\"@type\":\"ImageObject\",\"inLanguage\":\"hr\",\"@id\":\"https:\/\/www.vegaintro-projekti.com\/pilar-stari\/#\/schema\/person\/image\/\",\"url\":\"https:\/\/secure.gravatar.com\/avatar\/29557b161a6ce6ab86ac1503164f1e90?s=96&d=mm&r=g\",\"contentUrl\":\"https:\/\/secure.gravatar.com\/avatar\/29557b161a6ce6ab86ac1503164f1e90?s=96&d=mm&r=g\",\"caption\":\"Boris\"},\"url\":\"https:\/\/www.vegaintro-projekti.com\/pilar-stari\/author\/boris\/\"}]}<\/script>\n<!-- \/ Yoast SEO plugin. -->","yoast_head_json":{"title":"COVID19 International Collaboration on Social & Moral Psychology - Institut dru&scaron;tvenih znanosti Ivo Pilar","robots":{"index":"noindex","follow":"follow","max-snippet":"max-snippet:-1","max-image-preview":"max-image-preview:large","max-video-preview":"max-video-preview:-1"},"og_locale":"hr_HR","og_type":"article","og_title":"COVID19 International Collaboration on Social & Moral Psychology - Institut dru&scaron;tvenih znanosti Ivo Pilar","og_description":"Institut dru\u0161tvenih znanosti Ivo Pilar sudjeluje u provedbi projekta \u201cCOVID19 International Collaboration on Social &amp; Moral Psychology\u201d u razdoblju od travnja do svibnja 2020. Voditeljica Pilarova tima je dr. sc. Renata Franc Institut dru\u0161tvenih znanosti Ivo Pilar sudjeluje u provedbi me\u0111unarodnog istra\u017eivanja o odrednicama pona\u0161anja i stavova u kontekstu pandemije COVID 19 iz perspektive socijalne&hellip; Pro\u010ditaj vi\u0161e o COVID19 International Collaboration on Social &#038; Moral Psychology","og_url":"https:\/\/www.vegaintro-projekti.com\/pilar-stari\/2020\/05\/covid19-international-collaboration-on-social-moral-psychology\/","og_site_name":"Institut dru&scaron;tvenih znanosti Ivo Pilar","article_published_time":"2020-05-11T12:18:41+00:00","article_modified_time":"2022-05-02T10:03:59+00:00","og_image":[{"width":620,"height":361,"url":"https:\/\/www.vegaintro-projekti.com\/pilar-stari\/wp-content\/uploads\/2020\/05\/Pilar_Covid_19_fi-e1589199454941.jpg","type":"image\/jpeg"}],"author":"Boris","twitter_card":"summary_large_image","twitter_misc":{"Napisao\/la":"Boris","Procijenjeno vrijeme \u010ditanja":"2 minute"},"schema":{"@context":"https:\/\/schema.org","@graph":[{"@type":"WebPage","@id":"https:\/\/www.vegaintro-projekti.com\/pilar-stari\/2020\/05\/covid19-international-collaboration-on-social-moral-psychology\/","url":"https:\/\/www.vegaintro-projekti.com\/pilar-stari\/2020\/05\/covid19-international-collaboration-on-social-moral-psychology\/","name":"COVID19 International Collaboration on Social & Moral Psychology - Institut dru&scaron;tvenih znanosti Ivo Pilar","isPartOf":{"@id":"https:\/\/www.vegaintro-projekti.com\/pilar-stari\/#website"},"datePublished":"2020-05-11T12:18:41+00:00","dateModified":"2022-05-02T10:03:59+00:00","author":{"@id":"https:\/\/www.vegaintro-projekti.com\/pilar-stari\/#\/schema\/person\/ddd404c9f1e15e4ffef5986ac6a5d28b"},"breadcrumb":{"@id":"https:\/\/www.vegaintro-projekti.com\/pilar-stari\/2020\/05\/covid19-international-collaboration-on-social-moral-psychology\/#breadcrumb"},"inLanguage":"hr","potentialAction":[{"@type":"ReadAction","target":["https:\/\/www.vegaintro-projekti.com\/pilar-stari\/2020\/05\/covid19-international-collaboration-on-social-moral-psychology\/"]}]},{"@type":"BreadcrumbList","@id":"https:\/\/www.vegaintro-projekti.com\/pilar-stari\/2020\/05\/covid19-international-collaboration-on-social-moral-psychology\/#breadcrumb","itemListElement":[{"@type":"ListItem","position":1,"name":"Home","item":"https:\/\/www.vegaintro-projekti.com\/pilar-stari\/"},{"@type":"ListItem","position":2,"name":"COVID19 International Collaboration on Social &#038; Moral Psychology"}]},{"@type":"WebSite","@id":"https:\/\/www.vegaintro-projekti.com\/pilar-stari\/#website","url":"https:\/\/www.vegaintro-projekti.com\/pilar-stari\/","name":"Institut dru&scaron;tvenih znanosti Ivo Pilar","description":"Pilar","potentialAction":[{"@type":"SearchAction","target":{"@type":"EntryPoint","urlTemplate":"https:\/\/www.vegaintro-projekti.com\/pilar-stari\/?s={search_term_string}"},"query-input":"required name=search_term_string"}],"inLanguage":"hr"},{"@type":"Person","@id":"https:\/\/www.vegaintro-projekti.com\/pilar-stari\/#\/schema\/person\/ddd404c9f1e15e4ffef5986ac6a5d28b","name":"Boris","image":{"@type":"ImageObject","inLanguage":"hr","@id":"https:\/\/www.vegaintro-projekti.com\/pilar-stari\/#\/schema\/person\/image\/","url":"https:\/\/secure.gravatar.com\/avatar\/29557b161a6ce6ab86ac1503164f1e90?s=96&d=mm&r=g","contentUrl":"https:\/\/secure.gravatar.com\/avatar\/29557b161a6ce6ab86ac1503164f1e90?s=96&d=mm&r=g","caption":"Boris"},"url":"https:\/\/www.vegaintro-projekti.com\/pilar-stari\/author\/boris\/"}]}},"_links":{"self":[{"href":"https:\/\/www.vegaintro-projekti.com\/pilar-stari\/wp-json\/wp\/v2\/posts\/16135"}],"collection":[{"href":"https:\/\/www.vegaintro-projekti.com\/pilar-stari\/wp-json\/wp\/v2\/posts"}],"about":[{"href":"https:\/\/www.vegaintro-projekti.com\/pilar-stari\/wp-json\/wp\/v2\/types\/post"}],"author":[{"embeddable":true,"href":"https:\/\/www.vegaintro-projekti.com\/pilar-stari\/wp-json\/wp\/v2\/users\/7"}],"replies":[{"embeddable":true,"href":"https:\/\/www.vegaintro-projekti.com\/pilar-stari\/wp-json\/wp\/v2\/comments?post=16135"}],"version-history":[{"count":10,"href":"https:\/\/www.vegaintro-projekti.com\/pilar-stari\/wp-json\/wp\/v2\/posts\/16135\/revisions"}],"predecessor-version":[{"id":22227,"href":"https:\/\/www.vegaintro-projekti.com\/pilar-stari\/wp-json\/wp\/v2\/posts\/16135\/revisions\/22227"}],"wp:featuredmedia":[{"embeddable":true,"href":"https:\/\/www.vegaintro-projekti.com\/pilar-stari\/wp-json\/wp\/v2\/media\/16131"}],"wp:attachment":[{"href":"https:\/\/www.vegaintro-projekti.com\/pilar-stari\/wp-json\/wp\/v2\/media?parent=16135"}],"wp:term":[{"taxonomy":"category","embeddable":true,"href":"https:\/\/www.vegaintro-projekti.com\/pilar-stari\/wp-json\/wp\/v2\/categories?post=16135"},{"taxonomy":"post_tag","embeddable":true,"href":"https:\/\/www.vegaintro-projekti.com\/pilar-stari\/wp-json\/wp\/v2\/tags?post=16135"}],"curies":[{"name":"wp","href":"https:\/\/api.w.org\/{rel}","templated":true}]}}