{"id":16309,"date":"2020-06-18T12:27:26","date_gmt":"2020-06-18T12:27:26","guid":{"rendered":"https:\/\/www.vegaintro-projekti.com\/pilar-stari\/?p=16309"},"modified":"2020-07-15T08:20:57","modified_gmt":"2020-07-15T08:20:57","slug":"predstavljanje-zbornika-povijest-hrvatske-politicke-emigracije-u-20-stoljecu-23-6-2020","status":"publish","type":"post","link":"https:\/\/www.vegaintro-projekti.com\/pilar-stari\/2020\/06\/predstavljanje-zbornika-povijest-hrvatske-politicke-emigracije-u-20-stoljecu-23-6-2020\/","title":{"rendered":"Predstavljanje zbornika Povijest hrvatske politi\u010dke emigracije u 20. stolje\u0107u, 23. 6. 2020."},"content":{"rendered":"<p><strong>Centar za istra\u017eivanje hrvatskog iseljeni\u0161tva, Franjeva\u010dki samostan Vukovar i Institut dru\u0161tvenih znanosti Ivo Pilar organizirali su predstavljanje zbornika POVIJEST HRVATSKE POLITI\u010cKE EMIGRACIJE U 20. STOLJE\u0106U koje se odr\u017ealo 23. lipnja 2020. u Pastoralnom centru sv. Bono Franjeva\u010dkog samostana u Vukovaru.<\/strong> \u2212 <a href=\"https:\/\/www.vegaintro-projekti.com\/pilar-stari\/wp-content\/uploads\/2020\/06\/Povijest_hr_politicke_emigracije.pdf\">Pozivnica<\/a><\/p>\n<p><a href=\"https:\/\/www.vegaintro-projekti.com\/pilar-stari\/wp-content\/uploads\/2020\/06\/Povijest_hr_politicke_emigracije.pdf\"><img decoding=\"async\" loading=\"lazy\" class=\"alignnone wp-image-16308 size-full\" src=\"https:\/\/www.vegaintro-projekti.com\/pilar-stari\/wp-content\/uploads\/2020\/06\/Povijest_hr_politicke_emigracije1.jpg\" alt=\"\" width=\"620\" height=\"877\" srcset=\"https:\/\/www.vegaintro-projekti.com\/pilar-stari\/wp-content\/uploads\/2020\/06\/Povijest_hr_politicke_emigracije1.jpg 620w, https:\/\/www.vegaintro-projekti.com\/pilar-stari\/wp-content\/uploads\/2020\/06\/Povijest_hr_politicke_emigracije1-212x300.jpg 212w\" sizes=\"(max-width: 620px) 100vw, 620px\" \/><\/a><\/p>\n<p>&#8211; <a href=\"https:\/\/www.vegaintro-projekti.com\/pilar-stari\/wp-content\/uploads\/2020\/06\/Povijest_hr_politicke_emigracije.pdf\">Pozivnica za predstavljanje zbornika &#8220;Povijest hrvatske politi\u010dke emigracije u 20. stolje\u0107u&#8221;; Vukovar, 23. lipnja 2020.<\/a><\/p>\n<blockquote><p><a href=\"https:\/\/www.vegaintro-projekti.com\/pilar-stari\/2018\/04\/podruni-centar-vukovar-2\/\">Podru\u010dni centar Vukovar<\/a><\/p><\/blockquote>\n","protected":false},"excerpt":{"rendered":"<p>Centar za istra\u017eivanje hrvatskog iseljeni\u0161tva, Franjeva\u010dki samostan Vukovar i Institut dru\u0161tvenih znanosti Ivo Pilar organizirali su predstavljanje zbornika POVIJEST HRVATSKE POLITI\u010cKE EMIGRACIJE U 20. STOLJE\u0106U koje se odr\u017ealo 23. lipnja 2020. u Pastoralnom centru sv. Bono Franjeva\u010dkog samostana u Vukovaru. \u2212 Pozivnica &#8211; Pozivnica za predstavljanje zbornika &#8220;Povijest hrvatske politi\u010dke emigracije u 20. stolje\u0107u&#8221;; Vukovar,&hellip; <a class=\"continue\" href=\"https:\/\/www.vegaintro-projekti.com\/pilar-stari\/2020\/06\/predstavljanje-zbornika-povijest-hrvatske-politicke-emigracije-u-20-stoljecu-23-6-2020\/\">Pro\u010ditaj vi\u0161e o<span> Predstavljanje zbornika Povijest hrvatske politi\u010dke emigracije u 20. stolje\u0107u, 23. 6. 2020.<\/span><\/a><\/p>\n","protected":false},"author":7,"featured_media":16306,"comment_status":"closed","ping_status":"closed","sticky":false,"template":"","format":"standard","meta":{"inline_featured_image":false,"ngg_post_thumbnail":0,"footnotes":""},"categories":[11],"tags":[],"yoast_head":"<!-- This site is optimized with the Yoast SEO plugin v21.2 - https:\/\/yoast.com\/wordpress\/plugins\/seo\/ -->\n<title>Predstavljanje zbornika Povijest hrvatske politi\u010dke emigracije u 20. stolje\u0107u, 23. 6. 2020. - Institut dru&scaron;tvenih znanosti Ivo Pilar<\/title>\n<meta name=\"robots\" content=\"noindex, follow, max-snippet:-1, max-image-preview:large, max-video-preview:-1\" \/>\n<meta property=\"og:locale\" content=\"hr_HR\" \/>\n<meta property=\"og:type\" content=\"article\" \/>\n<meta property=\"og:title\" content=\"Predstavljanje zbornika Povijest hrvatske politi\u010dke emigracije u 20. stolje\u0107u, 23. 6. 2020. - Institut dru&scaron;tvenih znanosti Ivo Pilar\" \/>\n<meta property=\"og:description\" content=\"Centar za istra\u017eivanje hrvatskog iseljeni\u0161tva, Franjeva\u010dki samostan Vukovar i Institut dru\u0161tvenih znanosti Ivo Pilar organizirali su predstavljanje zbornika POVIJEST HRVATSKE POLITI\u010cKE EMIGRACIJE U 20. STOLJE\u0106U koje se odr\u017ealo 23. lipnja 2020. u Pastoralnom centru sv. Bono Franjeva\u010dkog samostana u Vukovaru. \u2212 Pozivnica &#8211; Pozivnica za predstavljanje zbornika &#8220;Povijest hrvatske politi\u010dke emigracije u 20. stolje\u0107u&#8221;; Vukovar,&hellip; Pro\u010ditaj vi\u0161e o Predstavljanje zbornika Povijest hrvatske politi\u010dke emigracije u 20. stolje\u0107u, 23. 6. 2020.\" \/>\n<meta property=\"og:url\" content=\"https:\/\/www.vegaintro-projekti.com\/pilar-stari\/2020\/06\/predstavljanje-zbornika-povijest-hrvatske-politicke-emigracije-u-20-stoljecu-23-6-2020\/\" \/>\n<meta property=\"og:site_name\" content=\"Institut dru&scaron;tvenih znanosti Ivo Pilar\" \/>\n<meta property=\"article:published_time\" content=\"2020-06-18T12:27:26+00:00\" \/>\n<meta property=\"article:modified_time\" content=\"2020-07-15T08:20:57+00:00\" \/>\n<meta property=\"og:image\" content=\"https:\/\/www.vegaintro-projekti.com\/pilar-stari\/wp-content\/uploads\/2020\/06\/knjiga.jpg\" \/>\n\t<meta property=\"og:image:width\" content=\"1200\" \/>\n\t<meta property=\"og:image:height\" content=\"636\" \/>\n\t<meta property=\"og:image:type\" content=\"image\/jpeg\" \/>\n<meta name=\"author\" content=\"Boris\" \/>\n<meta name=\"twitter:card\" content=\"summary_large_image\" \/>\n<meta name=\"twitter:label1\" content=\"Napisao\/la\" \/>\n\t<meta name=\"twitter:data1\" content=\"Boris\" \/>\n<script type=\"application\/ld+json\" class=\"yoast-schema-graph\">{\"@context\":\"https:\/\/schema.org\",\"@graph\":[{\"@type\":\"WebPage\",\"@id\":\"https:\/\/www.vegaintro-projekti.com\/pilar-stari\/2020\/06\/predstavljanje-zbornika-povijest-hrvatske-politicke-emigracije-u-20-stoljecu-23-6-2020\/\",\"url\":\"https:\/\/www.vegaintro-projekti.com\/pilar-stari\/2020\/06\/predstavljanje-zbornika-povijest-hrvatske-politicke-emigracije-u-20-stoljecu-23-6-2020\/\",\"name\":\"Predstavljanje zbornika Povijest hrvatske politi\u010dke emigracije u 20. stolje\u0107u, 23. 6. 2020. - Institut dru&scaron;tvenih znanosti Ivo Pilar\",\"isPartOf\":{\"@id\":\"https:\/\/www.vegaintro-projekti.com\/pilar-stari\/#website\"},\"datePublished\":\"2020-06-18T12:27:26+00:00\",\"dateModified\":\"2020-07-15T08:20:57+00:00\",\"author\":{\"@id\":\"https:\/\/www.vegaintro-projekti.com\/pilar-stari\/#\/schema\/person\/ddd404c9f1e15e4ffef5986ac6a5d28b\"},\"breadcrumb\":{\"@id\":\"https:\/\/www.vegaintro-projekti.com\/pilar-stari\/2020\/06\/predstavljanje-zbornika-povijest-hrvatske-politicke-emigracije-u-20-stoljecu-23-6-2020\/#breadcrumb\"},\"inLanguage\":\"hr\",\"potentialAction\":[{\"@type\":\"ReadAction\",\"target\":[\"https:\/\/www.vegaintro-projekti.com\/pilar-stari\/2020\/06\/predstavljanje-zbornika-povijest-hrvatske-politicke-emigracije-u-20-stoljecu-23-6-2020\/\"]}]},{\"@type\":\"BreadcrumbList\",\"@id\":\"https:\/\/www.vegaintro-projekti.com\/pilar-stari\/2020\/06\/predstavljanje-zbornika-povijest-hrvatske-politicke-emigracije-u-20-stoljecu-23-6-2020\/#breadcrumb\",\"itemListElement\":[{\"@type\":\"ListItem\",\"position\":1,\"name\":\"Home\",\"item\":\"https:\/\/www.vegaintro-projekti.com\/pilar-stari\/\"},{\"@type\":\"ListItem\",\"position\":2,\"name\":\"Predstavljanje zbornika Povijest hrvatske politi\u010dke emigracije u 20. stolje\u0107u, 23. 6. 2020.\"}]},{\"@type\":\"WebSite\",\"@id\":\"https:\/\/www.vegaintro-projekti.com\/pilar-stari\/#website\",\"url\":\"https:\/\/www.vegaintro-projekti.com\/pilar-stari\/\",\"name\":\"Institut dru&scaron;tvenih znanosti Ivo Pilar\",\"description\":\"Pilar\",\"potentialAction\":[{\"@type\":\"SearchAction\",\"target\":{\"@type\":\"EntryPoint\",\"urlTemplate\":\"https:\/\/www.vegaintro-projekti.com\/pilar-stari\/?s={search_term_string}\"},\"query-input\":\"required name=search_term_string\"}],\"inLanguage\":\"hr\"},{\"@type\":\"Person\",\"@id\":\"https:\/\/www.vegaintro-projekti.com\/pilar-stari\/#\/schema\/person\/ddd404c9f1e15e4ffef5986ac6a5d28b\",\"name\":\"Boris\",\"image\":{\"@type\":\"ImageObject\",\"inLanguage\":\"hr\",\"@id\":\"https:\/\/www.vegaintro-projekti.com\/pilar-stari\/#\/schema\/person\/image\/\",\"url\":\"https:\/\/secure.gravatar.com\/avatar\/29557b161a6ce6ab86ac1503164f1e90?s=96&d=mm&r=g\",\"contentUrl\":\"https:\/\/secure.gravatar.com\/avatar\/29557b161a6ce6ab86ac1503164f1e90?s=96&d=mm&r=g\",\"caption\":\"Boris\"},\"url\":\"https:\/\/www.vegaintro-projekti.com\/pilar-stari\/author\/boris\/\"}]}<\/script>\n<!-- \/ Yoast SEO plugin. -->","yoast_head_json":{"title":"Predstavljanje zbornika Povijest hrvatske politi\u010dke emigracije u 20. stolje\u0107u, 23. 6. 2020. - Institut dru&scaron;tvenih znanosti Ivo Pilar","robots":{"index":"noindex","follow":"follow","max-snippet":"max-snippet:-1","max-image-preview":"max-image-preview:large","max-video-preview":"max-video-preview:-1"},"og_locale":"hr_HR","og_type":"article","og_title":"Predstavljanje zbornika Povijest hrvatske politi\u010dke emigracije u 20. stolje\u0107u, 23. 6. 2020. - Institut dru&scaron;tvenih znanosti Ivo Pilar","og_description":"Centar za istra\u017eivanje hrvatskog iseljeni\u0161tva, Franjeva\u010dki samostan Vukovar i Institut dru\u0161tvenih znanosti Ivo Pilar organizirali su predstavljanje zbornika POVIJEST HRVATSKE POLITI\u010cKE EMIGRACIJE U 20. STOLJE\u0106U koje se odr\u017ealo 23. lipnja 2020. u Pastoralnom centru sv. Bono Franjeva\u010dkog samostana u Vukovaru. \u2212 Pozivnica &#8211; Pozivnica za predstavljanje zbornika &#8220;Povijest hrvatske politi\u010dke emigracije u 20. stolje\u0107u&#8221;; Vukovar,&hellip; Pro\u010ditaj vi\u0161e o Predstavljanje zbornika Povijest hrvatske politi\u010dke emigracije u 20. stolje\u0107u, 23. 6. 2020.","og_url":"https:\/\/www.vegaintro-projekti.com\/pilar-stari\/2020\/06\/predstavljanje-zbornika-povijest-hrvatske-politicke-emigracije-u-20-stoljecu-23-6-2020\/","og_site_name":"Institut dru&scaron;tvenih znanosti Ivo Pilar","article_published_time":"2020-06-18T12:27:26+00:00","article_modified_time":"2020-07-15T08:20:57+00:00","og_image":[{"width":1200,"height":636,"url":"https:\/\/www.vegaintro-projekti.com\/pilar-stari\/wp-content\/uploads\/2020\/06\/knjiga.jpg","type":"image\/jpeg"}],"author":"Boris","twitter_card":"summary_large_image","twitter_misc":{"Napisao\/la":"Boris"},"schema":{"@context":"https:\/\/schema.org","@graph":[{"@type":"WebPage","@id":"https:\/\/www.vegaintro-projekti.com\/pilar-stari\/2020\/06\/predstavljanje-zbornika-povijest-hrvatske-politicke-emigracije-u-20-stoljecu-23-6-2020\/","url":"https:\/\/www.vegaintro-projekti.com\/pilar-stari\/2020\/06\/predstavljanje-zbornika-povijest-hrvatske-politicke-emigracije-u-20-stoljecu-23-6-2020\/","name":"Predstavljanje zbornika Povijest hrvatske politi\u010dke emigracije u 20. stolje\u0107u, 23. 6. 2020. - Institut dru&scaron;tvenih znanosti Ivo Pilar","isPartOf":{"@id":"https:\/\/www.vegaintro-projekti.com\/pilar-stari\/#website"},"datePublished":"2020-06-18T12:27:26+00:00","dateModified":"2020-07-15T08:20:57+00:00","author":{"@id":"https:\/\/www.vegaintro-projekti.com\/pilar-stari\/#\/schema\/person\/ddd404c9f1e15e4ffef5986ac6a5d28b"},"breadcrumb":{"@id":"https:\/\/www.vegaintro-projekti.com\/pilar-stari\/2020\/06\/predstavljanje-zbornika-povijest-hrvatske-politicke-emigracije-u-20-stoljecu-23-6-2020\/#breadcrumb"},"inLanguage":"hr","potentialAction":[{"@type":"ReadAction","target":["https:\/\/www.vegaintro-projekti.com\/pilar-stari\/2020\/06\/predstavljanje-zbornika-povijest-hrvatske-politicke-emigracije-u-20-stoljecu-23-6-2020\/"]}]},{"@type":"BreadcrumbList","@id":"https:\/\/www.vegaintro-projekti.com\/pilar-stari\/2020\/06\/predstavljanje-zbornika-povijest-hrvatske-politicke-emigracije-u-20-stoljecu-23-6-2020\/#breadcrumb","itemListElement":[{"@type":"ListItem","position":1,"name":"Home","item":"https:\/\/www.vegaintro-projekti.com\/pilar-stari\/"},{"@type":"ListItem","position":2,"name":"Predstavljanje zbornika Povijest hrvatske politi\u010dke emigracije u 20. stolje\u0107u, 23. 6. 2020."}]},{"@type":"WebSite","@id":"https:\/\/www.vegaintro-projekti.com\/pilar-stari\/#website","url":"https:\/\/www.vegaintro-projekti.com\/pilar-stari\/","name":"Institut dru&scaron;tvenih znanosti Ivo Pilar","description":"Pilar","potentialAction":[{"@type":"SearchAction","target":{"@type":"EntryPoint","urlTemplate":"https:\/\/www.vegaintro-projekti.com\/pilar-stari\/?s={search_term_string}"},"query-input":"required name=search_term_string"}],"inLanguage":"hr"},{"@type":"Person","@id":"https:\/\/www.vegaintro-projekti.com\/pilar-stari\/#\/schema\/person\/ddd404c9f1e15e4ffef5986ac6a5d28b","name":"Boris","image":{"@type":"ImageObject","inLanguage":"hr","@id":"https:\/\/www.vegaintro-projekti.com\/pilar-stari\/#\/schema\/person\/image\/","url":"https:\/\/secure.gravatar.com\/avatar\/29557b161a6ce6ab86ac1503164f1e90?s=96&d=mm&r=g","contentUrl":"https:\/\/secure.gravatar.com\/avatar\/29557b161a6ce6ab86ac1503164f1e90?s=96&d=mm&r=g","caption":"Boris"},"url":"https:\/\/www.vegaintro-projekti.com\/pilar-stari\/author\/boris\/"}]}},"_links":{"self":[{"href":"https:\/\/www.vegaintro-projekti.com\/pilar-stari\/wp-json\/wp\/v2\/posts\/16309"}],"collection":[{"href":"https:\/\/www.vegaintro-projekti.com\/pilar-stari\/wp-json\/wp\/v2\/posts"}],"about":[{"href":"https:\/\/www.vegaintro-projekti.com\/pilar-stari\/wp-json\/wp\/v2\/types\/post"}],"author":[{"embeddable":true,"href":"https:\/\/www.vegaintro-projekti.com\/pilar-stari\/wp-json\/wp\/v2\/users\/7"}],"replies":[{"embeddable":true,"href":"https:\/\/www.vegaintro-projekti.com\/pilar-stari\/wp-json\/wp\/v2\/comments?post=16309"}],"version-history":[{"count":3,"href":"https:\/\/www.vegaintro-projekti.com\/pilar-stari\/wp-json\/wp\/v2\/posts\/16309\/revisions"}],"predecessor-version":[{"id":16314,"href":"https:\/\/www.vegaintro-projekti.com\/pilar-stari\/wp-json\/wp\/v2\/posts\/16309\/revisions\/16314"}],"wp:featuredmedia":[{"embeddable":true,"href":"https:\/\/www.vegaintro-projekti.com\/pilar-stari\/wp-json\/wp\/v2\/media\/16306"}],"wp:attachment":[{"href":"https:\/\/www.vegaintro-projekti.com\/pilar-stari\/wp-json\/wp\/v2\/media?parent=16309"}],"wp:term":[{"taxonomy":"category","embeddable":true,"href":"https:\/\/www.vegaintro-projekti.com\/pilar-stari\/wp-json\/wp\/v2\/categories?post=16309"},{"taxonomy":"post_tag","embeddable":true,"href":"https:\/\/www.vegaintro-projekti.com\/pilar-stari\/wp-json\/wp\/v2\/tags?post=16309"}],"curies":[{"name":"wp","href":"https:\/\/api.w.org\/{rel}","templated":true}]}}