{"id":16613,"date":"2020-09-13T12:05:14","date_gmt":"2020-09-13T12:05:14","guid":{"rendered":"https:\/\/www.vegaintro-projekti.com\/pilar-stari\/?p=16613"},"modified":"2020-09-21T22:15:57","modified_gmt":"2020-09-21T22:15:57","slug":"dr-sc-zeljko-holjevac-i-dr-sc-danijel-vojak-na-otvaranju-romskog-memorijalnog-centra-u-usticama-2-8-2020","status":"publish","type":"post","link":"https:\/\/www.vegaintro-projekti.com\/pilar-stari\/2020\/09\/dr-sc-zeljko-holjevac-i-dr-sc-danijel-vojak-na-otvaranju-romskog-memorijalnog-centra-u-usticama-2-8-2020\/","title":{"rendered":"Dr. sc. \u017deljko Holjevac i dr. sc. Danijel Vojak na otvaranju Romskog memorijalnog centra u U\u0161ticama, 2. 8. 2020."},"content":{"rendered":"<p><strong>Ravnatelj Instituta Pilar dr. sc. \u017deljko Holjevac i dr. sc. Danijel Vojak sudjelovali su 2. kolovoza 2020. na obilje\u017eavanju me\u0111unarodnoga Dana sje\u0107anja na romske \u017ertve genocida u Drugom svjetskom ratu \u2013 Samudaripen u U\u0161ticama<\/strong><\/p>\n<p><a href=\"https:\/\/www.vegaintro-projekti.com\/pilar-stari\/wp-content\/uploads\/2020\/08\/IMG_3758.jpg\"><img decoding=\"async\" loading=\"lazy\" class=\"alignnone wp-image-16602 size-full\" src=\"https:\/\/www.vegaintro-projekti.com\/pilar-stari\/wp-content\/uploads\/2020\/08\/IMG_3758_s.jpg\" alt=\"\" width=\"310\" height=\"178\" srcset=\"https:\/\/www.vegaintro-projekti.com\/pilar-stari\/wp-content\/uploads\/2020\/08\/IMG_3758_s.jpg 310w, https:\/\/www.vegaintro-projekti.com\/pilar-stari\/wp-content\/uploads\/2020\/08\/IMG_3758_s-300x172.jpg 300w\" sizes=\"(max-width: 310px) 100vw, 310px\" \/><\/a><a href=\"https:\/\/www.vegaintro-projekti.com\/pilar-stari\/wp-content\/uploads\/2020\/08\/IMG_3764.jpg\"><img decoding=\"async\" loading=\"lazy\" class=\"alignnone wp-image-16606 size-full\" src=\"https:\/\/www.vegaintro-projekti.com\/pilar-stari\/wp-content\/uploads\/2020\/08\/IMG_3764_s.jpg\" alt=\"\" width=\"310\" height=\"178\" srcset=\"https:\/\/www.vegaintro-projekti.com\/pilar-stari\/wp-content\/uploads\/2020\/08\/IMG_3764_s.jpg 310w, https:\/\/www.vegaintro-projekti.com\/pilar-stari\/wp-content\/uploads\/2020\/08\/IMG_3764_s-300x172.jpg 300w\" sizes=\"(max-width: 310px) 100vw, 310px\" \/><\/a><a href=\"https:\/\/www.vegaintro-projekti.com\/pilar-stari\/wp-content\/uploads\/2020\/08\/IMG_3766.jpg\"><img decoding=\"async\" loading=\"lazy\" class=\"alignnone wp-image-16607 size-full\" src=\"https:\/\/www.vegaintro-projekti.com\/pilar-stari\/wp-content\/uploads\/2020\/08\/IMG_3766-_s.jpg\" alt=\"\" width=\"620\" height=\"320\" srcset=\"https:\/\/www.vegaintro-projekti.com\/pilar-stari\/wp-content\/uploads\/2020\/08\/IMG_3766-_s.jpg 620w, https:\/\/www.vegaintro-projekti.com\/pilar-stari\/wp-content\/uploads\/2020\/08\/IMG_3766-_s-300x155.jpg 300w\" sizes=\"(max-width: 620px) 100vw, 620px\" \/><\/a><\/p>\n<p><span style=\"font-size: 8pt;\"><strong>Obilje\u017eavanje me\u0111unarodnog Dana sje\u0107anja na romske \u017ertve genocida u Drugom svjetskom ratu; Samudaripen u U\u0161ticama, 2. kolovoza 2020.<\/strong><\/span><\/p>\n<p>Tom prigodom otvoren je Romski memorijalni centar u \u010dijim je prostorima otvorena izlo\u017eba \u201eU\u0161tica \u2013 strati\u0161te romskog naroda u Nezavisnoj Dr\u017eavi Hrvatskoj\u201c (autori dr. sc. Danijel Vojak, Institut Pilar i Sun\u010dica Nagradi\u0107 Habus, Savez Roma u Republici Hrvatskoj \u201cKALI SARA\u201d). Nakon toga su ravnatelj dr. sc. \u017deljko Holjevac i dr. sc. Danijel Vojak u ime Instituta Pilar polo\u017eili vijenac na spomen-plo\u010du na romskom groblju u U\u0161ticama.<\/p>\n<p><a href=\"https:\/\/www.vegaintro-projekti.com\/pilar-stari\/wp-content\/uploads\/2020\/08\/IMG_3761.jpg\"><img decoding=\"async\" loading=\"lazy\" class=\"alignnone wp-image-16604 size-full\" src=\"https:\/\/www.vegaintro-projekti.com\/pilar-stari\/wp-content\/uploads\/2020\/08\/IMG_3761_s.jpg\" alt=\"\" width=\"620\" height=\"684\" srcset=\"https:\/\/www.vegaintro-projekti.com\/pilar-stari\/wp-content\/uploads\/2020\/08\/IMG_3761_s.jpg 620w, https:\/\/www.vegaintro-projekti.com\/pilar-stari\/wp-content\/uploads\/2020\/08\/IMG_3761_s-272x300.jpg 272w\" sizes=\"(max-width: 620px) 100vw, 620px\" \/><\/a><a href=\"https:\/\/www.vegaintro-projekti.com\/pilar-stari\/wp-content\/uploads\/2020\/08\/IMG_3770.jpg\"><img decoding=\"async\" loading=\"lazy\" class=\"alignnone wp-image-16612 size-full\" src=\"https:\/\/www.vegaintro-projekti.com\/pilar-stari\/wp-content\/uploads\/2020\/08\/IMG_3770_s.jpg\" alt=\"\" width=\"310\" height=\"233\" srcset=\"https:\/\/www.vegaintro-projekti.com\/pilar-stari\/wp-content\/uploads\/2020\/08\/IMG_3770_s.jpg 310w, https:\/\/www.vegaintro-projekti.com\/pilar-stari\/wp-content\/uploads\/2020\/08\/IMG_3770_s-300x225.jpg 300w\" sizes=\"(max-width: 310px) 100vw, 310px\" \/><\/a><a href=\"https:\/\/www.vegaintro-projekti.com\/pilar-stari\/wp-content\/uploads\/2020\/08\/IMG_3768.jpg\"><img decoding=\"async\" loading=\"lazy\" class=\"alignnone wp-image-16610 size-full\" src=\"https:\/\/www.vegaintro-projekti.com\/pilar-stari\/wp-content\/uploads\/2020\/08\/IMG_3768_s.jpg\" alt=\"\" width=\"310\" height=\"233\" srcset=\"https:\/\/www.vegaintro-projekti.com\/pilar-stari\/wp-content\/uploads\/2020\/08\/IMG_3768_s.jpg 310w, https:\/\/www.vegaintro-projekti.com\/pilar-stari\/wp-content\/uploads\/2020\/08\/IMG_3768_s-300x225.jpg 300w\" sizes=\"(max-width: 310px) 100vw, 310px\" \/><\/a><\/p>\n<blockquote><p><a href=\"https:\/\/www.vegaintro-projekti.com\/pilar-stari\/2015\/02\/stradanje-roma-na-podrucju-nezavisne-drzave-hrvatske-za-vrijeme-drugog-svjetskog-rata\/\">Stradanje Roma na podru\u010dju NDH za vrijeme Drugog svjetskog rata<\/a><\/p><\/blockquote>\n","protected":false},"excerpt":{"rendered":"<p>Ravnatelj Instituta Pilar dr. sc. \u017deljko Holjevac i dr. sc. Danijel Vojak sudjelovali su 2. kolovoza 2020. na obilje\u017eavanju me\u0111unarodnoga Dana sje\u0107anja na romske \u017ertve genocida u Drugom svjetskom ratu \u2013 Samudaripen u U\u0161ticama Obilje\u017eavanje me\u0111unarodnog Dana sje\u0107anja na romske \u017ertve genocida u Drugom svjetskom ratu; Samudaripen u U\u0161ticama, 2. kolovoza 2020. Tom prigodom otvoren&hellip; <a class=\"continue\" href=\"https:\/\/www.vegaintro-projekti.com\/pilar-stari\/2020\/09\/dr-sc-zeljko-holjevac-i-dr-sc-danijel-vojak-na-otvaranju-romskog-memorijalnog-centra-u-usticama-2-8-2020\/\">Pro\u010ditaj vi\u0161e o<span> Dr. sc. \u017deljko Holjevac i dr. sc. Danijel Vojak na otvaranju Romskog memorijalnog centra u U\u0161ticama, 2. 8. 2020.<\/span><\/a><\/p>\n","protected":false},"author":7,"featured_media":16607,"comment_status":"closed","ping_status":"closed","sticky":false,"template":"","format":"standard","meta":{"inline_featured_image":false,"ngg_post_thumbnail":0,"footnotes":""},"categories":[48,11],"tags":[],"yoast_head":"<!-- This site is optimized with the Yoast SEO plugin v21.2 - https:\/\/yoast.com\/wordpress\/plugins\/seo\/ -->\n<title>Dr. sc. \u017deljko Holjevac i dr. sc. Danijel Vojak na otvaranju Romskog memorijalnog centra u U\u0161ticama, 2. 8. 2020. - Institut dru&scaron;tvenih znanosti Ivo Pilar<\/title>\n<meta name=\"robots\" content=\"noindex, follow, max-snippet:-1, max-image-preview:large, max-video-preview:-1\" \/>\n<meta property=\"og:locale\" content=\"hr_HR\" \/>\n<meta property=\"og:type\" content=\"article\" \/>\n<meta property=\"og:title\" content=\"Dr. sc. \u017deljko Holjevac i dr. sc. Danijel Vojak na otvaranju Romskog memorijalnog centra u U\u0161ticama, 2. 8. 2020. - Institut dru&scaron;tvenih znanosti Ivo Pilar\" \/>\n<meta property=\"og:description\" content=\"Ravnatelj Instituta Pilar dr. sc. \u017deljko Holjevac i dr. sc. Danijel Vojak sudjelovali su 2. kolovoza 2020. na obilje\u017eavanju me\u0111unarodnoga Dana sje\u0107anja na romske \u017ertve genocida u Drugom svjetskom ratu \u2013 Samudaripen u U\u0161ticama Obilje\u017eavanje me\u0111unarodnog Dana sje\u0107anja na romske \u017ertve genocida u Drugom svjetskom ratu; Samudaripen u U\u0161ticama, 2. kolovoza 2020. Tom prigodom otvoren&hellip; Pro\u010ditaj vi\u0161e o Dr. sc. \u017deljko Holjevac i dr. sc. Danijel Vojak na otvaranju Romskog memorijalnog centra u U\u0161ticama, 2. 8. 2020.\" \/>\n<meta property=\"og:url\" content=\"https:\/\/www.vegaintro-projekti.com\/pilar-stari\/2020\/09\/dr-sc-zeljko-holjevac-i-dr-sc-danijel-vojak-na-otvaranju-romskog-memorijalnog-centra-u-usticama-2-8-2020\/\" \/>\n<meta property=\"og:site_name\" content=\"Institut dru&scaron;tvenih znanosti Ivo Pilar\" \/>\n<meta property=\"article:published_time\" content=\"2020-09-13T12:05:14+00:00\" \/>\n<meta property=\"article:modified_time\" content=\"2020-09-21T22:15:57+00:00\" \/>\n<meta property=\"og:image\" content=\"https:\/\/www.vegaintro-projekti.com\/pilar-stari\/wp-content\/uploads\/2020\/08\/IMG_3766-_s.jpg\" \/>\n\t<meta property=\"og:image:width\" content=\"620\" \/>\n\t<meta property=\"og:image:height\" content=\"320\" \/>\n\t<meta property=\"og:image:type\" content=\"image\/jpeg\" \/>\n<meta name=\"author\" content=\"Boris\" \/>\n<meta name=\"twitter:card\" content=\"summary_large_image\" \/>\n<meta name=\"twitter:label1\" content=\"Napisao\/la\" \/>\n\t<meta name=\"twitter:data1\" content=\"Boris\" \/>\n\t<meta name=\"twitter:label2\" content=\"Procijenjeno vrijeme \u010ditanja\" \/>\n\t<meta name=\"twitter:data2\" content=\"1 minuta\" \/>\n<script type=\"application\/ld+json\" class=\"yoast-schema-graph\">{\"@context\":\"https:\/\/schema.org\",\"@graph\":[{\"@type\":\"WebPage\",\"@id\":\"https:\/\/www.vegaintro-projekti.com\/pilar-stari\/2020\/09\/dr-sc-zeljko-holjevac-i-dr-sc-danijel-vojak-na-otvaranju-romskog-memorijalnog-centra-u-usticama-2-8-2020\/\",\"url\":\"https:\/\/www.vegaintro-projekti.com\/pilar-stari\/2020\/09\/dr-sc-zeljko-holjevac-i-dr-sc-danijel-vojak-na-otvaranju-romskog-memorijalnog-centra-u-usticama-2-8-2020\/\",\"name\":\"Dr. sc. \u017deljko Holjevac i dr. sc. Danijel Vojak na otvaranju Romskog memorijalnog centra u U\u0161ticama, 2. 8. 2020. - Institut dru&scaron;tvenih znanosti Ivo Pilar\",\"isPartOf\":{\"@id\":\"https:\/\/www.vegaintro-projekti.com\/pilar-stari\/#website\"},\"datePublished\":\"2020-09-13T12:05:14+00:00\",\"dateModified\":\"2020-09-21T22:15:57+00:00\",\"author\":{\"@id\":\"https:\/\/www.vegaintro-projekti.com\/pilar-stari\/#\/schema\/person\/ddd404c9f1e15e4ffef5986ac6a5d28b\"},\"breadcrumb\":{\"@id\":\"https:\/\/www.vegaintro-projekti.com\/pilar-stari\/2020\/09\/dr-sc-zeljko-holjevac-i-dr-sc-danijel-vojak-na-otvaranju-romskog-memorijalnog-centra-u-usticama-2-8-2020\/#breadcrumb\"},\"inLanguage\":\"hr\",\"potentialAction\":[{\"@type\":\"ReadAction\",\"target\":[\"https:\/\/www.vegaintro-projekti.com\/pilar-stari\/2020\/09\/dr-sc-zeljko-holjevac-i-dr-sc-danijel-vojak-na-otvaranju-romskog-memorijalnog-centra-u-usticama-2-8-2020\/\"]}]},{\"@type\":\"BreadcrumbList\",\"@id\":\"https:\/\/www.vegaintro-projekti.com\/pilar-stari\/2020\/09\/dr-sc-zeljko-holjevac-i-dr-sc-danijel-vojak-na-otvaranju-romskog-memorijalnog-centra-u-usticama-2-8-2020\/#breadcrumb\",\"itemListElement\":[{\"@type\":\"ListItem\",\"position\":1,\"name\":\"Home\",\"item\":\"https:\/\/www.vegaintro-projekti.com\/pilar-stari\/\"},{\"@type\":\"ListItem\",\"position\":2,\"name\":\"Dr. sc. \u017deljko Holjevac i dr. sc. Danijel Vojak na otvaranju Romskog memorijalnog centra u U\u0161ticama, 2. 8. 2020.\"}]},{\"@type\":\"WebSite\",\"@id\":\"https:\/\/www.vegaintro-projekti.com\/pilar-stari\/#website\",\"url\":\"https:\/\/www.vegaintro-projekti.com\/pilar-stari\/\",\"name\":\"Institut dru&scaron;tvenih znanosti Ivo Pilar\",\"description\":\"Pilar\",\"potentialAction\":[{\"@type\":\"SearchAction\",\"target\":{\"@type\":\"EntryPoint\",\"urlTemplate\":\"https:\/\/www.vegaintro-projekti.com\/pilar-stari\/?s={search_term_string}\"},\"query-input\":\"required name=search_term_string\"}],\"inLanguage\":\"hr\"},{\"@type\":\"Person\",\"@id\":\"https:\/\/www.vegaintro-projekti.com\/pilar-stari\/#\/schema\/person\/ddd404c9f1e15e4ffef5986ac6a5d28b\",\"name\":\"Boris\",\"image\":{\"@type\":\"ImageObject\",\"inLanguage\":\"hr\",\"@id\":\"https:\/\/www.vegaintro-projekti.com\/pilar-stari\/#\/schema\/person\/image\/\",\"url\":\"https:\/\/secure.gravatar.com\/avatar\/29557b161a6ce6ab86ac1503164f1e90?s=96&d=mm&r=g\",\"contentUrl\":\"https:\/\/secure.gravatar.com\/avatar\/29557b161a6ce6ab86ac1503164f1e90?s=96&d=mm&r=g\",\"caption\":\"Boris\"},\"url\":\"https:\/\/www.vegaintro-projekti.com\/pilar-stari\/author\/boris\/\"}]}<\/script>\n<!-- \/ Yoast SEO plugin. -->","yoast_head_json":{"title":"Dr. sc. \u017deljko Holjevac i dr. sc. Danijel Vojak na otvaranju Romskog memorijalnog centra u U\u0161ticama, 2. 8. 2020. - Institut dru&scaron;tvenih znanosti Ivo Pilar","robots":{"index":"noindex","follow":"follow","max-snippet":"max-snippet:-1","max-image-preview":"max-image-preview:large","max-video-preview":"max-video-preview:-1"},"og_locale":"hr_HR","og_type":"article","og_title":"Dr. sc. \u017deljko Holjevac i dr. sc. Danijel Vojak na otvaranju Romskog memorijalnog centra u U\u0161ticama, 2. 8. 2020. - Institut dru&scaron;tvenih znanosti Ivo Pilar","og_description":"Ravnatelj Instituta Pilar dr. sc. \u017deljko Holjevac i dr. sc. Danijel Vojak sudjelovali su 2. kolovoza 2020. na obilje\u017eavanju me\u0111unarodnoga Dana sje\u0107anja na romske \u017ertve genocida u Drugom svjetskom ratu \u2013 Samudaripen u U\u0161ticama Obilje\u017eavanje me\u0111unarodnog Dana sje\u0107anja na romske \u017ertve genocida u Drugom svjetskom ratu; Samudaripen u U\u0161ticama, 2. kolovoza 2020. Tom prigodom otvoren&hellip; Pro\u010ditaj vi\u0161e o Dr. sc. \u017deljko Holjevac i dr. sc. Danijel Vojak na otvaranju Romskog memorijalnog centra u U\u0161ticama, 2. 8. 2020.","og_url":"https:\/\/www.vegaintro-projekti.com\/pilar-stari\/2020\/09\/dr-sc-zeljko-holjevac-i-dr-sc-danijel-vojak-na-otvaranju-romskog-memorijalnog-centra-u-usticama-2-8-2020\/","og_site_name":"Institut dru&scaron;tvenih znanosti Ivo Pilar","article_published_time":"2020-09-13T12:05:14+00:00","article_modified_time":"2020-09-21T22:15:57+00:00","og_image":[{"width":620,"height":320,"url":"https:\/\/www.vegaintro-projekti.com\/pilar-stari\/wp-content\/uploads\/2020\/08\/IMG_3766-_s.jpg","type":"image\/jpeg"}],"author":"Boris","twitter_card":"summary_large_image","twitter_misc":{"Napisao\/la":"Boris","Procijenjeno vrijeme \u010ditanja":"1 minuta"},"schema":{"@context":"https:\/\/schema.org","@graph":[{"@type":"WebPage","@id":"https:\/\/www.vegaintro-projekti.com\/pilar-stari\/2020\/09\/dr-sc-zeljko-holjevac-i-dr-sc-danijel-vojak-na-otvaranju-romskog-memorijalnog-centra-u-usticama-2-8-2020\/","url":"https:\/\/www.vegaintro-projekti.com\/pilar-stari\/2020\/09\/dr-sc-zeljko-holjevac-i-dr-sc-danijel-vojak-na-otvaranju-romskog-memorijalnog-centra-u-usticama-2-8-2020\/","name":"Dr. sc. \u017deljko Holjevac i dr. sc. Danijel Vojak na otvaranju Romskog memorijalnog centra u U\u0161ticama, 2. 8. 2020. - Institut dru&scaron;tvenih znanosti Ivo Pilar","isPartOf":{"@id":"https:\/\/www.vegaintro-projekti.com\/pilar-stari\/#website"},"datePublished":"2020-09-13T12:05:14+00:00","dateModified":"2020-09-21T22:15:57+00:00","author":{"@id":"https:\/\/www.vegaintro-projekti.com\/pilar-stari\/#\/schema\/person\/ddd404c9f1e15e4ffef5986ac6a5d28b"},"breadcrumb":{"@id":"https:\/\/www.vegaintro-projekti.com\/pilar-stari\/2020\/09\/dr-sc-zeljko-holjevac-i-dr-sc-danijel-vojak-na-otvaranju-romskog-memorijalnog-centra-u-usticama-2-8-2020\/#breadcrumb"},"inLanguage":"hr","potentialAction":[{"@type":"ReadAction","target":["https:\/\/www.vegaintro-projekti.com\/pilar-stari\/2020\/09\/dr-sc-zeljko-holjevac-i-dr-sc-danijel-vojak-na-otvaranju-romskog-memorijalnog-centra-u-usticama-2-8-2020\/"]}]},{"@type":"BreadcrumbList","@id":"https:\/\/www.vegaintro-projekti.com\/pilar-stari\/2020\/09\/dr-sc-zeljko-holjevac-i-dr-sc-danijel-vojak-na-otvaranju-romskog-memorijalnog-centra-u-usticama-2-8-2020\/#breadcrumb","itemListElement":[{"@type":"ListItem","position":1,"name":"Home","item":"https:\/\/www.vegaintro-projekti.com\/pilar-stari\/"},{"@type":"ListItem","position":2,"name":"Dr. sc. \u017deljko Holjevac i dr. sc. Danijel Vojak na otvaranju Romskog memorijalnog centra u U\u0161ticama, 2. 8. 2020."}]},{"@type":"WebSite","@id":"https:\/\/www.vegaintro-projekti.com\/pilar-stari\/#website","url":"https:\/\/www.vegaintro-projekti.com\/pilar-stari\/","name":"Institut dru&scaron;tvenih znanosti Ivo Pilar","description":"Pilar","potentialAction":[{"@type":"SearchAction","target":{"@type":"EntryPoint","urlTemplate":"https:\/\/www.vegaintro-projekti.com\/pilar-stari\/?s={search_term_string}"},"query-input":"required name=search_term_string"}],"inLanguage":"hr"},{"@type":"Person","@id":"https:\/\/www.vegaintro-projekti.com\/pilar-stari\/#\/schema\/person\/ddd404c9f1e15e4ffef5986ac6a5d28b","name":"Boris","image":{"@type":"ImageObject","inLanguage":"hr","@id":"https:\/\/www.vegaintro-projekti.com\/pilar-stari\/#\/schema\/person\/image\/","url":"https:\/\/secure.gravatar.com\/avatar\/29557b161a6ce6ab86ac1503164f1e90?s=96&d=mm&r=g","contentUrl":"https:\/\/secure.gravatar.com\/avatar\/29557b161a6ce6ab86ac1503164f1e90?s=96&d=mm&r=g","caption":"Boris"},"url":"https:\/\/www.vegaintro-projekti.com\/pilar-stari\/author\/boris\/"}]}},"_links":{"self":[{"href":"https:\/\/www.vegaintro-projekti.com\/pilar-stari\/wp-json\/wp\/v2\/posts\/16613"}],"collection":[{"href":"https:\/\/www.vegaintro-projekti.com\/pilar-stari\/wp-json\/wp\/v2\/posts"}],"about":[{"href":"https:\/\/www.vegaintro-projekti.com\/pilar-stari\/wp-json\/wp\/v2\/types\/post"}],"author":[{"embeddable":true,"href":"https:\/\/www.vegaintro-projekti.com\/pilar-stari\/wp-json\/wp\/v2\/users\/7"}],"replies":[{"embeddable":true,"href":"https:\/\/www.vegaintro-projekti.com\/pilar-stari\/wp-json\/wp\/v2\/comments?post=16613"}],"version-history":[{"count":8,"href":"https:\/\/www.vegaintro-projekti.com\/pilar-stari\/wp-json\/wp\/v2\/posts\/16613\/revisions"}],"predecessor-version":[{"id":16621,"href":"https:\/\/www.vegaintro-projekti.com\/pilar-stari\/wp-json\/wp\/v2\/posts\/16613\/revisions\/16621"}],"wp:featuredmedia":[{"embeddable":true,"href":"https:\/\/www.vegaintro-projekti.com\/pilar-stari\/wp-json\/wp\/v2\/media\/16607"}],"wp:attachment":[{"href":"https:\/\/www.vegaintro-projekti.com\/pilar-stari\/wp-json\/wp\/v2\/media?parent=16613"}],"wp:term":[{"taxonomy":"category","embeddable":true,"href":"https:\/\/www.vegaintro-projekti.com\/pilar-stari\/wp-json\/wp\/v2\/categories?post=16613"},{"taxonomy":"post_tag","embeddable":true,"href":"https:\/\/www.vegaintro-projekti.com\/pilar-stari\/wp-json\/wp\/v2\/tags?post=16613"}],"curies":[{"name":"wp","href":"https:\/\/api.w.org\/{rel}","templated":true}]}}