{"id":16721,"date":"2020-09-18T17:51:02","date_gmt":"2020-09-18T17:51:02","guid":{"rendered":"https:\/\/www.vegaintro-projekti.com\/pilar-stari\/?p=16721"},"modified":"2020-09-24T17:16:05","modified_gmt":"2020-09-24T17:16:05","slug":"predstavljanje-zbornika-franjevci-u-vukovaru-povijest-duhovnost-i-bastina-22-9-2020","status":"publish","type":"post","link":"https:\/\/www.vegaintro-projekti.com\/pilar-stari\/2020\/09\/predstavljanje-zbornika-franjevci-u-vukovaru-povijest-duhovnost-i-bastina-22-9-2020\/","title":{"rendered":"Predstavljanje zbornika FRANJEVCI U VUKOVARU. POVIJEST, DUHOVNOST I BA\u0160TINA, 22. 9. 2020."},"content":{"rendered":"<p><strong>Franjeva\u010dki samostan Vukovar, Podru\u010dni centar Instituta Pilar u Vukovaru, Gradski muzej Vukovar i Dr\u017eavni arhiv u Vukovaru organizirali su predstavljanje zbornika radova FRANJEVCI U VUKOVARU. POVIJEST, DUHOVNOST I BA\u0160TINA koje se odr\u017ealo 22. rujna 2020. u Pastoralnom centru sv. Bono Franjeva\u010dkog samostana Vukovar, Samostanka 5.<\/strong> \u2212 <a href=\"https:\/\/www.vegaintro-projekti.com\/pilar-stari\/wp-content\/uploads\/2020\/09\/Zbornik_Franjevci_Vu_pozivnica.pdf\">Pozivnica<\/a><\/p>\n<p><a href=\"https:\/\/www.vegaintro-projekti.com\/pilar-stari\/wp-content\/uploads\/2020\/09\/Zbornik_Franjevci_Vu_pozivnica.pdf\"><img decoding=\"async\" loading=\"lazy\" class=\"alignnone wp-image-16720 size-full\" src=\"https:\/\/www.vegaintro-projekti.com\/pilar-stari\/wp-content\/uploads\/2020\/09\/Zbornik_Franjevci_Vu_pozivnica1.jpg\" alt=\"\" width=\"620\" height=\"877\" srcset=\"https:\/\/www.vegaintro-projekti.com\/pilar-stari\/wp-content\/uploads\/2020\/09\/Zbornik_Franjevci_Vu_pozivnica1.jpg 620w, https:\/\/www.vegaintro-projekti.com\/pilar-stari\/wp-content\/uploads\/2020\/09\/Zbornik_Franjevci_Vu_pozivnica1-212x300.jpg 212w\" sizes=\"(max-width: 620px) 100vw, 620px\" \/><\/a><\/p>\n<p>&#8211; <a href=\"https:\/\/www.vegaintro-projekti.com\/pilar-stari\/wp-content\/uploads\/2020\/09\/Zbornik_Franjevci_Vu_pozivnica.pdf\">Pozivnica za predstavljanje zbornika FRANJEVCI U VUKOVARU. POVIJEST, DUHOVNOST I BA\u0160TINA; Vukovar, 22. rujna 2020.<\/a><\/p>\n<blockquote><p><a href=\"https:\/\/www.vegaintro-projekti.com\/pilar-stari\/2018\/04\/podruni-centar-vukovar-2\/\">Podru\u010dni centar Vukovar<\/a><\/p><\/blockquote>\n","protected":false},"excerpt":{"rendered":"<p>Franjeva\u010dki samostan Vukovar, Podru\u010dni centar Instituta Pilar u Vukovaru, Gradski muzej Vukovar i Dr\u017eavni arhiv u Vukovaru organizirali su predstavljanje zbornika radova FRANJEVCI U VUKOVARU. POVIJEST, DUHOVNOST I BA\u0160TINA koje se odr\u017ealo 22. rujna 2020. u Pastoralnom centru sv. Bono Franjeva\u010dkog samostana Vukovar, Samostanka 5. \u2212 Pozivnica &#8211; Pozivnica za predstavljanje zbornika FRANJEVCI U VUKOVARU.&hellip; <a class=\"continue\" href=\"https:\/\/www.vegaintro-projekti.com\/pilar-stari\/2020\/09\/predstavljanje-zbornika-franjevci-u-vukovaru-povijest-duhovnost-i-bastina-22-9-2020\/\">Pro\u010ditaj vi\u0161e o<span> Predstavljanje zbornika FRANJEVCI U VUKOVARU. POVIJEST, DUHOVNOST I BA\u0160TINA, 22. 9. 2020.<\/span><\/a><\/p>\n","protected":false},"author":7,"featured_media":16724,"comment_status":"closed","ping_status":"closed","sticky":false,"template":"","format":"standard","meta":{"inline_featured_image":false,"ngg_post_thumbnail":0,"footnotes":""},"categories":[48,11],"tags":[],"yoast_head":"<!-- This site is optimized with the Yoast SEO plugin v21.2 - https:\/\/yoast.com\/wordpress\/plugins\/seo\/ -->\n<title>Predstavljanje zbornika FRANJEVCI U VUKOVARU. POVIJEST, DUHOVNOST I BA\u0160TINA, 22. 9. 2020. - Institut dru&scaron;tvenih znanosti Ivo Pilar<\/title>\n<meta name=\"robots\" content=\"noindex, follow, max-snippet:-1, max-image-preview:large, max-video-preview:-1\" \/>\n<meta property=\"og:locale\" content=\"hr_HR\" \/>\n<meta property=\"og:type\" content=\"article\" \/>\n<meta property=\"og:title\" content=\"Predstavljanje zbornika FRANJEVCI U VUKOVARU. POVIJEST, DUHOVNOST I BA\u0160TINA, 22. 9. 2020. - Institut dru&scaron;tvenih znanosti Ivo Pilar\" \/>\n<meta property=\"og:description\" content=\"Franjeva\u010dki samostan Vukovar, Podru\u010dni centar Instituta Pilar u Vukovaru, Gradski muzej Vukovar i Dr\u017eavni arhiv u Vukovaru organizirali su predstavljanje zbornika radova FRANJEVCI U VUKOVARU. POVIJEST, DUHOVNOST I BA\u0160TINA koje se odr\u017ealo 22. rujna 2020. u Pastoralnom centru sv. Bono Franjeva\u010dkog samostana Vukovar, Samostanka 5. \u2212 Pozivnica &#8211; Pozivnica za predstavljanje zbornika FRANJEVCI U VUKOVARU.&hellip; Pro\u010ditaj vi\u0161e o Predstavljanje zbornika FRANJEVCI U VUKOVARU. POVIJEST, DUHOVNOST I BA\u0160TINA, 22. 9. 2020.\" \/>\n<meta property=\"og:url\" content=\"https:\/\/www.vegaintro-projekti.com\/pilar-stari\/2020\/09\/predstavljanje-zbornika-franjevci-u-vukovaru-povijest-duhovnost-i-bastina-22-9-2020\/\" \/>\n<meta property=\"og:site_name\" content=\"Institut dru&scaron;tvenih znanosti Ivo Pilar\" \/>\n<meta property=\"article:published_time\" content=\"2020-09-18T17:51:02+00:00\" \/>\n<meta property=\"article:modified_time\" content=\"2020-09-24T17:16:05+00:00\" \/>\n<meta property=\"og:image\" content=\"https:\/\/www.vegaintro-projekti.com\/pilar-stari\/wp-content\/uploads\/2020\/09\/Zbornik_Franjevci_Vu_fi3.jpg\" \/>\n\t<meta property=\"og:image:width\" content=\"823\" \/>\n\t<meta property=\"og:image:height\" content=\"376\" \/>\n\t<meta property=\"og:image:type\" content=\"image\/jpeg\" \/>\n<meta name=\"author\" content=\"Boris\" \/>\n<meta name=\"twitter:card\" content=\"summary_large_image\" \/>\n<meta name=\"twitter:label1\" content=\"Napisao\/la\" \/>\n\t<meta name=\"twitter:data1\" content=\"Boris\" \/>\n<script type=\"application\/ld+json\" class=\"yoast-schema-graph\">{\"@context\":\"https:\/\/schema.org\",\"@graph\":[{\"@type\":\"WebPage\",\"@id\":\"https:\/\/www.vegaintro-projekti.com\/pilar-stari\/2020\/09\/predstavljanje-zbornika-franjevci-u-vukovaru-povijest-duhovnost-i-bastina-22-9-2020\/\",\"url\":\"https:\/\/www.vegaintro-projekti.com\/pilar-stari\/2020\/09\/predstavljanje-zbornika-franjevci-u-vukovaru-povijest-duhovnost-i-bastina-22-9-2020\/\",\"name\":\"Predstavljanje zbornika FRANJEVCI U VUKOVARU. POVIJEST, DUHOVNOST I BA\u0160TINA, 22. 9. 2020. - Institut dru&scaron;tvenih znanosti Ivo Pilar\",\"isPartOf\":{\"@id\":\"https:\/\/www.vegaintro-projekti.com\/pilar-stari\/#website\"},\"datePublished\":\"2020-09-18T17:51:02+00:00\",\"dateModified\":\"2020-09-24T17:16:05+00:00\",\"author\":{\"@id\":\"https:\/\/www.vegaintro-projekti.com\/pilar-stari\/#\/schema\/person\/ddd404c9f1e15e4ffef5986ac6a5d28b\"},\"breadcrumb\":{\"@id\":\"https:\/\/www.vegaintro-projekti.com\/pilar-stari\/2020\/09\/predstavljanje-zbornika-franjevci-u-vukovaru-povijest-duhovnost-i-bastina-22-9-2020\/#breadcrumb\"},\"inLanguage\":\"hr\",\"potentialAction\":[{\"@type\":\"ReadAction\",\"target\":[\"https:\/\/www.vegaintro-projekti.com\/pilar-stari\/2020\/09\/predstavljanje-zbornika-franjevci-u-vukovaru-povijest-duhovnost-i-bastina-22-9-2020\/\"]}]},{\"@type\":\"BreadcrumbList\",\"@id\":\"https:\/\/www.vegaintro-projekti.com\/pilar-stari\/2020\/09\/predstavljanje-zbornika-franjevci-u-vukovaru-povijest-duhovnost-i-bastina-22-9-2020\/#breadcrumb\",\"itemListElement\":[{\"@type\":\"ListItem\",\"position\":1,\"name\":\"Home\",\"item\":\"https:\/\/www.vegaintro-projekti.com\/pilar-stari\/\"},{\"@type\":\"ListItem\",\"position\":2,\"name\":\"Predstavljanje zbornika FRANJEVCI U VUKOVARU. POVIJEST, DUHOVNOST I BA\u0160TINA, 22. 9. 2020.\"}]},{\"@type\":\"WebSite\",\"@id\":\"https:\/\/www.vegaintro-projekti.com\/pilar-stari\/#website\",\"url\":\"https:\/\/www.vegaintro-projekti.com\/pilar-stari\/\",\"name\":\"Institut dru&scaron;tvenih znanosti Ivo Pilar\",\"description\":\"Pilar\",\"potentialAction\":[{\"@type\":\"SearchAction\",\"target\":{\"@type\":\"EntryPoint\",\"urlTemplate\":\"https:\/\/www.vegaintro-projekti.com\/pilar-stari\/?s={search_term_string}\"},\"query-input\":\"required name=search_term_string\"}],\"inLanguage\":\"hr\"},{\"@type\":\"Person\",\"@id\":\"https:\/\/www.vegaintro-projekti.com\/pilar-stari\/#\/schema\/person\/ddd404c9f1e15e4ffef5986ac6a5d28b\",\"name\":\"Boris\",\"image\":{\"@type\":\"ImageObject\",\"inLanguage\":\"hr\",\"@id\":\"https:\/\/www.vegaintro-projekti.com\/pilar-stari\/#\/schema\/person\/image\/\",\"url\":\"https:\/\/secure.gravatar.com\/avatar\/29557b161a6ce6ab86ac1503164f1e90?s=96&d=mm&r=g\",\"contentUrl\":\"https:\/\/secure.gravatar.com\/avatar\/29557b161a6ce6ab86ac1503164f1e90?s=96&d=mm&r=g\",\"caption\":\"Boris\"},\"url\":\"https:\/\/www.vegaintro-projekti.com\/pilar-stari\/author\/boris\/\"}]}<\/script>\n<!-- \/ Yoast SEO plugin. -->","yoast_head_json":{"title":"Predstavljanje zbornika FRANJEVCI U VUKOVARU. POVIJEST, DUHOVNOST I BA\u0160TINA, 22. 9. 2020. - Institut dru&scaron;tvenih znanosti Ivo Pilar","robots":{"index":"noindex","follow":"follow","max-snippet":"max-snippet:-1","max-image-preview":"max-image-preview:large","max-video-preview":"max-video-preview:-1"},"og_locale":"hr_HR","og_type":"article","og_title":"Predstavljanje zbornika FRANJEVCI U VUKOVARU. POVIJEST, DUHOVNOST I BA\u0160TINA, 22. 9. 2020. - Institut dru&scaron;tvenih znanosti Ivo Pilar","og_description":"Franjeva\u010dki samostan Vukovar, Podru\u010dni centar Instituta Pilar u Vukovaru, Gradski muzej Vukovar i Dr\u017eavni arhiv u Vukovaru organizirali su predstavljanje zbornika radova FRANJEVCI U VUKOVARU. POVIJEST, DUHOVNOST I BA\u0160TINA koje se odr\u017ealo 22. rujna 2020. u Pastoralnom centru sv. Bono Franjeva\u010dkog samostana Vukovar, Samostanka 5. \u2212 Pozivnica &#8211; Pozivnica za predstavljanje zbornika FRANJEVCI U VUKOVARU.&hellip; Pro\u010ditaj vi\u0161e o Predstavljanje zbornika FRANJEVCI U VUKOVARU. POVIJEST, DUHOVNOST I BA\u0160TINA, 22. 9. 2020.","og_url":"https:\/\/www.vegaintro-projekti.com\/pilar-stari\/2020\/09\/predstavljanje-zbornika-franjevci-u-vukovaru-povijest-duhovnost-i-bastina-22-9-2020\/","og_site_name":"Institut dru&scaron;tvenih znanosti Ivo Pilar","article_published_time":"2020-09-18T17:51:02+00:00","article_modified_time":"2020-09-24T17:16:05+00:00","og_image":[{"width":823,"height":376,"url":"https:\/\/www.vegaintro-projekti.com\/pilar-stari\/wp-content\/uploads\/2020\/09\/Zbornik_Franjevci_Vu_fi3.jpg","type":"image\/jpeg"}],"author":"Boris","twitter_card":"summary_large_image","twitter_misc":{"Napisao\/la":"Boris"},"schema":{"@context":"https:\/\/schema.org","@graph":[{"@type":"WebPage","@id":"https:\/\/www.vegaintro-projekti.com\/pilar-stari\/2020\/09\/predstavljanje-zbornika-franjevci-u-vukovaru-povijest-duhovnost-i-bastina-22-9-2020\/","url":"https:\/\/www.vegaintro-projekti.com\/pilar-stari\/2020\/09\/predstavljanje-zbornika-franjevci-u-vukovaru-povijest-duhovnost-i-bastina-22-9-2020\/","name":"Predstavljanje zbornika FRANJEVCI U VUKOVARU. POVIJEST, DUHOVNOST I BA\u0160TINA, 22. 9. 2020. - Institut dru&scaron;tvenih znanosti Ivo Pilar","isPartOf":{"@id":"https:\/\/www.vegaintro-projekti.com\/pilar-stari\/#website"},"datePublished":"2020-09-18T17:51:02+00:00","dateModified":"2020-09-24T17:16:05+00:00","author":{"@id":"https:\/\/www.vegaintro-projekti.com\/pilar-stari\/#\/schema\/person\/ddd404c9f1e15e4ffef5986ac6a5d28b"},"breadcrumb":{"@id":"https:\/\/www.vegaintro-projekti.com\/pilar-stari\/2020\/09\/predstavljanje-zbornika-franjevci-u-vukovaru-povijest-duhovnost-i-bastina-22-9-2020\/#breadcrumb"},"inLanguage":"hr","potentialAction":[{"@type":"ReadAction","target":["https:\/\/www.vegaintro-projekti.com\/pilar-stari\/2020\/09\/predstavljanje-zbornika-franjevci-u-vukovaru-povijest-duhovnost-i-bastina-22-9-2020\/"]}]},{"@type":"BreadcrumbList","@id":"https:\/\/www.vegaintro-projekti.com\/pilar-stari\/2020\/09\/predstavljanje-zbornika-franjevci-u-vukovaru-povijest-duhovnost-i-bastina-22-9-2020\/#breadcrumb","itemListElement":[{"@type":"ListItem","position":1,"name":"Home","item":"https:\/\/www.vegaintro-projekti.com\/pilar-stari\/"},{"@type":"ListItem","position":2,"name":"Predstavljanje zbornika FRANJEVCI U VUKOVARU. POVIJEST, DUHOVNOST I BA\u0160TINA, 22. 9. 2020."}]},{"@type":"WebSite","@id":"https:\/\/www.vegaintro-projekti.com\/pilar-stari\/#website","url":"https:\/\/www.vegaintro-projekti.com\/pilar-stari\/","name":"Institut dru&scaron;tvenih znanosti Ivo Pilar","description":"Pilar","potentialAction":[{"@type":"SearchAction","target":{"@type":"EntryPoint","urlTemplate":"https:\/\/www.vegaintro-projekti.com\/pilar-stari\/?s={search_term_string}"},"query-input":"required name=search_term_string"}],"inLanguage":"hr"},{"@type":"Person","@id":"https:\/\/www.vegaintro-projekti.com\/pilar-stari\/#\/schema\/person\/ddd404c9f1e15e4ffef5986ac6a5d28b","name":"Boris","image":{"@type":"ImageObject","inLanguage":"hr","@id":"https:\/\/www.vegaintro-projekti.com\/pilar-stari\/#\/schema\/person\/image\/","url":"https:\/\/secure.gravatar.com\/avatar\/29557b161a6ce6ab86ac1503164f1e90?s=96&d=mm&r=g","contentUrl":"https:\/\/secure.gravatar.com\/avatar\/29557b161a6ce6ab86ac1503164f1e90?s=96&d=mm&r=g","caption":"Boris"},"url":"https:\/\/www.vegaintro-projekti.com\/pilar-stari\/author\/boris\/"}]}},"_links":{"self":[{"href":"https:\/\/www.vegaintro-projekti.com\/pilar-stari\/wp-json\/wp\/v2\/posts\/16721"}],"collection":[{"href":"https:\/\/www.vegaintro-projekti.com\/pilar-stari\/wp-json\/wp\/v2\/posts"}],"about":[{"href":"https:\/\/www.vegaintro-projekti.com\/pilar-stari\/wp-json\/wp\/v2\/types\/post"}],"author":[{"embeddable":true,"href":"https:\/\/www.vegaintro-projekti.com\/pilar-stari\/wp-json\/wp\/v2\/users\/7"}],"replies":[{"embeddable":true,"href":"https:\/\/www.vegaintro-projekti.com\/pilar-stari\/wp-json\/wp\/v2\/comments?post=16721"}],"version-history":[{"count":3,"href":"https:\/\/www.vegaintro-projekti.com\/pilar-stari\/wp-json\/wp\/v2\/posts\/16721\/revisions"}],"predecessor-version":[{"id":16810,"href":"https:\/\/www.vegaintro-projekti.com\/pilar-stari\/wp-json\/wp\/v2\/posts\/16721\/revisions\/16810"}],"wp:featuredmedia":[{"embeddable":true,"href":"https:\/\/www.vegaintro-projekti.com\/pilar-stari\/wp-json\/wp\/v2\/media\/16724"}],"wp:attachment":[{"href":"https:\/\/www.vegaintro-projekti.com\/pilar-stari\/wp-json\/wp\/v2\/media?parent=16721"}],"wp:term":[{"taxonomy":"category","embeddable":true,"href":"https:\/\/www.vegaintro-projekti.com\/pilar-stari\/wp-json\/wp\/v2\/categories?post=16721"},{"taxonomy":"post_tag","embeddable":true,"href":"https:\/\/www.vegaintro-projekti.com\/pilar-stari\/wp-json\/wp\/v2\/tags?post=16721"}],"curies":[{"name":"wp","href":"https:\/\/api.w.org\/{rel}","templated":true}]}}