{"id":168,"date":"2008-11-09T14:44:35","date_gmt":"2008-11-09T14:44:35","guid":{"rendered":"https:\/\/www.vegaintro-projekti.com\/pilar-stari\/2008\/11\/09\/vukovar-91-sedamnaest-godina-poslije\/"},"modified":"2008-11-09T14:44:35","modified_gmt":"2008-11-09T14:44:35","slug":"vukovar-91-sedamnaest-godina-poslije","status":"publish","type":"post","link":"https:\/\/www.vegaintro-projekti.com\/pilar-stari\/2008\/11\/vukovar-91-sedamnaest-godina-poslije\/","title":{"rendered":"Vukovar &#8217;91 \u2013 sedamnaest godina poslije"},"content":{"rendered":"<p><img decoding=\"async\" src=\"https:\/\/www.vegaintro-projekti.com\/pilar-stari\/wp-content\/images\/stories\/fotografije\/new picture 1.png\" title=\"Vokovar-08\" style=\"float: right;\" \/>\u00a0<\/p>\n<p><strong>11. znanstveno-stru\u010dni skup <br \/>VUKOVAR \u201891. &#8211; SEDAMNAEST GODINA POSLIJE<\/strong><strong><br \/><\/strong><br \/><strong>Mirna reintegracija hrvatskoga Podunavlja: o\u010dekivanja, u\u010dinci, perspektive (1996.-1998.-2008.<br \/><\/strong><\/p>\n<p>Vukovar,\u00a0Kongresna dvorana Ru\u017ei\u010dkine ku\u0107e (Strossmayerova 25), 13. i 14. studenogi 2008.<\/p>\n<p><strong>ORGANIZATOR<\/strong><\/p>\n<p>Institut dru\u0161tvenih znanosti Ivo Pilar, Zagreb <br \/>Institut dru\u0161tvenih znanosti Ivo Pilar &#8211; podru\u010dni centar Vukovar, Vukovar<\/p>\n<p><strong>Programsko-organizacijski odbor<\/strong><\/p>\n<p>Kre\u0161imir Bu\u0161i\u0107, Sandra Cviki\u0107, Ljiljana Dobrov\u0161ak, Bruna Esih, Marijan Juki\u0107, Antonija Kukuljica, Vi\u0161nja Mi\u0161in, Kre\u0161imir Pera\u010dkovi\u0107, Sanja \u0160poljar Vr\u017eina, Ivo Turk, Mateo \u017dani\u0107, Ivana \u017debec, Dra\u017een \u017divi\u0107 (predsjednik)<\/p>\n<p>\u00a0<\/p>\n<p><strong>Pokroviteljstvo<br \/><\/strong>predsjednik Hrvatskoga sabora g. Luka Bebi\u0107<\/p>\n<p><strong>PROGRAM SKUPA<br \/><\/strong><\/p>\n<p><span style=\"text-decoration: underline;\">13. studenoga 2008.<\/span><\/p>\n<p>9,00 Rije\u010di dobrodo\u0161lice i pozdravi<\/p>\n<p>9,45 Otvaranje skupa<\/p>\n<p>10,00 Film o mirnoj reintegraciji (autorica Vi\u0161nja Mi\u0161in)<\/p>\n<p><strong>I. sjednica <\/strong><\/p>\n<p>(moderatori: Dra\u017een \u017divi\u0107 i Sandra Cviki\u0107)<\/p>\n<p>UVODNA PREDAVANJA<\/p>\n<p>10,15<\/p>\n<p>Jacques Paul Klein: Dynamics of the Security Council\u2019s decision to establish the Mission, the creation of the force structure, and the strategy for reintegration<\/p>\n<p>10,45<\/p>\n<p>Vladimir \u0160eks: Mirna reintegracija i izbori u hrvatskome Podunavlju<\/p>\n<p>11,15 &#8211; 11,45<\/p>\n<p>Predah uz osvje\u017eenje<\/p>\n<p>\u00a0<\/p>\n<p><strong>II. sjednica<\/strong><\/p>\n<p>SVJEDO\u010cANSTVA SUDIONIKA PROCESA REINTEGRACIJE<\/p>\n<p>11,45 &#8211; 12,00<\/p>\n<p>Slavko Bari\u0107: Demilitarizacija kao bitan preduvjet mirne reintegracije<\/p>\n<p>12,00 &#8211; 12,15<\/p>\n<p>Vesna \u0160kare O\u017ebolt: Mirna reintegracija &#8211; nemogu\u0107a misija?<\/p>\n<p>12,15 &#8211; 12,30<\/p>\n<p>Jo\u0161ko Mori\u0107: Mirna reintegracija &#8211; \u010dudnovati projekt<\/p>\n<p>12,30 &#8211; 12,45<\/p>\n<p>Ljilja Voki\u0107: Mirna reintegracija \u0161kolstva u sustav obrazovanja Republike Hrvatske<\/p>\n<p>12,45 &#8211; 13,00<\/p>\n<p>Vesna Bosanac, \u0160tefan Biro, Binazija Kolesar: Uloga zdravstvenog sustava u mirnoj reintegraciji hrvatskoga Podunavlja<\/p>\n<p>13,00 &#8211; 13,15<\/p>\n<p>Ivica Klem: Povratak u srijemski trokut<\/p>\n<p>13,15 &#8211; 13,45<\/p>\n<p>Rasprava<\/p>\n<p>13,45 &#8211; 14,45<\/p>\n<p>Stanka za ru\u010dak<\/p>\n<p>\u00a0<\/p>\n<p><strong>III. sjednica<\/strong><\/p>\n<p>(moderatori: Ivana \u017debec i Ljiljana Dobrov\u0161ak)<\/p>\n<p>ZNANSTVENI POGLEDI NA PROCES REINTEGRACIJE<\/p>\n<p>15,00 &#8211; 15,15<\/p>\n<p>Ivan Rogi\u0107, Vlado \u0160aki\u0107: Stavovi stanovni\u0161tva Vukovarsko-srijemske \u017eupanije prema mirnoj reintegraciji hrvatskoga Podunavlja<\/p>\n<p>15,15 &#8211; 15,30<\/p>\n<p>Albert Bing: Me\u0111unarodna zajednica i reintegracija hrvatskoga Podunavlja: realpolitika i multietni\u010dki odnosi<\/p>\n<p>15,30 &#8211; 15,45<\/p>\n<p>Sanja \u0160poljar Vr\u017eina: Mirna reintegracija, nemoralna \u201epravda\u201c, nemirna me\u0111unarodna savjest &#8211; prilog <br \/>antropologiji Vukovara<\/p>\n<p>15,45 &#8211; 16,00<\/p>\n<p>Radovan Pavi\u0107: Hrvatsko-srbijanska granica u hrvatskom Podunavlju<\/p>\n<p>16,00 &#8211; 16,15<\/p>\n<p>Marinko Lozan\u010di\u0107: Proces reintegracije hrvatskoga Podunavlja u kontekstu geostrategijskog aspekta velikosrpske agresije<\/p>\n<p>16,15 &#8211; 16,30<\/p>\n<p>Predah uz osvje\u017eenje<\/p>\n<p>16,30 &#8211; 16,45<\/p>\n<p>Vi\u0161nja Mi\u0161in: Konvalidacija kao bumerang<\/p>\n<p>16,45 &#8211; 17,00<\/p>\n<p>Dra\u017een \u017divi\u0107; Ivana \u017debec: Dinami\u010dke i strukturne demografske promjene u hrvatskom Podunavlju <br \/>izme\u0111u 1991. i 2001. godine<\/p>\n<p>17,00 &#8211; 17,15<\/p>\n<p>Ivo Turk; Marijan Juki\u0107: Promjene u udjelima Hrvata i Srba u etni\u010dkom sastavu stanovni\u0161tva hrvatskoga <br \/>Podunavlja kao posljedica Domovinskog rata i mirne reintegracije (1991.-2001.)<\/p>\n<p>17,15 &#8211; 17,30<\/p>\n<p>Ljiljana Dobrov\u0161ak: Nacionalne manjine u Vukovarskosrijemskoj \u017eupaniji u popisima 1991. i 2001. godine<\/p>\n<p>17,30 &#8211; 18,30<\/p>\n<p>Rasprava<\/p>\n<p>\u00a0<\/p>\n<p><span style=\"text-decoration: underline;\">14. studenoga 2008.<\/span><\/p>\n<p>\u00a0<\/p>\n<p><strong>III. sjednica &#8211; nastavak <br \/><\/strong>(moderatori: Bruna Esih i Kre\u0161imir Pera\u010dkovi\u0107)<\/p>\n<p>9,00 &#8211; 9,15<br \/>Mateo \u017dani\u0107: Mirna reintegracija u vukovarskom tisku<\/p>\n<p>9,15 &#8211; 9,30<\/p>\n<p>Kre\u0161imir Bu\u0161i\u0107: Je li (mirna) reintegracija uspje\u0161an projekt na primjeru doma\u0107eg i inozemnog tiska?<\/p>\n<p>9,30 &#8211; 9,45<\/p>\n<p>Renato Mati\u0107: Funkcionalna razina povjerenja<\/p>\n<p>9,45 &#8211; 10,00<\/p>\n<p>Ljiljana Gehrecke: Tolerancija kao temelj obnove poslijeratne zajednice<\/p>\n<p>10,00 &#8211; 10,15<\/p>\n<p>Sandra Cviki\u0107: Sociolo\u0161ki pristup u kriti\u010dkom preispitivanju dru\u0161tvenih posljedica \u201emirne reintegracije\u201c u Vukovaru<\/p>\n<p>10,15 &#8211; 10,45<\/p>\n<p>Predah uz osvje\u017eenje<\/p>\n<p>\u00a0<\/p>\n<p><strong>IV. sjednica<\/strong><\/p>\n<p>(moderatori: Renato Mati\u0107 i Mateo \u017dani\u0107)<\/p>\n<p>DUHOVNO-KULTURNA DIMENZIJA PROCESA REINTEGRACIJE<\/p>\n<p>10,45 &#8211; 11,00<\/p>\n<p>Zvonimir \u0160eparovi\u0107: Vukovarska \u017ertva u kontekstu (mirne) reintegracije<\/p>\n<p>11,00 &#8211; 11,15<\/p>\n<p>Antonija Kukuljica: Kultura i pred\u0161kolski odgoj u Vukovaru &#8211; proces mirne reintegracije<\/p>\n<p>11,15 &#8211; 11,30<\/p>\n<p>Ivanka Mili\u010di\u0107; Karolina Majsec: Reintegracija osnovnoga \u0161kolstva u Vukovaru &#8211; u svjetlu nekih <br \/>statisti\u010dkih podataka<\/p>\n<p>11,30 &#8211; 11,45<\/p>\n<p>Fra Ante Perkovi\u0107 : Duhovno-pastoralni pogled na mirnu reintegraciju hrvatskoga Podunavlja<\/p>\n<p>11,45 &#8211; 12,00<\/p>\n<p>Ankica Mlinari\u0107 Vukovar: ju\u010der, danas, sutra &#8211; osobno i profesionalno iskustvo te vizija budu\u0107nosti<\/p>\n<p>12,00 &#8211; 13,00 Zavr\u0161na rasprava<\/p>\n<p>13,00 Zatvaranje skupa<\/p>\n<p>13,30 &#8211; 15,30 Odavanje po\u010dasti i polaganje vijenaca: Masovna grobnica na Ov\u010dari, Memorijalno groblje \u017ertava iz Domovinskog rata<\/p>\n","protected":false},"excerpt":{"rendered":"<p>\u00a0 11. znanstveno-stru\u010dni skup VUKOVAR \u201891. &#8211; SEDAMNAEST GODINA POSLIJEMirna reintegracija hrvatskoga Podunavlja: o\u010dekivanja, u\u010dinci, perspektive (1996.-1998.-2008. Vukovar,\u00a0Kongresna dvorana Ru\u017ei\u010dkine ku\u0107e (Strossmayerova 25), 13. i 14. studenogi 2008. ORGANIZATOR Institut dru\u0161tvenih znanosti Ivo Pilar, Zagreb Institut dru\u0161tvenih znanosti Ivo Pilar &#8211; podru\u010dni centar Vukovar, Vukovar Programsko-organizacijski odbor Kre\u0161imir Bu\u0161i\u0107, Sandra Cviki\u0107, Ljiljana Dobrov\u0161ak, Bruna Esih,&hellip; <a class=\"continue\" href=\"https:\/\/www.vegaintro-projekti.com\/pilar-stari\/2008\/11\/vukovar-91-sedamnaest-godina-poslije\/\">Pro\u010ditaj vi\u0161e o<span> Vukovar &#8217;91 \u2013 sedamnaest godina poslije<\/span><\/a><\/p>\n","protected":false},"author":1,"featured_media":0,"comment_status":"open","ping_status":"open","sticky":false,"template":"","format":"standard","meta":{"inline_featured_image":false,"ngg_post_thumbnail":0,"footnotes":""},"categories":[11],"tags":[],"yoast_head":"<!-- This site is optimized with the Yoast SEO plugin v21.2 - https:\/\/yoast.com\/wordpress\/plugins\/seo\/ -->\n<title>Vukovar &#039;91 \u2013 sedamnaest godina poslije - Institut dru&scaron;tvenih znanosti Ivo Pilar<\/title>\n<meta name=\"robots\" content=\"noindex, follow, max-snippet:-1, max-image-preview:large, max-video-preview:-1\" \/>\n<meta property=\"og:locale\" content=\"hr_HR\" \/>\n<meta property=\"og:type\" content=\"article\" \/>\n<meta property=\"og:title\" content=\"Vukovar &#039;91 \u2013 sedamnaest godina poslije - Institut dru&scaron;tvenih znanosti Ivo Pilar\" \/>\n<meta property=\"og:description\" content=\"\u00a0 11. znanstveno-stru\u010dni skup VUKOVAR \u201891. &#8211; SEDAMNAEST GODINA POSLIJEMirna reintegracija hrvatskoga Podunavlja: o\u010dekivanja, u\u010dinci, perspektive (1996.-1998.-2008. Vukovar,\u00a0Kongresna dvorana Ru\u017ei\u010dkine ku\u0107e (Strossmayerova 25), 13. i 14. studenogi 2008. ORGANIZATOR Institut dru\u0161tvenih znanosti Ivo Pilar, Zagreb Institut dru\u0161tvenih znanosti Ivo Pilar &#8211; podru\u010dni centar Vukovar, Vukovar Programsko-organizacijski odbor Kre\u0161imir Bu\u0161i\u0107, Sandra Cviki\u0107, Ljiljana Dobrov\u0161ak, Bruna Esih,&hellip; Pro\u010ditaj vi\u0161e o Vukovar &#8217;91 \u2013 sedamnaest godina poslije\" \/>\n<meta property=\"og:url\" content=\"https:\/\/www.vegaintro-projekti.com\/pilar-stari\/2008\/11\/vukovar-91-sedamnaest-godina-poslije\/\" \/>\n<meta property=\"og:site_name\" content=\"Institut dru&scaron;tvenih znanosti Ivo Pilar\" \/>\n<meta property=\"article:published_time\" content=\"2008-11-09T14:44:35+00:00\" \/>\n<meta name=\"author\" content=\"pilar-admin\" \/>\n<meta name=\"twitter:card\" content=\"summary_large_image\" \/>\n<meta name=\"twitter:label1\" content=\"Napisao\/la\" \/>\n\t<meta name=\"twitter:data1\" content=\"pilar-admin\" \/>\n\t<meta name=\"twitter:label2\" content=\"Procijenjeno vrijeme \u010ditanja\" \/>\n\t<meta name=\"twitter:data2\" content=\"3 minute\" \/>\n<script type=\"application\/ld+json\" class=\"yoast-schema-graph\">{\"@context\":\"https:\/\/schema.org\",\"@graph\":[{\"@type\":\"WebPage\",\"@id\":\"https:\/\/www.vegaintro-projekti.com\/pilar-stari\/2008\/11\/vukovar-91-sedamnaest-godina-poslije\/\",\"url\":\"https:\/\/www.vegaintro-projekti.com\/pilar-stari\/2008\/11\/vukovar-91-sedamnaest-godina-poslije\/\",\"name\":\"Vukovar '91 \u2013 sedamnaest godina poslije - Institut dru&scaron;tvenih znanosti Ivo Pilar\",\"isPartOf\":{\"@id\":\"https:\/\/www.vegaintro-projekti.com\/pilar-stari\/#website\"},\"datePublished\":\"2008-11-09T14:44:35+00:00\",\"dateModified\":\"2008-11-09T14:44:35+00:00\",\"author\":{\"@id\":\"https:\/\/www.vegaintro-projekti.com\/pilar-stari\/#\/schema\/person\/c0db50ebd77c4409e19b18044bbf10c1\"},\"breadcrumb\":{\"@id\":\"https:\/\/www.vegaintro-projekti.com\/pilar-stari\/2008\/11\/vukovar-91-sedamnaest-godina-poslije\/#breadcrumb\"},\"inLanguage\":\"hr\",\"potentialAction\":[{\"@type\":\"ReadAction\",\"target\":[\"https:\/\/www.vegaintro-projekti.com\/pilar-stari\/2008\/11\/vukovar-91-sedamnaest-godina-poslije\/\"]}]},{\"@type\":\"BreadcrumbList\",\"@id\":\"https:\/\/www.vegaintro-projekti.com\/pilar-stari\/2008\/11\/vukovar-91-sedamnaest-godina-poslije\/#breadcrumb\",\"itemListElement\":[{\"@type\":\"ListItem\",\"position\":1,\"name\":\"Home\",\"item\":\"https:\/\/www.vegaintro-projekti.com\/pilar-stari\/\"},{\"@type\":\"ListItem\",\"position\":2,\"name\":\"Vukovar &#8217;91 \u2013 sedamnaest godina poslije\"}]},{\"@type\":\"WebSite\",\"@id\":\"https:\/\/www.vegaintro-projekti.com\/pilar-stari\/#website\",\"url\":\"https:\/\/www.vegaintro-projekti.com\/pilar-stari\/\",\"name\":\"Institut dru&scaron;tvenih znanosti Ivo Pilar\",\"description\":\"Pilar\",\"potentialAction\":[{\"@type\":\"SearchAction\",\"target\":{\"@type\":\"EntryPoint\",\"urlTemplate\":\"https:\/\/www.vegaintro-projekti.com\/pilar-stari\/?s={search_term_string}\"},\"query-input\":\"required name=search_term_string\"}],\"inLanguage\":\"hr\"},{\"@type\":\"Person\",\"@id\":\"https:\/\/www.vegaintro-projekti.com\/pilar-stari\/#\/schema\/person\/c0db50ebd77c4409e19b18044bbf10c1\",\"name\":\"pilar-admin\",\"image\":{\"@type\":\"ImageObject\",\"inLanguage\":\"hr\",\"@id\":\"https:\/\/www.vegaintro-projekti.com\/pilar-stari\/#\/schema\/person\/image\/\",\"url\":\"https:\/\/secure.gravatar.com\/avatar\/fac9e03c4db0011b9c1ad8b5e9c74b8c?s=96&d=mm&r=g\",\"contentUrl\":\"https:\/\/secure.gravatar.com\/avatar\/fac9e03c4db0011b9c1ad8b5e9c74b8c?s=96&d=mm&r=g\",\"caption\":\"pilar-admin\"},\"url\":\"https:\/\/www.vegaintro-projekti.com\/pilar-stari\/author\/pilar-admin\/\"}]}<\/script>\n<!-- \/ Yoast SEO plugin. -->","yoast_head_json":{"title":"Vukovar '91 \u2013 sedamnaest godina poslije - Institut dru&scaron;tvenih znanosti Ivo Pilar","robots":{"index":"noindex","follow":"follow","max-snippet":"max-snippet:-1","max-image-preview":"max-image-preview:large","max-video-preview":"max-video-preview:-1"},"og_locale":"hr_HR","og_type":"article","og_title":"Vukovar '91 \u2013 sedamnaest godina poslije - Institut dru&scaron;tvenih znanosti Ivo Pilar","og_description":"\u00a0 11. znanstveno-stru\u010dni skup VUKOVAR \u201891. &#8211; SEDAMNAEST GODINA POSLIJEMirna reintegracija hrvatskoga Podunavlja: o\u010dekivanja, u\u010dinci, perspektive (1996.-1998.-2008. Vukovar,\u00a0Kongresna dvorana Ru\u017ei\u010dkine ku\u0107e (Strossmayerova 25), 13. i 14. studenogi 2008. ORGANIZATOR Institut dru\u0161tvenih znanosti Ivo Pilar, Zagreb Institut dru\u0161tvenih znanosti Ivo Pilar &#8211; podru\u010dni centar Vukovar, Vukovar Programsko-organizacijski odbor Kre\u0161imir Bu\u0161i\u0107, Sandra Cviki\u0107, Ljiljana Dobrov\u0161ak, Bruna Esih,&hellip; Pro\u010ditaj vi\u0161e o Vukovar &#8217;91 \u2013 sedamnaest godina poslije","og_url":"https:\/\/www.vegaintro-projekti.com\/pilar-stari\/2008\/11\/vukovar-91-sedamnaest-godina-poslije\/","og_site_name":"Institut dru&scaron;tvenih znanosti Ivo Pilar","article_published_time":"2008-11-09T14:44:35+00:00","author":"pilar-admin","twitter_card":"summary_large_image","twitter_misc":{"Napisao\/la":"pilar-admin","Procijenjeno vrijeme \u010ditanja":"3 minute"},"schema":{"@context":"https:\/\/schema.org","@graph":[{"@type":"WebPage","@id":"https:\/\/www.vegaintro-projekti.com\/pilar-stari\/2008\/11\/vukovar-91-sedamnaest-godina-poslije\/","url":"https:\/\/www.vegaintro-projekti.com\/pilar-stari\/2008\/11\/vukovar-91-sedamnaest-godina-poslije\/","name":"Vukovar '91 \u2013 sedamnaest godina poslije - Institut dru&scaron;tvenih znanosti Ivo Pilar","isPartOf":{"@id":"https:\/\/www.vegaintro-projekti.com\/pilar-stari\/#website"},"datePublished":"2008-11-09T14:44:35+00:00","dateModified":"2008-11-09T14:44:35+00:00","author":{"@id":"https:\/\/www.vegaintro-projekti.com\/pilar-stari\/#\/schema\/person\/c0db50ebd77c4409e19b18044bbf10c1"},"breadcrumb":{"@id":"https:\/\/www.vegaintro-projekti.com\/pilar-stari\/2008\/11\/vukovar-91-sedamnaest-godina-poslije\/#breadcrumb"},"inLanguage":"hr","potentialAction":[{"@type":"ReadAction","target":["https:\/\/www.vegaintro-projekti.com\/pilar-stari\/2008\/11\/vukovar-91-sedamnaest-godina-poslije\/"]}]},{"@type":"BreadcrumbList","@id":"https:\/\/www.vegaintro-projekti.com\/pilar-stari\/2008\/11\/vukovar-91-sedamnaest-godina-poslije\/#breadcrumb","itemListElement":[{"@type":"ListItem","position":1,"name":"Home","item":"https:\/\/www.vegaintro-projekti.com\/pilar-stari\/"},{"@type":"ListItem","position":2,"name":"Vukovar &#8217;91 \u2013 sedamnaest godina poslije"}]},{"@type":"WebSite","@id":"https:\/\/www.vegaintro-projekti.com\/pilar-stari\/#website","url":"https:\/\/www.vegaintro-projekti.com\/pilar-stari\/","name":"Institut dru&scaron;tvenih znanosti Ivo Pilar","description":"Pilar","potentialAction":[{"@type":"SearchAction","target":{"@type":"EntryPoint","urlTemplate":"https:\/\/www.vegaintro-projekti.com\/pilar-stari\/?s={search_term_string}"},"query-input":"required name=search_term_string"}],"inLanguage":"hr"},{"@type":"Person","@id":"https:\/\/www.vegaintro-projekti.com\/pilar-stari\/#\/schema\/person\/c0db50ebd77c4409e19b18044bbf10c1","name":"pilar-admin","image":{"@type":"ImageObject","inLanguage":"hr","@id":"https:\/\/www.vegaintro-projekti.com\/pilar-stari\/#\/schema\/person\/image\/","url":"https:\/\/secure.gravatar.com\/avatar\/fac9e03c4db0011b9c1ad8b5e9c74b8c?s=96&d=mm&r=g","contentUrl":"https:\/\/secure.gravatar.com\/avatar\/fac9e03c4db0011b9c1ad8b5e9c74b8c?s=96&d=mm&r=g","caption":"pilar-admin"},"url":"https:\/\/www.vegaintro-projekti.com\/pilar-stari\/author\/pilar-admin\/"}]}},"_links":{"self":[{"href":"https:\/\/www.vegaintro-projekti.com\/pilar-stari\/wp-json\/wp\/v2\/posts\/168"}],"collection":[{"href":"https:\/\/www.vegaintro-projekti.com\/pilar-stari\/wp-json\/wp\/v2\/posts"}],"about":[{"href":"https:\/\/www.vegaintro-projekti.com\/pilar-stari\/wp-json\/wp\/v2\/types\/post"}],"author":[{"embeddable":true,"href":"https:\/\/www.vegaintro-projekti.com\/pilar-stari\/wp-json\/wp\/v2\/users\/1"}],"replies":[{"embeddable":true,"href":"https:\/\/www.vegaintro-projekti.com\/pilar-stari\/wp-json\/wp\/v2\/comments?post=168"}],"version-history":[{"count":0,"href":"https:\/\/www.vegaintro-projekti.com\/pilar-stari\/wp-json\/wp\/v2\/posts\/168\/revisions"}],"wp:attachment":[{"href":"https:\/\/www.vegaintro-projekti.com\/pilar-stari\/wp-json\/wp\/v2\/media?parent=168"}],"wp:term":[{"taxonomy":"category","embeddable":true,"href":"https:\/\/www.vegaintro-projekti.com\/pilar-stari\/wp-json\/wp\/v2\/categories?post=168"},{"taxonomy":"post_tag","embeddable":true,"href":"https:\/\/www.vegaintro-projekti.com\/pilar-stari\/wp-json\/wp\/v2\/tags?post=168"}],"curies":[{"name":"wp","href":"https:\/\/api.w.org\/{rel}","templated":true}]}}