{"id":16861,"date":"2020-09-25T22:50:19","date_gmt":"2020-09-25T22:50:19","guid":{"rendered":"https:\/\/www.vegaintro-projekti.com\/pilar-stari\/?p=16861"},"modified":"2020-10-01T15:10:06","modified_gmt":"2020-10-01T15:10:06","slug":"dr-sc-sandra-cvikic-u-online-raspravi-o-prihvatu-migranata-na-mediteranu-i-jadranu-24-9-2020","status":"publish","type":"post","link":"https:\/\/www.vegaintro-projekti.com\/pilar-stari\/2020\/09\/dr-sc-sandra-cvikic-u-online-raspravi-o-prihvatu-migranata-na-mediteranu-i-jadranu-24-9-2020\/","title":{"rendered":"Dr. sc. Sandra Cviki\u0107 u online raspravi o prihvatu migranata na Mediteranu i Jadranu"},"content":{"rendered":"<p><strong>Dr. sc. Sandra Cviki\u0107 sudjelovala je 24. rujna 2020. na online okruglom stolu organiziranom u sklopu ESPON programa EU-a i implementiranom od strane Malte\u0161kog ureda za planiranje. Tema rasprave bilo je prihvat migranata na Mediteranu i Jadranu u skladu s rezultatima ciljane analize programa ESPON MIGRATUP<\/strong><\/p>\n<p><a href=\"https:\/\/www.vegaintro-projekti.com\/pilar-stari\/wp-content\/uploads\/2020\/09\/cvikic1.jpg\"><img decoding=\"async\" loading=\"lazy\" class=\"alignnone wp-image-16851 size-full\" src=\"https:\/\/www.vegaintro-projekti.com\/pilar-stari\/wp-content\/uploads\/2020\/09\/cvikic1s.jpg\" alt=\"\" width=\"310\" height=\"147\" srcset=\"https:\/\/www.vegaintro-projekti.com\/pilar-stari\/wp-content\/uploads\/2020\/09\/cvikic1s.jpg 310w, https:\/\/www.vegaintro-projekti.com\/pilar-stari\/wp-content\/uploads\/2020\/09\/cvikic1s-300x142.jpg 300w\" sizes=\"(max-width: 310px) 100vw, 310px\" \/><\/a><a href=\"https:\/\/www.vegaintro-projekti.com\/pilar-stari\/wp-content\/uploads\/2020\/09\/cvikic2.jpg\"><img decoding=\"async\" loading=\"lazy\" class=\"alignnone wp-image-16853 size-full\" src=\"https:\/\/www.vegaintro-projekti.com\/pilar-stari\/wp-content\/uploads\/2020\/09\/cvikic2s.jpg\" alt=\"\" width=\"310\" height=\"147\" srcset=\"https:\/\/www.vegaintro-projekti.com\/pilar-stari\/wp-content\/uploads\/2020\/09\/cvikic2s.jpg 310w, https:\/\/www.vegaintro-projekti.com\/pilar-stari\/wp-content\/uploads\/2020\/09\/cvikic2s-300x142.jpg 300w\" sizes=\"(max-width: 310px) 100vw, 310px\" \/><\/a><a href=\"https:\/\/www.vegaintro-projekti.com\/pilar-stari\/wp-content\/uploads\/2020\/09\/cvikic3.jpg\"><img decoding=\"async\" loading=\"lazy\" class=\"alignnone wp-image-16855 size-full\" src=\"https:\/\/www.vegaintro-projekti.com\/pilar-stari\/wp-content\/uploads\/2020\/09\/cvikic3s.jpg\" alt=\"\" width=\"310\" height=\"147\" srcset=\"https:\/\/www.vegaintro-projekti.com\/pilar-stari\/wp-content\/uploads\/2020\/09\/cvikic3s.jpg 310w, https:\/\/www.vegaintro-projekti.com\/pilar-stari\/wp-content\/uploads\/2020\/09\/cvikic3s-300x142.jpg 300w\" sizes=\"(max-width: 310px) 100vw, 310px\" \/><\/a><a href=\"https:\/\/www.vegaintro-projekti.com\/pilar-stari\/wp-content\/uploads\/2020\/09\/cvikic4.jpg\"><img decoding=\"async\" loading=\"lazy\" class=\"alignnone wp-image-16857 size-full\" src=\"https:\/\/www.vegaintro-projekti.com\/pilar-stari\/wp-content\/uploads\/2020\/09\/cvikic4s.jpg\" alt=\"\" width=\"310\" height=\"147\" srcset=\"https:\/\/www.vegaintro-projekti.com\/pilar-stari\/wp-content\/uploads\/2020\/09\/cvikic4s.jpg 310w, https:\/\/www.vegaintro-projekti.com\/pilar-stari\/wp-content\/uploads\/2020\/09\/cvikic4s-300x142.jpg 300w\" sizes=\"(max-width: 310px) 100vw, 310px\" \/><\/a><\/p>\n<p>&#8211; <strong>PRE-EVENT BRIEF:<\/strong> <a href=\"https:\/\/www.vegaintro-projekti.com\/pilar-stari\/wp-content\/uploads\/2020\/09\/Pre-event_brief.pdf\">ESPON Roundtable: Reception of migrants in Europe<\/a><br \/>\n&#8211; <strong>TOPIC PAPER:<\/strong> <a href=\"https:\/\/www.vegaintro-projekti.com\/pilar-stari\/wp-content\/uploads\/2020\/09\/Topic_paper.pdf\">ESPON evidences: Migration and asylum seekers<\/a><\/p>\n<p>Unutar rasprave predstavljeni su rezultati istra\u017eivanja alternativnih migrantskih ruta kao \u0161to je Balkanska ruta. Sljede\u0107i online okrugli stol planira se odr\u017eati 19. listopada 2020.<\/p>\n<p><strong>&#8211; ESPON MIGRATUP:<\/strong> <a href=\"https:\/\/www.espon.eu\/migration\">https:\/\/www.espon.eu\/migration<\/a><br \/>\n<strong>&#8211; ESPON u Hrvatskoj:<\/strong> <a href=\"https:\/\/www.espon.eu\/participate\/espon-your-country\/croatia\">https:\/\/www.espon.eu\/participate\/espon-your-country\/croatia<\/a><\/p>\n<blockquote><p><a href=\"https:\/\/www.vegaintro-projekti.com\/pilar-stari\/2018\/04\/podruni-centar-vukovar-2\/\">Podru\u010dni centar Vukovar<\/a><\/p><\/blockquote>\n","protected":false},"excerpt":{"rendered":"<p>Dr. sc. Sandra Cviki\u0107 sudjelovala je 24. rujna 2020. na online okruglom stolu organiziranom u sklopu ESPON programa EU-a i implementiranom od strane Malte\u0161kog ureda za planiranje. Tema rasprave bilo je prihvat migranata na Mediteranu i Jadranu u skladu s rezultatima ciljane analize programa ESPON MIGRATUP &#8211; PRE-EVENT BRIEF: ESPON Roundtable: Reception of migrants in&hellip; <a class=\"continue\" href=\"https:\/\/www.vegaintro-projekti.com\/pilar-stari\/2020\/09\/dr-sc-sandra-cvikic-u-online-raspravi-o-prihvatu-migranata-na-mediteranu-i-jadranu-24-9-2020\/\">Pro\u010ditaj vi\u0161e o<span> Dr. sc. Sandra Cviki\u0107 u online raspravi o prihvatu migranata na Mediteranu i Jadranu<\/span><\/a><\/p>\n","protected":false},"author":7,"featured_media":16860,"comment_status":"closed","ping_status":"closed","sticky":false,"template":"","format":"standard","meta":{"inline_featured_image":false,"ngg_post_thumbnail":0,"footnotes":""},"categories":[11],"tags":[],"yoast_head":"<!-- This site is optimized with the Yoast SEO plugin v21.2 - https:\/\/yoast.com\/wordpress\/plugins\/seo\/ -->\n<title>Dr. sc. Sandra Cviki\u0107 u online raspravi o prihvatu migranata na Mediteranu i Jadranu - Institut dru&scaron;tvenih znanosti Ivo Pilar<\/title>\n<meta name=\"robots\" content=\"noindex, follow, max-snippet:-1, max-image-preview:large, max-video-preview:-1\" \/>\n<meta property=\"og:locale\" content=\"hr_HR\" \/>\n<meta property=\"og:type\" content=\"article\" \/>\n<meta property=\"og:title\" content=\"Dr. sc. Sandra Cviki\u0107 u online raspravi o prihvatu migranata na Mediteranu i Jadranu - Institut dru&scaron;tvenih znanosti Ivo Pilar\" \/>\n<meta property=\"og:description\" content=\"Dr. sc. Sandra Cviki\u0107 sudjelovala je 24. rujna 2020. na online okruglom stolu organiziranom u sklopu ESPON programa EU-a i implementiranom od strane Malte\u0161kog ureda za planiranje. Tema rasprave bilo je prihvat migranata na Mediteranu i Jadranu u skladu s rezultatima ciljane analize programa ESPON MIGRATUP &#8211; PRE-EVENT BRIEF: ESPON Roundtable: Reception of migrants in&hellip; Pro\u010ditaj vi\u0161e o Dr. sc. Sandra Cviki\u0107 u online raspravi o prihvatu migranata na Mediteranu i Jadranu\" \/>\n<meta property=\"og:url\" content=\"https:\/\/www.vegaintro-projekti.com\/pilar-stari\/2020\/09\/dr-sc-sandra-cvikic-u-online-raspravi-o-prihvatu-migranata-na-mediteranu-i-jadranu-24-9-2020\/\" \/>\n<meta property=\"og:site_name\" content=\"Institut dru&scaron;tvenih znanosti Ivo Pilar\" \/>\n<meta property=\"article:published_time\" content=\"2020-09-25T22:50:19+00:00\" \/>\n<meta property=\"article:modified_time\" content=\"2020-10-01T15:10:06+00:00\" \/>\n<meta property=\"og:image\" content=\"https:\/\/www.vegaintro-projekti.com\/pilar-stari\/wp-content\/uploads\/2020\/09\/Topic_paper_fi.jpg\" \/>\n\t<meta property=\"og:image:width\" content=\"800\" \/>\n\t<meta property=\"og:image:height\" content=\"461\" \/>\n\t<meta property=\"og:image:type\" content=\"image\/jpeg\" \/>\n<meta name=\"author\" content=\"Boris\" \/>\n<meta name=\"twitter:card\" content=\"summary_large_image\" \/>\n<meta name=\"twitter:label1\" content=\"Napisao\/la\" \/>\n\t<meta name=\"twitter:data1\" content=\"Boris\" \/>\n\t<meta name=\"twitter:label2\" content=\"Procijenjeno vrijeme \u010ditanja\" \/>\n\t<meta name=\"twitter:data2\" content=\"1 minuta\" \/>\n<script type=\"application\/ld+json\" class=\"yoast-schema-graph\">{\"@context\":\"https:\/\/schema.org\",\"@graph\":[{\"@type\":\"WebPage\",\"@id\":\"https:\/\/www.vegaintro-projekti.com\/pilar-stari\/2020\/09\/dr-sc-sandra-cvikic-u-online-raspravi-o-prihvatu-migranata-na-mediteranu-i-jadranu-24-9-2020\/\",\"url\":\"https:\/\/www.vegaintro-projekti.com\/pilar-stari\/2020\/09\/dr-sc-sandra-cvikic-u-online-raspravi-o-prihvatu-migranata-na-mediteranu-i-jadranu-24-9-2020\/\",\"name\":\"Dr. sc. Sandra Cviki\u0107 u online raspravi o prihvatu migranata na Mediteranu i Jadranu - Institut dru&scaron;tvenih znanosti Ivo Pilar\",\"isPartOf\":{\"@id\":\"https:\/\/www.vegaintro-projekti.com\/pilar-stari\/#website\"},\"datePublished\":\"2020-09-25T22:50:19+00:00\",\"dateModified\":\"2020-10-01T15:10:06+00:00\",\"author\":{\"@id\":\"https:\/\/www.vegaintro-projekti.com\/pilar-stari\/#\/schema\/person\/ddd404c9f1e15e4ffef5986ac6a5d28b\"},\"breadcrumb\":{\"@id\":\"https:\/\/www.vegaintro-projekti.com\/pilar-stari\/2020\/09\/dr-sc-sandra-cvikic-u-online-raspravi-o-prihvatu-migranata-na-mediteranu-i-jadranu-24-9-2020\/#breadcrumb\"},\"inLanguage\":\"hr\",\"potentialAction\":[{\"@type\":\"ReadAction\",\"target\":[\"https:\/\/www.vegaintro-projekti.com\/pilar-stari\/2020\/09\/dr-sc-sandra-cvikic-u-online-raspravi-o-prihvatu-migranata-na-mediteranu-i-jadranu-24-9-2020\/\"]}]},{\"@type\":\"BreadcrumbList\",\"@id\":\"https:\/\/www.vegaintro-projekti.com\/pilar-stari\/2020\/09\/dr-sc-sandra-cvikic-u-online-raspravi-o-prihvatu-migranata-na-mediteranu-i-jadranu-24-9-2020\/#breadcrumb\",\"itemListElement\":[{\"@type\":\"ListItem\",\"position\":1,\"name\":\"Home\",\"item\":\"https:\/\/www.vegaintro-projekti.com\/pilar-stari\/\"},{\"@type\":\"ListItem\",\"position\":2,\"name\":\"Dr. sc. Sandra Cviki\u0107 u online raspravi o prihvatu migranata na Mediteranu i Jadranu\"}]},{\"@type\":\"WebSite\",\"@id\":\"https:\/\/www.vegaintro-projekti.com\/pilar-stari\/#website\",\"url\":\"https:\/\/www.vegaintro-projekti.com\/pilar-stari\/\",\"name\":\"Institut dru&scaron;tvenih znanosti Ivo Pilar\",\"description\":\"Pilar\",\"potentialAction\":[{\"@type\":\"SearchAction\",\"target\":{\"@type\":\"EntryPoint\",\"urlTemplate\":\"https:\/\/www.vegaintro-projekti.com\/pilar-stari\/?s={search_term_string}\"},\"query-input\":\"required name=search_term_string\"}],\"inLanguage\":\"hr\"},{\"@type\":\"Person\",\"@id\":\"https:\/\/www.vegaintro-projekti.com\/pilar-stari\/#\/schema\/person\/ddd404c9f1e15e4ffef5986ac6a5d28b\",\"name\":\"Boris\",\"image\":{\"@type\":\"ImageObject\",\"inLanguage\":\"hr\",\"@id\":\"https:\/\/www.vegaintro-projekti.com\/pilar-stari\/#\/schema\/person\/image\/\",\"url\":\"https:\/\/secure.gravatar.com\/avatar\/29557b161a6ce6ab86ac1503164f1e90?s=96&d=mm&r=g\",\"contentUrl\":\"https:\/\/secure.gravatar.com\/avatar\/29557b161a6ce6ab86ac1503164f1e90?s=96&d=mm&r=g\",\"caption\":\"Boris\"},\"url\":\"https:\/\/www.vegaintro-projekti.com\/pilar-stari\/author\/boris\/\"}]}<\/script>\n<!-- \/ Yoast SEO plugin. -->","yoast_head_json":{"title":"Dr. sc. Sandra Cviki\u0107 u online raspravi o prihvatu migranata na Mediteranu i Jadranu - Institut dru&scaron;tvenih znanosti Ivo Pilar","robots":{"index":"noindex","follow":"follow","max-snippet":"max-snippet:-1","max-image-preview":"max-image-preview:large","max-video-preview":"max-video-preview:-1"},"og_locale":"hr_HR","og_type":"article","og_title":"Dr. sc. Sandra Cviki\u0107 u online raspravi o prihvatu migranata na Mediteranu i Jadranu - Institut dru&scaron;tvenih znanosti Ivo Pilar","og_description":"Dr. sc. Sandra Cviki\u0107 sudjelovala je 24. rujna 2020. na online okruglom stolu organiziranom u sklopu ESPON programa EU-a i implementiranom od strane Malte\u0161kog ureda za planiranje. Tema rasprave bilo je prihvat migranata na Mediteranu i Jadranu u skladu s rezultatima ciljane analize programa ESPON MIGRATUP &#8211; PRE-EVENT BRIEF: ESPON Roundtable: Reception of migrants in&hellip; Pro\u010ditaj vi\u0161e o Dr. sc. Sandra Cviki\u0107 u online raspravi o prihvatu migranata na Mediteranu i Jadranu","og_url":"https:\/\/www.vegaintro-projekti.com\/pilar-stari\/2020\/09\/dr-sc-sandra-cvikic-u-online-raspravi-o-prihvatu-migranata-na-mediteranu-i-jadranu-24-9-2020\/","og_site_name":"Institut dru&scaron;tvenih znanosti Ivo Pilar","article_published_time":"2020-09-25T22:50:19+00:00","article_modified_time":"2020-10-01T15:10:06+00:00","og_image":[{"width":800,"height":461,"url":"https:\/\/www.vegaintro-projekti.com\/pilar-stari\/wp-content\/uploads\/2020\/09\/Topic_paper_fi.jpg","type":"image\/jpeg"}],"author":"Boris","twitter_card":"summary_large_image","twitter_misc":{"Napisao\/la":"Boris","Procijenjeno vrijeme \u010ditanja":"1 minuta"},"schema":{"@context":"https:\/\/schema.org","@graph":[{"@type":"WebPage","@id":"https:\/\/www.vegaintro-projekti.com\/pilar-stari\/2020\/09\/dr-sc-sandra-cvikic-u-online-raspravi-o-prihvatu-migranata-na-mediteranu-i-jadranu-24-9-2020\/","url":"https:\/\/www.vegaintro-projekti.com\/pilar-stari\/2020\/09\/dr-sc-sandra-cvikic-u-online-raspravi-o-prihvatu-migranata-na-mediteranu-i-jadranu-24-9-2020\/","name":"Dr. sc. Sandra Cviki\u0107 u online raspravi o prihvatu migranata na Mediteranu i Jadranu - Institut dru&scaron;tvenih znanosti Ivo Pilar","isPartOf":{"@id":"https:\/\/www.vegaintro-projekti.com\/pilar-stari\/#website"},"datePublished":"2020-09-25T22:50:19+00:00","dateModified":"2020-10-01T15:10:06+00:00","author":{"@id":"https:\/\/www.vegaintro-projekti.com\/pilar-stari\/#\/schema\/person\/ddd404c9f1e15e4ffef5986ac6a5d28b"},"breadcrumb":{"@id":"https:\/\/www.vegaintro-projekti.com\/pilar-stari\/2020\/09\/dr-sc-sandra-cvikic-u-online-raspravi-o-prihvatu-migranata-na-mediteranu-i-jadranu-24-9-2020\/#breadcrumb"},"inLanguage":"hr","potentialAction":[{"@type":"ReadAction","target":["https:\/\/www.vegaintro-projekti.com\/pilar-stari\/2020\/09\/dr-sc-sandra-cvikic-u-online-raspravi-o-prihvatu-migranata-na-mediteranu-i-jadranu-24-9-2020\/"]}]},{"@type":"BreadcrumbList","@id":"https:\/\/www.vegaintro-projekti.com\/pilar-stari\/2020\/09\/dr-sc-sandra-cvikic-u-online-raspravi-o-prihvatu-migranata-na-mediteranu-i-jadranu-24-9-2020\/#breadcrumb","itemListElement":[{"@type":"ListItem","position":1,"name":"Home","item":"https:\/\/www.vegaintro-projekti.com\/pilar-stari\/"},{"@type":"ListItem","position":2,"name":"Dr. sc. Sandra Cviki\u0107 u online raspravi o prihvatu migranata na Mediteranu i Jadranu"}]},{"@type":"WebSite","@id":"https:\/\/www.vegaintro-projekti.com\/pilar-stari\/#website","url":"https:\/\/www.vegaintro-projekti.com\/pilar-stari\/","name":"Institut dru&scaron;tvenih znanosti Ivo Pilar","description":"Pilar","potentialAction":[{"@type":"SearchAction","target":{"@type":"EntryPoint","urlTemplate":"https:\/\/www.vegaintro-projekti.com\/pilar-stari\/?s={search_term_string}"},"query-input":"required name=search_term_string"}],"inLanguage":"hr"},{"@type":"Person","@id":"https:\/\/www.vegaintro-projekti.com\/pilar-stari\/#\/schema\/person\/ddd404c9f1e15e4ffef5986ac6a5d28b","name":"Boris","image":{"@type":"ImageObject","inLanguage":"hr","@id":"https:\/\/www.vegaintro-projekti.com\/pilar-stari\/#\/schema\/person\/image\/","url":"https:\/\/secure.gravatar.com\/avatar\/29557b161a6ce6ab86ac1503164f1e90?s=96&d=mm&r=g","contentUrl":"https:\/\/secure.gravatar.com\/avatar\/29557b161a6ce6ab86ac1503164f1e90?s=96&d=mm&r=g","caption":"Boris"},"url":"https:\/\/www.vegaintro-projekti.com\/pilar-stari\/author\/boris\/"}]}},"_links":{"self":[{"href":"https:\/\/www.vegaintro-projekti.com\/pilar-stari\/wp-json\/wp\/v2\/posts\/16861"}],"collection":[{"href":"https:\/\/www.vegaintro-projekti.com\/pilar-stari\/wp-json\/wp\/v2\/posts"}],"about":[{"href":"https:\/\/www.vegaintro-projekti.com\/pilar-stari\/wp-json\/wp\/v2\/types\/post"}],"author":[{"embeddable":true,"href":"https:\/\/www.vegaintro-projekti.com\/pilar-stari\/wp-json\/wp\/v2\/users\/7"}],"replies":[{"embeddable":true,"href":"https:\/\/www.vegaintro-projekti.com\/pilar-stari\/wp-json\/wp\/v2\/comments?post=16861"}],"version-history":[{"count":6,"href":"https:\/\/www.vegaintro-projekti.com\/pilar-stari\/wp-json\/wp\/v2\/posts\/16861\/revisions"}],"predecessor-version":[{"id":16889,"href":"https:\/\/www.vegaintro-projekti.com\/pilar-stari\/wp-json\/wp\/v2\/posts\/16861\/revisions\/16889"}],"wp:featuredmedia":[{"embeddable":true,"href":"https:\/\/www.vegaintro-projekti.com\/pilar-stari\/wp-json\/wp\/v2\/media\/16860"}],"wp:attachment":[{"href":"https:\/\/www.vegaintro-projekti.com\/pilar-stari\/wp-json\/wp\/v2\/media?parent=16861"}],"wp:term":[{"taxonomy":"category","embeddable":true,"href":"https:\/\/www.vegaintro-projekti.com\/pilar-stari\/wp-json\/wp\/v2\/categories?post=16861"},{"taxonomy":"post_tag","embeddable":true,"href":"https:\/\/www.vegaintro-projekti.com\/pilar-stari\/wp-json\/wp\/v2\/tags?post=16861"}],"curies":[{"name":"wp","href":"https:\/\/api.w.org\/{rel}","templated":true}]}}