{"id":16912,"date":"2020-10-06T10:30:57","date_gmt":"2020-10-06T10:30:57","guid":{"rendered":"https:\/\/www.vegaintro-projekti.com\/pilar-stari\/?p=16912"},"modified":"2020-10-16T18:23:11","modified_gmt":"2020-10-16T18:23:11","slug":"suzana-sakic-i-paula-greiner-na-skupu-covid-19-u-humanistickoj-perspektivi-mutacije-straha-i-kulturne-promjene-28-30-9-2020","status":"publish","type":"post","link":"https:\/\/www.vegaintro-projekti.com\/pilar-stari\/2020\/10\/suzana-sakic-i-paula-greiner-na-skupu-covid-19-u-humanistickoj-perspektivi-mutacije-straha-i-kulturne-promjene-28-30-9-2020\/","title":{"rendered":"Suzana Saki\u0107 i Paula Greiner na skupu \u201cCOVID-19 u humanisti\u010dkoj perspektivi: Mutacije straha i kulturne promjene\u201c, 28.-30. 9. 2020."},"content":{"rendered":"<p><strong>Suzana Saki\u0107 i Paula Greiner sudjelovale su na znanstvenom skupu s me\u0111unarodnim sudjelovanjem \u201cCOVID-19 u humanisti\u010dkoj perspektivi: Mutacije straha i kulturne promjene\u201c, odr\u017eanom u Institutu za etnologiju i folkloristiku od 28. do 30. rujna 2020. u Zagrebu.<br \/>\n<\/strong>&#8211; <a href=\"https:\/\/www.vegaintro-projekti.com\/pilar-stari\/wp-content\/uploads\/2020\/10\/Program_Covid19.pdf\">Program skupa<\/a> | <a href=\"https:\/\/www.vegaintro-projekti.com\/pilar-stari\/wp-content\/uploads\/2020\/10\/Knjizica_sazetaka.pdf\">Knji\u017eica sa\u017eetaka<\/a><\/p>\n<p><a href=\"https:\/\/www.vegaintro-projekti.com\/pilar-stari\/wp-content\/uploads\/2020\/10\/Program_Covid19.pdf\"><img decoding=\"async\" loading=\"lazy\" class=\"alignnone wp-image-16911 size-full\" src=\"https:\/\/www.vegaintro-projekti.com\/pilar-stari\/wp-content\/uploads\/2020\/10\/Skup_s_fi.jpg\" alt=\"\" width=\"620\" height=\"411\" srcset=\"https:\/\/www.vegaintro-projekti.com\/pilar-stari\/wp-content\/uploads\/2020\/10\/Skup_s_fi.jpg 620w, https:\/\/www.vegaintro-projekti.com\/pilar-stari\/wp-content\/uploads\/2020\/10\/Skup_s_fi-300x199.jpg 300w, https:\/\/www.vegaintro-projekti.com\/pilar-stari\/wp-content\/uploads\/2020\/10\/Skup_s_fi-310x205.jpg 310w\" sizes=\"(max-width: 620px) 100vw, 620px\" \/><\/a><\/p>\n<p><strong>&#8211; Program skupa:<\/strong> <a href=\"https:\/\/www.vegaintro-projekti.com\/pilar-stari\/wp-content\/uploads\/2020\/10\/Program_Covid19.pdf\">COVID-19 u humanisti\u010dkoj perspektivi: Mutacije straha i kulturne promjene; Zagreb, 28.-30. 9. 2020.<\/a><br \/>\n<strong>&#8211; Knji\u017eica sa\u017eetaka:<\/strong> <a href=\"https:\/\/www.vegaintro-projekti.com\/pilar-stari\/wp-content\/uploads\/2020\/10\/Knjizica_sazetaka.pdf\">COVID-19 u humanisti\u010dkoj perspektivi: Mutacije straha i kulturne promjene; Zagreb, 28.-30. 9. 2020.<\/a><\/p>\n<p>Suzana Saki\u0107 i Paula Greiner na skupu su prezentirale rezultate kvalitativnog istra\u017eivanja <strong>Utjecaj COVID-19 krize i potresa na populaciju osoba u besku\u0107ni\u0161tvu u Zagrebu<\/strong>, provedenog u sklopu projekta Exploring Homelessness and Pathways to Social Inclusion: A Comparative Study of Contexts and Challenges in Swiss and Croatian Cities (No. IZHRZO_180631\/1).<\/p>\n<blockquote><p><a href=\"https:\/\/www.vegaintro-projekti.com\/pilar-stari\/2019\/07\/istrazivanje-beskucnistva-i-puteva-do-socijalne-inkluzije-komparativna-studija-konteksta-i-izazova-u-svicarskim-i-hrvatskim-gradovima\/\">Projekt Istra\u017eivanje besku\u0107ni\u0161tva i puteva do socijalne inkluzije<\/a><\/p><\/blockquote>\n<p><span style=\"font-size: 14pt;\">Suzana Saki\u0107 and Pula Greiner at the scientific conference &#8220;COVID-19 in a humanistic perspective: Mutations of fear and cultural change&#8221; Zagreb, 28-30 September 2020<\/span><\/p>\n<p><strong><em>Suzana Saki\u0107 and Pula Greiner participated in a scientific conference &#8220;COVID-19 in a humanistic perspective: Mutations of fear and cultural change&#8221; with international participation. The conference was held from 28 to 30 September 2020 at the Institute of Ethnology and Folklore Research in Zagreb<\/em><\/strong><\/p>\n<p><em>Their presentation, based on qualitative research results, was entitled &#8220;The impact of the COVID-19 crisis and earthquake on people experiencing homelessness in Zagreb&#8221;. This research was conducted within the project Exploring Homelessness and Pathways to Social Inclusion: A Comparative Study of Contexts and Challenges in Swiss and Croatian Cities (No. IZHRZO_180631\/1).<\/em><\/p>\n<blockquote><p><a href=\"https:\/\/www.vegaintro-projekti.com\/pilar-stari\/2019\/07\/istrazivanje-beskucnistva-i-puteva-do-socijalne-inkluzije-komparativna-studija-konteksta-i-izazova-u-svicarskim-i-hrvatskim-gradovima\/\">Project Exploring Homelessness and Pathways to Social Inclusion<\/a><\/p><\/blockquote>\n","protected":false},"excerpt":{"rendered":"<p>Suzana Saki\u0107 i Paula Greiner sudjelovale su na znanstvenom skupu s me\u0111unarodnim sudjelovanjem \u201cCOVID-19 u humanisti\u010dkoj perspektivi: Mutacije straha i kulturne promjene\u201c, odr\u017eanom u Institutu za etnologiju i folkloristiku od 28. do 30. rujna 2020. u Zagrebu. &#8211; Program skupa | Knji\u017eica sa\u017eetaka &#8211; Program skupa: COVID-19 u humanisti\u010dkoj perspektivi: Mutacije straha i kulturne promjene;&hellip; <a class=\"continue\" href=\"https:\/\/www.vegaintro-projekti.com\/pilar-stari\/2020\/10\/suzana-sakic-i-paula-greiner-na-skupu-covid-19-u-humanistickoj-perspektivi-mutacije-straha-i-kulturne-promjene-28-30-9-2020\/\">Pro\u010ditaj vi\u0161e o<span> Suzana Saki\u0107 i Paula Greiner na skupu \u201cCOVID-19 u humanisti\u010dkoj perspektivi: Mutacije straha i kulturne promjene\u201c, 28.-30. 9. 2020.<\/span><\/a><\/p>\n","protected":false},"author":7,"featured_media":16911,"comment_status":"closed","ping_status":"closed","sticky":false,"template":"","format":"standard","meta":{"inline_featured_image":false,"ngg_post_thumbnail":0,"footnotes":""},"categories":[48,11],"tags":[],"yoast_head":"<!-- This site is optimized with the Yoast SEO plugin v21.2 - https:\/\/yoast.com\/wordpress\/plugins\/seo\/ -->\n<title>Suzana Saki\u0107 i Paula Greiner na skupu \u201cCOVID-19 u humanisti\u010dkoj perspektivi: Mutacije straha i kulturne promjene\u201c, 28.-30. 9. 2020. - Institut dru&scaron;tvenih znanosti Ivo Pilar<\/title>\n<meta name=\"robots\" content=\"noindex, follow, max-snippet:-1, max-image-preview:large, max-video-preview:-1\" \/>\n<meta property=\"og:locale\" content=\"hr_HR\" \/>\n<meta property=\"og:type\" content=\"article\" \/>\n<meta property=\"og:title\" content=\"Suzana Saki\u0107 i Paula Greiner na skupu \u201cCOVID-19 u humanisti\u010dkoj perspektivi: Mutacije straha i kulturne promjene\u201c, 28.-30. 9. 2020. - Institut dru&scaron;tvenih znanosti Ivo Pilar\" \/>\n<meta property=\"og:description\" content=\"Suzana Saki\u0107 i Paula Greiner sudjelovale su na znanstvenom skupu s me\u0111unarodnim sudjelovanjem \u201cCOVID-19 u humanisti\u010dkoj perspektivi: Mutacije straha i kulturne promjene\u201c, odr\u017eanom u Institutu za etnologiju i folkloristiku od 28. do 30. rujna 2020. u Zagrebu. &#8211; Program skupa | Knji\u017eica sa\u017eetaka &#8211; Program skupa: COVID-19 u humanisti\u010dkoj perspektivi: Mutacije straha i kulturne promjene;&hellip; Pro\u010ditaj vi\u0161e o Suzana Saki\u0107 i Paula Greiner na skupu \u201cCOVID-19 u humanisti\u010dkoj perspektivi: Mutacije straha i kulturne promjene\u201c, 28.-30. 9. 2020.\" \/>\n<meta property=\"og:url\" content=\"https:\/\/www.vegaintro-projekti.com\/pilar-stari\/2020\/10\/suzana-sakic-i-paula-greiner-na-skupu-covid-19-u-humanistickoj-perspektivi-mutacije-straha-i-kulturne-promjene-28-30-9-2020\/\" \/>\n<meta property=\"og:site_name\" content=\"Institut dru&scaron;tvenih znanosti Ivo Pilar\" \/>\n<meta property=\"article:published_time\" content=\"2020-10-06T10:30:57+00:00\" \/>\n<meta property=\"article:modified_time\" content=\"2020-10-16T18:23:11+00:00\" \/>\n<meta property=\"og:image\" content=\"https:\/\/www.vegaintro-projekti.com\/pilar-stari\/wp-content\/uploads\/2020\/10\/Skup_s_fi.jpg\" \/>\n\t<meta property=\"og:image:width\" content=\"620\" \/>\n\t<meta property=\"og:image:height\" content=\"411\" \/>\n\t<meta property=\"og:image:type\" content=\"image\/jpeg\" \/>\n<meta name=\"author\" content=\"Boris\" \/>\n<meta name=\"twitter:card\" content=\"summary_large_image\" \/>\n<meta name=\"twitter:label1\" content=\"Napisao\/la\" \/>\n\t<meta name=\"twitter:data1\" content=\"Boris\" \/>\n\t<meta name=\"twitter:label2\" content=\"Procijenjeno vrijeme \u010ditanja\" \/>\n\t<meta name=\"twitter:data2\" content=\"1 minuta\" \/>\n<script type=\"application\/ld+json\" class=\"yoast-schema-graph\">{\"@context\":\"https:\/\/schema.org\",\"@graph\":[{\"@type\":\"WebPage\",\"@id\":\"https:\/\/www.vegaintro-projekti.com\/pilar-stari\/2020\/10\/suzana-sakic-i-paula-greiner-na-skupu-covid-19-u-humanistickoj-perspektivi-mutacije-straha-i-kulturne-promjene-28-30-9-2020\/\",\"url\":\"https:\/\/www.vegaintro-projekti.com\/pilar-stari\/2020\/10\/suzana-sakic-i-paula-greiner-na-skupu-covid-19-u-humanistickoj-perspektivi-mutacije-straha-i-kulturne-promjene-28-30-9-2020\/\",\"name\":\"Suzana Saki\u0107 i Paula Greiner na skupu \u201cCOVID-19 u humanisti\u010dkoj perspektivi: Mutacije straha i kulturne promjene\u201c, 28.-30. 9. 2020. - Institut dru&scaron;tvenih znanosti Ivo Pilar\",\"isPartOf\":{\"@id\":\"https:\/\/www.vegaintro-projekti.com\/pilar-stari\/#website\"},\"datePublished\":\"2020-10-06T10:30:57+00:00\",\"dateModified\":\"2020-10-16T18:23:11+00:00\",\"author\":{\"@id\":\"https:\/\/www.vegaintro-projekti.com\/pilar-stari\/#\/schema\/person\/ddd404c9f1e15e4ffef5986ac6a5d28b\"},\"breadcrumb\":{\"@id\":\"https:\/\/www.vegaintro-projekti.com\/pilar-stari\/2020\/10\/suzana-sakic-i-paula-greiner-na-skupu-covid-19-u-humanistickoj-perspektivi-mutacije-straha-i-kulturne-promjene-28-30-9-2020\/#breadcrumb\"},\"inLanguage\":\"hr\",\"potentialAction\":[{\"@type\":\"ReadAction\",\"target\":[\"https:\/\/www.vegaintro-projekti.com\/pilar-stari\/2020\/10\/suzana-sakic-i-paula-greiner-na-skupu-covid-19-u-humanistickoj-perspektivi-mutacije-straha-i-kulturne-promjene-28-30-9-2020\/\"]}]},{\"@type\":\"BreadcrumbList\",\"@id\":\"https:\/\/www.vegaintro-projekti.com\/pilar-stari\/2020\/10\/suzana-sakic-i-paula-greiner-na-skupu-covid-19-u-humanistickoj-perspektivi-mutacije-straha-i-kulturne-promjene-28-30-9-2020\/#breadcrumb\",\"itemListElement\":[{\"@type\":\"ListItem\",\"position\":1,\"name\":\"Home\",\"item\":\"https:\/\/www.vegaintro-projekti.com\/pilar-stari\/\"},{\"@type\":\"ListItem\",\"position\":2,\"name\":\"Suzana Saki\u0107 i Paula Greiner na skupu \u201cCOVID-19 u humanisti\u010dkoj perspektivi: Mutacije straha i kulturne promjene\u201c, 28.-30. 9. 2020.\"}]},{\"@type\":\"WebSite\",\"@id\":\"https:\/\/www.vegaintro-projekti.com\/pilar-stari\/#website\",\"url\":\"https:\/\/www.vegaintro-projekti.com\/pilar-stari\/\",\"name\":\"Institut dru&scaron;tvenih znanosti Ivo Pilar\",\"description\":\"Pilar\",\"potentialAction\":[{\"@type\":\"SearchAction\",\"target\":{\"@type\":\"EntryPoint\",\"urlTemplate\":\"https:\/\/www.vegaintro-projekti.com\/pilar-stari\/?s={search_term_string}\"},\"query-input\":\"required name=search_term_string\"}],\"inLanguage\":\"hr\"},{\"@type\":\"Person\",\"@id\":\"https:\/\/www.vegaintro-projekti.com\/pilar-stari\/#\/schema\/person\/ddd404c9f1e15e4ffef5986ac6a5d28b\",\"name\":\"Boris\",\"image\":{\"@type\":\"ImageObject\",\"inLanguage\":\"hr\",\"@id\":\"https:\/\/www.vegaintro-projekti.com\/pilar-stari\/#\/schema\/person\/image\/\",\"url\":\"https:\/\/secure.gravatar.com\/avatar\/29557b161a6ce6ab86ac1503164f1e90?s=96&d=mm&r=g\",\"contentUrl\":\"https:\/\/secure.gravatar.com\/avatar\/29557b161a6ce6ab86ac1503164f1e90?s=96&d=mm&r=g\",\"caption\":\"Boris\"},\"url\":\"https:\/\/www.vegaintro-projekti.com\/pilar-stari\/author\/boris\/\"}]}<\/script>\n<!-- \/ Yoast SEO plugin. -->","yoast_head_json":{"title":"Suzana Saki\u0107 i Paula Greiner na skupu \u201cCOVID-19 u humanisti\u010dkoj perspektivi: Mutacije straha i kulturne promjene\u201c, 28.-30. 9. 2020. - Institut dru&scaron;tvenih znanosti Ivo Pilar","robots":{"index":"noindex","follow":"follow","max-snippet":"max-snippet:-1","max-image-preview":"max-image-preview:large","max-video-preview":"max-video-preview:-1"},"og_locale":"hr_HR","og_type":"article","og_title":"Suzana Saki\u0107 i Paula Greiner na skupu \u201cCOVID-19 u humanisti\u010dkoj perspektivi: Mutacije straha i kulturne promjene\u201c, 28.-30. 9. 2020. - Institut dru&scaron;tvenih znanosti Ivo Pilar","og_description":"Suzana Saki\u0107 i Paula Greiner sudjelovale su na znanstvenom skupu s me\u0111unarodnim sudjelovanjem \u201cCOVID-19 u humanisti\u010dkoj perspektivi: Mutacije straha i kulturne promjene\u201c, odr\u017eanom u Institutu za etnologiju i folkloristiku od 28. do 30. rujna 2020. u Zagrebu. &#8211; Program skupa | Knji\u017eica sa\u017eetaka &#8211; Program skupa: COVID-19 u humanisti\u010dkoj perspektivi: Mutacije straha i kulturne promjene;&hellip; Pro\u010ditaj vi\u0161e o Suzana Saki\u0107 i Paula Greiner na skupu \u201cCOVID-19 u humanisti\u010dkoj perspektivi: Mutacije straha i kulturne promjene\u201c, 28.-30. 9. 2020.","og_url":"https:\/\/www.vegaintro-projekti.com\/pilar-stari\/2020\/10\/suzana-sakic-i-paula-greiner-na-skupu-covid-19-u-humanistickoj-perspektivi-mutacije-straha-i-kulturne-promjene-28-30-9-2020\/","og_site_name":"Institut dru&scaron;tvenih znanosti Ivo Pilar","article_published_time":"2020-10-06T10:30:57+00:00","article_modified_time":"2020-10-16T18:23:11+00:00","og_image":[{"width":620,"height":411,"url":"https:\/\/www.vegaintro-projekti.com\/pilar-stari\/wp-content\/uploads\/2020\/10\/Skup_s_fi.jpg","type":"image\/jpeg"}],"author":"Boris","twitter_card":"summary_large_image","twitter_misc":{"Napisao\/la":"Boris","Procijenjeno vrijeme \u010ditanja":"1 minuta"},"schema":{"@context":"https:\/\/schema.org","@graph":[{"@type":"WebPage","@id":"https:\/\/www.vegaintro-projekti.com\/pilar-stari\/2020\/10\/suzana-sakic-i-paula-greiner-na-skupu-covid-19-u-humanistickoj-perspektivi-mutacije-straha-i-kulturne-promjene-28-30-9-2020\/","url":"https:\/\/www.vegaintro-projekti.com\/pilar-stari\/2020\/10\/suzana-sakic-i-paula-greiner-na-skupu-covid-19-u-humanistickoj-perspektivi-mutacije-straha-i-kulturne-promjene-28-30-9-2020\/","name":"Suzana Saki\u0107 i Paula Greiner na skupu \u201cCOVID-19 u humanisti\u010dkoj perspektivi: Mutacije straha i kulturne promjene\u201c, 28.-30. 9. 2020. - Institut dru&scaron;tvenih znanosti Ivo Pilar","isPartOf":{"@id":"https:\/\/www.vegaintro-projekti.com\/pilar-stari\/#website"},"datePublished":"2020-10-06T10:30:57+00:00","dateModified":"2020-10-16T18:23:11+00:00","author":{"@id":"https:\/\/www.vegaintro-projekti.com\/pilar-stari\/#\/schema\/person\/ddd404c9f1e15e4ffef5986ac6a5d28b"},"breadcrumb":{"@id":"https:\/\/www.vegaintro-projekti.com\/pilar-stari\/2020\/10\/suzana-sakic-i-paula-greiner-na-skupu-covid-19-u-humanistickoj-perspektivi-mutacije-straha-i-kulturne-promjene-28-30-9-2020\/#breadcrumb"},"inLanguage":"hr","potentialAction":[{"@type":"ReadAction","target":["https:\/\/www.vegaintro-projekti.com\/pilar-stari\/2020\/10\/suzana-sakic-i-paula-greiner-na-skupu-covid-19-u-humanistickoj-perspektivi-mutacije-straha-i-kulturne-promjene-28-30-9-2020\/"]}]},{"@type":"BreadcrumbList","@id":"https:\/\/www.vegaintro-projekti.com\/pilar-stari\/2020\/10\/suzana-sakic-i-paula-greiner-na-skupu-covid-19-u-humanistickoj-perspektivi-mutacije-straha-i-kulturne-promjene-28-30-9-2020\/#breadcrumb","itemListElement":[{"@type":"ListItem","position":1,"name":"Home","item":"https:\/\/www.vegaintro-projekti.com\/pilar-stari\/"},{"@type":"ListItem","position":2,"name":"Suzana Saki\u0107 i Paula Greiner na skupu \u201cCOVID-19 u humanisti\u010dkoj perspektivi: Mutacije straha i kulturne promjene\u201c, 28.-30. 9. 2020."}]},{"@type":"WebSite","@id":"https:\/\/www.vegaintro-projekti.com\/pilar-stari\/#website","url":"https:\/\/www.vegaintro-projekti.com\/pilar-stari\/","name":"Institut dru&scaron;tvenih znanosti Ivo Pilar","description":"Pilar","potentialAction":[{"@type":"SearchAction","target":{"@type":"EntryPoint","urlTemplate":"https:\/\/www.vegaintro-projekti.com\/pilar-stari\/?s={search_term_string}"},"query-input":"required name=search_term_string"}],"inLanguage":"hr"},{"@type":"Person","@id":"https:\/\/www.vegaintro-projekti.com\/pilar-stari\/#\/schema\/person\/ddd404c9f1e15e4ffef5986ac6a5d28b","name":"Boris","image":{"@type":"ImageObject","inLanguage":"hr","@id":"https:\/\/www.vegaintro-projekti.com\/pilar-stari\/#\/schema\/person\/image\/","url":"https:\/\/secure.gravatar.com\/avatar\/29557b161a6ce6ab86ac1503164f1e90?s=96&d=mm&r=g","contentUrl":"https:\/\/secure.gravatar.com\/avatar\/29557b161a6ce6ab86ac1503164f1e90?s=96&d=mm&r=g","caption":"Boris"},"url":"https:\/\/www.vegaintro-projekti.com\/pilar-stari\/author\/boris\/"}]}},"_links":{"self":[{"href":"https:\/\/www.vegaintro-projekti.com\/pilar-stari\/wp-json\/wp\/v2\/posts\/16912"}],"collection":[{"href":"https:\/\/www.vegaintro-projekti.com\/pilar-stari\/wp-json\/wp\/v2\/posts"}],"about":[{"href":"https:\/\/www.vegaintro-projekti.com\/pilar-stari\/wp-json\/wp\/v2\/types\/post"}],"author":[{"embeddable":true,"href":"https:\/\/www.vegaintro-projekti.com\/pilar-stari\/wp-json\/wp\/v2\/users\/7"}],"replies":[{"embeddable":true,"href":"https:\/\/www.vegaintro-projekti.com\/pilar-stari\/wp-json\/wp\/v2\/comments?post=16912"}],"version-history":[{"count":4,"href":"https:\/\/www.vegaintro-projekti.com\/pilar-stari\/wp-json\/wp\/v2\/posts\/16912\/revisions"}],"predecessor-version":[{"id":16916,"href":"https:\/\/www.vegaintro-projekti.com\/pilar-stari\/wp-json\/wp\/v2\/posts\/16912\/revisions\/16916"}],"wp:featuredmedia":[{"embeddable":true,"href":"https:\/\/www.vegaintro-projekti.com\/pilar-stari\/wp-json\/wp\/v2\/media\/16911"}],"wp:attachment":[{"href":"https:\/\/www.vegaintro-projekti.com\/pilar-stari\/wp-json\/wp\/v2\/media?parent=16912"}],"wp:term":[{"taxonomy":"category","embeddable":true,"href":"https:\/\/www.vegaintro-projekti.com\/pilar-stari\/wp-json\/wp\/v2\/categories?post=16912"},{"taxonomy":"post_tag","embeddable":true,"href":"https:\/\/www.vegaintro-projekti.com\/pilar-stari\/wp-json\/wp\/v2\/tags?post=16912"}],"curies":[{"name":"wp","href":"https:\/\/api.w.org\/{rel}","templated":true}]}}