{"id":16988,"date":"2020-10-26T11:34:32","date_gmt":"2020-10-26T11:34:32","guid":{"rendered":"https:\/\/www.vegaintro-projekti.com\/pilar-stari\/?p=16988"},"modified":"2022-01-17T16:58:22","modified_gmt":"2022-01-17T16:58:22","slug":"predstavljanje-leksikona-hrvatskoga-iseljenistva-i-manjina-zagreb-21-10-2020","status":"publish","type":"post","link":"https:\/\/www.vegaintro-projekti.com\/pilar-stari\/2020\/10\/predstavljanje-leksikona-hrvatskoga-iseljenistva-i-manjina-zagreb-21-10-2020\/","title":{"rendered":"Predstavljanje LEKSIKONA HRVATSKOGA ISELJENI\u0160TVA I MANJINA; Zagreb, 21. 10. 2020."},"content":{"rendered":"<p><strong><em>Leksikon hrvatskoga iseljeni\u0161tva i manjina<\/em>, objavljen u sunakladni\u0161tvu Instituta dru\u0161tvenih znanosti Ivo Pilar i Hrvatske matice iseljenika, predstavljen je 21. listopada 2020. u multimedijalnoj dvorani Kluba Matis u Hrvatskoj matici iseljenika.<\/strong> &#8211; <a href=\"#mediji\">Iz medija<\/a><\/p>\n<p><a href=\"https:\/\/www.vegaintro-projekti.com\/pilar-stari\/wp-content\/uploads\/2020\/10\/leksio-7.jpg\"><img decoding=\"async\" loading=\"lazy\" class=\"alignnone wp-image-16983 size-full\" src=\"https:\/\/www.vegaintro-projekti.com\/pilar-stari\/wp-content\/uploads\/2020\/10\/leksio-7s.jpg\" alt=\"\" width=\"620\" height=\"397\" srcset=\"https:\/\/www.vegaintro-projekti.com\/pilar-stari\/wp-content\/uploads\/2020\/10\/leksio-7s.jpg 620w, https:\/\/www.vegaintro-projekti.com\/pilar-stari\/wp-content\/uploads\/2020\/10\/leksio-7s-300x192.jpg 300w\" sizes=\"(max-width: 620px) 100vw, 620px\" \/><\/a><a href=\"https:\/\/www.vegaintro-projekti.com\/pilar-stari\/wp-content\/uploads\/2020\/10\/leksio-8.jpg\"><img decoding=\"async\" loading=\"lazy\" class=\"alignnone wp-image-16985 size-full\" src=\"https:\/\/www.vegaintro-projekti.com\/pilar-stari\/wp-content\/uploads\/2020\/10\/leksio-8s.jpg\" alt=\"\" width=\"620\" height=\"460\" srcset=\"https:\/\/www.vegaintro-projekti.com\/pilar-stari\/wp-content\/uploads\/2020\/10\/leksio-8s.jpg 620w, https:\/\/www.vegaintro-projekti.com\/pilar-stari\/wp-content\/uploads\/2020\/10\/leksio-8s-300x223.jpg 300w\" sizes=\"(max-width: 620px) 100vw, 620px\" \/><\/a><a href=\"https:\/\/www.vegaintro-projekti.com\/pilar-stari\/wp-content\/uploads\/2020\/10\/leksio-10.jpg\"><img decoding=\"async\" loading=\"lazy\" class=\"alignnone wp-image-16987 size-full\" src=\"https:\/\/www.vegaintro-projekti.com\/pilar-stari\/wp-content\/uploads\/2020\/10\/leksio-10s.jpg\" alt=\"\" width=\"620\" height=\"327\" srcset=\"https:\/\/www.vegaintro-projekti.com\/pilar-stari\/wp-content\/uploads\/2020\/10\/leksio-10s.jpg 620w, https:\/\/www.vegaintro-projekti.com\/pilar-stari\/wp-content\/uploads\/2020\/10\/leksio-10s-300x158.jpg 300w, https:\/\/www.vegaintro-projekti.com\/pilar-stari\/wp-content\/uploads\/2020\/10\/leksio-10s-310x165.jpg 310w\" sizes=\"(max-width: 620px) 100vw, 620px\" \/><\/a><a href=\"https:\/\/www.vegaintro-projekti.com\/pilar-stari\/wp-content\/uploads\/2020\/10\/leksio-5.jpg\"><img decoding=\"async\" loading=\"lazy\" class=\"alignnone wp-image-16981 size-full\" src=\"https:\/\/www.vegaintro-projekti.com\/pilar-stari\/wp-content\/uploads\/2020\/10\/leksio-5s.jpg\" alt=\"\" width=\"620\" height=\"389\" srcset=\"https:\/\/www.vegaintro-projekti.com\/pilar-stari\/wp-content\/uploads\/2020\/10\/leksio-5s.jpg 620w, https:\/\/www.vegaintro-projekti.com\/pilar-stari\/wp-content\/uploads\/2020\/10\/leksio-5s-300x188.jpg 300w\" sizes=\"(max-width: 620px) 100vw, 620px\" \/><\/a><\/p>\n<p><span style=\"font-size: 8pt;\"><strong>Predstavljanje LEKSIKONA HRVATSKOGA ISELJENI\u0160TVA I MANJINA; Zagreb, 21. 10. 2020.<\/strong><\/span><\/p>\n<p>O vi\u0161egodi\u0161njem projektu izrade <em>Leksikona<\/em> i objavljenom djelu govorili su: ravnatelj Hrvatske matice iseljenika <strong>prof. Mijo Mari\u0107<\/strong>, ravnatelj Instituta Pilar <strong>prof. dr. sc. \u017deljko Holjevac<\/strong>, recenzent <strong>prof. dr. sc. Vladimir P. Goss<\/strong>, ravnatelj Du\u0161obri\u017eni\u0161tva za Hrvate u inozemstvu <strong>dr. sc. Tomislav Marki\u0107<\/strong> te urednici <strong>prof. dr. sc. Vlado \u0160aki\u0107<\/strong> i <strong>dr. sc. Ljiljana Dobrov\u0161ak<\/strong>. Prisutnima se obratio i zamjenik dr\u017eavnoga tajnika <strong>Zvonka Milasa<\/strong> i izaslanik hrvatskoga premijera <strong>Dario Magdi\u0107<\/strong>. Prigodni glazbeni program izvela je operna umjetnica <strong>Antonela Malis<\/strong>, a promociju je vodila <strong>Vesna Kukavica<\/strong>, rukovoditeljica Odjela za nakladni\u0161tvo HMI. Broj uzvanika bio je ograni\u010den u skladu s odlukom lokalnoga sto\u017eera Civilne za\u0161tite grada Zagreba. Predstavljanje se u realnom vremenu moglo pratiti na Facebook stranici Hrvatske matice iseljenika.<\/p>\n<p><a id=\"mediji\"><\/a><span style=\"font-size: 14pt;\">Iz medija<\/span><\/p>\n<p><a href=\"https:\/\/www.facebook.com\/HRVATSKA-MATICA-ISELJENIKA-231777773503011\/photos\/a.1067807826566664\/3979473778733373\"><img decoding=\"async\" loading=\"lazy\" class=\"alignnone wp-image-17032 size-full\" src=\"https:\/\/www.vegaintro-projekti.com\/pilar-stari\/wp-content\/uploads\/2020\/11\/DJH_s.jpg\" alt=\"\" width=\"620\" height=\"270\" srcset=\"https:\/\/www.vegaintro-projekti.com\/pilar-stari\/wp-content\/uploads\/2020\/11\/DJH_s.jpg 620w, https:\/\/www.vegaintro-projekti.com\/pilar-stari\/wp-content\/uploads\/2020\/11\/DJH_s-300x131.jpg 300w\" sizes=\"(max-width: 620px) 100vw, 620px\" \/><\/a><\/p>\n<p><strong>HTV1 &#8211; Dobro jutro, Hrvatska, 30. 10. 2020.<\/strong><br \/>\n&#8211; <a href=\"https:\/\/www.facebook.com\/HRVATSKA-MATICA-ISELJENIKA-231777773503011\/photos\/a.1067807826566664\/3979473778733373\">https:\/\/www.facebook.com\/HRVATSKA-MATICA-ISELJENIKA-231777773503011\/photos\/a.1067807826566664\/3979473778733373<\/a><\/p>\n<p><strong>Historiografija.hr<\/strong><br \/>\n&#8211; <a href=\"http:\/\/historiografija.hr\/?p=23258&amp;fbclid=IwAR0I1dlYbf0PfTq_ia2nt5LWXTVvc4-PbnQDOVTI0CFww8GbrpI0ff8qwvM\">http:\/\/historiografija.hr\/?p=23258&amp;fbclid=IwAR0I1dlYbf0PfTq_ia2nt5LWXTVvc4-PbnQDOVTI0CFww8GbrpI0ff8qwvM<\/a><\/p>\n<p><strong>Informativna katoli\u010dka agencija<\/strong><br \/>\n&#8211; <a href=\"https:\/\/ika.hkm.hr\/novosti\/ukoriceno-leksikografsko-blago-hrvatskoga-iseljenistva-i-manjina\/\">https:\/\/ika.hkm.hr\/novosti\/ukoriceno-leksikografsko-blago-hrvatskoga-iseljenistva-i-manjina\/<\/a><\/p>\n<p><strong>Studia Craotica, Argentina, \u010cile, Urugvaj, Bolivija, Paragvaj<\/strong><br \/>\n&#8211; <a href=\"http:\/\/studiacroatica.blogspot.com\/2020\/10\/ukoriceno-leksikografsko-blago.html\">http:\/\/studiacroatica.blogspot.com\/2020\/10\/ukoriceno-leksikografsko-blago.html<\/a><\/p>\n<p><strong>Fenix- Magazin, inozemno izdanje Ve\u010dernjeg lista, Njema\u010dka<\/strong><br \/>\n&#8211; <a href=\"https:\/\/fenix-magazin.de\/ukoriceno-leksikografsko-blago-hrvatskoga-iseljenistva-i-manjina\/\">https:\/\/fenix-magazin.de\/ukoriceno-leksikografsko-blago-hrvatskoga-iseljenistva-i-manjina\/<\/a><\/p>\n<p><strong>Magazin \u2013 Hrvatska radiotelevizija<\/strong><br \/>\n&#8211; <a href=\"https:\/\/magazin.hrt.hr\/668670\/predstavljen-leksikon-hrvatskoga-iseljenistva-i-manjina\">https:\/\/magazin.hrt.hr\/668670\/predstavljen-leksikon-hrvatskoga-iseljenistva-i-manjina<\/a><\/p>\n<p><strong>Hina<\/strong><br \/>\n&#8211; <a href=\"https:\/\/www.hina.hr\/vijest\/10369785\">https:\/\/www.hina.hr\/vijest\/10369785<\/a><\/p>\n<p><strong>\u017diva zajednica, Njema\u010dka<\/strong><br \/>\n&#8211; <a href=\"http:\/\/www.zivazajednica.de\/zagreb-izisao-svibanjski-broj-casopisa-matica\/\">http:\/\/www.zivazajednica.de\/zagreb-izisao-svibanjski-broj-casopisa-matica\/<\/a><\/p>\n<p><strong>Studia Croatica, Argentina<\/strong><br \/>\n&#8211; <a href=\"http:\/\/studiacroatica.blogspot.com\/\">http:\/\/studiacroatica.blogspot.com\/<\/a><\/p>\n<p><strong>Radio Dux \u2013 portal, Crna Gora<\/strong><br \/>\n&#8211; <a href=\"http:\/\/www.radiodux.me\/vijesti\/kultura\/novi-broj-matice\">http:\/\/www.radiodux.me\/vijesti\/kultura\/novi-broj-matice<\/a><\/p>\n<p><strong>Glas Istre<\/strong><br \/>\n&#8211; <a href=\"https:\/\/www.glasistre.hr\/kultura\/izisao-svibanjski-broj-casopisa-matica-643414\">https:\/\/www.glasistre.hr\/kultura\/izisao-svibanjski-broj-casopisa-matica-643414<\/a><\/p>\n<p><strong>Oslobo\u0111enja, BiH, Kerigma Pia<\/strong><br \/>\n&#8211; <a href=\"https:\/\/kerigma-pia.hr\/ukoriceno-leksikografsko-blago-hrvatskoga-iseljenistva-i-manjina\/\">https:\/\/kerigma-pia.hr\/ukoriceno-leksikografsko-blago-hrvatskoga-iseljenistva-i-manjina\/<\/a><\/p>\n<p><strong>Hrvatski glas Berlin<\/strong><br \/>\n&#8211; <a href=\"https:\/\/hrvatskiglas-berlin.eu\/?p=202534\">https:\/\/hrvatskiglas-berlin.eu\/?p=202534<\/a><\/p>\n<p><strong>Hina \u2013 Hrvatska izvje\u0161tajna agencija<\/strong><br \/>\n&#8211; <a href=\"https:\/\/www.hina.hr\/vijest\/10499057\">https:\/\/www.hina.hr\/vijest\/10499057<\/a><\/p>\n<p><strong>Portal Moja domovina, \u0160vicarska<\/strong><br \/>\n&#8211; <a href=\"https:\/\/moja-domovina.net\/2020\/10\/16\/promocija-leksikona-hrvatskoga-iseljenistva-i-manjina\/\">https:\/\/moja-domovina.net\/2020\/10\/16\/promocija-leksikona-hrvatskoga-iseljenistva-i-manjina\/<\/a><\/p>\n<p><strong>Informativna katoli\u010dka agencija \u2013 Ika<\/strong><br \/>\n&#8211; <a href=\"https:\/\/ika.hkm.hr\/najave\/promocija-leksikona-hrvatskoga-iseljenistva-i-manjina\/\">https:\/\/ika.hkm.hr\/najave\/promocija-leksikona-hrvatskoga-iseljenistva-i-manjina\/<\/a><\/p>\n<p><strong>Hrvatska matica iseljenika<\/strong><br \/>\n&#8211; <a href=\"https:\/\/matis.hr\/najave\/predstavljanje-leksikona-hrvatskoga-iseljenistva-i-manjina-u-mat\">https:\/\/matis.hr\/najave\/predstavljanje-leksikona-hrvatskoga-iseljenistva-i-manjina-u-mat<\/a><\/p>\n<blockquote><p><a href=\"https:\/\/www.vegaintro-projekti.com\/pilar-stari\/wp-content\/uploads\/2020\/10\/Leksikon_hrvatskoga_iseljenistva_i_manjina_full.pdf\">Elektroni\u010dko izdanje Leksikona hrvatskoga iseljeni\u0161tva i manjina<\/a><\/p><\/blockquote>\n","protected":false},"excerpt":{"rendered":"<p>Leksikon hrvatskoga iseljeni\u0161tva i manjina, objavljen u sunakladni\u0161tvu Instituta dru\u0161tvenih znanosti Ivo Pilar i Hrvatske matice iseljenika, predstavljen je 21. listopada 2020. u multimedijalnoj dvorani Kluba Matis u Hrvatskoj matici iseljenika. &#8211; Iz medija Predstavljanje LEKSIKONA HRVATSKOGA ISELJENI\u0160TVA I MANJINA; Zagreb, 21. 10. 2020. O vi\u0161egodi\u0161njem projektu izrade Leksikona i objavljenom djelu govorili su: ravnatelj&hellip; <a class=\"continue\" href=\"https:\/\/www.vegaintro-projekti.com\/pilar-stari\/2020\/10\/predstavljanje-leksikona-hrvatskoga-iseljenistva-i-manjina-zagreb-21-10-2020\/\">Pro\u010ditaj vi\u0161e o<span> Predstavljanje LEKSIKONA HRVATSKOGA ISELJENI\u0160TVA I MANJINA; Zagreb, 21. 10. 2020.<\/span><\/a><\/p>\n","protected":false},"author":7,"featured_media":16993,"comment_status":"closed","ping_status":"closed","sticky":false,"template":"","format":"standard","meta":{"inline_featured_image":false,"ngg_post_thumbnail":0,"footnotes":""},"categories":[48,11],"tags":[],"yoast_head":"<!-- This site is optimized with the Yoast SEO plugin v21.2 - https:\/\/yoast.com\/wordpress\/plugins\/seo\/ -->\n<title>Predstavljanje LEKSIKONA HRVATSKOGA ISELJENI\u0160TVA I MANJINA; Zagreb, 21. 10. 2020. - Institut dru&scaron;tvenih znanosti Ivo Pilar<\/title>\n<meta name=\"robots\" content=\"noindex, follow, max-snippet:-1, max-image-preview:large, max-video-preview:-1\" \/>\n<meta property=\"og:locale\" content=\"hr_HR\" \/>\n<meta property=\"og:type\" content=\"article\" \/>\n<meta property=\"og:title\" content=\"Predstavljanje LEKSIKONA HRVATSKOGA ISELJENI\u0160TVA I MANJINA; Zagreb, 21. 10. 2020. - Institut dru&scaron;tvenih znanosti Ivo Pilar\" \/>\n<meta property=\"og:description\" content=\"Leksikon hrvatskoga iseljeni\u0161tva i manjina, objavljen u sunakladni\u0161tvu Instituta dru\u0161tvenih znanosti Ivo Pilar i Hrvatske matice iseljenika, predstavljen je 21. listopada 2020. u multimedijalnoj dvorani Kluba Matis u Hrvatskoj matici iseljenika. &#8211; Iz medija Predstavljanje LEKSIKONA HRVATSKOGA ISELJENI\u0160TVA I MANJINA; Zagreb, 21. 10. 2020. O vi\u0161egodi\u0161njem projektu izrade Leksikona i objavljenom djelu govorili su: ravnatelj&hellip; Pro\u010ditaj vi\u0161e o Predstavljanje LEKSIKONA HRVATSKOGA ISELJENI\u0160TVA I MANJINA; Zagreb, 21. 10. 2020.\" \/>\n<meta property=\"og:url\" content=\"https:\/\/www.vegaintro-projekti.com\/pilar-stari\/2020\/10\/predstavljanje-leksikona-hrvatskoga-iseljenistva-i-manjina-zagreb-21-10-2020\/\" \/>\n<meta property=\"og:site_name\" content=\"Institut dru&scaron;tvenih znanosti Ivo Pilar\" \/>\n<meta property=\"article:published_time\" content=\"2020-10-26T11:34:32+00:00\" \/>\n<meta property=\"article:modified_time\" content=\"2022-01-17T16:58:22+00:00\" \/>\n<meta property=\"og:image\" content=\"https:\/\/www.vegaintro-projekti.com\/pilar-stari\/wp-content\/uploads\/2020\/10\/leksio-8fi2.jpg\" \/>\n\t<meta property=\"og:image:width\" content=\"555\" \/>\n\t<meta property=\"og:image:height\" content=\"277\" \/>\n\t<meta property=\"og:image:type\" content=\"image\/jpeg\" \/>\n<meta name=\"author\" content=\"Boris\" \/>\n<meta name=\"twitter:card\" content=\"summary_large_image\" \/>\n<meta name=\"twitter:label1\" content=\"Napisao\/la\" \/>\n\t<meta name=\"twitter:data1\" content=\"Boris\" \/>\n\t<meta name=\"twitter:label2\" content=\"Procijenjeno vrijeme \u010ditanja\" \/>\n\t<meta name=\"twitter:data2\" content=\"2 minute\" \/>\n<script type=\"application\/ld+json\" class=\"yoast-schema-graph\">{\"@context\":\"https:\/\/schema.org\",\"@graph\":[{\"@type\":\"WebPage\",\"@id\":\"https:\/\/www.vegaintro-projekti.com\/pilar-stari\/2020\/10\/predstavljanje-leksikona-hrvatskoga-iseljenistva-i-manjina-zagreb-21-10-2020\/\",\"url\":\"https:\/\/www.vegaintro-projekti.com\/pilar-stari\/2020\/10\/predstavljanje-leksikona-hrvatskoga-iseljenistva-i-manjina-zagreb-21-10-2020\/\",\"name\":\"Predstavljanje LEKSIKONA HRVATSKOGA ISELJENI\u0160TVA I MANJINA; Zagreb, 21. 10. 2020. - Institut dru&scaron;tvenih znanosti Ivo Pilar\",\"isPartOf\":{\"@id\":\"https:\/\/www.vegaintro-projekti.com\/pilar-stari\/#website\"},\"datePublished\":\"2020-10-26T11:34:32+00:00\",\"dateModified\":\"2022-01-17T16:58:22+00:00\",\"author\":{\"@id\":\"https:\/\/www.vegaintro-projekti.com\/pilar-stari\/#\/schema\/person\/ddd404c9f1e15e4ffef5986ac6a5d28b\"},\"breadcrumb\":{\"@id\":\"https:\/\/www.vegaintro-projekti.com\/pilar-stari\/2020\/10\/predstavljanje-leksikona-hrvatskoga-iseljenistva-i-manjina-zagreb-21-10-2020\/#breadcrumb\"},\"inLanguage\":\"hr\",\"potentialAction\":[{\"@type\":\"ReadAction\",\"target\":[\"https:\/\/www.vegaintro-projekti.com\/pilar-stari\/2020\/10\/predstavljanje-leksikona-hrvatskoga-iseljenistva-i-manjina-zagreb-21-10-2020\/\"]}]},{\"@type\":\"BreadcrumbList\",\"@id\":\"https:\/\/www.vegaintro-projekti.com\/pilar-stari\/2020\/10\/predstavljanje-leksikona-hrvatskoga-iseljenistva-i-manjina-zagreb-21-10-2020\/#breadcrumb\",\"itemListElement\":[{\"@type\":\"ListItem\",\"position\":1,\"name\":\"Home\",\"item\":\"https:\/\/www.vegaintro-projekti.com\/pilar-stari\/\"},{\"@type\":\"ListItem\",\"position\":2,\"name\":\"Predstavljanje LEKSIKONA HRVATSKOGA ISELJENI\u0160TVA I MANJINA; Zagreb, 21. 10. 2020.\"}]},{\"@type\":\"WebSite\",\"@id\":\"https:\/\/www.vegaintro-projekti.com\/pilar-stari\/#website\",\"url\":\"https:\/\/www.vegaintro-projekti.com\/pilar-stari\/\",\"name\":\"Institut dru&scaron;tvenih znanosti Ivo Pilar\",\"description\":\"Pilar\",\"potentialAction\":[{\"@type\":\"SearchAction\",\"target\":{\"@type\":\"EntryPoint\",\"urlTemplate\":\"https:\/\/www.vegaintro-projekti.com\/pilar-stari\/?s={search_term_string}\"},\"query-input\":\"required name=search_term_string\"}],\"inLanguage\":\"hr\"},{\"@type\":\"Person\",\"@id\":\"https:\/\/www.vegaintro-projekti.com\/pilar-stari\/#\/schema\/person\/ddd404c9f1e15e4ffef5986ac6a5d28b\",\"name\":\"Boris\",\"image\":{\"@type\":\"ImageObject\",\"inLanguage\":\"hr\",\"@id\":\"https:\/\/www.vegaintro-projekti.com\/pilar-stari\/#\/schema\/person\/image\/\",\"url\":\"https:\/\/secure.gravatar.com\/avatar\/29557b161a6ce6ab86ac1503164f1e90?s=96&d=mm&r=g\",\"contentUrl\":\"https:\/\/secure.gravatar.com\/avatar\/29557b161a6ce6ab86ac1503164f1e90?s=96&d=mm&r=g\",\"caption\":\"Boris\"},\"url\":\"https:\/\/www.vegaintro-projekti.com\/pilar-stari\/author\/boris\/\"}]}<\/script>\n<!-- \/ Yoast SEO plugin. -->","yoast_head_json":{"title":"Predstavljanje LEKSIKONA HRVATSKOGA ISELJENI\u0160TVA I MANJINA; Zagreb, 21. 10. 2020. - Institut dru&scaron;tvenih znanosti Ivo Pilar","robots":{"index":"noindex","follow":"follow","max-snippet":"max-snippet:-1","max-image-preview":"max-image-preview:large","max-video-preview":"max-video-preview:-1"},"og_locale":"hr_HR","og_type":"article","og_title":"Predstavljanje LEKSIKONA HRVATSKOGA ISELJENI\u0160TVA I MANJINA; Zagreb, 21. 10. 2020. - Institut dru&scaron;tvenih znanosti Ivo Pilar","og_description":"Leksikon hrvatskoga iseljeni\u0161tva i manjina, objavljen u sunakladni\u0161tvu Instituta dru\u0161tvenih znanosti Ivo Pilar i Hrvatske matice iseljenika, predstavljen je 21. listopada 2020. u multimedijalnoj dvorani Kluba Matis u Hrvatskoj matici iseljenika. &#8211; Iz medija Predstavljanje LEKSIKONA HRVATSKOGA ISELJENI\u0160TVA I MANJINA; Zagreb, 21. 10. 2020. O vi\u0161egodi\u0161njem projektu izrade Leksikona i objavljenom djelu govorili su: ravnatelj&hellip; Pro\u010ditaj vi\u0161e o Predstavljanje LEKSIKONA HRVATSKOGA ISELJENI\u0160TVA I MANJINA; Zagreb, 21. 10. 2020.","og_url":"https:\/\/www.vegaintro-projekti.com\/pilar-stari\/2020\/10\/predstavljanje-leksikona-hrvatskoga-iseljenistva-i-manjina-zagreb-21-10-2020\/","og_site_name":"Institut dru&scaron;tvenih znanosti Ivo Pilar","article_published_time":"2020-10-26T11:34:32+00:00","article_modified_time":"2022-01-17T16:58:22+00:00","og_image":[{"width":555,"height":277,"url":"https:\/\/www.vegaintro-projekti.com\/pilar-stari\/wp-content\/uploads\/2020\/10\/leksio-8fi2.jpg","type":"image\/jpeg"}],"author":"Boris","twitter_card":"summary_large_image","twitter_misc":{"Napisao\/la":"Boris","Procijenjeno vrijeme \u010ditanja":"2 minute"},"schema":{"@context":"https:\/\/schema.org","@graph":[{"@type":"WebPage","@id":"https:\/\/www.vegaintro-projekti.com\/pilar-stari\/2020\/10\/predstavljanje-leksikona-hrvatskoga-iseljenistva-i-manjina-zagreb-21-10-2020\/","url":"https:\/\/www.vegaintro-projekti.com\/pilar-stari\/2020\/10\/predstavljanje-leksikona-hrvatskoga-iseljenistva-i-manjina-zagreb-21-10-2020\/","name":"Predstavljanje LEKSIKONA HRVATSKOGA ISELJENI\u0160TVA I MANJINA; Zagreb, 21. 10. 2020. - Institut dru&scaron;tvenih znanosti Ivo Pilar","isPartOf":{"@id":"https:\/\/www.vegaintro-projekti.com\/pilar-stari\/#website"},"datePublished":"2020-10-26T11:34:32+00:00","dateModified":"2022-01-17T16:58:22+00:00","author":{"@id":"https:\/\/www.vegaintro-projekti.com\/pilar-stari\/#\/schema\/person\/ddd404c9f1e15e4ffef5986ac6a5d28b"},"breadcrumb":{"@id":"https:\/\/www.vegaintro-projekti.com\/pilar-stari\/2020\/10\/predstavljanje-leksikona-hrvatskoga-iseljenistva-i-manjina-zagreb-21-10-2020\/#breadcrumb"},"inLanguage":"hr","potentialAction":[{"@type":"ReadAction","target":["https:\/\/www.vegaintro-projekti.com\/pilar-stari\/2020\/10\/predstavljanje-leksikona-hrvatskoga-iseljenistva-i-manjina-zagreb-21-10-2020\/"]}]},{"@type":"BreadcrumbList","@id":"https:\/\/www.vegaintro-projekti.com\/pilar-stari\/2020\/10\/predstavljanje-leksikona-hrvatskoga-iseljenistva-i-manjina-zagreb-21-10-2020\/#breadcrumb","itemListElement":[{"@type":"ListItem","position":1,"name":"Home","item":"https:\/\/www.vegaintro-projekti.com\/pilar-stari\/"},{"@type":"ListItem","position":2,"name":"Predstavljanje LEKSIKONA HRVATSKOGA ISELJENI\u0160TVA I MANJINA; Zagreb, 21. 10. 2020."}]},{"@type":"WebSite","@id":"https:\/\/www.vegaintro-projekti.com\/pilar-stari\/#website","url":"https:\/\/www.vegaintro-projekti.com\/pilar-stari\/","name":"Institut dru&scaron;tvenih znanosti Ivo Pilar","description":"Pilar","potentialAction":[{"@type":"SearchAction","target":{"@type":"EntryPoint","urlTemplate":"https:\/\/www.vegaintro-projekti.com\/pilar-stari\/?s={search_term_string}"},"query-input":"required name=search_term_string"}],"inLanguage":"hr"},{"@type":"Person","@id":"https:\/\/www.vegaintro-projekti.com\/pilar-stari\/#\/schema\/person\/ddd404c9f1e15e4ffef5986ac6a5d28b","name":"Boris","image":{"@type":"ImageObject","inLanguage":"hr","@id":"https:\/\/www.vegaintro-projekti.com\/pilar-stari\/#\/schema\/person\/image\/","url":"https:\/\/secure.gravatar.com\/avatar\/29557b161a6ce6ab86ac1503164f1e90?s=96&d=mm&r=g","contentUrl":"https:\/\/secure.gravatar.com\/avatar\/29557b161a6ce6ab86ac1503164f1e90?s=96&d=mm&r=g","caption":"Boris"},"url":"https:\/\/www.vegaintro-projekti.com\/pilar-stari\/author\/boris\/"}]}},"_links":{"self":[{"href":"https:\/\/www.vegaintro-projekti.com\/pilar-stari\/wp-json\/wp\/v2\/posts\/16988"}],"collection":[{"href":"https:\/\/www.vegaintro-projekti.com\/pilar-stari\/wp-json\/wp\/v2\/posts"}],"about":[{"href":"https:\/\/www.vegaintro-projekti.com\/pilar-stari\/wp-json\/wp\/v2\/types\/post"}],"author":[{"embeddable":true,"href":"https:\/\/www.vegaintro-projekti.com\/pilar-stari\/wp-json\/wp\/v2\/users\/7"}],"replies":[{"embeddable":true,"href":"https:\/\/www.vegaintro-projekti.com\/pilar-stari\/wp-json\/wp\/v2\/comments?post=16988"}],"version-history":[{"count":11,"href":"https:\/\/www.vegaintro-projekti.com\/pilar-stari\/wp-json\/wp\/v2\/posts\/16988\/revisions"}],"predecessor-version":[{"id":17035,"href":"https:\/\/www.vegaintro-projekti.com\/pilar-stari\/wp-json\/wp\/v2\/posts\/16988\/revisions\/17035"}],"wp:featuredmedia":[{"embeddable":true,"href":"https:\/\/www.vegaintro-projekti.com\/pilar-stari\/wp-json\/wp\/v2\/media\/16993"}],"wp:attachment":[{"href":"https:\/\/www.vegaintro-projekti.com\/pilar-stari\/wp-json\/wp\/v2\/media?parent=16988"}],"wp:term":[{"taxonomy":"category","embeddable":true,"href":"https:\/\/www.vegaintro-projekti.com\/pilar-stari\/wp-json\/wp\/v2\/categories?post=16988"},{"taxonomy":"post_tag","embeddable":true,"href":"https:\/\/www.vegaintro-projekti.com\/pilar-stari\/wp-json\/wp\/v2\/tags?post=16988"}],"curies":[{"name":"wp","href":"https:\/\/api.w.org\/{rel}","templated":true}]}}