{"id":170,"date":"2017-11-26T21:42:59","date_gmt":"2017-11-26T21:42:59","guid":{"rendered":"https:\/\/www.vegaintro-projekti.com\/pilar-stari\/2008\/11\/09\/asopis-pregled-sadraja\/"},"modified":"2025-04-13T14:00:19","modified_gmt":"2025-04-13T14:00:19","slug":"asopis-pregled-sadraja","status":"publish","type":"post","link":"https:\/\/www.vegaintro-projekti.com\/pilar-stari\/2017\/11\/asopis-pregled-sadraja\/","title":{"rendered":"\u010casopis Pilar &#8211; pregled sadr\u017eaja"},"content":{"rendered":"<p>&nbsp;<\/p>\n<p>\u25cf&nbsp;<a href=\"#1\">Godi\u0161te I. (2006.), broj 1&nbsp;(1)<\/a> \u25cf&nbsp;<a href=\"#2\">Godi\u0161te I. (2006.), broj 2 (2): international edition<\/a> \u25cf&nbsp;<a href=\"#3\">Godi\u0161te II. (2007.), broj&nbsp;1 (3)<\/a> \u25cf&nbsp;<a href=\"#4\">Godi\u0161te II. (2007.), broj 2 (4)<\/a> \u25cf <a href=\"#5\">Godi\u0161te III. (2008.), broj&nbsp;1 (5)<\/a> \u25cf&nbsp;<a href=\"#6\">Godi\u0161te III. (2008.), broj&nbsp;2 (6)<\/a> \u25cf&nbsp;<a href=\"#7-8\">Godi\u0161te IV. (2009.), broj&nbsp;1-2 (7-8): international edition<\/a> \u25cf&nbsp;<a href=\"#9\">Godi\u0161te V. (2010.), broj&nbsp;1 (9)<\/a> \u25cf <a href=\"#10\">Godi\u0161te V. (2010.), broj 2 (10)<\/a> \u25cf <a href=\"#11\">Godi\u0161te VI. (2011.), broj 1 (11)<\/a> \u25cf <a href=\"#12\">Godi\u0161te VI. (2011.), broj&nbsp;2 (12)<\/a> \u25cf&nbsp;<a href=\"#13\">Godi\u0161te VII. (2012.), broj 1 (13)<\/a>&nbsp;\u25cf&nbsp;<a href=\"#br_14\">Godi\u0161te VII. (2012.), broj 2 (14)<\/a> \u25cf&nbsp;<a href=\"#br_15-16\">Godi\u0161te VIII. (2013.), broj 1-2 (15-16)<\/a><a href=\"#br_14\">&nbsp;<\/a>\u25cf&nbsp;<a href=\"#br_17-18\">Godi\u0161te IX. (2014.), broj 1-2 (17-18)<\/a>&nbsp;\u25cf&nbsp;<a href=\"#br19-20\">Godi\u0161te X. (2015.), broj 1-2 (19-20)<\/a> &nbsp; \u25cf&nbsp;<a href=\"#pi21\">Godi\u0161te XI. (2016.), broj 1 (21)<\/a> \u25cf&nbsp;<a href=\"#pi22\">Godi\u0161te XI. (2016.), broj 2 (22)<\/a> \u25cf&nbsp;<a href=\"#pi23\">Godi\u0161te XII. (2017.), broj 1 (23)<\/a> \u25cf&nbsp;<a href=\"#pi24\">Godi\u0161te XII. (2017.), broj 2 (24)<\/a> &nbsp;\u25cf <a href=\"#p25-26\">Godi\u0161te XIII. (2018.), broj 1 (25) &#8211; 2(26)<\/a> \u25cf <a href=\"#br27-28\">Godi\u0161te XIV. (2019.), broj 1 (27) &#8211; 2(28)<\/a> \u25cf <a href=\"#br29-30\">Godi\u0161te XV. (2020.), broj 1(29) &#8211; 2(30)<\/a> \u25cf <a href=\"#br31_21\">Godi\u0161te XVI. (2021.), broj 1 (31)<\/a> \u25cf <a href=\"#g22_32\">Godi\u0161te XVII. (2022.), broj 1 (32)<\/a> \u25cf <a href=\"#g23b33\">Godi\u0161te XVIII. (2023.), broj 33<\/a> \u25cf <a href=\"#br34\">Godi\u0161te XIX. (2024.), broj 34<\/a><\/p>\n<p><a name=\"1\"><\/a>&nbsp;<\/p>\n<p><span style=\"font-size: 12pt;\">Godi\u0161te I. (2006.), broj 1 (1)<\/span><\/p>\n<p><a href=\"https:\/\/www.vegaintro-projekti.com\/pilar-stari\/wp-content\/images\/stories\/fotografije\/casopis-pilar\/p_01_korice.jpg\">Naslovnica<\/a> \/&nbsp;<a href=\"https:\/\/www.vegaintro-projekti.com\/pilar-stari\/wp-content\/images\/stories\/dokumenti\/casopis_pilar\/br_1\/pilar_01_01.pdf\">Impresum<\/a> \/&nbsp;<a href=\"https:\/\/www.vegaintro-projekti.com\/pilar-stari\/wp-content\/images\/stories\/dokumenti\/casopis_pilar\/br_1\/pilar_01_02.pdf\">Sadr\u017eaj<\/a><\/p>\n<p><a href=\"https:\/\/www.vegaintro-projekti.com\/pilar-stari\/wp-content\/images\/stories\/dokumenti\/casopis_pilar\/br_1\/pilar_01_02.pdf\">&nbsp;<\/a><a href=\"https:\/\/www.vegaintro-projekti.com\/pilar-stari\/wp-content\/images\/stories\/dokumenti\/casopis_pilar\/br_1\/pilar_01_03.pdf\">Rije\u010d uredni\u0161tva<\/a><\/p>\n<p>RASPRAVE<\/p>\n<p>Sre\u0107ko LIPOV\u010cAN: <a href=\"https:\/\/www.vegaintro-projekti.com\/pilar-stari\/wp-content\/images\/stories\/dokumenti\/casopis_pilar\/br_1\/pilar_01_05.pdf\">Dr. Ivo Pilar (1874.-1933.): \u017divot i djelo (Nacrt)<\/a><br \/>\nStjepan MATKOVI\u0106: <a href=\"https:\/\/www.vegaintro-projekti.com\/pilar-stari\/wp-content\/images\/stories\/dokumenti\/casopis_pilar\/br_1\/pilar_01_11.pdf\">Ivo Pilar i Robert W. Seton-Watson (Dva pogleda na ju\u017enoslavensko pitanje)<\/a><br \/>\nJure KRI\u0160TO: <a href=\"https:\/\/www.vegaintro-projekti.com\/pilar-stari\/wp-content\/images\/stories\/dokumenti\/casopis_pilar\/br_1\/pilar_01_24.pdf\">Ivo Pilar i suvremena hrvatska geopolitika<\/a><br \/>\nAndrej RAHTEN: <a href=\"https:\/\/www.vegaintro-projekti.com\/pilar-stari\/wp-content\/images\/stories\/dokumenti\/casopis_pilar\/br_1\/pilar_01_31.pdf\">Ideja Srednje Europe u slovenskoj politi\u010dkoj misli<\/a><br \/>\nZlatko MATIJEVI\u0106: <a href=\"https:\/\/www.vegaintro-projekti.com\/pilar-stari\/wp-content\/images\/stories\/dokumenti\/casopis_pilar\/br_1\/pilar_01_36.pdf\">Dr. Ivo Pilar i problem Crkve bosanske (&#8220;bogumilstvo&#8221;)<\/a><br \/>\nVine MIHALJEVI\u0106: <a href=\"https:\/\/www.vegaintro-projekti.com\/pilar-stari\/wp-content\/images\/stories\/dokumenti\/casopis_pilar\/br_1\/pilar_01_43.pdf\">Dr. Ivo Pilar i bosanski franjevci \u2014 suglasja i sporovi (Prilog istra\u017eivanju)<\/a><br \/>\nMira KOLAR: <a href=\"https:\/\/www.vegaintro-projekti.com\/pilar-stari\/wp-content\/images\/stories\/dokumenti\/casopis_pilar\/br_1\/pilar_01_50.pdf\">Dr. Ivo Pilar i akcija za povratak punog vlasni\u0161tva ku\u0107evlasnicima nad njihovim nekretninama (1920.-1933.)<\/a><br \/>\nKre\u0161imir BELO\u0160EVI\u0106: <a href=\"https:\/\/www.vegaintro-projekti.com\/pilar-stari\/wp-content\/images\/stories\/dokumenti\/casopis_pilar\/br_1\/pilar_01_56.pdf\">Dr. Ivo Pilar \u2014 prvi predsjednik Vegetarskog dru\u0161tva (Po\u010detci organiziranog vegetarijanskog pokreta u Hrvatskoj)<\/a><\/p>\n<p>GRA\u0110A<\/p>\n<p>Dr. Ivo Pilar: <a href=\"https:\/\/www.vegaintro-projekti.com\/pilar-stari\/wp-content\/images\/stories\/dokumenti\/casopis_pilar\/br_1\/pilar_01_61.pdf\">Diktat geopoliti\u010dkog polo\u017eaja<\/a><br \/>\nDr. Ivo Pilar: <a href=\"https:\/\/www.vegaintro-projekti.com\/pilar-stari\/wp-content\/images\/stories\/dokumenti\/casopis_pilar\/br_1\/pilar_01_65.pdf\">Jo\u0161 o Bogumilstvu i o &#8220;Bosanskoj crkvi&#8221;<\/a><br \/>\nDr. Ivo Pilar: <a href=\"https:\/\/www.vegaintro-projekti.com\/pilar-stari\/wp-content\/images\/stories\/dokumenti\/casopis_pilar\/br_1\/pilar_01_69.pdf\">Bosansko bogomilstvo i Grgur Ninski<\/a><br \/>\n<a href=\"https:\/\/www.vegaintro-projekti.com\/pilar-stari\/wp-content\/images\/stories\/dokumenti\/casopis_pilar\/br_1\/pilar_01_72.pdf\">Dvije oporuke Ive Pilara<\/a><\/p>\n<p>INICIJATIVE<\/p>\n<p><a href=\"https:\/\/www.vegaintro-projekti.com\/pilar-stari\/wp-content\/images\/stories\/dokumenti\/casopis_pilar\/br_1\/pilar_01_75.pdf\">Za\u0161to je potrebno ponovno prevesti i kao kriti\u010dko izdanje objaviti Pilarovo Ju\u017enoslavensko pitanje?<\/a> (S. Lipov\u010dan)<\/p>\n<p>OCJENE I PRIKAZI<\/p>\n<p><a href=\"https:\/\/www.vegaintro-projekti.com\/pilar-stari\/wp-content\/images\/stories\/dokumenti\/casopis_pilar\/br_1\/pilar_01_79.pdf\">Ivo PERI\u0106, Vladko Ma\u010dek. Politi\u010dki portret<\/a> (Z. Matijevi\u0107)<br \/>\n<a href=\"https:\/\/www.vegaintro-projekti.com\/pilar-stari\/wp-content\/images\/stories\/dokumenti\/casopis_pilar\/br_1\/pilar_01_80.pdf\">Elisabeth KOVACS, Untergang oder Rettung der Donaumonarchie? Die Osterreichische Frage. Kaiser und Konig Karl I. (IV.) und die Neuordnung Mitteleuropas (1916-1922), knj. 1, 800 str., i Kaiser und Konig Karl I. (IV.). Politische Dokumente aus internationalen Archiven, knj. 2<\/a> (S. Matkovi\u0107)<br \/>\n<a href=\"https:\/\/www.vegaintro-projekti.com\/pilar-stari\/wp-content\/images\/stories\/dokumenti\/casopis_pilar\/br_1\/pilar_01_82.pdf\">Narodne novine. Zbornik uz 170. obljetnicu neprekinutoga izla\u017eenja 1835.- 2005.<\/a> (Z. Matijevi\u0107)<br \/>\n<a href=\"https:\/\/www.vegaintro-projekti.com\/pilar-stari\/wp-content\/images\/stories\/dokumenti\/casopis_pilar\/br_1\/pilar_01_83_1.pdf\">Hrvatska politika u XX. stolje\u0107u<\/a> (S. Lipov\u010dan)<br \/>\n<a href=\"https:\/\/www.vegaintro-projekti.com\/pilar-stari\/wp-content\/images\/stories\/dokumenti\/casopis_pilar\/br_1\/pilar_01_83.pdf\">Zlatko MATIJEVI\u0106, U sjeni dvaju orlova. Prilozi crkveno-nacionalnoj povijesti u Hrvata u prvim desetlje\u0107ima 20. stolje\u0107a<\/a> (S. Matkovi\u0107)<\/p>\n<p>KRONIKA<\/p>\n<p><a href=\"https:\/\/www.vegaintro-projekti.com\/pilar-stari\/wp-content\/images\/stories\/dokumenti\/casopis_pilar\/br_1\/pilar_01_86.pdf\">&#8220;Pilarovske teme&#8221; na Annalesu 2004.<\/a> \u25cf <a href=\"https:\/\/www.vegaintro-projekti.com\/pilar-stari\/wp-content\/images\/stories\/dokumenti\/casopis_pilar\/br_1\/pilar_01_86.pdf\">Televizijski film o Ivi Pilaru (HRT, Zagreb)<\/a> \u25cf <a href=\"https:\/\/www.vegaintro-projekti.com\/pilar-stari\/wp-content\/images\/stories\/dokumenti\/casopis_pilar\/br_1\/pilar_01_86.pdf\">Godi\u0161njak Pilar, br. 1 i 2<\/a> \u25cf <a href=\"https:\/\/www.vegaintro-projekti.com\/pilar-stari\/wp-content\/images\/stories\/dokumenti\/casopis_pilar\/br_1\/pilar_01_86.pdf\">&#8220;Tema Pilar&#8221; u \u010dasopisu Hrvatska revija<\/a> \u25cf <a href=\"https:\/\/www.vegaintro-projekti.com\/pilar-stari\/wp-content\/images\/stories\/dokumenti\/casopis_pilar\/br_1\/pilar_01_86.pdf\">Znanstvena ekskurzija djelatnika Instituta u BiH<\/a><\/p>\n<p><a href=\"https:\/\/www.vegaintro-projekti.com\/pilar-stari\/wp-content\/images\/stories\/dokumenti\/casopis_pilar\/br_1\/pilar_01_88.pdf\">BIBLIOGRAFIJA RADOVA IVE PILARA<\/a><br \/>\n<a href=\"https:\/\/www.vegaintro-projekti.com\/pilar-stari\/wp-content\/images\/stories\/dokumenti\/casopis_pilar\/br_1\/pilar_01_91_1.pdf\">NOVOOBJAVLJENA GRA\u0110A O IVI PILARU (nakon 2002.)<\/a><br \/>\n<a href=\"https:\/\/www.vegaintro-projekti.com\/pilar-stari\/wp-content\/images\/stories\/dokumenti\/casopis_pilar\/br_1\/pilar_01_91.pdf\">BIBLIOGRAFIJA RADOVA O IVI PILARU<\/a><\/p>\n<p><a name=\"2\"><\/a>&nbsp;<\/p>\n<p><span style=\"font-size: 12pt;\">Godi\u0161te I. (2006.), broj 2 (2)<\/span><br \/>\nINTERNATIONAL EDITION<\/p>\n<p><a href=\"https:\/\/www.vegaintro-projekti.com\/pilar-stari\/wp-content\/images\/stories\/fotografije\/casopis-pilar\/p_02_korice.jpg\">Naslovnica<\/a> \/&nbsp;<a href=\"https:\/\/www.vegaintro-projekti.com\/pilar-stari\/wp-content\/images\/stories\/dokumenti\/casopis_pilar\/br_2\/pilar_02_01.pdf\">Impressum<\/a> \/&nbsp;<a href=\"https:\/\/www.vegaintro-projekti.com\/pilar-stari\/wp-content\/images\/stories\/dokumenti\/casopis_pilar\/br_2\/pilar_02_02.pdf\">Contents<\/a><\/p>\n<p><a href=\"https:\/\/www.vegaintro-projekti.com\/pilar-stari\/wp-content\/images\/stories\/dokumenti\/casopis_pilar\/br_2\/pilar_02_02.pdf\">&nbsp;<\/a><a href=\"https:\/\/www.vegaintro-projekti.com\/pilar-stari\/wp-content\/images\/stories\/dokumenti\/casopis_pilar\/br_2\/pilar_02_03.pdf\">Editorial<\/a><\/p>\n<p>TREATISES<\/p>\n<p>Sre\u0107ko LIPOV\u010cAN: <a href=\"https:\/\/www.vegaintro-projekti.com\/pilar-stari\/wp-content\/images\/stories\/dokumenti\/casopis_pilar\/br_2\/pilar_02_05.pdf\">A Portrait of Ivo Pilar<\/a><br \/>\nStjepan MATKOVI\u0106: <a href=\"https:\/\/www.vegaintro-projekti.com\/pilar-stari\/wp-content\/images\/stories\/dokumenti\/casopis_pilar\/br_2\/pilar_02_08.pdf\">Ivo Pilar and Robert William Seton-Watson: two Political Viewpoints on the Southern Slav Question<\/a><br \/>\nSre\u0107ko LIPOV\u010cAN: <a href=\"https:\/\/www.vegaintro-projekti.com\/pilar-stari\/wp-content\/images\/stories\/dokumenti\/casopis_pilar\/br_2\/pilar_02_21.pdf\">Pilar&#8217;s work The South Slav Question: on the Origin of the Manuscript and the Fate of the first (Viennese) Edition<\/a><br \/>\nJure KRI\u0160TO: <a href=\"https:\/\/www.vegaintro-projekti.com\/pilar-stari\/wp-content\/images\/stories\/dokumenti\/casopis_pilar\/br_2\/pilar_02_28.pdf\">Ivo Pilar&#8217;s Role in the Organization of Croats in Bosnia and Hercegovina<\/a><br \/>\nZlatko MATIJEVI\u0106: <a href=\"https:\/\/www.vegaintro-projekti.com\/pilar-stari\/wp-content\/images\/stories\/dokumenti\/casopis_pilar\/br_2\/pilar_02_34.pdf\">The Political Activities of Dr. Ivo Pilar on the Eve of the Demise of the Habsburg Monarchy (1915-1918)<\/a><br \/>\nVlado \u0160AKI\u0106: <a href=\"https:\/\/www.vegaintro-projekti.com\/pilar-stari\/wp-content\/images\/stories\/dokumenti\/casopis_pilar\/br_2\/pilar_02_44.pdf\">An Overview of The Struggle for the Value of the Ego or an Introduction to &#8220;Pilar&#8217;s Psichology&#8221;<\/a><\/p>\n<p>DOCUMENTS<\/p>\n<p>Ivo Pilar: <a href=\"https:\/\/www.vegaintro-projekti.com\/pilar-stari\/wp-content\/images\/stories\/dokumenti\/casopis_pilar\/br_2\/pilar_02_55.pdf\">Promemoria\u00fcber die L\u00f6sung der s\u00fcdslawischen Frage<\/a><br \/>\nIvo Pilar: <a href=\"https:\/\/www.vegaintro-projekti.com\/pilar-stari\/wp-content\/images\/stories\/dokumenti\/casopis_pilar\/br_2\/pilar_02_59.pdf\">Denkschrift \u00fcber die s\u00fcdslawische Frage<\/a><br \/>\nIvo Pilar: <a href=\"https:\/\/www.vegaintro-projekti.com\/pilar-stari\/wp-content\/images\/stories\/dokumenti\/casopis_pilar\/br_2\/pilar_02_62.pdf\">Endg\u00fcltiger Entwurf zu einem Memorandum<\/a><br \/>\nL. v. S\u00fcdland: <a href=\"https:\/\/www.vegaintro-projekti.com\/pilar-stari\/wp-content\/images\/stories\/dokumenti\/casopis_pilar\/br_2\/pilar_02_65.pdf\">Das s\u00fcdslawische Problem im Habsburgerreiche<\/a><br \/>\nIvo Pilar: <a href=\"https:\/\/www.vegaintro-projekti.com\/pilar-stari\/wp-content\/images\/stories\/dokumenti\/casopis_pilar\/br_2\/pilar_02_69.pdf\">Die gegenw\u00e4rtige parteipolitische lage in Bosnien<\/a><\/p>\n<p>ESSAYS, REVIEWS<\/p>\n<p><a href=\"https:\/\/www.vegaintro-projekti.com\/pilar-stari\/wp-content\/images\/stories\/dokumenti\/casopis_pilar\/br_2\/pilar_02_72.pdf\">Ivo PERI\u0106, Vladko Ma\u010dek. Politi\u010dki portret (Vladko Ma\u010dek. A Political Portrait)<\/a><br \/>\n<a href=\"https:\/\/www.vegaintro-projekti.com\/pilar-stari\/wp-content\/images\/stories\/dokumenti\/casopis_pilar\/br_2\/pilar_02_73.pdf\">Narodne novine. Zbornik uz 170. obljetnicu neprekinutoga izla\u017eenja 1835.-2005. (Narodne novine. An Anthology Marking the 170th Anniversary of Uninterrupted Publication, 1835-2005)<\/a><br \/>\n<a href=\"https:\/\/www.vegaintro-projekti.com\/pilar-stari\/wp-content\/images\/stories\/dokumenti\/casopis_pilar\/br_2\/pilar_02_74.pdf\">Hrvatska politika u XX. stolje\u0107u. Zbornik radova (20th Century Croatian Politics. Collected Papers and Studies)<\/a><br \/>\n<a href=\"https:\/\/www.vegaintro-projekti.com\/pilar-stari\/wp-content\/images\/stories\/dokumenti\/casopis_pilar\/br_2\/pilar_02_75.pdf\">Zlatko Matijevi\u0107: U sjeni dvaju orlova. Prilozi crkveno-nacionalnoj povijesti u Hrvata u prvim desetlje\u0107ima 20. stolje\u0107a (In the Shade of Two Eagles. Contributions to the Clerical-National History of Croats in the First Decades of the 20th Century)<\/a><\/p>\n<p>CHRONICLE<\/p>\n<p><a href=\"https:\/\/www.vegaintro-projekti.com\/pilar-stari\/wp-content\/images\/stories\/dokumenti\/casopis_pilar\/br_2\/pilar_02_78.pdf\">&#8220;Pilaresque Topics&#8221; at the Annales Pilar Scientific Convention<\/a> \u25cf <a href=\"https:\/\/www.vegaintro-projekti.com\/pilar-stari\/wp-content\/images\/stories\/dokumenti\/casopis_pilar\/br_2\/pilar_02_78.pdf\">Ivo Pilar &#8211; &#8220;Persona Non Grata&#8221;<\/a> \u25cf <a href=\"https:\/\/www.vegaintro-projekti.com\/pilar-stari\/wp-content\/images\/stories\/dokumenti\/casopis_pilar\/br_2\/pilar_02_78.pdf\">The Pilar Annual: Volume I (2001) and Volume II (2002)<\/a> \u25cf <a href=\"https:\/\/www.vegaintro-projekti.com\/pilar-stari\/wp-content\/images\/stories\/dokumenti\/casopis_pilar\/br_2\/pilar_02_78.pdf\">&#8220;The Pilar Topic&#8221; in Hrvatska revija<\/a> \u25cf <a href=\"https:\/\/www.vegaintro-projekti.com\/pilar-stari\/wp-content\/images\/stories\/dokumenti\/casopis_pilar\/br_2\/pilar_02_78.pdf\">&#8220;Following the Bosnian Path of Ivo Pilar and the Path of the Franciscan Province of Bosna Srebrena&#8221;<\/a><\/p>\n<p>APPENDIX<\/p>\n<p><a href=\"https:\/\/www.vegaintro-projekti.com\/pilar-stari\/wp-content\/images\/stories\/dokumenti\/casopis_pilar\/br_2\/pilar_02_81.pdf\">Bibliography of the Publications of Ivo Pilar (a Selection)<\/a><br \/>\n<a href=\"https:\/\/www.vegaintro-projekti.com\/pilar-stari\/wp-content\/images\/stories\/dokumenti\/casopis_pilar\/br_2\/pilar_02_83.pdf\">Literature on Ivo Pilar (a Selection)<\/a><\/p>\n<p><a name=\"3\"><\/a>&nbsp;<\/p>\n<p><span style=\"font-size: 12pt;\">Godi\u0161te II. (2007.), broj 1 (3)<\/span><\/p>\n<p><a href=\"https:\/\/www.vegaintro-projekti.com\/pilar-stari\/wp-content\/images\/stories\/fotografije\/casopis-pilar\/p_03_korice.jpg\">Naslovnica<\/a> \/&nbsp;<a href=\"https:\/\/www.vegaintro-projekti.com\/pilar-stari\/wp-content\/images\/stories\/dokumenti\/casopis_pilar\/br_3\/pilar_03_01.pdf\">Impresum<\/a> \/&nbsp;<a href=\"https:\/\/www.vegaintro-projekti.com\/pilar-stari\/wp-content\/images\/stories\/dokumenti\/casopis_pilar\/br_3\/pilar_03_02.pdf\">Sadr\u017eaj<\/a><\/p>\n<p><a href=\"https:\/\/www.vegaintro-projekti.com\/pilar-stari\/wp-content\/images\/stories\/dokumenti\/casopis_pilar\/br_3\/pilar_03_02.pdf\">&nbsp;<\/a><a href=\"https:\/\/www.vegaintro-projekti.com\/pilar-stari\/wp-content\/images\/stories\/dokumenti\/casopis_pilar\/br_3\/pilar_03_03.pdf\">Rije\u010d uredni\u0161tva<\/a><\/p>\n<p>RASPRAVE<\/p>\n<p>Tomislav JONJI\u0106: <a href=\"https:\/\/www.vegaintro-projekti.com\/pilar-stari\/wp-content\/images\/stories\/dokumenti\/casopis_pilar\/br_3\/pilar_03_05.pdf\">Dr. Ivo Pilar &#8211; odvjetnik u Tuzli (1905.-1920.)<\/a><br \/>\nGerard TOAL, Carl DAHLMAN: <a href=\"https:\/\/www.vegaintro-projekti.com\/pilar-stari\/wp-content\/images\/stories\/dokumenti\/casopis_pilar\/br_3\/pilar_03_23.pdf\">Je Ii etni\u010dko \u0107i\u0161\u0107enje uspjelo? Geografija majiinskog povratka u Bosni i Hercegovini i njezino zna\u010denje<\/a><\/p>\n<p>GRA\u0110A\/PRILOZI<\/p>\n<p><a href=\"https:\/\/www.vegaintro-projekti.com\/pilar-stari\/wp-content\/images\/stories\/dokumenti\/casopis_pilar\/br_3\/pilar_03_31.pdf\">Peisker i Pilar o vjeri &#8221;starih Sloviena&#8221; (uvodna napomena)<\/a><br \/>\nJan PEISKER: <a href=\"https:\/\/www.vegaintro-projekti.com\/pilar-stari\/wp-content\/images\/stories\/dokumenti\/casopis_pilar\/br_3\/pilar_03_32.pdf\">Koje su vjere bili stari Sloveni prije kr\u0161tenja?<\/a><br \/>\nIvo PILAR: <a href=\"https:\/\/www.vegaintro-projekti.com\/pilar-stari\/wp-content\/images\/stories\/dokumenti\/casopis_pilar\/br_3\/pilar_03_45.pdf\">O dualizmu u vjeri starih Slovjena i o njegovu podrijetlu i zna\u010denju<\/a><\/p>\n<p>OCJENE I PRIKAZI<\/p>\n<p><a href=\"https:\/\/www.vegaintro-projekti.com\/pilar-stari\/wp-content\/images\/stories\/dokumenti\/casopis_pilar\/br_3\/pilar_03_77.pdf\">Zlatko Matijevi\u0107: Lu\u010dono\u0161e ili nerostrati? Prilozi poznavanju crkveno-nacionalne povijesti Hrvata po\u010detkom XX. stolje\u0107a<\/a> (Z. Hasanbegovi\u0107)<br \/>\n<a href=\"https:\/\/www.vegaintro-projekti.com\/pilar-stari\/wp-content\/images\/stories\/dokumenti\/casopis_pilar\/br_3\/pilar_03_78.pdf\">Zlatko Hasanbegovi\u0107: Muslimani u Zagrebu 1878.-1945. Doba utemeljenja<\/a> (T. Jonji\u0107)<br \/>\n<a href=\"https:\/\/www.vegaintro-projekti.com\/pilar-stari\/wp-content\/images\/stories\/dokumenti\/casopis_pilar\/br_3\/pilar_03_79.pdf\">Stephan Baier i Eva Demmerle: Otto von Habsburg, \u017eivotopis<\/a> (S. Matkovi\u0107)<\/p>\n<p>KRONIKA<\/p>\n<p><a href=\"https:\/\/www.vegaintro-projekti.com\/pilar-stari\/wp-content\/images\/stories\/dokumenti\/casopis_pilar\/br_3\/pilar_03_83.pdf\">Dr. Ivo Pilar u Tuzli<\/a> \u25cf <a href=\"https:\/\/www.vegaintro-projekti.com\/pilar-stari\/wp-content\/images\/stories\/dokumenti\/casopis_pilar\/br_3\/pilar_03_83.pdf\">Znanstveni projekt: &#8220;Ivo Pilar, teoreti\u010dar hrvatske modernizacije&#8221;<\/a> \u25cf <a href=\"https:\/\/www.vegaintro-projekti.com\/pilar-stari\/wp-content\/images\/stories\/dokumenti\/casopis_pilar\/br_3\/pilar_03_83.pdf\">Predstavljanje \u010dasopisa Pilar u Zagrebu<\/a> \u25cf <a href=\"https:\/\/www.vegaintro-projekti.com\/pilar-stari\/wp-content\/images\/stories\/dokumenti\/casopis_pilar\/br_3\/pilar_03_83.pdf\">Na valovima Hrvatskog radija<\/a> \u25cf <a href=\"https:\/\/www.vegaintro-projekti.com\/pilar-stari\/wp-content\/images\/stories\/dokumenti\/casopis_pilar\/br_3\/pilar_03_83.pdf\">Predstavljanje \u010dasopisa Pilar u Ljubljani<\/a><\/p>\n<p><a name=\"4\"><\/a>&nbsp;<\/p>\n<p><span style=\"font-size: 12pt;\">Godi\u0161te II. (2007.), broj 2 (4)<\/span><\/p>\n<p><a href=\"https:\/\/www.vegaintro-projekti.com\/pilar-stari\/wp-content\/images\/stories\/fotografije\/casopis-pilar\/p_04_korice.jpg\">Naslovnica<\/a> \/&nbsp;<a href=\"https:\/\/www.vegaintro-projekti.com\/pilar-stari\/wp-content\/images\/stories\/dokumenti\/casopis_pilar\/br_4\/pilar_04_01.pdf\">Impresum<\/a> \/&nbsp;<a href=\"https:\/\/www.vegaintro-projekti.com\/pilar-stari\/wp-content\/images\/stories\/dokumenti\/casopis_pilar\/br_4\/pilar_04_02.pdf\">Sadr\u017eaj<\/a><\/p>\n<p><a href=\"https:\/\/www.vegaintro-projekti.com\/pilar-stari\/wp-content\/images\/stories\/dokumenti\/casopis_pilar\/br_4\/pilar_04_02.pdf\">&nbsp;<\/a><a href=\"https:\/\/www.vegaintro-projekti.com\/pilar-stari\/wp-content\/images\/stories\/dokumenti\/casopis_pilar\/br_4\/pilar_04_03.pdf\">Rije\u010d uredni\u0161tva<\/a><\/p>\n<p>RASPRAVE<\/p>\n<p>Zoran GRIJAK: <a href=\"https:\/\/www.vegaintro-projekti.com\/pilar-stari\/wp-content\/images\/stories\/dokumenti\/casopis_pilar\/br_4\/pilar_04_05.pdf\">Predavanje dr. Ive Pilara u Austrijskom politi\u010dkom dru\u0161tvu 12.listopoda 1918. u kontekstu njegovih koncepcija dr\u017eavnopravnog preustroja Austro-Ugarske Monarhije<\/a><br \/>\nZlatko MATIJEVI\u0106: <a href=\"https:\/\/www.vegaintro-projekti.com\/pilar-stari\/wp-content\/images\/stories\/dokumenti\/casopis_pilar\/br_4\/pilar_04_15.pdf\">Radi\u0107evac iz &#8220;Esplanade&#8221;. Prilog poznavanju politi\u010dke biografije vl\u010d. dr. Ljudevita Ke\u017emana (1927.\/1928.)<\/a><br \/>\nIvica ZVONAR: <a href=\"https:\/\/www.vegaintro-projekti.com\/pilar-stari\/wp-content\/images\/stories\/dokumenti\/casopis_pilar\/br_4\/pilar_04_25.pdf\">Sudbina znanstvene knji\u017enice dr. Ive Pilara<\/a><\/p>\n<p>GRA\u0110A<\/p>\n<p><a href=\"https:\/\/www.vegaintro-projekti.com\/pilar-stari\/wp-content\/images\/stories\/dokumenti\/casopis_pilar\/br_4\/pilar_04_29.pdf\">Predavanje dr. Ive Pilara u Austrijskom politi\u010dkom dru\u0161tvu 12. listopada 1918.<\/a> (Priredio: Z. Grijak)<\/p>\n<p>PRILOZI<\/p>\n<p><a href=\"https:\/\/www.vegaintro-projekti.com\/pilar-stari\/wp-content\/images\/stories\/dokumenti\/casopis_pilar\/br_4\/pilar_04_35.pdf\">Prilozi raspravi o dualizmu u vjerovanju starih Slavena i Hrvata. Reakcije i istra\u017eivanja<\/a><br \/>\nFr. L.[ujo] Marun: <a href=\"https:\/\/www.vegaintro-projekti.com\/pilar-stari\/wp-content\/images\/stories\/dokumenti\/casopis_pilar\/br_4\/pilar_04_36.pdf\">Arkeologi\u010dki prilozi o religiji poganskih Hrvata (1)<\/a><br \/>\nL. Marun: <a href=\"https:\/\/www.vegaintro-projekti.com\/pilar-stari\/wp-content\/images\/stories\/dokumenti\/casopis_pilar\/br_4\/pilar_04_39.pdf\">Arkeologi\u010dki prilozi o religiji poganskih Hrvata (2)<\/a><br \/>\nDr. Milan \u0160ufflay: <a href=\"https:\/\/www.vegaintro-projekti.com\/pilar-stari\/wp-content\/images\/stories\/dokumenti\/casopis_pilar\/br_4\/pilar_04_41.pdf\">Otkri\u0107e velike tajne slavenskog poganstva. Znamenita studija profesora Jana Peiskera<\/a><br \/>\nDr Milan \u0160ufflay: <a href=\"https:\/\/www.vegaintro-projekti.com\/pilar-stari\/wp-content\/images\/stories\/dokumenti\/casopis_pilar\/br_4\/pilar_04_44.pdf\">Zaratustra u Crvenoj Hrvatskoj<\/a><br \/>\nDr Milan \u0160ufflay: <a href=\"https:\/\/www.vegaintro-projekti.com\/pilar-stari\/wp-content\/images\/stories\/dokumenti\/casopis_pilar\/br_4\/pilar_04_46.pdf\">Zaratu\u0161tra u Crvenoj Hrvatskoj. Predgovor budu\u0107oj Peiskerovoj knjizi<\/a><br \/>\nh. (Josip Horvat?): <a href=\"https:\/\/www.vegaintro-projekti.com\/pilar-stari\/wp-content\/images\/stories\/dokumenti\/casopis_pilar\/br_4\/pilar_04_50.pdf\">Pregled u potsvijest slavenskih naroda<\/a><br \/>\nD. Kosti\u0107: <a href=\"https:\/\/www.vegaintro-projekti.com\/pilar-stari\/wp-content\/images\/stories\/dokumenti\/casopis_pilar\/br_4\/pilar_04_52.pdf\">I na\u0161im precima tako je govorio Zaratustra<\/a><br \/>\nD. Kosti\u0107: <a href=\"https:\/\/www.vegaintro-projekti.com\/pilar-stari\/wp-content\/images\/stories\/dokumenti\/casopis_pilar\/br_4\/pilar_04_57.pdf\">Vra\u010dar i Dedinje mogu\u0107na pretkr\u0161\u0107anska svetili\u0161ta jugoslovenska<\/a><br \/>\nIvo Pilar: <a href=\"https:\/\/www.vegaintro-projekti.com\/pilar-stari\/wp-content\/images\/stories\/dokumenti\/casopis_pilar\/br_4\/pilar_04_60.pdf\">Bogomilstvo kao religijozno-povjestni te kao socijalni i politi\u010dki problem<\/a><\/p>\n<p>OCJENE I PRIKAZI<\/p>\n<p><a href=\"https:\/\/www.vegaintro-projekti.com\/pilar-stari\/wp-content\/images\/stories\/dokumenti\/casopis_pilar\/br_4\/pilar_04_74.pdf\">Tihomir Cipek, Stjepan Matkovi\u0107: Programski dokumenti hrvatskih politi\u010dkih stranaka i skupina 1842.-1914.<\/a> (S. Lipov\u010dan)<br \/>\n<a href=\"https:\/\/www.vegaintro-projekti.com\/pilar-stari\/wp-content\/images\/stories\/dokumenti\/casopis_pilar\/br_4\/pilar_04_75.pdf\">Tomo \u0160imi\u0107: Dokumenti Predsjedni\u0161tva Bosne i Hercegovine 1991.-1994.<\/a> (T. Jonji\u0107)<br \/>\n<a href=\"https:\/\/www.vegaintro-projekti.com\/pilar-stari\/wp-content\/images\/stories\/dokumenti\/casopis_pilar\/br_4\/pilar_04_77.pdf\">Sre\u0107ko Lipov\u010dan: Mediji &#8211; druga zbilja? Rasprave, ogledi, interpretacije<\/a> (V. \u0160voger)<\/p>\n<p>KRONIKA<\/p>\n<p><a href=\"https:\/\/www.vegaintro-projekti.com\/pilar-stari\/wp-content\/images\/stories\/dokumenti\/casopis_pilar\/br_4\/pilar_04_79.pdf\">O dru I. Pilaru u Ateni<\/a> \u25cf <a href=\"https:\/\/www.vegaintro-projekti.com\/pilar-stari\/wp-content\/images\/stories\/dokumenti\/casopis_pilar\/br_4\/pilar_04_79.pdf\">Osvrt na \u010dasopis Pilar u godi\u0161njaku Scrinia Slavonica<\/a><\/p>\n<p>BIBLIOGRAFIJA<\/p>\n<p><a href=\"https:\/\/www.vegaintro-projekti.com\/pilar-stari\/wp-content\/images\/stories\/dokumenti\/casopis_pilar\/br_4\/pilar_04_81.pdf\">Popis publikacija iz Pilarove donacije objavljen u Ljetopisu JAZU za godinu 1934.\/35.<\/a> (Priredio: I. Zvonar)<br \/>\n<a name=\"5\"><\/a>&nbsp;<\/p>\n<p><span style=\"font-size: 12pt;\">Godi\u0161te III. (2008.), broj 1 (5)<\/span><\/p>\n<p><a href=\"https:\/\/www.vegaintro-projekti.com\/pilar-stari\/wp-content\/images\/stories\/fotografije\/casopis-pilar\/p_05_korice.jpg\">Naslovnica<\/a> \/&nbsp;<a href=\"https:\/\/www.vegaintro-projekti.com\/pilar-stari\/wp-content\/images\/stories\/dokumenti\/casopis_pilar\/br_5\/pilar_05_01.pdf\">Impresum<\/a> \/&nbsp;<a href=\"https:\/\/www.vegaintro-projekti.com\/pilar-stari\/wp-content\/images\/stories\/dokumenti\/casopis_pilar\/br_5\/pilar_05_02.pdf\">Sadr\u017eaj<\/a><\/p>\n<p><a href=\"https:\/\/www.vegaintro-projekti.com\/pilar-stari\/wp-content\/images\/stories\/dokumenti\/casopis_pilar\/br_5\/pilar_05_02.pdf\">&nbsp;<\/a><a href=\"https:\/\/www.vegaintro-projekti.com\/pilar-stari\/wp-content\/images\/stories\/dokumenti\/casopis_pilar\/br_5\/pilar_05_03.pdf\">Rije\u010d uredni\u0161tva<\/a><\/p>\n<p>RASPRAVE<\/p>\n<p>An\u0111elko AKRAP: <a href=\"https:\/\/www.vegaintro-projekti.com\/pilar-stari\/wp-content\/images\/stories\/dokumenti\/casopis_pilar\/br_5\/pilar_05_05.pdf\">Demografski kontekst raspada SFR Jugoslavije<\/a><\/p>\n<p>PRILOZI<\/p>\n<p>(z.m.): <a href=\"https:\/\/www.vegaintro-projekti.com\/pilar-stari\/wp-content\/images\/stories\/dokumenti\/casopis_pilar\/br_5\/pilar_05_30.pdf\">Ivo Pilar na udaru austro-ugarske cenzure<\/a><br \/>\nIvo Pilar: <a href=\"https:\/\/www.vegaintro-projekti.com\/pilar-stari\/wp-content\/images\/stories\/dokumenti\/casopis_pilar\/br_5\/pilar_05_31.pdf\">Svjetski rat i Hrvati. Pokus orientacije hrvatskoga naroda jo\u0161 prije svr\u0161etka rata<\/a><br \/>\n(P.): <a href=\"https:\/\/www.vegaintro-projekti.com\/pilar-stari\/wp-content\/images\/stories\/dokumenti\/casopis_pilar\/br_5\/pilar_05_61.pdf\">&#8220;Svjetski rat i Hrvati&#8221;<\/a><\/p>\n<p>OCJENE I PRIKAZI<\/p>\n<p><a href=\"https:\/\/www.vegaintro-projekti.com\/pilar-stari\/wp-content\/images\/stories\/dokumenti\/casopis_pilar\/br_5\/pilar_05_63.pdf\">A. Rahten: Savezni\u0161tva i diobe. Razvoj slovensko-hrvatskih politi\u010dkih odnosa u Habsbur\u0161koj monarhiji 1848. \u2013 1918.<\/a> (T. Jonji\u0107)<br \/>\n<a href=\"https:\/\/www.vegaintro-projekti.com\/pilar-stari\/wp-content\/images\/stories\/dokumenti\/casopis_pilar\/br_5\/pilar_05_65.pdf\">H. Matkovi\u0107: Designirani hrvatski kralj Tomislav II. Vojvoda od Spoleta<\/a> (I. Mi\u0161kulin)<br \/>\n<a href=\"https:\/\/www.vegaintro-projekti.com\/pilar-stari\/wp-content\/images\/stories\/dokumenti\/casopis_pilar\/br_5\/pilar_05_66.pdf\">I. Gabelica: Bla\u017eeni Alojzije Stepinac i hrvatska dr\u017eava<\/a> (T. Jonji\u0107)<br \/>\n<a href=\"https:\/\/www.vegaintro-projekti.com\/pilar-stari\/wp-content\/images\/stories\/dokumenti\/casopis_pilar\/br_5\/pilar_05_68.pdf\">Historijski zbirnik, LXI (2008.)<\/a> (D. Vojak)<\/p>\n<p>KRONIKA<\/p>\n<p><a href=\"https:\/\/www.vegaintro-projekti.com\/pilar-stari\/wp-content\/images\/stories\/dokumenti\/casopis_pilar\/br_5\/pilar_05_70.pdf\">O \u010dasopisu PILAR na Hrvatskom radiju<\/a><\/p>\n<p><a name=\"6\"><\/a>&nbsp;<\/p>\n<p><span style=\"font-size: 12pt;\">Godi\u0161te III. (2008.), broj 2 (6)<\/span><br \/>\n<a href=\"https:\/\/www.vegaintro-projekti.com\/pilar-stari\/wp-content\/images\/stories\/fotografije\/casopis-pilar\/p_06_korice.jpg\">Naslovnica<\/a> \/&nbsp;<a href=\"https:\/\/www.vegaintro-projekti.com\/pilar-stari\/wp-content\/images\/stories\/dokumenti\/casopis_pilar\/br_6\/pilar_06_01.pdf\">Impresum<\/a> \/&nbsp;<a href=\"https:\/\/www.vegaintro-projekti.com\/pilar-stari\/wp-content\/images\/stories\/dokumenti\/casopis_pilar\/br_6\/pilar_06_02.pdf\">Sadr\u017eaj<\/a><\/p>\n<p><a href=\"https:\/\/www.vegaintro-projekti.com\/pilar-stari\/wp-content\/images\/stories\/dokumenti\/casopis_pilar\/br_6\/pilar_06_02.pdf\">&nbsp;<\/a><a href=\"https:\/\/www.vegaintro-projekti.com\/pilar-stari\/wp-content\/images\/stories\/dokumenti\/casopis_pilar\/br_6\/pilar_06_03.pdf\">Rije\u010d uredni\u0161tva<\/a><\/p>\n<p>RASPRAVE<\/p>\n<p>Zlatko MATIJEVI\u0106: <a href=\"https:\/\/www.vegaintro-projekti.com\/pilar-stari\/wp-content\/images\/stories\/dokumenti\/casopis_pilar\/br_6\/pilar_06_05.pdf\">Isidor Kr\u0161njavi i Robert W. Seton-Watson o politici u Hrvatskoj u doba banovanja Pavla Raucha<\/a><br \/>\nJames J. SADKOVICH: <a href=\"https:\/\/www.vegaintro-projekti.com\/pilar-stari\/wp-content\/images\/stories\/dokumenti\/casopis_pilar\/br_6\/pilar_06_11.pdf\">Postmodernisti\u010dke \u2013 teorijom vo\u0111ene metodologije, Franjo Tu\u0111man, ratovi u biv\u0161oj Jugoslaviji i povijest<\/a><\/p>\n<p>PRILOZI<\/p>\n<p>Jure KRI\u0160TO: <a href=\"https:\/\/www.vegaintro-projekti.com\/pilar-stari\/wp-content\/images\/stories\/dokumenti\/casopis_pilar\/br_6\/pilar_06_23.pdf\">Ivo Pilar, nadbiskup Josip Stadler i Hrvatska narodna zajednica<\/a><br \/>\nZAJEDNI\u010cAR [Ivo PILAR]: <a href=\"https:\/\/www.vegaintro-projekti.com\/pilar-stari\/wp-content\/images\/stories\/dokumenti\/casopis_pilar\/br_6\/pilar_06_25.pdf\">Nadbiskup Stadler i Hrv. Nar. Zajednica<\/a><\/p>\n<p>GRA\u0110A<\/p>\n<p>Stjepan MATKOVI\u0106: <a href=\"https:\/\/www.vegaintro-projekti.com\/pilar-stari\/wp-content\/images\/stories\/dokumenti\/casopis_pilar\/br_6\/pilar_06_48.pdf\">Pilarovo pismo Emiliju pl. Laszowskom: O polo\u017eaju hrvatskoga plemstva<\/a><\/p>\n<p>OBLJETNICE<\/p>\n<p>Tomislav JONJI\u0106: <a href=\"https:\/\/www.vegaintro-projekti.com\/pilar-stari\/wp-content\/images\/stories\/dokumenti\/casopis_pilar\/br_6\/pilar_06_53.pdf\">Neprolazne vrijednosti star\u010devi\u0107anske ideologije (U povodu zbornika radova &#8220;Prava\u0161ka misao i politika&#8221;)<\/a><\/p>\n<p>OCJENE I PRIKAZI<\/p>\n<p><a href=\"https:\/\/www.vegaintro-projekti.com\/pilar-stari\/wp-content\/images\/stories\/dokumenti\/casopis_pilar\/br_6\/pilar_06_58.pdf\">J. Kri\u0161to: Rije\u010d je o Bosni<\/a> (Z. Hasanbegovi\u0107)<br \/>\n<a href=\"https:\/\/www.vegaintro-projekti.com\/pilar-stari\/wp-content\/images\/stories\/dokumenti\/casopis_pilar\/br_6\/pilar_06_60.pdf\">Narodno vije\u0107e Slovenaca, Hrvata i Srba u Zagrebu 1918-1919. Izabrani dokumenti<\/a> (T. Jonji\u0107)<\/p>\n<p>KRONIKA<\/p>\n<p><a href=\"https:\/\/www.vegaintro-projekti.com\/pilar-stari\/wp-content\/images\/stories\/dokumenti\/casopis_pilar\/br_6\/pilar_06_63.pdf\">Prikaz prva \u010detiri broja \u010dasopisa PILAR (1-4\/2006.-2007.)<\/a> \u25cf <a href=\"https:\/\/www.vegaintro-projekti.com\/pilar-stari\/wp-content\/images\/stories\/dokumenti\/casopis_pilar\/br_6\/pilar_06_63.pdf\">Osvrt na broj 3(1)\/2007. \u010dasopisa PILAR<\/a> \u25cf <a href=\"https:\/\/www.vegaintro-projekti.com\/pilar-stari\/wp-content\/images\/stories\/dokumenti\/casopis_pilar\/br_6\/pilar_06_63.pdf\">Dr. Ivo Pilar i vegetarijanski pokret na www.ivu.org<\/a><\/p>\n<p><a name=\"7-8\"><\/a>&nbsp;<br \/>\n<span style=\"font-size: 12pt;\">Godi\u0161te IV. (2009.), broj 1-2 (7-8)<\/span><\/p>\n<p>INTERNATIONAL EDITION<\/p>\n<p><a href=\"https:\/\/www.vegaintro-projekti.com\/pilar-stari\/wp-content\/images\/stories\/fotografije\/casopis-pilar\/p_07-08_korice.jpg\">Naslovnica<\/a> \/&nbsp;<a href=\"https:\/\/www.vegaintro-projekti.com\/pilar-stari\/wp-content\/images\/stories\/dokumenti\/casopis_pilar\/br_7-8\/pilar_07-08_001.pdf\">Impressum<\/a> \/&nbsp;<a href=\"https:\/\/www.vegaintro-projekti.com\/pilar-stari\/wp-content\/images\/stories\/dokumenti\/casopis_pilar\/br_7-8\/pilar_07-08_002.pdf\">Sadr\u017eaj<\/a> \/ <a href=\"https:\/\/www.vegaintro-projekti.com\/pilar-stari\/wp-content\/images\/stories\/dokumenti\/casopis_pilar\/br_7-8\/pilar_07-08_002.pdf\">Vsebina<\/a><\/p>\n<p><a href=\"https:\/\/www.vegaintro-projekti.com\/pilar-stari\/wp-content\/images\/stories\/dokumenti\/casopis_pilar\/br_7-8\/pilar_07-08_002.pdf\">&nbsp;<\/a><a href=\"https:\/\/www.vegaintro-projekti.com\/pilar-stari\/wp-content\/images\/stories\/dokumenti\/casopis_pilar\/br_7-8\/pilar_07-08_003.pdf\">Rije\u010d urednika<\/a> \/ <a href=\"https:\/\/www.vegaintro-projekti.com\/pilar-stari\/wp-content\/images\/stories\/dokumenti\/casopis_pilar\/br_7-8\/pilar_07-08_003.pdf\">Uredni\u0161ka beseda<\/a><\/p>\n<p>TEMATSKI BLOK \/ TEMATSKI SKLOP<br \/>\nHrvatsko-slovenski odnosi na prijelomu 19. i 20. stolje\u0107a \/ Slovensko-hrva\u0161ki odnosi na prelomu 19. in 20. stoletja<\/p>\n<p>RASPRAVE \/ RAZPRAVE<\/p>\n<p>Stanislav KOCUTAR: <a href=\"https:\/\/www.vegaintro-projekti.com\/pilar-stari\/wp-content\/images\/stories\/dokumenti\/casopis_pilar\/br_7-8\/pilar_07-08_005.pdf\">Habsbur\u0161ka monarhija in jugoslovansko vpra\u0161anje v lu\u010di slovenske historiografije<\/a><br \/>\nNata\u0161a PODGOR\u0160EK: <a href=\"https:\/\/www.vegaintro-projekti.com\/pilar-stari\/wp-content\/images\/stories\/dokumenti\/casopis_pilar\/br_7-8\/pilar_07-08_018.pdf\">Dr\u017eavnopravni koncepti slovenskih in hrva\u0161kih politikov od mar\u010dne revolucije do preloma stoletja<\/a><br \/>\nIgor GRDINA: <a href=\"https:\/\/www.vegaintro-projekti.com\/pilar-stari\/wp-content\/images\/stories\/dokumenti\/casopis_pilar\/br_7-8\/pilar_07-08_033.pdf\">Kultura med Slovenci in Hrvati ter politiko<\/a><br \/>\nStjepan MATKOVI\u0106: <a href=\"https:\/\/www.vegaintro-projekti.com\/pilar-stari\/wp-content\/images\/stories\/dokumenti\/casopis_pilar\/br_7-8\/pilar_07-08_043.pdf\">Ivan \u0160uster\u0161i\u010d i hrvatski politi\u010dari<\/a><br \/>\nFeliks J. BISTER: <a href=\"https:\/\/www.vegaintro-projekti.com\/pilar-stari\/wp-content\/images\/stories\/dokumenti\/casopis_pilar\/br_7-8\/pilar_07-08_051.pdf\">Hrva\u0161ko-slovensko sodelovanje v dunajskem parlamentu na predve\u010der prve svetovne vojne<\/a><br \/>\nJure KRI\u0160TO: <a href=\"https:\/\/www.vegaintro-projekti.com\/pilar-stari\/wp-content\/images\/stories\/dokumenti\/casopis_pilar\/br_7-8\/pilar_07-08_055.pdf\">Od slavenstva do jugoslavenstva: suradnja hrvatskih i slovenskih krugova u Katoli\u010dkom pokretu<\/a><br \/>\nAndrej RAHTEN: <a href=\"https:\/\/www.vegaintro-projekti.com\/pilar-stari\/wp-content\/images\/stories\/dokumenti\/casopis_pilar\/br_7-8\/pilar_07-08_061.pdf\">Avstromarksisti\u010dni pogledi na jugoslovansko vpra\u0161anje<\/a><br \/>\nKatja PER\u0160AK: <a href=\"https:\/\/www.vegaintro-projekti.com\/pilar-stari\/wp-content\/images\/stories\/dokumenti\/casopis_pilar\/br_7-8\/pilar_07-08_066.pdf\">Anton Koro\u0161ec in slovensko-hrva\u0161ka nasprotja v Prekmurju<\/a><br \/>\nZlatko MATIJEVI\u0106: <a href=\"https:\/\/www.vegaintro-projekti.com\/pilar-stari\/wp-content\/images\/stories\/dokumenti\/casopis_pilar\/br_7-8\/pilar_07-08_075.pdf\">Providencijalna politika: Hrvatski katoli\u010dki pokret i politika (1903.\u20141929.)<\/a><\/p>\n<p>PRILOZI \/ PRILOGE<\/p>\n<p><a href=\"https:\/\/www.vegaintro-projekti.com\/pilar-stari\/wp-content\/images\/stories\/dokumenti\/casopis_pilar\/br_7-8\/pilar_07-08_089.pdf\">France Pre\u0161eren<\/a> (Ne\u017ea Zajc)<br \/>\nIvo PILAR: <a href=\"https:\/\/www.vegaintro-projekti.com\/pilar-stari\/wp-content\/images\/stories\/dokumenti\/casopis_pilar\/br_7-8\/pilar_07-08_090.pdf\">&#8220;O stogodi\u0161njici rogjenja dra Franceta Pre\u0161erna&#8221;<\/a><br \/>\n<a href=\"https:\/\/www.vegaintro-projekti.com\/pilar-stari\/wp-content\/images\/stories\/dokumenti\/casopis_pilar\/br_7-8\/pilar_07-08_094.pdf\">Dr. Petar Rogulja \u2014 hrvatski katoli\u010dki senior i u\u010denik dr. Janeza E. Kreka<\/a> (Jure Kri\u0161to)<br \/>\nPetar ROGULJA: <a href=\"https:\/\/www.vegaintro-projekti.com\/pilar-stari\/wp-content\/images\/stories\/dokumenti\/casopis_pilar\/br_7-8\/pilar_07-08_095.pdf\">Dr Janez E. Krek<\/a><\/p>\n<p>GRADIVO \/ GRADIVO<\/p>\n<p>Tomislav MRKONJI\u0106, Jadranka NERALI\u0106 i Zlatko MATIJEVI\u0106: <a href=\"https:\/\/www.vegaintro-projekti.com\/pilar-stari\/wp-content\/images\/stories\/dokumenti\/casopis_pilar\/br_7-8\/pilar_07-08_107.pdf\">Rije\u010dka spomenica (1915.)<\/a><br \/>\n<a href=\"https:\/\/www.vegaintro-projekti.com\/pilar-stari\/wp-content\/images\/stories\/dokumenti\/casopis_pilar\/br_7-8\/pilar_07-08_110.pdf\">Rije\u010dka spomenica. Latinski koncept (minuta)<\/a><br \/>\n<a href=\"https:\/\/www.vegaintro-projekti.com\/pilar-stari\/wp-content\/images\/stories\/dokumenti\/casopis_pilar\/br_7-8\/pilar_07-08_116.pdf\">Rije\u010dka spomenica. Hrvatski prijevod<\/a><\/p>\n<p>OSVRT S POVODOM \/ POGLED Z RAZLOGOM<\/p>\n<p>Tomislav JONJI\u0106: <a href=\"https:\/\/www.vegaintro-projekti.com\/pilar-stari\/wp-content\/images\/stories\/dokumenti\/casopis_pilar\/br_7-8\/pilar_07-08_123.pdf\">Hrvatska i bla\u017eeni Alojzije Stepinac u o\u010dima stranaca<\/a><\/p>\n<p>OCJENE I PRIKAZI \/ OCENE IN PREDSTAVITVE<\/p>\n<p><a href=\"https:\/\/www.vegaintro-projekti.com\/pilar-stari\/wp-content\/images\/stories\/dokumenti\/casopis_pilar\/br_7-8\/pilar_07-08_128.pdf\">Dnevni\u010dki zapisi Luke Perini\u0107a, Zagreb, 2009.<\/a> (J. Kri\u0161to)<br \/>\n<a href=\"https:\/\/www.vegaintro-projekti.com\/pilar-stari\/wp-content\/images\/stories\/dokumenti\/casopis_pilar\/br_7-8\/pilar_07-08_129.pdf\">A. Rahten, Izidor Cankar: diplomat dveh Jugoslavij, Ljubljana &#8211; Menge\u0161, 2009.<\/a> (M. Klemen\u010di\u010d)<\/p>\n<p>IN MEMORIAM<\/p>\n<p><a href=\"https:\/\/www.vegaintro-projekti.com\/pilar-stari\/wp-content\/images\/stories\/dokumenti\/casopis_pilar\/br_7-8\/pilar_07-08_131.pdf\">Sre\u0107ko Lipov\u010dan (1942.\u20142009.)<\/a><\/p>\n<p><a name=\"9\"><\/a>&nbsp;<\/p>\n<p><span style=\"font-size: 12pt;\">Godi\u0161te V. (2010.), broj 1 (9)<\/span><\/p>\n<p><a href=\"https:\/\/www.vegaintro-projekti.com\/pilar-stari\/wp-content\/images\/stories\/fotografije\/casopis-pilar\/p_09_korice.jpg\">Naslovnica<\/a> \/&nbsp;<a href=\"https:\/\/www.vegaintro-projekti.com\/pilar-stari\/wp-content\/images\/stories\/dokumenti\/casopis_pilar\/br_9\/pilar_09_001.pdf\">Impresum<\/a> \/&nbsp;<a href=\"https:\/\/www.vegaintro-projekti.com\/pilar-stari\/wp-content\/images\/stories\/dokumenti\/casopis_pilar\/br_9\/pilar_09_002.pdf\">Sadr\u017eaj<\/a><\/p>\n<p>RASPRAVE<\/p>\n<p>Tomislav JONJI\u0106: <a href=\"https:\/\/www.vegaintro-projekti.com\/pilar-stari\/wp-content\/images\/stories\/dokumenti\/casopis_pilar\/br_9\/pilar9-knjizniblok_005.pdf\">Politi\u010dki pogledi dr. Ive Pilara 1918. \u2013 1933. Uvijek iznova Srbija \u2013 radikalni zaokret ili dosljedni nastavak Pilarove politi\u010dke misli?<\/a><\/p>\n<p>PRILOZI<\/p>\n<p><a href=\"https:\/\/www.vegaintro-projekti.com\/pilar-stari\/wp-content\/images\/stories\/dokumenti\/casopis_pilar\/br_9\/pilar9-knjizniblok_039.pdf\">Josef R\u00e4uscher 1889 \u2013 1937 und Berliner Tageblatt und Handels-zeitung 1872 \u2013 1939<\/a> (Caroline Hornstein Tomi\u0107)<br \/>\nJosef R\u00c4USCHER: <a href=\"https:\/\/www.vegaintro-projekti.com\/pilar-stari\/wp-content\/images\/stories\/dokumenti\/casopis_pilar\/br_9\/pilar9-knjizniblok_039.pdf\">&#8220;S\u00fcdslawien&#8221; ohne S\u00fcdslawen?<\/a><br \/>\n<a href=\"https:\/\/www.vegaintro-projekti.com\/pilar-stari\/wp-content\/images\/stories\/dokumenti\/casopis_pilar\/br_9\/pilar9-knjizniblok_042.pdf\">R. W. Seton-Watson 1879 \u2013 1951<\/a> (Caroline Hornstein Tomi\u0107)<br \/>\nR. W. SETON-WATSON: <a href=\"https:\/\/www.vegaintro-projekti.com\/pilar-stari\/wp-content\/images\/stories\/dokumenti\/casopis_pilar\/br_9\/pilar9-knjizniblok_042.pdf\">Immer wieder Serbien: Jugoslawiens Schicksalsstunde by Florian Lichttr\u00e4ger<\/a><br \/>\n<a href=\"https:\/\/www.vegaintro-projekti.com\/pilar-stari\/wp-content\/images\/stories\/dokumenti\/casopis_pilar\/br_9\/pilar9-knjizniblok_044.pdf\">Carlile Aylmer Macartney 1895 \u2013 1978<\/a> (Caroline Hornstein Tomi\u0107)<br \/>\nC. A. MACARTNEY: <a href=\"https:\/\/www.vegaintro-projekti.com\/pilar-stari\/wp-content\/images\/stories\/dokumenti\/casopis_pilar\/br_9\/pilar9-knjizniblok_044.pdf\">Immer wieder Serbien. By Florian Lichttr\u00e4ger. With introduction by Friedrich Thimme. 1933. (Berlin: Verlag f\u00fcr Kulturpolitik)<\/a><\/p>\n<p>GRADIVO<\/p>\n<p><a href=\"https:\/\/www.vegaintro-projekti.com\/pilar-stari\/wp-content\/images\/stories\/dokumenti\/casopis_pilar\/br_9\/pilar9-knjizniblok_046.pdf\">Pilar o izlasku Hrvatske iz Kraljevine Srba, Hrvata i Slovenaca 1928. godine<\/a> (Zlatko Matijevi\u0107)<br \/>\n<a href=\"https:\/\/www.vegaintro-projekti.com\/pilar-stari\/wp-content\/images\/stories\/dokumenti\/casopis_pilar\/br_9\/pilar9-knjizniblok_047.pdf\">Koncept neodaslanoga Pilarova pisma dr. Trumbi\u0107u i dr. Krnjevi\u0107u (1928.)<\/a><br \/>\n<a href=\"https:\/\/www.vegaintro-projekti.com\/pilar-stari\/wp-content\/images\/stories\/dokumenti\/casopis_pilar\/br_9\/pilar9-knjizniblok_049.pdf\">Pilarovo pismo uredni\u0161tvu zagreba\u010dkoga federalisti\u010dkog dnevnika Hrvat (1928.)<\/a><br \/>\n<a href=\"https:\/\/www.vegaintro-projekti.com\/pilar-stari\/wp-content\/images\/stories\/dokumenti\/casopis_pilar\/br_9\/pilar9-knjizniblok_052.pdf\">[Ivo PILAR], Expos\u00e9 glede pitanja izlaska Hrvata iz Kraljevine S.H.S.<\/a><\/p>\n<p>OSVRT S POVODOM<\/p>\n<p>Tomislav JONJI\u0106: <a href=\"https:\/\/www.vegaintro-projekti.com\/pilar-stari\/wp-content\/images\/stories\/dokumenti\/casopis_pilar\/br_9\/pilar9-knjizniblok_057.pdf\">Tu\u0111manov san o Europi slobodnih naroda<\/a><\/p>\n<p>OCJENE I PRIKAZI<\/p>\n<p><a href=\"https:\/\/www.vegaintro-projekti.com\/pilar-stari\/wp-content\/images\/stories\/dokumenti\/casopis_pilar\/br_9\/pilar9-knjizniblok_063.pdf\">Hrvatska izme\u0111u slobode i jugoslavenstva, ZR, Zagreb, 2009.<\/a> (Z. Hasanbegovi\u0107)<br \/>\n<a href=\"https:\/\/www.vegaintro-projekti.com\/pilar-stari\/wp-content\/images\/stories\/dokumenti\/casopis_pilar\/br_9\/pilar9-knjizniblok_065.pdf\">Samir OSMAN\u010cEVI\u0106, Oswald Spengler. Filozofijska biografija, Zagreb, 2009.<\/a> (J. Lukin)<\/p>\n<p>DODATAK<\/p>\n<p>Florian LICHTTR\u00c4GER: <a href=\"https:\/\/www.vegaintro-projekti.com\/pilar-stari\/wp-content\/images\/stories\/dokumenti\/casopis_pilar\/br_9\/pilar9-knjizniblok_068.pdf\">Immer wieder Serbien (Berlin, 1933)<\/a><\/p>\n<p><a name=\"10\"><\/a>&nbsp;<\/p>\n<p><span style=\"font-size: 12pt;\">Godi\u0161te V. (2010.), broj 2 (10)<\/span><\/p>\n<p><a href=\"https:\/\/www.vegaintro-projekti.com\/pilar-stari\/wp-content\/images\/stories\/fotografije\/casopis-pilar\/p10_korice.jpg\">Naslovnica<\/a> \/&nbsp;<a href=\"https:\/\/www.vegaintro-projekti.com\/pilar-stari\/wp-content\/images\/stories\/dokumenti\/casopis_pilar\/br_10\/p_10_kb_002.pdf\">Impresum<\/a> \/&nbsp;<a href=\"https:\/\/www.vegaintro-projekti.com\/pilar-stari\/wp-content\/images\/stories\/dokumenti\/casopis_pilar\/br_10\/p_10_kb_003.pdf\">Sadr\u017eaj<\/a><\/p>\n<p>RASPRAVE<\/p>\n<p>Zlatko HASANBEGOVI\u0106: <a href=\"https:\/\/www.vegaintro-projekti.com\/pilar-stari\/wp-content\/images\/stories\/dokumenti\/casopis_pilar\/br_10\/p_10_kb_005.pdf\">Jugoslavenska muslimanska organizacija od uvo\u0111enja diktature kralja Aleksandra do Sarajevskih punktacija (1929.\u20141933.)<\/a><br \/>\nIvo TURK \u2014 Marijan JUKI\u0106: <a href=\"https:\/\/www.vegaintro-projekti.com\/pilar-stari\/wp-content\/images\/stories\/dokumenti\/casopis_pilar\/br_10\/p_10_kb_023.pdf\">Ruralno-urbana polarizacija Karlova\u010dke \u017eupanije temeljena na dinamici stanovni\u0161tva (1971.\u20142001.)<\/a><br \/>\nIvica ZVONAR: <a href=\"https:\/\/www.vegaintro-projekti.com\/pilar-stari\/wp-content\/images\/stories\/dokumenti\/casopis_pilar\/br_10\/p_10_kb_036.pdf\">Prilog za biobibliografiju mons. dr. Andrije \u017divkovi\u0107a<\/a><\/p>\n<p>PRILOZI<\/p>\n<p><a href=\"https:\/\/www.vegaintro-projekti.com\/pilar-stari\/wp-content\/images\/stories\/dokumenti\/casopis_pilar\/br_10\/p_10_kb_046.pdf\">Georges Eugene Sorel 1847.\u20141922.<\/a> (Zdenko Zeman)<br \/>\nIvo PILAR: <a href=\"https:\/\/www.vegaintro-projekti.com\/pilar-stari\/wp-content\/images\/stories\/dokumenti\/casopis_pilar\/br_10\/p_10_kb_051.pdf\">Georges Sorel, francuski socijalni filozof, duhovni otac fa\u0161izma i bolj\u0161evizma<\/a><\/p>\n<p>GRADIVO<\/p>\n<p><a href=\"https:\/\/www.vegaintro-projekti.com\/pilar-stari\/wp-content\/images\/stories\/dokumenti\/casopis_pilar\/br_10\/p_10_kb_062.pdf\">Nekoliko napomena uz Pilarovu &#8220;Spomenicu&#8221;<\/a> (Tomislav Jonji\u0107)<br \/>\nIvo PILAR: <a href=\"https:\/\/www.vegaintro-projekti.com\/pilar-stari\/wp-content\/images\/stories\/dokumenti\/casopis_pilar\/br_10\/p_10_kb_063.pdf\">Spomenica u pitanju organizacije obrane i otpora Hrvatskoga Naroda u sadanjoj njegovoj politi\u010dkoj situaciji<\/a><\/p>\n<p>OSVRT S POVODOM<\/p>\n<p>Tomislav JONJI\u0106: <a href=\"https:\/\/www.vegaintro-projekti.com\/pilar-stari\/wp-content\/images\/stories\/dokumenti\/casopis_pilar\/br_10\/p_10_kb_076.pdf\">Hrvatska izme\u0111u Srbije i Italije<\/a><\/p>\n<p>OCJENE I PRIKAZI<\/p>\n<p><a href=\"https:\/\/www.vegaintro-projekti.com\/pilar-stari\/wp-content\/images\/stories\/dokumenti\/casopis_pilar\/br_10\/p_10_kb_084.pdf\"><em>Fra Didak Bunti\u0107 \u2014 \u010dovjek i djelo,<\/em> Zagreb, 2009.<\/a> (V. Mihaljevi\u0107)<br \/>\n<a href=\"https:\/\/www.vegaintro-projekti.com\/pilar-stari\/wp-content\/images\/stories\/dokumenti\/casopis_pilar\/br_10\/p_10_kb_086.pdf\">Nada KISI\u0106 KOLANOVI\u0106, <em>Muslimani i hrvatski nacionalizam 1941.\u20141945.,<\/em> Zagreb, 2009.<\/a> (Z. Hasanbegovi\u0107)<br \/>\n<a href=\"https:\/\/www.vegaintro-projekti.com\/pilar-stari\/wp-content\/images\/stories\/dokumenti\/casopis_pilar\/br_10\/p_10_kb_088.pdf\">Jasna TURKALJ, <em>Prava\u0161ki pokret 1878.\u20141887.,<\/em> Zagreb, 2009.<\/a> (M. Gabelica)<\/p>\n<p>KRONIKA<\/p>\n<p><a href=\"https:\/\/www.vegaintro-projekti.com\/pilar-stari\/wp-content\/images\/stories\/dokumenti\/casopis_pilar\/br_10\/p_10_kb_092.pdf\">Prof. dr. sc. Vlado \u0160aki\u0107 u povodu darovanja ostav\u0161tine dr. Ive Pilara Institutu Ivo PILAR<\/a><br \/>\n<a href=\"https:\/\/www.vegaintro-projekti.com\/pilar-stari\/wp-content\/images\/stories\/dokumenti\/casopis_pilar\/br_10\/p_10_kb_093.pdf\">Darovni ugovor ing. Bo\u017eidara Jan\u010dikovi\u0107a<\/a><br \/>\n<a href=\"https:\/\/www.vegaintro-projekti.com\/pilar-stari\/wp-content\/images\/stories\/dokumenti\/casopis_pilar\/br_10\/p_10_kb_094.pdf\">Pozdravna rije\u010d ing. Bo\u017eidara Jan\u010dikovi\u0107a<\/a><\/p>\n<p>IN MEMORIAM<\/p>\n<p><a href=\"https:\/\/www.vegaintro-projekti.com\/pilar-stari\/wp-content\/images\/stories\/dokumenti\/casopis_pilar\/br_10\/p_10_kb_095.pdf\">Ivan Kampu\u0161 (1924.\u20142010.)<\/a><br \/>\n<a href=\"https:\/\/www.vegaintro-projekti.com\/pilar-stari\/wp-content\/images\/stories\/dokumenti\/casopis_pilar\/br_10\/p_10_kb_097.pdf\">Hrvoje Matkovi\u0107 (1923.\u20142010.)<\/a><br \/>\n<a href=\"https:\/\/www.vegaintro-projekti.com\/pilar-stari\/wp-content\/images\/stories\/dokumenti\/casopis_pilar\/br_10\/p_10_kb_098.pdf\">Tomislav Markus (1969.\u20142010.)<\/a><\/p>\n<p><a name=\"11\"><\/a>&nbsp;<\/p>\n<p><span style=\"font-size: 12pt;\">Godi\u0161te VI. (2011.), broj 1 (11)<\/span><\/p>\n<p><a href=\"https:\/\/www.vegaintro-projekti.com\/pilar-stari\/wp-content\/images\/stories\/dokumenti\/casopis_pilar\/br_11\/p-11_korice.pdf\">Omot<\/a> \/&nbsp;<a href=\"https:\/\/www.vegaintro-projekti.com\/pilar-stari\/wp-content\/images\/stories\/dokumenti\/casopis_pilar\/br_11\/11_knjblok_001.pdf\">Impresum<\/a> \/&nbsp;<a href=\"https:\/\/www.vegaintro-projekti.com\/pilar-stari\/wp-content\/images\/stories\/dokumenti\/casopis_pilar\/br_11\/11_knjblok_005.pdf\">Sadr\u017eaj<\/a><\/p>\n<p>RASPRAVE<\/p>\n<p>Edi MILO\u0160: <a href=\"https:\/\/www.vegaintro-projekti.com\/pilar-stari\/wp-content\/images\/stories\/dokumenti\/casopis_pilar\/br_11\/11_knjblok_009.pdf\">Antun Radi\u0107 et l\u2019agonie de la Monarchie des Habsbourg<\/a><br \/>\nInes SABOTI\u010c: <a href=\"https:\/\/www.vegaintro-projekti.com\/pilar-stari\/wp-content\/images\/stories\/dokumenti\/casopis_pilar\/br_11\/11_knjblok_051.pdf\">Henri B\u00e9gouen, la Croatie et les &#8220;Yougoslaves&#8221;<\/a><\/p>\n<p>PRILOZI<\/p>\n<p><a href=\"https:\/\/www.vegaintro-projekti.com\/pilar-stari\/wp-content\/images\/stories\/dokumenti\/casopis_pilar\/br_11\/11_knjblok_087.pdf\">O gospodarskoj krizi kao o filozofskom pitanju<\/a> (T. Jonji\u0107)<br \/>\n<a href=\"https:\/\/www.vegaintro-projekti.com\/pilar-stari\/wp-content\/images\/stories\/dokumenti\/casopis_pilar\/br_11\/11_knjblok_091.pdf\">Ivan PILAR, Kriza kapitalizma kao spoznajni socijalno-politi\u010dki problem<\/a><\/p>\n<p>GRADIVO<\/p>\n<p><a href=\"https:\/\/www.vegaintro-projekti.com\/pilar-stari\/wp-content\/images\/stories\/dokumenti\/casopis_pilar\/br_11\/11_knjblok_115.pdf\">Iz rane Pilarove obiteljske korespondencije<\/a> (priredili S. Matkovi\u0107 i E. Milo\u0161)<\/p>\n<p>OSVRT S POVODOM<\/p>\n<p>Jure KRI\u0160TO: <a href=\"https:\/\/www.vegaintro-projekti.com\/pilar-stari\/wp-content\/images\/stories\/dokumenti\/casopis_pilar\/br_11\/11_knjblok_135.pdf\">Lo\u0161 truba\u010d protuhrvatske propagande<\/a><\/p>\n<p>OCJENE I PRIKAZI<\/p>\n<p><a href=\"https:\/\/www.vegaintro-projekti.com\/pilar-stari\/wp-content\/images\/stories\/dokumenti\/casopis_pilar\/br_11\/11_knjblok_149.pdf\">Ivan MARKE\u0160I\u0106, Religija u politi\u010dkim strankama, Zagreb &#8211; Sarajevo, 2010.<\/a> (Z. Hasanbegovi\u0107)<br \/>\n<a href=\"https:\/\/www.vegaintro-projekti.com\/pilar-stari\/wp-content\/images\/stories\/dokumenti\/casopis_pilar\/br_11\/11_knjblok_151.pdf\">Molve \u2014 ljudi, selo i okoli\u0161 u dugom trajanju, Molve, 2010.<\/a> (I. Zvonar)<br \/>\n<a href=\"https:\/\/www.vegaintro-projekti.com\/pilar-stari\/wp-content\/images\/stories\/dokumenti\/casopis_pilar\/br_11\/11_knjblok_154.pdf\">Godina 1918. Prethodnice, zbivanja, posljedice, Zagreb, 2010.<\/a> (T. Jonji\u0107)<\/p>\n<p>DODATAK<\/p>\n<p>Josef FRANK: <a href=\"https:\/\/www.vegaintro-projekti.com\/pilar-stari\/wp-content\/images\/stories\/dokumenti\/casopis_pilar\/br_11\/11_knjblok_163.pdf\">Die Quote Kroatiens, Agram, 1879.<\/a><br \/>\n<a href=\"https:\/\/www.vegaintro-projekti.com\/pilar-stari\/wp-content\/images\/stories\/dokumenti\/casopis_pilar\/br_11\/11_knjblok_191.pdf\">Josip Frank i kritika financijskog dijela Hrvatsko-ugarske nagodbe<\/a> (S. Matkovi\u0107)<\/p>\n<p><a name=\"12\"><\/a>&nbsp;<br \/>\n<span style=\"font-size: 12pt;\">Godi\u0161te VI. (2011.), broj&nbsp;2 (12)<\/span><\/p>\n<p><a href=\"https:\/\/www.vegaintro-projekti.com\/pilar-stari\/wp-content\/images\/stories\/dokumenti\/casopis_pilar\/br_12\/pilar12_omot.pdf\">Omot<\/a> \/ <a href=\"https:\/\/www.vegaintro-projekti.com\/pilar-stari\/wp-content\/images\/stories\/dokumenti\/casopis_pilar\/br_12\/pilar12_001.pdf\">Impresum<\/a> \/ <a href=\"https:\/\/www.vegaintro-projekti.com\/pilar-stari\/wp-content\/images\/stories\/dokumenti\/casopis_pilar\/br_12\/pilar12_003.pdf\">Sadr\u017eaj<\/a><\/p>\n<p>RASPRAVE<\/p>\n<p>Zoran GRIJAK: <a href=\"https:\/\/www.vegaintro-projekti.com\/pilar-stari\/wp-content\/images\/stories\/dokumenti\/casopis_pilar\/br_12\/pilar12_005.pdf\">O knji\u017eevnom i javnom djelovanju Iva Vojnovi\u0107a s posebnim osvrtom na \u201esupetarsku aferu\u201c 1907. godine<\/a><br \/>\nAleksandra GA\u010cI\u0106: <a href=\"https:\/\/www.vegaintro-projekti.com\/pilar-stari\/wp-content\/images\/stories\/dokumenti\/casopis_pilar\/br_12\/pilar12_026.pdf\">Poku\u0161aj prodora Slovenske pu\u010dke stranke u Vojvodinu (1919.\u20141929.)<\/a><br \/>\nStipe KUTLE\u0160A: <a href=\"https:\/\/www.vegaintro-projekti.com\/pilar-stari\/wp-content\/images\/stories\/dokumenti\/casopis_pilar\/br_12\/pilar12_034.pdf\">Znanstvenost i komplementarnost filozofije i teologije<\/a><\/p>\n<p>PRILOZI<\/p>\n<p><a href=\"https:\/\/www.vegaintro-projekti.com\/pilar-stari\/wp-content\/images\/stories\/dokumenti\/casopis_pilar\/br_12\/pilar12_041.pdf\">Bilje\u0161ka na rubu \u010dlanka Ive Pilara: O sistematizovanju socijologije<\/a> (I. Rogi\u0107)<br \/>\n<a href=\"https:\/\/www.vegaintro-projekti.com\/pilar-stari\/wp-content\/images\/stories\/dokumenti\/casopis_pilar\/br_12\/pilar12_043.pdf\">Ivo PILAR, O sistematizovanju socijologije<\/a><\/p>\n<p>GRADIVO<\/p>\n<p><a href=\"https:\/\/www.vegaintro-projekti.com\/pilar-stari\/wp-content\/images\/stories\/dokumenti\/casopis_pilar\/br_12\/pilar12_049.pdf\">Dr. Ivo Pilar i Hrvatska selja\u010dka stranka po\u010detkom tridesetih godina 20. stolje\u0107a<\/a> (T. Jonji\u0107)<br \/>\n<a href=\"https:\/\/www.vegaintro-projekti.com\/pilar-stari\/wp-content\/images\/stories\/dokumenti\/casopis_pilar\/br_12\/pilar12_051.pdf\">Ivo PILAR i Radoslav LORKOVI\u0106, Zapisnik za spomen od 25. srpnja 1932.<\/a><br \/>\n<a href=\"https:\/\/www.vegaintro-projekti.com\/pilar-stari\/wp-content\/images\/stories\/dokumenti\/casopis_pilar\/br_12\/pilar12_053.pdf\">Pismo dr. Ive Pilara i drugova dr. Vladku Ma\u010deku, predsjedniku zabranjene Hrvatske selja\u010dke stranke<\/a><br \/>\n<a href=\"https:\/\/www.vegaintro-projekti.com\/pilar-stari\/wp-content\/images\/stories\/dokumenti\/casopis_pilar\/br_12\/pilar12_055.pdf\">Koncept Pilarove Spomenice o zada\u0107ama Hrvatske selja\u010dke stranke nakon dono\u0161enja Oktroiranog ustava Kraljevine Jugoslavije (1931.)<\/a><br \/>\n<a href=\"https:\/\/www.vegaintro-projekti.com\/pilar-stari\/wp-content\/images\/stories\/dokumenti\/casopis_pilar\/br_12\/pilar12_057.pdf\">Ivo PILAR, Nacrt Pravila Hrvatske selja\u010dke stranke<\/a><\/p>\n<p>OSVRT S POVODOM<\/p>\n<p>Tomislav JONJI\u0106: <a href=\"https:\/\/www.vegaintro-projekti.com\/pilar-stari\/wp-content\/images\/stories\/dokumenti\/casopis_pilar\/br_12\/pilar12_072.pdf\">O Tu\u0111manu, uz dlaku akademskim poduzetnicima i politi\u010dkim trgovcima<\/a><\/p>\n<p>OBLJETNICE<\/p>\n<p><a href=\"https:\/\/www.vegaintro-projekti.com\/pilar-stari\/wp-content\/images\/stories\/dokumenti\/casopis_pilar\/br_12\/pilar12_083.pdf\">Prezreni prava\u0161: u prigodi 100. godi\u0161njice smrti dr. Josipa Franka<\/a> (S. Matkovi\u0107)<br \/>\n<a href=\"https:\/\/www.vegaintro-projekti.com\/pilar-stari\/wp-content\/images\/stories\/dokumenti\/casopis_pilar\/br_12\/pilar12_088.pdf\">20. obljetnica Instituta dru\u0161tvenih znanosti Ivo Pilar<\/a> (I. \u017debec \u0160ilj)<\/p>\n<p>OCJENE I PRIKAZI<\/p>\n<p><a href=\"https:\/\/www.vegaintro-projekti.com\/pilar-stari\/wp-content\/images\/stories\/dokumenti\/casopis_pilar\/br_12\/pilar12_090.pdf\">Vladimir P. GOSS, \u010cetiri stolje\u0107a europske umjetnosti 800.\u20141200., Zagreb, 2010.<\/a> (J. Nerali\u0107)<br \/>\n<a href=\"https:\/\/www.vegaintro-projekti.com\/pilar-stari\/wp-content\/images\/stories\/dokumenti\/casopis_pilar\/br_12\/pilar12_093.pdf\">Hrvojka MIHANOVI\u0106-SALOPEK i Vinicije B. LUPIS, \u017deljezni duh: Prinos Jakete Palmoti\u0107a Dionori\u0107a hrvatskoj knji\u017eevnoj ba\u0161tini, Zagreb \u2014 Dubrovnik, 2010.<\/a> (A. Pave\u0161kovi\u0107)<br \/>\n<a href=\"https:\/\/www.vegaintro-projekti.com\/pilar-stari\/wp-content\/images\/stories\/dokumenti\/casopis_pilar\/br_12\/pilar12_094.pdf\">Donald RUMSFELD, Known and Unknown: A Memoir, Sentinel HC, 2011.<\/a> (M. Bari\u0107)<\/p>\n<p>IN MEMORIAM<\/p>\n<p><a href=\"https:\/\/www.vegaintro-projekti.com\/pilar-stari\/wp-content\/images\/stories\/dokumenti\/casopis_pilar\/br_12\/pilar12_096.pdf\">Otto von Habsburg (1912.\u20142011.)<\/a><\/p>\n<p>&gt;&gt;&gt; <a href=\"https:\/\/www.vegaintro-projekti.com\/pilar-stari\/wp-content\/images\/stories\/dokumenti\/casopis_pilar\/br_12\/pilar12.pdf\">Puni tekst \u010dasopisa PILAR,&nbsp;br. 12\/2011.<\/a><\/p>\n<p><a name=\"13\"><\/a>&nbsp;<br \/>\n<span style=\"font-size: 12pt;\">Godi\u0161te VII. (2012.), broj 1 (13)<\/span><\/p>\n<p>&nbsp;<\/p>\n<p><a href=\"https:\/\/www.vegaintro-projekti.com\/pilar-stari\/wp-content\/images\/stories\/fotografije\/casopis-pilar\/p13-korice.jpg\">Naslovnica<\/a> \/&nbsp;<a href=\"https:\/\/www.vegaintro-projekti.com\/pilar-stari\/wp-content\/images\/stories\/dokumenti\/casopis_pilar\/br_13\/p13_001.pdf\">Impresum<\/a> \/&nbsp;<a href=\"https:\/\/www.vegaintro-projekti.com\/pilar-stari\/wp-content\/images\/stories\/dokumenti\/casopis_pilar\/br_13\/p13_003.pdf\">Sadr\u017eaj<\/a><\/p>\n<p>RASPRAVE<\/p>\n<p>Tomislav JONJI\u0106:&nbsp;<a href=\"https:\/\/www.vegaintro-projekti.com\/pilar-stari\/wp-content\/images\/stories\/dokumenti\/casopis_pilar\/br_13\/p13_005.pdf\">Pogledi Antuna Gustava Mato\u0161a na hrvatsko-srpske odnose<\/a><br \/>\nSa\u0161a MRDULJA\u0160:&nbsp;<a href=\"https:\/\/www.vegaintro-projekti.com\/pilar-stari\/wp-content\/images\/stories\/dokumenti\/casopis_pilar\/br_13\/p13_039.pdf\">Etnicitet Splita za mleta\u010dke i osmanlijske dominacije prostorima dana\u0161nje Dalmacije<\/a><br \/>\nStipe KUTLE\u0160A:&nbsp;<a href=\"https:\/\/www.vegaintro-projekti.com\/pilar-stari\/wp-content\/images\/stories\/dokumenti\/casopis_pilar\/br_13\/p13_048.pdf\">Dualizam ili monizam sila u prirodi? Bo\u0161kovi\u0107ev zakon privla\u010dno-odbojnih sila<\/a><\/p>\n<p>PRILOZI<\/p>\n<p><a href=\"https:\/\/www.vegaintro-projekti.com\/pilar-stari\/wp-content\/images\/stories\/dokumenti\/casopis_pilar\/br_13\/p13_058.pdf\">Ivo Pilar o recepciji austrijskoga Op\u0107ega gra\u0111anskog zakonika u Bosni i Hercegovini<\/a> (T. Jonji\u0107)<br \/>\nIvo PILAR,&nbsp;<a href=\"https:\/\/www.vegaintro-projekti.com\/pilar-stari\/wp-content\/images\/stories\/dokumenti\/casopis_pilar\/br_13\/p13_064.pdf\">Entwicklungsgang der Rezeption des \u00f6sterreichischen allgemeinen b\u00fcrgerlichen Gesetzbuches in Bosnien und der Herzegowina unter besonderer Ber\u00fccksichtigung des Immobilienrechtes<\/a><\/p>\n<p>GRADIVO<\/p>\n<p><a href=\"https:\/\/www.vegaintro-projekti.com\/pilar-stari\/wp-content\/images\/stories\/dokumenti\/casopis_pilar\/br_13\/p13_076.pdf\">Iz neobjavljene korespondencije dr. Ive Pilara<\/a> (S. Matkovi\u0107)<\/p>\n<p>OBLJETNICE<\/p>\n<p><a href=\"https:\/\/www.vegaintro-projekti.com\/pilar-stari\/wp-content\/images\/stories\/dokumenti\/casopis_pilar\/br_13\/p13_102.pdf\">Hrvatski doktor Faust: u prigodi 85. godi\u0161njice smrti dr. Isidora Kr\u0161njavog (1927. &#8211; 2012.)<\/a> (S. Matkovi\u0107 i Z. Matijevi\u0107)<\/p>\n<p>OCJENE I PRIKAZI<\/p>\n<p><a href=\"https:\/\/www.vegaintro-projekti.com\/pilar-stari\/wp-content\/images\/stories\/dokumenti\/casopis_pilar\/br_13\/p13_107.pdf\">Trpimir Macan, Hrvatskom pro\u0161losti, Zagreb, 2011.<\/a> (V. \u0160voger)<\/p>\n<p><a href=\"https:\/\/www.vegaintro-projekti.com\/pilar-stari\/wp-content\/images\/stories\/dokumenti\/casopis_pilar\/br_13\/p13_109.pdf\">Stjepan Matkovi\u0107, Izabrani portreti prava\u0161a, Zagreb, 2011.<\/a> (M. Gabelica)<br \/>\n<a href=\"https:\/\/www.vegaintro-projekti.com\/pilar-stari\/wp-content\/images\/stories\/dokumenti\/casopis_pilar\/br_13\/p13_111.pdf\">Feldmar\u0161al Svetozar barun Borojevi\u0107 od Bojne (1856.\u20141920.), Zagreb, 2011.<\/a> (S. Matkovi\u0107)<br \/>\n<a href=\"https:\/\/www.vegaintro-projekti.com\/pilar-stari\/wp-content\/images\/stories\/dokumenti\/casopis_pilar\/br_13\/p13_113.pdf\">Vjerni unuci slavnih pradjedova: 150. obljetnica Sabora 1861., Zagreb, 2011.<\/a> (S. Matkovi\u0107)<\/p>\n<p>DODATAK<\/p>\n<p>Internationales &nbsp;Wissenschaftssymposion:<br \/>\nDr. Ivo Pilar und die Idee eines vereinigten Europa, Wien, 12. M\u00e4rz 201<\/p>\n<p><a href=\"https:\/\/www.vegaintro-projekti.com\/pilar-stari\/wp-content\/images\/stories\/dokumenti\/casopis_pilar\/br_13\/p13_115.pdf\">Institut dru\u0161tvenih znanosti Ivo Pilar u Be\u010du 2010.<\/a> (V. Mihaljevi\u0107)<br \/>\nHeinrich BADURA:&nbsp;<a href=\"https:\/\/www.vegaintro-projekti.com\/pilar-stari\/wp-content\/images\/stories\/dokumenti\/casopis_pilar\/br_13\/p13_117.pdf\">Wissenschaft und EU-Integration<\/a><br \/>\nVlado \u0160AKI\u0106:&nbsp;<a href=\"https:\/\/www.vegaintro-projekti.com\/pilar-stari\/wp-content\/images\/stories\/dokumenti\/casopis_pilar\/br_13\/p13_120.pdf\">Misija dru\u0161tvenih istra\u017eivanja u Hrvatskoj<\/a><br \/>\nJakub FORST-BATTAGLIA:&nbsp;<a href=\"https:\/\/www.vegaintro-projekti.com\/pilar-stari\/wp-content\/images\/stories\/dokumenti\/casopis_pilar\/br_13\/p13_121.pdf\">\u00d6sterreich und Kroatien als kulturelle Partner im neuen Europa<\/a><br \/>\nSre\u0107ko LIPOV\u010cAN, Caroline HORNSTEIN TOMI\u0106 und Zlatko MATIJEVI\u0106:<a href=\"https:\/\/www.vegaintro-projekti.com\/pilar-stari\/wp-content\/images\/stories\/dokumenti\/casopis_pilar\/br_13\/p13_123.pdf\"> Ivo Pilar \u2014 Politischer Analytiker und Vordenker seiner Zeit. Kroatien zwischen Mitteleuropa und dem Balkan<\/a><br \/>\nAndrej RAHTEN:&nbsp;<a href=\"https:\/\/www.vegaintro-projekti.com\/pilar-stari\/wp-content\/images\/stories\/dokumenti\/casopis_pilar\/br_13\/p13_126.pdf\">Die Idee eines Mitteleuropa \u2014 neunzig Jahre nach Versailles<\/a><br \/>\n\u0160a\u0107ir FILANDRA:&nbsp;<a href=\"https:\/\/www.vegaintro-projekti.com\/pilar-stari\/wp-content\/images\/stories\/dokumenti\/casopis_pilar\/br_13\/p13_129.pdf\">Ivo Pilar \u2014 Srbi i Bo\u0161njaci u Bosni i Hercegovini<\/a><br \/>\nStjepan \u0160ULEK:&nbsp;<a href=\"https:\/\/www.vegaintro-projekti.com\/pilar-stari\/wp-content\/images\/stories\/dokumenti\/casopis_pilar\/br_13\/p13_131.pdf\">Aktualnost djela Ive Pilara<\/a><br \/>\nNevio \u0160ETI\u0106:&nbsp;<a href=\"https:\/\/www.vegaintro-projekti.com\/pilar-stari\/wp-content\/images\/stories\/dokumenti\/casopis_pilar\/br_13\/p13_134.pdf\">Va\u017enost Instituta Pilar za dru\u0161tvene i humanisti\u010dke znanosti u Hrvatskoj<\/a><\/p>\n<p>&nbsp;<br \/>\n&gt;&gt;&gt;&nbsp;<a href=\"https:\/\/www.vegaintro-projekti.com\/pilar-stari\/wp-content\/images\/stories\/dokumenti\/casopis_pilar\/br_13\/p13.pdf\">Puni tekst \u010dasopisa PILAR,&nbsp;br. 13\/2012.<\/a><br \/>\n<a name=\"br_14\"><\/a>&nbsp;<\/p>\n<p><span style=\"font-size: 12pt;\"><span style=\"font-size: 16px;\">Godi\u0161te VII. (2012.), broj 2 (14)<\/span><\/span><\/p>\n<p><a href=\"https:\/\/www.vegaintro-projekti.com\/pilar-stari\/wp-content\/images\/stories\/fotografije\/casopis-pilar\/P_14_naslovnica.jpg\">Naslovnica<\/a>&nbsp;\/&nbsp;<a href=\"https:\/\/www.vegaintro-projekti.com\/pilar-stari\/wp-content\/images\/stories\/dokumenti\/casopis_pilar\/br_14\/Pilar_14_1.pdf\">Impresum<\/a>&nbsp;\/&nbsp;<a href=\"https:\/\/www.vegaintro-projekti.com\/pilar-stari\/wp-content\/images\/stories\/dokumenti\/casopis_pilar\/br_14\/Pilar_14_3.pdf\">Sadr\u017eaj<\/a><\/p>\n<p>RASPRAVE<\/p>\n<p>Ante \u0160KEGRO \u2014 Marko RIMAC \u2014 Suzana MARTINOVI\u0106:&nbsp;<a href=\"https:\/\/www.vegaintro-projekti.com\/pilar-stari\/wp-content\/images\/stories\/dokumenti\/casopis_pilar\/br_14\/Pilar_14_5.pdf\">Diplomatski spor zbog jednoga katoli\u010dkog kr\u0161tenja u Splitu 1745. godine<\/a><br \/>\nMislav GABELICA:&nbsp;<a href=\"https:\/\/www.vegaintro-projekti.com\/pilar-stari\/wp-content\/images\/stories\/dokumenti\/casopis_pilar\/br_14\/Pilar_14_18.pdf\">Katoli\u010dki sve\u0107enici u banskoj Hrvatskoj na izbornim listama frankova\u010dkih prava\u0161a&nbsp;(1895.\u20141914.)<\/a><\/p>\n<p>PRILOZI<\/p>\n<p><a href=\"https:\/\/www.vegaintro-projekti.com\/pilar-stari\/wp-content\/images\/stories\/dokumenti\/casopis_pilar\/br_14\/Pilar_14_36.pdf\">\u010cime je sv. Sava &#8220;op\u010darao&#8221; Ivu Pilara<\/a>&nbsp;(I. Marke\u0161i\u0107)<br \/>\nIvo PILAR,&nbsp;<a href=\"https:\/\/www.vegaintro-projekti.com\/pilar-stari\/wp-content\/images\/stories\/dokumenti\/casopis_pilar\/br_14\/Pilar_14_39.pdf\">O Svetom Savi i njegovu znamenovanju<\/a><\/p>\n<p>GRADIVO<\/p>\n<p><a href=\"https:\/\/www.vegaintro-projekti.com\/pilar-stari\/wp-content\/images\/stories\/dokumenti\/casopis_pilar\/br_14\/Pilar_14_46.pdf\">Pabirci iz korespondencije Ive Pilara i Fritza Byloffa (1926.\u20141933.)<\/a><\/p>\n<p>OSVRT S POVODOM<\/p>\n<p>Zlatko KUDELI\u0106:&nbsp;<a href=\"https:\/\/www.vegaintro-projekti.com\/pilar-stari\/wp-content\/images\/stories\/dokumenti\/casopis_pilar\/br_14\/Pilar_14_52.pdf\">Intelektualci na marginama visoke politike<\/a><br \/>\nJure KRI\u0160TO:&nbsp;<a href=\"https:\/\/www.vegaintro-projekti.com\/pilar-stari\/wp-content\/images\/stories\/dokumenti\/casopis_pilar\/br_14\/Pilar_14_58.pdf\">Od nesnala\u017eenja do pravilnoga izbora \u2014 Politi\u010dko prilago\u0111avanje (nekih) franjevaca Bosne Srebrene u komunizmu i nakon njegova sloma<\/a><\/p>\n<p>OCJENE I PRIKAZI<\/p>\n<p><a href=\"https:\/\/www.vegaintro-projekti.com\/pilar-stari\/wp-content\/images\/stories\/dokumenti\/casopis_pilar\/br_14\/Pilar_14_67.pdf\">Dr. Franjo Tu\u0111man u okviru hrvatske historiografije, Zagreb, 2011.<\/a>&nbsp;(I. \u017debec \u0160ilj)<br \/>\n<a href=\"https:\/\/www.vegaintro-projekti.com\/pilar-stari\/wp-content\/images\/stories\/dokumenti\/casopis_pilar\/br_14\/Pilar_14_69.pdf\">Ivica Zvonar, Mons. dr. Fran Barac (1872.\u20141940.). \u017divot i djelo, Zagreb, 2011.<\/a>&nbsp;(M. Matijevi\u0107)<br \/>\n<a href=\"https:\/\/www.vegaintro-projekti.com\/pilar-stari\/wp-content\/images\/stories\/dokumenti\/casopis_pilar\/br_14\/Pilar_14_70.pdf\">Hrvoje Petri\u0107, Pograni\u010dna dru\u0161tva i okoli\u0161. Vara\u017edinski generalat i Kri\u017eeva\u010dka \u017eupanija u 17. stolje\u0107u, Samobor \u2014 Zagreb, 2012.<\/a>&nbsp;(I. Zvonar)<\/p>\n<p>KRONIKA<\/p>\n<p><a href=\"https:\/\/www.vegaintro-projekti.com\/pilar-stari\/wp-content\/images\/stories\/dokumenti\/casopis_pilar\/br_14\/Pilar_14_72.pdf\">Ivo Pilar u Zmajskoj kuli<\/a>&nbsp;(z. m.)<\/p>\n<p>IN MEMORIAM<\/p>\n<p><a href=\"https:\/\/www.vegaintro-projekti.com\/pilar-stari\/wp-content\/images\/stories\/dokumenti\/casopis_pilar\/br_14\/Pilar_14_75.pdf\">Rene Lovren\u010di\u0107 (1928.\u20142012.)<\/a><br \/>\n<a href=\"https:\/\/www.vegaintro-projekti.com\/pilar-stari\/wp-content\/images\/stories\/dokumenti\/casopis_pilar\/br_14\/Pilar_14_77.pdf\">Mirjana Gross (1922.\u20142012.)<\/a><\/p>\n<p>DODATAK<\/p>\n<p>Stjepan SRKULJ:&nbsp;<a href=\"https:\/\/www.vegaintro-projekti.com\/pilar-stari\/wp-content\/images\/stories\/dokumenti\/casopis_pilar\/br_14\/Pilar_14_82.pdf\">Memoari<\/a><br \/>\n<a href=\"https:\/\/www.vegaintro-projekti.com\/pilar-stari\/wp-content\/images\/stories\/dokumenti\/casopis_pilar\/br_14\/Pilar_14_125.pdf\">Skica za \u017eivotopis Stjepana Srkulja<\/a>&nbsp;(S. Matkovi\u0107)<br \/>\n&gt;&gt;&gt;&nbsp;<a href=\"https:\/\/www.vegaintro-projekti.com\/pilar-stari\/wp-content\/images\/stories\/dokumenti\/casopis_pilar\/br_14\/Pilar_14_sve.pdf\">Puni tekst \u010dasopisa PILAR, br. 14\/2012.<\/a><\/p>\n<p><a name=\"br_15-16\"><\/a>&nbsp;<\/p>\n<p><span style=\"font-size: 12pt;\">Godi\u0161te VIII. (2013.), broj 1 (15) &#8211; 2 (16)<\/span><\/p>\n<p><a href=\"https:\/\/www.vegaintro-projekti.com\/pilar-stari\/wp-content\/images\/stories\/dokumenti\/casopis_pilar\/br_15-16\/P_15-16-omot.pdf\">Omot<\/a>&nbsp;\/&nbsp;<a href=\"https:\/\/www.vegaintro-projekti.com\/pilar-stari\/wp-content\/images\/stories\/dokumenti\/casopis_pilar\/br_15-16\/P_15-16_imp.pdf\">Impresum<\/a>&nbsp;\/&nbsp;<a href=\"https:\/\/www.vegaintro-projekti.com\/pilar-stari\/wp-content\/images\/stories\/dokumenti\/casopis_pilar\/br_15-16\/P_15-16_sadr.pdf\">Sadr\u017eaj<\/a><\/p>\n<p>RASPRAVE<\/p>\n<p>Nikica BARI\u0106:&nbsp;<a href=\"https:\/\/www.vegaintro-projekti.com\/pilar-stari\/wp-content\/images\/stories\/dokumenti\/casopis_pilar\/br_15-16\/P_15-16_r1.pdf\">Vladan Desnica \u2014 novi prilozi za biografiju<\/a><br \/>\nStjepan MATKOVI\u0106:&nbsp;<a href=\"https:\/\/www.vegaintro-projekti.com\/pilar-stari\/wp-content\/images\/stories\/dokumenti\/casopis_pilar\/br_15-16\/P_15-16_r2.pdf\">Ivo Pilar i naprednja\u0161tvo<\/a><br \/>\nDomagoj TOMAS:&nbsp;<a href=\"https:\/\/www.vegaintro-projekti.com\/pilar-stari\/wp-content\/images\/stories\/dokumenti\/casopis_pilar\/br_15-16\/P_15-16_r3.pdf\">Europska &#8220;nova desnica&#8221; \u2014 marginalna politi\u010dka misao ili ostvariv potencijal?<\/a><\/p>\n<p>OSVRT S POVODOM<\/p>\n<p>Sanja \u0160POLJAR VR\u017dINA:&nbsp;<a href=\"https:\/\/www.vegaintro-projekti.com\/pilar-stari\/wp-content\/images\/stories\/dokumenti\/casopis_pilar\/br_15-16\/P_15-16_osvrt.pdf\">Novi pogled na &#8220;hrvatske odselidbe&#8221;<\/a><\/p>\n<p>OCJENE I PRIKAZI<\/p>\n<p><a href=\"https:\/\/www.vegaintro-projekti.com\/pilar-stari\/wp-content\/images\/stories\/dokumenti\/casopis_pilar\/br_15-16\/P_15-16_oc1.pdf\">Nikica Bari\u0107, Usta\u0161e na Jadranu. Uprava Nezavisne Dr\u017eave Hrvatske u jadranskoj Hrvatskoj nakon kapitulacije Kraljevine Italije, Zagreb, 2012.<\/a>&nbsp;(I. Hrsti\u0107)<br \/>\n<a href=\"https:\/\/www.vegaintro-projekti.com\/pilar-stari\/wp-content\/images\/stories\/dokumenti\/casopis_pilar\/br_15-16\/P_15-16_oc2.pdf\">Vitomira Lon\u010dar, Kazali\u0161na tranzicija u Hrvatskoj, Zagreb, 2013.<\/a>&nbsp;(N. Obuljen Kor\u017einek)<br \/>\n<a href=\"https:\/\/www.vegaintro-projekti.com\/pilar-stari\/wp-content\/images\/stories\/dokumenti\/casopis_pilar\/br_15-16\/P_15-16_oc3.pdf\">Gospi\u0107. Grad, ljudi, identitet, Zagreb\u2014Gospi\u0107, 2013.<\/a>&nbsp;(I. Brli\u0107)<br \/>\n<a href=\"https:\/\/www.vegaintro-projekti.com\/pilar-stari\/wp-content\/images\/stories\/dokumenti\/casopis_pilar\/br_15-16\/P_15-16_oc4.pdf\">Lucius, Zbornik radova Dru\u0161tva studenata povijesti &#8220;Ivan Lu\u010di\u0107 \u2013 Lucius&#8221;, Zagreb, 2012.<\/a>&nbsp;(M. Maljuga)<br \/>\n&gt;&gt;&gt;&nbsp;<a href=\"https:\/\/www.vegaintro-projekti.com\/pilar-stari\/wp-content\/images\/stories\/dokumenti\/casopis_pilar\/br_15-16\/P_15-16_punitekst.pdf\">Puni tekst \u010dasopisa PILAR, br. 15-16\/2013.<\/a><br \/>\n<a name=\"br_17-18\"><\/a>&nbsp;<\/p>\n<p><span style=\"font-size: 12pt;\"><span style=\"font-size: 16px;\">Godi\u0161te IX. (2014.), broj 1 (17) &#8211; 2 (18)<\/span><\/span><\/p>\n<p><a href=\"https:\/\/www.vegaintro-projekti.com\/pilar-stari\/wp-content\/images\/stories\/dokumenti\/casopis_pilar\/br_17-18\/P_17-18_omot.pdf\">Omot<\/a>&nbsp;|&nbsp;<a href=\"https:\/\/www.vegaintro-projekti.com\/pilar-stari\/wp-content\/images\/stories\/dokumenti\/casopis_pilar\/br_17-18\/P_17-18_impresum.pdf\">Impresum<\/a>&nbsp;|&nbsp;<a href=\"https:\/\/www.vegaintro-projekti.com\/pilar-stari\/wp-content\/images\/stories\/dokumenti\/casopis_pilar\/br_17-18\/P_17-18_sadrzaj.pdf\">Sadr\u017eaj<\/a><\/p>\n<p>RASPRAVE<\/p>\n<p>Mislav GABELICA:&nbsp;<a href=\"https:\/\/www.vegaintro-projekti.com\/pilar-stari\/wp-content\/images\/stories\/dokumenti\/casopis_pilar\/br_17-18\/P_17-18_9.pdf\">Izme\u0111u Scile i Haribde: politi\u010dko djelovanje Stranke prava (frankovaca) po\u010detkom Prvoga svjetskog rata (od srpnja 1914. do konca 1915. godine)<\/a><br \/>\nLucija POFUK, Ivica MI\u0160KULIN:&nbsp;<a href=\"https:\/\/www.vegaintro-projekti.com\/pilar-stari\/wp-content\/images\/stories\/dokumenti\/casopis_pilar\/br_17-18\/P_17-18_43.pdf\">Europsko vije\u0107e mudraca i okvir optimalne ravnote\u017ee: korijeni, dono\u0161enje i posljedice Brijunske deklaracije<\/a><br \/>\nIvo TURK, Marijan JUKI\u0106, Dra\u017een \u017dIVI\u0106:&nbsp;<a href=\"https:\/\/www.vegaintro-projekti.com\/pilar-stari\/wp-content\/images\/stories\/dokumenti\/casopis_pilar\/br_17-18\/P_17-18_71.pdf\">Starenje stanovni\u0161tva kao ograni\u010davaju\u0107i \u010dimbenik demografskog razvoja \u017dumberka<\/a><br \/>\n\u017deljko KLAI\u0106:&nbsp;<a href=\"https:\/\/www.vegaintro-projekti.com\/pilar-stari\/wp-content\/images\/stories\/dokumenti\/casopis_pilar\/br_17-18\/P_17-18_97.pdf\">Vjekoslav Spin\u010di\u0107 i pitanje jezi\u010dno-etni\u010dke granice izme\u0111u Hrvata i Slovenaca u austrijskoj pokrajini Istri<\/a><\/p>\n<p>OSVRT S POVODOM<\/p>\n<p>Jo\u0161ko BAD\u017dIM:&nbsp;<a href=\"https:\/\/www.vegaintro-projekti.com\/pilar-stari\/wp-content\/images\/stories\/dokumenti\/casopis_pilar\/br_17-18\/P_17-18_119.pdf\">Pelje\u0161ki most. Naznake geopoliti\u010dkih i strate\u0161ko-sigurnosnih implikacija<\/a><\/p>\n<p>OCJENE I PRIKAZI<\/p>\n<p><a href=\"https:\/\/www.vegaintro-projekti.com\/pilar-stari\/wp-content\/images\/stories\/dokumenti\/casopis_pilar\/br_17-18\/P_17-18_137.pdf\">Katrin Boeckh, Serbien. Montenegro. Geschichte und Gegenwart, M\u00fcnchen, 2009.<\/a>&nbsp;(S. Matkovi\u0107)<br \/>\n<a href=\"https:\/\/www.vegaintro-projekti.com\/pilar-stari\/wp-content\/images\/stories\/dokumenti\/casopis_pilar\/br_17-18\/P_17-18_140.pdf\">Philippe Gelez, Safvet-beg Ba\u0161agi\u0107 (1870 &#8211; 1934). Aux racines intellectuelles de la pens\u00e9e nationale chez les musulmans de Bosnie-Herz\u00e9govine, Atena, 2010.<\/a>&nbsp;(A. Vla\u0161i\u0107)<br \/>\n<a href=\"https:\/\/www.vegaintro-projekti.com\/pilar-stari\/wp-content\/images\/stories\/dokumenti\/casopis_pilar\/br_17-18\/P_17-18_144.pdf\">Tomislav Jonji\u0107 \u2013 Stjepan Matkovi\u0107, Iz korespondencije dr. Mile Budaka (1907.- 1944.), Zagreb, 2012.<\/a>&nbsp;(I. Hrsti\u0107)<br \/>\n<a href=\"https:\/\/www.vegaintro-projekti.com\/pilar-stari\/wp-content\/images\/stories\/dokumenti\/casopis_pilar\/br_17-18\/P_17-18_147.pdf\">Danijel Vojak, U predve\u010derje rata: Romi u Hrvatskoj 1918. &#8211; 1941., Zagreb, 2013.<\/a>&nbsp;(N. Kova\u010dev)<br \/>\n<a href=\"https:\/\/www.vegaintro-projekti.com\/pilar-stari\/wp-content\/images\/stories\/dokumenti\/casopis_pilar\/br_17-18\/P_17-18_150.pdf\">Iskra Ivelji\u0107, Anatomija jedne velika\u0161ke porodice: Rauchovi, Zagreb, 2014.<\/a>&nbsp;(S. Matkovi\u0107)<br \/>\n<a href=\"https:\/\/www.vegaintro-projekti.com\/pilar-stari\/wp-content\/images\/stories\/dokumenti\/casopis_pilar\/br_17-18\/P_17-18_153.pdf\">Me\u0111unarodni znanstveni skup Ivo Tartaglia i njegovo doba, Split, 23.-24. rujna 2013.<\/a>&nbsp;(S. Matkovi\u0107)<br \/>\n<a href=\"https:\/\/www.vegaintro-projekti.com\/pilar-stari\/wp-content\/images\/stories\/dokumenti\/casopis_pilar\/br_17-18\/P_17-18_156.pdf\">Znanstveni skup Intelektualac, kultura, reforma: Ivan Ma\u017eurani\u0107 i njegovo vrijeme, Zagreb, 5. studenoga 2014.<\/a>&nbsp;(S. Matkovi\u0107)<br \/>\n<a href=\"https:\/\/www.vegaintro-projekti.com\/pilar-stari\/wp-content\/images\/stories\/dokumenti\/casopis_pilar\/br_17-18\/P_17-18_160.pdf\">Scopus. \u010casopis za filozofiju studenata Hrvatskih studija, Vol. XIII, No. 26, Zagreb, 2014.<\/a>&nbsp;(M. Luki\u0107)<\/p>\n<p><a href=\"https:\/\/www.vegaintro-projekti.com\/pilar-stari\/wp-content\/images\/stories\/dokumenti\/casopis_pilar\/br_17-18\/P_17-18_nova-izdanja.pdf\">Nova izdanja Instituta Ivo Pilar<\/a><br \/>\n<a href=\"https:\/\/www.vegaintro-projekti.com\/pilar-stari\/wp-content\/images\/stories\/dokumenti\/casopis_pilar\/br_17-18\/P_17-18_upute.pdf\">Upute suradnicima<\/a><br \/>\n&gt;&gt;&gt;&nbsp;<a href=\"https:\/\/www.vegaintro-projekti.com\/pilar-stari\/wp-content\/images\/stories\/dokumenti\/casopis_pilar\/br_17-18\/P_17-18_full.pdf\">Puni tekst \u010dasopisa PILAR, br. 17-18\/2014.<\/a><\/p>\n<p><a name=\"br19-20\"><\/a>&nbsp;<\/p>\n<p><span style=\"font-size: 12pt;\"><span style=\"font-size: 16px;\">Godi\u0161te X. (2015.), broj 1 (19) &#8211; 2 (20)<\/span><\/span><\/p>\n<p><a href=\"https:\/\/www.vegaintro-projekti.com\/pilar-stari\/2008\/10\/asopis-pilar\/\">Omot<\/a>&nbsp;|&nbsp;<a href=\"https:\/\/www.vegaintro-projekti.com\/pilar-stari\/2008\/10\/asopis-pilar\/\">Impresum<\/a>&nbsp;|&nbsp;<a href=\"https:\/\/www.vegaintro-projekti.com\/pilar-stari\/2008\/10\/asopis-pilar\/\">Sadr\u017eaj<\/a><\/p>\n<p>RASPRAVE<\/p>\n<p>Tomislav JONJI\u0106:&nbsp;<a href=\"https:\/\/www.vegaintro-projekti.com\/pilar-stari\/2008\/10\/asopis-pilar\/\">Rasno u\u010denje i eugenika u hrvatskim zemljama do sredine 1930-ih godina<\/a><br \/>\nStjepan MATKOVI\u0106:&nbsp;<a href=\"https:\/\/www.vegaintro-projekti.com\/pilar-stari\/2008\/10\/asopis-pilar\/\">Iz rane Pilarove korespodencije: pisma Milivoju De\u017emanu<\/a><\/p>\n<p>OCJENE I PRIKAZI<\/p>\n<p><a href=\"https:\/\/www.vegaintro-projekti.com\/pilar-stari\/2008\/10\/asopis-pilar\/\">Filip Majeti\u0107, Zagreb u postindustrijsko doba, Zagreb, 2015.<\/a>&nbsp;(K. Pera\u010dkovi\u0107)<br \/>\n<a href=\"https:\/\/www.vegaintro-projekti.com\/pilar-stari\/2008\/10\/asopis-pilar\/\">Tomasz Jacek Lis, Polskie osadnictwo i duchowie\u0144stwo w Bo\u015bni i Hercegowinie w latach 1894\u20141920 \/ Polish Immigrants and Clergy in Bosnia and Herzegovina from 1894 to 1920, Toru\u0144, 2014.<\/a>&nbsp;(T. Pud\u0142ocki)<\/p>\n<p>IN MEMORIAM<\/p>\n<p><a href=\"https:\/\/www.vegaintro-projekti.com\/pilar-stari\/2008\/10\/asopis-pilar\/\">\u2020 Mirko Juraj Matau\u0161i\u0107 (1944.-2014.)<\/a>&nbsp;(D. Patafta)<\/p>\n<p><a href=\"https:\/\/www.vegaintro-projekti.com\/pilar-stari\/2008\/10\/asopis-pilar\/\">Nova izdanja Instituta Ivo Pilar<\/a><br \/>\n<a href=\"https:\/\/www.vegaintro-projekti.com\/pilar-stari\/2008\/10\/asopis-pilar\/\">Upute suradnicima<\/a><br \/>\n&gt;&gt;&gt;&nbsp;<a href=\"https:\/\/www.vegaintro-projekti.com\/pilar-stari\/2008\/10\/asopis-pilar\/\">Puni tekst \u010dasopisa PILAR, br. 19-20\/2015.<\/a><\/p>\n<p><a id=\"pi21\"><\/a><br \/>\n<span style=\"font-size: 12pt;\">Godi\u0161te XI. (2016.), broj 1 (21)<br \/>\n<\/span><br \/>\n<a href=\"https:\/\/www.vegaintro-projekti.com\/pilar-stari\/wp-content\/uploads\/2017\/10\/P-21_omot.pdf\">Omot<\/a>&nbsp;|&nbsp;<a href=\"https:\/\/www.vegaintro-projekti.com\/pilar-stari\/wp-content\/uploads\/2017\/10\/P-21_kb-impresum.pdf\">Impresum<\/a>&nbsp;|&nbsp;<a href=\"https:\/\/www.vegaintro-projekti.com\/pilar-stari\/wp-content\/uploads\/2017\/10\/P-21_kb-sadrzaj.pdf\">Sadr\u017eaj<\/a><\/p>\n<p><a href=\"https:\/\/www.vegaintro-projekti.com\/pilar-stari\/wp-content\/uploads\/2017\/10\/P-21_kb-rijec.pdf\">Rije\u010d glavne urednice<\/a><\/p>\n<p>RASPRAVE<\/p>\n<p>Daniel PATAFTA:&nbsp;<a href=\"https:\/\/www.vegaintro-projekti.com\/pilar-stari\/wp-content\/uploads\/2017\/10\/P-21_kb_11.pdf\">Hrvatski liberalni tisak o reformnom pokretu dijela katoli\u010dkog ni\u017eeg klera (1918.-1923.)<\/a><br \/>\nTomislav JONJI\u0106:&nbsp;<a href=\"https:\/\/www.vegaintro-projekti.com\/pilar-stari\/wp-content\/uploads\/2017\/10\/P-21_kb_45.pdf\">Ivo Pilar prema rasnom u\u010denju i eugenici<\/a><br \/>\nDomagoj \u010cI\u010cKO:&nbsp;<a href=\"https:\/\/www.vegaintro-projekti.com\/pilar-stari\/wp-content\/uploads\/2017\/10\/P-21_kb_113.pdf\">Socioekonomski razvoj trgovi\u0161ta Krapina i polo\u017eaj njegovih stanovnika u XVII. stolje\u0107u temeljem &#8220;Krapinskih zapisnika&#8221;<\/a><\/p>\n<p>OSVRTI S POVODOM<\/p>\n<p>Ivan ROGI\u0106:&nbsp;<a href=\"https:\/\/www.vegaintro-projekti.com\/pilar-stari\/wp-content\/uploads\/2017\/10\/P-21_kb_131.pdf\">Ivo Pilar i pitanja o modernizaciji hrvatskog dru\u0161tva<\/a><\/p>\n<p>PRILOZI<\/p>\n<p><a href=\"https:\/\/www.vegaintro-projekti.com\/pilar-stari\/wp-content\/uploads\/2017\/10\/P-21_kb_157.pdf\">Bibliografija \u010dasopisa Pilar 2006.-2015.<\/a>&nbsp;(Vlatka Duga\u010dki)<\/p>\n<p>OCJENE I PRIKAZI<\/p>\n<p><a href=\"https:\/\/www.vegaintro-projekti.com\/pilar-stari\/wp-content\/uploads\/2017\/10\/P-21_kb_175.pdf\">Krakov Zagrebu. Album posve\u0107en stradalnicima potresa 1880. godine \/ Krak\u00f3w Zagrzebiowi. Album pos\u00b4wie\u02dbcony ofiarom trze\u02dbsienia ziemi z 1880 roku, ed. by Maciej Czerwin\u2018ski, Magdalena Najbar-Agi\u010di\u0107, publ. by Srednja Europa, Zagreb 2011, 161 pages<\/a>&nbsp;(T. Pudl\u00b4ocki)<br \/>\n<a href=\"https:\/\/www.vegaintro-projekti.com\/pilar-stari\/wp-content\/uploads\/2017\/10\/P-21_kb_178.pdf\">Tematski broj Luciusa, \u010dasopisa studenata povijesti Hrvatskih studija posve\u0107en povijesti nacionalnih manjina u Hrvatskoj, Zagreb, 2015.<\/a>&nbsp;(Lj. Dobro\u0161ak)<br \/>\n<a href=\"https:\/\/www.vegaintro-projekti.com\/pilar-stari\/wp-content\/uploads\/2017\/10\/P-21_kb_181.pdf\">Kaj : \u010dasopis za knji\u017eevnost, umjetnost i kulturu, god. XLIX (2016), br. 3-4, 144 str.<\/a>&nbsp;(N. Kova\u010dev)<\/p>\n<p>OBLJETNICE<\/p>\n<p>Zlatko MATIJEVI\u0106:&nbsp;<a href=\"https:\/\/www.vegaintro-projekti.com\/pilar-stari\/wp-content\/uploads\/2017\/10\/P-21_kb_187.pdf\">Deset godina \u010dasopisa Pilar: kronologija \u2014 ljudi \u2014 teme<\/a><\/p>\n<p>KRONIKA<\/p>\n<p><a href=\"https:\/\/www.vegaintro-projekti.com\/pilar-stari\/wp-content\/uploads\/2017\/10\/P-21_kb_199.pdf\">Otkrivanje spomen plo\u010de Ivi Pilaru<br \/>\n<\/a><a href=\"https:\/\/www.vegaintro-projekti.com\/pilar-stari\/wp-content\/uploads\/2017\/10\/P-21_kb_200.pdf\">Kolokvij \u010cetiri lika Ive Pilara<\/a><\/p>\n<p><a href=\"https:\/\/www.vegaintro-projekti.com\/pilar-stari\/wp-content\/uploads\/2017\/10\/P-21_kb_201.pdf\">Nova izdanja Instituta Ivo Pilar<br \/>\n<\/a><a href=\"https:\/\/www.vegaintro-projekti.com\/pilar-stari\/wp-content\/uploads\/2017\/10\/P-21_kb_204.pdf\">Upute suradnicima<\/a><br \/>\n&gt;&gt;&gt;&nbsp;<a href=\"https:\/\/www.vegaintro-projekti.com\/pilar-stari\/wp-content\/uploads\/2017\/10\/P-21_kb_full.pdf\">Puni tekst \u010dasopisa PILAR, br. 21\/2016.<\/a><br \/>\n<span style=\"font-size: 12pt;\"><a id=\"pi22\"><\/a><br \/>\nGodi\u0161te XI. (2016.), broj 2 (22)<\/span><\/p>\n<p><a href=\"https:\/\/www.vegaintro-projekti.com\/pilar-stari\/wp-content\/uploads\/2017\/10\/P-22_omot.pdf\">Omot<\/a>&nbsp;|&nbsp;<a href=\"https:\/\/www.vegaintro-projekti.com\/pilar-stari\/wp-content\/uploads\/2017\/10\/P-22_kb_impresum.pdf\">Impresum<\/a>&nbsp;|&nbsp;<a href=\"https:\/\/www.vegaintro-projekti.com\/pilar-stari\/wp-content\/uploads\/2017\/10\/P-22_kb_sadrzaj.pdf\">Sadr\u017eaj<\/a><\/p>\n<p>RASPRAVE<\/p>\n<p>Matteo \u017dUGAJ, Stjepan \u0160TERC:&nbsp;<a href=\"https:\/\/www.vegaintro-projekti.com\/pilar-stari\/wp-content\/uploads\/2017\/10\/P-22_kb_9.pdf\">Hrvatske izborne jedinice \u2013 postoje\u0107i nesklad i budu\u0107e promjene<\/a><br \/>\nStjepan MATKOVI\u0106:&nbsp;<a href=\"https:\/\/www.vegaintro-projekti.com\/pilar-stari\/wp-content\/uploads\/2017\/10\/P-22_kb_35.pdf\">Prava\u0161tvo i 1914. godina<\/a><br \/>\nNikica BARI\u0106:&nbsp;<a href=\"https:\/\/www.vegaintro-projekti.com\/pilar-stari\/wp-content\/uploads\/2017\/10\/P-22_kb_53.pdf\">Kozara 1942. \u2013 sudbina zarobljenika, civila i djece<\/a><br \/>\nPaola MARIN\u010cI\u0106:&nbsp;<a href=\"https:\/\/www.vegaintro-projekti.com\/pilar-stari\/wp-content\/uploads\/2017\/10\/P-22_kb_113.pdf\">Izgradnja tunela U\u010dka. Od ideje do realizacije (1964.-1981.)<\/a><\/p>\n<p>OCJENE I PRIKAZI<\/p>\n<p><a href=\"https:\/\/www.vegaintro-projekti.com\/pilar-stari\/wp-content\/uploads\/2017\/10\/P-22_kb_129.pdf\">Dinko \u0160ok\u010devi\u0107, Hrvatska od stolje\u0107a 7. do danas, Zagreb, 2016.<\/a>&nbsp;(S. Matkovi\u0107)<br \/>\n<a href=\"https:\/\/www.vegaintro-projekti.com\/pilar-stari\/wp-content\/uploads\/2017\/10\/P-22_kb_135.pdf\">Znanstveni skup 50. obljetnica Ravnateljstva du\u0161obri\u017eni\u0161tva za Hrvate u inozemstvu, Zagreb, 25. i 26. travnja 2017.<\/a>&nbsp;(D. Patafta)<\/p>\n<p>KRONIKA<\/p>\n<p><a href=\"https:\/\/www.vegaintro-projekti.com\/pilar-stari\/wp-content\/uploads\/2017\/10\/P-22_kb_141.pdf\">Predavanje Tomasza Kamuselle &#8220;Imagining the Nation: Ontological and Epistemic Objectivity&#8221; u Institutu dru\u0161tvenih znanosti Ivo Pilar<\/a>&nbsp;(F. Tomi\u0107)<\/p>\n<p>IN MEMORIAM<\/p>\n<p><a href=\"https:\/\/www.vegaintro-projekti.com\/pilar-stari\/wp-content\/uploads\/2017\/10\/P-22_kb_147.pdf\">\u2020 Ljubomir Anti\u0107 (1946.-2015.)<\/a><\/p>\n<p>DODATAK<br \/>\nKolokvij &#8220;\u010cetiri lika Ive Pilara&#8221;; Zagreb, 8. 11. 2016.<\/p>\n<p>Ivan ROGI\u0106:&nbsp;<a href=\"https:\/\/www.vegaintro-projekti.com\/pilar-stari\/wp-content\/uploads\/2017\/10\/P-22_kb_151.pdf\">Ivo Pilar i pitanja o modernizaciji hrvatskog dru\u0161tva<\/a><br \/>\nTomislav JONJI\u0106:&nbsp;<a href=\"https:\/\/www.vegaintro-projekti.com\/pilar-stari\/wp-content\/uploads\/2017\/10\/P-22_kb_152.pdf\">Ivo Pilar prema rasnom u\u010denju i eugenici<\/a><br \/>\nStjepan MATKOVI\u0106:&nbsp;<a href=\"https:\/\/www.vegaintro-projekti.com\/pilar-stari\/wp-content\/uploads\/2017\/10\/P-22_kb_159.pdf\">Politi\u010dke etape Pilarova puta<\/a><br \/>\nZlatko MATIJEVI\u0106:&nbsp;<a href=\"https:\/\/www.vegaintro-projekti.com\/pilar-stari\/wp-content\/uploads\/2017\/10\/P-22_kb_164.pdf\">Tragovi zoroastri\u010dkog dualizma u Europi (Peisker-Pilarova teorija)<\/a><br \/>\nVlado \u0160AKI\u0106:&nbsp;<a href=\"https:\/\/www.vegaintro-projekti.com\/pilar-stari\/wp-content\/uploads\/2017\/10\/P-22_kb_168.pdf\">Pilarova psihologija \u2013 nezaobilazni prinos izgubljen u vremenu<\/a><\/p>\n<p><a href=\"https:\/\/www.vegaintro-projekti.com\/pilar-stari\/wp-content\/uploads\/2017\/10\/P-22_kb_nova-izdanja.pdf\">Nova izdanja Instituta Ivo Pilar<\/a><br \/>\n<a href=\"https:\/\/www.vegaintro-projekti.com\/pilar-stari\/wp-content\/uploads\/2017\/10\/P-22_kb_upute.pdf\">Upute suradnicima<\/a><br \/>\n&gt;&gt;&gt;&nbsp;<a href=\"https:\/\/www.vegaintro-projekti.com\/pilar-stari\/wp-content\/uploads\/2017\/10\/P-22_kb_full.pdf\">Puni tekst \u010dasopisa PILAR, br. 22\/2016.<\/a><\/p>\n<p><span style=\"font-size: 12pt;\"><a id=\"pi23\"><\/a><br \/>\nGodi\u0161te XII. (2017.), broj 1 (23)<\/span><\/p>\n<p><a href=\"https:\/\/www.vegaintro-projekti.com\/pilar-stari\/wp-content\/uploads\/2019\/05\/P-23_omot.pdf\">Omot<\/a>&nbsp;|&nbsp;<a href=\"https:\/\/www.vegaintro-projekti.com\/pilar-stari\/wp-content\/uploads\/2019\/05\/P-23_impresum.pdf\">Impresum<\/a>&nbsp;|&nbsp;<a href=\"https:\/\/www.vegaintro-projekti.com\/pilar-stari\/wp-content\/uploads\/2019\/05\/P-23_sadrzaj.pdf\">Sadr\u017eaj<\/a><\/p>\n<p><a href=\"https:\/\/www.vegaintro-projekti.com\/pilar-stari\/wp-content\/uploads\/2019\/05\/P-23_rijec.pdf\">Rije\u010d go\u0161\u0107a urednica<\/a><\/p>\n<p>RASPRAVE<\/p>\n<p>Sre\u0107ko LISTE\u0160:&nbsp;<a href=\"https:\/\/www.vegaintro-projekti.com\/pilar-stari\/wp-content\/uploads\/2019\/05\/P-23_1.pdf\">Udruga Hrvatska izvandomovinska lirika<\/a><br \/>\n\u017deljka LOVREN\u010cI\u0106:&nbsp;<a href=\"https:\/\/www.vegaintro-projekti.com\/pilar-stari\/wp-content\/uploads\/2019\/05\/P-23_2.pdf\">Portret Juana Mihovilovicha Hern\u00e1ndeza<\/a><br \/>\nJelena \u0160ESNI\u0106:&nbsp;<a href=\"https:\/\/www.vegaintro-projekti.com\/pilar-stari\/wp-content\/uploads\/2019\/05\/P-23_3.pdf\">Antun Nizeteo: mediteranski pripovjeda\u010d hrvatskog iseljeni\u0161tva i periferne globalizacije<\/a><br \/>\nMarta RA\u010cI\u0106:&nbsp;<a href=\"https:\/\/www.vegaintro-projekti.com\/pilar-stari\/wp-content\/uploads\/2019\/05\/P-23_4.pdf\">\u201cVe\u010dera na-na\u0161o\u201d ili kako moli\u0161ki Hrvati afirmiraju poeziju svoje manjinske zajednice<\/a><br \/>\nKatarina MILKOVI\u0106:&nbsp;<a href=\"https:\/\/www.vegaintro-projekti.com\/pilar-stari\/wp-content\/uploads\/2019\/05\/P-23_5.pdf\">Model za\u0161tite gradi\u0161\u0107anskih Hrvata<\/a><\/p>\n<p>OSVRTI<\/p>\n<p>Branka KALOGJERA:&nbsp;<a href=\"https:\/\/www.vegaintro-projekti.com\/pilar-stari\/wp-content\/uploads\/2019\/05\/P-23_osvrt.pdf\">Ljerka Luki\u0107<\/a><\/p>\n<p>PRIKAZI<\/p>\n<p><a href=\"https:\/\/www.vegaintro-projekti.com\/pilar-stari\/wp-content\/uploads\/2019\/05\/P-23_prikaz.pdf\">Tuga Tarle, Moja australska pri\u010da. Roman o jednoj iseljeni\u010dkoj avanturi, Udruga OS, Zagreb, 2016.<\/a>&nbsp;(T. Lemac)<\/p>\n<p><a href=\"https:\/\/www.vegaintro-projekti.com\/pilar-stari\/wp-content\/uploads\/2019\/05\/P-23_izdanja.pdf\">Nova izdanja Instituta Ivo Pilar<\/a><br \/>\n<a href=\"https:\/\/www.vegaintro-projekti.com\/pilar-stari\/wp-content\/uploads\/2019\/05\/P-23_upute.pdf\">Upute suradnicima<br \/>\n<\/a>&gt;&gt;&gt;&nbsp;<a href=\"https:\/\/www.vegaintro-projekti.com\/pilar-stari\/wp-content\/uploads\/2019\/05\/P-23_full.pdf\">Puni tekst \u010dasopisa PILAR, br. 23\/2017.<\/a><\/p>\n<p><span style=\"font-size: 12pt;\"><a id=\"pi24\"><\/a><br \/>\nGodi\u0161te XII. (2017.), broj 2 (24)<\/span><\/p>\n<p><a href=\"https:\/\/www.vegaintro-projekti.com\/pilar-stari\/wp-content\/uploads\/2019\/05\/CasPil-24_omot.pdf\">Omot<\/a>&nbsp;|&nbsp;<a href=\"https:\/\/www.vegaintro-projekti.com\/pilar-stari\/wp-content\/uploads\/2019\/05\/CasPil-24_impresum.pdf\">Impresum<\/a>&nbsp;|&nbsp;<a href=\"https:\/\/www.vegaintro-projekti.com\/pilar-stari\/wp-content\/uploads\/2019\/05\/CasPil-24_sadrzaj.pdf\">Sadr\u017eaj<\/a><\/p>\n<p>RASPRAVE<\/p>\n<p>Dra\u017een \u017dIVI\u0106:&nbsp;<a href=\"https:\/\/www.vegaintro-projekti.com\/pilar-stari\/wp-content\/uploads\/2019\/05\/CasPil-24_1.pdf\">Demografsko izumiranje hrvatskoga istoka<\/a><br \/>\nDario MATIKA:&nbsp;<a href=\"https:\/\/www.vegaintro-projekti.com\/pilar-stari\/wp-content\/uploads\/2019\/05\/CasPil-24_2.pdf\">Prikaz odabranih socijalnih obilje\u017eja pripadnika Oru\u017eanih snaga Republike Hrvatske<\/a><br \/>\nDamirka MIHALJEVI\u0106:&nbsp;<a href=\"https:\/\/www.vegaintro-projekti.com\/pilar-stari\/wp-content\/uploads\/2019\/05\/CasPil-24_3.pdf\">Razvoj politi\u010dke kulture u Bosni i Hercegovini<\/a><br \/>\nSabina VELAD\u017dI\u0106:&nbsp;<a href=\"https:\/\/www.vegaintro-projekti.com\/pilar-stari\/wp-content\/uploads\/2019\/05\/CasPil-24_4.pdf\">Udru\u017eenje knji\u017eevnika Bosne i Hercegovine u jugoslovenskim i bosanskohercegova\u010dkim dru\u0161tveno-politi\u010dkim i idejnim previranjima od sredine 1960-ih do po\u010detka 1970-ih<\/a><br \/>\nAndreja SR\u0160EN:&nbsp;<a href=\"https:\/\/www.vegaintro-projekti.com\/pilar-stari\/wp-content\/uploads\/2019\/05\/CasPil-24_5.pdf\">Procesi integracije i oblikovanja hrvatske nacije kao zajednice novoga tipa na prijelazu iz 19. u 20. stolje\u0107e<\/a><br \/>\nIvan ARAPOVI\u0106:&nbsp;<a href=\"https:\/\/www.vegaintro-projekti.com\/pilar-stari\/wp-content\/uploads\/2019\/05\/CasPil-24_6.pdf\">Vrijeme kao nadnaravna dimenzija kapitala<\/a><br \/>\nDora TOT:&nbsp;<a href=\"https:\/\/www.vegaintro-projekti.com\/pilar-stari\/wp-content\/uploads\/2019\/05\/CasPil-24_7.pdf\">Francusko orijentalisti\u010dko slikarstvo kao izraz kulturnoga imperijalizma: Parisiennes en costume alg\u00e9rienne<\/a><br \/>\nAdesoji A. ONI:&nbsp;<a href=\"https:\/\/www.vegaintro-projekti.com\/pilar-stari\/wp-content\/uploads\/2019\/05\/CasPil-24_9.pdf\">Analysis of the Relationship between Sociology of Religion and Social Movements<\/a><br \/>\nTina \u0160TEFAN, Ivan BALABANI\u0106, Maja ODORJAN:&nbsp;<a href=\"https:\/\/www.vegaintro-projekti.com\/pilar-stari\/wp-content\/uploads\/2019\/05\/CasPil-24_8.pdf\">Stanje i perspektiva procesa implementacije palijativne skrbi u Gradu Zagrebu i Me\u0111imurskoj \u017eupaniji<\/a><\/p>\n<p>PRIKAZI<\/p>\n<p><a href=\"https:\/\/www.vegaintro-projekti.com\/pilar-stari\/wp-content\/uploads\/2019\/05\/CasPil-24_prikaz.pdf\">Cleuna. \u010casopis Franjeva\u010dkoga muzeja i galerije Gorica &#8211; Livno, god. II., br. 2(2017)<\/a>&nbsp;(M. Petrinec)<\/p>\n<p><a href=\"https:\/\/www.vegaintro-projekti.com\/pilar-stari\/wp-content\/uploads\/2019\/05\/CasPil-24_izdanja.pdf\">Nova izdanja Instituta Ivo Pilar<\/a><br \/>\n<a href=\"https:\/\/www.vegaintro-projekti.com\/pilar-stari\/wp-content\/uploads\/2019\/05\/CasPil-24_upute.pdf\">Upute suradnicima<br \/>\n<\/a>&gt;&gt;&gt;&nbsp;<a href=\"https:\/\/www.vegaintro-projekti.com\/pilar-stari\/wp-content\/uploads\/2019\/05\/CasPil-24_full.pdf\">Puni tekst \u010dasopisa PILAR, br. 24\/2017.<\/a><\/p>\n<p><span style=\"font-size: 12pt;\"><a id=\"p25-26\"><\/a><br \/>\nGodi\u0161te XIII. (2018.), broj 1 (25) &#8211; 2(26)<\/span><\/p>\n<p>&#8211; <a href=\"https:\/\/www.vegaintro-projekti.com\/pilar-stari\/wp-content\/uploads\/2020\/05\/CasPil_2526_omot.pdf\">Omot<\/a>&nbsp;|&nbsp;<a href=\"https:\/\/www.vegaintro-projekti.com\/pilar-stari\/wp-content\/uploads\/2020\/05\/P_25-26_impresum.pdf\">Impresum<\/a>&nbsp;|&nbsp;<a href=\"https:\/\/www.vegaintro-projekti.com\/pilar-stari\/wp-content\/uploads\/2020\/05\/P_25-26_sadrzaj.pdf\">Sadr\u017eaj<\/a><\/p>\n<p>RASPRAVE<\/p>\n<p>\u017deljko HOLJEVAC: <a href=\"https:\/\/www.vegaintro-projekti.com\/pilar-stari\/wp-content\/uploads\/2020\/05\/P_25-26_r1.pdf\">Hrvatske ratne pjesmarice 1914.-1918.<\/a><br \/>\nLjiljana DOBROV\u0160AK: <a href=\"https:\/\/www.vegaintro-projekti.com\/pilar-stari\/wp-content\/uploads\/2020\/05\/P_25-26_r2.pdf\">Povrat \u017eidovske imovine u Hrvatskoj (od dono\u0161enja Zakona o naknadi za imovinu oduzetu za vrijeme jugoslavenske komunisti\u010dke vladavine do danas)<\/a><br \/>\nDra\u017een \u017dIVI\u0106: <a href=\"https:\/\/www.vegaintro-projekti.com\/pilar-stari\/wp-content\/uploads\/2020\/05\/P_25-26_r3.pdf\">Demografski i migracijski okvir osnovnoga \u0161kolstva u Vukovaru: trendovi, stanje i perspektive<\/a><br \/>\nLidija BENCETI\u0106: <a href=\"https:\/\/www.vegaintro-projekti.com\/pilar-stari\/wp-content\/uploads\/2020\/05\/P_25-26_r4.pdf\">Periodi\u010dne publikacije tvornice Bata-Borovo (1932.-2017.)<\/a><br \/>\nNikica BARI\u0106: <a href=\"https:\/\/www.vegaintro-projekti.com\/pilar-stari\/wp-content\/uploads\/2020\/05\/P_25-26_r5.pdf\">Banja Luka 1941.-1942.\/1943. godine: previranja unutar vlasti Nezavisne Dr\u017eave Hrvatske<\/a><\/p>\n<p>PRIKAZI<\/p>\n<p><a href=\"https:\/\/www.vegaintro-projekti.com\/pilar-stari\/wp-content\/uploads\/2020\/05\/P_25-26_prikaz.pdf\">Izlo\u017eba Hrvatskog povijesnog muzeja \u201c1918. prijelomna godina u Hrvatskoj\u201d (autorica Andreja Smetko) i kataloga <em>1918. prijelomna godina u Hrvatskoj<\/em>, Andreja Smetko, ur., Zagreb, Hrvatski povijesni muzej, 2018.<\/a> (A. Tahiri)<\/p>\n<p><a href=\"https:\/\/www.vegaintro-projekti.com\/pilar-stari\/wp-content\/uploads\/2020\/05\/P_25-26_novaizdanja.pdf\">Nova izdanja Instituta Ivo Pilar<\/a><br \/>\n<a href=\"https:\/\/www.vegaintro-projekti.com\/pilar-stari\/wp-content\/uploads\/2020\/05\/P_25-26_upute.pdf\">Upute suradnicima<\/a><br \/>\n&gt;&gt;&gt; <a href=\"https:\/\/www.vegaintro-projekti.com\/pilar-stari\/wp-content\/uploads\/2020\/05\/P_25-26full.pdf\">Puni tekst \u010dasopisa PILAR, br. 25-26\/2018.<\/a><\/p>\n<p><span style=\"font-size: 12pt;\"><a id=\"br27-28\"><\/a><br \/>\nGodi\u0161te XIV. (2019.), broj 1 (27) &#8211; 2(28)<\/span><\/p>\n<p>&#8211; <a href=\"https:\/\/www.vegaintro-projekti.com\/pilar-stari\/wp-content\/uploads\/2021\/01\/P_27-28_omot.pdf\">Omot<\/a> | <a href=\"https:\/\/www.vegaintro-projekti.com\/pilar-stari\/wp-content\/uploads\/2021\/01\/P_27-28_impres.pdf\">Impresum<\/a> | <a href=\"https:\/\/www.vegaintro-projekti.com\/pilar-stari\/wp-content\/uploads\/2021\/01\/P_27-28_sadrzaj.pdf\">Sadr\u017eaj<\/a>&nbsp;<\/p>\n<p>RASPRAVE<\/p>\n<p>Stjepan MATKOVI\u0106, Zlatko MATIJEVI\u0106: <a href=\"https:\/\/www.vegaintro-projekti.com\/pilar-stari\/wp-content\/uploads\/2021\/01\/P_27-28_r1.pdf\">Politi\u010dke uspomene Stjepana Zagorca: u vrtlogu hrvatske politike<\/a><br \/>\nMislav GABELICA: <a href=\"https:\/\/www.vegaintro-projekti.com\/pilar-stari\/wp-content\/uploads\/2021\/01\/P_27-28_r2.pdf\">\u201eBorbenost\u201c u politici \u010ciste stranke prava (Star\u010devi\u0107eve hrvatske stranke prava \/ Stranke prava)<\/a><br \/>\nFilip \u0160KILJAN, Barbara RIMAN: <a href=\"https:\/\/www.vegaintro-projekti.com\/pilar-stari\/wp-content\/uploads\/2021\/01\/P_27-28_r3.pdf\">Sje\u0107anja slovenskih izgnanaca iz Zagreba na prisilno iseljavanje iz Slovenije tijekom Drugog svjetskog rata<\/a><br \/>\nMarta HAMZI\u0106: <a href=\"https:\/\/www.vegaintro-projekti.com\/pilar-stari\/wp-content\/uploads\/2021\/01\/P_27-28_r4.pdf\">Promjene naseljenosti otoka Krka<\/a><\/p>\n<p>GRADIVO<\/p>\n<p>Tomislav JONJI\u0106: <a href=\"https:\/\/www.vegaintro-projekti.com\/pilar-stari\/wp-content\/uploads\/2021\/01\/P_27-28_g1.pdf\">Jedan razgovor i dva \u010dlanka Ive Pilara o aneksiji Bosne i Hercegovine<\/a><\/p>\n<p>PRIKAZI<\/p>\n<p><a href=\"https:\/\/www.vegaintro-projekti.com\/pilar-stari\/wp-content\/uploads\/2021\/01\/P_27-28_p1.pdf\">Tomislav Jonji\u0107, Ivo Pilar \u2014 pisac, politi\u010dar, ideolog (1898.-1918.)<\/a> (Z. Matijevi\u0107)<br \/>\n<a href=\"https:\/\/www.vegaintro-projekti.com\/pilar-stari\/wp-content\/uploads\/2021\/01\/P_27-28_p2.pdf\">Mislav Gabelica, Prava\u0161tvo u Po\u017ee\u0161koj \u017eupaniji (1895.-1914.)<\/a> (Z. Matijevi\u0107)<br \/>\n<a href=\"https:\/\/www.vegaintro-projekti.com\/pilar-stari\/wp-content\/uploads\/2021\/01\/P_27-28_p3.pdf\">Politi\u010dke bilje\u0161ke Ante Trumbi\u0107a 1930.-1938., prir. Stjepan Matkovi\u0107 i Marko Trogrli\u0107<\/a> (S. Grgi\u0107)<br \/>\n<a href=\"https:\/\/www.vegaintro-projekti.com\/pilar-stari\/wp-content\/uploads\/2021\/01\/P_27-28_p4.pdf\">Tomislav Jonji\u0107, Antun Gustav Mato\u0161 &#8211; Pod star\u010devi\u0107evim barjakom<\/a> (Z. Matijevi\u0107)<br \/>\n<a href=\"https:\/\/www.vegaintro-projekti.com\/pilar-stari\/wp-content\/uploads\/2021\/01\/P_27-28_p5.pdf\">Dinko \u010cutura, Stjepan Sarkoti\u0107 &#8211; posljednji zemaljski poglavar Bosne i Hercegovine<\/a> (Z. Matijevi\u0107)<br \/>\n<a href=\"https:\/\/www.vegaintro-projekti.com\/pilar-stari\/wp-content\/uploads\/2021\/01\/P_27-28_p6.pdf\">Miroslav Tu\u0111man, Ha\u0161ki krivolov &#8211; analiza dokaza o ciljevima zajedni\u010dkoga zlo\u010dina\u010dkog pothvata u predmetu IT-04-74<\/a> (L. Zadro)<br \/>\n<a href=\"https:\/\/www.vegaintro-projekti.com\/pilar-stari\/wp-content\/uploads\/2021\/01\/P_27-28_p7.pdf\">100. obljetnica prava\u0161ke saborske interpelacije 1918.-2018. Grozote u Odesi 1916.-1917., prir. Ante \u010cuvalo<\/a> (S. Matkovi\u0107)<br \/>\n<a href=\"https:\/\/www.vegaintro-projekti.com\/pilar-stari\/wp-content\/uploads\/2021\/01\/P_27-28_p8.pdf\">Jovan M. Jovanovi\u0107 Pi\u017eon, Dnevnik (1896-1920), prir. Rado\u0161 Lju\u0161i\u0107 i Miladin Milo\u0161evi\u0107<\/a> (S. Matkovi\u0107)<\/p>\n<p><a href=\"https:\/\/www.vegaintro-projekti.com\/pilar-stari\/wp-content\/uploads\/2021\/01\/P_27-28_ni.pdf\">Nova izdanja Instituta Ivo Pilar<\/a><br \/>\n<a href=\"https:\/\/www.vegaintro-projekti.com\/pilar-stari\/wp-content\/uploads\/2021\/01\/P_27-28_us.pdf\">Upute suradnicima<\/a><br \/>\n&gt;&gt;&gt; <a href=\"https:\/\/www.vegaintro-projekti.com\/pilar-stari\/wp-content\/uploads\/2021\/01\/P_27-28_full.pdf\">Puni tekst \u010dasopisa PILAR, br. 25-26\/2018.<\/a><\/p>\n<p>&nbsp;<\/p>\n<p><span style=\"font-size: 12pt;\"><a id=\"br29-30\"><\/a>Godi\u0161te XV. (2020.), broj 1(29) &#8211; 2(30)<\/span><\/p>\n<p>&#8211; <a href=\"https:\/\/www.vegaintro-projekti.com\/pilar-stari\/wp-content\/uploads\/2022\/03\/CasPil-2930_omot.pdf\">Omot<\/a> | <a href=\"https:\/\/www.vegaintro-projekti.com\/pilar-stari\/wp-content\/uploads\/2022\/03\/CasPil-2930_impresum.pdf\">Impresum<\/a> | <a href=\"https:\/\/www.vegaintro-projekti.com\/pilar-stari\/wp-content\/uploads\/2022\/03\/CasPil-2930_sadrzaj.pdf\">Sadr\u017eaj<\/a>&nbsp;<\/p>\n<p>RASPRAVE<\/p>\n<p>Andrej RAHTEN: <a href=\"https:\/\/www.vegaintro-projekti.com\/pilar-stari\/wp-content\/uploads\/2022\/03\/CasPil-2930_r1.pdf\">Slovenski poslanec Radi\u0107eve stranke. Prispevek k oceni politi\u010dnega delovanja Ivana \u0160vegla<\/a><br \/>\nBreda ZALA\u0160\u010cEK: <a href=\"https:\/\/www.vegaintro-projekti.com\/pilar-stari\/wp-content\/uploads\/2022\/03\/CasPil-2930_r2.pdf\">Diplomatsko re\u0161evanje nacionalnih konfliktov v Cislajtaniji<\/a><br \/>\nGregor ANTOLI\u010cI\u010c: <a href=\"https:\/\/www.vegaintro-projekti.com\/pilar-stari\/wp-content\/uploads\/2022\/03\/CasPil-2930_r3.pdf\">Avstro-ogrsko poveljstvo jugozahodne fronte in vpra\u0161anja politi\u010dne dr\u017ee na Hrva\u0161kem med prvo svetovno vojno<\/a><br \/>\nStjepan MATKOVI\u0106: <a href=\"https:\/\/www.vegaintro-projekti.com\/pilar-stari\/wp-content\/uploads\/2022\/03\/CasPil-2930_r4.pdf\">Ponovo o Svibanjskoj deklaraciji: izme\u0111u lojalnosti i prevrata<\/a><br \/>\nMira KOLAR: <a href=\"https:\/\/www.vegaintro-projekti.com\/pilar-stari\/wp-content\/uploads\/2022\/03\/CasPil-2930_r5.pdf\">Antun i Stjepan Radi\u0107, bra\u0107a i kulturno-politi\u010dki suradnici<\/a><\/p>\n<p>GRADIVO<\/p>\n<p>Nikica BARI\u0106: <a href=\"https:\/\/www.vegaintro-projekti.com\/pilar-stari\/wp-content\/uploads\/2022\/03\/CasPil-2930_g1.pdf\">Izvje\u0161taji Konzulata Nezavisne Dr\u017eave Hrvatske u Ljubljani iz 1942. godine<\/a><\/p>\n<p>REAGIRANJA<\/p>\n<p>Stjepan MATKOVI\u0106: <a href=\"https:\/\/www.vegaintro-projekti.com\/pilar-stari\/wp-content\/uploads\/2022\/03\/CasPil-2930_re.pdf\">Neodr\u017eivo o Ivi Pilaru<\/a><\/p>\n<p>PRIKAZI<\/p>\n<p><a href=\"https:\/\/www.vegaintro-projekti.com\/pilar-stari\/wp-content\/uploads\/2022\/03\/CasPil-2930_p1.pdf\">Franko Miro\u0161evi\u0107, Dubrovnik u Kraljevini Jugoslaviji 1929. &#8211; 1941.<\/a> (S. Matkovi\u0107)<br \/>\n<a href=\"https:\/\/www.vegaintro-projekti.com\/pilar-stari\/wp-content\/uploads\/2022\/03\/CasPil-2930_p2.pdf\">Peter Wagner, Napredak &#8211; o\u017eivljavanje jedne ideje<\/a> (A. Akmad\u017ea)<\/p>\n<p><a href=\"https:\/\/www.vegaintro-projekti.com\/pilar-stari\/wp-content\/uploads\/2022\/03\/CasPil-2930_ni.pdf\">Nova izdanja Instituta Ivo Pilar<\/a><br \/>\n<a href=\"https:\/\/www.vegaintro-projekti.com\/pilar-stari\/wp-content\/uploads\/2022\/03\/CasPil-2930_ua.pdf\">Upute suradnicima<\/a><br \/>\n&gt;&gt;&gt; <a href=\"https:\/\/www.vegaintro-projekti.com\/pilar-stari\/wp-content\/uploads\/2022\/03\/CasPil-2930_full.pdf\">Puni tekst \u010dasopisa PILAR, br. 29-30\/2021.<\/a><\/p>\n<p>&nbsp;<\/p>\n<p><span style=\"font-size: 12pt;\"><a id=\"br31_21\"><\/a>Godi\u0161te XVI. (2021.), broj 1 (31)<\/span><\/p>\n<p>&#8211; <a href=\"https:\/\/www.vegaintro-projekti.com\/pilar-stari\/wp-content\/uploads\/2022\/03\/CasPil-31_omot.pdf\">Omot<\/a> | <a href=\"https:\/\/www.vegaintro-projekti.com\/pilar-stari\/wp-content\/uploads\/2022\/03\/CasPil-31_impresum.pdf\">Impresum<\/a> | <a href=\"https:\/\/www.vegaintro-projekti.com\/pilar-stari\/wp-content\/uploads\/2022\/03\/CasPil-31_sadrzaj.pdf\">Sadr\u017eaj<\/a>&nbsp;<\/p>\n<p><a href=\"https:\/\/www.vegaintro-projekti.com\/pilar-stari\/wp-content\/uploads\/2022\/03\/CasPil-31_rijec.pdf\">Rije\u010d glavnog urednika<\/a><\/p>\n<p>RASPRAVE<\/p>\n<p>Stipica GRGI\u0106: <a href=\"https:\/\/www.vegaintro-projekti.com\/pilar-stari\/wp-content\/uploads\/2022\/03\/CasPil-31_r1.pdf\">Dru\u0161tveno-politi\u010dke prilike u ivani\u0107kom kraju izme\u0111u dva svjetska rata<\/a><br \/>\nMarta HAMZI\u0106: <a href=\"https:\/\/www.vegaintro-projekti.com\/pilar-stari\/wp-content\/uploads\/2022\/03\/CasPil-31_r2.pdf\">Suvremene promjene sastava stanovni\u0161tva Srednje Like prema dobi I sektoru djelatnosti &#8211; primjena prostorne i demogeografske analize<\/a><br \/>\nIgor VUKI\u0106, Ilija KUZMAN: <a href=\"https:\/\/www.vegaintro-projekti.com\/pilar-stari\/wp-content\/uploads\/2022\/03\/CasPil-31_r3.pdf\">Neke spoznaje o zbrinjavanju i zdravstvenoj skrbi djece s Kozare u prihvatili\u0161tima 1942. godine<\/a><br \/>\nKre\u0161imir BELO\u0160EVI\u0106: <a href=\"https:\/\/www.vegaintro-projekti.com\/pilar-stari\/wp-content\/uploads\/2022\/03\/CasPil-31_r4.pdf\">Dr. Ivo Pilar u hrvatskome povijesnome vegetarijanskom mozaiku<\/a><br \/>\nAna HOLJEVAC TUKOVI\u0106, Dra\u017een \u017dIVI\u0106: <a href=\"https:\/\/www.vegaintro-projekti.com\/pilar-stari\/wp-content\/uploads\/2022\/03\/CasPil-31_r5.pdf\">Proces osamostaljenja Republike Hrvatske i njezina me\u0111unarodna i diplomatska afirmacija: izme\u0111u protivljenja i odobravanja<\/a><\/p>\n<p>GRADIVO<\/p>\n<p>Mislav GABELICA: <a href=\"https:\/\/www.vegaintro-projekti.com\/pilar-stari\/wp-content\/uploads\/2022\/03\/CasPil-31_g1.pdf\">Pilarov \u010dlanak \u201cPolitika u Bosni\u201d (1917.)<\/a><\/p>\n<p>PRIKAZI<\/p>\n<p>Bo\u017eidar JAN\u010cIKOVI\u0106: <a href=\"https:\/\/www.vegaintro-projekti.com\/pilar-stari\/wp-content\/uploads\/2022\/03\/CasPil-31_p1.pdf\">Pilari, otac \u0110uro i sin Ivo<\/a><br \/>\nStipica GRGI\u0106: <a href=\"https:\/\/www.vegaintro-projekti.com\/pilar-stari\/wp-content\/uploads\/2022\/03\/CasPil-31_p2.pdf\">Boban \u017divanovi\u0107, Hronika Prve lige (1923.-1940.)<\/a><\/p>\n<p>IN MEMORIAM<\/p>\n<p>Ivan ROGI\u0106: <a href=\"https:\/\/www.vegaintro-projekti.com\/pilar-stari\/wp-content\/uploads\/2022\/03\/CasPil-31_in.pdf\">Jedan po jedan odlaze gospari\u2026 In memoriam Miroslavu Tu\u0111manu (1946.-2021.)<\/a><\/p>\n<p><a href=\"https:\/\/www.vegaintro-projekti.com\/pilar-stari\/wp-content\/uploads\/2022\/03\/CasPil-31_ni.pdf\">Nova izdanja Instituta Ivo Pilar<\/a><br \/>\n<a href=\"https:\/\/www.vegaintro-projekti.com\/pilar-stari\/wp-content\/uploads\/2022\/03\/CasPil-31_us.pdf\">Upute suradnicima<\/a><br \/>\n&gt;&gt;&gt; <a href=\"https:\/\/www.vegaintro-projekti.com\/pilar-stari\/wp-content\/uploads\/2022\/03\/CasPil-31_full.pdf\">Puni tekst \u010dasopisa PILAR, br. 31\/2021.<\/a><\/p>\n<p>&nbsp;<\/p>\n<p><span style=\"font-size: 12pt;\"><a id=\"g22_32\"><\/a>Godi\u0161te XVII. (2022.), broj 1 (32)<\/span><\/p>\n<p>&#8211; <a href=\"https:\/\/www.vegaintro-projekti.com\/pilar-stari\/wp-content\/uploads\/2023\/04\/CasPil-32_korice.pdf\">Omot<\/a> | <a href=\"https:\/\/www.vegaintro-projekti.com\/pilar-stari\/wp-content\/uploads\/2023\/04\/CasPil-32_impresum.pdf\">Impresum<\/a> | <a href=\"https:\/\/www.vegaintro-projekti.com\/pilar-stari\/wp-content\/uploads\/2023\/04\/CasPil-32_sadrzaj.pdf\">Sadr\u017eaj<\/a>&nbsp;<\/p>\n<p>Tema broja: NOVA DIJASPORA. Povijesni i empirijski uvidi<\/p>\n<p><a href=\"https:\/\/www.vegaintro-projekti.com\/pilar-stari\/wp-content\/uploads\/2023\/04\/CasPil-32_uvodnik.pdf\">Uvodnik<\/a><br \/>\nIvan HRSTI\u0106, Vlado \u0160AKI\u0106: <a href=\"https:\/\/www.vegaintro-projekti.com\/pilar-stari\/wp-content\/uploads\/2023\/04\/CasPil-32_1.pdf\">Pregled razvoja iseljeni\u010dkih politika u dugom trajanju &#8211; od druge polovine 19. stolje\u0107a do danas<\/a><br \/>\nVlado \u0160AKI\u0106, Antun PLENKOVI\u0106, Nenad POKOS: <a href=\"https:\/\/www.vegaintro-projekti.com\/pilar-stari\/wp-content\/uploads\/2023\/04\/CasPil-32_2.pdf\">Migracijska motivacija hrvatskih iseljenika u kontekstu povijesnih valova iseljavanja<\/a><br \/>\nNenad POKOS, Ivo TURK: <a href=\"https:\/\/www.vegaintro-projekti.com\/pilar-stari\/wp-content\/uploads\/2023\/04\/CasPil-32_3.pdf\">Problematika statisti\u010dkog pra\u0107enja iseljavanja u inozemstvo<\/a><br \/>\nIvan HRSTI\u0106: <a href=\"https:\/\/www.vegaintro-projekti.com\/pilar-stari\/wp-content\/uploads\/2023\/04\/CasPil-32_4.pdf\">Heterogenost dijaspore &#8211; klju\u010dan \u010dimbenik pri osmi\u0161ljavanju i provedbi politike prema Hrvatima izvan Republike Hrvatske<\/a><br \/>\nNenad POKOS, Ivo TURK: <a href=\"https:\/\/www.vegaintro-projekti.com\/pilar-stari\/wp-content\/uploads\/2023\/04\/CasPil-32_5.pdf\">Iseljavanje u inozemstvo 2011.-2021. po manjim teritorijalnim jedinicama (\u017eupanijama, gradovima i op\u0107inama)<\/a><br \/>\nStanko RIHTAR: <a href=\"https:\/\/www.vegaintro-projekti.com\/pilar-stari\/wp-content\/uploads\/2023\/04\/CasPil-32_6.pdf\">Metodolo\u0161ki aspekti istra\u017eivanja iseljeni\u0161tva web-anketama<\/a><br \/>\nKatarina PERI\u0106 PAVI\u0160I\u0106, Vlado \u0160AKI\u0106, Stanko RIHTAR: <a href=\"https:\/\/www.vegaintro-projekti.com\/pilar-stari\/wp-content\/uploads\/2023\/04\/CasPil-32_7.pdf\">Suvremene migracijske motivacije mladih Hrvatske &#8211; vrijednosni i identitetski aspekti<\/a><br \/>\nKatarina PERI\u0106 PAVI\u0160I\u0106, Stanko RIHTAR, Vlado \u0160AKI\u0106: <a href=\"https:\/\/www.vegaintro-projekti.com\/pilar-stari\/wp-content\/uploads\/2023\/04\/CasPil-32_8.pdf\">Migracijska motivacija mladih Hrvatske kroz prizmu nekih stavova i mi\u0161ljenja<\/a><\/p>\n<p>RASPRAVE<\/p>\n<p>Stanko RIHTAR, Vlado \u0160AKI\u0106, Antun PLENKOVI\u0106: <a href=\"https:\/\/www.vegaintro-projekti.com\/pilar-stari\/wp-content\/uploads\/2023\/04\/CasPil-32_9.pdf\">Imid\u017e u javnosti i subjektivna dobrobit hrvatskih branitelja<\/a><br \/>\nGeran-Marko MILETI\u0106, Nenad POKOS: <a href=\"https:\/\/www.vegaintro-projekti.com\/pilar-stari\/wp-content\/uploads\/2023\/04\/CasPil-32_10.pdf\">Radna aktivnost branitelja: Iskustva i stavovi o mjerama na tr\u017ei\u0161tu rada<\/a><br \/>\nMatea MARU\u0160I\u0106: <a href=\"https:\/\/www.vegaintro-projekti.com\/pilar-stari\/wp-content\/uploads\/2023\/04\/CasPil-32_11.pdf\">Vjera i praznovjerje u Morlaka Cetinske krajine u 18. stolje\u0107u<\/a><\/p>\n<p>PRILOZI<\/p>\n<p>Ivo MISUR: <a href=\"https:\/\/www.vegaintro-projekti.com\/pilar-stari\/wp-content\/uploads\/2023\/04\/CasPil-32_12.pdf\">Husnija Hrustanovi\u0107 &#8211; pjesnik izbjeglica. U povodu stogodisnjice rodenja<\/a><\/p>\n<p>PRIKAZI<\/p>\n<p><a href=\"https:\/\/www.vegaintro-projekti.com\/pilar-stari\/wp-content\/uploads\/2023\/04\/CasPil-32_13.pdf\">Antal Moln\u00e1r, <em>Zagreba\u010dka biskupija i osmanska Slavonija u 17. stolje\u0107u. Uloga Katoli\u010dke crkve u teritorijalnoj integraciji kontinentalne Hrvatske<\/em><\/a> (J. Blagojevi\u0107)<\/p>\n<p><a href=\"https:\/\/www.vegaintro-projekti.com\/pilar-stari\/wp-content\/uploads\/2023\/04\/CasPil-32_ua.pdf\">Upute suradnicima<\/a><\/p>\n<p>&gt;&gt;&gt; <a href=\"https:\/\/www.vegaintro-projekti.com\/pilar-stari\/wp-content\/uploads\/2023\/04\/CasPil-32_full.pdf\">Puni tekst \u010dasopisa PILAR, br. 32\/2022.<\/a><\/p>\n<p>&nbsp;<\/p>\n<p><span style=\"font-size: 12pt;\"><a id=\"g23b33\"><\/a>Godi\u0161te XVIII. (2023.), broj 33<\/span><\/p>\n<p>&#8211; <a href=\"https:\/\/www.vegaintro-projekti.com\/pilar-stari\/wp-content\/uploads\/2024\/04\/CasPil-33_korice_e.pdf\">Omot<\/a> | <a href=\"https:\/\/www.vegaintro-projekti.com\/pilar-stari\/wp-content\/uploads\/2024\/04\/CasPil-33_Impresum.pdf\">Impresum<\/a> | <a href=\"https:\/\/www.vegaintro-projekti.com\/pilar-stari\/wp-content\/uploads\/2024\/04\/CasPil-33_Sadrzaj.pdf\">Sadr\u017eaj<\/a>&nbsp;<\/p>\n<p><a href=\"https:\/\/www.vegaintro-projekti.com\/pilar-stari\/wp-content\/uploads\/2024\/04\/CasPil-33_Uvodnik.pdf\">Uvodnik<\/a><\/p>\n<p>RASPRAVE<\/p>\n<p>Kieran Edmont JAMES: <a href=\"https:\/\/www.vegaintro-projekti.com\/pilar-stari\/wp-content\/uploads\/2024\/04\/CasPil-33_r1.pdf\">A study of Croatian-Australian identity and discrimination faced by Croatian-backed clubs in Australia\u2019s elite football leagues<\/a><br \/>\nBlanka MATKOVI\u0106: <a href=\"https:\/\/www.vegaintro-projekti.com\/pilar-stari\/wp-content\/uploads\/2024\/04\/CasPil-33_r2.pdf\">Poslijeratna komunisti\u010dka represija i kri\u017eari na hercegova\u010dkom prostoru: djelovanje skupine Ivana Milasa na podru\u010dju \u010capljine i \u010citluka<\/a><br \/>\nStjepan MATKOVI\u0106: <a href=\"https:\/\/www.vegaintro-projekti.com\/pilar-stari\/wp-content\/uploads\/2024\/04\/CasPil-33_r3.pdf\">Novi prilozi za Pilarov \u017eivotopis: dva pisma poslana Josefu Redlichu u 1920-im godinama<\/a><br \/>\nFilip HAMER\u0160AK: <a href=\"https:\/\/www.vegaintro-projekti.com\/pilar-stari\/wp-content\/uploads\/2024\/04\/CasPil-33_r4.pdf\">Kultura sje\u0107anja izme\u0111u tradicije i avangarde \u2014 prilog istra\u017eivanju smjernica za povijest habsbur\u0161kih postrojba u Prvom svjetskom ratu<\/a><br \/>\nNikola \u0160IMUNI\u0106: <a href=\"https:\/\/www.vegaintro-projekti.com\/pilar-stari\/wp-content\/uploads\/2024\/04\/CasPil-33_r5.pdf\">Obilje\u017eja prirodnog kretanja stanovni\u0161tva Republike Hrvatske 2013.\u20142019.: zoniranje na LAU razini<\/a><br \/>\nLynette \u0160IKI\u0106-MI\u0106ANOVI\u0106: <a href=\"https:\/\/www.vegaintro-projekti.com\/pilar-stari\/wp-content\/uploads\/2024\/04\/CasPil-33_r6.pdf\">Pa uvijek smo \u017eivjeli ovako te\u0161ko&#8230; \u2014 Istra\u017eivanje putova \u017eena do stambene isklju\u010divosti<\/a><\/p>\n<p>PRILOG<\/p>\n<p>Mislav GABELICA: <a href=\"https:\/\/www.vegaintro-projekti.com\/pilar-stari\/wp-content\/uploads\/2024\/04\/CasPil-33_Prilog.pdf\">U povodu 200. godi\u0161njice ro\u0111enja dr. Ante Star\u010devi\u0107a<\/a><\/p>\n<p>PRIKAZI<\/p>\n<p><a href=\"https:\/\/www.vegaintro-projekti.com\/pilar-stari\/wp-content\/uploads\/2024\/04\/CasPil-33_p1.pdf\">Velebitski ustanak, Zbornik radova, urednici: A. Be\u017een, I. Brli\u0107<\/a> (M. Gabelica)<br \/>\n<a href=\"https:\/\/www.vegaintro-projekti.com\/pilar-stari\/wp-content\/uploads\/2024\/04\/CasPil-33_p2.pdf\">Tomislav Jonji\u0107, Ivo Pilar 1918.\u20141933. Jugoslavenske godine ideologa protujugoslavenstva<\/a> (M. Gabelica)<\/p>\n<p><a href=\"https:\/\/www.vegaintro-projekti.com\/pilar-stari\/wp-content\/uploads\/2024\/04\/CasPil-33_ua.pdf\">Upute suradnicima<\/a><\/p>\n<p>&gt;&gt;&gt; <a href=\"https:\/\/www.vegaintro-projekti.com\/pilar-stari\/wp-content\/uploads\/2024\/04\/CasPil-33_full.pdf\">Puni tekst \u010dasopisa PILAR, br. 33\/2023.<\/a><\/p>\n<p>&nbsp;<\/p>\n<p><span style=\"font-size: 12pt;\"><a id=\"br34\"><\/a>Godi\u0161te XIX. (2024.), broj 34<\/span><\/p>\n<p>&#8211; <a href=\"https:\/\/www.vegaintro-projekti.com\/pilar-stari\/wp-content\/uploads\/2025\/04\/CasPil-34_korice.pdf\">Omot<\/a> | <a href=\"https:\/\/www.vegaintro-projekti.com\/pilar-stari\/wp-content\/uploads\/2025\/04\/CasPil-34_impresum.pdf\">Impresum<\/a> | <a href=\"https:\/\/www.vegaintro-projekti.com\/pilar-stari\/wp-content\/uploads\/2025\/04\/CasPil-34_sadrzaj.pdf\">Sadr\u017eaj<\/a>&nbsp;<\/p>\n<p>Tema broja: PRVI SVJETSKI RAT U KULTURI SJE\u0106ANJA. ZABORAVLJENA BA\u0160TINA<\/p>\n<p>Ljiljana DOBROV\u0160AK: <a href=\"https:\/\/www.vegaintro-projekti.com\/pilar-stari\/wp-content\/uploads\/2025\/04\/1_Dobrovsak.pdf\">Projekt: Prvi svjetski rat u kulturi sje\u0107anja. Zaboravljena ba\u0161tina<\/a><br \/>\nVijoleta HERMAN KAURI\u0106: <a href=\"https:\/\/www.vegaintro-projekti.com\/pilar-stari\/wp-content\/uploads\/2025\/04\/2_Herman-Kauric.pdf\">Hrvatske dvojbe oko komemoriranja stogodi\u0161njice Prvog svjetskog rata<\/a><br \/>\nAmra \u010cUSTO: <a href=\"https:\/\/www.vegaintro-projekti.com\/pilar-stari\/wp-content\/uploads\/2025\/04\/3_Custo.pdf\">Politike sje\u0107anja i spomenici Prvog svjetskog rata u Bosni i Hercegovini<\/a><br \/>\nMonica PRIANTE: <a href=\"https:\/\/www.vegaintro-projekti.com\/pilar-stari\/wp-content\/uploads\/2025\/04\/4_Priante.pdf\">\u201cAi caduti la patria riconoscente\u201d. Memorijalizacija talijanskih vojnika poginulih u Prvome svjetskom ratu<\/a><br \/>\nKarlo RUKAVINA: <a href=\"https:\/\/www.vegaintro-projekti.com\/pilar-stari\/wp-content\/uploads\/2025\/04\/5_Rukavina.pdf\">Osvrt na okrugli stol Prvi svjetski rat &#8211; zaboravljena ba\u0161tina u Senju, 16. o\u017eujka 2023.<\/a><\/p>\n<p>RASPRAVE<\/p>\n<p>Blanka MATKOVI\u0106: <a href=\"https:\/\/www.vegaintro-projekti.com\/pilar-stari\/wp-content\/uploads\/2025\/04\/6_Matkovic.pdf\">Hrvatski protukomunisti\u010dki otpor u Imotskoj krajini: djelovanje kri\u017earske organizacije na podru\u010dju Ciste Velike (1945.)<\/a><br \/>\nNikola PERKOVI\u0106: <a href=\"https:\/\/www.vegaintro-projekti.com\/pilar-stari\/wp-content\/uploads\/2025\/04\/7_Perkovic.pdf\">Reorganizacija sustava poslovnih banaka u karlova\u010dkom kotaru (1965. &#8211; 1966.)<\/a><br \/>\nMarta HAMZI\u0106: <a href=\"https:\/\/www.vegaintro-projekti.com\/pilar-stari\/wp-content\/uploads\/2025\/04\/8_Hamzic.pdf\">Prostorna analiza me\u0111uodnosa vodnih podru\u010dja i naseljenosti Srednje Like<\/a><\/p>\n<p>PRIKAZI<\/p>\n<p><a href=\"https:\/\/www.vegaintro-projekti.com\/pilar-stari\/wp-content\/uploads\/2025\/04\/Prikazi.pdf\">Ivan Lipak, Svjedo\u010danstva glinskih logora\u0161a<\/a> (Andrea Brije\u0161ki)<\/p>\n<p><a href=\"https:\/\/www.vegaintro-projekti.com\/pilar-stari\/wp-content\/uploads\/2025\/04\/CasPil-34_ua.pdf\">Upute suradnicima<\/a><\/p>\n<p>&gt;&gt;&gt; <a href=\"https:\/\/www.vegaintro-projekti.com\/pilar-stari\/wp-content\/uploads\/2025\/04\/CasPil-34_full.pdf\">Puni tekst \u010dasopisa PILAR, br. 34\/2024.<\/a><\/p>\n<p>&nbsp;<\/p>\n<hr>\n<blockquote><p><span style=\"font-size: 12pt;\"><a href=\"http:\/\/hrcak.srce.hr\/pilar\">\u010casopis Pilar na portalu HR\u010cAK: Sadr\u017eaj, sa\u017eeci, klju\u010dne rije\u010di i puni tekstovi<\/a><\/span><\/p><\/blockquote>\n","protected":false},"excerpt":{"rendered":"<p>&nbsp; \u25cf&nbsp;Godi\u0161te I. (2006.), broj 1&nbsp;(1) \u25cf&nbsp;Godi\u0161te I. (2006.), broj 2 (2): international edition \u25cf&nbsp;Godi\u0161te II. (2007.), broj&nbsp;1 (3) \u25cf&nbsp;Godi\u0161te II. (2007.), broj 2 (4) \u25cf Godi\u0161te III. (2008.), broj&nbsp;1 (5) \u25cf&nbsp;Godi\u0161te III. (2008.), broj&nbsp;2 (6) \u25cf&nbsp;Godi\u0161te IV. (2009.), broj&nbsp;1-2 (7-8): international edition \u25cf&nbsp;Godi\u0161te V. (2010.), broj&nbsp;1 (9) \u25cf Godi\u0161te V. (2010.), broj 2 (10)&hellip; <a class=\"continue\" href=\"https:\/\/www.vegaintro-projekti.com\/pilar-stari\/2017\/11\/asopis-pregled-sadraja\/\">Pro\u010ditaj vi\u0161e o<span> \u010casopis Pilar &#8211; pregled sadr\u017eaja<\/span><\/a><\/p>\n","protected":false},"author":1,"featured_media":0,"comment_status":"closed","ping_status":"closed","sticky":false,"template":"","format":"standard","meta":{"inline_featured_image":false,"ngg_post_thumbnail":0,"footnotes":""},"categories":[8],"tags":[],"yoast_head":"<!-- This site is optimized with the Yoast SEO plugin v21.2 - https:\/\/yoast.com\/wordpress\/plugins\/seo\/ -->\n<title>\u010casopis Pilar - pregled sadr\u017eaja - Institut dru&scaron;tvenih znanosti Ivo Pilar<\/title>\n<meta name=\"robots\" content=\"noindex, follow, max-snippet:-1, max-image-preview:large, max-video-preview:-1\" \/>\n<meta property=\"og:locale\" content=\"hr_HR\" \/>\n<meta property=\"og:type\" content=\"article\" \/>\n<meta property=\"og:title\" content=\"\u010casopis Pilar - pregled sadr\u017eaja - Institut dru&scaron;tvenih znanosti Ivo Pilar\" \/>\n<meta property=\"og:description\" content=\"&nbsp; \u25cf&nbsp;Godi\u0161te I. (2006.), broj 1&nbsp;(1) \u25cf&nbsp;Godi\u0161te I. (2006.), broj 2 (2): international edition \u25cf&nbsp;Godi\u0161te II. (2007.), broj&nbsp;1 (3) \u25cf&nbsp;Godi\u0161te II. (2007.), broj 2 (4) \u25cf Godi\u0161te III. (2008.), broj&nbsp;1 (5) \u25cf&nbsp;Godi\u0161te III. (2008.), broj&nbsp;2 (6) \u25cf&nbsp;Godi\u0161te IV. (2009.), broj&nbsp;1-2 (7-8): international edition \u25cf&nbsp;Godi\u0161te V. (2010.), broj&nbsp;1 (9) \u25cf Godi\u0161te V. (2010.), broj 2 (10)&hellip; Pro\u010ditaj vi\u0161e o \u010casopis Pilar &#8211; pregled sadr\u017eaja\" \/>\n<meta property=\"og:url\" content=\"https:\/\/www.vegaintro-projekti.com\/pilar-stari\/2017\/11\/asopis-pregled-sadraja\/\" \/>\n<meta property=\"og:site_name\" content=\"Institut dru&scaron;tvenih znanosti Ivo Pilar\" \/>\n<meta property=\"article:published_time\" content=\"2017-11-26T21:42:59+00:00\" \/>\n<meta property=\"article:modified_time\" content=\"2025-04-13T14:00:19+00:00\" \/>\n<meta name=\"author\" content=\"pilar-admin\" \/>\n<meta name=\"twitter:card\" content=\"summary_large_image\" \/>\n<meta name=\"twitter:label1\" content=\"Napisao\/la\" \/>\n\t<meta name=\"twitter:data1\" content=\"pilar-admin\" \/>\n\t<meta name=\"twitter:label2\" content=\"Procijenjeno vrijeme \u010ditanja\" \/>\n\t<meta name=\"twitter:data2\" content=\"28 minuta\" \/>\n<script type=\"application\/ld+json\" class=\"yoast-schema-graph\">{\"@context\":\"https:\/\/schema.org\",\"@graph\":[{\"@type\":\"WebPage\",\"@id\":\"https:\/\/www.vegaintro-projekti.com\/pilar-stari\/2017\/11\/asopis-pregled-sadraja\/\",\"url\":\"https:\/\/www.vegaintro-projekti.com\/pilar-stari\/2017\/11\/asopis-pregled-sadraja\/\",\"name\":\"\u010casopis Pilar - pregled sadr\u017eaja - Institut dru&scaron;tvenih znanosti Ivo Pilar\",\"isPartOf\":{\"@id\":\"https:\/\/www.vegaintro-projekti.com\/pilar-stari\/#website\"},\"datePublished\":\"2017-11-26T21:42:59+00:00\",\"dateModified\":\"2025-04-13T14:00:19+00:00\",\"author\":{\"@id\":\"https:\/\/www.vegaintro-projekti.com\/pilar-stari\/#\/schema\/person\/c0db50ebd77c4409e19b18044bbf10c1\"},\"breadcrumb\":{\"@id\":\"https:\/\/www.vegaintro-projekti.com\/pilar-stari\/2017\/11\/asopis-pregled-sadraja\/#breadcrumb\"},\"inLanguage\":\"hr\",\"potentialAction\":[{\"@type\":\"ReadAction\",\"target\":[\"https:\/\/www.vegaintro-projekti.com\/pilar-stari\/2017\/11\/asopis-pregled-sadraja\/\"]}]},{\"@type\":\"BreadcrumbList\",\"@id\":\"https:\/\/www.vegaintro-projekti.com\/pilar-stari\/2017\/11\/asopis-pregled-sadraja\/#breadcrumb\",\"itemListElement\":[{\"@type\":\"ListItem\",\"position\":1,\"name\":\"Home\",\"item\":\"https:\/\/www.vegaintro-projekti.com\/pilar-stari\/\"},{\"@type\":\"ListItem\",\"position\":2,\"name\":\"\u010casopis Pilar &#8211; pregled sadr\u017eaja\"}]},{\"@type\":\"WebSite\",\"@id\":\"https:\/\/www.vegaintro-projekti.com\/pilar-stari\/#website\",\"url\":\"https:\/\/www.vegaintro-projekti.com\/pilar-stari\/\",\"name\":\"Institut dru&scaron;tvenih znanosti Ivo Pilar\",\"description\":\"Pilar\",\"potentialAction\":[{\"@type\":\"SearchAction\",\"target\":{\"@type\":\"EntryPoint\",\"urlTemplate\":\"https:\/\/www.vegaintro-projekti.com\/pilar-stari\/?s={search_term_string}\"},\"query-input\":\"required name=search_term_string\"}],\"inLanguage\":\"hr\"},{\"@type\":\"Person\",\"@id\":\"https:\/\/www.vegaintro-projekti.com\/pilar-stari\/#\/schema\/person\/c0db50ebd77c4409e19b18044bbf10c1\",\"name\":\"pilar-admin\",\"image\":{\"@type\":\"ImageObject\",\"inLanguage\":\"hr\",\"@id\":\"https:\/\/www.vegaintro-projekti.com\/pilar-stari\/#\/schema\/person\/image\/\",\"url\":\"https:\/\/secure.gravatar.com\/avatar\/fac9e03c4db0011b9c1ad8b5e9c74b8c?s=96&d=mm&r=g\",\"contentUrl\":\"https:\/\/secure.gravatar.com\/avatar\/fac9e03c4db0011b9c1ad8b5e9c74b8c?s=96&d=mm&r=g\",\"caption\":\"pilar-admin\"},\"url\":\"https:\/\/www.vegaintro-projekti.com\/pilar-stari\/author\/pilar-admin\/\"}]}<\/script>\n<!-- \/ Yoast SEO plugin. -->","yoast_head_json":{"title":"\u010casopis Pilar - pregled sadr\u017eaja - Institut dru&scaron;tvenih znanosti Ivo Pilar","robots":{"index":"noindex","follow":"follow","max-snippet":"max-snippet:-1","max-image-preview":"max-image-preview:large","max-video-preview":"max-video-preview:-1"},"og_locale":"hr_HR","og_type":"article","og_title":"\u010casopis Pilar - pregled sadr\u017eaja - Institut dru&scaron;tvenih znanosti Ivo Pilar","og_description":"&nbsp; \u25cf&nbsp;Godi\u0161te I. (2006.), broj 1&nbsp;(1) \u25cf&nbsp;Godi\u0161te I. (2006.), broj 2 (2): international edition \u25cf&nbsp;Godi\u0161te II. (2007.), broj&nbsp;1 (3) \u25cf&nbsp;Godi\u0161te II. (2007.), broj 2 (4) \u25cf Godi\u0161te III. (2008.), broj&nbsp;1 (5) \u25cf&nbsp;Godi\u0161te III. (2008.), broj&nbsp;2 (6) \u25cf&nbsp;Godi\u0161te IV. (2009.), broj&nbsp;1-2 (7-8): international edition \u25cf&nbsp;Godi\u0161te V. (2010.), broj&nbsp;1 (9) \u25cf Godi\u0161te V. (2010.), broj 2 (10)&hellip; Pro\u010ditaj vi\u0161e o \u010casopis Pilar &#8211; pregled sadr\u017eaja","og_url":"https:\/\/www.vegaintro-projekti.com\/pilar-stari\/2017\/11\/asopis-pregled-sadraja\/","og_site_name":"Institut dru&scaron;tvenih znanosti Ivo Pilar","article_published_time":"2017-11-26T21:42:59+00:00","article_modified_time":"2025-04-13T14:00:19+00:00","author":"pilar-admin","twitter_card":"summary_large_image","twitter_misc":{"Napisao\/la":"pilar-admin","Procijenjeno vrijeme \u010ditanja":"28 minuta"},"schema":{"@context":"https:\/\/schema.org","@graph":[{"@type":"WebPage","@id":"https:\/\/www.vegaintro-projekti.com\/pilar-stari\/2017\/11\/asopis-pregled-sadraja\/","url":"https:\/\/www.vegaintro-projekti.com\/pilar-stari\/2017\/11\/asopis-pregled-sadraja\/","name":"\u010casopis Pilar - pregled sadr\u017eaja - Institut dru&scaron;tvenih znanosti Ivo Pilar","isPartOf":{"@id":"https:\/\/www.vegaintro-projekti.com\/pilar-stari\/#website"},"datePublished":"2017-11-26T21:42:59+00:00","dateModified":"2025-04-13T14:00:19+00:00","author":{"@id":"https:\/\/www.vegaintro-projekti.com\/pilar-stari\/#\/schema\/person\/c0db50ebd77c4409e19b18044bbf10c1"},"breadcrumb":{"@id":"https:\/\/www.vegaintro-projekti.com\/pilar-stari\/2017\/11\/asopis-pregled-sadraja\/#breadcrumb"},"inLanguage":"hr","potentialAction":[{"@type":"ReadAction","target":["https:\/\/www.vegaintro-projekti.com\/pilar-stari\/2017\/11\/asopis-pregled-sadraja\/"]}]},{"@type":"BreadcrumbList","@id":"https:\/\/www.vegaintro-projekti.com\/pilar-stari\/2017\/11\/asopis-pregled-sadraja\/#breadcrumb","itemListElement":[{"@type":"ListItem","position":1,"name":"Home","item":"https:\/\/www.vegaintro-projekti.com\/pilar-stari\/"},{"@type":"ListItem","position":2,"name":"\u010casopis Pilar &#8211; pregled sadr\u017eaja"}]},{"@type":"WebSite","@id":"https:\/\/www.vegaintro-projekti.com\/pilar-stari\/#website","url":"https:\/\/www.vegaintro-projekti.com\/pilar-stari\/","name":"Institut dru&scaron;tvenih znanosti Ivo Pilar","description":"Pilar","potentialAction":[{"@type":"SearchAction","target":{"@type":"EntryPoint","urlTemplate":"https:\/\/www.vegaintro-projekti.com\/pilar-stari\/?s={search_term_string}"},"query-input":"required name=search_term_string"}],"inLanguage":"hr"},{"@type":"Person","@id":"https:\/\/www.vegaintro-projekti.com\/pilar-stari\/#\/schema\/person\/c0db50ebd77c4409e19b18044bbf10c1","name":"pilar-admin","image":{"@type":"ImageObject","inLanguage":"hr","@id":"https:\/\/www.vegaintro-projekti.com\/pilar-stari\/#\/schema\/person\/image\/","url":"https:\/\/secure.gravatar.com\/avatar\/fac9e03c4db0011b9c1ad8b5e9c74b8c?s=96&d=mm&r=g","contentUrl":"https:\/\/secure.gravatar.com\/avatar\/fac9e03c4db0011b9c1ad8b5e9c74b8c?s=96&d=mm&r=g","caption":"pilar-admin"},"url":"https:\/\/www.vegaintro-projekti.com\/pilar-stari\/author\/pilar-admin\/"}]}},"_links":{"self":[{"href":"https:\/\/www.vegaintro-projekti.com\/pilar-stari\/wp-json\/wp\/v2\/posts\/170"}],"collection":[{"href":"https:\/\/www.vegaintro-projekti.com\/pilar-stari\/wp-json\/wp\/v2\/posts"}],"about":[{"href":"https:\/\/www.vegaintro-projekti.com\/pilar-stari\/wp-json\/wp\/v2\/types\/post"}],"author":[{"embeddable":true,"href":"https:\/\/www.vegaintro-projekti.com\/pilar-stari\/wp-json\/wp\/v2\/users\/1"}],"replies":[{"embeddable":true,"href":"https:\/\/www.vegaintro-projekti.com\/pilar-stari\/wp-json\/wp\/v2\/comments?post=170"}],"version-history":[{"count":64,"href":"https:\/\/www.vegaintro-projekti.com\/pilar-stari\/wp-json\/wp\/v2\/posts\/170\/revisions"}],"predecessor-version":[{"id":33572,"href":"https:\/\/www.vegaintro-projekti.com\/pilar-stari\/wp-json\/wp\/v2\/posts\/170\/revisions\/33572"}],"wp:attachment":[{"href":"https:\/\/www.vegaintro-projekti.com\/pilar-stari\/wp-json\/wp\/v2\/media?parent=170"}],"wp:term":[{"taxonomy":"category","embeddable":true,"href":"https:\/\/www.vegaintro-projekti.com\/pilar-stari\/wp-json\/wp\/v2\/categories?post=170"},{"taxonomy":"post_tag","embeddable":true,"href":"https:\/\/www.vegaintro-projekti.com\/pilar-stari\/wp-json\/wp\/v2\/tags?post=170"}],"curies":[{"name":"wp","href":"https:\/\/api.w.org\/{rel}","templated":true}]}}