{"id":17258,"date":"2020-12-10T14:24:03","date_gmt":"2020-12-10T14:24:03","guid":{"rendered":"https:\/\/www.vegaintro-projekti.com\/pilar-stari\/?p=17258"},"modified":"2020-12-10T14:30:08","modified_gmt":"2020-12-10T14:30:08","slug":"kako-beskucnici-prezivljavaju-u-epidemiji-razgovor-s-paulom-greiner-i-suzanom-sakic","status":"publish","type":"post","link":"https:\/\/www.vegaintro-projekti.com\/pilar-stari\/2020\/12\/kako-beskucnici-prezivljavaju-u-epidemiji-razgovor-s-paulom-greiner-i-suzanom-sakic\/","title":{"rendered":"Kako besku\u0107nici pre\u017eivljavaju u epidemiji \u2013 Razgovor s Paulom Greiner i Suzanom Saki\u0107"},"content":{"rendered":"<p><strong>Inkluzija &#8211; Prilog Vijenca za promicanje socijalne uklju\u010denosti u 3. broju od 3. prosinca objavljuje razgovor s Paulom Greiner i Suzanom Saki\u0107 pod naslovom &#8220;Kako besku\u0107nici pre\u017eivljavaju u epidemiji&#8221;<\/strong>. &#8211; <a href=\"https:\/\/www.matica.hr\/inkluzija\/3\/kako-beskucnici-prezivljavaju-u-epidemiji-31035\/\">Inkluzija<\/a><\/p>\n<p><img decoding=\"async\" loading=\"lazy\" class=\"alignnone wp-image-17254 size-full\" src=\"https:\/\/www.vegaintro-projekti.com\/pilar-stari\/wp-content\/uploads\/2020\/12\/beskucnik_large.jpg\" alt=\"\" width=\"620\" height=\"246\" srcset=\"https:\/\/www.vegaintro-projekti.com\/pilar-stari\/wp-content\/uploads\/2020\/12\/beskucnik_large.jpg 620w, https:\/\/www.vegaintro-projekti.com\/pilar-stari\/wp-content\/uploads\/2020\/12\/beskucnik_large-300x119.jpg 300w\" sizes=\"(max-width: 620px) 100vw, 620px\" \/><a href=\"https:\/\/www.vegaintro-projekti.com\/pilar-stari\/wp-content\/uploads\/2020\/12\/inkluzija_03.jpg\"><img decoding=\"async\" loading=\"lazy\" class=\"alignnone wp-image-17257 size-full\" src=\"https:\/\/www.vegaintro-projekti.com\/pilar-stari\/wp-content\/uploads\/2020\/12\/inkluzija_03_glava.jpg\" alt=\"\" width=\"620\" height=\"173\" srcset=\"https:\/\/www.vegaintro-projekti.com\/pilar-stari\/wp-content\/uploads\/2020\/12\/inkluzija_03_glava.jpg 620w, https:\/\/www.vegaintro-projekti.com\/pilar-stari\/wp-content\/uploads\/2020\/12\/inkluzija_03_glava-300x84.jpg 300w\" sizes=\"(max-width: 620px) 100vw, 620px\" \/><\/a><\/p>\n<p>U sklopu projekta CSRP projekta <strong>Exploring Homelessness and Pathways to Social Inclusion: A Comparative Study of Contexts and Challenges in Swiss and Croatian Cities<\/strong> (No. IZHRZO_180631\/1), Paula Greiner i Suzana Saki\u0107 provele su istra\u017eivanje o utjecaju COVID-19 pandemije na osobe u besku\u0107ni\u0161tvu u Zagrebu. O saznanjima iz istra\u017eivanja o utjecaju COVID pandemije, ali i istra\u017eivanja op\u0107enito, kao i o njihovim iskustvima objavljen je \u010dlanak u Inkluziji, prilogu koji izlazi u sklopu \u010dasopisa Vijenac, koji izdaje Matica Hrvatska.<\/p>\n<p>&#8211; <strong>Poveznica na \u010dlanak:<\/strong> <a href=\"https:\/\/www.matica.hr\/inkluzija\/3\/kako-beskucnici-prezivljavaju-u-epidemiji-31035\/\">https:\/\/www.matica.hr\/inkluzija\/3\/kako-beskucnici-prezivljavaju-u-epidemiji-31035\/<\/a><\/p>\n<p><span style=\"font-size: 14pt;\">How homeless people survive the epidemic &#8211; interview with Paula Greiner and Suzana Saki\u0107 published in Vijenac<\/span><\/p>\n<p><em>As part of a CSRP project <strong>Exploring Homelessness and Pathways to Social Inclusion: A Comparative Study of Contexts and Challenges in Swiss and Croatian Cities<\/strong> (No. IZHRZO_180631 \/ 1), Paula Greiner and Suzana Saki\u0107 conducted research on the impact of the COVID-19 pandemic on homeless people in Zagreb. An article that highlights some of their research findings about the impact of the COVID pandemic, but also research in general and their experiences was recently published in Inclusion that is part of the Vijenac magazine, published by Matica Hrvatska.<\/em><\/p>\n<p><strong>&#8211; Link to the article:<\/strong> <a href=\"https:\/\/www.matica.hr\/inkluzija\/3\/kako-beskucnici-prezivljavaju-u-epidemiji-31035\/\">https:\/\/www.matica.hr\/inkluzija\/3\/kako-beskucnici-prezivljavaju-u-epidemiji-31035\/<\/a><\/p>\n<blockquote><p><a href=\"https:\/\/www.vegaintro-projekti.com\/pilar-stari\/2019\/07\/istrazivanje-beskucnistva-i-puteva-do-socijalne-inkluzije-komparativna-studija-konteksta-i-izazova-u-svicarskim-i-hrvatskim-gradovima\/\">Projekt CSRP: Istra\u017eivanje besku\u0107ni\u0161tva i puteva do socijalne inkluzije<\/a><\/p><\/blockquote>\n","protected":false},"excerpt":{"rendered":"<p>Inkluzija &#8211; Prilog Vijenca za promicanje socijalne uklju\u010denosti u 3. broju od 3. prosinca objavljuje razgovor s Paulom Greiner i Suzanom Saki\u0107 pod naslovom &#8220;Kako besku\u0107nici pre\u017eivljavaju u epidemiji&#8221;. &#8211; Inkluzija U sklopu projekta CSRP projekta Exploring Homelessness and Pathways to Social Inclusion: A Comparative Study of Contexts and Challenges in Swiss and Croatian Cities&hellip; <a class=\"continue\" href=\"https:\/\/www.vegaintro-projekti.com\/pilar-stari\/2020\/12\/kako-beskucnici-prezivljavaju-u-epidemiji-razgovor-s-paulom-greiner-i-suzanom-sakic\/\">Pro\u010ditaj vi\u0161e o<span> Kako besku\u0107nici pre\u017eivljavaju u epidemiji \u2013 Razgovor s Paulom Greiner i Suzanom Saki\u0107<\/span><\/a><\/p>\n","protected":false},"author":7,"featured_media":17255,"comment_status":"closed","ping_status":"closed","sticky":false,"template":"","format":"standard","meta":{"inline_featured_image":false,"ngg_post_thumbnail":0,"footnotes":""},"categories":[48,12],"tags":[],"yoast_head":"<!-- This site is optimized with the Yoast SEO plugin v21.2 - https:\/\/yoast.com\/wordpress\/plugins\/seo\/ -->\n<title>Kako besku\u0107nici pre\u017eivljavaju u epidemiji \u2013 Razgovor s Paulom Greiner i Suzanom Saki\u0107 - Institut dru&scaron;tvenih znanosti Ivo Pilar<\/title>\n<meta name=\"robots\" content=\"noindex, follow, max-snippet:-1, max-image-preview:large, max-video-preview:-1\" \/>\n<meta property=\"og:locale\" content=\"hr_HR\" \/>\n<meta property=\"og:type\" content=\"article\" \/>\n<meta property=\"og:title\" content=\"Kako besku\u0107nici pre\u017eivljavaju u epidemiji \u2013 Razgovor s Paulom Greiner i Suzanom Saki\u0107 - Institut dru&scaron;tvenih znanosti Ivo Pilar\" \/>\n<meta property=\"og:description\" content=\"Inkluzija &#8211; Prilog Vijenca za promicanje socijalne uklju\u010denosti u 3. broju od 3. prosinca objavljuje razgovor s Paulom Greiner i Suzanom Saki\u0107 pod naslovom &#8220;Kako besku\u0107nici pre\u017eivljavaju u epidemiji&#8221;. &#8211; Inkluzija U sklopu projekta CSRP projekta Exploring Homelessness and Pathways to Social Inclusion: A Comparative Study of Contexts and Challenges in Swiss and Croatian Cities&hellip; Pro\u010ditaj vi\u0161e o Kako besku\u0107nici pre\u017eivljavaju u epidemiji \u2013 Razgovor s Paulom Greiner i Suzanom Saki\u0107\" \/>\n<meta property=\"og:url\" content=\"https:\/\/www.vegaintro-projekti.com\/pilar-stari\/2020\/12\/kako-beskucnici-prezivljavaju-u-epidemiji-razgovor-s-paulom-greiner-i-suzanom-sakic\/\" \/>\n<meta property=\"og:site_name\" content=\"Institut dru&scaron;tvenih znanosti Ivo Pilar\" \/>\n<meta property=\"article:published_time\" content=\"2020-12-10T14:24:03+00:00\" \/>\n<meta property=\"article:modified_time\" content=\"2020-12-10T14:30:08+00:00\" \/>\n<meta property=\"og:image\" content=\"https:\/\/www.vegaintro-projekti.com\/pilar-stari\/wp-content\/uploads\/2020\/12\/beskucnik_large_fi.jpg\" \/>\n\t<meta property=\"og:image:width\" content=\"620\" \/>\n\t<meta property=\"og:image:height\" content=\"297\" \/>\n\t<meta property=\"og:image:type\" content=\"image\/jpeg\" \/>\n<meta name=\"author\" content=\"Boris\" \/>\n<meta name=\"twitter:card\" content=\"summary_large_image\" \/>\n<meta name=\"twitter:label1\" content=\"Napisao\/la\" \/>\n\t<meta name=\"twitter:data1\" content=\"Boris\" \/>\n\t<meta name=\"twitter:label2\" content=\"Procijenjeno vrijeme \u010ditanja\" \/>\n\t<meta name=\"twitter:data2\" content=\"1 minuta\" \/>\n<script type=\"application\/ld+json\" class=\"yoast-schema-graph\">{\"@context\":\"https:\/\/schema.org\",\"@graph\":[{\"@type\":\"WebPage\",\"@id\":\"https:\/\/www.vegaintro-projekti.com\/pilar-stari\/2020\/12\/kako-beskucnici-prezivljavaju-u-epidemiji-razgovor-s-paulom-greiner-i-suzanom-sakic\/\",\"url\":\"https:\/\/www.vegaintro-projekti.com\/pilar-stari\/2020\/12\/kako-beskucnici-prezivljavaju-u-epidemiji-razgovor-s-paulom-greiner-i-suzanom-sakic\/\",\"name\":\"Kako besku\u0107nici pre\u017eivljavaju u epidemiji \u2013 Razgovor s Paulom Greiner i Suzanom Saki\u0107 - Institut dru&scaron;tvenih znanosti Ivo Pilar\",\"isPartOf\":{\"@id\":\"https:\/\/www.vegaintro-projekti.com\/pilar-stari\/#website\"},\"datePublished\":\"2020-12-10T14:24:03+00:00\",\"dateModified\":\"2020-12-10T14:30:08+00:00\",\"author\":{\"@id\":\"https:\/\/www.vegaintro-projekti.com\/pilar-stari\/#\/schema\/person\/ddd404c9f1e15e4ffef5986ac6a5d28b\"},\"breadcrumb\":{\"@id\":\"https:\/\/www.vegaintro-projekti.com\/pilar-stari\/2020\/12\/kako-beskucnici-prezivljavaju-u-epidemiji-razgovor-s-paulom-greiner-i-suzanom-sakic\/#breadcrumb\"},\"inLanguage\":\"hr\",\"potentialAction\":[{\"@type\":\"ReadAction\",\"target\":[\"https:\/\/www.vegaintro-projekti.com\/pilar-stari\/2020\/12\/kako-beskucnici-prezivljavaju-u-epidemiji-razgovor-s-paulom-greiner-i-suzanom-sakic\/\"]}]},{\"@type\":\"BreadcrumbList\",\"@id\":\"https:\/\/www.vegaintro-projekti.com\/pilar-stari\/2020\/12\/kako-beskucnici-prezivljavaju-u-epidemiji-razgovor-s-paulom-greiner-i-suzanom-sakic\/#breadcrumb\",\"itemListElement\":[{\"@type\":\"ListItem\",\"position\":1,\"name\":\"Home\",\"item\":\"https:\/\/www.vegaintro-projekti.com\/pilar-stari\/\"},{\"@type\":\"ListItem\",\"position\":2,\"name\":\"Kako besku\u0107nici pre\u017eivljavaju u epidemiji \u2013 Razgovor s Paulom Greiner i Suzanom Saki\u0107\"}]},{\"@type\":\"WebSite\",\"@id\":\"https:\/\/www.vegaintro-projekti.com\/pilar-stari\/#website\",\"url\":\"https:\/\/www.vegaintro-projekti.com\/pilar-stari\/\",\"name\":\"Institut dru&scaron;tvenih znanosti Ivo Pilar\",\"description\":\"Pilar\",\"potentialAction\":[{\"@type\":\"SearchAction\",\"target\":{\"@type\":\"EntryPoint\",\"urlTemplate\":\"https:\/\/www.vegaintro-projekti.com\/pilar-stari\/?s={search_term_string}\"},\"query-input\":\"required name=search_term_string\"}],\"inLanguage\":\"hr\"},{\"@type\":\"Person\",\"@id\":\"https:\/\/www.vegaintro-projekti.com\/pilar-stari\/#\/schema\/person\/ddd404c9f1e15e4ffef5986ac6a5d28b\",\"name\":\"Boris\",\"image\":{\"@type\":\"ImageObject\",\"inLanguage\":\"hr\",\"@id\":\"https:\/\/www.vegaintro-projekti.com\/pilar-stari\/#\/schema\/person\/image\/\",\"url\":\"https:\/\/secure.gravatar.com\/avatar\/29557b161a6ce6ab86ac1503164f1e90?s=96&d=mm&r=g\",\"contentUrl\":\"https:\/\/secure.gravatar.com\/avatar\/29557b161a6ce6ab86ac1503164f1e90?s=96&d=mm&r=g\",\"caption\":\"Boris\"},\"url\":\"https:\/\/www.vegaintro-projekti.com\/pilar-stari\/author\/boris\/\"}]}<\/script>\n<!-- \/ Yoast SEO plugin. -->","yoast_head_json":{"title":"Kako besku\u0107nici pre\u017eivljavaju u epidemiji \u2013 Razgovor s Paulom Greiner i Suzanom Saki\u0107 - Institut dru&scaron;tvenih znanosti Ivo Pilar","robots":{"index":"noindex","follow":"follow","max-snippet":"max-snippet:-1","max-image-preview":"max-image-preview:large","max-video-preview":"max-video-preview:-1"},"og_locale":"hr_HR","og_type":"article","og_title":"Kako besku\u0107nici pre\u017eivljavaju u epidemiji \u2013 Razgovor s Paulom Greiner i Suzanom Saki\u0107 - Institut dru&scaron;tvenih znanosti Ivo Pilar","og_description":"Inkluzija &#8211; Prilog Vijenca za promicanje socijalne uklju\u010denosti u 3. broju od 3. prosinca objavljuje razgovor s Paulom Greiner i Suzanom Saki\u0107 pod naslovom &#8220;Kako besku\u0107nici pre\u017eivljavaju u epidemiji&#8221;. &#8211; Inkluzija U sklopu projekta CSRP projekta Exploring Homelessness and Pathways to Social Inclusion: A Comparative Study of Contexts and Challenges in Swiss and Croatian Cities&hellip; Pro\u010ditaj vi\u0161e o Kako besku\u0107nici pre\u017eivljavaju u epidemiji \u2013 Razgovor s Paulom Greiner i Suzanom Saki\u0107","og_url":"https:\/\/www.vegaintro-projekti.com\/pilar-stari\/2020\/12\/kako-beskucnici-prezivljavaju-u-epidemiji-razgovor-s-paulom-greiner-i-suzanom-sakic\/","og_site_name":"Institut dru&scaron;tvenih znanosti Ivo Pilar","article_published_time":"2020-12-10T14:24:03+00:00","article_modified_time":"2020-12-10T14:30:08+00:00","og_image":[{"width":620,"height":297,"url":"https:\/\/www.vegaintro-projekti.com\/pilar-stari\/wp-content\/uploads\/2020\/12\/beskucnik_large_fi.jpg","type":"image\/jpeg"}],"author":"Boris","twitter_card":"summary_large_image","twitter_misc":{"Napisao\/la":"Boris","Procijenjeno vrijeme \u010ditanja":"1 minuta"},"schema":{"@context":"https:\/\/schema.org","@graph":[{"@type":"WebPage","@id":"https:\/\/www.vegaintro-projekti.com\/pilar-stari\/2020\/12\/kako-beskucnici-prezivljavaju-u-epidemiji-razgovor-s-paulom-greiner-i-suzanom-sakic\/","url":"https:\/\/www.vegaintro-projekti.com\/pilar-stari\/2020\/12\/kako-beskucnici-prezivljavaju-u-epidemiji-razgovor-s-paulom-greiner-i-suzanom-sakic\/","name":"Kako besku\u0107nici pre\u017eivljavaju u epidemiji \u2013 Razgovor s Paulom Greiner i Suzanom Saki\u0107 - Institut dru&scaron;tvenih znanosti Ivo Pilar","isPartOf":{"@id":"https:\/\/www.vegaintro-projekti.com\/pilar-stari\/#website"},"datePublished":"2020-12-10T14:24:03+00:00","dateModified":"2020-12-10T14:30:08+00:00","author":{"@id":"https:\/\/www.vegaintro-projekti.com\/pilar-stari\/#\/schema\/person\/ddd404c9f1e15e4ffef5986ac6a5d28b"},"breadcrumb":{"@id":"https:\/\/www.vegaintro-projekti.com\/pilar-stari\/2020\/12\/kako-beskucnici-prezivljavaju-u-epidemiji-razgovor-s-paulom-greiner-i-suzanom-sakic\/#breadcrumb"},"inLanguage":"hr","potentialAction":[{"@type":"ReadAction","target":["https:\/\/www.vegaintro-projekti.com\/pilar-stari\/2020\/12\/kako-beskucnici-prezivljavaju-u-epidemiji-razgovor-s-paulom-greiner-i-suzanom-sakic\/"]}]},{"@type":"BreadcrumbList","@id":"https:\/\/www.vegaintro-projekti.com\/pilar-stari\/2020\/12\/kako-beskucnici-prezivljavaju-u-epidemiji-razgovor-s-paulom-greiner-i-suzanom-sakic\/#breadcrumb","itemListElement":[{"@type":"ListItem","position":1,"name":"Home","item":"https:\/\/www.vegaintro-projekti.com\/pilar-stari\/"},{"@type":"ListItem","position":2,"name":"Kako besku\u0107nici pre\u017eivljavaju u epidemiji \u2013 Razgovor s Paulom Greiner i Suzanom Saki\u0107"}]},{"@type":"WebSite","@id":"https:\/\/www.vegaintro-projekti.com\/pilar-stari\/#website","url":"https:\/\/www.vegaintro-projekti.com\/pilar-stari\/","name":"Institut dru&scaron;tvenih znanosti Ivo Pilar","description":"Pilar","potentialAction":[{"@type":"SearchAction","target":{"@type":"EntryPoint","urlTemplate":"https:\/\/www.vegaintro-projekti.com\/pilar-stari\/?s={search_term_string}"},"query-input":"required name=search_term_string"}],"inLanguage":"hr"},{"@type":"Person","@id":"https:\/\/www.vegaintro-projekti.com\/pilar-stari\/#\/schema\/person\/ddd404c9f1e15e4ffef5986ac6a5d28b","name":"Boris","image":{"@type":"ImageObject","inLanguage":"hr","@id":"https:\/\/www.vegaintro-projekti.com\/pilar-stari\/#\/schema\/person\/image\/","url":"https:\/\/secure.gravatar.com\/avatar\/29557b161a6ce6ab86ac1503164f1e90?s=96&d=mm&r=g","contentUrl":"https:\/\/secure.gravatar.com\/avatar\/29557b161a6ce6ab86ac1503164f1e90?s=96&d=mm&r=g","caption":"Boris"},"url":"https:\/\/www.vegaintro-projekti.com\/pilar-stari\/author\/boris\/"}]}},"_links":{"self":[{"href":"https:\/\/www.vegaintro-projekti.com\/pilar-stari\/wp-json\/wp\/v2\/posts\/17258"}],"collection":[{"href":"https:\/\/www.vegaintro-projekti.com\/pilar-stari\/wp-json\/wp\/v2\/posts"}],"about":[{"href":"https:\/\/www.vegaintro-projekti.com\/pilar-stari\/wp-json\/wp\/v2\/types\/post"}],"author":[{"embeddable":true,"href":"https:\/\/www.vegaintro-projekti.com\/pilar-stari\/wp-json\/wp\/v2\/users\/7"}],"replies":[{"embeddable":true,"href":"https:\/\/www.vegaintro-projekti.com\/pilar-stari\/wp-json\/wp\/v2\/comments?post=17258"}],"version-history":[{"count":3,"href":"https:\/\/www.vegaintro-projekti.com\/pilar-stari\/wp-json\/wp\/v2\/posts\/17258\/revisions"}],"predecessor-version":[{"id":17261,"href":"https:\/\/www.vegaintro-projekti.com\/pilar-stari\/wp-json\/wp\/v2\/posts\/17258\/revisions\/17261"}],"wp:featuredmedia":[{"embeddable":true,"href":"https:\/\/www.vegaintro-projekti.com\/pilar-stari\/wp-json\/wp\/v2\/media\/17255"}],"wp:attachment":[{"href":"https:\/\/www.vegaintro-projekti.com\/pilar-stari\/wp-json\/wp\/v2\/media?parent=17258"}],"wp:term":[{"taxonomy":"category","embeddable":true,"href":"https:\/\/www.vegaintro-projekti.com\/pilar-stari\/wp-json\/wp\/v2\/categories?post=17258"},{"taxonomy":"post_tag","embeddable":true,"href":"https:\/\/www.vegaintro-projekti.com\/pilar-stari\/wp-json\/wp\/v2\/tags?post=17258"}],"curies":[{"name":"wp","href":"https:\/\/api.w.org\/{rel}","templated":true}]}}